{"id":8930,"date":"2026-01-12T20:58:18","date_gmt":"2026-01-12T23:58:18","guid":{"rendered":"https:\/\/compartilhabahia.com.br\/?p=8930"},"modified":"2026-01-12T20:58:20","modified_gmt":"2026-01-12T23:58:20","slug":"boticario-abre-inscricao-para-vaga-efetiva-de-conferente-na-fabrica-de-camacari","status":"publish","type":"post","link":"https:\/\/compartilhabahia.com.br\/index.php\/2026\/01\/12\/boticario-abre-inscricao-para-vaga-efetiva-de-conferente-na-fabrica-de-camacari\/","title":{"rendered":"Botic\u00e1rio abre inscri\u00e7\u00e3o para vaga efetiva de conferente na f\u00e1brica de Cama\u00e7ari"},"content":{"rendered":"\n<p>A seguir link para inscri\u00e7\u00e3o<\/p>\n\n\n\n<p><a href=\"https:\/\/grupoboticario.gupy.io\/jobs\/10633774?jobBoardSource=gupy_public_page\">P\u00e1gina da Vaga | Conferente &#8211; Cama\u00e7ari\/BA<\/a><\/p>\n","protected":false},"excerpt":{"rendered":"<p>A seguir link para inscri\u00e7\u00e3o P\u00e1gina da Vaga | Conferente &#8211; Cama\u00e7ari\/BA<\/p>\n","protected":false},"author":1,"featured_media":8931,"comment_status":"open","ping_status":"open","sticky":false,"template":"","format":"standard","meta":{"footnotes":""},"categories":[8],"tags":[],"class_list":["post-8930","post","type-post","status-publish","format-standard","has-post-thumbnail","hentry","category-camacari"],"yoast_head":"<!-- This site is optimized with the Yoast SEO plugin v21.7 - https:\/\/yoast.com\/wordpress\/plugins\/seo\/ -->\n<title>Botic\u00e1rio abre inscri\u00e7\u00e3o para vaga efetiva de conferente na f\u00e1brica de Cama\u00e7ari - Compartilha Bahia<\/title>\n<meta name=\"robots\" content=\"index, follow, max-snippet:-1, max-image-preview:large, max-video-preview:-1\" \/>\n<link rel=\"canonical\" href=\"https:\/\/compartilhabahia.com.br\/index.php\/2026\/01\/12\/boticario-abre-inscricao-para-vaga-efetiva-de-conferente-na-fabrica-de-camacari\/\" \/>\n<meta property=\"og:locale\" content=\"pt_BR\" \/>\n<meta property=\"og:type\" content=\"article\" \/>\n<meta property=\"og:title\" content=\"Botic\u00e1rio abre inscri\u00e7\u00e3o para vaga efetiva de conferente na f\u00e1brica de Cama\u00e7ari - Compartilha Bahia\" \/>\n<meta property=\"og:description\" content=\"A seguir link para inscri\u00e7\u00e3o P\u00e1gina da Vaga | Conferente &#8211; Cama\u00e7ari\/BA\" \/>\n<meta property=\"og:url\" content=\"https:\/\/compartilhabahia.com.br\/index.php\/2026\/01\/12\/boticario-abre-inscricao-para-vaga-efetiva-de-conferente-na-fabrica-de-camacari\/\" \/>\n<meta property=\"og:site_name\" content=\"Compartilha Bahia\" \/>\n<meta property=\"article:publisher\" content=\"https:\/\/web.facebook.com\/compartilhabahia\" \/>\n<meta property=\"article:published_time\" content=\"2026-01-12T23:58:18+00:00\" \/>\n<meta property=\"article:modified_time\" content=\"2026-01-12T23:58:20+00:00\" \/>\n<meta property=\"og:image\" content=\"https:\/\/compartilhabahia.com.br\/wp-content\/uploads\/2026\/01\/Copia-de-Secretaria-do-desenvolvimento-economico-reune-mais-de-mil-empresarios-em-evento-super-concorrido-31.png\" \/>\n\t<meta property=\"og:image:width\" content=\"1080\" \/>\n\t<meta property=\"og:image:height\" content=\"1350\" \/>\n\t<meta property=\"og:image:type\" content=\"image\/png\" \/>\n<meta name=\"author\" content=\"admin\" \/>\n<meta name=\"twitter:card\" content=\"summary_large_image\" \/>\n<meta name=\"twitter:label1\" content=\"Escrito por\" \/>\n\t<meta name=\"twitter:data1\" content=\"admin\" \/>\n\t<meta name=\"twitter:label2\" content=\"Est. tempo de leitura\" \/>\n\t<meta name=\"twitter:data2\" content=\"1 minuto\" \/>\n<script type=\"application\/ld+json\" class=\"yoast-schema-graph\">{\"@context\":\"https:\/\/schema.org\",\"@graph\":[{\"@type\":\"Article\",\"@id\":\"https:\/\/compartilhabahia.com.br\/index.php\/2026\/01\/12\/boticario-abre-inscricao-para-vaga-efetiva-de-conferente-na-fabrica-de-camacari\/#article\",\"isPartOf\":{\"@id\":\"https:\/\/compartilhabahia.com.br\/index.php\/2026\/01\/12\/boticario-abre-inscricao-para-vaga-efetiva-de-conferente-na-fabrica-de-camacari\/\"},\"author\":{\"name\":\"admin\",\"@id\":\"https:\/\/compartilhabahia.com.br\/#\/schema\/person\/9b4f0c3178793b8248d6686732521c04\"},\"headline\":\"Botic\u00e1rio abre inscri\u00e7\u00e3o para vaga efetiva de conferente na f\u00e1brica de Cama\u00e7ari\",\"datePublished\":\"2026-01-12T23:58:18+00:00\",\"dateModified\":\"2026-01-12T23:58:20+00:00\",\"mainEntityOfPage\":{\"@id\":\"https:\/\/compartilhabahia.com.br\/index.php\/2026\/01\/12\/boticario-abre-inscricao-para-vaga-efetiva-de-conferente-na-fabrica-de-camacari\/\"},\"wordCount\":31,\"commentCount\":0,\"publisher\":{\"@id\":\"https:\/\/compartilhabahia.com.br\/#organization\"},\"articleSection\":[\"Cama\u00e7ari\"],\"inLanguage\":\"pt-BR\",\"potentialAction\":[{\"@type\":\"CommentAction\",\"name\":\"Comment\",\"target\":[\"https:\/\/compartilhabahia.com.br\/index.php\/2026\/01\/12\/boticario-abre-inscricao-para-vaga-efetiva-de-conferente-na-fabrica-de-camacari\/#respond\"]}]},{\"@type\":\"WebPage\",\"@id\":\"https:\/\/compartilhabahia.com.br\/index.php\/2026\/01\/12\/boticario-abre-inscricao-para-vaga-efetiva-de-conferente-na-fabrica-de-camacari\/\",\"url\":\"https:\/\/compartilhabahia.com.br\/index.php\/2026\/01\/12\/boticario-abre-inscricao-para-vaga-efetiva-de-conferente-na-fabrica-de-camacari\/\",\"name\":\"Botic\u00e1rio abre inscri\u00e7\u00e3o para vaga efetiva de conferente na f\u00e1brica de Cama\u00e7ari - Compartilha Bahia\",\"isPartOf\":{\"@id\":\"https:\/\/compartilhabahia.com.br\/#website\"},\"datePublished\":\"2026-01-12T23:58:18+00:00\",\"dateModified\":\"2026-01-12T23:58:20+00:00\",\"breadcrumb\":{\"@id\":\"https:\/\/compartilhabahia.com.br\/index.php\/2026\/01\/12\/boticario-abre-inscricao-para-vaga-efetiva-de-conferente-na-fabrica-de-camacari\/#breadcrumb\"},\"inLanguage\":\"pt-BR\",\"potentialAction\":[{\"@type\":\"ReadAction\",\"target\":[\"https:\/\/compartilhabahia.com.br\/index.php\/2026\/01\/12\/boticario-abre-inscricao-para-vaga-efetiva-de-conferente-na-fabrica-de-camacari\/\"]}]},{\"@type\":\"BreadcrumbList\",\"@id\":\"https:\/\/compartilhabahia.com.br\/index.php\/2026\/01\/12\/boticario-abre-inscricao-para-vaga-efetiva-de-conferente-na-fabrica-de-camacari\/#breadcrumb\",\"itemListElement\":[{\"@type\":\"ListItem\",\"position\":1,\"name\":\"In\u00edcio\",\"item\":\"https:\/\/compartilhabahia.com.br\/\"},{\"@type\":\"ListItem\",\"position\":2,\"name\":\"Botic\u00e1rio abre inscri\u00e7\u00e3o para vaga efetiva de conferente na f\u00e1brica de Cama\u00e7ari\"}]},{\"@type\":\"WebSite\",\"@id\":\"https:\/\/compartilhabahia.com.br\/#website\",\"url\":\"https:\/\/compartilhabahia.com.br\/\",\"name\":\"Compartilha Bahia\",\"description\":\"\",\"publisher\":{\"@id\":\"https:\/\/compartilhabahia.com.br\/#organization\"},\"potentialAction\":[{\"@type\":\"SearchAction\",\"target\":{\"@type\":\"EntryPoint\",\"urlTemplate\":\"https:\/\/compartilhabahia.com.br\/?s={search_term_string}\"},\"query-input\":\"required name=search_term_string\"}],\"inLanguage\":\"pt-BR\"},{\"@type\":\"Organization\",\"@id\":\"https:\/\/compartilhabahia.com.br\/#organization\",\"name\":\"Compartilha Bahia\",\"url\":\"https:\/\/compartilhabahia.com.br\/\",\"logo\":{\"@type\":\"ImageObject\",\"inLanguage\":\"pt-BR\",\"@id\":\"https:\/\/compartilhabahia.com.br\/#\/schema\/logo\/image\/\",\"url\":\"https:\/\/compartilhabahia.com.br\/wp-content\/uploads\/2023\/12\/cropped-logo.png\",\"contentUrl\":\"https:\/\/compartilhabahia.com.br\/wp-content\/uploads\/2023\/12\/cropped-logo.png\",\"width\":300,\"height\":106,\"caption\":\"Compartilha Bahia\"},\"image\":{\"@id\":\"https:\/\/compartilhabahia.com.br\/#\/schema\/logo\/image\/\"},\"sameAs\":[\"https:\/\/web.facebook.com\/compartilhabahia\",\"https:\/\/www.instagram.com\/compartilhabahia\/\"]},{\"@type\":\"Person\",\"@id\":\"https:\/\/compartilhabahia.com.br\/#\/schema\/person\/9b4f0c3178793b8248d6686732521c04\",\"name\":\"admin\",\"image\":{\"@type\":\"ImageObject\",\"inLanguage\":\"pt-BR\",\"@id\":\"https:\/\/compartilhabahia.com.br\/#\/schema\/person\/image\/\",\"url\":\"https:\/\/secure.gravatar.com\/avatar\/9600df58751c5acbe914c538c03390ef649ea088cb65f84ba09c7ce66988eed6?s=96&d=mm&r=g\",\"contentUrl\":\"https:\/\/secure.gravatar.com\/avatar\/9600df58751c5acbe914c538c03390ef649ea088cb65f84ba09c7ce66988eed6?s=96&d=mm&r=g\",\"caption\":\"admin\"},\"sameAs\":[\"https:\/\/compartilhabahia.com.br\"],\"url\":\"https:\/\/compartilhabahia.com.br\/index.php\/author\/compartilhabahia\/\"}]}<\/script>\n<!-- \/ Yoast SEO plugin. -->","yoast_head_json":{"title":"Botic\u00e1rio abre inscri\u00e7\u00e3o para vaga efetiva de conferente na f\u00e1brica de Cama\u00e7ari - Compartilha Bahia","robots":{"index":"index","follow":"follow","max-snippet":"max-snippet:-1","max-image-preview":"max-image-preview:large","max-video-preview":"max-video-preview:-1"},"canonical":"https:\/\/compartilhabahia.com.br\/index.php\/2026\/01\/12\/boticario-abre-inscricao-para-vaga-efetiva-de-conferente-na-fabrica-de-camacari\/","og_locale":"pt_BR","og_type":"article","og_title":"Botic\u00e1rio abre inscri\u00e7\u00e3o para vaga efetiva de conferente na f\u00e1brica de Cama\u00e7ari - Compartilha Bahia","og_description":"A seguir link para inscri\u00e7\u00e3o P\u00e1gina da Vaga | Conferente &#8211; Cama\u00e7ari\/BA","og_url":"https:\/\/compartilhabahia.com.br\/index.php\/2026\/01\/12\/boticario-abre-inscricao-para-vaga-efetiva-de-conferente-na-fabrica-de-camacari\/","og_site_name":"Compartilha Bahia","article_publisher":"https:\/\/web.facebook.com\/compartilhabahia","article_published_time":"2026-01-12T23:58:18+00:00","article_modified_time":"2026-01-12T23:58:20+00:00","og_image":[{"width":1080,"height":1350,"url":"https:\/\/compartilhabahia.com.br\/wp-content\/uploads\/2026\/01\/Copia-de-Secretaria-do-desenvolvimento-economico-reune-mais-de-mil-empresarios-em-evento-super-concorrido-31.png","type":"image\/png"}],"author":"admin","twitter_card":"summary_large_image","twitter_misc":{"Escrito por":"admin","Est. tempo de leitura":"1 minuto"},"schema":{"@context":"https:\/\/schema.org","@graph":[{"@type":"Article","@id":"https:\/\/compartilhabahia.com.br\/index.php\/2026\/01\/12\/boticario-abre-inscricao-para-vaga-efetiva-de-conferente-na-fabrica-de-camacari\/#article","isPartOf":{"@id":"https:\/\/compartilhabahia.com.br\/index.php\/2026\/01\/12\/boticario-abre-inscricao-para-vaga-efetiva-de-conferente-na-fabrica-de-camacari\/"},"author":{"name":"admin","@id":"https:\/\/compartilhabahia.com.br\/#\/schema\/person\/9b4f0c3178793b8248d6686732521c04"},"headline":"Botic\u00e1rio abre inscri\u00e7\u00e3o para vaga efetiva de conferente na f\u00e1brica de Cama\u00e7ari","datePublished":"2026-01-12T23:58:18+00:00","dateModified":"2026-01-12T23:58:20+00:00","mainEntityOfPage":{"@id":"https:\/\/compartilhabahia.com.br\/index.php\/2026\/01\/12\/boticario-abre-inscricao-para-vaga-efetiva-de-conferente-na-fabrica-de-camacari\/"},"wordCount":31,"commentCount":0,"publisher":{"@id":"https:\/\/compartilhabahia.com.br\/#organization"},"articleSection":["Cama\u00e7ari"],"inLanguage":"pt-BR","potentialAction":[{"@type":"CommentAction","name":"Comment","target":["https:\/\/compartilhabahia.com.br\/index.php\/2026\/01\/12\/boticario-abre-inscricao-para-vaga-efetiva-de-conferente-na-fabrica-de-camacari\/#respond"]}]},{"@type":"WebPage","@id":"https:\/\/compartilhabahia.com.br\/index.php\/2026\/01\/12\/boticario-abre-inscricao-para-vaga-efetiva-de-conferente-na-fabrica-de-camacari\/","url":"https:\/\/compartilhabahia.com.br\/index.php\/2026\/01\/12\/boticario-abre-inscricao-para-vaga-efetiva-de-conferente-na-fabrica-de-camacari\/","name":"Botic\u00e1rio abre inscri\u00e7\u00e3o para vaga efetiva de conferente na f\u00e1brica de Cama\u00e7ari - Compartilha Bahia","isPartOf":{"@id":"https:\/\/compartilhabahia.com.br\/#website"},"datePublished":"2026-01-12T23:58:18+00:00","dateModified":"2026-01-12T23:58:20+00:00","breadcrumb":{"@id":"https:\/\/compartilhabahia.com.br\/index.php\/2026\/01\/12\/boticario-abre-inscricao-para-vaga-efetiva-de-conferente-na-fabrica-de-camacari\/#breadcrumb"},"inLanguage":"pt-BR","potentialAction":[{"@type":"ReadAction","target":["https:\/\/compartilhabahia.com.br\/index.php\/2026\/01\/12\/boticario-abre-inscricao-para-vaga-efetiva-de-conferente-na-fabrica-de-camacari\/"]}]},{"@type":"BreadcrumbList","@id":"https:\/\/compartilhabahia.com.br\/index.php\/2026\/01\/12\/boticario-abre-inscricao-para-vaga-efetiva-de-conferente-na-fabrica-de-camacari\/#breadcrumb","itemListElement":[{"@type":"ListItem","position":1,"name":"In\u00edcio","item":"https:\/\/compartilhabahia.com.br\/"},{"@type":"ListItem","position":2,"name":"Botic\u00e1rio abre inscri\u00e7\u00e3o para vaga efetiva de conferente na f\u00e1brica de Cama\u00e7ari"}]},{"@type":"WebSite","@id":"https:\/\/compartilhabahia.com.br\/#website","url":"https:\/\/compartilhabahia.com.br\/","name":"Compartilha Bahia","description":"","publisher":{"@id":"https:\/\/compartilhabahia.com.br\/#organization"},"potentialAction":[{"@type":"SearchAction","target":{"@type":"EntryPoint","urlTemplate":"https:\/\/compartilhabahia.com.br\/?s={search_term_string}"},"query-input":"required name=search_term_string"}],"inLanguage":"pt-BR"},{"@type":"Organization","@id":"https:\/\/compartilhabahia.com.br\/#organization","name":"Compartilha Bahia","url":"https:\/\/compartilhabahia.com.br\/","logo":{"@type":"ImageObject","inLanguage":"pt-BR","@id":"https:\/\/compartilhabahia.com.br\/#\/schema\/logo\/image\/","url":"https:\/\/compartilhabahia.com.br\/wp-content\/uploads\/2023\/12\/cropped-logo.png","contentUrl":"https:\/\/compartilhabahia.com.br\/wp-content\/uploads\/2023\/12\/cropped-logo.png","width":300,"height":106,"caption":"Compartilha Bahia"},"image":{"@id":"https:\/\/compartilhabahia.com.br\/#\/schema\/logo\/image\/"},"sameAs":["https:\/\/web.facebook.com\/compartilhabahia","https:\/\/www.instagram.com\/compartilhabahia\/"]},{"@type":"Person","@id":"https:\/\/compartilhabahia.com.br\/#\/schema\/person\/9b4f0c3178793b8248d6686732521c04","name":"admin","image":{"@type":"ImageObject","inLanguage":"pt-BR","@id":"https:\/\/compartilhabahia.com.br\/#\/schema\/person\/image\/","url":"https:\/\/secure.gravatar.com\/avatar\/9600df58751c5acbe914c538c03390ef649ea088cb65f84ba09c7ce66988eed6?s=96&d=mm&r=g","contentUrl":"https:\/\/secure.gravatar.com\/avatar\/9600df58751c5acbe914c538c03390ef649ea088cb65f84ba09c7ce66988eed6?s=96&d=mm&r=g","caption":"admin"},"sameAs":["https:\/\/compartilhabahia.com.br"],"url":"https:\/\/compartilhabahia.com.br\/index.php\/author\/compartilhabahia\/"}]}},"_links":{"self":[{"href":"https:\/\/compartilhabahia.com.br\/index.php\/wp-json\/wp\/v2\/posts\/8930","targetHints":{"allow":["GET"]}}],"collection":[{"href":"https:\/\/compartilhabahia.com.br\/index.php\/wp-json\/wp\/v2\/posts"}],"about":[{"href":"https:\/\/compartilhabahia.com.br\/index.php\/wp-json\/wp\/v2\/types\/post"}],"author":[{"embeddable":true,"href":"https:\/\/compartilhabahia.com.br\/index.php\/wp-json\/wp\/v2\/users\/1"}],"replies":[{"embeddable":true,"href":"https:\/\/compartilhabahia.com.br\/index.php\/wp-json\/wp\/v2\/comments?post=8930"}],"version-history":[{"count":1,"href":"https:\/\/compartilhabahia.com.br\/index.php\/wp-json\/wp\/v2\/posts\/8930\/revisions"}],"predecessor-version":[{"id":8932,"href":"https:\/\/compartilhabahia.com.br\/index.php\/wp-json\/wp\/v2\/posts\/8930\/revisions\/8932"}],"wp:featuredmedia":[{"embeddable":true,"href":"https:\/\/compartilhabahia.com.br\/index.php\/wp-json\/wp\/v2\/media\/8931"}],"wp:attachment":[{"href":"https:\/\/compartilhabahia.com.br\/index.php\/wp-json\/wp\/v2\/media?parent=8930"}],"wp:term":[{"taxonomy":"category","embeddable":true,"href":"https:\/\/compartilhabahia.com.br\/index.php\/wp-json\/wp\/v2\/categories?post=8930"},{"taxonomy":"post_tag","embeddable":true,"href":"https:\/\/compartilhabahia.com.br\/index.php\/wp-json\/wp\/v2\/tags?post=8930"}],"curies":[{"name":"wp","href":"https:\/\/api.w.org\/{rel}","templated":true}]}}