{"id":8892,"date":"2026-01-09T08:57:20","date_gmt":"2026-01-09T11:57:20","guid":{"rendered":"https:\/\/compartilhabahia.com.br\/?p=8892"},"modified":"2026-01-09T08:57:23","modified_gmt":"2026-01-09T11:57:23","slug":"janeiro-branco-saude-mental-no-trabalho-exige-mais-escuta-menos-ego-e-ambientes-mais-humanos-afirma-especialista","status":"publish","type":"post","link":"https:\/\/compartilhabahia.com.br\/index.php\/2026\/01\/09\/janeiro-branco-saude-mental-no-trabalho-exige-mais-escuta-menos-ego-e-ambientes-mais-humanos-afirma-especialista\/","title":{"rendered":"Janeiro Branco: Sa\u00fade mental no trabalho exige mais escuta, menos ego e ambientes mais humanos; afirma especialista"},"content":{"rendered":"\n<p>Janeiro Branco: Sa\u00fade mental no trabalho exige mais escuta, menos ego e ambientes mais humanos; afirma especialista<\/p>\n\n\n\n<p>Este m\u00eas \u00e9 marcado pela campanha Janeiro Branco, movimento nacional que convida a sociedade a refletir sobre a import\u00e2ncia da sa\u00fade mental e emocional. No ambiente corporativo, a proposta ganha ainda mais relev\u00e2ncia diante do aumento expressivo de afastamentos do trabalho relacionados a transtornos psicol\u00f3gicos, como ansiedade, depress\u00e3o e S\u00edndrome de Burnout. De acordo com dados do Minist\u00e9rio da Previd\u00eancia Social, mais de 470 mil licen\u00e7as m\u00e9dicas por transtornos mentais foram concedidas no Brasil em 2024, revelando um cen\u00e1rio que exige aten\u00e7\u00e3o urgente das empresas.<\/p>\n\n\n\n<p>\u201cO adoecimento emocional impacta n\u00e3o apenas a produtividade, mas tamb\u00e9m as rela\u00e7\u00f5es interpessoais, o clima organizacional e a qualidade de vida dos trabalhadores\u201d, afirma a m\u00e9dica do trabalho e especialista em Sa\u00fade e Bem-estar, Ana Paula Teixeira, que recentemente lan\u00e7ou o livro \u201cQuando o trabalho d\u00f3i\u201d, dispon\u00edvel na Amazon &#8211; que relata, justamente, como o ambiente corporativo pode impactar negativamente a sa\u00fade dos colaboradores.<\/p>\n\n\n\n<p>Ainda de acordo com a m\u00e9dica, que tamb\u00e9m \u00e9 consultora e idealizadora do \u201cEscutaris\u201d, o Janeiro Branco prop\u00f5e mais do que discursos simb\u00f3licos. \u201cEle convida empresas e trabalhadores a repensarem comportamentos, rotinas e rela\u00e7\u00f5es. Ambientes corporativos saud\u00e1veis s\u00e3o aqueles que estimulam o di\u00e1logo, o respeito, a empatia e a coopera\u00e7\u00e3o &#8211; valores que reduzem conflitos e fortalecem v\u00ednculos\u201d, explica.<\/p>\n\n\n\n<p>\u201cCriar espa\u00e7os de escuta, capacitar lideran\u00e7as para lidar com quest\u00f5es emocionais e incentivar rela\u00e7\u00f5es baseadas no apoio m\u00fatuo s\u00e3o medidas fundamentais. Cercar-se de boas companhias no trabalho, colegas colaborativos, gestores acess\u00edveis e equipes solid\u00e1rias s\u00e3o fatores determinantes para o equil\u00edbrio emocional no dia a dia profissional\u201d, conforme alerta a especialista.<\/p>\n\n\n\n<p>Reflex\u00e3o, prop\u00f3sito e metas que fazem sentido<\/p>\n\n\n\n<p>Mais do que cobran\u00e7as por desempenho ou disputas internas, o Janeiro Branco prop\u00f5e um olhar para dentro. \u00c9 um per\u00edodo oportuno para que cada trabalhador reflita sobre suas metas pessoais e profissionais, baseando-se naquilo que realmente mobiliza o cora\u00e7\u00e3o, gera prop\u00f3sito e bem-estar; e n\u00e3o em frustra\u00e7\u00f5es, compara\u00e7\u00f5es ou egos feridos.<\/p>\n\n\n\n<p>De acordo com Ana Paula Teixeira, quando empresas respeitam esse processo e estimulam o autoconhecimento, contribuem para ambientes mais leves e produtivos. Metas alinhadas a valores pessoais fortalecem o engajamento e reduzem o estresse emocional dos trabalhadores.<\/p>\n\n\n\n<p>Ana Paula Teixeira tamb\u00e9m alerta que o Janeiro Branco deve refor\u00e7ar a ideia de que as empresas devem voltar o olhar aos cuidados com a sa\u00fade mental dos trabalhadores de forma cont\u00ednua e apenas pontual. \u201cEste deve ser um compromisso permanente. As empresas que investem em ambientes emocionalmente seguros constroem equipes mais engajadas, resilientes e produtivas. Promover o bem-estar no trabalho \u00e9, acima de tudo, um exerc\u00edcio de humanidade. Quando h\u00e1 mais empatia, prop\u00f3sito e respeito, todos crescem, pessoas e organiza\u00e7\u00f5es\u201d.<\/p>\n\n\n\n<p>Ana Paula Teixeira tamb\u00e9m alerta que o Janeiro Branco deve refor\u00e7ar a ideia de que as empresas precisam voltar o olhar para os cuidados com a sa\u00fade mental dos trabalhadores de forma cont\u00ednua e n\u00e3o apenas pontual. \u201cEste deve ser um compromisso permanente a partir de 2026, inclusive por uma exig\u00eancia legal com a nova NR-1 que trata do reconhecimento e gerenciamento de tudo que estressa demasiadamente o ambiente de trabalho. As empresas que investem em ambientes emocionalmente seguros constroem equipes mais engajadas, resilientes e produtivas e ainda mitigam passivos trabalhistas. Promover o bem-estar no trabalho \u00e9, acima de tudo, um exerc\u00edcio de humanidade. Quando h\u00e1 mais empatia, prop\u00f3sito e respeito, todos crescem: pessoas e organiza\u00e7\u00f5es\u201d.<\/p>\n\n\n\n<p>Algumas atitudes simples podem transformar o cotidiano corporativo. Abaixo, a especialista cita alguma delas:<\/p>\n\n\n\n<ul class=\"wp-block-list\">\n<li>Reconhecer e mitigar os fatores psicossociais, utilizando question\u00e1rios an\u00f4nimos ou escuta qualificada com especialistas<\/li>\n\n\n\n<li>Praticar a escuta ativa: ouvir com aten\u00e7\u00e3o, sem julgamentos ou interrup\u00e7\u00f5es.<\/li>\n\n\n\n<li>Estimular rela\u00e7\u00f5es respeitosas: diverg\u00eancias n\u00e3o precisam se transformar em conflitos pessoais.<\/li>\n\n\n\n<li>Valorizar o trabalho coletivo: reconhecer esfor\u00e7os individuais e da equipe.<\/li>\n\n\n\n<li>Evitar ambientes competitivos t\u00f3xicos: foco em colabora\u00e7\u00e3o, n\u00e3o em rivalidades.<\/li>\n\n\n\n<li>Respeitar limites emocionais e f\u00edsicos: pausas e equil\u00edbrio s\u00e3o essenciais.<\/li>\n\n\n\n<li>Incentivar h\u00e1bitos saud\u00e1veis: cuidado com o corpo, mente e emo\u00e7\u00f5es.<\/li>\n<\/ul>\n\n\n\n<p><\/p>\n","protected":false},"excerpt":{"rendered":"<p>Janeiro Branco: Sa\u00fade mental no trabalho exige mais escuta, menos ego e ambientes mais humanos; afirma especialista Este m\u00eas \u00e9 marcado pela campanha Janeiro Branco, movimento nacional que convida a sociedade a refletir sobre a import\u00e2ncia da sa\u00fade mental e emocional. No ambiente corporativo, a proposta ganha ainda mais relev\u00e2ncia diante do aumento expressivo de [&hellip;]<\/p>\n","protected":false},"author":1,"featured_media":8893,"comment_status":"open","ping_status":"open","sticky":false,"template":"","format":"standard","meta":{"footnotes":""},"categories":[4],"tags":[],"class_list":["post-8892","post","type-post","status-publish","format-standard","has-post-thumbnail","hentry","category-brasil"],"yoast_head":"<!-- This site is optimized with the Yoast SEO plugin v21.7 - https:\/\/yoast.com\/wordpress\/plugins\/seo\/ -->\n<title>Janeiro Branco: Sa\u00fade mental no trabalho exige mais escuta, menos ego e ambientes mais humanos; afirma especialista - Compartilha Bahia<\/title>\n<meta name=\"robots\" content=\"index, follow, max-snippet:-1, max-image-preview:large, max-video-preview:-1\" \/>\n<link rel=\"canonical\" href=\"https:\/\/compartilhabahia.com.br\/index.php\/2026\/01\/09\/janeiro-branco-saude-mental-no-trabalho-exige-mais-escuta-menos-ego-e-ambientes-mais-humanos-afirma-especialista\/\" \/>\n<meta property=\"og:locale\" content=\"pt_BR\" \/>\n<meta property=\"og:type\" content=\"article\" \/>\n<meta property=\"og:title\" content=\"Janeiro Branco: Sa\u00fade mental no trabalho exige mais escuta, menos ego e ambientes mais humanos; afirma especialista - Compartilha Bahia\" \/>\n<meta property=\"og:description\" content=\"Janeiro Branco: Sa\u00fade mental no trabalho exige mais escuta, menos ego e ambientes mais humanos; afirma especialista Este m\u00eas \u00e9 marcado pela campanha Janeiro Branco, movimento nacional que convida a sociedade a refletir sobre a import\u00e2ncia da sa\u00fade mental e emocional. No ambiente corporativo, a proposta ganha ainda mais relev\u00e2ncia diante do aumento expressivo de [&hellip;]\" \/>\n<meta property=\"og:url\" content=\"https:\/\/compartilhabahia.com.br\/index.php\/2026\/01\/09\/janeiro-branco-saude-mental-no-trabalho-exige-mais-escuta-menos-ego-e-ambientes-mais-humanos-afirma-especialista\/\" \/>\n<meta property=\"og:site_name\" content=\"Compartilha Bahia\" \/>\n<meta property=\"article:publisher\" content=\"https:\/\/web.facebook.com\/compartilhabahia\" \/>\n<meta property=\"article:published_time\" content=\"2026-01-09T11:57:20+00:00\" \/>\n<meta property=\"article:modified_time\" content=\"2026-01-09T11:57:23+00:00\" \/>\n<meta property=\"og:image\" content=\"https:\/\/compartilhabahia.com.br\/wp-content\/uploads\/2026\/01\/janbranco.jpg\" \/>\n\t<meta property=\"og:image:width\" content=\"800\" \/>\n\t<meta property=\"og:image:height\" content=\"454\" \/>\n\t<meta property=\"og:image:type\" content=\"image\/jpeg\" \/>\n<meta name=\"author\" content=\"admin\" \/>\n<meta name=\"twitter:card\" content=\"summary_large_image\" \/>\n<meta name=\"twitter:label1\" content=\"Escrito por\" \/>\n\t<meta name=\"twitter:data1\" content=\"admin\" \/>\n\t<meta name=\"twitter:label2\" content=\"Est. tempo de leitura\" \/>\n\t<meta name=\"twitter:data2\" content=\"4 minutos\" \/>\n<script type=\"application\/ld+json\" class=\"yoast-schema-graph\">{\"@context\":\"https:\/\/schema.org\",\"@graph\":[{\"@type\":\"Article\",\"@id\":\"https:\/\/compartilhabahia.com.br\/index.php\/2026\/01\/09\/janeiro-branco-saude-mental-no-trabalho-exige-mais-escuta-menos-ego-e-ambientes-mais-humanos-afirma-especialista\/#article\",\"isPartOf\":{\"@id\":\"https:\/\/compartilhabahia.com.br\/index.php\/2026\/01\/09\/janeiro-branco-saude-mental-no-trabalho-exige-mais-escuta-menos-ego-e-ambientes-mais-humanos-afirma-especialista\/\"},\"author\":{\"name\":\"admin\",\"@id\":\"https:\/\/compartilhabahia.com.br\/#\/schema\/person\/9b4f0c3178793b8248d6686732521c04\"},\"headline\":\"Janeiro Branco: Sa\u00fade mental no trabalho exige mais escuta, menos ego e ambientes mais humanos; afirma especialista\",\"datePublished\":\"2026-01-09T11:57:20+00:00\",\"dateModified\":\"2026-01-09T11:57:23+00:00\",\"mainEntityOfPage\":{\"@id\":\"https:\/\/compartilhabahia.com.br\/index.php\/2026\/01\/09\/janeiro-branco-saude-mental-no-trabalho-exige-mais-escuta-menos-ego-e-ambientes-mais-humanos-afirma-especialista\/\"},\"wordCount\":753,\"commentCount\":0,\"publisher\":{\"@id\":\"https:\/\/compartilhabahia.com.br\/#organization\"},\"articleSection\":[\"Brasil\"],\"inLanguage\":\"pt-BR\",\"potentialAction\":[{\"@type\":\"CommentAction\",\"name\":\"Comment\",\"target\":[\"https:\/\/compartilhabahia.com.br\/index.php\/2026\/01\/09\/janeiro-branco-saude-mental-no-trabalho-exige-mais-escuta-menos-ego-e-ambientes-mais-humanos-afirma-especialista\/#respond\"]}]},{\"@type\":\"WebPage\",\"@id\":\"https:\/\/compartilhabahia.com.br\/index.php\/2026\/01\/09\/janeiro-branco-saude-mental-no-trabalho-exige-mais-escuta-menos-ego-e-ambientes-mais-humanos-afirma-especialista\/\",\"url\":\"https:\/\/compartilhabahia.com.br\/index.php\/2026\/01\/09\/janeiro-branco-saude-mental-no-trabalho-exige-mais-escuta-menos-ego-e-ambientes-mais-humanos-afirma-especialista\/\",\"name\":\"Janeiro Branco: Sa\u00fade mental no trabalho exige mais escuta, menos ego e ambientes mais humanos; afirma especialista - Compartilha Bahia\",\"isPartOf\":{\"@id\":\"https:\/\/compartilhabahia.com.br\/#website\"},\"datePublished\":\"2026-01-09T11:57:20+00:00\",\"dateModified\":\"2026-01-09T11:57:23+00:00\",\"breadcrumb\":{\"@id\":\"https:\/\/compartilhabahia.com.br\/index.php\/2026\/01\/09\/janeiro-branco-saude-mental-no-trabalho-exige-mais-escuta-menos-ego-e-ambientes-mais-humanos-afirma-especialista\/#breadcrumb\"},\"inLanguage\":\"pt-BR\",\"potentialAction\":[{\"@type\":\"ReadAction\",\"target\":[\"https:\/\/compartilhabahia.com.br\/index.php\/2026\/01\/09\/janeiro-branco-saude-mental-no-trabalho-exige-mais-escuta-menos-ego-e-ambientes-mais-humanos-afirma-especialista\/\"]}]},{\"@type\":\"BreadcrumbList\",\"@id\":\"https:\/\/compartilhabahia.com.br\/index.php\/2026\/01\/09\/janeiro-branco-saude-mental-no-trabalho-exige-mais-escuta-menos-ego-e-ambientes-mais-humanos-afirma-especialista\/#breadcrumb\",\"itemListElement\":[{\"@type\":\"ListItem\",\"position\":1,\"name\":\"In\u00edcio\",\"item\":\"https:\/\/compartilhabahia.com.br\/\"},{\"@type\":\"ListItem\",\"position\":2,\"name\":\"Janeiro Branco: Sa\u00fade mental no trabalho exige mais escuta, menos ego e ambientes mais humanos; afirma especialista\"}]},{\"@type\":\"WebSite\",\"@id\":\"https:\/\/compartilhabahia.com.br\/#website\",\"url\":\"https:\/\/compartilhabahia.com.br\/\",\"name\":\"Compartilha Bahia\",\"description\":\"\",\"publisher\":{\"@id\":\"https:\/\/compartilhabahia.com.br\/#organization\"},\"potentialAction\":[{\"@type\":\"SearchAction\",\"target\":{\"@type\":\"EntryPoint\",\"urlTemplate\":\"https:\/\/compartilhabahia.com.br\/?s={search_term_string}\"},\"query-input\":\"required name=search_term_string\"}],\"inLanguage\":\"pt-BR\"},{\"@type\":\"Organization\",\"@id\":\"https:\/\/compartilhabahia.com.br\/#organization\",\"name\":\"Compartilha Bahia\",\"url\":\"https:\/\/compartilhabahia.com.br\/\",\"logo\":{\"@type\":\"ImageObject\",\"inLanguage\":\"pt-BR\",\"@id\":\"https:\/\/compartilhabahia.com.br\/#\/schema\/logo\/image\/\",\"url\":\"https:\/\/compartilhabahia.com.br\/wp-content\/uploads\/2023\/12\/cropped-logo.png\",\"contentUrl\":\"https:\/\/compartilhabahia.com.br\/wp-content\/uploads\/2023\/12\/cropped-logo.png\",\"width\":300,\"height\":106,\"caption\":\"Compartilha Bahia\"},\"image\":{\"@id\":\"https:\/\/compartilhabahia.com.br\/#\/schema\/logo\/image\/\"},\"sameAs\":[\"https:\/\/web.facebook.com\/compartilhabahia\",\"https:\/\/www.instagram.com\/compartilhabahia\/\"]},{\"@type\":\"Person\",\"@id\":\"https:\/\/compartilhabahia.com.br\/#\/schema\/person\/9b4f0c3178793b8248d6686732521c04\",\"name\":\"admin\",\"image\":{\"@type\":\"ImageObject\",\"inLanguage\":\"pt-BR\",\"@id\":\"https:\/\/compartilhabahia.com.br\/#\/schema\/person\/image\/\",\"url\":\"https:\/\/secure.gravatar.com\/avatar\/9600df58751c5acbe914c538c03390ef649ea088cb65f84ba09c7ce66988eed6?s=96&d=mm&r=g\",\"contentUrl\":\"https:\/\/secure.gravatar.com\/avatar\/9600df58751c5acbe914c538c03390ef649ea088cb65f84ba09c7ce66988eed6?s=96&d=mm&r=g\",\"caption\":\"admin\"},\"sameAs\":[\"https:\/\/compartilhabahia.com.br\"],\"url\":\"https:\/\/compartilhabahia.com.br\/index.php\/author\/compartilhabahia\/\"}]}<\/script>\n<!-- \/ Yoast SEO plugin. -->","yoast_head_json":{"title":"Janeiro Branco: Sa\u00fade mental no trabalho exige mais escuta, menos ego e ambientes mais humanos; afirma especialista - Compartilha Bahia","robots":{"index":"index","follow":"follow","max-snippet":"max-snippet:-1","max-image-preview":"max-image-preview:large","max-video-preview":"max-video-preview:-1"},"canonical":"https:\/\/compartilhabahia.com.br\/index.php\/2026\/01\/09\/janeiro-branco-saude-mental-no-trabalho-exige-mais-escuta-menos-ego-e-ambientes-mais-humanos-afirma-especialista\/","og_locale":"pt_BR","og_type":"article","og_title":"Janeiro Branco: Sa\u00fade mental no trabalho exige mais escuta, menos ego e ambientes mais humanos; afirma especialista - Compartilha Bahia","og_description":"Janeiro Branco: Sa\u00fade mental no trabalho exige mais escuta, menos ego e ambientes mais humanos; afirma especialista Este m\u00eas \u00e9 marcado pela campanha Janeiro Branco, movimento nacional que convida a sociedade a refletir sobre a import\u00e2ncia da sa\u00fade mental e emocional. No ambiente corporativo, a proposta ganha ainda mais relev\u00e2ncia diante do aumento expressivo de [&hellip;]","og_url":"https:\/\/compartilhabahia.com.br\/index.php\/2026\/01\/09\/janeiro-branco-saude-mental-no-trabalho-exige-mais-escuta-menos-ego-e-ambientes-mais-humanos-afirma-especialista\/","og_site_name":"Compartilha Bahia","article_publisher":"https:\/\/web.facebook.com\/compartilhabahia","article_published_time":"2026-01-09T11:57:20+00:00","article_modified_time":"2026-01-09T11:57:23+00:00","og_image":[{"width":800,"height":454,"url":"https:\/\/compartilhabahia.com.br\/wp-content\/uploads\/2026\/01\/janbranco.jpg","type":"image\/jpeg"}],"author":"admin","twitter_card":"summary_large_image","twitter_misc":{"Escrito por":"admin","Est. tempo de leitura":"4 minutos"},"schema":{"@context":"https:\/\/schema.org","@graph":[{"@type":"Article","@id":"https:\/\/compartilhabahia.com.br\/index.php\/2026\/01\/09\/janeiro-branco-saude-mental-no-trabalho-exige-mais-escuta-menos-ego-e-ambientes-mais-humanos-afirma-especialista\/#article","isPartOf":{"@id":"https:\/\/compartilhabahia.com.br\/index.php\/2026\/01\/09\/janeiro-branco-saude-mental-no-trabalho-exige-mais-escuta-menos-ego-e-ambientes-mais-humanos-afirma-especialista\/"},"author":{"name":"admin","@id":"https:\/\/compartilhabahia.com.br\/#\/schema\/person\/9b4f0c3178793b8248d6686732521c04"},"headline":"Janeiro Branco: Sa\u00fade mental no trabalho exige mais escuta, menos ego e ambientes mais humanos; afirma especialista","datePublished":"2026-01-09T11:57:20+00:00","dateModified":"2026-01-09T11:57:23+00:00","mainEntityOfPage":{"@id":"https:\/\/compartilhabahia.com.br\/index.php\/2026\/01\/09\/janeiro-branco-saude-mental-no-trabalho-exige-mais-escuta-menos-ego-e-ambientes-mais-humanos-afirma-especialista\/"},"wordCount":753,"commentCount":0,"publisher":{"@id":"https:\/\/compartilhabahia.com.br\/#organization"},"articleSection":["Brasil"],"inLanguage":"pt-BR","potentialAction":[{"@type":"CommentAction","name":"Comment","target":["https:\/\/compartilhabahia.com.br\/index.php\/2026\/01\/09\/janeiro-branco-saude-mental-no-trabalho-exige-mais-escuta-menos-ego-e-ambientes-mais-humanos-afirma-especialista\/#respond"]}]},{"@type":"WebPage","@id":"https:\/\/compartilhabahia.com.br\/index.php\/2026\/01\/09\/janeiro-branco-saude-mental-no-trabalho-exige-mais-escuta-menos-ego-e-ambientes-mais-humanos-afirma-especialista\/","url":"https:\/\/compartilhabahia.com.br\/index.php\/2026\/01\/09\/janeiro-branco-saude-mental-no-trabalho-exige-mais-escuta-menos-ego-e-ambientes-mais-humanos-afirma-especialista\/","name":"Janeiro Branco: Sa\u00fade mental no trabalho exige mais escuta, menos ego e ambientes mais humanos; afirma especialista - Compartilha Bahia","isPartOf":{"@id":"https:\/\/compartilhabahia.com.br\/#website"},"datePublished":"2026-01-09T11:57:20+00:00","dateModified":"2026-01-09T11:57:23+00:00","breadcrumb":{"@id":"https:\/\/compartilhabahia.com.br\/index.php\/2026\/01\/09\/janeiro-branco-saude-mental-no-trabalho-exige-mais-escuta-menos-ego-e-ambientes-mais-humanos-afirma-especialista\/#breadcrumb"},"inLanguage":"pt-BR","potentialAction":[{"@type":"ReadAction","target":["https:\/\/compartilhabahia.com.br\/index.php\/2026\/01\/09\/janeiro-branco-saude-mental-no-trabalho-exige-mais-escuta-menos-ego-e-ambientes-mais-humanos-afirma-especialista\/"]}]},{"@type":"BreadcrumbList","@id":"https:\/\/compartilhabahia.com.br\/index.php\/2026\/01\/09\/janeiro-branco-saude-mental-no-trabalho-exige-mais-escuta-menos-ego-e-ambientes-mais-humanos-afirma-especialista\/#breadcrumb","itemListElement":[{"@type":"ListItem","position":1,"name":"In\u00edcio","item":"https:\/\/compartilhabahia.com.br\/"},{"@type":"ListItem","position":2,"name":"Janeiro Branco: Sa\u00fade mental no trabalho exige mais escuta, menos ego e ambientes mais humanos; afirma especialista"}]},{"@type":"WebSite","@id":"https:\/\/compartilhabahia.com.br\/#website","url":"https:\/\/compartilhabahia.com.br\/","name":"Compartilha Bahia","description":"","publisher":{"@id":"https:\/\/compartilhabahia.com.br\/#organization"},"potentialAction":[{"@type":"SearchAction","target":{"@type":"EntryPoint","urlTemplate":"https:\/\/compartilhabahia.com.br\/?s={search_term_string}"},"query-input":"required name=search_term_string"}],"inLanguage":"pt-BR"},{"@type":"Organization","@id":"https:\/\/compartilhabahia.com.br\/#organization","name":"Compartilha Bahia","url":"https:\/\/compartilhabahia.com.br\/","logo":{"@type":"ImageObject","inLanguage":"pt-BR","@id":"https:\/\/compartilhabahia.com.br\/#\/schema\/logo\/image\/","url":"https:\/\/compartilhabahia.com.br\/wp-content\/uploads\/2023\/12\/cropped-logo.png","contentUrl":"https:\/\/compartilhabahia.com.br\/wp-content\/uploads\/2023\/12\/cropped-logo.png","width":300,"height":106,"caption":"Compartilha Bahia"},"image":{"@id":"https:\/\/compartilhabahia.com.br\/#\/schema\/logo\/image\/"},"sameAs":["https:\/\/web.facebook.com\/compartilhabahia","https:\/\/www.instagram.com\/compartilhabahia\/"]},{"@type":"Person","@id":"https:\/\/compartilhabahia.com.br\/#\/schema\/person\/9b4f0c3178793b8248d6686732521c04","name":"admin","image":{"@type":"ImageObject","inLanguage":"pt-BR","@id":"https:\/\/compartilhabahia.com.br\/#\/schema\/person\/image\/","url":"https:\/\/secure.gravatar.com\/avatar\/9600df58751c5acbe914c538c03390ef649ea088cb65f84ba09c7ce66988eed6?s=96&d=mm&r=g","contentUrl":"https:\/\/secure.gravatar.com\/avatar\/9600df58751c5acbe914c538c03390ef649ea088cb65f84ba09c7ce66988eed6?s=96&d=mm&r=g","caption":"admin"},"sameAs":["https:\/\/compartilhabahia.com.br"],"url":"https:\/\/compartilhabahia.com.br\/index.php\/author\/compartilhabahia\/"}]}},"_links":{"self":[{"href":"https:\/\/compartilhabahia.com.br\/index.php\/wp-json\/wp\/v2\/posts\/8892","targetHints":{"allow":["GET"]}}],"collection":[{"href":"https:\/\/compartilhabahia.com.br\/index.php\/wp-json\/wp\/v2\/posts"}],"about":[{"href":"https:\/\/compartilhabahia.com.br\/index.php\/wp-json\/wp\/v2\/types\/post"}],"author":[{"embeddable":true,"href":"https:\/\/compartilhabahia.com.br\/index.php\/wp-json\/wp\/v2\/users\/1"}],"replies":[{"embeddable":true,"href":"https:\/\/compartilhabahia.com.br\/index.php\/wp-json\/wp\/v2\/comments?post=8892"}],"version-history":[{"count":1,"href":"https:\/\/compartilhabahia.com.br\/index.php\/wp-json\/wp\/v2\/posts\/8892\/revisions"}],"predecessor-version":[{"id":8894,"href":"https:\/\/compartilhabahia.com.br\/index.php\/wp-json\/wp\/v2\/posts\/8892\/revisions\/8894"}],"wp:featuredmedia":[{"embeddable":true,"href":"https:\/\/compartilhabahia.com.br\/index.php\/wp-json\/wp\/v2\/media\/8893"}],"wp:attachment":[{"href":"https:\/\/compartilhabahia.com.br\/index.php\/wp-json\/wp\/v2\/media?parent=8892"}],"wp:term":[{"taxonomy":"category","embeddable":true,"href":"https:\/\/compartilhabahia.com.br\/index.php\/wp-json\/wp\/v2\/categories?post=8892"},{"taxonomy":"post_tag","embeddable":true,"href":"https:\/\/compartilhabahia.com.br\/index.php\/wp-json\/wp\/v2\/tags?post=8892"}],"curies":[{"name":"wp","href":"https:\/\/api.w.org\/{rel}","templated":true}]}}