{"id":8399,"date":"2025-11-11T21:24:43","date_gmt":"2025-11-12T00:24:43","guid":{"rendered":"https:\/\/compartilhabahia.com.br\/?p=8399"},"modified":"2025-11-11T21:24:45","modified_gmt":"2025-11-12T00:24:45","slug":"leo-santana-anuncia-atracoes-e-abertura-de-vendas-do-baile-da-santinha-2026","status":"publish","type":"post","link":"https:\/\/compartilhabahia.com.br\/index.php\/2025\/11\/11\/leo-santana-anuncia-atracoes-e-abertura-de-vendas-do-baile-da-santinha-2026\/","title":{"rendered":"L\u00e9o Santana anuncia atra\u00e7\u00f5es e abertura de vendas do Baile da Santinha 2026"},"content":{"rendered":"\n<p><br>Edi\u00e7\u00e3o de ver\u00e3o do ensaio do GG acontecer\u00e1 no dia 09 de janeiro, no Wet Eventos e ter\u00e1 shows completos de Ludmilla, Thiaguinho e Natanzinho Lima<\/p>\n\n\n\n<p>O gigante L\u00e9o Santana vai chegar com tudo no ver\u00e3o. O GG da Bahia acaba de anunciar a abertura de vendas e as atra\u00e7\u00f5es do Baile da Santinha, que acontecer\u00e1 no dia 9 de janeiro, no Wet Eventos.<\/p>\n\n\n\n<p>\u2018O maior baile do Brasil\u2019 vai \u2018ferver\u2019 Salvador e fazer a alegria de baianos e turistas que buscam divers\u00e3o e boa m\u00fasica, com uma megaestrutura, conforto e a experi\u00eancia imersiva com tem\u00e1tica e cenografia especial e incr\u00edvel que s\u00f3 o Baile da Santinha oferece!<\/p>\n\n\n\n<p>Thiaguinho, Ludmilla e Natanzinho Lima v\u00e3o se unir Leo Santana com shows completos em uma noite gigante, \u00fanica e especial, com o clima e ess\u00eancia do ver\u00e3o at\u00e9 o dia amanhecer.<\/p>\n\n\n\n<p>\u201cReceber no Baile da Santinha Thiaguinho, Ludmilla e Natanzinho Lima, 03 grandes amigos que a m\u00fasica me presenteou \u00e9 uma honra, e em \u201ccasa\u201d, \u00e9 ainda mais especial. Tenho certeza que ser\u00e1 uma noite incr\u00edvel e que vamos curtir e nos divertir muito. Espero todos voc\u00eas para vivenciar seu lado \u201cSantinha\u201d e \u201cDiabinha\u201d no maior baile do brasil at\u00e9 o dia amanhecer!!\u201d, comentou animado o GG L\u00e9o Santana.<\/p>\n\n\n\n<p>Misturando o romantismo Thiaguinho, o pop de Ludmilla e o Piseiro de Natanzinho Lima com o Pagod\u00e3o do anfitri\u00e3o, o \u2018Baile da Santinha\u2019 que ser\u00e1 sem d\u00favida um verdadeiro espet\u00e1culo, acaba de iniciar as vendas com uma condi\u00e7\u00e3o especial: ingressos de qualquer setor divididos em at\u00e9 4X sem juros. As vendas acontecem na loja do Bora Tickets, no 2\u00ba piso do Shopping da Bahia ou no site www.boratickets.com.br .<\/p>\n\n\n\n<p>Para mais informa\u00e7\u00f5es acesse @bailedasantinha @leosantana e @ssaproducoes.<\/p>\n\n\n\n<p>SERVI\u00c7O<br>O que: Baile da Santinha<br>Quando: 9 de janeiro<br>Onde: Wet Eventos<br>Atra\u00e7\u00f5es: L\u00e9o Santana | Thiaguinho | Ludmilla | Natanzinho Lima<br>Informa\u00e7\u00f5es: @bailedasantinha @leosantana e @ssaproducoes<br>Vendas: Loja do Bora Tickets, no 2\u00ba piso do Shopping da Bahia ou no site<br>Link: https:\/\/www.boratickets.com.br\/evento\/372\/baile-da-santinha-verao-salvador<\/p>\n","protected":false},"excerpt":{"rendered":"<p>Edi\u00e7\u00e3o de ver\u00e3o do ensaio do GG acontecer\u00e1 no dia 09 de janeiro, no Wet Eventos e ter\u00e1 shows completos de Ludmilla, Thiaguinho e Natanzinho Lima O gigante L\u00e9o Santana vai chegar com tudo no ver\u00e3o. O GG da Bahia acaba de anunciar a abertura de vendas e as atra\u00e7\u00f5es do Baile da Santinha, que [&hellip;]<\/p>\n","protected":false},"author":1,"featured_media":8400,"comment_status":"open","ping_status":"open","sticky":false,"template":"","format":"standard","meta":{"footnotes":""},"categories":[10],"tags":[],"class_list":["post-8399","post","type-post","status-publish","format-standard","has-post-thumbnail","hentry","category-bahia"],"yoast_head":"<!-- This site is optimized with the Yoast SEO plugin v21.7 - https:\/\/yoast.com\/wordpress\/plugins\/seo\/ -->\n<title>L\u00e9o Santana anuncia atra\u00e7\u00f5es e abertura de vendas do Baile da Santinha 2026 - Compartilha Bahia<\/title>\n<meta name=\"robots\" content=\"index, follow, max-snippet:-1, max-image-preview:large, max-video-preview:-1\" \/>\n<link rel=\"canonical\" href=\"https:\/\/compartilhabahia.com.br\/index.php\/2025\/11\/11\/leo-santana-anuncia-atracoes-e-abertura-de-vendas-do-baile-da-santinha-2026\/\" \/>\n<meta property=\"og:locale\" content=\"pt_BR\" \/>\n<meta property=\"og:type\" content=\"article\" \/>\n<meta property=\"og:title\" content=\"L\u00e9o Santana anuncia atra\u00e7\u00f5es e abertura de vendas do Baile da Santinha 2026 - Compartilha Bahia\" \/>\n<meta property=\"og:description\" content=\"Edi\u00e7\u00e3o de ver\u00e3o do ensaio do GG acontecer\u00e1 no dia 09 de janeiro, no Wet Eventos e ter\u00e1 shows completos de Ludmilla, Thiaguinho e Natanzinho Lima O gigante L\u00e9o Santana vai chegar com tudo no ver\u00e3o. O GG da Bahia acaba de anunciar a abertura de vendas e as atra\u00e7\u00f5es do Baile da Santinha, que [&hellip;]\" \/>\n<meta property=\"og:url\" content=\"https:\/\/compartilhabahia.com.br\/index.php\/2025\/11\/11\/leo-santana-anuncia-atracoes-e-abertura-de-vendas-do-baile-da-santinha-2026\/\" \/>\n<meta property=\"og:site_name\" content=\"Compartilha Bahia\" \/>\n<meta property=\"article:publisher\" content=\"https:\/\/web.facebook.com\/compartilhabahia\" \/>\n<meta property=\"article:published_time\" content=\"2025-11-12T00:24:43+00:00\" \/>\n<meta property=\"article:modified_time\" content=\"2025-11-12T00:24:45+00:00\" \/>\n<meta property=\"og:image\" content=\"https:\/\/compartilhabahia.com.br\/wp-content\/uploads\/2025\/11\/santinha2026.jpg\" \/>\n\t<meta property=\"og:image:width\" content=\"800\" \/>\n\t<meta property=\"og:image:height\" content=\"450\" \/>\n\t<meta property=\"og:image:type\" content=\"image\/jpeg\" \/>\n<meta name=\"author\" content=\"admin\" \/>\n<meta name=\"twitter:card\" content=\"summary_large_image\" \/>\n<meta name=\"twitter:label1\" content=\"Escrito por\" \/>\n\t<meta name=\"twitter:data1\" content=\"admin\" \/>\n\t<meta name=\"twitter:label2\" content=\"Est. tempo de leitura\" \/>\n\t<meta name=\"twitter:data2\" content=\"3 minutos\" \/>\n<script type=\"application\/ld+json\" class=\"yoast-schema-graph\">{\"@context\":\"https:\/\/schema.org\",\"@graph\":[{\"@type\":\"Article\",\"@id\":\"https:\/\/compartilhabahia.com.br\/index.php\/2025\/11\/11\/leo-santana-anuncia-atracoes-e-abertura-de-vendas-do-baile-da-santinha-2026\/#article\",\"isPartOf\":{\"@id\":\"https:\/\/compartilhabahia.com.br\/index.php\/2025\/11\/11\/leo-santana-anuncia-atracoes-e-abertura-de-vendas-do-baile-da-santinha-2026\/\"},\"author\":{\"name\":\"admin\",\"@id\":\"https:\/\/compartilhabahia.com.br\/#\/schema\/person\/9b4f0c3178793b8248d6686732521c04\"},\"headline\":\"L\u00e9o Santana anuncia atra\u00e7\u00f5es e abertura de vendas do Baile da Santinha 2026\",\"datePublished\":\"2025-11-12T00:24:43+00:00\",\"dateModified\":\"2025-11-12T00:24:45+00:00\",\"mainEntityOfPage\":{\"@id\":\"https:\/\/compartilhabahia.com.br\/index.php\/2025\/11\/11\/leo-santana-anuncia-atracoes-e-abertura-de-vendas-do-baile-da-santinha-2026\/\"},\"wordCount\":360,\"commentCount\":0,\"publisher\":{\"@id\":\"https:\/\/compartilhabahia.com.br\/#organization\"},\"articleSection\":[\"Bahia\"],\"inLanguage\":\"pt-BR\",\"potentialAction\":[{\"@type\":\"CommentAction\",\"name\":\"Comment\",\"target\":[\"https:\/\/compartilhabahia.com.br\/index.php\/2025\/11\/11\/leo-santana-anuncia-atracoes-e-abertura-de-vendas-do-baile-da-santinha-2026\/#respond\"]}]},{\"@type\":\"WebPage\",\"@id\":\"https:\/\/compartilhabahia.com.br\/index.php\/2025\/11\/11\/leo-santana-anuncia-atracoes-e-abertura-de-vendas-do-baile-da-santinha-2026\/\",\"url\":\"https:\/\/compartilhabahia.com.br\/index.php\/2025\/11\/11\/leo-santana-anuncia-atracoes-e-abertura-de-vendas-do-baile-da-santinha-2026\/\",\"name\":\"L\u00e9o Santana anuncia atra\u00e7\u00f5es e abertura de vendas do Baile da Santinha 2026 - Compartilha Bahia\",\"isPartOf\":{\"@id\":\"https:\/\/compartilhabahia.com.br\/#website\"},\"datePublished\":\"2025-11-12T00:24:43+00:00\",\"dateModified\":\"2025-11-12T00:24:45+00:00\",\"breadcrumb\":{\"@id\":\"https:\/\/compartilhabahia.com.br\/index.php\/2025\/11\/11\/leo-santana-anuncia-atracoes-e-abertura-de-vendas-do-baile-da-santinha-2026\/#breadcrumb\"},\"inLanguage\":\"pt-BR\",\"potentialAction\":[{\"@type\":\"ReadAction\",\"target\":[\"https:\/\/compartilhabahia.com.br\/index.php\/2025\/11\/11\/leo-santana-anuncia-atracoes-e-abertura-de-vendas-do-baile-da-santinha-2026\/\"]}]},{\"@type\":\"BreadcrumbList\",\"@id\":\"https:\/\/compartilhabahia.com.br\/index.php\/2025\/11\/11\/leo-santana-anuncia-atracoes-e-abertura-de-vendas-do-baile-da-santinha-2026\/#breadcrumb\",\"itemListElement\":[{\"@type\":\"ListItem\",\"position\":1,\"name\":\"In\u00edcio\",\"item\":\"https:\/\/compartilhabahia.com.br\/\"},{\"@type\":\"ListItem\",\"position\":2,\"name\":\"L\u00e9o Santana anuncia atra\u00e7\u00f5es e abertura de vendas do Baile da Santinha 2026\"}]},{\"@type\":\"WebSite\",\"@id\":\"https:\/\/compartilhabahia.com.br\/#website\",\"url\":\"https:\/\/compartilhabahia.com.br\/\",\"name\":\"Compartilha Bahia\",\"description\":\"\",\"publisher\":{\"@id\":\"https:\/\/compartilhabahia.com.br\/#organization\"},\"potentialAction\":[{\"@type\":\"SearchAction\",\"target\":{\"@type\":\"EntryPoint\",\"urlTemplate\":\"https:\/\/compartilhabahia.com.br\/?s={search_term_string}\"},\"query-input\":\"required name=search_term_string\"}],\"inLanguage\":\"pt-BR\"},{\"@type\":\"Organization\",\"@id\":\"https:\/\/compartilhabahia.com.br\/#organization\",\"name\":\"Compartilha Bahia\",\"url\":\"https:\/\/compartilhabahia.com.br\/\",\"logo\":{\"@type\":\"ImageObject\",\"inLanguage\":\"pt-BR\",\"@id\":\"https:\/\/compartilhabahia.com.br\/#\/schema\/logo\/image\/\",\"url\":\"https:\/\/compartilhabahia.com.br\/wp-content\/uploads\/2023\/12\/cropped-logo.png\",\"contentUrl\":\"https:\/\/compartilhabahia.com.br\/wp-content\/uploads\/2023\/12\/cropped-logo.png\",\"width\":300,\"height\":106,\"caption\":\"Compartilha Bahia\"},\"image\":{\"@id\":\"https:\/\/compartilhabahia.com.br\/#\/schema\/logo\/image\/\"},\"sameAs\":[\"https:\/\/web.facebook.com\/compartilhabahia\",\"https:\/\/www.instagram.com\/compartilhabahia\/\"]},{\"@type\":\"Person\",\"@id\":\"https:\/\/compartilhabahia.com.br\/#\/schema\/person\/9b4f0c3178793b8248d6686732521c04\",\"name\":\"admin\",\"image\":{\"@type\":\"ImageObject\",\"inLanguage\":\"pt-BR\",\"@id\":\"https:\/\/compartilhabahia.com.br\/#\/schema\/person\/image\/\",\"url\":\"https:\/\/secure.gravatar.com\/avatar\/9600df58751c5acbe914c538c03390ef649ea088cb65f84ba09c7ce66988eed6?s=96&d=mm&r=g\",\"contentUrl\":\"https:\/\/secure.gravatar.com\/avatar\/9600df58751c5acbe914c538c03390ef649ea088cb65f84ba09c7ce66988eed6?s=96&d=mm&r=g\",\"caption\":\"admin\"},\"sameAs\":[\"https:\/\/compartilhabahia.com.br\"],\"url\":\"https:\/\/compartilhabahia.com.br\/index.php\/author\/compartilhabahia\/\"}]}<\/script>\n<!-- \/ Yoast SEO plugin. -->","yoast_head_json":{"title":"L\u00e9o Santana anuncia atra\u00e7\u00f5es e abertura de vendas do Baile da Santinha 2026 - Compartilha Bahia","robots":{"index":"index","follow":"follow","max-snippet":"max-snippet:-1","max-image-preview":"max-image-preview:large","max-video-preview":"max-video-preview:-1"},"canonical":"https:\/\/compartilhabahia.com.br\/index.php\/2025\/11\/11\/leo-santana-anuncia-atracoes-e-abertura-de-vendas-do-baile-da-santinha-2026\/","og_locale":"pt_BR","og_type":"article","og_title":"L\u00e9o Santana anuncia atra\u00e7\u00f5es e abertura de vendas do Baile da Santinha 2026 - Compartilha Bahia","og_description":"Edi\u00e7\u00e3o de ver\u00e3o do ensaio do GG acontecer\u00e1 no dia 09 de janeiro, no Wet Eventos e ter\u00e1 shows completos de Ludmilla, Thiaguinho e Natanzinho Lima O gigante L\u00e9o Santana vai chegar com tudo no ver\u00e3o. O GG da Bahia acaba de anunciar a abertura de vendas e as atra\u00e7\u00f5es do Baile da Santinha, que [&hellip;]","og_url":"https:\/\/compartilhabahia.com.br\/index.php\/2025\/11\/11\/leo-santana-anuncia-atracoes-e-abertura-de-vendas-do-baile-da-santinha-2026\/","og_site_name":"Compartilha Bahia","article_publisher":"https:\/\/web.facebook.com\/compartilhabahia","article_published_time":"2025-11-12T00:24:43+00:00","article_modified_time":"2025-11-12T00:24:45+00:00","og_image":[{"width":800,"height":450,"url":"https:\/\/compartilhabahia.com.br\/wp-content\/uploads\/2025\/11\/santinha2026.jpg","type":"image\/jpeg"}],"author":"admin","twitter_card":"summary_large_image","twitter_misc":{"Escrito por":"admin","Est. tempo de leitura":"3 minutos"},"schema":{"@context":"https:\/\/schema.org","@graph":[{"@type":"Article","@id":"https:\/\/compartilhabahia.com.br\/index.php\/2025\/11\/11\/leo-santana-anuncia-atracoes-e-abertura-de-vendas-do-baile-da-santinha-2026\/#article","isPartOf":{"@id":"https:\/\/compartilhabahia.com.br\/index.php\/2025\/11\/11\/leo-santana-anuncia-atracoes-e-abertura-de-vendas-do-baile-da-santinha-2026\/"},"author":{"name":"admin","@id":"https:\/\/compartilhabahia.com.br\/#\/schema\/person\/9b4f0c3178793b8248d6686732521c04"},"headline":"L\u00e9o Santana anuncia atra\u00e7\u00f5es e abertura de vendas do Baile da Santinha 2026","datePublished":"2025-11-12T00:24:43+00:00","dateModified":"2025-11-12T00:24:45+00:00","mainEntityOfPage":{"@id":"https:\/\/compartilhabahia.com.br\/index.php\/2025\/11\/11\/leo-santana-anuncia-atracoes-e-abertura-de-vendas-do-baile-da-santinha-2026\/"},"wordCount":360,"commentCount":0,"publisher":{"@id":"https:\/\/compartilhabahia.com.br\/#organization"},"articleSection":["Bahia"],"inLanguage":"pt-BR","potentialAction":[{"@type":"CommentAction","name":"Comment","target":["https:\/\/compartilhabahia.com.br\/index.php\/2025\/11\/11\/leo-santana-anuncia-atracoes-e-abertura-de-vendas-do-baile-da-santinha-2026\/#respond"]}]},{"@type":"WebPage","@id":"https:\/\/compartilhabahia.com.br\/index.php\/2025\/11\/11\/leo-santana-anuncia-atracoes-e-abertura-de-vendas-do-baile-da-santinha-2026\/","url":"https:\/\/compartilhabahia.com.br\/index.php\/2025\/11\/11\/leo-santana-anuncia-atracoes-e-abertura-de-vendas-do-baile-da-santinha-2026\/","name":"L\u00e9o Santana anuncia atra\u00e7\u00f5es e abertura de vendas do Baile da Santinha 2026 - Compartilha Bahia","isPartOf":{"@id":"https:\/\/compartilhabahia.com.br\/#website"},"datePublished":"2025-11-12T00:24:43+00:00","dateModified":"2025-11-12T00:24:45+00:00","breadcrumb":{"@id":"https:\/\/compartilhabahia.com.br\/index.php\/2025\/11\/11\/leo-santana-anuncia-atracoes-e-abertura-de-vendas-do-baile-da-santinha-2026\/#breadcrumb"},"inLanguage":"pt-BR","potentialAction":[{"@type":"ReadAction","target":["https:\/\/compartilhabahia.com.br\/index.php\/2025\/11\/11\/leo-santana-anuncia-atracoes-e-abertura-de-vendas-do-baile-da-santinha-2026\/"]}]},{"@type":"BreadcrumbList","@id":"https:\/\/compartilhabahia.com.br\/index.php\/2025\/11\/11\/leo-santana-anuncia-atracoes-e-abertura-de-vendas-do-baile-da-santinha-2026\/#breadcrumb","itemListElement":[{"@type":"ListItem","position":1,"name":"In\u00edcio","item":"https:\/\/compartilhabahia.com.br\/"},{"@type":"ListItem","position":2,"name":"L\u00e9o Santana anuncia atra\u00e7\u00f5es e abertura de vendas do Baile da Santinha 2026"}]},{"@type":"WebSite","@id":"https:\/\/compartilhabahia.com.br\/#website","url":"https:\/\/compartilhabahia.com.br\/","name":"Compartilha Bahia","description":"","publisher":{"@id":"https:\/\/compartilhabahia.com.br\/#organization"},"potentialAction":[{"@type":"SearchAction","target":{"@type":"EntryPoint","urlTemplate":"https:\/\/compartilhabahia.com.br\/?s={search_term_string}"},"query-input":"required name=search_term_string"}],"inLanguage":"pt-BR"},{"@type":"Organization","@id":"https:\/\/compartilhabahia.com.br\/#organization","name":"Compartilha Bahia","url":"https:\/\/compartilhabahia.com.br\/","logo":{"@type":"ImageObject","inLanguage":"pt-BR","@id":"https:\/\/compartilhabahia.com.br\/#\/schema\/logo\/image\/","url":"https:\/\/compartilhabahia.com.br\/wp-content\/uploads\/2023\/12\/cropped-logo.png","contentUrl":"https:\/\/compartilhabahia.com.br\/wp-content\/uploads\/2023\/12\/cropped-logo.png","width":300,"height":106,"caption":"Compartilha Bahia"},"image":{"@id":"https:\/\/compartilhabahia.com.br\/#\/schema\/logo\/image\/"},"sameAs":["https:\/\/web.facebook.com\/compartilhabahia","https:\/\/www.instagram.com\/compartilhabahia\/"]},{"@type":"Person","@id":"https:\/\/compartilhabahia.com.br\/#\/schema\/person\/9b4f0c3178793b8248d6686732521c04","name":"admin","image":{"@type":"ImageObject","inLanguage":"pt-BR","@id":"https:\/\/compartilhabahia.com.br\/#\/schema\/person\/image\/","url":"https:\/\/secure.gravatar.com\/avatar\/9600df58751c5acbe914c538c03390ef649ea088cb65f84ba09c7ce66988eed6?s=96&d=mm&r=g","contentUrl":"https:\/\/secure.gravatar.com\/avatar\/9600df58751c5acbe914c538c03390ef649ea088cb65f84ba09c7ce66988eed6?s=96&d=mm&r=g","caption":"admin"},"sameAs":["https:\/\/compartilhabahia.com.br"],"url":"https:\/\/compartilhabahia.com.br\/index.php\/author\/compartilhabahia\/"}]}},"_links":{"self":[{"href":"https:\/\/compartilhabahia.com.br\/index.php\/wp-json\/wp\/v2\/posts\/8399","targetHints":{"allow":["GET"]}}],"collection":[{"href":"https:\/\/compartilhabahia.com.br\/index.php\/wp-json\/wp\/v2\/posts"}],"about":[{"href":"https:\/\/compartilhabahia.com.br\/index.php\/wp-json\/wp\/v2\/types\/post"}],"author":[{"embeddable":true,"href":"https:\/\/compartilhabahia.com.br\/index.php\/wp-json\/wp\/v2\/users\/1"}],"replies":[{"embeddable":true,"href":"https:\/\/compartilhabahia.com.br\/index.php\/wp-json\/wp\/v2\/comments?post=8399"}],"version-history":[{"count":1,"href":"https:\/\/compartilhabahia.com.br\/index.php\/wp-json\/wp\/v2\/posts\/8399\/revisions"}],"predecessor-version":[{"id":8401,"href":"https:\/\/compartilhabahia.com.br\/index.php\/wp-json\/wp\/v2\/posts\/8399\/revisions\/8401"}],"wp:featuredmedia":[{"embeddable":true,"href":"https:\/\/compartilhabahia.com.br\/index.php\/wp-json\/wp\/v2\/media\/8400"}],"wp:attachment":[{"href":"https:\/\/compartilhabahia.com.br\/index.php\/wp-json\/wp\/v2\/media?parent=8399"}],"wp:term":[{"taxonomy":"category","embeddable":true,"href":"https:\/\/compartilhabahia.com.br\/index.php\/wp-json\/wp\/v2\/categories?post=8399"},{"taxonomy":"post_tag","embeddable":true,"href":"https:\/\/compartilhabahia.com.br\/index.php\/wp-json\/wp\/v2\/tags?post=8399"}],"curies":[{"name":"wp","href":"https:\/\/api.w.org\/{rel}","templated":true}]}}