{"id":8359,"date":"2025-11-06T21:42:11","date_gmt":"2025-11-07T00:42:11","guid":{"rendered":"https:\/\/compartilhabahia.com.br\/?p=8359"},"modified":"2025-11-06T21:42:54","modified_gmt":"2025-11-07T00:42:54","slug":"espetaculo-rainha-vashti-encenado-pelo-grupo-a-roda-mantem-viva-na-bahia-a-arte-milenar-do-teatro-de-sombras","status":"publish","type":"post","link":"https:\/\/compartilhabahia.com.br\/index.php\/2025\/11\/06\/espetaculo-rainha-vashti-encenado-pelo-grupo-a-roda-mantem-viva-na-bahia-a-arte-milenar-do-teatro-de-sombras\/","title":{"rendered":"Espet\u00e1culo Rainha Vashti, encenado pelo Grupo A RODA, mant\u00e9m viva na Bahia a arte milenar do teatro de sombras"},"content":{"rendered":"\n<p><em>Voltada para o p\u00fablico adulto, a pe\u00e7a aborda o silenciamento da voz feminina como met\u00e1fora para a fragilidade do poder<\/em><\/p>\n\n\n\n<p><em>Nas cartas deste baralho,<br>Na ilus\u00e3o deste jogo,<br>Escolho ou sou escolhida,<br>Sou rainha ou sou cativa?<\/em><br><strong>Myriam Fraga<\/strong><\/p>\n\n\n\n<p>Adaptado do poema de Myriam Fraga, premiada escritora baiana, o espet\u00e1culo <em>Rainha Vashti<\/em> foi concebido e produzido pelo Grupo A RODA e sua estreia acontece no dia 13 de novembro, \u00e0s 18h30, no Museu de Arte Moderna \u2013 MAM. Ao todo, a temporada ter\u00e1 doze apresenta\u00e7\u00f5es, sempre \u00e0s quintas e sextas-feiras, at\u00e9 o dia 12 de dezembro, sendo que algumas datas ter\u00e3o sess\u00f5es \u00e0s 18h30 e \u00e0s 20h. Com dire\u00e7\u00e3o, adapta\u00e7\u00e3o e cria\u00e7\u00e3o das figuras de sombra a cargo de Olga G\u00f3mez, a encena\u00e7\u00e3o conta ainda com narra\u00e7\u00e3o de Rita Assemany, consultoria de Marcus Sampaio, dire\u00e7\u00e3o musical de Uibitu Smetak e o patroc\u00ednio da FUNARTE, Governo Federal do Brasil. Os ingressos custam R$ 40 e R$ 20 (meia-entrada) e podem ser adquiridos pela plataforma Sympla.<\/p>\n\n\n\n<p>A escolha art\u00edstica do teatro de sombras como t\u00e9cnica de encena\u00e7\u00e3o para <em>Rainha Vashti<\/em> guarda estreita rela\u00e7\u00e3o com a trajet\u00f3ria do Grupo A RODA, um dos poucos no Brasil a trabalhar com essa arte milenar. Em 2010, por exemplo, eles apresentaram <em>O P\u00e1ssaro do Sol<\/em>, justamente o \u00faltimo espet\u00e1culo de teatro de sombras produzido na Bahia, vencedor do Pr\u00eamio Braskem de Teatro. Em <em>Rainha Vashti<\/em>, a companhia tamb\u00e9m d\u00e1 continuidade \u00e0 imers\u00e3o no universo liter\u00e1rio de Myriam Fraga (1937-2016) e \u00e9 uma celebra\u00e7\u00e3o da parceria art\u00edstica de tantos anos e do legado po\u00e9tico deixado pela escritora. O pr\u00f3prio texto hom\u00f4nimo fora transformado em livro e publicado em parceria com A RODA, em 2015, com ilustra\u00e7\u00f5es de Olga G\u00f3mez.<\/p>\n\n\n\n<p>Para Olga, unir teatro de sombra com poesia far\u00e1 com que o p\u00fablico tenha uma experi\u00eancia emotiva bastante singular e potente. \u201cEnquanto a poesia nos torna sempre mais perspicazes e atentos, o teatro de sombras \u00e9 uma arte dedicada aos sentidos, que permite a participa\u00e7\u00e3o completa do espectador\u201d, explica a diretora. <em>Rainha Vashti<\/em> \u00e9 a express\u00e3o coletiva do n\u00facleo de pesquisa em anima\u00e7\u00e3o coordenado por ela ao longo de 2025. Trata-se da quarta montagem do Grupo A RODA que conta com os poemas de Myriam Fraga. \u201cAinda em vida, Myriam nos confiou esse maravilhoso poema l\u00edrico no qual ela trabalhou por muito tempo. Chegou o momento de cumprirmos a promessa que fizemos a ela e encen\u00e1-lo pela primeira vez, o que \u00e9 tamb\u00e9m uma homenagem \u00e0 mem\u00f3ria da poeta\u201d, afirma G\u00f3mez.<\/p>\n\n\n\n<p>Rita Assemany, que d\u00e1 voz ao espet\u00e1culo, aponta que o p\u00fablico ter\u00e1 um encontro, sobretudo, com a beleza: \u201ca beleza de uma hist\u00f3ria l\u00fadica e m\u00e1gica; de uma experi\u00eancia que simplesmente pausa no tempo, em um espa\u00e7o inundado por sombras e formas encantadoras \u2013 por onde navega o barco capitaneado por Olga\u201d. A atriz se sentiu instigada em se experimentar no palco sem o seu corpo, sem estar fisicamente presente, e ressalta que, nessa forma in\u00e9dita de atuar, ela n\u00e3o faz a simples narra\u00e7\u00e3o da pe\u00e7a. \u201cEu sou as pr\u00f3prias personagens; minha voz se adensa e incorpora rei, rainha e concubinas, sopra o f\u00f4lego de vida sobre escravos, s\u00e1trapas e profetas\u201d, comemora Rita. Apesar do desafio, o universo feminino, do qual trata o espet\u00e1culo e que ainda \u00e9 t\u00e3o atual, faz parte do repert\u00f3rio dela h\u00e1 mais de quatro d\u00e9cadas.<\/p>\n\n\n\n<p>A m\u00fasica de Uibitu Smetak e Amanda Smetak, pai e filha, completam a dramaturgia sonora, cuja ideia central teve como inspira\u00e7\u00e3o a tradi\u00e7\u00e3o turca dos <em>makams<\/em>, um sistema de escalas que tem sua origem na P\u00e9rsia, terra da Rainha Vashti. \u201cEscolhemos instrumentos como violino, piano e flautas doces, al\u00e9m de uma pequena percuss\u00e3o com sinos e efeitos elaborados com t\u00e9cnicas como o pizzicato e o ponticello\u201d, explica Uibitu. Ao mencionar as faixas musicais criadas, ele lembra ainda que \u201ca trilha, no teatro de sombras, deve ter o tamanho do espet\u00e1culo, sem exagero de sons, pois ela precisa refletir a delicadeza desse formato de teatro\u201d. \u00c9 dessa maneira que a m\u00fasica e a sonoplastia conseguem contar a mesma hist\u00f3ria narrada.<\/p>\n\n\n\n<p>Com dura\u00e7\u00e3o de uma hora, o espet\u00e1culo tem quatro atores-animadores por tr\u00e1s de uma tela de lona com seis metros de base e tr\u00eas metros de altura: Arthur Lustosa, Diego Neres, Hannah Pfeifer e Paulo Borges. \u00c9 nesse anteparo que eles projetam as 150 figuras de sombra desenhadas por Olga G\u00f3mez. Ao encenar <em>Rainha Vashti<\/em>, o Grupo A RODA espera contribuir efetivamente para o desenvolvimento do teatro de sombras no Brasil, para o ainda urgente debate acerca da quest\u00e3o de g\u00eanero e para o est\u00edmulo \u00e0 aprecia\u00e7\u00e3o da arte po\u00e9tica.<\/p>\n\n\n\n<p><strong>O ENREDO &nbsp;<\/strong><\/p>\n\n\n\n<p>O enredo da pe\u00e7a narra a saga da lend\u00e1ria rainha Vashti, esposa do rei Ashuero, a partir de um relato b\u00edblico. Considerada a mulher mais bela do imp\u00e9rio persa, Vashti ousa desobedecer \u00e0 ordem do monarca para dan\u00e7ar na frente dos convidados em um banquete real e \u00e9, para sempre, banida da corte. A sua recusa \u00e9 vista por muitos como um ato de integridade e coragem diante do poder supremo do rei, embora com consequ\u00eancias pessoais severas.&nbsp;O conselho dado pelos governadores persas para banir Vashti tinha como objetivo refor\u00e7ar a autoridade dos homens sobre as mulheres em todo o imp\u00e9rio, mas, ironicamente, o efeito n\u00e3o foi exatamente o calculado.&nbsp;O grito de Vashti, assim, lan\u00e7a um esbo\u00e7o de rebeli\u00e3o \u00e0 vida da \u00e9poca, fazendo tremer as bases do reinado. O espet\u00e1culo fala do silenciamento da voz feminina como met\u00e1fora para a fragilidade do poder.<\/p>\n\n\n\n<p><strong>A DIRETORA<\/strong><\/p>\n\n\n\n<p>Olga G\u00f3mez \u00e9 artista pl\u00e1stica e diretora da Companhia A RODA. Com forma\u00e7\u00e3o em Belas Artes, atua como escultora, professora, pesquisadora e encenadora de formas animadas. Nascida em Buenos Aires, Argentina, escolheu Salvador, capital da Bahia, como lar em 1986. Desde 1997, lidera a Companhia A RODA, sendo respons\u00e1vel pela cria\u00e7\u00e3o e constru\u00e7\u00e3o de suas figuras e bonecos articulados. Sua influ\u00eancia vai al\u00e9m das fronteiras do grupo, colaborando com outros diretores e participando de mostras art\u00edsticas de artes visuais e de teatro, nacionais e internacionais. Destacam-se suas premiadas montagens \u201cA Cobra Morde o Rabo\u201d e \u201cO P\u00e1ssaro do Sol\u201d. Em 2008, dirigiu o espet\u00e1culo \u201cAmor &amp; Loucura\u201d, que viajou por 15 estados e 55 cidades brasileiras. Sua mais recente pe\u00e7a \u00e9 \u201cLuiz e a Liberdade\u201d, espet\u00e1culo de 2017 que utiliza fantoches para contar a hist\u00f3ria do abolicionista baiano Luiz Gama. Ao longo de quatro d\u00e9cadas, produziu desenhos, bonecos, brinquedos, sombras e cenografias de espet\u00e1culos.<\/p>\n\n\n\n<p><strong>A<\/strong><strong> COMPANHIA<\/strong><\/p>\n\n\n\n<p>A Companhia A RODA foi fundada em Salvador, Bahia, no ano de 1997 e, desde ent\u00e3o, difunde o teatro de anima\u00e7\u00e3o de bonecos e o teatro de sombras por meio de oficinas e da cria\u00e7\u00e3o e produ\u00e7\u00e3o de espet\u00e1culos. A companhia leva aos palcos um teatro eminentemente visual, que fala a todas as idades, tanto pela for\u00e7a pl\u00e1stica de seus protagonistas esculpidos em madeira quanto pela tem\u00e1tica de apelo mitol\u00f3gico e raiz popular. Sob dire\u00e7\u00e3o art\u00edstica de Olga G\u00f3mez, A RODA j\u00e1 apresentou o seu repert\u00f3rio atual de cinco espet\u00e1culos em importantes mostras art\u00edsticas no Brasil e no exterior. Por duas vezes participou do projeto Palco Girat\u00f3rio do SESC, circulando por mais de 60 cidades, ministrando oficinas e apresentando-se com os espet\u00e1culos \u201cAmor &amp; Loucura\u201d (2008) e \u201cO P\u00e1ssaro do Sol\u201d (2015). A companhia foi contemplada com pr\u00eamios locais e nacionais de teatro, entre eles o Braskem de \u201cMelhor espet\u00e1culo Infantojuvenil\u201d de 2010, com o espet\u00e1culo \u201cO P\u00e1ssaro do Sol\u201d.<\/p>\n\n\n\n<p><strong>SERVI\u00c7O ESPET\u00c1CULO RAINHA VASHTI [TEATRO DE SOMBRAS]<\/strong><\/p>\n\n\n\n<p>Temporada: 13 de novembro a 12 de dezembro de 2025<br>Dias: 13, 14, 21, 27 e 28 de novembro e 4, 5, 11 e 12 de dezembro<br>(quintas e sextas)<br>Hor\u00e1rios: 18h30 (todos os dias) e 20h (sess\u00e3o extra nos dias 21 de novembro, 11 e 12 de dezembro)<br>Local: Museu de Arte Moderna da Bahia &#8211; MAM [Solar do Unh\u00e3o]<br>Entradas: R$ 40 (inteira) e R$ 20 (meia-entrada)<br>Vendas: <a href=\"http:\/\/www.sympla.com.br\/evento\/rainha-vashti-a-roda-teatro-de-bonecos\/3186105\">www.sympla.com.br\/evento\/rainha-vashti-a-roda-teatro-de-bonecos\/3186105<\/a><br>Realiza\u00e7\u00e3o: FUNARTE \u2013 Minist\u00e9rio da Cultura \u2013 Governo Federal<\/p>\n\n\n\n<p><strong>FICHA T\u00c9CNICA<\/strong><\/p>\n\n\n\n<p>Cria\u00e7\u00e3o e produ\u00e7\u00e3o: A RODA<br>Texto: Myriam Fraga<br>Dire\u00e7\u00e3o, adapta\u00e7\u00e3o e bonecos: Olga G\u00f3mez<br>Consultoria e desenho gr\u00e1fico: Marcus Sampaio<br>Dire\u00e7\u00e3o musical: Uibitu Smetak e Amanda Smetak<br>Voz: Rita Assemany<br>Atores animadores: Diego Neres, Hannah Pfeifer, Arthur Lustosa e Paulo Borges (estreia)<br>Luz: Roberto Pedreira e elenco<br>Colaboradores: Maria Iris e Luan Dias<br>Desenho de palco: Roberto Pedreira com assist\u00eancia de Hannah Pfeifer<br>Edi\u00e7\u00e3o e opera\u00e7\u00e3o de som: Arthur Lustosa<br>Produ\u00e7\u00e3o executiva: Luisa Taddei<br>Fotos e v\u00eddeos: Rafael Martins<br>Gest\u00e3o do projeto: Viva ag\u00eancia de ideias<br>Comunica\u00e7\u00e3o e apoio de produ\u00e7\u00e3o: Via Press<br>Assessoria de imprensa: Gabriel Monteiro<br>Apoio institucional: MAM-Bahia<br>Realiza\u00e7\u00e3o: Funarte e Governo do Brasil<\/p>\n","protected":false},"excerpt":{"rendered":"<p>Voltada para o p\u00fablico adulto, a pe\u00e7a aborda o silenciamento da voz feminina como met\u00e1fora para a fragilidade do poder Nas cartas deste baralho,Na ilus\u00e3o deste jogo,Escolho ou sou escolhida,Sou rainha ou sou cativa?Myriam Fraga Adaptado do poema de Myriam Fraga, premiada escritora baiana, o espet\u00e1culo Rainha Vashti foi concebido e produzido pelo Grupo A [&hellip;]<\/p>\n","protected":false},"author":1,"featured_media":8360,"comment_status":"open","ping_status":"open","sticky":false,"template":"","format":"standard","meta":{"footnotes":""},"categories":[10],"tags":[],"class_list":["post-8359","post","type-post","status-publish","format-standard","has-post-thumbnail","hentry","category-bahia"],"yoast_head":"<!-- This site is optimized with the Yoast SEO plugin v21.7 - https:\/\/yoast.com\/wordpress\/plugins\/seo\/ -->\n<title>Espet\u00e1culo Rainha Vashti, encenado pelo Grupo A RODA, mant\u00e9m viva na Bahia a arte milenar do teatro de sombras - Compartilha Bahia<\/title>\n<meta name=\"robots\" content=\"index, follow, max-snippet:-1, max-image-preview:large, max-video-preview:-1\" \/>\n<link rel=\"canonical\" href=\"https:\/\/compartilhabahia.com.br\/index.php\/2025\/11\/06\/espetaculo-rainha-vashti-encenado-pelo-grupo-a-roda-mantem-viva-na-bahia-a-arte-milenar-do-teatro-de-sombras\/\" \/>\n<meta property=\"og:locale\" content=\"pt_BR\" \/>\n<meta property=\"og:type\" content=\"article\" \/>\n<meta property=\"og:title\" content=\"Espet\u00e1culo Rainha Vashti, encenado pelo Grupo A RODA, mant\u00e9m viva na Bahia a arte milenar do teatro de sombras - Compartilha Bahia\" \/>\n<meta property=\"og:description\" content=\"Voltada para o p\u00fablico adulto, a pe\u00e7a aborda o silenciamento da voz feminina como met\u00e1fora para a fragilidade do poder Nas cartas deste baralho,Na ilus\u00e3o deste jogo,Escolho ou sou escolhida,Sou rainha ou sou cativa?Myriam Fraga Adaptado do poema de Myriam Fraga, premiada escritora baiana, o espet\u00e1culo Rainha Vashti foi concebido e produzido pelo Grupo A [&hellip;]\" \/>\n<meta property=\"og:url\" content=\"https:\/\/compartilhabahia.com.br\/index.php\/2025\/11\/06\/espetaculo-rainha-vashti-encenado-pelo-grupo-a-roda-mantem-viva-na-bahia-a-arte-milenar-do-teatro-de-sombras\/\" \/>\n<meta property=\"og:site_name\" content=\"Compartilha Bahia\" \/>\n<meta property=\"article:publisher\" content=\"https:\/\/web.facebook.com\/compartilhabahia\" \/>\n<meta property=\"article:published_time\" content=\"2025-11-07T00:42:11+00:00\" \/>\n<meta property=\"article:modified_time\" content=\"2025-11-07T00:42:54+00:00\" \/>\n<meta property=\"og:image\" content=\"https:\/\/compartilhabahia.com.br\/wp-content\/uploads\/2025\/11\/teatroadulto.jpg\" \/>\n\t<meta property=\"og:image:width\" content=\"960\" \/>\n\t<meta property=\"og:image:height\" content=\"640\" \/>\n\t<meta property=\"og:image:type\" content=\"image\/jpeg\" \/>\n<meta name=\"author\" content=\"admin\" \/>\n<meta name=\"twitter:card\" content=\"summary_large_image\" \/>\n<meta name=\"twitter:label1\" content=\"Escrito por\" \/>\n\t<meta name=\"twitter:data1\" content=\"admin\" \/>\n\t<meta name=\"twitter:label2\" content=\"Est. tempo de leitura\" \/>\n\t<meta name=\"twitter:data2\" content=\"9 minutos\" \/>\n<script type=\"application\/ld+json\" class=\"yoast-schema-graph\">{\"@context\":\"https:\/\/schema.org\",\"@graph\":[{\"@type\":\"Article\",\"@id\":\"https:\/\/compartilhabahia.com.br\/index.php\/2025\/11\/06\/espetaculo-rainha-vashti-encenado-pelo-grupo-a-roda-mantem-viva-na-bahia-a-arte-milenar-do-teatro-de-sombras\/#article\",\"isPartOf\":{\"@id\":\"https:\/\/compartilhabahia.com.br\/index.php\/2025\/11\/06\/espetaculo-rainha-vashti-encenado-pelo-grupo-a-roda-mantem-viva-na-bahia-a-arte-milenar-do-teatro-de-sombras\/\"},\"author\":{\"name\":\"admin\",\"@id\":\"https:\/\/compartilhabahia.com.br\/#\/schema\/person\/9b4f0c3178793b8248d6686732521c04\"},\"headline\":\"Espet\u00e1culo Rainha Vashti, encenado pelo Grupo A RODA, mant\u00e9m viva na Bahia a arte milenar do teatro de sombras\",\"datePublished\":\"2025-11-07T00:42:11+00:00\",\"dateModified\":\"2025-11-07T00:42:54+00:00\",\"mainEntityOfPage\":{\"@id\":\"https:\/\/compartilhabahia.com.br\/index.php\/2025\/11\/06\/espetaculo-rainha-vashti-encenado-pelo-grupo-a-roda-mantem-viva-na-bahia-a-arte-milenar-do-teatro-de-sombras\/\"},\"wordCount\":1541,\"commentCount\":0,\"publisher\":{\"@id\":\"https:\/\/compartilhabahia.com.br\/#organization\"},\"articleSection\":[\"Bahia\"],\"inLanguage\":\"pt-BR\",\"potentialAction\":[{\"@type\":\"CommentAction\",\"name\":\"Comment\",\"target\":[\"https:\/\/compartilhabahia.com.br\/index.php\/2025\/11\/06\/espetaculo-rainha-vashti-encenado-pelo-grupo-a-roda-mantem-viva-na-bahia-a-arte-milenar-do-teatro-de-sombras\/#respond\"]}]},{\"@type\":\"WebPage\",\"@id\":\"https:\/\/compartilhabahia.com.br\/index.php\/2025\/11\/06\/espetaculo-rainha-vashti-encenado-pelo-grupo-a-roda-mantem-viva-na-bahia-a-arte-milenar-do-teatro-de-sombras\/\",\"url\":\"https:\/\/compartilhabahia.com.br\/index.php\/2025\/11\/06\/espetaculo-rainha-vashti-encenado-pelo-grupo-a-roda-mantem-viva-na-bahia-a-arte-milenar-do-teatro-de-sombras\/\",\"name\":\"Espet\u00e1culo Rainha Vashti, encenado pelo Grupo A RODA, mant\u00e9m viva na Bahia a arte milenar do teatro de sombras - Compartilha Bahia\",\"isPartOf\":{\"@id\":\"https:\/\/compartilhabahia.com.br\/#website\"},\"datePublished\":\"2025-11-07T00:42:11+00:00\",\"dateModified\":\"2025-11-07T00:42:54+00:00\",\"breadcrumb\":{\"@id\":\"https:\/\/compartilhabahia.com.br\/index.php\/2025\/11\/06\/espetaculo-rainha-vashti-encenado-pelo-grupo-a-roda-mantem-viva-na-bahia-a-arte-milenar-do-teatro-de-sombras\/#breadcrumb\"},\"inLanguage\":\"pt-BR\",\"potentialAction\":[{\"@type\":\"ReadAction\",\"target\":[\"https:\/\/compartilhabahia.com.br\/index.php\/2025\/11\/06\/espetaculo-rainha-vashti-encenado-pelo-grupo-a-roda-mantem-viva-na-bahia-a-arte-milenar-do-teatro-de-sombras\/\"]}]},{\"@type\":\"BreadcrumbList\",\"@id\":\"https:\/\/compartilhabahia.com.br\/index.php\/2025\/11\/06\/espetaculo-rainha-vashti-encenado-pelo-grupo-a-roda-mantem-viva-na-bahia-a-arte-milenar-do-teatro-de-sombras\/#breadcrumb\",\"itemListElement\":[{\"@type\":\"ListItem\",\"position\":1,\"name\":\"In\u00edcio\",\"item\":\"https:\/\/compartilhabahia.com.br\/\"},{\"@type\":\"ListItem\",\"position\":2,\"name\":\"Espet\u00e1culo Rainha Vashti, encenado pelo Grupo A RODA, mant\u00e9m viva na Bahia a arte milenar do teatro de sombras\"}]},{\"@type\":\"WebSite\",\"@id\":\"https:\/\/compartilhabahia.com.br\/#website\",\"url\":\"https:\/\/compartilhabahia.com.br\/\",\"name\":\"Compartilha Bahia\",\"description\":\"\",\"publisher\":{\"@id\":\"https:\/\/compartilhabahia.com.br\/#organization\"},\"potentialAction\":[{\"@type\":\"SearchAction\",\"target\":{\"@type\":\"EntryPoint\",\"urlTemplate\":\"https:\/\/compartilhabahia.com.br\/?s={search_term_string}\"},\"query-input\":\"required name=search_term_string\"}],\"inLanguage\":\"pt-BR\"},{\"@type\":\"Organization\",\"@id\":\"https:\/\/compartilhabahia.com.br\/#organization\",\"name\":\"Compartilha Bahia\",\"url\":\"https:\/\/compartilhabahia.com.br\/\",\"logo\":{\"@type\":\"ImageObject\",\"inLanguage\":\"pt-BR\",\"@id\":\"https:\/\/compartilhabahia.com.br\/#\/schema\/logo\/image\/\",\"url\":\"https:\/\/compartilhabahia.com.br\/wp-content\/uploads\/2023\/12\/cropped-logo.png\",\"contentUrl\":\"https:\/\/compartilhabahia.com.br\/wp-content\/uploads\/2023\/12\/cropped-logo.png\",\"width\":300,\"height\":106,\"caption\":\"Compartilha Bahia\"},\"image\":{\"@id\":\"https:\/\/compartilhabahia.com.br\/#\/schema\/logo\/image\/\"},\"sameAs\":[\"https:\/\/web.facebook.com\/compartilhabahia\",\"https:\/\/www.instagram.com\/compartilhabahia\/\"]},{\"@type\":\"Person\",\"@id\":\"https:\/\/compartilhabahia.com.br\/#\/schema\/person\/9b4f0c3178793b8248d6686732521c04\",\"name\":\"admin\",\"image\":{\"@type\":\"ImageObject\",\"inLanguage\":\"pt-BR\",\"@id\":\"https:\/\/compartilhabahia.com.br\/#\/schema\/person\/image\/\",\"url\":\"https:\/\/secure.gravatar.com\/avatar\/9600df58751c5acbe914c538c03390ef649ea088cb65f84ba09c7ce66988eed6?s=96&d=mm&r=g\",\"contentUrl\":\"https:\/\/secure.gravatar.com\/avatar\/9600df58751c5acbe914c538c03390ef649ea088cb65f84ba09c7ce66988eed6?s=96&d=mm&r=g\",\"caption\":\"admin\"},\"sameAs\":[\"https:\/\/compartilhabahia.com.br\"],\"url\":\"https:\/\/compartilhabahia.com.br\/index.php\/author\/compartilhabahia\/\"}]}<\/script>\n<!-- \/ Yoast SEO plugin. -->","yoast_head_json":{"title":"Espet\u00e1culo Rainha Vashti, encenado pelo Grupo A RODA, mant\u00e9m viva na Bahia a arte milenar do teatro de sombras - Compartilha Bahia","robots":{"index":"index","follow":"follow","max-snippet":"max-snippet:-1","max-image-preview":"max-image-preview:large","max-video-preview":"max-video-preview:-1"},"canonical":"https:\/\/compartilhabahia.com.br\/index.php\/2025\/11\/06\/espetaculo-rainha-vashti-encenado-pelo-grupo-a-roda-mantem-viva-na-bahia-a-arte-milenar-do-teatro-de-sombras\/","og_locale":"pt_BR","og_type":"article","og_title":"Espet\u00e1culo Rainha Vashti, encenado pelo Grupo A RODA, mant\u00e9m viva na Bahia a arte milenar do teatro de sombras - Compartilha Bahia","og_description":"Voltada para o p\u00fablico adulto, a pe\u00e7a aborda o silenciamento da voz feminina como met\u00e1fora para a fragilidade do poder Nas cartas deste baralho,Na ilus\u00e3o deste jogo,Escolho ou sou escolhida,Sou rainha ou sou cativa?Myriam Fraga Adaptado do poema de Myriam Fraga, premiada escritora baiana, o espet\u00e1culo Rainha Vashti foi concebido e produzido pelo Grupo A [&hellip;]","og_url":"https:\/\/compartilhabahia.com.br\/index.php\/2025\/11\/06\/espetaculo-rainha-vashti-encenado-pelo-grupo-a-roda-mantem-viva-na-bahia-a-arte-milenar-do-teatro-de-sombras\/","og_site_name":"Compartilha Bahia","article_publisher":"https:\/\/web.facebook.com\/compartilhabahia","article_published_time":"2025-11-07T00:42:11+00:00","article_modified_time":"2025-11-07T00:42:54+00:00","og_image":[{"width":960,"height":640,"url":"https:\/\/compartilhabahia.com.br\/wp-content\/uploads\/2025\/11\/teatroadulto.jpg","type":"image\/jpeg"}],"author":"admin","twitter_card":"summary_large_image","twitter_misc":{"Escrito por":"admin","Est. tempo de leitura":"9 minutos"},"schema":{"@context":"https:\/\/schema.org","@graph":[{"@type":"Article","@id":"https:\/\/compartilhabahia.com.br\/index.php\/2025\/11\/06\/espetaculo-rainha-vashti-encenado-pelo-grupo-a-roda-mantem-viva-na-bahia-a-arte-milenar-do-teatro-de-sombras\/#article","isPartOf":{"@id":"https:\/\/compartilhabahia.com.br\/index.php\/2025\/11\/06\/espetaculo-rainha-vashti-encenado-pelo-grupo-a-roda-mantem-viva-na-bahia-a-arte-milenar-do-teatro-de-sombras\/"},"author":{"name":"admin","@id":"https:\/\/compartilhabahia.com.br\/#\/schema\/person\/9b4f0c3178793b8248d6686732521c04"},"headline":"Espet\u00e1culo Rainha Vashti, encenado pelo Grupo A RODA, mant\u00e9m viva na Bahia a arte milenar do teatro de sombras","datePublished":"2025-11-07T00:42:11+00:00","dateModified":"2025-11-07T00:42:54+00:00","mainEntityOfPage":{"@id":"https:\/\/compartilhabahia.com.br\/index.php\/2025\/11\/06\/espetaculo-rainha-vashti-encenado-pelo-grupo-a-roda-mantem-viva-na-bahia-a-arte-milenar-do-teatro-de-sombras\/"},"wordCount":1541,"commentCount":0,"publisher":{"@id":"https:\/\/compartilhabahia.com.br\/#organization"},"articleSection":["Bahia"],"inLanguage":"pt-BR","potentialAction":[{"@type":"CommentAction","name":"Comment","target":["https:\/\/compartilhabahia.com.br\/index.php\/2025\/11\/06\/espetaculo-rainha-vashti-encenado-pelo-grupo-a-roda-mantem-viva-na-bahia-a-arte-milenar-do-teatro-de-sombras\/#respond"]}]},{"@type":"WebPage","@id":"https:\/\/compartilhabahia.com.br\/index.php\/2025\/11\/06\/espetaculo-rainha-vashti-encenado-pelo-grupo-a-roda-mantem-viva-na-bahia-a-arte-milenar-do-teatro-de-sombras\/","url":"https:\/\/compartilhabahia.com.br\/index.php\/2025\/11\/06\/espetaculo-rainha-vashti-encenado-pelo-grupo-a-roda-mantem-viva-na-bahia-a-arte-milenar-do-teatro-de-sombras\/","name":"Espet\u00e1culo Rainha Vashti, encenado pelo Grupo A RODA, mant\u00e9m viva na Bahia a arte milenar do teatro de sombras - Compartilha Bahia","isPartOf":{"@id":"https:\/\/compartilhabahia.com.br\/#website"},"datePublished":"2025-11-07T00:42:11+00:00","dateModified":"2025-11-07T00:42:54+00:00","breadcrumb":{"@id":"https:\/\/compartilhabahia.com.br\/index.php\/2025\/11\/06\/espetaculo-rainha-vashti-encenado-pelo-grupo-a-roda-mantem-viva-na-bahia-a-arte-milenar-do-teatro-de-sombras\/#breadcrumb"},"inLanguage":"pt-BR","potentialAction":[{"@type":"ReadAction","target":["https:\/\/compartilhabahia.com.br\/index.php\/2025\/11\/06\/espetaculo-rainha-vashti-encenado-pelo-grupo-a-roda-mantem-viva-na-bahia-a-arte-milenar-do-teatro-de-sombras\/"]}]},{"@type":"BreadcrumbList","@id":"https:\/\/compartilhabahia.com.br\/index.php\/2025\/11\/06\/espetaculo-rainha-vashti-encenado-pelo-grupo-a-roda-mantem-viva-na-bahia-a-arte-milenar-do-teatro-de-sombras\/#breadcrumb","itemListElement":[{"@type":"ListItem","position":1,"name":"In\u00edcio","item":"https:\/\/compartilhabahia.com.br\/"},{"@type":"ListItem","position":2,"name":"Espet\u00e1culo Rainha Vashti, encenado pelo Grupo A RODA, mant\u00e9m viva na Bahia a arte milenar do teatro de sombras"}]},{"@type":"WebSite","@id":"https:\/\/compartilhabahia.com.br\/#website","url":"https:\/\/compartilhabahia.com.br\/","name":"Compartilha Bahia","description":"","publisher":{"@id":"https:\/\/compartilhabahia.com.br\/#organization"},"potentialAction":[{"@type":"SearchAction","target":{"@type":"EntryPoint","urlTemplate":"https:\/\/compartilhabahia.com.br\/?s={search_term_string}"},"query-input":"required name=search_term_string"}],"inLanguage":"pt-BR"},{"@type":"Organization","@id":"https:\/\/compartilhabahia.com.br\/#organization","name":"Compartilha Bahia","url":"https:\/\/compartilhabahia.com.br\/","logo":{"@type":"ImageObject","inLanguage":"pt-BR","@id":"https:\/\/compartilhabahia.com.br\/#\/schema\/logo\/image\/","url":"https:\/\/compartilhabahia.com.br\/wp-content\/uploads\/2023\/12\/cropped-logo.png","contentUrl":"https:\/\/compartilhabahia.com.br\/wp-content\/uploads\/2023\/12\/cropped-logo.png","width":300,"height":106,"caption":"Compartilha Bahia"},"image":{"@id":"https:\/\/compartilhabahia.com.br\/#\/schema\/logo\/image\/"},"sameAs":["https:\/\/web.facebook.com\/compartilhabahia","https:\/\/www.instagram.com\/compartilhabahia\/"]},{"@type":"Person","@id":"https:\/\/compartilhabahia.com.br\/#\/schema\/person\/9b4f0c3178793b8248d6686732521c04","name":"admin","image":{"@type":"ImageObject","inLanguage":"pt-BR","@id":"https:\/\/compartilhabahia.com.br\/#\/schema\/person\/image\/","url":"https:\/\/secure.gravatar.com\/avatar\/9600df58751c5acbe914c538c03390ef649ea088cb65f84ba09c7ce66988eed6?s=96&d=mm&r=g","contentUrl":"https:\/\/secure.gravatar.com\/avatar\/9600df58751c5acbe914c538c03390ef649ea088cb65f84ba09c7ce66988eed6?s=96&d=mm&r=g","caption":"admin"},"sameAs":["https:\/\/compartilhabahia.com.br"],"url":"https:\/\/compartilhabahia.com.br\/index.php\/author\/compartilhabahia\/"}]}},"_links":{"self":[{"href":"https:\/\/compartilhabahia.com.br\/index.php\/wp-json\/wp\/v2\/posts\/8359","targetHints":{"allow":["GET"]}}],"collection":[{"href":"https:\/\/compartilhabahia.com.br\/index.php\/wp-json\/wp\/v2\/posts"}],"about":[{"href":"https:\/\/compartilhabahia.com.br\/index.php\/wp-json\/wp\/v2\/types\/post"}],"author":[{"embeddable":true,"href":"https:\/\/compartilhabahia.com.br\/index.php\/wp-json\/wp\/v2\/users\/1"}],"replies":[{"embeddable":true,"href":"https:\/\/compartilhabahia.com.br\/index.php\/wp-json\/wp\/v2\/comments?post=8359"}],"version-history":[{"count":1,"href":"https:\/\/compartilhabahia.com.br\/index.php\/wp-json\/wp\/v2\/posts\/8359\/revisions"}],"predecessor-version":[{"id":8361,"href":"https:\/\/compartilhabahia.com.br\/index.php\/wp-json\/wp\/v2\/posts\/8359\/revisions\/8361"}],"wp:featuredmedia":[{"embeddable":true,"href":"https:\/\/compartilhabahia.com.br\/index.php\/wp-json\/wp\/v2\/media\/8360"}],"wp:attachment":[{"href":"https:\/\/compartilhabahia.com.br\/index.php\/wp-json\/wp\/v2\/media?parent=8359"}],"wp:term":[{"taxonomy":"category","embeddable":true,"href":"https:\/\/compartilhabahia.com.br\/index.php\/wp-json\/wp\/v2\/categories?post=8359"},{"taxonomy":"post_tag","embeddable":true,"href":"https:\/\/compartilhabahia.com.br\/index.php\/wp-json\/wp\/v2\/tags?post=8359"}],"curies":[{"name":"wp","href":"https:\/\/api.w.org\/{rel}","templated":true}]}}