{"id":8228,"date":"2025-10-23T13:15:53","date_gmt":"2025-10-23T16:15:53","guid":{"rendered":"https:\/\/compartilhabahia.com.br\/?p=8228"},"modified":"2025-10-23T13:17:06","modified_gmt":"2025-10-23T16:17:06","slug":"regularizacao-de-debitos-refis-2025-foi-publicado-ontem-no-do-de-camacari","status":"publish","type":"post","link":"https:\/\/compartilhabahia.com.br\/index.php\/2025\/10\/23\/regularizacao-de-debitos-refis-2025-foi-publicado-ontem-no-do-de-camacari\/","title":{"rendered":"Regulariza\u00e7\u00e3o de d\u00e9bitos: REFIS 2025 foi publicado ontem no DO de Cama\u00e7ari"},"content":{"rendered":"\n<p><strong>Prefeitura oportuniza regulariza\u00e7\u00e3o de d\u00e9bitos com o REFIS 2025<\/strong><\/p>\n\n\n\n<p><\/p>\n\n\n\n<p>Contribuintes de Cama\u00e7ari t\u00eam a possibilidade de regularizar os d\u00e9bitos tribut\u00e1rios e n\u00e3o tribut\u00e1rios, ajuizados e n\u00e3o ajuizados, vencidos at\u00e9 31 de dezembro de 2024, com at\u00e9 100% de desconto em juros e multas. \u00c9 que a Prefeitura de Cama\u00e7ari, por meio da Secretaria da Fazenda (Sefaz), inicia o Programa de Refinanciamento Fiscal (REFIS) 2025 nesta quinta-feira (23). O prazo para ades\u00e3o ao REFIS 2025 seguir\u00e1 at\u00e9 12 de dezembro.<\/p>\n\n\n\n<p>O contribuinte pode realizar a ades\u00e3o e o pagamento de forma online, com login e senha diretamente no Sistema Tribut\u00e1rio Municipal (STM). Os descontos sobre multas e juros de mora ocorrer\u00e3o de acordo com as seguintes formas de pagamento: \u00e0 vista, 100%; at\u00e9 12 parcelas, 75%; de 13 at\u00e9 24 parcelas, 60%; de 25 at\u00e9 36 parcelas, 30%. Os honor\u00e1rios advocat\u00edcios ter\u00e3o 50% de redu\u00e7\u00e3o, conforme a forma de pagamento escolhida.<\/p>\n\n\n\n<p>Dentre os d\u00e9bitos contemplados est\u00e3o: Imposto Predial e Territorial Urbano (IPTU), Imposto sobre Servi\u00e7os (ISS), Imposto sobre a Transmiss\u00e3o Inter Vivos de Bens Im\u00f3veis (ITIV), Taxa de Coleta, Remo\u00e7\u00e3o e Destina\u00e7\u00e3o de Res\u00edduos S\u00f3lidos Domiciliares (TRSD), Taxa de Licen\u00e7a de Localiza\u00e7\u00e3o (TLL), Taxa de Vigil\u00e2ncia Sanit\u00e1ria (TVS), Contribui\u00e7\u00e3o para Custeio do Servi\u00e7o de Ilumina\u00e7\u00e3o P\u00fablica (COSIP), Taxa de Fiscaliza\u00e7\u00e3o do Funcionamento (TFF), Pre\u00e7os P\u00fablicos e demais tributos municipais.<\/p>\n\n\n\n<p>O REFIS, regulamentado pela Lei n\u00ba 1995\/2025 [<a rel=\"noreferrer noopener\" target=\"_blank\" href=\"https:\/\/na01.safelinks.protection.outlook.com\/?url=https%3A%2F%2Fwww.camacari.ba.gov.br%2Fwp-content%2Fuploads%2F2025%2F10%2F2o-caderno-diario-2736.certificado.pdf&amp;data=05%7C02%7C%7C26b33ff88c5c442269d308de12361199%7C84df9e7fe9f640afb435aaaaaaaaaaaa%7C1%7C0%7C638968220668707187%7CUnknown%7CTWFpbGZsb3d8eyJFbXB0eU1hcGkiOnRydWUsIlYiOiIwLjAuMDAwMCIsIlAiOiJXaW4zMiIsIkFOIjoiTWFpbCIsIldUIjoyfQ%3D%3D%7C0%7C%7C%7C&amp;sdata=qf4y3gXHvncdnXo0FTIQfvsgVRx3M4ECs2MiO7SAnOw%3D&amp;reserved=0\">https:\/\/www.camacari.ba.gov.br\/wp-content\/uploads\/2025\/10\/2o-caderno-diario-2736.certificado.pdf<\/a>], garante condi\u00e7\u00f5es facilitadas para quita\u00e7\u00e3o de d\u00e9bitos, representando uma oportunidade de recupera\u00e7\u00e3o de cr\u00e9ditos para o munic\u00edpio e de regulariza\u00e7\u00e3o fiscal para os contribuintes. Para outras informa\u00e7\u00f5es, o interessado pode falar diretamente com a Sefaz, por meio dos canais de comunica\u00e7\u00e3o: call center, no n\u00famero (71) 2886-1345, ou pelo WhatsApp (71) 98796-9856.<\/p>\n\n\n\n<p>Caso seja necess\u00e1rio atendimento presencial, os contribuintes podem buscar a Coordenadoria de Informa\u00e7\u00f5es Fiscais (Cinf). Na sede, localizada no t\u00e9rreo do pr\u00e9dio azul, no Centro Administrativo de Cama\u00e7ari; e na regi\u00e3o litor\u00e2nea, os servi\u00e7os s\u00e3o oferecidos em Vila de Abrantes (no Centro Comercial de Abrantes), em Arembepe (no Shopping Linha Verde) e em Monte Gordo (no Shopping Guarajuba).<\/p>\n\n\n\n<p>Conforme a legisla\u00e7\u00e3o vigente, sobre os d\u00e9bitos inclu\u00eddos no REFIS incidir\u00e3o atualiza\u00e7\u00e3o monet\u00e1ria, multas e juros de mora at\u00e9 a data da formaliza\u00e7\u00e3o do pedido de ades\u00e3o, bem como custas processuais e honor\u00e1rios advocat\u00edcios.<\/p>\n\n\n\n<p>Foto: Rafael Kuster<\/p>\n","protected":false},"excerpt":{"rendered":"<p>Prefeitura oportuniza regulariza\u00e7\u00e3o de d\u00e9bitos com o REFIS 2025 Contribuintes de Cama\u00e7ari t\u00eam a possibilidade de regularizar os d\u00e9bitos tribut\u00e1rios e n\u00e3o tribut\u00e1rios, ajuizados e n\u00e3o ajuizados, vencidos at\u00e9 31 de dezembro de 2024, com at\u00e9 100% de desconto em juros e multas. \u00c9 que a Prefeitura de Cama\u00e7ari, por meio da Secretaria da Fazenda [&hellip;]<\/p>\n","protected":false},"author":1,"featured_media":8229,"comment_status":"open","ping_status":"open","sticky":false,"template":"","format":"standard","meta":{"footnotes":""},"categories":[8,2],"tags":[],"class_list":["post-8228","post","type-post","status-publish","format-standard","has-post-thumbnail","hentry","category-camacari","category-noticias"],"yoast_head":"<!-- This site is optimized with the Yoast SEO plugin v21.7 - https:\/\/yoast.com\/wordpress\/plugins\/seo\/ -->\n<title>Regulariza\u00e7\u00e3o de d\u00e9bitos: REFIS 2025 foi publicado ontem no DO de Cama\u00e7ari - Compartilha Bahia<\/title>\n<meta name=\"robots\" content=\"index, follow, max-snippet:-1, max-image-preview:large, max-video-preview:-1\" \/>\n<link rel=\"canonical\" href=\"https:\/\/compartilhabahia.com.br\/index.php\/2025\/10\/23\/regularizacao-de-debitos-refis-2025-foi-publicado-ontem-no-do-de-camacari\/\" \/>\n<meta property=\"og:locale\" content=\"pt_BR\" \/>\n<meta property=\"og:type\" content=\"article\" \/>\n<meta property=\"og:title\" content=\"Regulariza\u00e7\u00e3o de d\u00e9bitos: REFIS 2025 foi publicado ontem no DO de Cama\u00e7ari - Compartilha Bahia\" \/>\n<meta property=\"og:description\" content=\"Prefeitura oportuniza regulariza\u00e7\u00e3o de d\u00e9bitos com o REFIS 2025 Contribuintes de Cama\u00e7ari t\u00eam a possibilidade de regularizar os d\u00e9bitos tribut\u00e1rios e n\u00e3o tribut\u00e1rios, ajuizados e n\u00e3o ajuizados, vencidos at\u00e9 31 de dezembro de 2024, com at\u00e9 100% de desconto em juros e multas. \u00c9 que a Prefeitura de Cama\u00e7ari, por meio da Secretaria da Fazenda [&hellip;]\" \/>\n<meta property=\"og:url\" content=\"https:\/\/compartilhabahia.com.br\/index.php\/2025\/10\/23\/regularizacao-de-debitos-refis-2025-foi-publicado-ontem-no-do-de-camacari\/\" \/>\n<meta property=\"og:site_name\" content=\"Compartilha Bahia\" \/>\n<meta property=\"article:publisher\" content=\"https:\/\/web.facebook.com\/compartilhabahia\" \/>\n<meta property=\"article:published_time\" content=\"2025-10-23T16:15:53+00:00\" \/>\n<meta property=\"article:modified_time\" content=\"2025-10-23T16:17:06+00:00\" \/>\n<meta property=\"og:image\" content=\"https:\/\/compartilhabahia.com.br\/wp-content\/uploads\/2025\/10\/diariooficialrefiz.jpg\" \/>\n\t<meta property=\"og:image:width\" content=\"780\" \/>\n\t<meta property=\"og:image:height\" content=\"570\" \/>\n\t<meta property=\"og:image:type\" content=\"image\/jpeg\" \/>\n<meta name=\"author\" content=\"admin\" \/>\n<meta name=\"twitter:card\" content=\"summary_large_image\" \/>\n<meta name=\"twitter:label1\" content=\"Escrito por\" \/>\n\t<meta name=\"twitter:data1\" content=\"admin\" \/>\n\t<meta name=\"twitter:label2\" content=\"Est. tempo de leitura\" \/>\n\t<meta name=\"twitter:data2\" content=\"3 minutos\" \/>\n<script type=\"application\/ld+json\" class=\"yoast-schema-graph\">{\"@context\":\"https:\/\/schema.org\",\"@graph\":[{\"@type\":\"Article\",\"@id\":\"https:\/\/compartilhabahia.com.br\/index.php\/2025\/10\/23\/regularizacao-de-debitos-refis-2025-foi-publicado-ontem-no-do-de-camacari\/#article\",\"isPartOf\":{\"@id\":\"https:\/\/compartilhabahia.com.br\/index.php\/2025\/10\/23\/regularizacao-de-debitos-refis-2025-foi-publicado-ontem-no-do-de-camacari\/\"},\"author\":{\"name\":\"admin\",\"@id\":\"https:\/\/compartilhabahia.com.br\/#\/schema\/person\/9b4f0c3178793b8248d6686732521c04\"},\"headline\":\"Regulariza\u00e7\u00e3o de d\u00e9bitos: REFIS 2025 foi publicado ontem no DO de Cama\u00e7ari\",\"datePublished\":\"2025-10-23T16:15:53+00:00\",\"dateModified\":\"2025-10-23T16:17:06+00:00\",\"mainEntityOfPage\":{\"@id\":\"https:\/\/compartilhabahia.com.br\/index.php\/2025\/10\/23\/regularizacao-de-debitos-refis-2025-foi-publicado-ontem-no-do-de-camacari\/\"},\"wordCount\":441,\"commentCount\":0,\"publisher\":{\"@id\":\"https:\/\/compartilhabahia.com.br\/#organization\"},\"articleSection\":[\"Cama\u00e7ari\",\"Noticias\"],\"inLanguage\":\"pt-BR\",\"potentialAction\":[{\"@type\":\"CommentAction\",\"name\":\"Comment\",\"target\":[\"https:\/\/compartilhabahia.com.br\/index.php\/2025\/10\/23\/regularizacao-de-debitos-refis-2025-foi-publicado-ontem-no-do-de-camacari\/#respond\"]}]},{\"@type\":\"WebPage\",\"@id\":\"https:\/\/compartilhabahia.com.br\/index.php\/2025\/10\/23\/regularizacao-de-debitos-refis-2025-foi-publicado-ontem-no-do-de-camacari\/\",\"url\":\"https:\/\/compartilhabahia.com.br\/index.php\/2025\/10\/23\/regularizacao-de-debitos-refis-2025-foi-publicado-ontem-no-do-de-camacari\/\",\"name\":\"Regulariza\u00e7\u00e3o de d\u00e9bitos: REFIS 2025 foi publicado ontem no DO de Cama\u00e7ari - Compartilha Bahia\",\"isPartOf\":{\"@id\":\"https:\/\/compartilhabahia.com.br\/#website\"},\"datePublished\":\"2025-10-23T16:15:53+00:00\",\"dateModified\":\"2025-10-23T16:17:06+00:00\",\"breadcrumb\":{\"@id\":\"https:\/\/compartilhabahia.com.br\/index.php\/2025\/10\/23\/regularizacao-de-debitos-refis-2025-foi-publicado-ontem-no-do-de-camacari\/#breadcrumb\"},\"inLanguage\":\"pt-BR\",\"potentialAction\":[{\"@type\":\"ReadAction\",\"target\":[\"https:\/\/compartilhabahia.com.br\/index.php\/2025\/10\/23\/regularizacao-de-debitos-refis-2025-foi-publicado-ontem-no-do-de-camacari\/\"]}]},{\"@type\":\"BreadcrumbList\",\"@id\":\"https:\/\/compartilhabahia.com.br\/index.php\/2025\/10\/23\/regularizacao-de-debitos-refis-2025-foi-publicado-ontem-no-do-de-camacari\/#breadcrumb\",\"itemListElement\":[{\"@type\":\"ListItem\",\"position\":1,\"name\":\"In\u00edcio\",\"item\":\"https:\/\/compartilhabahia.com.br\/\"},{\"@type\":\"ListItem\",\"position\":2,\"name\":\"Regulariza\u00e7\u00e3o de d\u00e9bitos: REFIS 2025 foi publicado ontem no DO de Cama\u00e7ari\"}]},{\"@type\":\"WebSite\",\"@id\":\"https:\/\/compartilhabahia.com.br\/#website\",\"url\":\"https:\/\/compartilhabahia.com.br\/\",\"name\":\"Compartilha Bahia\",\"description\":\"\",\"publisher\":{\"@id\":\"https:\/\/compartilhabahia.com.br\/#organization\"},\"potentialAction\":[{\"@type\":\"SearchAction\",\"target\":{\"@type\":\"EntryPoint\",\"urlTemplate\":\"https:\/\/compartilhabahia.com.br\/?s={search_term_string}\"},\"query-input\":\"required name=search_term_string\"}],\"inLanguage\":\"pt-BR\"},{\"@type\":\"Organization\",\"@id\":\"https:\/\/compartilhabahia.com.br\/#organization\",\"name\":\"Compartilha Bahia\",\"url\":\"https:\/\/compartilhabahia.com.br\/\",\"logo\":{\"@type\":\"ImageObject\",\"inLanguage\":\"pt-BR\",\"@id\":\"https:\/\/compartilhabahia.com.br\/#\/schema\/logo\/image\/\",\"url\":\"https:\/\/compartilhabahia.com.br\/wp-content\/uploads\/2023\/12\/cropped-logo.png\",\"contentUrl\":\"https:\/\/compartilhabahia.com.br\/wp-content\/uploads\/2023\/12\/cropped-logo.png\",\"width\":300,\"height\":106,\"caption\":\"Compartilha Bahia\"},\"image\":{\"@id\":\"https:\/\/compartilhabahia.com.br\/#\/schema\/logo\/image\/\"},\"sameAs\":[\"https:\/\/web.facebook.com\/compartilhabahia\",\"https:\/\/www.instagram.com\/compartilhabahia\/\"]},{\"@type\":\"Person\",\"@id\":\"https:\/\/compartilhabahia.com.br\/#\/schema\/person\/9b4f0c3178793b8248d6686732521c04\",\"name\":\"admin\",\"image\":{\"@type\":\"ImageObject\",\"inLanguage\":\"pt-BR\",\"@id\":\"https:\/\/compartilhabahia.com.br\/#\/schema\/person\/image\/\",\"url\":\"https:\/\/secure.gravatar.com\/avatar\/9600df58751c5acbe914c538c03390ef649ea088cb65f84ba09c7ce66988eed6?s=96&d=mm&r=g\",\"contentUrl\":\"https:\/\/secure.gravatar.com\/avatar\/9600df58751c5acbe914c538c03390ef649ea088cb65f84ba09c7ce66988eed6?s=96&d=mm&r=g\",\"caption\":\"admin\"},\"sameAs\":[\"https:\/\/compartilhabahia.com.br\"],\"url\":\"https:\/\/compartilhabahia.com.br\/index.php\/author\/compartilhabahia\/\"}]}<\/script>\n<!-- \/ Yoast SEO plugin. -->","yoast_head_json":{"title":"Regulariza\u00e7\u00e3o de d\u00e9bitos: REFIS 2025 foi publicado ontem no DO de Cama\u00e7ari - Compartilha Bahia","robots":{"index":"index","follow":"follow","max-snippet":"max-snippet:-1","max-image-preview":"max-image-preview:large","max-video-preview":"max-video-preview:-1"},"canonical":"https:\/\/compartilhabahia.com.br\/index.php\/2025\/10\/23\/regularizacao-de-debitos-refis-2025-foi-publicado-ontem-no-do-de-camacari\/","og_locale":"pt_BR","og_type":"article","og_title":"Regulariza\u00e7\u00e3o de d\u00e9bitos: REFIS 2025 foi publicado ontem no DO de Cama\u00e7ari - Compartilha Bahia","og_description":"Prefeitura oportuniza regulariza\u00e7\u00e3o de d\u00e9bitos com o REFIS 2025 Contribuintes de Cama\u00e7ari t\u00eam a possibilidade de regularizar os d\u00e9bitos tribut\u00e1rios e n\u00e3o tribut\u00e1rios, ajuizados e n\u00e3o ajuizados, vencidos at\u00e9 31 de dezembro de 2024, com at\u00e9 100% de desconto em juros e multas. \u00c9 que a Prefeitura de Cama\u00e7ari, por meio da Secretaria da Fazenda [&hellip;]","og_url":"https:\/\/compartilhabahia.com.br\/index.php\/2025\/10\/23\/regularizacao-de-debitos-refis-2025-foi-publicado-ontem-no-do-de-camacari\/","og_site_name":"Compartilha Bahia","article_publisher":"https:\/\/web.facebook.com\/compartilhabahia","article_published_time":"2025-10-23T16:15:53+00:00","article_modified_time":"2025-10-23T16:17:06+00:00","og_image":[{"width":780,"height":570,"url":"https:\/\/compartilhabahia.com.br\/wp-content\/uploads\/2025\/10\/diariooficialrefiz.jpg","type":"image\/jpeg"}],"author":"admin","twitter_card":"summary_large_image","twitter_misc":{"Escrito por":"admin","Est. tempo de leitura":"3 minutos"},"schema":{"@context":"https:\/\/schema.org","@graph":[{"@type":"Article","@id":"https:\/\/compartilhabahia.com.br\/index.php\/2025\/10\/23\/regularizacao-de-debitos-refis-2025-foi-publicado-ontem-no-do-de-camacari\/#article","isPartOf":{"@id":"https:\/\/compartilhabahia.com.br\/index.php\/2025\/10\/23\/regularizacao-de-debitos-refis-2025-foi-publicado-ontem-no-do-de-camacari\/"},"author":{"name":"admin","@id":"https:\/\/compartilhabahia.com.br\/#\/schema\/person\/9b4f0c3178793b8248d6686732521c04"},"headline":"Regulariza\u00e7\u00e3o de d\u00e9bitos: REFIS 2025 foi publicado ontem no DO de Cama\u00e7ari","datePublished":"2025-10-23T16:15:53+00:00","dateModified":"2025-10-23T16:17:06+00:00","mainEntityOfPage":{"@id":"https:\/\/compartilhabahia.com.br\/index.php\/2025\/10\/23\/regularizacao-de-debitos-refis-2025-foi-publicado-ontem-no-do-de-camacari\/"},"wordCount":441,"commentCount":0,"publisher":{"@id":"https:\/\/compartilhabahia.com.br\/#organization"},"articleSection":["Cama\u00e7ari","Noticias"],"inLanguage":"pt-BR","potentialAction":[{"@type":"CommentAction","name":"Comment","target":["https:\/\/compartilhabahia.com.br\/index.php\/2025\/10\/23\/regularizacao-de-debitos-refis-2025-foi-publicado-ontem-no-do-de-camacari\/#respond"]}]},{"@type":"WebPage","@id":"https:\/\/compartilhabahia.com.br\/index.php\/2025\/10\/23\/regularizacao-de-debitos-refis-2025-foi-publicado-ontem-no-do-de-camacari\/","url":"https:\/\/compartilhabahia.com.br\/index.php\/2025\/10\/23\/regularizacao-de-debitos-refis-2025-foi-publicado-ontem-no-do-de-camacari\/","name":"Regulariza\u00e7\u00e3o de d\u00e9bitos: REFIS 2025 foi publicado ontem no DO de Cama\u00e7ari - Compartilha Bahia","isPartOf":{"@id":"https:\/\/compartilhabahia.com.br\/#website"},"datePublished":"2025-10-23T16:15:53+00:00","dateModified":"2025-10-23T16:17:06+00:00","breadcrumb":{"@id":"https:\/\/compartilhabahia.com.br\/index.php\/2025\/10\/23\/regularizacao-de-debitos-refis-2025-foi-publicado-ontem-no-do-de-camacari\/#breadcrumb"},"inLanguage":"pt-BR","potentialAction":[{"@type":"ReadAction","target":["https:\/\/compartilhabahia.com.br\/index.php\/2025\/10\/23\/regularizacao-de-debitos-refis-2025-foi-publicado-ontem-no-do-de-camacari\/"]}]},{"@type":"BreadcrumbList","@id":"https:\/\/compartilhabahia.com.br\/index.php\/2025\/10\/23\/regularizacao-de-debitos-refis-2025-foi-publicado-ontem-no-do-de-camacari\/#breadcrumb","itemListElement":[{"@type":"ListItem","position":1,"name":"In\u00edcio","item":"https:\/\/compartilhabahia.com.br\/"},{"@type":"ListItem","position":2,"name":"Regulariza\u00e7\u00e3o de d\u00e9bitos: REFIS 2025 foi publicado ontem no DO de Cama\u00e7ari"}]},{"@type":"WebSite","@id":"https:\/\/compartilhabahia.com.br\/#website","url":"https:\/\/compartilhabahia.com.br\/","name":"Compartilha Bahia","description":"","publisher":{"@id":"https:\/\/compartilhabahia.com.br\/#organization"},"potentialAction":[{"@type":"SearchAction","target":{"@type":"EntryPoint","urlTemplate":"https:\/\/compartilhabahia.com.br\/?s={search_term_string}"},"query-input":"required name=search_term_string"}],"inLanguage":"pt-BR"},{"@type":"Organization","@id":"https:\/\/compartilhabahia.com.br\/#organization","name":"Compartilha Bahia","url":"https:\/\/compartilhabahia.com.br\/","logo":{"@type":"ImageObject","inLanguage":"pt-BR","@id":"https:\/\/compartilhabahia.com.br\/#\/schema\/logo\/image\/","url":"https:\/\/compartilhabahia.com.br\/wp-content\/uploads\/2023\/12\/cropped-logo.png","contentUrl":"https:\/\/compartilhabahia.com.br\/wp-content\/uploads\/2023\/12\/cropped-logo.png","width":300,"height":106,"caption":"Compartilha Bahia"},"image":{"@id":"https:\/\/compartilhabahia.com.br\/#\/schema\/logo\/image\/"},"sameAs":["https:\/\/web.facebook.com\/compartilhabahia","https:\/\/www.instagram.com\/compartilhabahia\/"]},{"@type":"Person","@id":"https:\/\/compartilhabahia.com.br\/#\/schema\/person\/9b4f0c3178793b8248d6686732521c04","name":"admin","image":{"@type":"ImageObject","inLanguage":"pt-BR","@id":"https:\/\/compartilhabahia.com.br\/#\/schema\/person\/image\/","url":"https:\/\/secure.gravatar.com\/avatar\/9600df58751c5acbe914c538c03390ef649ea088cb65f84ba09c7ce66988eed6?s=96&d=mm&r=g","contentUrl":"https:\/\/secure.gravatar.com\/avatar\/9600df58751c5acbe914c538c03390ef649ea088cb65f84ba09c7ce66988eed6?s=96&d=mm&r=g","caption":"admin"},"sameAs":["https:\/\/compartilhabahia.com.br"],"url":"https:\/\/compartilhabahia.com.br\/index.php\/author\/compartilhabahia\/"}]}},"_links":{"self":[{"href":"https:\/\/compartilhabahia.com.br\/index.php\/wp-json\/wp\/v2\/posts\/8228","targetHints":{"allow":["GET"]}}],"collection":[{"href":"https:\/\/compartilhabahia.com.br\/index.php\/wp-json\/wp\/v2\/posts"}],"about":[{"href":"https:\/\/compartilhabahia.com.br\/index.php\/wp-json\/wp\/v2\/types\/post"}],"author":[{"embeddable":true,"href":"https:\/\/compartilhabahia.com.br\/index.php\/wp-json\/wp\/v2\/users\/1"}],"replies":[{"embeddable":true,"href":"https:\/\/compartilhabahia.com.br\/index.php\/wp-json\/wp\/v2\/comments?post=8228"}],"version-history":[{"count":1,"href":"https:\/\/compartilhabahia.com.br\/index.php\/wp-json\/wp\/v2\/posts\/8228\/revisions"}],"predecessor-version":[{"id":8230,"href":"https:\/\/compartilhabahia.com.br\/index.php\/wp-json\/wp\/v2\/posts\/8228\/revisions\/8230"}],"wp:featuredmedia":[{"embeddable":true,"href":"https:\/\/compartilhabahia.com.br\/index.php\/wp-json\/wp\/v2\/media\/8229"}],"wp:attachment":[{"href":"https:\/\/compartilhabahia.com.br\/index.php\/wp-json\/wp\/v2\/media?parent=8228"}],"wp:term":[{"taxonomy":"category","embeddable":true,"href":"https:\/\/compartilhabahia.com.br\/index.php\/wp-json\/wp\/v2\/categories?post=8228"},{"taxonomy":"post_tag","embeddable":true,"href":"https:\/\/compartilhabahia.com.br\/index.php\/wp-json\/wp\/v2\/tags?post=8228"}],"curies":[{"name":"wp","href":"https:\/\/api.w.org\/{rel}","templated":true}]}}