{"id":8216,"date":"2025-10-21T19:26:55","date_gmt":"2025-10-21T22:26:55","guid":{"rendered":"https:\/\/compartilhabahia.com.br\/?p=8216"},"modified":"2025-10-21T19:26:57","modified_gmt":"2025-10-21T22:26:57","slug":"pela-primeira-vez-uma-mulher-assume-comando-da-59a-cipm-de-abrantes","status":"publish","type":"post","link":"https:\/\/compartilhabahia.com.br\/index.php\/2025\/10\/21\/pela-primeira-vez-uma-mulher-assume-comando-da-59a-cipm-de-abrantes\/","title":{"rendered":"Pela primeira vez, uma mulher assume comando da 59\u00aa CIPM de Abrantes"},"content":{"rendered":"\n<p>A 59\u00aa Companhia Independente da Pol\u00edcia Militar (CIPM) \u2013 Vila de Abrantes est\u00e1 sob novo comando. Pela primeira vez na hist\u00f3ria, uma mulher estar\u00e1 \u00e0 frente da corpora\u00e7\u00e3o: a major Jeane Nascimento Ferreira da Silva Sousa. A cerim\u00f4nia de passagem de comando foi realizada nesta ter\u00e7a-feira (21), no audit\u00f3rio da empresa Tronox, no Polo Industrial de Cama\u00e7ari.<\/p>\n\n\n\n<p>A vice-prefeita, Pastora D\u00e9a Santos, deu as boas-vindas \u00e0 nova comandante. \u201cSabemos do comprometimento que a pol\u00edcia tem na quest\u00e3o de diminuir os \u00edndices da viol\u00eancia tamb\u00e9m aqui na orla, e vamos continuar trabalhando nessa parceria com o Governo do Estado e a Pol\u00edcia Militar. Est\u00e1 chegando o ver\u00e3o e eu tenho certeza que com todo o planejamento que vem sendo feito, e com todo o di\u00e1logo que temos, n\u00f3s vamos conseguir ter \u00eaxito e sucesso nesse novo comando\u201d, afirmou, ao agradecer o trabalho do antigo comandante.<\/p>\n\n\n\n<p>Representando o prefeito Luiz Caetano na cerim\u00f4nia, a titular da Secretaria de Governo (Segov), Ednalva Santana, evidenciou a parceria entre a Prefeitura de Cama\u00e7ari e a PM. \u201cN\u00f3s temos dois desafios grandes. Nomeamos o Gabinete de Gest\u00e3o Integrada na Secretaria de Governo, para que a gente possa trabalhar junto com todos os \u00f3rg\u00e3os no sentido de prevenir e combater a viol\u00eancia. E, al\u00e9m disso, n\u00f3s vamos assinar junto ao Governo do Estado o programa Bahia Pela Paz, que j\u00e1 vai instalar, neste ano, em Cama\u00e7ari, um coletivo na regi\u00e3o dos Phoc\u2019s e outro aqui em Abrantes\u201d, pontuou.<\/p>\n\n\n\n<p>O condutor da cerim\u00f4nia foi o comandante do Comando de Policiamento da Regi\u00e3o Metropolitana de Salvador (CPRMS), coronel Taylon Teixeira Cavalcante. O oficial destacou a parceria da Pol\u00edcia Militar com a prefeitura, atrav\u00e9s de conv\u00eanios que j\u00e1 t\u00eam apresentado resultados positivos, com a redu\u00e7\u00e3o dos \u00edndices de viol\u00eancia no munic\u00edpio.<\/p>\n\n\n\n<p>\u201cA gente est\u00e1 fazendo mais uma mudan\u00e7a para que continue com essa parceria produtiva e para que, cada vez mais, o cidad\u00e3o de Cama\u00e7ari tenha tranquilidade para ir e vir aonde ele quiser\u201d, disse o coronel.<\/p>\n\n\n\n<p>A nova comandante da 59\u00aa CIPM falou sobre os desafios e perspectivas \u00e0 frente da unidade, apontando para um trabalho focado no fortalecimento do policiamento ostensivo e na garantia da seguran\u00e7a para moradores e turistas.<\/p>\n\n\n\n<p>\u201cChego para dar continuidade ao trabalho de qualidade que j\u00e1 vem sendo feito na 59\u00aa CIPM. Quero tamb\u00e9m fortalecer as parcerias junto ao poder p\u00fablico, logicamente a prefeitura, fazer uma gest\u00e3o de seguran\u00e7a p\u00fablica integrada, para mim isso \u00e9 importante, que os \u00f3rg\u00e3os e a sociedade tamb\u00e9m participem. Aproximar a Pol\u00edcia Militar da comunidade \u00e9 um desejo do nosso comandante-geral\u201d, finalizou a major Jeane.<\/p>\n\n\n\n<p>Fazendo um balan\u00e7o dos n\u00fameros obtidos durante os 82 dias como comandante, o major F\u00e1bio Magalh\u00e3es entregou o cargo. \u201cA gente hoje passa o comando da 59\u00aa CIPM com o cora\u00e7\u00e3o repleto de gratid\u00e3o e de satisfa\u00e7\u00e3o. Porque, mesmo sendo um curto per\u00edodo de tempo, a nossa miss\u00e3o tem muitas vezes a ver com intensidade. E foi assim que eu geri durante esse tempo a unidade, com intensidade, realizando a\u00e7\u00f5es preventivas, sempre pensando no melhor da comunidade da orla cama\u00e7ariense\u201d, afirmou. Ele agora segue para uma miss\u00e3o na cidade de Jequi\u00e9.<\/p>\n\n\n\n<p>CURR\u00cdCULO<\/p>\n\n\n\n<p>A nova comandante da 59\u00aa CIPM \u00e9 bacharel em Seguran\u00e7a P\u00fablica pela Academia de Pol\u00edcia Militar do Estado da Bahia, turma de 2001, e bacharel em Enfermagem pela Faculdade de Tecnologia e Ci\u00eancia (FTC). Em sua jornada de forma\u00e7\u00e3o, concluiu especializa\u00e7\u00f5es em Preven\u00e7\u00e3o da Viol\u00eancia, Promo\u00e7\u00e3o da Seguran\u00e7a e da Cidadania pela Universidade Federal da Bahia (UFBA), em Seguran\u00e7a P\u00fablica pela Academia de Pol\u00edcia Militar da Bahia e em Gest\u00e3o e Doc\u00eancia Escolar pela Universidade Cat\u00f3lica do Salvador.<\/p>\n\n\n\n<p>Sua forma\u00e7\u00e3o complementar \u00e9 diversificada e inclui, entre outras, a qualifica\u00e7\u00e3o como instrutora regimental de Educa\u00e7\u00e3o F\u00edsica pela Academia de Pol\u00edcia Militar da Bahia, al\u00e9m de cursos voltados \u00e0 atua\u00e7\u00e3o operacional e \u00e0 gest\u00e3o p\u00fablica, entre os quais se destacam o Curso de Policiamento Ambiental e o de Comando Intermedi\u00e1rio Operacional. Tamb\u00e9m possui capacita\u00e7\u00f5es em Gest\u00e3o por Processos, Gest\u00e3o da Qualidade e Gest\u00e3o P\u00fablica. Atualmente, \u00e9 aluna especial do mestrado profissional em Educa\u00e7\u00e3o de Jovens e Adultos (EJA) pela Universidade do Estado da Bahia (Uneb).<\/p>\n\n\n\n<p>No \u00e2mbito operacional, atuou inicialmente como tenente em unidades da PMBA, sendo posteriormente subcomandante da 29\u00aa CIPM, chefe de Planejamento Operacional da 37\u00aa CIPM e instrutora do est\u00e1gio operacional do Curso de Forma\u00e7\u00e3o de Oficiais Policiais Militares. Foi designada para integrar a equipe de seguran\u00e7a da C\u00fapula da Am\u00e9rica Latina e Caribe, sob responsabilidade do Gabinete de Seguran\u00e7a Institucional da Presid\u00eancia da Rep\u00fablica. Atuou tamb\u00e9m como coordenadora de seguran\u00e7a p\u00fablica durante o pleito eleitoral nos munic\u00edpios de Coaraci e S\u00e3o Miguel das Matas, al\u00e9m de ter exercido as fun\u00e7\u00f5es de coordenadora de apoio administrativo e financeiro, coordenadora do Centro de Valoriza\u00e7\u00e3o \u00e0 Mulher e diretora-adjunta do CPM Ribeira.<\/p>\n\n\n\n<p>Por sua dedica\u00e7\u00e3o e pelos servi\u00e7os prestados, foi condecorada com a Medalha do M\u00e9rito Marechal Argolo de Visconde de Itaparica, bem como com as Medalhas de Tempo de Servi\u00e7o de 10 e 20 anos, simbolizando sua trajet\u00f3ria de comprometimento, \u00e9tica e profissionalismo junto \u00e0 Pol\u00edcia Militar da Bahia e \u00e0 sociedade baiana.<\/p>\n\n\n\n<p>Foto: Juliano Sarraf<\/p>\n","protected":false},"excerpt":{"rendered":"<p>A 59\u00aa Companhia Independente da Pol\u00edcia Militar (CIPM) \u2013 Vila de Abrantes est\u00e1 sob novo comando. Pela primeira vez na hist\u00f3ria, uma mulher estar\u00e1 \u00e0 frente da corpora\u00e7\u00e3o: a major Jeane Nascimento Ferreira da Silva Sousa. A cerim\u00f4nia de passagem de comando foi realizada nesta ter\u00e7a-feira (21), no audit\u00f3rio da empresa Tronox, no Polo Industrial [&hellip;]<\/p>\n","protected":false},"author":1,"featured_media":8217,"comment_status":"open","ping_status":"open","sticky":false,"template":"","format":"standard","meta":{"footnotes":""},"categories":[8],"tags":[],"class_list":["post-8216","post","type-post","status-publish","format-standard","has-post-thumbnail","hentry","category-camacari"],"yoast_head":"<!-- This site is optimized with the Yoast SEO plugin v21.7 - https:\/\/yoast.com\/wordpress\/plugins\/seo\/ -->\n<title>Pela primeira vez, uma mulher assume comando da 59\u00aa CIPM de Abrantes - Compartilha Bahia<\/title>\n<meta name=\"robots\" content=\"index, follow, max-snippet:-1, max-image-preview:large, max-video-preview:-1\" \/>\n<link rel=\"canonical\" href=\"https:\/\/compartilhabahia.com.br\/index.php\/2025\/10\/21\/pela-primeira-vez-uma-mulher-assume-comando-da-59a-cipm-de-abrantes\/\" \/>\n<meta property=\"og:locale\" content=\"pt_BR\" \/>\n<meta property=\"og:type\" content=\"article\" \/>\n<meta property=\"og:title\" content=\"Pela primeira vez, uma mulher assume comando da 59\u00aa CIPM de Abrantes - Compartilha Bahia\" \/>\n<meta property=\"og:description\" content=\"A 59\u00aa Companhia Independente da Pol\u00edcia Militar (CIPM) \u2013 Vila de Abrantes est\u00e1 sob novo comando. Pela primeira vez na hist\u00f3ria, uma mulher estar\u00e1 \u00e0 frente da corpora\u00e7\u00e3o: a major Jeane Nascimento Ferreira da Silva Sousa. A cerim\u00f4nia de passagem de comando foi realizada nesta ter\u00e7a-feira (21), no audit\u00f3rio da empresa Tronox, no Polo Industrial [&hellip;]\" \/>\n<meta property=\"og:url\" content=\"https:\/\/compartilhabahia.com.br\/index.php\/2025\/10\/21\/pela-primeira-vez-uma-mulher-assume-comando-da-59a-cipm-de-abrantes\/\" \/>\n<meta property=\"og:site_name\" content=\"Compartilha Bahia\" \/>\n<meta property=\"article:publisher\" content=\"https:\/\/web.facebook.com\/compartilhabahia\" \/>\n<meta property=\"article:published_time\" content=\"2025-10-21T22:26:55+00:00\" \/>\n<meta property=\"article:modified_time\" content=\"2025-10-21T22:26:57+00:00\" \/>\n<meta property=\"og:image\" content=\"https:\/\/compartilhabahia.com.br\/wp-content\/uploads\/2025\/10\/primeiramulher.jpg\" \/>\n\t<meta property=\"og:image:width\" content=\"1120\" \/>\n\t<meta property=\"og:image:height\" content=\"747\" \/>\n\t<meta property=\"og:image:type\" content=\"image\/jpeg\" \/>\n<meta name=\"author\" content=\"admin\" \/>\n<meta name=\"twitter:card\" content=\"summary_large_image\" \/>\n<meta name=\"twitter:label1\" content=\"Escrito por\" \/>\n\t<meta name=\"twitter:data1\" content=\"admin\" \/>\n\t<meta name=\"twitter:label2\" content=\"Est. tempo de leitura\" \/>\n\t<meta name=\"twitter:data2\" content=\"5 minutos\" \/>\n<script type=\"application\/ld+json\" class=\"yoast-schema-graph\">{\"@context\":\"https:\/\/schema.org\",\"@graph\":[{\"@type\":\"Article\",\"@id\":\"https:\/\/compartilhabahia.com.br\/index.php\/2025\/10\/21\/pela-primeira-vez-uma-mulher-assume-comando-da-59a-cipm-de-abrantes\/#article\",\"isPartOf\":{\"@id\":\"https:\/\/compartilhabahia.com.br\/index.php\/2025\/10\/21\/pela-primeira-vez-uma-mulher-assume-comando-da-59a-cipm-de-abrantes\/\"},\"author\":{\"name\":\"admin\",\"@id\":\"https:\/\/compartilhabahia.com.br\/#\/schema\/person\/9b4f0c3178793b8248d6686732521c04\"},\"headline\":\"Pela primeira vez, uma mulher assume comando da 59\u00aa CIPM de Abrantes\",\"datePublished\":\"2025-10-21T22:26:55+00:00\",\"dateModified\":\"2025-10-21T22:26:57+00:00\",\"mainEntityOfPage\":{\"@id\":\"https:\/\/compartilhabahia.com.br\/index.php\/2025\/10\/21\/pela-primeira-vez-uma-mulher-assume-comando-da-59a-cipm-de-abrantes\/\"},\"wordCount\":945,\"commentCount\":0,\"publisher\":{\"@id\":\"https:\/\/compartilhabahia.com.br\/#organization\"},\"articleSection\":[\"Cama\u00e7ari\"],\"inLanguage\":\"pt-BR\",\"potentialAction\":[{\"@type\":\"CommentAction\",\"name\":\"Comment\",\"target\":[\"https:\/\/compartilhabahia.com.br\/index.php\/2025\/10\/21\/pela-primeira-vez-uma-mulher-assume-comando-da-59a-cipm-de-abrantes\/#respond\"]}]},{\"@type\":\"WebPage\",\"@id\":\"https:\/\/compartilhabahia.com.br\/index.php\/2025\/10\/21\/pela-primeira-vez-uma-mulher-assume-comando-da-59a-cipm-de-abrantes\/\",\"url\":\"https:\/\/compartilhabahia.com.br\/index.php\/2025\/10\/21\/pela-primeira-vez-uma-mulher-assume-comando-da-59a-cipm-de-abrantes\/\",\"name\":\"Pela primeira vez, uma mulher assume comando da 59\u00aa CIPM de Abrantes - Compartilha Bahia\",\"isPartOf\":{\"@id\":\"https:\/\/compartilhabahia.com.br\/#website\"},\"datePublished\":\"2025-10-21T22:26:55+00:00\",\"dateModified\":\"2025-10-21T22:26:57+00:00\",\"breadcrumb\":{\"@id\":\"https:\/\/compartilhabahia.com.br\/index.php\/2025\/10\/21\/pela-primeira-vez-uma-mulher-assume-comando-da-59a-cipm-de-abrantes\/#breadcrumb\"},\"inLanguage\":\"pt-BR\",\"potentialAction\":[{\"@type\":\"ReadAction\",\"target\":[\"https:\/\/compartilhabahia.com.br\/index.php\/2025\/10\/21\/pela-primeira-vez-uma-mulher-assume-comando-da-59a-cipm-de-abrantes\/\"]}]},{\"@type\":\"BreadcrumbList\",\"@id\":\"https:\/\/compartilhabahia.com.br\/index.php\/2025\/10\/21\/pela-primeira-vez-uma-mulher-assume-comando-da-59a-cipm-de-abrantes\/#breadcrumb\",\"itemListElement\":[{\"@type\":\"ListItem\",\"position\":1,\"name\":\"In\u00edcio\",\"item\":\"https:\/\/compartilhabahia.com.br\/\"},{\"@type\":\"ListItem\",\"position\":2,\"name\":\"Pela primeira vez, uma mulher assume comando da 59\u00aa CIPM de Abrantes\"}]},{\"@type\":\"WebSite\",\"@id\":\"https:\/\/compartilhabahia.com.br\/#website\",\"url\":\"https:\/\/compartilhabahia.com.br\/\",\"name\":\"Compartilha Bahia\",\"description\":\"\",\"publisher\":{\"@id\":\"https:\/\/compartilhabahia.com.br\/#organization\"},\"potentialAction\":[{\"@type\":\"SearchAction\",\"target\":{\"@type\":\"EntryPoint\",\"urlTemplate\":\"https:\/\/compartilhabahia.com.br\/?s={search_term_string}\"},\"query-input\":\"required name=search_term_string\"}],\"inLanguage\":\"pt-BR\"},{\"@type\":\"Organization\",\"@id\":\"https:\/\/compartilhabahia.com.br\/#organization\",\"name\":\"Compartilha Bahia\",\"url\":\"https:\/\/compartilhabahia.com.br\/\",\"logo\":{\"@type\":\"ImageObject\",\"inLanguage\":\"pt-BR\",\"@id\":\"https:\/\/compartilhabahia.com.br\/#\/schema\/logo\/image\/\",\"url\":\"https:\/\/compartilhabahia.com.br\/wp-content\/uploads\/2023\/12\/cropped-logo.png\",\"contentUrl\":\"https:\/\/compartilhabahia.com.br\/wp-content\/uploads\/2023\/12\/cropped-logo.png\",\"width\":300,\"height\":106,\"caption\":\"Compartilha Bahia\"},\"image\":{\"@id\":\"https:\/\/compartilhabahia.com.br\/#\/schema\/logo\/image\/\"},\"sameAs\":[\"https:\/\/web.facebook.com\/compartilhabahia\",\"https:\/\/www.instagram.com\/compartilhabahia\/\"]},{\"@type\":\"Person\",\"@id\":\"https:\/\/compartilhabahia.com.br\/#\/schema\/person\/9b4f0c3178793b8248d6686732521c04\",\"name\":\"admin\",\"image\":{\"@type\":\"ImageObject\",\"inLanguage\":\"pt-BR\",\"@id\":\"https:\/\/compartilhabahia.com.br\/#\/schema\/person\/image\/\",\"url\":\"https:\/\/secure.gravatar.com\/avatar\/9600df58751c5acbe914c538c03390ef649ea088cb65f84ba09c7ce66988eed6?s=96&d=mm&r=g\",\"contentUrl\":\"https:\/\/secure.gravatar.com\/avatar\/9600df58751c5acbe914c538c03390ef649ea088cb65f84ba09c7ce66988eed6?s=96&d=mm&r=g\",\"caption\":\"admin\"},\"sameAs\":[\"https:\/\/compartilhabahia.com.br\"],\"url\":\"https:\/\/compartilhabahia.com.br\/index.php\/author\/compartilhabahia\/\"}]}<\/script>\n<!-- \/ Yoast SEO plugin. -->","yoast_head_json":{"title":"Pela primeira vez, uma mulher assume comando da 59\u00aa CIPM de Abrantes - Compartilha Bahia","robots":{"index":"index","follow":"follow","max-snippet":"max-snippet:-1","max-image-preview":"max-image-preview:large","max-video-preview":"max-video-preview:-1"},"canonical":"https:\/\/compartilhabahia.com.br\/index.php\/2025\/10\/21\/pela-primeira-vez-uma-mulher-assume-comando-da-59a-cipm-de-abrantes\/","og_locale":"pt_BR","og_type":"article","og_title":"Pela primeira vez, uma mulher assume comando da 59\u00aa CIPM de Abrantes - Compartilha Bahia","og_description":"A 59\u00aa Companhia Independente da Pol\u00edcia Militar (CIPM) \u2013 Vila de Abrantes est\u00e1 sob novo comando. Pela primeira vez na hist\u00f3ria, uma mulher estar\u00e1 \u00e0 frente da corpora\u00e7\u00e3o: a major Jeane Nascimento Ferreira da Silva Sousa. A cerim\u00f4nia de passagem de comando foi realizada nesta ter\u00e7a-feira (21), no audit\u00f3rio da empresa Tronox, no Polo Industrial [&hellip;]","og_url":"https:\/\/compartilhabahia.com.br\/index.php\/2025\/10\/21\/pela-primeira-vez-uma-mulher-assume-comando-da-59a-cipm-de-abrantes\/","og_site_name":"Compartilha Bahia","article_publisher":"https:\/\/web.facebook.com\/compartilhabahia","article_published_time":"2025-10-21T22:26:55+00:00","article_modified_time":"2025-10-21T22:26:57+00:00","og_image":[{"width":1120,"height":747,"url":"https:\/\/compartilhabahia.com.br\/wp-content\/uploads\/2025\/10\/primeiramulher.jpg","type":"image\/jpeg"}],"author":"admin","twitter_card":"summary_large_image","twitter_misc":{"Escrito por":"admin","Est. tempo de leitura":"5 minutos"},"schema":{"@context":"https:\/\/schema.org","@graph":[{"@type":"Article","@id":"https:\/\/compartilhabahia.com.br\/index.php\/2025\/10\/21\/pela-primeira-vez-uma-mulher-assume-comando-da-59a-cipm-de-abrantes\/#article","isPartOf":{"@id":"https:\/\/compartilhabahia.com.br\/index.php\/2025\/10\/21\/pela-primeira-vez-uma-mulher-assume-comando-da-59a-cipm-de-abrantes\/"},"author":{"name":"admin","@id":"https:\/\/compartilhabahia.com.br\/#\/schema\/person\/9b4f0c3178793b8248d6686732521c04"},"headline":"Pela primeira vez, uma mulher assume comando da 59\u00aa CIPM de Abrantes","datePublished":"2025-10-21T22:26:55+00:00","dateModified":"2025-10-21T22:26:57+00:00","mainEntityOfPage":{"@id":"https:\/\/compartilhabahia.com.br\/index.php\/2025\/10\/21\/pela-primeira-vez-uma-mulher-assume-comando-da-59a-cipm-de-abrantes\/"},"wordCount":945,"commentCount":0,"publisher":{"@id":"https:\/\/compartilhabahia.com.br\/#organization"},"articleSection":["Cama\u00e7ari"],"inLanguage":"pt-BR","potentialAction":[{"@type":"CommentAction","name":"Comment","target":["https:\/\/compartilhabahia.com.br\/index.php\/2025\/10\/21\/pela-primeira-vez-uma-mulher-assume-comando-da-59a-cipm-de-abrantes\/#respond"]}]},{"@type":"WebPage","@id":"https:\/\/compartilhabahia.com.br\/index.php\/2025\/10\/21\/pela-primeira-vez-uma-mulher-assume-comando-da-59a-cipm-de-abrantes\/","url":"https:\/\/compartilhabahia.com.br\/index.php\/2025\/10\/21\/pela-primeira-vez-uma-mulher-assume-comando-da-59a-cipm-de-abrantes\/","name":"Pela primeira vez, uma mulher assume comando da 59\u00aa CIPM de Abrantes - Compartilha Bahia","isPartOf":{"@id":"https:\/\/compartilhabahia.com.br\/#website"},"datePublished":"2025-10-21T22:26:55+00:00","dateModified":"2025-10-21T22:26:57+00:00","breadcrumb":{"@id":"https:\/\/compartilhabahia.com.br\/index.php\/2025\/10\/21\/pela-primeira-vez-uma-mulher-assume-comando-da-59a-cipm-de-abrantes\/#breadcrumb"},"inLanguage":"pt-BR","potentialAction":[{"@type":"ReadAction","target":["https:\/\/compartilhabahia.com.br\/index.php\/2025\/10\/21\/pela-primeira-vez-uma-mulher-assume-comando-da-59a-cipm-de-abrantes\/"]}]},{"@type":"BreadcrumbList","@id":"https:\/\/compartilhabahia.com.br\/index.php\/2025\/10\/21\/pela-primeira-vez-uma-mulher-assume-comando-da-59a-cipm-de-abrantes\/#breadcrumb","itemListElement":[{"@type":"ListItem","position":1,"name":"In\u00edcio","item":"https:\/\/compartilhabahia.com.br\/"},{"@type":"ListItem","position":2,"name":"Pela primeira vez, uma mulher assume comando da 59\u00aa CIPM de Abrantes"}]},{"@type":"WebSite","@id":"https:\/\/compartilhabahia.com.br\/#website","url":"https:\/\/compartilhabahia.com.br\/","name":"Compartilha Bahia","description":"","publisher":{"@id":"https:\/\/compartilhabahia.com.br\/#organization"},"potentialAction":[{"@type":"SearchAction","target":{"@type":"EntryPoint","urlTemplate":"https:\/\/compartilhabahia.com.br\/?s={search_term_string}"},"query-input":"required name=search_term_string"}],"inLanguage":"pt-BR"},{"@type":"Organization","@id":"https:\/\/compartilhabahia.com.br\/#organization","name":"Compartilha Bahia","url":"https:\/\/compartilhabahia.com.br\/","logo":{"@type":"ImageObject","inLanguage":"pt-BR","@id":"https:\/\/compartilhabahia.com.br\/#\/schema\/logo\/image\/","url":"https:\/\/compartilhabahia.com.br\/wp-content\/uploads\/2023\/12\/cropped-logo.png","contentUrl":"https:\/\/compartilhabahia.com.br\/wp-content\/uploads\/2023\/12\/cropped-logo.png","width":300,"height":106,"caption":"Compartilha Bahia"},"image":{"@id":"https:\/\/compartilhabahia.com.br\/#\/schema\/logo\/image\/"},"sameAs":["https:\/\/web.facebook.com\/compartilhabahia","https:\/\/www.instagram.com\/compartilhabahia\/"]},{"@type":"Person","@id":"https:\/\/compartilhabahia.com.br\/#\/schema\/person\/9b4f0c3178793b8248d6686732521c04","name":"admin","image":{"@type":"ImageObject","inLanguage":"pt-BR","@id":"https:\/\/compartilhabahia.com.br\/#\/schema\/person\/image\/","url":"https:\/\/secure.gravatar.com\/avatar\/9600df58751c5acbe914c538c03390ef649ea088cb65f84ba09c7ce66988eed6?s=96&d=mm&r=g","contentUrl":"https:\/\/secure.gravatar.com\/avatar\/9600df58751c5acbe914c538c03390ef649ea088cb65f84ba09c7ce66988eed6?s=96&d=mm&r=g","caption":"admin"},"sameAs":["https:\/\/compartilhabahia.com.br"],"url":"https:\/\/compartilhabahia.com.br\/index.php\/author\/compartilhabahia\/"}]}},"_links":{"self":[{"href":"https:\/\/compartilhabahia.com.br\/index.php\/wp-json\/wp\/v2\/posts\/8216","targetHints":{"allow":["GET"]}}],"collection":[{"href":"https:\/\/compartilhabahia.com.br\/index.php\/wp-json\/wp\/v2\/posts"}],"about":[{"href":"https:\/\/compartilhabahia.com.br\/index.php\/wp-json\/wp\/v2\/types\/post"}],"author":[{"embeddable":true,"href":"https:\/\/compartilhabahia.com.br\/index.php\/wp-json\/wp\/v2\/users\/1"}],"replies":[{"embeddable":true,"href":"https:\/\/compartilhabahia.com.br\/index.php\/wp-json\/wp\/v2\/comments?post=8216"}],"version-history":[{"count":1,"href":"https:\/\/compartilhabahia.com.br\/index.php\/wp-json\/wp\/v2\/posts\/8216\/revisions"}],"predecessor-version":[{"id":8218,"href":"https:\/\/compartilhabahia.com.br\/index.php\/wp-json\/wp\/v2\/posts\/8216\/revisions\/8218"}],"wp:featuredmedia":[{"embeddable":true,"href":"https:\/\/compartilhabahia.com.br\/index.php\/wp-json\/wp\/v2\/media\/8217"}],"wp:attachment":[{"href":"https:\/\/compartilhabahia.com.br\/index.php\/wp-json\/wp\/v2\/media?parent=8216"}],"wp:term":[{"taxonomy":"category","embeddable":true,"href":"https:\/\/compartilhabahia.com.br\/index.php\/wp-json\/wp\/v2\/categories?post=8216"},{"taxonomy":"post_tag","embeddable":true,"href":"https:\/\/compartilhabahia.com.br\/index.php\/wp-json\/wp\/v2\/tags?post=8216"}],"curies":[{"name":"wp","href":"https:\/\/api.w.org\/{rel}","templated":true}]}}