{"id":8213,"date":"2025-10-21T00:29:38","date_gmt":"2025-10-21T03:29:38","guid":{"rendered":"https:\/\/compartilhabahia.com.br\/?p=8213"},"modified":"2025-10-21T00:29:40","modified_gmt":"2025-10-21T03:29:40","slug":"sindicato-apoia-semana-do-servidor-aberta-com-palestra-sobre-assedio-moral-e-sexual","status":"publish","type":"post","link":"https:\/\/compartilhabahia.com.br\/index.php\/2025\/10\/21\/sindicato-apoia-semana-do-servidor-aberta-com-palestra-sobre-assedio-moral-e-sexual\/","title":{"rendered":"Sindicato apoia Semana do Servidor aberta com palestra sobre ass\u00e9dio moral e sexual"},"content":{"rendered":"\n<p>Prefeitura inicia Semana do Servidor com palestra sobre ass\u00e9dio moral e sexual<\/p>\n\n\n\n<p>Com a palestra Ass\u00e9dio Moral e Sexual nas Rela\u00e7\u00f5es de Trabalho: aspectos legais e responsabilidade administrativa, a Prefeitura de Cama\u00e7ari deu in\u00edcio \u00e0 Semana do Servidor 2025, nesta segunda-feira (20). O evento, organizado pela Secretaria de Administra\u00e7\u00e3o (Secad), reuniu profissionais de diversas pastas no audit\u00f3rio da Secretaria de Governo (Segov).<\/p>\n\n\n\n<p>Para a vice-prefeita, Pastora D\u00e9a Santos, o encontro contribui para a constru\u00e7\u00e3o de um ambiente de trabalho mais acolhedor. \u201cQue sirva tamb\u00e9m de reflex\u00e3o esse momento, da gente realmente entender o que \u00e9 cada coisa, desmistificar o que n\u00e3o \u00e9, mas tamb\u00e9m estar atento. Que sejamos multiplicadores, que, quando voltarem para o seu setor de trabalho, voc\u00eas tamb\u00e9m levem essa compreens\u00e3o para os seus colegas\u201d, afirmou, falando diretamente aos servidores.<\/p>\n\n\n\n<p>Durante os pr\u00f3ximos dias, a Secad preparou uma programa\u00e7\u00e3o especial para celebrar os servidores municipais. \u201cQuando a gente chegou, encontrou um hist\u00f3rico muito grande de servidores adoecendo por ass\u00e9dio. Vem sendo um di\u00e1logo constante com os sindicatos sobre essa quest\u00e3o, e a\u00ed o governo vem fazendo esse acolhimento com a palestra. A gente tamb\u00e9m programou outras atividades: vai ter zumba, espa\u00e7o de sa\u00fade, a\u00e7\u00f5es integradas com as outras secretarias durante toda a semana, para todo mundo se sentir acolhido, e finalizando com nossa festa na sexta-feira\u201d, detalhou a secret\u00e1ria de Administra\u00e7\u00e3o, Fabiana Montenegro.<\/p>\n\n\n\n<p>A Semana do Servidor 2025 acontece em comemora\u00e7\u00e3o ao Dia do Servidor P\u00fablico, celebrado em 28 de outubro. Durante o evento de abertura, foi lan\u00e7ado o Guia do Respeito, organizado pela Comiss\u00e3o Permanente de Processo Administrativo Disciplinar (COPAD) da Secad, com informa\u00e7\u00f5es sobre ass\u00e9dio moral e sexual, que pode ser conferido no link [https:\/\/www.camacari.ba.gov.br\/wp-content\/uploads\/2025\/10\/controle-patrimonial-cartilha.pdf-2.pdf].<\/p>\n\n\n\n<p>Respons\u00e1vel por ministrar a palestra, o advogado trabalhista Diego Oliveira elogiou o trabalho e o esfor\u00e7o da gest\u00e3o para promover o di\u00e1logo em torno do tema. \u201c\u00c9 uma honra para mim poder participar desse evento, porque trata de um tema muito importante, que est\u00e1 no nosso dia a dia e muitas vezes n\u00e3o aparece, porque acontece \u00e0s escondidas, dentro das reparti\u00e7\u00f5es p\u00fablicas e das empresas da iniciativa privada. \u00c9 importante a conscientiza\u00e7\u00e3o da popula\u00e7\u00e3o e dos colaboradores em geral. Por isso, \u00e9 de muito louvor a Prefeitura de Cama\u00e7ari fazer um evento como esse na Semana do Servidor\u201d, afirmou.<\/p>\n\n\n\n<p>Na palestra, foram abordados os conceitos de ass\u00e9dio moral e sexual, sua caracteriza\u00e7\u00e3o, tipos, consequ\u00eancias, formas de preven\u00e7\u00e3o, meios de produ\u00e7\u00e3o de provas e canais para den\u00fancia. Os servidores ainda puderam relatar experi\u00eancias e fazer perguntas.<\/p>\n\n\n\n<p>A a\u00e7\u00e3o contou com o apoio dos sindicatos, como o Sindicato dos Servidores P\u00fablicos do Munic\u00edpio de Cama\u00e7ari (Sindsec), j\u00e1 que o tema \u00e9 pauta da Mesa Permanente de Negocia\u00e7\u00e3o. \u201c\u00c9 uma iniciativa maravilhosa. \u00c9 conhecer, na verdade, o que \u00e9 o ass\u00e9dio moral para diminuir os casos, porque isso adoece, atrapalha o pr\u00f3prio servi\u00e7o p\u00fablico, compromete o atendimento \u00e0 popula\u00e7\u00e3o, gera um desgaste muito grande e a gente perde o nosso objetivo fim, que \u00e9 o atendimento \u00e0 popula\u00e7\u00e3o\u201d, disse o presidente, Edmilson Jesus.<\/p>\n\n\n\n<p>O audit\u00f3rio estava lotado de servidores, como a gestora de Pol\u00edticas P\u00fablicas, que atua na Gest\u00e3o do Trabalho da Secretaria de Sa\u00fade (Sesau), Neide Filha, que fez uma avalia\u00e7\u00e3o positiva. \u201cParabenizo a Secad por esse movimento, que \u00e9 de cuidado com os servidores, de conscientiza\u00e7\u00e3o e sensibiliza\u00e7\u00e3o, para que eles possam ter subs\u00eddios para saberem e entenderem os seus processos de trabalho. Porque hoje as pessoas julgam que tudo \u00e9 ass\u00e9dio moral ou sexual, mas nem tudo cabe realmente. Ent\u00e3o, essa medida \u00e9 extremamente importante no sentido de conscientizar e sensibilizar todos os gestores e trabalhadores sobre esse processo\u201d.<\/p>\n\n\n\n<p>Nesta ter\u00e7a-feira (21), acontecer\u00e1 a a\u00e7\u00e3o \u201cSa\u00fade e Qualidade de Vida do Servidor\u201d, a partir das 9h, no p\u00e1tio da prefeitura. Durante a atividade, os servidores ter\u00e3o acesso \u00e0 uma feira de sa\u00fade com os servi\u00e7os do odontom\u00f3vel: limpeza, aplica\u00e7\u00e3o de fl\u00faor, restaura\u00e7\u00e3o, marca\u00e7\u00e3o e encaminhamento odontol\u00f3gico.<\/p>\n\n\n\n<p>Foto: Juliano Sarraf<\/p>\n","protected":false},"excerpt":{"rendered":"<p>Prefeitura inicia Semana do Servidor com palestra sobre ass\u00e9dio moral e sexual Com a palestra Ass\u00e9dio Moral e Sexual nas Rela\u00e7\u00f5es de Trabalho: aspectos legais e responsabilidade administrativa, a Prefeitura de Cama\u00e7ari deu in\u00edcio \u00e0 Semana do Servidor 2025, nesta segunda-feira (20). O evento, organizado pela Secretaria de Administra\u00e7\u00e3o (Secad), reuniu profissionais de diversas pastas [&hellip;]<\/p>\n","protected":false},"author":1,"featured_media":8214,"comment_status":"open","ping_status":"open","sticky":false,"template":"","format":"standard","meta":{"footnotes":""},"categories":[8],"tags":[],"class_list":["post-8213","post","type-post","status-publish","format-standard","has-post-thumbnail","hentry","category-camacari"],"yoast_head":"<!-- This site is optimized with the Yoast SEO plugin v21.7 - https:\/\/yoast.com\/wordpress\/plugins\/seo\/ -->\n<title>Sindicato apoia Semana do Servidor aberta com palestra sobre ass\u00e9dio moral e sexual - Compartilha Bahia<\/title>\n<meta name=\"robots\" content=\"index, follow, max-snippet:-1, max-image-preview:large, max-video-preview:-1\" \/>\n<link rel=\"canonical\" href=\"https:\/\/compartilhabahia.com.br\/index.php\/2025\/10\/21\/sindicato-apoia-semana-do-servidor-aberta-com-palestra-sobre-assedio-moral-e-sexual\/\" \/>\n<meta property=\"og:locale\" content=\"pt_BR\" \/>\n<meta property=\"og:type\" content=\"article\" \/>\n<meta property=\"og:title\" content=\"Sindicato apoia Semana do Servidor aberta com palestra sobre ass\u00e9dio moral e sexual - Compartilha Bahia\" \/>\n<meta property=\"og:description\" content=\"Prefeitura inicia Semana do Servidor com palestra sobre ass\u00e9dio moral e sexual Com a palestra Ass\u00e9dio Moral e Sexual nas Rela\u00e7\u00f5es de Trabalho: aspectos legais e responsabilidade administrativa, a Prefeitura de Cama\u00e7ari deu in\u00edcio \u00e0 Semana do Servidor 2025, nesta segunda-feira (20). O evento, organizado pela Secretaria de Administra\u00e7\u00e3o (Secad), reuniu profissionais de diversas pastas [&hellip;]\" \/>\n<meta property=\"og:url\" content=\"https:\/\/compartilhabahia.com.br\/index.php\/2025\/10\/21\/sindicato-apoia-semana-do-servidor-aberta-com-palestra-sobre-assedio-moral-e-sexual\/\" \/>\n<meta property=\"og:site_name\" content=\"Compartilha Bahia\" \/>\n<meta property=\"article:publisher\" content=\"https:\/\/web.facebook.com\/compartilhabahia\" \/>\n<meta property=\"article:published_time\" content=\"2025-10-21T03:29:38+00:00\" \/>\n<meta property=\"article:modified_time\" content=\"2025-10-21T03:29:40+00:00\" \/>\n<meta property=\"og:image\" content=\"https:\/\/compartilhabahia.com.br\/wp-content\/uploads\/2025\/10\/edmilson.jpg\" \/>\n\t<meta property=\"og:image:width\" content=\"960\" \/>\n\t<meta property=\"og:image:height\" content=\"640\" \/>\n\t<meta property=\"og:image:type\" content=\"image\/jpeg\" \/>\n<meta name=\"author\" content=\"admin\" \/>\n<meta name=\"twitter:card\" content=\"summary_large_image\" \/>\n<meta name=\"twitter:label1\" content=\"Escrito por\" \/>\n\t<meta name=\"twitter:data1\" content=\"admin\" \/>\n\t<meta name=\"twitter:label2\" content=\"Est. tempo de leitura\" \/>\n\t<meta name=\"twitter:data2\" content=\"4 minutos\" \/>\n<script type=\"application\/ld+json\" class=\"yoast-schema-graph\">{\"@context\":\"https:\/\/schema.org\",\"@graph\":[{\"@type\":\"Article\",\"@id\":\"https:\/\/compartilhabahia.com.br\/index.php\/2025\/10\/21\/sindicato-apoia-semana-do-servidor-aberta-com-palestra-sobre-assedio-moral-e-sexual\/#article\",\"isPartOf\":{\"@id\":\"https:\/\/compartilhabahia.com.br\/index.php\/2025\/10\/21\/sindicato-apoia-semana-do-servidor-aberta-com-palestra-sobre-assedio-moral-e-sexual\/\"},\"author\":{\"name\":\"admin\",\"@id\":\"https:\/\/compartilhabahia.com.br\/#\/schema\/person\/9b4f0c3178793b8248d6686732521c04\"},\"headline\":\"Sindicato apoia Semana do Servidor aberta com palestra sobre ass\u00e9dio moral e sexual\",\"datePublished\":\"2025-10-21T03:29:38+00:00\",\"dateModified\":\"2025-10-21T03:29:40+00:00\",\"mainEntityOfPage\":{\"@id\":\"https:\/\/compartilhabahia.com.br\/index.php\/2025\/10\/21\/sindicato-apoia-semana-do-servidor-aberta-com-palestra-sobre-assedio-moral-e-sexual\/\"},\"wordCount\":736,\"commentCount\":0,\"publisher\":{\"@id\":\"https:\/\/compartilhabahia.com.br\/#organization\"},\"articleSection\":[\"Cama\u00e7ari\"],\"inLanguage\":\"pt-BR\",\"potentialAction\":[{\"@type\":\"CommentAction\",\"name\":\"Comment\",\"target\":[\"https:\/\/compartilhabahia.com.br\/index.php\/2025\/10\/21\/sindicato-apoia-semana-do-servidor-aberta-com-palestra-sobre-assedio-moral-e-sexual\/#respond\"]}]},{\"@type\":\"WebPage\",\"@id\":\"https:\/\/compartilhabahia.com.br\/index.php\/2025\/10\/21\/sindicato-apoia-semana-do-servidor-aberta-com-palestra-sobre-assedio-moral-e-sexual\/\",\"url\":\"https:\/\/compartilhabahia.com.br\/index.php\/2025\/10\/21\/sindicato-apoia-semana-do-servidor-aberta-com-palestra-sobre-assedio-moral-e-sexual\/\",\"name\":\"Sindicato apoia Semana do Servidor aberta com palestra sobre ass\u00e9dio moral e sexual - Compartilha Bahia\",\"isPartOf\":{\"@id\":\"https:\/\/compartilhabahia.com.br\/#website\"},\"datePublished\":\"2025-10-21T03:29:38+00:00\",\"dateModified\":\"2025-10-21T03:29:40+00:00\",\"breadcrumb\":{\"@id\":\"https:\/\/compartilhabahia.com.br\/index.php\/2025\/10\/21\/sindicato-apoia-semana-do-servidor-aberta-com-palestra-sobre-assedio-moral-e-sexual\/#breadcrumb\"},\"inLanguage\":\"pt-BR\",\"potentialAction\":[{\"@type\":\"ReadAction\",\"target\":[\"https:\/\/compartilhabahia.com.br\/index.php\/2025\/10\/21\/sindicato-apoia-semana-do-servidor-aberta-com-palestra-sobre-assedio-moral-e-sexual\/\"]}]},{\"@type\":\"BreadcrumbList\",\"@id\":\"https:\/\/compartilhabahia.com.br\/index.php\/2025\/10\/21\/sindicato-apoia-semana-do-servidor-aberta-com-palestra-sobre-assedio-moral-e-sexual\/#breadcrumb\",\"itemListElement\":[{\"@type\":\"ListItem\",\"position\":1,\"name\":\"In\u00edcio\",\"item\":\"https:\/\/compartilhabahia.com.br\/\"},{\"@type\":\"ListItem\",\"position\":2,\"name\":\"Sindicato apoia Semana do Servidor aberta com palestra sobre ass\u00e9dio moral e sexual\"}]},{\"@type\":\"WebSite\",\"@id\":\"https:\/\/compartilhabahia.com.br\/#website\",\"url\":\"https:\/\/compartilhabahia.com.br\/\",\"name\":\"Compartilha Bahia\",\"description\":\"\",\"publisher\":{\"@id\":\"https:\/\/compartilhabahia.com.br\/#organization\"},\"potentialAction\":[{\"@type\":\"SearchAction\",\"target\":{\"@type\":\"EntryPoint\",\"urlTemplate\":\"https:\/\/compartilhabahia.com.br\/?s={search_term_string}\"},\"query-input\":\"required name=search_term_string\"}],\"inLanguage\":\"pt-BR\"},{\"@type\":\"Organization\",\"@id\":\"https:\/\/compartilhabahia.com.br\/#organization\",\"name\":\"Compartilha Bahia\",\"url\":\"https:\/\/compartilhabahia.com.br\/\",\"logo\":{\"@type\":\"ImageObject\",\"inLanguage\":\"pt-BR\",\"@id\":\"https:\/\/compartilhabahia.com.br\/#\/schema\/logo\/image\/\",\"url\":\"https:\/\/compartilhabahia.com.br\/wp-content\/uploads\/2023\/12\/cropped-logo.png\",\"contentUrl\":\"https:\/\/compartilhabahia.com.br\/wp-content\/uploads\/2023\/12\/cropped-logo.png\",\"width\":300,\"height\":106,\"caption\":\"Compartilha Bahia\"},\"image\":{\"@id\":\"https:\/\/compartilhabahia.com.br\/#\/schema\/logo\/image\/\"},\"sameAs\":[\"https:\/\/web.facebook.com\/compartilhabahia\",\"https:\/\/www.instagram.com\/compartilhabahia\/\"]},{\"@type\":\"Person\",\"@id\":\"https:\/\/compartilhabahia.com.br\/#\/schema\/person\/9b4f0c3178793b8248d6686732521c04\",\"name\":\"admin\",\"image\":{\"@type\":\"ImageObject\",\"inLanguage\":\"pt-BR\",\"@id\":\"https:\/\/compartilhabahia.com.br\/#\/schema\/person\/image\/\",\"url\":\"https:\/\/secure.gravatar.com\/avatar\/9600df58751c5acbe914c538c03390ef649ea088cb65f84ba09c7ce66988eed6?s=96&d=mm&r=g\",\"contentUrl\":\"https:\/\/secure.gravatar.com\/avatar\/9600df58751c5acbe914c538c03390ef649ea088cb65f84ba09c7ce66988eed6?s=96&d=mm&r=g\",\"caption\":\"admin\"},\"sameAs\":[\"https:\/\/compartilhabahia.com.br\"],\"url\":\"https:\/\/compartilhabahia.com.br\/index.php\/author\/compartilhabahia\/\"}]}<\/script>\n<!-- \/ Yoast SEO plugin. -->","yoast_head_json":{"title":"Sindicato apoia Semana do Servidor aberta com palestra sobre ass\u00e9dio moral e sexual - Compartilha Bahia","robots":{"index":"index","follow":"follow","max-snippet":"max-snippet:-1","max-image-preview":"max-image-preview:large","max-video-preview":"max-video-preview:-1"},"canonical":"https:\/\/compartilhabahia.com.br\/index.php\/2025\/10\/21\/sindicato-apoia-semana-do-servidor-aberta-com-palestra-sobre-assedio-moral-e-sexual\/","og_locale":"pt_BR","og_type":"article","og_title":"Sindicato apoia Semana do Servidor aberta com palestra sobre ass\u00e9dio moral e sexual - Compartilha Bahia","og_description":"Prefeitura inicia Semana do Servidor com palestra sobre ass\u00e9dio moral e sexual Com a palestra Ass\u00e9dio Moral e Sexual nas Rela\u00e7\u00f5es de Trabalho: aspectos legais e responsabilidade administrativa, a Prefeitura de Cama\u00e7ari deu in\u00edcio \u00e0 Semana do Servidor 2025, nesta segunda-feira (20). O evento, organizado pela Secretaria de Administra\u00e7\u00e3o (Secad), reuniu profissionais de diversas pastas [&hellip;]","og_url":"https:\/\/compartilhabahia.com.br\/index.php\/2025\/10\/21\/sindicato-apoia-semana-do-servidor-aberta-com-palestra-sobre-assedio-moral-e-sexual\/","og_site_name":"Compartilha Bahia","article_publisher":"https:\/\/web.facebook.com\/compartilhabahia","article_published_time":"2025-10-21T03:29:38+00:00","article_modified_time":"2025-10-21T03:29:40+00:00","og_image":[{"width":960,"height":640,"url":"https:\/\/compartilhabahia.com.br\/wp-content\/uploads\/2025\/10\/edmilson.jpg","type":"image\/jpeg"}],"author":"admin","twitter_card":"summary_large_image","twitter_misc":{"Escrito por":"admin","Est. tempo de leitura":"4 minutos"},"schema":{"@context":"https:\/\/schema.org","@graph":[{"@type":"Article","@id":"https:\/\/compartilhabahia.com.br\/index.php\/2025\/10\/21\/sindicato-apoia-semana-do-servidor-aberta-com-palestra-sobre-assedio-moral-e-sexual\/#article","isPartOf":{"@id":"https:\/\/compartilhabahia.com.br\/index.php\/2025\/10\/21\/sindicato-apoia-semana-do-servidor-aberta-com-palestra-sobre-assedio-moral-e-sexual\/"},"author":{"name":"admin","@id":"https:\/\/compartilhabahia.com.br\/#\/schema\/person\/9b4f0c3178793b8248d6686732521c04"},"headline":"Sindicato apoia Semana do Servidor aberta com palestra sobre ass\u00e9dio moral e sexual","datePublished":"2025-10-21T03:29:38+00:00","dateModified":"2025-10-21T03:29:40+00:00","mainEntityOfPage":{"@id":"https:\/\/compartilhabahia.com.br\/index.php\/2025\/10\/21\/sindicato-apoia-semana-do-servidor-aberta-com-palestra-sobre-assedio-moral-e-sexual\/"},"wordCount":736,"commentCount":0,"publisher":{"@id":"https:\/\/compartilhabahia.com.br\/#organization"},"articleSection":["Cama\u00e7ari"],"inLanguage":"pt-BR","potentialAction":[{"@type":"CommentAction","name":"Comment","target":["https:\/\/compartilhabahia.com.br\/index.php\/2025\/10\/21\/sindicato-apoia-semana-do-servidor-aberta-com-palestra-sobre-assedio-moral-e-sexual\/#respond"]}]},{"@type":"WebPage","@id":"https:\/\/compartilhabahia.com.br\/index.php\/2025\/10\/21\/sindicato-apoia-semana-do-servidor-aberta-com-palestra-sobre-assedio-moral-e-sexual\/","url":"https:\/\/compartilhabahia.com.br\/index.php\/2025\/10\/21\/sindicato-apoia-semana-do-servidor-aberta-com-palestra-sobre-assedio-moral-e-sexual\/","name":"Sindicato apoia Semana do Servidor aberta com palestra sobre ass\u00e9dio moral e sexual - Compartilha Bahia","isPartOf":{"@id":"https:\/\/compartilhabahia.com.br\/#website"},"datePublished":"2025-10-21T03:29:38+00:00","dateModified":"2025-10-21T03:29:40+00:00","breadcrumb":{"@id":"https:\/\/compartilhabahia.com.br\/index.php\/2025\/10\/21\/sindicato-apoia-semana-do-servidor-aberta-com-palestra-sobre-assedio-moral-e-sexual\/#breadcrumb"},"inLanguage":"pt-BR","potentialAction":[{"@type":"ReadAction","target":["https:\/\/compartilhabahia.com.br\/index.php\/2025\/10\/21\/sindicato-apoia-semana-do-servidor-aberta-com-palestra-sobre-assedio-moral-e-sexual\/"]}]},{"@type":"BreadcrumbList","@id":"https:\/\/compartilhabahia.com.br\/index.php\/2025\/10\/21\/sindicato-apoia-semana-do-servidor-aberta-com-palestra-sobre-assedio-moral-e-sexual\/#breadcrumb","itemListElement":[{"@type":"ListItem","position":1,"name":"In\u00edcio","item":"https:\/\/compartilhabahia.com.br\/"},{"@type":"ListItem","position":2,"name":"Sindicato apoia Semana do Servidor aberta com palestra sobre ass\u00e9dio moral e sexual"}]},{"@type":"WebSite","@id":"https:\/\/compartilhabahia.com.br\/#website","url":"https:\/\/compartilhabahia.com.br\/","name":"Compartilha Bahia","description":"","publisher":{"@id":"https:\/\/compartilhabahia.com.br\/#organization"},"potentialAction":[{"@type":"SearchAction","target":{"@type":"EntryPoint","urlTemplate":"https:\/\/compartilhabahia.com.br\/?s={search_term_string}"},"query-input":"required name=search_term_string"}],"inLanguage":"pt-BR"},{"@type":"Organization","@id":"https:\/\/compartilhabahia.com.br\/#organization","name":"Compartilha Bahia","url":"https:\/\/compartilhabahia.com.br\/","logo":{"@type":"ImageObject","inLanguage":"pt-BR","@id":"https:\/\/compartilhabahia.com.br\/#\/schema\/logo\/image\/","url":"https:\/\/compartilhabahia.com.br\/wp-content\/uploads\/2023\/12\/cropped-logo.png","contentUrl":"https:\/\/compartilhabahia.com.br\/wp-content\/uploads\/2023\/12\/cropped-logo.png","width":300,"height":106,"caption":"Compartilha Bahia"},"image":{"@id":"https:\/\/compartilhabahia.com.br\/#\/schema\/logo\/image\/"},"sameAs":["https:\/\/web.facebook.com\/compartilhabahia","https:\/\/www.instagram.com\/compartilhabahia\/"]},{"@type":"Person","@id":"https:\/\/compartilhabahia.com.br\/#\/schema\/person\/9b4f0c3178793b8248d6686732521c04","name":"admin","image":{"@type":"ImageObject","inLanguage":"pt-BR","@id":"https:\/\/compartilhabahia.com.br\/#\/schema\/person\/image\/","url":"https:\/\/secure.gravatar.com\/avatar\/9600df58751c5acbe914c538c03390ef649ea088cb65f84ba09c7ce66988eed6?s=96&d=mm&r=g","contentUrl":"https:\/\/secure.gravatar.com\/avatar\/9600df58751c5acbe914c538c03390ef649ea088cb65f84ba09c7ce66988eed6?s=96&d=mm&r=g","caption":"admin"},"sameAs":["https:\/\/compartilhabahia.com.br"],"url":"https:\/\/compartilhabahia.com.br\/index.php\/author\/compartilhabahia\/"}]}},"_links":{"self":[{"href":"https:\/\/compartilhabahia.com.br\/index.php\/wp-json\/wp\/v2\/posts\/8213","targetHints":{"allow":["GET"]}}],"collection":[{"href":"https:\/\/compartilhabahia.com.br\/index.php\/wp-json\/wp\/v2\/posts"}],"about":[{"href":"https:\/\/compartilhabahia.com.br\/index.php\/wp-json\/wp\/v2\/types\/post"}],"author":[{"embeddable":true,"href":"https:\/\/compartilhabahia.com.br\/index.php\/wp-json\/wp\/v2\/users\/1"}],"replies":[{"embeddable":true,"href":"https:\/\/compartilhabahia.com.br\/index.php\/wp-json\/wp\/v2\/comments?post=8213"}],"version-history":[{"count":1,"href":"https:\/\/compartilhabahia.com.br\/index.php\/wp-json\/wp\/v2\/posts\/8213\/revisions"}],"predecessor-version":[{"id":8215,"href":"https:\/\/compartilhabahia.com.br\/index.php\/wp-json\/wp\/v2\/posts\/8213\/revisions\/8215"}],"wp:featuredmedia":[{"embeddable":true,"href":"https:\/\/compartilhabahia.com.br\/index.php\/wp-json\/wp\/v2\/media\/8214"}],"wp:attachment":[{"href":"https:\/\/compartilhabahia.com.br\/index.php\/wp-json\/wp\/v2\/media?parent=8213"}],"wp:term":[{"taxonomy":"category","embeddable":true,"href":"https:\/\/compartilhabahia.com.br\/index.php\/wp-json\/wp\/v2\/categories?post=8213"},{"taxonomy":"post_tag","embeddable":true,"href":"https:\/\/compartilhabahia.com.br\/index.php\/wp-json\/wp\/v2\/tags?post=8213"}],"curies":[{"name":"wp","href":"https:\/\/api.w.org\/{rel}","templated":true}]}}