{"id":8205,"date":"2025-10-20T09:54:00","date_gmt":"2025-10-20T12:54:00","guid":{"rendered":"https:\/\/compartilhabahia.com.br\/?p=8205"},"modified":"2025-10-20T09:54:02","modified_gmt":"2025-10-20T12:54:02","slug":"festa-dos-professores-reune-educadores-em-evento-marcado-pela-alegria-e-cuidado","status":"publish","type":"post","link":"https:\/\/compartilhabahia.com.br\/index.php\/2025\/10\/20\/festa-dos-professores-reune-educadores-em-evento-marcado-pela-alegria-e-cuidado\/","title":{"rendered":"Festa dos Professores re\u00fane educadores em evento marcado pela alegria e cuidado"},"content":{"rendered":"\n<p>Depois de oito anos, o Dia dos Professores voltou a ser comemorado com todo o carinho e cuidado em Cama\u00e7ari. Neste s\u00e1bado (18), educadores das mais de 100 escolas da sede e da orla celebraram a data, a dedica\u00e7\u00e3o e o novo tempo da educa\u00e7\u00e3o no munic\u00edpio.<\/p>\n\n\n\n<p>A festa, realizada no Grecos \u2013 Gr\u00eamio Recreativo dos Correios, em Abrantes, \u00e9 mais uma a\u00e7\u00e3o de valoriza\u00e7\u00e3o da categoria e um sinal da prioridade que a educa\u00e7\u00e3o representa para o governo municipal. A iniciativa se soma \u00e0 reforma das unidades escolares, ao pagamento do 1\/3 de f\u00e9rias e \u00e0 concess\u00e3o do reajuste salarial de 6,27% \u2014 aumento que garantiu a reposi\u00e7\u00e3o da infla\u00e7\u00e3o e ganho real \u2014 e era uma luta antiga dos professores, que, nos \u00faltimos oito anos, n\u00e3o conseguiram aumento salarial real de forma linear.<\/p>\n\n\n\n<p>\u201cSei que n\u00f3s estamos avan\u00e7ando e temos condi\u00e7\u00f5es de avan\u00e7ar muito mais. Eu quero ver a escola melhor do que deixei, com a rob\u00f3tica, ci\u00eancia, tecnologia, uma escola que seja uma escola viva, e isso inclui a valoriza\u00e7\u00e3o e o reconhecimento das professoras e professores do nosso munic\u00edpio\u201d, afirmou o prefeito Luiz Caetano.<\/p>\n\n\n\n<p>A Cama\u00e7ari educadora agradeceu hoje a quem educa. A festa, regada a m\u00fasica, anima\u00e7\u00e3o, sorteios e momentos de confraterniza\u00e7\u00e3o, volta oficialmente para o calend\u00e1rio do munic\u00edpio.<\/p>\n\n\n\n<p>\u201cEu gostaria muito que voc\u00eas continuassem com essa confian\u00e7a. A gente tem todos os dias no cuidado, no planejamento, no zelo, entendendo que o nosso papel \u00e9 amenizar todas as dores, as mazelas desses \u00faltimos tempos\u201d, disse o secret\u00e1rio de Educa\u00e7\u00e3o, M\u00e1rcio Neves.<\/p>\n\n\n\n<p>Foto: Bruno Nogueira<\/p>\n","protected":false},"excerpt":{"rendered":"<p>Depois de oito anos, o Dia dos Professores voltou a ser comemorado com todo o carinho e cuidado em Cama\u00e7ari. Neste s\u00e1bado (18), educadores das mais de 100 escolas da sede e da orla celebraram a data, a dedica\u00e7\u00e3o e o novo tempo da educa\u00e7\u00e3o no munic\u00edpio. A festa, realizada no Grecos \u2013 Gr\u00eamio Recreativo [&hellip;]<\/p>\n","protected":false},"author":1,"featured_media":8206,"comment_status":"open","ping_status":"open","sticky":false,"template":"","format":"standard","meta":{"footnotes":""},"categories":[8],"tags":[],"class_list":["post-8205","post","type-post","status-publish","format-standard","has-post-thumbnail","hentry","category-camacari"],"yoast_head":"<!-- This site is optimized with the Yoast SEO plugin v21.7 - https:\/\/yoast.com\/wordpress\/plugins\/seo\/ -->\n<title>Festa dos Professores re\u00fane educadores em evento marcado pela alegria e cuidado - Compartilha Bahia<\/title>\n<meta name=\"robots\" content=\"index, follow, max-snippet:-1, max-image-preview:large, max-video-preview:-1\" \/>\n<link rel=\"canonical\" href=\"https:\/\/compartilhabahia.com.br\/index.php\/2025\/10\/20\/festa-dos-professores-reune-educadores-em-evento-marcado-pela-alegria-e-cuidado\/\" \/>\n<meta property=\"og:locale\" content=\"pt_BR\" \/>\n<meta property=\"og:type\" content=\"article\" \/>\n<meta property=\"og:title\" content=\"Festa dos Professores re\u00fane educadores em evento marcado pela alegria e cuidado - Compartilha Bahia\" \/>\n<meta property=\"og:description\" content=\"Depois de oito anos, o Dia dos Professores voltou a ser comemorado com todo o carinho e cuidado em Cama\u00e7ari. Neste s\u00e1bado (18), educadores das mais de 100 escolas da sede e da orla celebraram a data, a dedica\u00e7\u00e3o e o novo tempo da educa\u00e7\u00e3o no munic\u00edpio. A festa, realizada no Grecos \u2013 Gr\u00eamio Recreativo [&hellip;]\" \/>\n<meta property=\"og:url\" content=\"https:\/\/compartilhabahia.com.br\/index.php\/2025\/10\/20\/festa-dos-professores-reune-educadores-em-evento-marcado-pela-alegria-e-cuidado\/\" \/>\n<meta property=\"og:site_name\" content=\"Compartilha Bahia\" \/>\n<meta property=\"article:publisher\" content=\"https:\/\/web.facebook.com\/compartilhabahia\" \/>\n<meta property=\"article:published_time\" content=\"2025-10-20T12:54:00+00:00\" \/>\n<meta property=\"article:modified_time\" content=\"2025-10-20T12:54:02+00:00\" \/>\n<meta property=\"og:image\" content=\"https:\/\/compartilhabahia.com.br\/wp-content\/uploads\/2025\/10\/festaprofessor.jpg\" \/>\n\t<meta property=\"og:image:width\" content=\"896\" \/>\n\t<meta property=\"og:image:height\" content=\"672\" \/>\n\t<meta property=\"og:image:type\" content=\"image\/jpeg\" \/>\n<meta name=\"author\" content=\"admin\" \/>\n<meta name=\"twitter:card\" content=\"summary_large_image\" \/>\n<meta name=\"twitter:label1\" content=\"Escrito por\" \/>\n\t<meta name=\"twitter:data1\" content=\"admin\" \/>\n\t<meta name=\"twitter:label2\" content=\"Est. tempo de leitura\" \/>\n\t<meta name=\"twitter:data2\" content=\"2 minutos\" \/>\n<script type=\"application\/ld+json\" class=\"yoast-schema-graph\">{\"@context\":\"https:\/\/schema.org\",\"@graph\":[{\"@type\":\"Article\",\"@id\":\"https:\/\/compartilhabahia.com.br\/index.php\/2025\/10\/20\/festa-dos-professores-reune-educadores-em-evento-marcado-pela-alegria-e-cuidado\/#article\",\"isPartOf\":{\"@id\":\"https:\/\/compartilhabahia.com.br\/index.php\/2025\/10\/20\/festa-dos-professores-reune-educadores-em-evento-marcado-pela-alegria-e-cuidado\/\"},\"author\":{\"name\":\"admin\",\"@id\":\"https:\/\/compartilhabahia.com.br\/#\/schema\/person\/9b4f0c3178793b8248d6686732521c04\"},\"headline\":\"Festa dos Professores re\u00fane educadores em evento marcado pela alegria e cuidado\",\"datePublished\":\"2025-10-20T12:54:00+00:00\",\"dateModified\":\"2025-10-20T12:54:02+00:00\",\"mainEntityOfPage\":{\"@id\":\"https:\/\/compartilhabahia.com.br\/index.php\/2025\/10\/20\/festa-dos-professores-reune-educadores-em-evento-marcado-pela-alegria-e-cuidado\/\"},\"wordCount\":295,\"commentCount\":0,\"publisher\":{\"@id\":\"https:\/\/compartilhabahia.com.br\/#organization\"},\"articleSection\":[\"Cama\u00e7ari\"],\"inLanguage\":\"pt-BR\",\"potentialAction\":[{\"@type\":\"CommentAction\",\"name\":\"Comment\",\"target\":[\"https:\/\/compartilhabahia.com.br\/index.php\/2025\/10\/20\/festa-dos-professores-reune-educadores-em-evento-marcado-pela-alegria-e-cuidado\/#respond\"]}]},{\"@type\":\"WebPage\",\"@id\":\"https:\/\/compartilhabahia.com.br\/index.php\/2025\/10\/20\/festa-dos-professores-reune-educadores-em-evento-marcado-pela-alegria-e-cuidado\/\",\"url\":\"https:\/\/compartilhabahia.com.br\/index.php\/2025\/10\/20\/festa-dos-professores-reune-educadores-em-evento-marcado-pela-alegria-e-cuidado\/\",\"name\":\"Festa dos Professores re\u00fane educadores em evento marcado pela alegria e cuidado - Compartilha Bahia\",\"isPartOf\":{\"@id\":\"https:\/\/compartilhabahia.com.br\/#website\"},\"datePublished\":\"2025-10-20T12:54:00+00:00\",\"dateModified\":\"2025-10-20T12:54:02+00:00\",\"breadcrumb\":{\"@id\":\"https:\/\/compartilhabahia.com.br\/index.php\/2025\/10\/20\/festa-dos-professores-reune-educadores-em-evento-marcado-pela-alegria-e-cuidado\/#breadcrumb\"},\"inLanguage\":\"pt-BR\",\"potentialAction\":[{\"@type\":\"ReadAction\",\"target\":[\"https:\/\/compartilhabahia.com.br\/index.php\/2025\/10\/20\/festa-dos-professores-reune-educadores-em-evento-marcado-pela-alegria-e-cuidado\/\"]}]},{\"@type\":\"BreadcrumbList\",\"@id\":\"https:\/\/compartilhabahia.com.br\/index.php\/2025\/10\/20\/festa-dos-professores-reune-educadores-em-evento-marcado-pela-alegria-e-cuidado\/#breadcrumb\",\"itemListElement\":[{\"@type\":\"ListItem\",\"position\":1,\"name\":\"In\u00edcio\",\"item\":\"https:\/\/compartilhabahia.com.br\/\"},{\"@type\":\"ListItem\",\"position\":2,\"name\":\"Festa dos Professores re\u00fane educadores em evento marcado pela alegria e cuidado\"}]},{\"@type\":\"WebSite\",\"@id\":\"https:\/\/compartilhabahia.com.br\/#website\",\"url\":\"https:\/\/compartilhabahia.com.br\/\",\"name\":\"Compartilha Bahia\",\"description\":\"\",\"publisher\":{\"@id\":\"https:\/\/compartilhabahia.com.br\/#organization\"},\"potentialAction\":[{\"@type\":\"SearchAction\",\"target\":{\"@type\":\"EntryPoint\",\"urlTemplate\":\"https:\/\/compartilhabahia.com.br\/?s={search_term_string}\"},\"query-input\":\"required name=search_term_string\"}],\"inLanguage\":\"pt-BR\"},{\"@type\":\"Organization\",\"@id\":\"https:\/\/compartilhabahia.com.br\/#organization\",\"name\":\"Compartilha Bahia\",\"url\":\"https:\/\/compartilhabahia.com.br\/\",\"logo\":{\"@type\":\"ImageObject\",\"inLanguage\":\"pt-BR\",\"@id\":\"https:\/\/compartilhabahia.com.br\/#\/schema\/logo\/image\/\",\"url\":\"https:\/\/compartilhabahia.com.br\/wp-content\/uploads\/2023\/12\/cropped-logo.png\",\"contentUrl\":\"https:\/\/compartilhabahia.com.br\/wp-content\/uploads\/2023\/12\/cropped-logo.png\",\"width\":300,\"height\":106,\"caption\":\"Compartilha Bahia\"},\"image\":{\"@id\":\"https:\/\/compartilhabahia.com.br\/#\/schema\/logo\/image\/\"},\"sameAs\":[\"https:\/\/web.facebook.com\/compartilhabahia\",\"https:\/\/www.instagram.com\/compartilhabahia\/\"]},{\"@type\":\"Person\",\"@id\":\"https:\/\/compartilhabahia.com.br\/#\/schema\/person\/9b4f0c3178793b8248d6686732521c04\",\"name\":\"admin\",\"image\":{\"@type\":\"ImageObject\",\"inLanguage\":\"pt-BR\",\"@id\":\"https:\/\/compartilhabahia.com.br\/#\/schema\/person\/image\/\",\"url\":\"https:\/\/secure.gravatar.com\/avatar\/9600df58751c5acbe914c538c03390ef649ea088cb65f84ba09c7ce66988eed6?s=96&d=mm&r=g\",\"contentUrl\":\"https:\/\/secure.gravatar.com\/avatar\/9600df58751c5acbe914c538c03390ef649ea088cb65f84ba09c7ce66988eed6?s=96&d=mm&r=g\",\"caption\":\"admin\"},\"sameAs\":[\"https:\/\/compartilhabahia.com.br\"],\"url\":\"https:\/\/compartilhabahia.com.br\/index.php\/author\/compartilhabahia\/\"}]}<\/script>\n<!-- \/ Yoast SEO plugin. -->","yoast_head_json":{"title":"Festa dos Professores re\u00fane educadores em evento marcado pela alegria e cuidado - Compartilha Bahia","robots":{"index":"index","follow":"follow","max-snippet":"max-snippet:-1","max-image-preview":"max-image-preview:large","max-video-preview":"max-video-preview:-1"},"canonical":"https:\/\/compartilhabahia.com.br\/index.php\/2025\/10\/20\/festa-dos-professores-reune-educadores-em-evento-marcado-pela-alegria-e-cuidado\/","og_locale":"pt_BR","og_type":"article","og_title":"Festa dos Professores re\u00fane educadores em evento marcado pela alegria e cuidado - Compartilha Bahia","og_description":"Depois de oito anos, o Dia dos Professores voltou a ser comemorado com todo o carinho e cuidado em Cama\u00e7ari. Neste s\u00e1bado (18), educadores das mais de 100 escolas da sede e da orla celebraram a data, a dedica\u00e7\u00e3o e o novo tempo da educa\u00e7\u00e3o no munic\u00edpio. A festa, realizada no Grecos \u2013 Gr\u00eamio Recreativo [&hellip;]","og_url":"https:\/\/compartilhabahia.com.br\/index.php\/2025\/10\/20\/festa-dos-professores-reune-educadores-em-evento-marcado-pela-alegria-e-cuidado\/","og_site_name":"Compartilha Bahia","article_publisher":"https:\/\/web.facebook.com\/compartilhabahia","article_published_time":"2025-10-20T12:54:00+00:00","article_modified_time":"2025-10-20T12:54:02+00:00","og_image":[{"width":896,"height":672,"url":"https:\/\/compartilhabahia.com.br\/wp-content\/uploads\/2025\/10\/festaprofessor.jpg","type":"image\/jpeg"}],"author":"admin","twitter_card":"summary_large_image","twitter_misc":{"Escrito por":"admin","Est. tempo de leitura":"2 minutos"},"schema":{"@context":"https:\/\/schema.org","@graph":[{"@type":"Article","@id":"https:\/\/compartilhabahia.com.br\/index.php\/2025\/10\/20\/festa-dos-professores-reune-educadores-em-evento-marcado-pela-alegria-e-cuidado\/#article","isPartOf":{"@id":"https:\/\/compartilhabahia.com.br\/index.php\/2025\/10\/20\/festa-dos-professores-reune-educadores-em-evento-marcado-pela-alegria-e-cuidado\/"},"author":{"name":"admin","@id":"https:\/\/compartilhabahia.com.br\/#\/schema\/person\/9b4f0c3178793b8248d6686732521c04"},"headline":"Festa dos Professores re\u00fane educadores em evento marcado pela alegria e cuidado","datePublished":"2025-10-20T12:54:00+00:00","dateModified":"2025-10-20T12:54:02+00:00","mainEntityOfPage":{"@id":"https:\/\/compartilhabahia.com.br\/index.php\/2025\/10\/20\/festa-dos-professores-reune-educadores-em-evento-marcado-pela-alegria-e-cuidado\/"},"wordCount":295,"commentCount":0,"publisher":{"@id":"https:\/\/compartilhabahia.com.br\/#organization"},"articleSection":["Cama\u00e7ari"],"inLanguage":"pt-BR","potentialAction":[{"@type":"CommentAction","name":"Comment","target":["https:\/\/compartilhabahia.com.br\/index.php\/2025\/10\/20\/festa-dos-professores-reune-educadores-em-evento-marcado-pela-alegria-e-cuidado\/#respond"]}]},{"@type":"WebPage","@id":"https:\/\/compartilhabahia.com.br\/index.php\/2025\/10\/20\/festa-dos-professores-reune-educadores-em-evento-marcado-pela-alegria-e-cuidado\/","url":"https:\/\/compartilhabahia.com.br\/index.php\/2025\/10\/20\/festa-dos-professores-reune-educadores-em-evento-marcado-pela-alegria-e-cuidado\/","name":"Festa dos Professores re\u00fane educadores em evento marcado pela alegria e cuidado - Compartilha Bahia","isPartOf":{"@id":"https:\/\/compartilhabahia.com.br\/#website"},"datePublished":"2025-10-20T12:54:00+00:00","dateModified":"2025-10-20T12:54:02+00:00","breadcrumb":{"@id":"https:\/\/compartilhabahia.com.br\/index.php\/2025\/10\/20\/festa-dos-professores-reune-educadores-em-evento-marcado-pela-alegria-e-cuidado\/#breadcrumb"},"inLanguage":"pt-BR","potentialAction":[{"@type":"ReadAction","target":["https:\/\/compartilhabahia.com.br\/index.php\/2025\/10\/20\/festa-dos-professores-reune-educadores-em-evento-marcado-pela-alegria-e-cuidado\/"]}]},{"@type":"BreadcrumbList","@id":"https:\/\/compartilhabahia.com.br\/index.php\/2025\/10\/20\/festa-dos-professores-reune-educadores-em-evento-marcado-pela-alegria-e-cuidado\/#breadcrumb","itemListElement":[{"@type":"ListItem","position":1,"name":"In\u00edcio","item":"https:\/\/compartilhabahia.com.br\/"},{"@type":"ListItem","position":2,"name":"Festa dos Professores re\u00fane educadores em evento marcado pela alegria e cuidado"}]},{"@type":"WebSite","@id":"https:\/\/compartilhabahia.com.br\/#website","url":"https:\/\/compartilhabahia.com.br\/","name":"Compartilha Bahia","description":"","publisher":{"@id":"https:\/\/compartilhabahia.com.br\/#organization"},"potentialAction":[{"@type":"SearchAction","target":{"@type":"EntryPoint","urlTemplate":"https:\/\/compartilhabahia.com.br\/?s={search_term_string}"},"query-input":"required name=search_term_string"}],"inLanguage":"pt-BR"},{"@type":"Organization","@id":"https:\/\/compartilhabahia.com.br\/#organization","name":"Compartilha Bahia","url":"https:\/\/compartilhabahia.com.br\/","logo":{"@type":"ImageObject","inLanguage":"pt-BR","@id":"https:\/\/compartilhabahia.com.br\/#\/schema\/logo\/image\/","url":"https:\/\/compartilhabahia.com.br\/wp-content\/uploads\/2023\/12\/cropped-logo.png","contentUrl":"https:\/\/compartilhabahia.com.br\/wp-content\/uploads\/2023\/12\/cropped-logo.png","width":300,"height":106,"caption":"Compartilha Bahia"},"image":{"@id":"https:\/\/compartilhabahia.com.br\/#\/schema\/logo\/image\/"},"sameAs":["https:\/\/web.facebook.com\/compartilhabahia","https:\/\/www.instagram.com\/compartilhabahia\/"]},{"@type":"Person","@id":"https:\/\/compartilhabahia.com.br\/#\/schema\/person\/9b4f0c3178793b8248d6686732521c04","name":"admin","image":{"@type":"ImageObject","inLanguage":"pt-BR","@id":"https:\/\/compartilhabahia.com.br\/#\/schema\/person\/image\/","url":"https:\/\/secure.gravatar.com\/avatar\/9600df58751c5acbe914c538c03390ef649ea088cb65f84ba09c7ce66988eed6?s=96&d=mm&r=g","contentUrl":"https:\/\/secure.gravatar.com\/avatar\/9600df58751c5acbe914c538c03390ef649ea088cb65f84ba09c7ce66988eed6?s=96&d=mm&r=g","caption":"admin"},"sameAs":["https:\/\/compartilhabahia.com.br"],"url":"https:\/\/compartilhabahia.com.br\/index.php\/author\/compartilhabahia\/"}]}},"_links":{"self":[{"href":"https:\/\/compartilhabahia.com.br\/index.php\/wp-json\/wp\/v2\/posts\/8205","targetHints":{"allow":["GET"]}}],"collection":[{"href":"https:\/\/compartilhabahia.com.br\/index.php\/wp-json\/wp\/v2\/posts"}],"about":[{"href":"https:\/\/compartilhabahia.com.br\/index.php\/wp-json\/wp\/v2\/types\/post"}],"author":[{"embeddable":true,"href":"https:\/\/compartilhabahia.com.br\/index.php\/wp-json\/wp\/v2\/users\/1"}],"replies":[{"embeddable":true,"href":"https:\/\/compartilhabahia.com.br\/index.php\/wp-json\/wp\/v2\/comments?post=8205"}],"version-history":[{"count":1,"href":"https:\/\/compartilhabahia.com.br\/index.php\/wp-json\/wp\/v2\/posts\/8205\/revisions"}],"predecessor-version":[{"id":8207,"href":"https:\/\/compartilhabahia.com.br\/index.php\/wp-json\/wp\/v2\/posts\/8205\/revisions\/8207"}],"wp:featuredmedia":[{"embeddable":true,"href":"https:\/\/compartilhabahia.com.br\/index.php\/wp-json\/wp\/v2\/media\/8206"}],"wp:attachment":[{"href":"https:\/\/compartilhabahia.com.br\/index.php\/wp-json\/wp\/v2\/media?parent=8205"}],"wp:term":[{"taxonomy":"category","embeddable":true,"href":"https:\/\/compartilhabahia.com.br\/index.php\/wp-json\/wp\/v2\/categories?post=8205"},{"taxonomy":"post_tag","embeddable":true,"href":"https:\/\/compartilhabahia.com.br\/index.php\/wp-json\/wp\/v2\/tags?post=8205"}],"curies":[{"name":"wp","href":"https:\/\/api.w.org\/{rel}","templated":true}]}}