{"id":8201,"date":"2025-10-20T09:46:56","date_gmt":"2025-10-20T12:46:56","guid":{"rendered":"https:\/\/compartilhabahia.com.br\/?p=8201"},"modified":"2025-10-20T09:46:58","modified_gmt":"2025-10-20T12:46:58","slug":"operacao-paz-e-ordem-intensifica-acoes-contra-poluicao-sonora-em-camacari","status":"publish","type":"post","link":"https:\/\/compartilhabahia.com.br\/index.php\/2025\/10\/20\/operacao-paz-e-ordem-intensifica-acoes-contra-poluicao-sonora-em-camacari\/","title":{"rendered":"Opera\u00e7\u00e3o Paz e Ordem intensifica a\u00e7\u00f5es contra polui\u00e7\u00e3o sonora em Cama\u00e7ari"},"content":{"rendered":"\n<p>Com o objetivo de combater a polui\u00e7\u00e3o sonora e garantir a ordem p\u00fablica, a Prefeitura de Cama\u00e7ari, por meio da Secretaria de Desenvolvimento Urbano e Meio Ambiente (Sedur), realizou neste domingo (19) mais uma etapa da Opera\u00e7\u00e3o Paz e Ordem. A a\u00e7\u00e3o foi conduzida pelos agentes da Superintend\u00eancia de Ordenamento e Fiscaliza\u00e7\u00e3o de Uso do Solo (Suofis), com o apoio da Pol\u00edcia Militar e da Companhia Independente de Policiamento Especializado (CIPE Polo).<\/p>\n\n\n\n<p>Durante a opera\u00e7\u00e3o, foram apreendidos quatro ve\u00edculos com uso irregular de som automotivo em eventos que estavam em desacordo com a legisla\u00e7\u00e3o vigente. Dentre os alvos da a\u00e7\u00e3o, esteve uma casa de eventos, localizada no bairro Jardim Bras\u00edlia, que j\u00e1 havia sido interditada anteriormente por descumprimento das normas municipais.<\/p>\n\n\n\n<p>A opera\u00e7\u00e3o refor\u00e7a o compromisso do munic\u00edpio com o bem-estar da popula\u00e7\u00e3o, especialmente no que diz respeito ao combate \u00e0 perturba\u00e7\u00e3o do sossego e ao cumprimento da Lei Municipal n\u00ba 1.120\/2010, que estabelece os limites de emiss\u00e3o sonora em \u00e1reas urbanas. A iniciativa tamb\u00e9m atende a uma recomenda\u00e7\u00e3o do Minist\u00e9rio P\u00fablico da Bahia (MP-BA), que orienta a intensifica\u00e7\u00e3o da fiscaliza\u00e7\u00e3o ambiental no munic\u00edpio.<\/p>\n\n\n\n<p>O superintendente da Suofis, David Leite, destacou a relev\u00e2ncia da continuidade das a\u00e7\u00f5es. \u201cSeguiremos firmes no cumprimento da legisla\u00e7\u00e3o. O trabalho conjunto entre os \u00f3rg\u00e3os de fiscaliza\u00e7\u00e3o e seguran\u00e7a \u00e9 fundamental para garantir o direito ao sossego da popula\u00e7\u00e3o\u201d, afirmou.<\/p>\n\n\n\n<p>A Sedur orienta que casos de som abusivo em resid\u00eancias sejam comunicados diretamente \u00e0 Pol\u00edcia Militar pelo telefone 190. J\u00e1 den\u00fancias relacionadas a som automotivo em vias p\u00fablicas podem ser feitas \u00e0 STT, pelos n\u00fameros 118 ou (71) 3622-7798.<\/p>\n\n\n\n<p>Foto: Ascom Sedur<\/p>\n","protected":false},"excerpt":{"rendered":"<p>Com o objetivo de combater a polui\u00e7\u00e3o sonora e garantir a ordem p\u00fablica, a Prefeitura de Cama\u00e7ari, por meio da Secretaria de Desenvolvimento Urbano e Meio Ambiente (Sedur), realizou neste domingo (19) mais uma etapa da Opera\u00e7\u00e3o Paz e Ordem. A a\u00e7\u00e3o foi conduzida pelos agentes da Superintend\u00eancia de Ordenamento e Fiscaliza\u00e7\u00e3o de Uso do [&hellip;]<\/p>\n","protected":false},"author":1,"featured_media":8202,"comment_status":"open","ping_status":"open","sticky":false,"template":"","format":"standard","meta":{"footnotes":""},"categories":[8],"tags":[],"class_list":["post-8201","post","type-post","status-publish","format-standard","has-post-thumbnail","hentry","category-camacari"],"yoast_head":"<!-- This site is optimized with the Yoast SEO plugin v21.7 - https:\/\/yoast.com\/wordpress\/plugins\/seo\/ -->\n<title>Opera\u00e7\u00e3o Paz e Ordem intensifica a\u00e7\u00f5es contra polui\u00e7\u00e3o sonora em Cama\u00e7ari - Compartilha Bahia<\/title>\n<meta name=\"robots\" content=\"index, follow, max-snippet:-1, max-image-preview:large, max-video-preview:-1\" \/>\n<link rel=\"canonical\" href=\"https:\/\/compartilhabahia.com.br\/index.php\/2025\/10\/20\/operacao-paz-e-ordem-intensifica-acoes-contra-poluicao-sonora-em-camacari\/\" \/>\n<meta property=\"og:locale\" content=\"pt_BR\" \/>\n<meta property=\"og:type\" content=\"article\" \/>\n<meta property=\"og:title\" content=\"Opera\u00e7\u00e3o Paz e Ordem intensifica a\u00e7\u00f5es contra polui\u00e7\u00e3o sonora em Cama\u00e7ari - Compartilha Bahia\" \/>\n<meta property=\"og:description\" content=\"Com o objetivo de combater a polui\u00e7\u00e3o sonora e garantir a ordem p\u00fablica, a Prefeitura de Cama\u00e7ari, por meio da Secretaria de Desenvolvimento Urbano e Meio Ambiente (Sedur), realizou neste domingo (19) mais uma etapa da Opera\u00e7\u00e3o Paz e Ordem. A a\u00e7\u00e3o foi conduzida pelos agentes da Superintend\u00eancia de Ordenamento e Fiscaliza\u00e7\u00e3o de Uso do [&hellip;]\" \/>\n<meta property=\"og:url\" content=\"https:\/\/compartilhabahia.com.br\/index.php\/2025\/10\/20\/operacao-paz-e-ordem-intensifica-acoes-contra-poluicao-sonora-em-camacari\/\" \/>\n<meta property=\"og:site_name\" content=\"Compartilha Bahia\" \/>\n<meta property=\"article:publisher\" content=\"https:\/\/web.facebook.com\/compartilhabahia\" \/>\n<meta property=\"article:published_time\" content=\"2025-10-20T12:46:56+00:00\" \/>\n<meta property=\"article:modified_time\" content=\"2025-10-20T12:46:58+00:00\" \/>\n<meta property=\"og:image\" content=\"https:\/\/compartilhabahia.com.br\/wp-content\/uploads\/2025\/10\/WhatsApp-Image-2025-10-20-at-09.31.09.jpeg\" \/>\n\t<meta property=\"og:image:width\" content=\"1280\" \/>\n\t<meta property=\"og:image:height\" content=\"960\" \/>\n\t<meta property=\"og:image:type\" content=\"image\/jpeg\" \/>\n<meta name=\"author\" content=\"admin\" \/>\n<meta name=\"twitter:card\" content=\"summary_large_image\" \/>\n<meta name=\"twitter:label1\" content=\"Escrito por\" \/>\n\t<meta name=\"twitter:data1\" content=\"admin\" \/>\n\t<meta name=\"twitter:label2\" content=\"Est. tempo de leitura\" \/>\n\t<meta name=\"twitter:data2\" content=\"2 minutos\" \/>\n<script type=\"application\/ld+json\" class=\"yoast-schema-graph\">{\"@context\":\"https:\/\/schema.org\",\"@graph\":[{\"@type\":\"Article\",\"@id\":\"https:\/\/compartilhabahia.com.br\/index.php\/2025\/10\/20\/operacao-paz-e-ordem-intensifica-acoes-contra-poluicao-sonora-em-camacari\/#article\",\"isPartOf\":{\"@id\":\"https:\/\/compartilhabahia.com.br\/index.php\/2025\/10\/20\/operacao-paz-e-ordem-intensifica-acoes-contra-poluicao-sonora-em-camacari\/\"},\"author\":{\"name\":\"admin\",\"@id\":\"https:\/\/compartilhabahia.com.br\/#\/schema\/person\/9b4f0c3178793b8248d6686732521c04\"},\"headline\":\"Opera\u00e7\u00e3o Paz e Ordem intensifica a\u00e7\u00f5es contra polui\u00e7\u00e3o sonora em Cama\u00e7ari\",\"datePublished\":\"2025-10-20T12:46:56+00:00\",\"dateModified\":\"2025-10-20T12:46:58+00:00\",\"mainEntityOfPage\":{\"@id\":\"https:\/\/compartilhabahia.com.br\/index.php\/2025\/10\/20\/operacao-paz-e-ordem-intensifica-acoes-contra-poluicao-sonora-em-camacari\/\"},\"wordCount\":310,\"commentCount\":0,\"publisher\":{\"@id\":\"https:\/\/compartilhabahia.com.br\/#organization\"},\"articleSection\":[\"Cama\u00e7ari\"],\"inLanguage\":\"pt-BR\",\"potentialAction\":[{\"@type\":\"CommentAction\",\"name\":\"Comment\",\"target\":[\"https:\/\/compartilhabahia.com.br\/index.php\/2025\/10\/20\/operacao-paz-e-ordem-intensifica-acoes-contra-poluicao-sonora-em-camacari\/#respond\"]}]},{\"@type\":\"WebPage\",\"@id\":\"https:\/\/compartilhabahia.com.br\/index.php\/2025\/10\/20\/operacao-paz-e-ordem-intensifica-acoes-contra-poluicao-sonora-em-camacari\/\",\"url\":\"https:\/\/compartilhabahia.com.br\/index.php\/2025\/10\/20\/operacao-paz-e-ordem-intensifica-acoes-contra-poluicao-sonora-em-camacari\/\",\"name\":\"Opera\u00e7\u00e3o Paz e Ordem intensifica a\u00e7\u00f5es contra polui\u00e7\u00e3o sonora em Cama\u00e7ari - Compartilha Bahia\",\"isPartOf\":{\"@id\":\"https:\/\/compartilhabahia.com.br\/#website\"},\"datePublished\":\"2025-10-20T12:46:56+00:00\",\"dateModified\":\"2025-10-20T12:46:58+00:00\",\"breadcrumb\":{\"@id\":\"https:\/\/compartilhabahia.com.br\/index.php\/2025\/10\/20\/operacao-paz-e-ordem-intensifica-acoes-contra-poluicao-sonora-em-camacari\/#breadcrumb\"},\"inLanguage\":\"pt-BR\",\"potentialAction\":[{\"@type\":\"ReadAction\",\"target\":[\"https:\/\/compartilhabahia.com.br\/index.php\/2025\/10\/20\/operacao-paz-e-ordem-intensifica-acoes-contra-poluicao-sonora-em-camacari\/\"]}]},{\"@type\":\"BreadcrumbList\",\"@id\":\"https:\/\/compartilhabahia.com.br\/index.php\/2025\/10\/20\/operacao-paz-e-ordem-intensifica-acoes-contra-poluicao-sonora-em-camacari\/#breadcrumb\",\"itemListElement\":[{\"@type\":\"ListItem\",\"position\":1,\"name\":\"In\u00edcio\",\"item\":\"https:\/\/compartilhabahia.com.br\/\"},{\"@type\":\"ListItem\",\"position\":2,\"name\":\"Opera\u00e7\u00e3o Paz e Ordem intensifica a\u00e7\u00f5es contra polui\u00e7\u00e3o sonora em Cama\u00e7ari\"}]},{\"@type\":\"WebSite\",\"@id\":\"https:\/\/compartilhabahia.com.br\/#website\",\"url\":\"https:\/\/compartilhabahia.com.br\/\",\"name\":\"Compartilha Bahia\",\"description\":\"\",\"publisher\":{\"@id\":\"https:\/\/compartilhabahia.com.br\/#organization\"},\"potentialAction\":[{\"@type\":\"SearchAction\",\"target\":{\"@type\":\"EntryPoint\",\"urlTemplate\":\"https:\/\/compartilhabahia.com.br\/?s={search_term_string}\"},\"query-input\":\"required name=search_term_string\"}],\"inLanguage\":\"pt-BR\"},{\"@type\":\"Organization\",\"@id\":\"https:\/\/compartilhabahia.com.br\/#organization\",\"name\":\"Compartilha Bahia\",\"url\":\"https:\/\/compartilhabahia.com.br\/\",\"logo\":{\"@type\":\"ImageObject\",\"inLanguage\":\"pt-BR\",\"@id\":\"https:\/\/compartilhabahia.com.br\/#\/schema\/logo\/image\/\",\"url\":\"https:\/\/compartilhabahia.com.br\/wp-content\/uploads\/2023\/12\/cropped-logo.png\",\"contentUrl\":\"https:\/\/compartilhabahia.com.br\/wp-content\/uploads\/2023\/12\/cropped-logo.png\",\"width\":300,\"height\":106,\"caption\":\"Compartilha Bahia\"},\"image\":{\"@id\":\"https:\/\/compartilhabahia.com.br\/#\/schema\/logo\/image\/\"},\"sameAs\":[\"https:\/\/web.facebook.com\/compartilhabahia\",\"https:\/\/www.instagram.com\/compartilhabahia\/\"]},{\"@type\":\"Person\",\"@id\":\"https:\/\/compartilhabahia.com.br\/#\/schema\/person\/9b4f0c3178793b8248d6686732521c04\",\"name\":\"admin\",\"image\":{\"@type\":\"ImageObject\",\"inLanguage\":\"pt-BR\",\"@id\":\"https:\/\/compartilhabahia.com.br\/#\/schema\/person\/image\/\",\"url\":\"https:\/\/secure.gravatar.com\/avatar\/9600df58751c5acbe914c538c03390ef649ea088cb65f84ba09c7ce66988eed6?s=96&d=mm&r=g\",\"contentUrl\":\"https:\/\/secure.gravatar.com\/avatar\/9600df58751c5acbe914c538c03390ef649ea088cb65f84ba09c7ce66988eed6?s=96&d=mm&r=g\",\"caption\":\"admin\"},\"sameAs\":[\"https:\/\/compartilhabahia.com.br\"],\"url\":\"https:\/\/compartilhabahia.com.br\/index.php\/author\/compartilhabahia\/\"}]}<\/script>\n<!-- \/ Yoast SEO plugin. -->","yoast_head_json":{"title":"Opera\u00e7\u00e3o Paz e Ordem intensifica a\u00e7\u00f5es contra polui\u00e7\u00e3o sonora em Cama\u00e7ari - Compartilha Bahia","robots":{"index":"index","follow":"follow","max-snippet":"max-snippet:-1","max-image-preview":"max-image-preview:large","max-video-preview":"max-video-preview:-1"},"canonical":"https:\/\/compartilhabahia.com.br\/index.php\/2025\/10\/20\/operacao-paz-e-ordem-intensifica-acoes-contra-poluicao-sonora-em-camacari\/","og_locale":"pt_BR","og_type":"article","og_title":"Opera\u00e7\u00e3o Paz e Ordem intensifica a\u00e7\u00f5es contra polui\u00e7\u00e3o sonora em Cama\u00e7ari - Compartilha Bahia","og_description":"Com o objetivo de combater a polui\u00e7\u00e3o sonora e garantir a ordem p\u00fablica, a Prefeitura de Cama\u00e7ari, por meio da Secretaria de Desenvolvimento Urbano e Meio Ambiente (Sedur), realizou neste domingo (19) mais uma etapa da Opera\u00e7\u00e3o Paz e Ordem. A a\u00e7\u00e3o foi conduzida pelos agentes da Superintend\u00eancia de Ordenamento e Fiscaliza\u00e7\u00e3o de Uso do [&hellip;]","og_url":"https:\/\/compartilhabahia.com.br\/index.php\/2025\/10\/20\/operacao-paz-e-ordem-intensifica-acoes-contra-poluicao-sonora-em-camacari\/","og_site_name":"Compartilha Bahia","article_publisher":"https:\/\/web.facebook.com\/compartilhabahia","article_published_time":"2025-10-20T12:46:56+00:00","article_modified_time":"2025-10-20T12:46:58+00:00","og_image":[{"width":1280,"height":960,"url":"https:\/\/compartilhabahia.com.br\/wp-content\/uploads\/2025\/10\/WhatsApp-Image-2025-10-20-at-09.31.09.jpeg","type":"image\/jpeg"}],"author":"admin","twitter_card":"summary_large_image","twitter_misc":{"Escrito por":"admin","Est. tempo de leitura":"2 minutos"},"schema":{"@context":"https:\/\/schema.org","@graph":[{"@type":"Article","@id":"https:\/\/compartilhabahia.com.br\/index.php\/2025\/10\/20\/operacao-paz-e-ordem-intensifica-acoes-contra-poluicao-sonora-em-camacari\/#article","isPartOf":{"@id":"https:\/\/compartilhabahia.com.br\/index.php\/2025\/10\/20\/operacao-paz-e-ordem-intensifica-acoes-contra-poluicao-sonora-em-camacari\/"},"author":{"name":"admin","@id":"https:\/\/compartilhabahia.com.br\/#\/schema\/person\/9b4f0c3178793b8248d6686732521c04"},"headline":"Opera\u00e7\u00e3o Paz e Ordem intensifica a\u00e7\u00f5es contra polui\u00e7\u00e3o sonora em Cama\u00e7ari","datePublished":"2025-10-20T12:46:56+00:00","dateModified":"2025-10-20T12:46:58+00:00","mainEntityOfPage":{"@id":"https:\/\/compartilhabahia.com.br\/index.php\/2025\/10\/20\/operacao-paz-e-ordem-intensifica-acoes-contra-poluicao-sonora-em-camacari\/"},"wordCount":310,"commentCount":0,"publisher":{"@id":"https:\/\/compartilhabahia.com.br\/#organization"},"articleSection":["Cama\u00e7ari"],"inLanguage":"pt-BR","potentialAction":[{"@type":"CommentAction","name":"Comment","target":["https:\/\/compartilhabahia.com.br\/index.php\/2025\/10\/20\/operacao-paz-e-ordem-intensifica-acoes-contra-poluicao-sonora-em-camacari\/#respond"]}]},{"@type":"WebPage","@id":"https:\/\/compartilhabahia.com.br\/index.php\/2025\/10\/20\/operacao-paz-e-ordem-intensifica-acoes-contra-poluicao-sonora-em-camacari\/","url":"https:\/\/compartilhabahia.com.br\/index.php\/2025\/10\/20\/operacao-paz-e-ordem-intensifica-acoes-contra-poluicao-sonora-em-camacari\/","name":"Opera\u00e7\u00e3o Paz e Ordem intensifica a\u00e7\u00f5es contra polui\u00e7\u00e3o sonora em Cama\u00e7ari - Compartilha Bahia","isPartOf":{"@id":"https:\/\/compartilhabahia.com.br\/#website"},"datePublished":"2025-10-20T12:46:56+00:00","dateModified":"2025-10-20T12:46:58+00:00","breadcrumb":{"@id":"https:\/\/compartilhabahia.com.br\/index.php\/2025\/10\/20\/operacao-paz-e-ordem-intensifica-acoes-contra-poluicao-sonora-em-camacari\/#breadcrumb"},"inLanguage":"pt-BR","potentialAction":[{"@type":"ReadAction","target":["https:\/\/compartilhabahia.com.br\/index.php\/2025\/10\/20\/operacao-paz-e-ordem-intensifica-acoes-contra-poluicao-sonora-em-camacari\/"]}]},{"@type":"BreadcrumbList","@id":"https:\/\/compartilhabahia.com.br\/index.php\/2025\/10\/20\/operacao-paz-e-ordem-intensifica-acoes-contra-poluicao-sonora-em-camacari\/#breadcrumb","itemListElement":[{"@type":"ListItem","position":1,"name":"In\u00edcio","item":"https:\/\/compartilhabahia.com.br\/"},{"@type":"ListItem","position":2,"name":"Opera\u00e7\u00e3o Paz e Ordem intensifica a\u00e7\u00f5es contra polui\u00e7\u00e3o sonora em Cama\u00e7ari"}]},{"@type":"WebSite","@id":"https:\/\/compartilhabahia.com.br\/#website","url":"https:\/\/compartilhabahia.com.br\/","name":"Compartilha Bahia","description":"","publisher":{"@id":"https:\/\/compartilhabahia.com.br\/#organization"},"potentialAction":[{"@type":"SearchAction","target":{"@type":"EntryPoint","urlTemplate":"https:\/\/compartilhabahia.com.br\/?s={search_term_string}"},"query-input":"required name=search_term_string"}],"inLanguage":"pt-BR"},{"@type":"Organization","@id":"https:\/\/compartilhabahia.com.br\/#organization","name":"Compartilha Bahia","url":"https:\/\/compartilhabahia.com.br\/","logo":{"@type":"ImageObject","inLanguage":"pt-BR","@id":"https:\/\/compartilhabahia.com.br\/#\/schema\/logo\/image\/","url":"https:\/\/compartilhabahia.com.br\/wp-content\/uploads\/2023\/12\/cropped-logo.png","contentUrl":"https:\/\/compartilhabahia.com.br\/wp-content\/uploads\/2023\/12\/cropped-logo.png","width":300,"height":106,"caption":"Compartilha Bahia"},"image":{"@id":"https:\/\/compartilhabahia.com.br\/#\/schema\/logo\/image\/"},"sameAs":["https:\/\/web.facebook.com\/compartilhabahia","https:\/\/www.instagram.com\/compartilhabahia\/"]},{"@type":"Person","@id":"https:\/\/compartilhabahia.com.br\/#\/schema\/person\/9b4f0c3178793b8248d6686732521c04","name":"admin","image":{"@type":"ImageObject","inLanguage":"pt-BR","@id":"https:\/\/compartilhabahia.com.br\/#\/schema\/person\/image\/","url":"https:\/\/secure.gravatar.com\/avatar\/9600df58751c5acbe914c538c03390ef649ea088cb65f84ba09c7ce66988eed6?s=96&d=mm&r=g","contentUrl":"https:\/\/secure.gravatar.com\/avatar\/9600df58751c5acbe914c538c03390ef649ea088cb65f84ba09c7ce66988eed6?s=96&d=mm&r=g","caption":"admin"},"sameAs":["https:\/\/compartilhabahia.com.br"],"url":"https:\/\/compartilhabahia.com.br\/index.php\/author\/compartilhabahia\/"}]}},"_links":{"self":[{"href":"https:\/\/compartilhabahia.com.br\/index.php\/wp-json\/wp\/v2\/posts\/8201","targetHints":{"allow":["GET"]}}],"collection":[{"href":"https:\/\/compartilhabahia.com.br\/index.php\/wp-json\/wp\/v2\/posts"}],"about":[{"href":"https:\/\/compartilhabahia.com.br\/index.php\/wp-json\/wp\/v2\/types\/post"}],"author":[{"embeddable":true,"href":"https:\/\/compartilhabahia.com.br\/index.php\/wp-json\/wp\/v2\/users\/1"}],"replies":[{"embeddable":true,"href":"https:\/\/compartilhabahia.com.br\/index.php\/wp-json\/wp\/v2\/comments?post=8201"}],"version-history":[{"count":1,"href":"https:\/\/compartilhabahia.com.br\/index.php\/wp-json\/wp\/v2\/posts\/8201\/revisions"}],"predecessor-version":[{"id":8203,"href":"https:\/\/compartilhabahia.com.br\/index.php\/wp-json\/wp\/v2\/posts\/8201\/revisions\/8203"}],"wp:featuredmedia":[{"embeddable":true,"href":"https:\/\/compartilhabahia.com.br\/index.php\/wp-json\/wp\/v2\/media\/8202"}],"wp:attachment":[{"href":"https:\/\/compartilhabahia.com.br\/index.php\/wp-json\/wp\/v2\/media?parent=8201"}],"wp:term":[{"taxonomy":"category","embeddable":true,"href":"https:\/\/compartilhabahia.com.br\/index.php\/wp-json\/wp\/v2\/categories?post=8201"},{"taxonomy":"post_tag","embeddable":true,"href":"https:\/\/compartilhabahia.com.br\/index.php\/wp-json\/wp\/v2\/tags?post=8201"}],"curies":[{"name":"wp","href":"https:\/\/api.w.org\/{rel}","templated":true}]}}