{"id":8199,"date":"2025-10-17T16:23:40","date_gmt":"2025-10-17T19:23:40","guid":{"rendered":"https:\/\/compartilhabahia.com.br\/?p=8199"},"modified":"2025-10-17T16:24:19","modified_gmt":"2025-10-17T19:24:19","slug":"camacari-sediara-primeira-acao-da-22a-semana-nacional-de-ciencia-e-tecnologia","status":"publish","type":"post","link":"https:\/\/compartilhabahia.com.br\/index.php\/2025\/10\/17\/camacari-sediara-primeira-acao-da-22a-semana-nacional-de-ciencia-e-tecnologia\/","title":{"rendered":"Cama\u00e7ari sediar\u00e1 primeira a\u00e7\u00e3o da 22\u00aa Semana Nacional de Ci\u00eancia e Tecnologia"},"content":{"rendered":"\n<p>Cama\u00e7ari ser\u00e1 o munic\u00edpio sede da primeira a\u00e7\u00e3o da 22\u00aa Semana Nacional de Ci\u00eancia e Tecnologia (SNCT), que acontece de 20 a 26 de outubro. O evento ser\u00e1 na segunda-feira (20), das 9h \u00e0s 16h, na Cidade do Saber (CDS), e contar\u00e1 com uma programa\u00e7\u00e3o inovadora e repleta de experi\u00eancias para o p\u00fablico.<\/p>\n\n\n\n<p>Abordando a tem\u00e1tica&nbsp;<strong>\u201cPlaneta \u00c1gua: a cultura oce\u00e2nica para enfrentar as mudan\u00e7as clim\u00e1ticas no meu territ\u00f3rio\u201d<\/strong>, a SNCT 2025 refor\u00e7a a import\u00e2ncia do conhecimento cient\u00edfico na constru\u00e7\u00e3o de solu\u00e7\u00f5es sustent\u00e1veis para o futuro do planeta.<\/p>\n\n\n\n<p>Em Cama\u00e7ari, o p\u00fablico poder\u00e1 participar de oficinas de&nbsp;<strong>Cultura Maker<\/strong>,&nbsp;<strong>Casas Inteligentes<\/strong>&nbsp;e&nbsp;<strong>Energias Renov\u00e1veis<\/strong>, al\u00e9m de uma mostra de&nbsp;<strong>rob\u00f3tica subaqu\u00e1tica<\/strong>&nbsp;e rodas de conversa com especialistas e educadores. A proposta \u00e9 aproximar ci\u00eancia, tecnologia e sociedade de forma criativa e acess\u00edvel.<\/p>\n\n\n\n<p>Coordenado na Bahia pela&nbsp;<strong>Secretaria de Ci\u00eancia, Tecnologia e Inova\u00e7\u00e3o (SECTI)<\/strong>, o evento tamb\u00e9m passar\u00e1 por outros munic\u00edpios, como&nbsp;<strong>Salvador, Itaparica, Juazeiro<\/strong>&nbsp;e a regi\u00e3o da&nbsp;<strong>Chapada Diamantina<\/strong>. A iniciativa est\u00e1 alinhada \u00e0&nbsp;<strong>Lei PopCi\u00eancia Bahia<\/strong>, pioneira no Brasil ao tratar da populariza\u00e7\u00e3o cient\u00edfica como pol\u00edtica p\u00fablica.<\/p>\n\n\n\n<p>S\u00e3o parceiros do evento a&nbsp;<strong>Prefeitura de Cama\u00e7ari<\/strong>; as&nbsp;<strong>Secretarias Estaduais de Meio Ambiente (SEMA), Educa\u00e7\u00e3o (SEC), Turismo (SETUR), Promo\u00e7\u00e3o da Igualdade Racial (SEPROMI)<\/strong>&nbsp;e&nbsp;<strong>Comunica\u00e7\u00e3o Social (SECOM)<\/strong>; al\u00e9m do&nbsp;<strong>Minist\u00e9rio da Ci\u00eancia, Tecnologia e Inova\u00e7\u00e3o (MCTI)<\/strong>;&nbsp;<strong>Comando do 2\u00ba Distrito Naval \u2013 Marinha do Brasil<\/strong>;&nbsp;<strong>Universidade Estadual de Feira de Santana (UEFS)<\/strong>;&nbsp;<strong>Universidade Federal do Vale do S\u00e3o Francisco (UNIVASF)<\/strong>;&nbsp;<strong>Universidade Federal da Bahia (UFBA)<\/strong>;&nbsp;<strong>Universidade do Estado da Bahia (Uneb)<\/strong>;&nbsp;<strong>Instituto Federal de Educa\u00e7\u00e3o, Ci\u00eancia e Tecnologia da Bahia (IFBA)<\/strong>&nbsp;e a&nbsp;<strong>Funda\u00e7\u00e3o Oswaldo Cruz (Fiocruz)<\/strong>.<\/p>\n\n\n\n<p><\/p>\n\n\n\n<p>Foto: Juliano Sarraf<\/p>\n","protected":false},"excerpt":{"rendered":"<p>Cama\u00e7ari ser\u00e1 o munic\u00edpio sede da primeira a\u00e7\u00e3o da 22\u00aa Semana Nacional de Ci\u00eancia e Tecnologia (SNCT), que acontece de 20 a 26 de outubro. O evento ser\u00e1 na segunda-feira (20), das 9h \u00e0s 16h, na Cidade do Saber (CDS), e contar\u00e1 com uma programa\u00e7\u00e3o inovadora e repleta de experi\u00eancias para o p\u00fablico. Abordando a [&hellip;]<\/p>\n","protected":false},"author":1,"featured_media":8091,"comment_status":"open","ping_status":"open","sticky":false,"template":"","format":"standard","meta":{"footnotes":""},"categories":[8],"tags":[],"class_list":["post-8199","post","type-post","status-publish","format-standard","has-post-thumbnail","hentry","category-camacari"],"yoast_head":"<!-- This site is optimized with the Yoast SEO plugin v21.7 - https:\/\/yoast.com\/wordpress\/plugins\/seo\/ -->\n<title>Cama\u00e7ari sediar\u00e1 primeira a\u00e7\u00e3o da 22\u00aa Semana Nacional de Ci\u00eancia e Tecnologia - Compartilha Bahia<\/title>\n<meta name=\"robots\" content=\"index, follow, max-snippet:-1, max-image-preview:large, max-video-preview:-1\" \/>\n<link rel=\"canonical\" href=\"https:\/\/compartilhabahia.com.br\/index.php\/2025\/10\/17\/camacari-sediara-primeira-acao-da-22a-semana-nacional-de-ciencia-e-tecnologia\/\" \/>\n<meta property=\"og:locale\" content=\"pt_BR\" \/>\n<meta property=\"og:type\" content=\"article\" \/>\n<meta property=\"og:title\" content=\"Cama\u00e7ari sediar\u00e1 primeira a\u00e7\u00e3o da 22\u00aa Semana Nacional de Ci\u00eancia e Tecnologia - Compartilha Bahia\" \/>\n<meta property=\"og:description\" content=\"Cama\u00e7ari ser\u00e1 o munic\u00edpio sede da primeira a\u00e7\u00e3o da 22\u00aa Semana Nacional de Ci\u00eancia e Tecnologia (SNCT), que acontece de 20 a 26 de outubro. O evento ser\u00e1 na segunda-feira (20), das 9h \u00e0s 16h, na Cidade do Saber (CDS), e contar\u00e1 com uma programa\u00e7\u00e3o inovadora e repleta de experi\u00eancias para o p\u00fablico. Abordando a [&hellip;]\" \/>\n<meta property=\"og:url\" content=\"https:\/\/compartilhabahia.com.br\/index.php\/2025\/10\/17\/camacari-sediara-primeira-acao-da-22a-semana-nacional-de-ciencia-e-tecnologia\/\" \/>\n<meta property=\"og:site_name\" content=\"Compartilha Bahia\" \/>\n<meta property=\"article:publisher\" content=\"https:\/\/web.facebook.com\/compartilhabahia\" \/>\n<meta property=\"article:published_time\" content=\"2025-10-17T19:23:40+00:00\" \/>\n<meta property=\"article:modified_time\" content=\"2025-10-17T19:24:19+00:00\" \/>\n<meta property=\"og:image\" content=\"https:\/\/compartilhabahia.com.br\/wp-content\/uploads\/2025\/10\/WhatsApp-Image-2025-10-06-at-14.14.06.jpeg\" \/>\n\t<meta property=\"og:image:width\" content=\"1600\" \/>\n\t<meta property=\"og:image:height\" content=\"1066\" \/>\n\t<meta property=\"og:image:type\" content=\"image\/jpeg\" \/>\n<meta name=\"author\" content=\"admin\" \/>\n<meta name=\"twitter:card\" content=\"summary_large_image\" \/>\n<meta name=\"twitter:label1\" content=\"Escrito por\" \/>\n\t<meta name=\"twitter:data1\" content=\"admin\" \/>\n\t<meta name=\"twitter:label2\" content=\"Est. tempo de leitura\" \/>\n\t<meta name=\"twitter:data2\" content=\"2 minutos\" \/>\n<script type=\"application\/ld+json\" class=\"yoast-schema-graph\">{\"@context\":\"https:\/\/schema.org\",\"@graph\":[{\"@type\":\"Article\",\"@id\":\"https:\/\/compartilhabahia.com.br\/index.php\/2025\/10\/17\/camacari-sediara-primeira-acao-da-22a-semana-nacional-de-ciencia-e-tecnologia\/#article\",\"isPartOf\":{\"@id\":\"https:\/\/compartilhabahia.com.br\/index.php\/2025\/10\/17\/camacari-sediara-primeira-acao-da-22a-semana-nacional-de-ciencia-e-tecnologia\/\"},\"author\":{\"name\":\"admin\",\"@id\":\"https:\/\/compartilhabahia.com.br\/#\/schema\/person\/9b4f0c3178793b8248d6686732521c04\"},\"headline\":\"Cama\u00e7ari sediar\u00e1 primeira a\u00e7\u00e3o da 22\u00aa Semana Nacional de Ci\u00eancia e Tecnologia\",\"datePublished\":\"2025-10-17T19:23:40+00:00\",\"dateModified\":\"2025-10-17T19:24:19+00:00\",\"mainEntityOfPage\":{\"@id\":\"https:\/\/compartilhabahia.com.br\/index.php\/2025\/10\/17\/camacari-sediara-primeira-acao-da-22a-semana-nacional-de-ciencia-e-tecnologia\/\"},\"wordCount\":349,\"commentCount\":0,\"publisher\":{\"@id\":\"https:\/\/compartilhabahia.com.br\/#organization\"},\"articleSection\":[\"Cama\u00e7ari\"],\"inLanguage\":\"pt-BR\",\"potentialAction\":[{\"@type\":\"CommentAction\",\"name\":\"Comment\",\"target\":[\"https:\/\/compartilhabahia.com.br\/index.php\/2025\/10\/17\/camacari-sediara-primeira-acao-da-22a-semana-nacional-de-ciencia-e-tecnologia\/#respond\"]}]},{\"@type\":\"WebPage\",\"@id\":\"https:\/\/compartilhabahia.com.br\/index.php\/2025\/10\/17\/camacari-sediara-primeira-acao-da-22a-semana-nacional-de-ciencia-e-tecnologia\/\",\"url\":\"https:\/\/compartilhabahia.com.br\/index.php\/2025\/10\/17\/camacari-sediara-primeira-acao-da-22a-semana-nacional-de-ciencia-e-tecnologia\/\",\"name\":\"Cama\u00e7ari sediar\u00e1 primeira a\u00e7\u00e3o da 22\u00aa Semana Nacional de Ci\u00eancia e Tecnologia - Compartilha Bahia\",\"isPartOf\":{\"@id\":\"https:\/\/compartilhabahia.com.br\/#website\"},\"datePublished\":\"2025-10-17T19:23:40+00:00\",\"dateModified\":\"2025-10-17T19:24:19+00:00\",\"breadcrumb\":{\"@id\":\"https:\/\/compartilhabahia.com.br\/index.php\/2025\/10\/17\/camacari-sediara-primeira-acao-da-22a-semana-nacional-de-ciencia-e-tecnologia\/#breadcrumb\"},\"inLanguage\":\"pt-BR\",\"potentialAction\":[{\"@type\":\"ReadAction\",\"target\":[\"https:\/\/compartilhabahia.com.br\/index.php\/2025\/10\/17\/camacari-sediara-primeira-acao-da-22a-semana-nacional-de-ciencia-e-tecnologia\/\"]}]},{\"@type\":\"BreadcrumbList\",\"@id\":\"https:\/\/compartilhabahia.com.br\/index.php\/2025\/10\/17\/camacari-sediara-primeira-acao-da-22a-semana-nacional-de-ciencia-e-tecnologia\/#breadcrumb\",\"itemListElement\":[{\"@type\":\"ListItem\",\"position\":1,\"name\":\"In\u00edcio\",\"item\":\"https:\/\/compartilhabahia.com.br\/\"},{\"@type\":\"ListItem\",\"position\":2,\"name\":\"Cama\u00e7ari sediar\u00e1 primeira a\u00e7\u00e3o da 22\u00aa Semana Nacional de Ci\u00eancia e Tecnologia\"}]},{\"@type\":\"WebSite\",\"@id\":\"https:\/\/compartilhabahia.com.br\/#website\",\"url\":\"https:\/\/compartilhabahia.com.br\/\",\"name\":\"Compartilha Bahia\",\"description\":\"\",\"publisher\":{\"@id\":\"https:\/\/compartilhabahia.com.br\/#organization\"},\"potentialAction\":[{\"@type\":\"SearchAction\",\"target\":{\"@type\":\"EntryPoint\",\"urlTemplate\":\"https:\/\/compartilhabahia.com.br\/?s={search_term_string}\"},\"query-input\":\"required name=search_term_string\"}],\"inLanguage\":\"pt-BR\"},{\"@type\":\"Organization\",\"@id\":\"https:\/\/compartilhabahia.com.br\/#organization\",\"name\":\"Compartilha Bahia\",\"url\":\"https:\/\/compartilhabahia.com.br\/\",\"logo\":{\"@type\":\"ImageObject\",\"inLanguage\":\"pt-BR\",\"@id\":\"https:\/\/compartilhabahia.com.br\/#\/schema\/logo\/image\/\",\"url\":\"https:\/\/compartilhabahia.com.br\/wp-content\/uploads\/2023\/12\/cropped-logo.png\",\"contentUrl\":\"https:\/\/compartilhabahia.com.br\/wp-content\/uploads\/2023\/12\/cropped-logo.png\",\"width\":300,\"height\":106,\"caption\":\"Compartilha Bahia\"},\"image\":{\"@id\":\"https:\/\/compartilhabahia.com.br\/#\/schema\/logo\/image\/\"},\"sameAs\":[\"https:\/\/web.facebook.com\/compartilhabahia\",\"https:\/\/www.instagram.com\/compartilhabahia\/\"]},{\"@type\":\"Person\",\"@id\":\"https:\/\/compartilhabahia.com.br\/#\/schema\/person\/9b4f0c3178793b8248d6686732521c04\",\"name\":\"admin\",\"image\":{\"@type\":\"ImageObject\",\"inLanguage\":\"pt-BR\",\"@id\":\"https:\/\/compartilhabahia.com.br\/#\/schema\/person\/image\/\",\"url\":\"https:\/\/secure.gravatar.com\/avatar\/9600df58751c5acbe914c538c03390ef649ea088cb65f84ba09c7ce66988eed6?s=96&d=mm&r=g\",\"contentUrl\":\"https:\/\/secure.gravatar.com\/avatar\/9600df58751c5acbe914c538c03390ef649ea088cb65f84ba09c7ce66988eed6?s=96&d=mm&r=g\",\"caption\":\"admin\"},\"sameAs\":[\"https:\/\/compartilhabahia.com.br\"],\"url\":\"https:\/\/compartilhabahia.com.br\/index.php\/author\/compartilhabahia\/\"}]}<\/script>\n<!-- \/ Yoast SEO plugin. -->","yoast_head_json":{"title":"Cama\u00e7ari sediar\u00e1 primeira a\u00e7\u00e3o da 22\u00aa Semana Nacional de Ci\u00eancia e Tecnologia - Compartilha Bahia","robots":{"index":"index","follow":"follow","max-snippet":"max-snippet:-1","max-image-preview":"max-image-preview:large","max-video-preview":"max-video-preview:-1"},"canonical":"https:\/\/compartilhabahia.com.br\/index.php\/2025\/10\/17\/camacari-sediara-primeira-acao-da-22a-semana-nacional-de-ciencia-e-tecnologia\/","og_locale":"pt_BR","og_type":"article","og_title":"Cama\u00e7ari sediar\u00e1 primeira a\u00e7\u00e3o da 22\u00aa Semana Nacional de Ci\u00eancia e Tecnologia - Compartilha Bahia","og_description":"Cama\u00e7ari ser\u00e1 o munic\u00edpio sede da primeira a\u00e7\u00e3o da 22\u00aa Semana Nacional de Ci\u00eancia e Tecnologia (SNCT), que acontece de 20 a 26 de outubro. O evento ser\u00e1 na segunda-feira (20), das 9h \u00e0s 16h, na Cidade do Saber (CDS), e contar\u00e1 com uma programa\u00e7\u00e3o inovadora e repleta de experi\u00eancias para o p\u00fablico. Abordando a [&hellip;]","og_url":"https:\/\/compartilhabahia.com.br\/index.php\/2025\/10\/17\/camacari-sediara-primeira-acao-da-22a-semana-nacional-de-ciencia-e-tecnologia\/","og_site_name":"Compartilha Bahia","article_publisher":"https:\/\/web.facebook.com\/compartilhabahia","article_published_time":"2025-10-17T19:23:40+00:00","article_modified_time":"2025-10-17T19:24:19+00:00","og_image":[{"width":1600,"height":1066,"url":"https:\/\/compartilhabahia.com.br\/wp-content\/uploads\/2025\/10\/WhatsApp-Image-2025-10-06-at-14.14.06.jpeg","type":"image\/jpeg"}],"author":"admin","twitter_card":"summary_large_image","twitter_misc":{"Escrito por":"admin","Est. tempo de leitura":"2 minutos"},"schema":{"@context":"https:\/\/schema.org","@graph":[{"@type":"Article","@id":"https:\/\/compartilhabahia.com.br\/index.php\/2025\/10\/17\/camacari-sediara-primeira-acao-da-22a-semana-nacional-de-ciencia-e-tecnologia\/#article","isPartOf":{"@id":"https:\/\/compartilhabahia.com.br\/index.php\/2025\/10\/17\/camacari-sediara-primeira-acao-da-22a-semana-nacional-de-ciencia-e-tecnologia\/"},"author":{"name":"admin","@id":"https:\/\/compartilhabahia.com.br\/#\/schema\/person\/9b4f0c3178793b8248d6686732521c04"},"headline":"Cama\u00e7ari sediar\u00e1 primeira a\u00e7\u00e3o da 22\u00aa Semana Nacional de Ci\u00eancia e Tecnologia","datePublished":"2025-10-17T19:23:40+00:00","dateModified":"2025-10-17T19:24:19+00:00","mainEntityOfPage":{"@id":"https:\/\/compartilhabahia.com.br\/index.php\/2025\/10\/17\/camacari-sediara-primeira-acao-da-22a-semana-nacional-de-ciencia-e-tecnologia\/"},"wordCount":349,"commentCount":0,"publisher":{"@id":"https:\/\/compartilhabahia.com.br\/#organization"},"articleSection":["Cama\u00e7ari"],"inLanguage":"pt-BR","potentialAction":[{"@type":"CommentAction","name":"Comment","target":["https:\/\/compartilhabahia.com.br\/index.php\/2025\/10\/17\/camacari-sediara-primeira-acao-da-22a-semana-nacional-de-ciencia-e-tecnologia\/#respond"]}]},{"@type":"WebPage","@id":"https:\/\/compartilhabahia.com.br\/index.php\/2025\/10\/17\/camacari-sediara-primeira-acao-da-22a-semana-nacional-de-ciencia-e-tecnologia\/","url":"https:\/\/compartilhabahia.com.br\/index.php\/2025\/10\/17\/camacari-sediara-primeira-acao-da-22a-semana-nacional-de-ciencia-e-tecnologia\/","name":"Cama\u00e7ari sediar\u00e1 primeira a\u00e7\u00e3o da 22\u00aa Semana Nacional de Ci\u00eancia e Tecnologia - Compartilha Bahia","isPartOf":{"@id":"https:\/\/compartilhabahia.com.br\/#website"},"datePublished":"2025-10-17T19:23:40+00:00","dateModified":"2025-10-17T19:24:19+00:00","breadcrumb":{"@id":"https:\/\/compartilhabahia.com.br\/index.php\/2025\/10\/17\/camacari-sediara-primeira-acao-da-22a-semana-nacional-de-ciencia-e-tecnologia\/#breadcrumb"},"inLanguage":"pt-BR","potentialAction":[{"@type":"ReadAction","target":["https:\/\/compartilhabahia.com.br\/index.php\/2025\/10\/17\/camacari-sediara-primeira-acao-da-22a-semana-nacional-de-ciencia-e-tecnologia\/"]}]},{"@type":"BreadcrumbList","@id":"https:\/\/compartilhabahia.com.br\/index.php\/2025\/10\/17\/camacari-sediara-primeira-acao-da-22a-semana-nacional-de-ciencia-e-tecnologia\/#breadcrumb","itemListElement":[{"@type":"ListItem","position":1,"name":"In\u00edcio","item":"https:\/\/compartilhabahia.com.br\/"},{"@type":"ListItem","position":2,"name":"Cama\u00e7ari sediar\u00e1 primeira a\u00e7\u00e3o da 22\u00aa Semana Nacional de Ci\u00eancia e Tecnologia"}]},{"@type":"WebSite","@id":"https:\/\/compartilhabahia.com.br\/#website","url":"https:\/\/compartilhabahia.com.br\/","name":"Compartilha Bahia","description":"","publisher":{"@id":"https:\/\/compartilhabahia.com.br\/#organization"},"potentialAction":[{"@type":"SearchAction","target":{"@type":"EntryPoint","urlTemplate":"https:\/\/compartilhabahia.com.br\/?s={search_term_string}"},"query-input":"required name=search_term_string"}],"inLanguage":"pt-BR"},{"@type":"Organization","@id":"https:\/\/compartilhabahia.com.br\/#organization","name":"Compartilha Bahia","url":"https:\/\/compartilhabahia.com.br\/","logo":{"@type":"ImageObject","inLanguage":"pt-BR","@id":"https:\/\/compartilhabahia.com.br\/#\/schema\/logo\/image\/","url":"https:\/\/compartilhabahia.com.br\/wp-content\/uploads\/2023\/12\/cropped-logo.png","contentUrl":"https:\/\/compartilhabahia.com.br\/wp-content\/uploads\/2023\/12\/cropped-logo.png","width":300,"height":106,"caption":"Compartilha Bahia"},"image":{"@id":"https:\/\/compartilhabahia.com.br\/#\/schema\/logo\/image\/"},"sameAs":["https:\/\/web.facebook.com\/compartilhabahia","https:\/\/www.instagram.com\/compartilhabahia\/"]},{"@type":"Person","@id":"https:\/\/compartilhabahia.com.br\/#\/schema\/person\/9b4f0c3178793b8248d6686732521c04","name":"admin","image":{"@type":"ImageObject","inLanguage":"pt-BR","@id":"https:\/\/compartilhabahia.com.br\/#\/schema\/person\/image\/","url":"https:\/\/secure.gravatar.com\/avatar\/9600df58751c5acbe914c538c03390ef649ea088cb65f84ba09c7ce66988eed6?s=96&d=mm&r=g","contentUrl":"https:\/\/secure.gravatar.com\/avatar\/9600df58751c5acbe914c538c03390ef649ea088cb65f84ba09c7ce66988eed6?s=96&d=mm&r=g","caption":"admin"},"sameAs":["https:\/\/compartilhabahia.com.br"],"url":"https:\/\/compartilhabahia.com.br\/index.php\/author\/compartilhabahia\/"}]}},"_links":{"self":[{"href":"https:\/\/compartilhabahia.com.br\/index.php\/wp-json\/wp\/v2\/posts\/8199","targetHints":{"allow":["GET"]}}],"collection":[{"href":"https:\/\/compartilhabahia.com.br\/index.php\/wp-json\/wp\/v2\/posts"}],"about":[{"href":"https:\/\/compartilhabahia.com.br\/index.php\/wp-json\/wp\/v2\/types\/post"}],"author":[{"embeddable":true,"href":"https:\/\/compartilhabahia.com.br\/index.php\/wp-json\/wp\/v2\/users\/1"}],"replies":[{"embeddable":true,"href":"https:\/\/compartilhabahia.com.br\/index.php\/wp-json\/wp\/v2\/comments?post=8199"}],"version-history":[{"count":1,"href":"https:\/\/compartilhabahia.com.br\/index.php\/wp-json\/wp\/v2\/posts\/8199\/revisions"}],"predecessor-version":[{"id":8200,"href":"https:\/\/compartilhabahia.com.br\/index.php\/wp-json\/wp\/v2\/posts\/8199\/revisions\/8200"}],"wp:featuredmedia":[{"embeddable":true,"href":"https:\/\/compartilhabahia.com.br\/index.php\/wp-json\/wp\/v2\/media\/8091"}],"wp:attachment":[{"href":"https:\/\/compartilhabahia.com.br\/index.php\/wp-json\/wp\/v2\/media?parent=8199"}],"wp:term":[{"taxonomy":"category","embeddable":true,"href":"https:\/\/compartilhabahia.com.br\/index.php\/wp-json\/wp\/v2\/categories?post=8199"},{"taxonomy":"post_tag","embeddable":true,"href":"https:\/\/compartilhabahia.com.br\/index.php\/wp-json\/wp\/v2\/tags?post=8199"}],"curies":[{"name":"wp","href":"https:\/\/api.w.org\/{rel}","templated":true}]}}