{"id":8196,"date":"2025-10-17T16:16:25","date_gmt":"2025-10-17T19:16:25","guid":{"rendered":"https:\/\/compartilhabahia.com.br\/?p=8196"},"modified":"2025-10-17T16:17:00","modified_gmt":"2025-10-17T19:17:00","slug":"prefeitura-entrega-requalificacao-da-escola-colonia-montenegro","status":"publish","type":"post","link":"https:\/\/compartilhabahia.com.br\/index.php\/2025\/10\/17\/prefeitura-entrega-requalificacao-da-escola-colonia-montenegro\/","title":{"rendered":"Prefeitura entrega requalifica\u00e7\u00e3o da Escola Col\u00f4nia Montenegro"},"content":{"rendered":"\n<p>Com muita alegria, foi entregue a requalifica\u00e7\u00e3o da Escola Municipal Col\u00f4nia Montenegro, na manh\u00e3 desta sexta-feira (17). O espa\u00e7o recebeu uma s\u00e9rie de melhorias, inclusive a mais pedida pela comunidade: a constru\u00e7\u00e3o de uma nova sala de aula, voltada para o nascente e com ventila\u00e7\u00e3o cruzada, o que permitiu a destina\u00e7\u00e3o da sala antiga para atividades multim\u00eddia.<\/p>\n\n\n\n<p>\u201cEstamos organizando a escola toda, reformando e entregando, trazendo de volta para os meninos, para as meninas, uma escola mais bonita, mais organizada, e est\u00e1 chegando tamb\u00e9m o parquinho. E essa vai ser a nossa caminhada, vou dar uma aten\u00e7\u00e3o especial \u00e0 educa\u00e7\u00e3o, para que a gente possa climatizar as escolas, organizar, estruturar, botar rob\u00f3tica, a ci\u00eancia, ou seja, fazendo que as escolas possam realmente tratar muito bem das nossas crian\u00e7as\u201d, afirmou o prefeito Luiz Caetano.<\/p>\n\n\n\n<p>No espa\u00e7o, foram realizadas ainda a pintura geral e a aplica\u00e7\u00e3o da nova identidade visual da rede municipal; revis\u00e3o do telhado, com verifica\u00e7\u00e3o de infiltra\u00e7\u00f5es e substitui\u00e7\u00e3o de elementos danificados; substitui\u00e7\u00e3o dos policarbonatos e requalifica\u00e7\u00e3o da estrutura met\u00e1lica de cobertura; al\u00e9m da instala\u00e7\u00e3o de forro em PVC em sala de aula.<\/p>\n\n\n\n<p>O titular da Secretaria de Educa\u00e7\u00e3o (Seduc), M\u00e1rcio Neves, falou sobre o planejamento da pasta. \u201cEstamos passando pela segunda etapa de interven\u00e7\u00e3o nas unidades escolares. A primeira foi nos meses de janeiro e fevereiro, justamente para limpar, para dar dignidade m\u00ednima para que a gente iniciasse o ano letivo. N\u00f3s estamos em uma segunda fase, que \u00e9 a de dar uma cor, uma alegria, de colocar brinquedos, de colocar novos espa\u00e7os pedag\u00f3gicos mais organizados. E vamos entrar numa terceira fase, j\u00e1 em algumas escolas, para iniciar o ano letivo de 2026, que \u00e9 climatizar algumas salas, as que t\u00eam capacidade energ\u00e9tica, e tamb\u00e9m adequar os novos espa\u00e7os pedag\u00f3gicos, reestruturando os espa\u00e7os na \u00e1rea de esporte, as salas de leitura, maker e de inform\u00e1tica\u201d, afirmou.<\/p>\n\n\n\n<p>Estudante do 2\u00ba ano da unidade, Gabriela Flor Zampieri Nascimento, 8 anos, fez o comparativo entre antes e depois da escola. \u201cUma vez o teto quase caiu, a minha sala estava pingando, os livros todos saindo as folhas, tudo ruim l\u00e1. Agora, est\u00e1 bem melhor, minha sala n\u00e3o fica mais pingando, o teto n\u00e3o parece mais que vai cair, minha sala tem at\u00e9 um cantinho da leitura, com v\u00e1rios livros bem legais\u201d, finalizou.<\/p>\n\n\n\n<p>Os ganhos para a comunidade foram destacados pela gestora Ana Paula Caldas. \u201c\u00c9 um bem-estar maior para os meninos. Os alunos bem acomodados aprendem melhor, bem alimentados, sentem mais vontade de vir para a escola. Tudo que \u00e9 bonito, a gente tem vontade de estar\u201d, afirmou.<\/p>\n\n\n\n<p>A opini\u00e3o tamb\u00e9m foi compartilhada pelas m\u00e3es de alunos, como Itana dos Santos G\u00f3es, 31 anos. \u201cA reforma est\u00e1 \u00f3tima, deixou a escola com mais vis\u00e3o e os alunos, nem se fala, porque o meu [filho], quando chegou l\u00e1 em casa, falou \u2018m\u00e3e, a escola ficou linda! Eu gostei, est\u00e1 bem chique\u2019, e eu falei \u2018que bom que voc\u00ea gostou\u2019\u201d, disse a dona de casa, que relatou ainda que o filho sempre reclamava que a sala molhava em dias de chuva.<\/p>\n\n\n\n<p>A Escola Municipal Col\u00f4nia Montenegro atende 91 crian\u00e7as, de 4 a 11 anos, alunos da educa\u00e7\u00e3o infantil ao 5\u00ba ano, na regi\u00e3o do Loteamento Montenegro.<br><\/p>\n\n\n\n<p>Foto: William Rocha<\/p>\n","protected":false},"excerpt":{"rendered":"<p>Com muita alegria, foi entregue a requalifica\u00e7\u00e3o da Escola Municipal Col\u00f4nia Montenegro, na manh\u00e3 desta sexta-feira (17). O espa\u00e7o recebeu uma s\u00e9rie de melhorias, inclusive a mais pedida pela comunidade: a constru\u00e7\u00e3o de uma nova sala de aula, voltada para o nascente e com ventila\u00e7\u00e3o cruzada, o que permitiu a destina\u00e7\u00e3o da sala antiga para [&hellip;]<\/p>\n","protected":false},"author":1,"featured_media":8197,"comment_status":"open","ping_status":"open","sticky":false,"template":"","format":"standard","meta":{"footnotes":""},"categories":[8],"tags":[],"class_list":["post-8196","post","type-post","status-publish","format-standard","has-post-thumbnail","hentry","category-camacari"],"yoast_head":"<!-- This site is optimized with the Yoast SEO plugin v21.7 - https:\/\/yoast.com\/wordpress\/plugins\/seo\/ -->\n<title>Prefeitura entrega requalifica\u00e7\u00e3o da Escola Col\u00f4nia Montenegro - Compartilha Bahia<\/title>\n<meta name=\"robots\" content=\"index, follow, max-snippet:-1, max-image-preview:large, max-video-preview:-1\" \/>\n<link rel=\"canonical\" href=\"https:\/\/compartilhabahia.com.br\/index.php\/2025\/10\/17\/prefeitura-entrega-requalificacao-da-escola-colonia-montenegro\/\" \/>\n<meta property=\"og:locale\" content=\"pt_BR\" \/>\n<meta property=\"og:type\" content=\"article\" \/>\n<meta property=\"og:title\" content=\"Prefeitura entrega requalifica\u00e7\u00e3o da Escola Col\u00f4nia Montenegro - Compartilha Bahia\" \/>\n<meta property=\"og:description\" content=\"Com muita alegria, foi entregue a requalifica\u00e7\u00e3o da Escola Municipal Col\u00f4nia Montenegro, na manh\u00e3 desta sexta-feira (17). O espa\u00e7o recebeu uma s\u00e9rie de melhorias, inclusive a mais pedida pela comunidade: a constru\u00e7\u00e3o de uma nova sala de aula, voltada para o nascente e com ventila\u00e7\u00e3o cruzada, o que permitiu a destina\u00e7\u00e3o da sala antiga para [&hellip;]\" \/>\n<meta property=\"og:url\" content=\"https:\/\/compartilhabahia.com.br\/index.php\/2025\/10\/17\/prefeitura-entrega-requalificacao-da-escola-colonia-montenegro\/\" \/>\n<meta property=\"og:site_name\" content=\"Compartilha Bahia\" \/>\n<meta property=\"article:publisher\" content=\"https:\/\/web.facebook.com\/compartilhabahia\" \/>\n<meta property=\"article:published_time\" content=\"2025-10-17T19:16:25+00:00\" \/>\n<meta property=\"article:modified_time\" content=\"2025-10-17T19:17:00+00:00\" \/>\n<meta property=\"og:image\" content=\"https:\/\/compartilhabahia.com.br\/wp-content\/uploads\/2025\/10\/Seduc-entrega-Escola-Colonia-Montenegro-foto-William-Rocha.jpg\" \/>\n\t<meta property=\"og:image:width\" content=\"960\" \/>\n\t<meta property=\"og:image:height\" content=\"640\" \/>\n\t<meta property=\"og:image:type\" content=\"image\/jpeg\" \/>\n<meta name=\"author\" content=\"admin\" \/>\n<meta name=\"twitter:card\" content=\"summary_large_image\" \/>\n<meta name=\"twitter:label1\" content=\"Escrito por\" \/>\n\t<meta name=\"twitter:data1\" content=\"admin\" \/>\n\t<meta name=\"twitter:label2\" content=\"Est. tempo de leitura\" \/>\n\t<meta name=\"twitter:data2\" content=\"4 minutos\" \/>\n<script type=\"application\/ld+json\" class=\"yoast-schema-graph\">{\"@context\":\"https:\/\/schema.org\",\"@graph\":[{\"@type\":\"Article\",\"@id\":\"https:\/\/compartilhabahia.com.br\/index.php\/2025\/10\/17\/prefeitura-entrega-requalificacao-da-escola-colonia-montenegro\/#article\",\"isPartOf\":{\"@id\":\"https:\/\/compartilhabahia.com.br\/index.php\/2025\/10\/17\/prefeitura-entrega-requalificacao-da-escola-colonia-montenegro\/\"},\"author\":{\"name\":\"admin\",\"@id\":\"https:\/\/compartilhabahia.com.br\/#\/schema\/person\/9b4f0c3178793b8248d6686732521c04\"},\"headline\":\"Prefeitura entrega requalifica\u00e7\u00e3o da Escola Col\u00f4nia Montenegro\",\"datePublished\":\"2025-10-17T19:16:25+00:00\",\"dateModified\":\"2025-10-17T19:17:00+00:00\",\"mainEntityOfPage\":{\"@id\":\"https:\/\/compartilhabahia.com.br\/index.php\/2025\/10\/17\/prefeitura-entrega-requalificacao-da-escola-colonia-montenegro\/\"},\"wordCount\":583,\"commentCount\":0,\"publisher\":{\"@id\":\"https:\/\/compartilhabahia.com.br\/#organization\"},\"articleSection\":[\"Cama\u00e7ari\"],\"inLanguage\":\"pt-BR\",\"potentialAction\":[{\"@type\":\"CommentAction\",\"name\":\"Comment\",\"target\":[\"https:\/\/compartilhabahia.com.br\/index.php\/2025\/10\/17\/prefeitura-entrega-requalificacao-da-escola-colonia-montenegro\/#respond\"]}]},{\"@type\":\"WebPage\",\"@id\":\"https:\/\/compartilhabahia.com.br\/index.php\/2025\/10\/17\/prefeitura-entrega-requalificacao-da-escola-colonia-montenegro\/\",\"url\":\"https:\/\/compartilhabahia.com.br\/index.php\/2025\/10\/17\/prefeitura-entrega-requalificacao-da-escola-colonia-montenegro\/\",\"name\":\"Prefeitura entrega requalifica\u00e7\u00e3o da Escola Col\u00f4nia Montenegro - Compartilha Bahia\",\"isPartOf\":{\"@id\":\"https:\/\/compartilhabahia.com.br\/#website\"},\"datePublished\":\"2025-10-17T19:16:25+00:00\",\"dateModified\":\"2025-10-17T19:17:00+00:00\",\"breadcrumb\":{\"@id\":\"https:\/\/compartilhabahia.com.br\/index.php\/2025\/10\/17\/prefeitura-entrega-requalificacao-da-escola-colonia-montenegro\/#breadcrumb\"},\"inLanguage\":\"pt-BR\",\"potentialAction\":[{\"@type\":\"ReadAction\",\"target\":[\"https:\/\/compartilhabahia.com.br\/index.php\/2025\/10\/17\/prefeitura-entrega-requalificacao-da-escola-colonia-montenegro\/\"]}]},{\"@type\":\"BreadcrumbList\",\"@id\":\"https:\/\/compartilhabahia.com.br\/index.php\/2025\/10\/17\/prefeitura-entrega-requalificacao-da-escola-colonia-montenegro\/#breadcrumb\",\"itemListElement\":[{\"@type\":\"ListItem\",\"position\":1,\"name\":\"In\u00edcio\",\"item\":\"https:\/\/compartilhabahia.com.br\/\"},{\"@type\":\"ListItem\",\"position\":2,\"name\":\"Prefeitura entrega requalifica\u00e7\u00e3o da Escola Col\u00f4nia Montenegro\"}]},{\"@type\":\"WebSite\",\"@id\":\"https:\/\/compartilhabahia.com.br\/#website\",\"url\":\"https:\/\/compartilhabahia.com.br\/\",\"name\":\"Compartilha Bahia\",\"description\":\"\",\"publisher\":{\"@id\":\"https:\/\/compartilhabahia.com.br\/#organization\"},\"potentialAction\":[{\"@type\":\"SearchAction\",\"target\":{\"@type\":\"EntryPoint\",\"urlTemplate\":\"https:\/\/compartilhabahia.com.br\/?s={search_term_string}\"},\"query-input\":\"required name=search_term_string\"}],\"inLanguage\":\"pt-BR\"},{\"@type\":\"Organization\",\"@id\":\"https:\/\/compartilhabahia.com.br\/#organization\",\"name\":\"Compartilha Bahia\",\"url\":\"https:\/\/compartilhabahia.com.br\/\",\"logo\":{\"@type\":\"ImageObject\",\"inLanguage\":\"pt-BR\",\"@id\":\"https:\/\/compartilhabahia.com.br\/#\/schema\/logo\/image\/\",\"url\":\"https:\/\/compartilhabahia.com.br\/wp-content\/uploads\/2023\/12\/cropped-logo.png\",\"contentUrl\":\"https:\/\/compartilhabahia.com.br\/wp-content\/uploads\/2023\/12\/cropped-logo.png\",\"width\":300,\"height\":106,\"caption\":\"Compartilha Bahia\"},\"image\":{\"@id\":\"https:\/\/compartilhabahia.com.br\/#\/schema\/logo\/image\/\"},\"sameAs\":[\"https:\/\/web.facebook.com\/compartilhabahia\",\"https:\/\/www.instagram.com\/compartilhabahia\/\"]},{\"@type\":\"Person\",\"@id\":\"https:\/\/compartilhabahia.com.br\/#\/schema\/person\/9b4f0c3178793b8248d6686732521c04\",\"name\":\"admin\",\"image\":{\"@type\":\"ImageObject\",\"inLanguage\":\"pt-BR\",\"@id\":\"https:\/\/compartilhabahia.com.br\/#\/schema\/person\/image\/\",\"url\":\"https:\/\/secure.gravatar.com\/avatar\/9600df58751c5acbe914c538c03390ef649ea088cb65f84ba09c7ce66988eed6?s=96&d=mm&r=g\",\"contentUrl\":\"https:\/\/secure.gravatar.com\/avatar\/9600df58751c5acbe914c538c03390ef649ea088cb65f84ba09c7ce66988eed6?s=96&d=mm&r=g\",\"caption\":\"admin\"},\"sameAs\":[\"https:\/\/compartilhabahia.com.br\"],\"url\":\"https:\/\/compartilhabahia.com.br\/index.php\/author\/compartilhabahia\/\"}]}<\/script>\n<!-- \/ Yoast SEO plugin. -->","yoast_head_json":{"title":"Prefeitura entrega requalifica\u00e7\u00e3o da Escola Col\u00f4nia Montenegro - Compartilha Bahia","robots":{"index":"index","follow":"follow","max-snippet":"max-snippet:-1","max-image-preview":"max-image-preview:large","max-video-preview":"max-video-preview:-1"},"canonical":"https:\/\/compartilhabahia.com.br\/index.php\/2025\/10\/17\/prefeitura-entrega-requalificacao-da-escola-colonia-montenegro\/","og_locale":"pt_BR","og_type":"article","og_title":"Prefeitura entrega requalifica\u00e7\u00e3o da Escola Col\u00f4nia Montenegro - Compartilha Bahia","og_description":"Com muita alegria, foi entregue a requalifica\u00e7\u00e3o da Escola Municipal Col\u00f4nia Montenegro, na manh\u00e3 desta sexta-feira (17). O espa\u00e7o recebeu uma s\u00e9rie de melhorias, inclusive a mais pedida pela comunidade: a constru\u00e7\u00e3o de uma nova sala de aula, voltada para o nascente e com ventila\u00e7\u00e3o cruzada, o que permitiu a destina\u00e7\u00e3o da sala antiga para [&hellip;]","og_url":"https:\/\/compartilhabahia.com.br\/index.php\/2025\/10\/17\/prefeitura-entrega-requalificacao-da-escola-colonia-montenegro\/","og_site_name":"Compartilha Bahia","article_publisher":"https:\/\/web.facebook.com\/compartilhabahia","article_published_time":"2025-10-17T19:16:25+00:00","article_modified_time":"2025-10-17T19:17:00+00:00","og_image":[{"width":960,"height":640,"url":"https:\/\/compartilhabahia.com.br\/wp-content\/uploads\/2025\/10\/Seduc-entrega-Escola-Colonia-Montenegro-foto-William-Rocha.jpg","type":"image\/jpeg"}],"author":"admin","twitter_card":"summary_large_image","twitter_misc":{"Escrito por":"admin","Est. tempo de leitura":"4 minutos"},"schema":{"@context":"https:\/\/schema.org","@graph":[{"@type":"Article","@id":"https:\/\/compartilhabahia.com.br\/index.php\/2025\/10\/17\/prefeitura-entrega-requalificacao-da-escola-colonia-montenegro\/#article","isPartOf":{"@id":"https:\/\/compartilhabahia.com.br\/index.php\/2025\/10\/17\/prefeitura-entrega-requalificacao-da-escola-colonia-montenegro\/"},"author":{"name":"admin","@id":"https:\/\/compartilhabahia.com.br\/#\/schema\/person\/9b4f0c3178793b8248d6686732521c04"},"headline":"Prefeitura entrega requalifica\u00e7\u00e3o da Escola Col\u00f4nia Montenegro","datePublished":"2025-10-17T19:16:25+00:00","dateModified":"2025-10-17T19:17:00+00:00","mainEntityOfPage":{"@id":"https:\/\/compartilhabahia.com.br\/index.php\/2025\/10\/17\/prefeitura-entrega-requalificacao-da-escola-colonia-montenegro\/"},"wordCount":583,"commentCount":0,"publisher":{"@id":"https:\/\/compartilhabahia.com.br\/#organization"},"articleSection":["Cama\u00e7ari"],"inLanguage":"pt-BR","potentialAction":[{"@type":"CommentAction","name":"Comment","target":["https:\/\/compartilhabahia.com.br\/index.php\/2025\/10\/17\/prefeitura-entrega-requalificacao-da-escola-colonia-montenegro\/#respond"]}]},{"@type":"WebPage","@id":"https:\/\/compartilhabahia.com.br\/index.php\/2025\/10\/17\/prefeitura-entrega-requalificacao-da-escola-colonia-montenegro\/","url":"https:\/\/compartilhabahia.com.br\/index.php\/2025\/10\/17\/prefeitura-entrega-requalificacao-da-escola-colonia-montenegro\/","name":"Prefeitura entrega requalifica\u00e7\u00e3o da Escola Col\u00f4nia Montenegro - Compartilha Bahia","isPartOf":{"@id":"https:\/\/compartilhabahia.com.br\/#website"},"datePublished":"2025-10-17T19:16:25+00:00","dateModified":"2025-10-17T19:17:00+00:00","breadcrumb":{"@id":"https:\/\/compartilhabahia.com.br\/index.php\/2025\/10\/17\/prefeitura-entrega-requalificacao-da-escola-colonia-montenegro\/#breadcrumb"},"inLanguage":"pt-BR","potentialAction":[{"@type":"ReadAction","target":["https:\/\/compartilhabahia.com.br\/index.php\/2025\/10\/17\/prefeitura-entrega-requalificacao-da-escola-colonia-montenegro\/"]}]},{"@type":"BreadcrumbList","@id":"https:\/\/compartilhabahia.com.br\/index.php\/2025\/10\/17\/prefeitura-entrega-requalificacao-da-escola-colonia-montenegro\/#breadcrumb","itemListElement":[{"@type":"ListItem","position":1,"name":"In\u00edcio","item":"https:\/\/compartilhabahia.com.br\/"},{"@type":"ListItem","position":2,"name":"Prefeitura entrega requalifica\u00e7\u00e3o da Escola Col\u00f4nia Montenegro"}]},{"@type":"WebSite","@id":"https:\/\/compartilhabahia.com.br\/#website","url":"https:\/\/compartilhabahia.com.br\/","name":"Compartilha Bahia","description":"","publisher":{"@id":"https:\/\/compartilhabahia.com.br\/#organization"},"potentialAction":[{"@type":"SearchAction","target":{"@type":"EntryPoint","urlTemplate":"https:\/\/compartilhabahia.com.br\/?s={search_term_string}"},"query-input":"required name=search_term_string"}],"inLanguage":"pt-BR"},{"@type":"Organization","@id":"https:\/\/compartilhabahia.com.br\/#organization","name":"Compartilha Bahia","url":"https:\/\/compartilhabahia.com.br\/","logo":{"@type":"ImageObject","inLanguage":"pt-BR","@id":"https:\/\/compartilhabahia.com.br\/#\/schema\/logo\/image\/","url":"https:\/\/compartilhabahia.com.br\/wp-content\/uploads\/2023\/12\/cropped-logo.png","contentUrl":"https:\/\/compartilhabahia.com.br\/wp-content\/uploads\/2023\/12\/cropped-logo.png","width":300,"height":106,"caption":"Compartilha Bahia"},"image":{"@id":"https:\/\/compartilhabahia.com.br\/#\/schema\/logo\/image\/"},"sameAs":["https:\/\/web.facebook.com\/compartilhabahia","https:\/\/www.instagram.com\/compartilhabahia\/"]},{"@type":"Person","@id":"https:\/\/compartilhabahia.com.br\/#\/schema\/person\/9b4f0c3178793b8248d6686732521c04","name":"admin","image":{"@type":"ImageObject","inLanguage":"pt-BR","@id":"https:\/\/compartilhabahia.com.br\/#\/schema\/person\/image\/","url":"https:\/\/secure.gravatar.com\/avatar\/9600df58751c5acbe914c538c03390ef649ea088cb65f84ba09c7ce66988eed6?s=96&d=mm&r=g","contentUrl":"https:\/\/secure.gravatar.com\/avatar\/9600df58751c5acbe914c538c03390ef649ea088cb65f84ba09c7ce66988eed6?s=96&d=mm&r=g","caption":"admin"},"sameAs":["https:\/\/compartilhabahia.com.br"],"url":"https:\/\/compartilhabahia.com.br\/index.php\/author\/compartilhabahia\/"}]}},"_links":{"self":[{"href":"https:\/\/compartilhabahia.com.br\/index.php\/wp-json\/wp\/v2\/posts\/8196","targetHints":{"allow":["GET"]}}],"collection":[{"href":"https:\/\/compartilhabahia.com.br\/index.php\/wp-json\/wp\/v2\/posts"}],"about":[{"href":"https:\/\/compartilhabahia.com.br\/index.php\/wp-json\/wp\/v2\/types\/post"}],"author":[{"embeddable":true,"href":"https:\/\/compartilhabahia.com.br\/index.php\/wp-json\/wp\/v2\/users\/1"}],"replies":[{"embeddable":true,"href":"https:\/\/compartilhabahia.com.br\/index.php\/wp-json\/wp\/v2\/comments?post=8196"}],"version-history":[{"count":1,"href":"https:\/\/compartilhabahia.com.br\/index.php\/wp-json\/wp\/v2\/posts\/8196\/revisions"}],"predecessor-version":[{"id":8198,"href":"https:\/\/compartilhabahia.com.br\/index.php\/wp-json\/wp\/v2\/posts\/8196\/revisions\/8198"}],"wp:featuredmedia":[{"embeddable":true,"href":"https:\/\/compartilhabahia.com.br\/index.php\/wp-json\/wp\/v2\/media\/8197"}],"wp:attachment":[{"href":"https:\/\/compartilhabahia.com.br\/index.php\/wp-json\/wp\/v2\/media?parent=8196"}],"wp:term":[{"taxonomy":"category","embeddable":true,"href":"https:\/\/compartilhabahia.com.br\/index.php\/wp-json\/wp\/v2\/categories?post=8196"},{"taxonomy":"post_tag","embeddable":true,"href":"https:\/\/compartilhabahia.com.br\/index.php\/wp-json\/wp\/v2\/tags?post=8196"}],"curies":[{"name":"wp","href":"https:\/\/api.w.org\/{rel}","templated":true}]}}