{"id":8191,"date":"2025-10-20T15:20:09","date_gmt":"2025-10-20T18:20:09","guid":{"rendered":"https:\/\/compartilhabahia.com.br\/?p=8191"},"modified":"2025-10-21T00:20:20","modified_gmt":"2025-10-21T03:20:20","slug":"programa-frutos-de-camacari-distribui-mais-de-mil-mudas-frutiferas-para-agricultura-familiar","status":"publish","type":"post","link":"https:\/\/compartilhabahia.com.br\/index.php\/2025\/10\/20\/programa-frutos-de-camacari-distribui-mais-de-mil-mudas-frutiferas-para-agricultura-familiar\/","title":{"rendered":"Programa Frutos de Cama\u00e7ari distribui mais de mil mudas frut\u00edferas para agricultura familiar"},"content":{"rendered":"\n<p>Foto: Georgina do Vale Silva, 53 anos <em>\u201cMeu pai era agricultor, morreu com 103 anos, e sempre amando a terra. Trago esse legado comigo. Na agricultura, n\u00f3s temos um lema que diz que \u2018se a ro\u00e7a n\u00e3o planta, a cidade n\u00e3o janta\u2019. Para n\u00f3s agricultores, esse apoio nada mais \u00e9 do que uma ferramenta a mais. A gente se sente fortalecido, pois entendemos que o mundo est\u00e1 voltado hoje para a agricultura, para uma alimenta\u00e7\u00e3o mais saud\u00e1vel\u201d, afirmou.<\/em><\/p>\n\n\n\n<p>O Horto Florestal foi palco, nesta quinta-feira (16), de um encontro com a terra, a esperan\u00e7a e o futuro. A a\u00e7\u00e3o \u201cFrutos de Cama\u00e7ari\u201d, promovida pela prefeitura, por meio da Secretaria de Desenvolvimento da Agricultura e Pesca (Sedap), entregou mais de mil mudas frut\u00edferas para agricultores e agricultoras familiares que atuam no munic\u00edpio.<\/p>\n\n\n\n<p>&#8220;Estar nesse local, cercado pela natureza e por pessoas que fazem a terra florescer, \u00e9 renovar nossa esperan\u00e7a no presente e no futuro, reconhecendo a for\u00e7a da agricultura familiar da nossa cidade, valorizando quem trabalha com dignidade no campo e contribui com a produ\u00e7\u00e3o local com sustentabilidade&#8221;, pontuou o prefeito Luiz Caetano.<\/p>\n\n\n\n<p>Banana, manga palmer, acerola e mam\u00e3o formosa est\u00e3o entre as esp\u00e9cies distribu\u00eddas, que s\u00e3o produzidas e selecionadas no pr\u00f3prio Horto Florestal, com base nas diretrizes do Programa Integrado de Distribui\u00e7\u00e3o de Equipamentos e Suprimentos (PIDES). A proposta \u00e9 incentivar a produ\u00e7\u00e3o local, diversificar culturas, estimular o consumo de alimentos mais saud\u00e1veis e gerar renda no campo.<\/p>\n\n\n\n<p>O titular da Sedap, Fabiano Dourado, real\u00e7ou o compromisso da gest\u00e3o com o desenvolvimento rural no munic\u00edpio. \u201cCama\u00e7ari \u00e9 uma cidade conhecida como a cidade do Polo Petroqu\u00edmico, mas tamb\u00e9m possui um polo agr\u00edcola gigantesco. Estamos aqui justamente fortalecendo esse setor. Todas as mudas que entregamos hoje possuem certifica\u00e7\u00e3o, fazendo assim o controle de tudo aquilo que \u00e9 passado para os agricultores e mostrando que \u00e9 poss\u00edvel produzir com qualidade e com apoio\u201d, pontuou o secret\u00e1rio.<\/p>\n\n\n\n<p>Al\u00e9m dos produtores, a a\u00e7\u00e3o tamb\u00e9m reuniu l\u00edderes comunit\u00e1rios, representantes de cooperativas e moradores de comunidades rurais. Georgina do Vale Silva, 53 anos, veio de Pinh\u00e3o Manso, zona rural de Cama\u00e7ari, para prestigiar a a\u00e7\u00e3o. Filha de agricultor, ela assegurou que a comunidade enxerga a entrega das mudas como um forte incentivo.<\/p>\n\n\n\n<p>\u201cMeu pai era agricultor, morreu com 103 anos, e sempre amando a terra. Trago esse legado comigo. Na agricultura, n\u00f3s temos um lema que diz que \u2018se a ro\u00e7a n\u00e3o planta, a cidade n\u00e3o janta\u2019. Para n\u00f3s agricultores, esse apoio nada mais \u00e9 do que uma ferramenta a mais. A gente se sente fortalecido, pois entendemos que o mundo est\u00e1 voltado hoje para a agricultura, para uma alimenta\u00e7\u00e3o mais saud\u00e1vel\u201d, afirmou.<\/p>\n\n\n\n<p>J\u00e1 Claudemiro Ramos dos Santos, 54 anos, da Comunidade Santa Rita, na Via Parafuso, est\u00e1 iniciando no of\u00edcio e enfatizou que a sensibilidade da a\u00e7\u00e3o fomenta a esperan\u00e7a. \u201cCada muda entregue \u00e9 um passo para melhorar nossa renda e garantir alimentos saud\u00e1veis pra nossa mesa. Eu tenho dois anos plantando hortali\u00e7as e saio daqui feliz e com mais objetivo de seguir na agricultura\u201d, opinou o produtor.<\/p>\n\n\n\n<p>Com o lema \u201cPlante hoje o futuro da sua colheita\u201d, o projeto Frutos de Cama\u00e7ari refor\u00e7a o compromisso do governo municipal com um futuro mais verde, produtivo e sustent\u00e1vel, onde o campo tem vez, voz e valor.<\/p>\n\n\n\n<p>O encontro ainda contou com a palestra de Pedro de Santana, do Servi\u00e7o Brasileiro de Apoio \u00e0s Micro e Pequenas Empresas (Sebrae).<\/p>\n\n\n\n<p>Foto: Juliano Sarraf<\/p>\n","protected":false},"excerpt":{"rendered":"<p>Foto: Georgina do Vale Silva, 53 anos \u201cMeu pai era agricultor, morreu com 103 anos, e sempre amando a terra. Trago esse legado comigo. Na agricultura, n\u00f3s temos um lema que diz que \u2018se a ro\u00e7a n\u00e3o planta, a cidade n\u00e3o janta\u2019. Para n\u00f3s agricultores, esse apoio nada mais \u00e9 do que uma ferramenta a [&hellip;]<\/p>\n","protected":false},"author":1,"featured_media":8192,"comment_status":"open","ping_status":"open","sticky":false,"template":"","format":"standard","meta":{"footnotes":""},"categories":[8],"tags":[],"class_list":["post-8191","post","type-post","status-publish","format-standard","has-post-thumbnail","hentry","category-camacari"],"yoast_head":"<!-- This site is optimized with the Yoast SEO plugin v21.7 - https:\/\/yoast.com\/wordpress\/plugins\/seo\/ -->\n<title>Programa Frutos de Cama\u00e7ari distribui mais de mil mudas frut\u00edferas para agricultura familiar - Compartilha Bahia<\/title>\n<meta name=\"robots\" content=\"index, follow, max-snippet:-1, max-image-preview:large, max-video-preview:-1\" \/>\n<link rel=\"canonical\" href=\"https:\/\/compartilhabahia.com.br\/index.php\/2025\/10\/20\/programa-frutos-de-camacari-distribui-mais-de-mil-mudas-frutiferas-para-agricultura-familiar\/\" \/>\n<meta property=\"og:locale\" content=\"pt_BR\" \/>\n<meta property=\"og:type\" content=\"article\" \/>\n<meta property=\"og:title\" content=\"Programa Frutos de Cama\u00e7ari distribui mais de mil mudas frut\u00edferas para agricultura familiar - Compartilha Bahia\" \/>\n<meta property=\"og:description\" content=\"Foto: Georgina do Vale Silva, 53 anos \u201cMeu pai era agricultor, morreu com 103 anos, e sempre amando a terra. Trago esse legado comigo. Na agricultura, n\u00f3s temos um lema que diz que \u2018se a ro\u00e7a n\u00e3o planta, a cidade n\u00e3o janta\u2019. Para n\u00f3s agricultores, esse apoio nada mais \u00e9 do que uma ferramenta a [&hellip;]\" \/>\n<meta property=\"og:url\" content=\"https:\/\/compartilhabahia.com.br\/index.php\/2025\/10\/20\/programa-frutos-de-camacari-distribui-mais-de-mil-mudas-frutiferas-para-agricultura-familiar\/\" \/>\n<meta property=\"og:site_name\" content=\"Compartilha Bahia\" \/>\n<meta property=\"article:publisher\" content=\"https:\/\/web.facebook.com\/compartilhabahia\" \/>\n<meta property=\"article:published_time\" content=\"2025-10-20T18:20:09+00:00\" \/>\n<meta property=\"article:modified_time\" content=\"2025-10-21T03:20:20+00:00\" \/>\n<meta property=\"og:image\" content=\"https:\/\/compartilhabahia.com.br\/wp-content\/uploads\/2025\/10\/giorgina.jpg\" \/>\n\t<meta property=\"og:image:width\" content=\"1120\" \/>\n\t<meta property=\"og:image:height\" content=\"747\" \/>\n\t<meta property=\"og:image:type\" content=\"image\/jpeg\" \/>\n<meta name=\"author\" content=\"admin\" \/>\n<meta name=\"twitter:card\" content=\"summary_large_image\" \/>\n<meta name=\"twitter:label1\" content=\"Escrito por\" \/>\n\t<meta name=\"twitter:data1\" content=\"admin\" \/>\n\t<meta name=\"twitter:label2\" content=\"Est. tempo de leitura\" \/>\n\t<meta name=\"twitter:data2\" content=\"4 minutos\" \/>\n<script type=\"application\/ld+json\" class=\"yoast-schema-graph\">{\"@context\":\"https:\/\/schema.org\",\"@graph\":[{\"@type\":\"Article\",\"@id\":\"https:\/\/compartilhabahia.com.br\/index.php\/2025\/10\/20\/programa-frutos-de-camacari-distribui-mais-de-mil-mudas-frutiferas-para-agricultura-familiar\/#article\",\"isPartOf\":{\"@id\":\"https:\/\/compartilhabahia.com.br\/index.php\/2025\/10\/20\/programa-frutos-de-camacari-distribui-mais-de-mil-mudas-frutiferas-para-agricultura-familiar\/\"},\"author\":{\"name\":\"admin\",\"@id\":\"https:\/\/compartilhabahia.com.br\/#\/schema\/person\/9b4f0c3178793b8248d6686732521c04\"},\"headline\":\"Programa Frutos de Cama\u00e7ari distribui mais de mil mudas frut\u00edferas para agricultura familiar\",\"datePublished\":\"2025-10-20T18:20:09+00:00\",\"dateModified\":\"2025-10-21T03:20:20+00:00\",\"mainEntityOfPage\":{\"@id\":\"https:\/\/compartilhabahia.com.br\/index.php\/2025\/10\/20\/programa-frutos-de-camacari-distribui-mais-de-mil-mudas-frutiferas-para-agricultura-familiar\/\"},\"wordCount\":625,\"commentCount\":0,\"publisher\":{\"@id\":\"https:\/\/compartilhabahia.com.br\/#organization\"},\"articleSection\":[\"Cama\u00e7ari\"],\"inLanguage\":\"pt-BR\",\"potentialAction\":[{\"@type\":\"CommentAction\",\"name\":\"Comment\",\"target\":[\"https:\/\/compartilhabahia.com.br\/index.php\/2025\/10\/20\/programa-frutos-de-camacari-distribui-mais-de-mil-mudas-frutiferas-para-agricultura-familiar\/#respond\"]}]},{\"@type\":\"WebPage\",\"@id\":\"https:\/\/compartilhabahia.com.br\/index.php\/2025\/10\/20\/programa-frutos-de-camacari-distribui-mais-de-mil-mudas-frutiferas-para-agricultura-familiar\/\",\"url\":\"https:\/\/compartilhabahia.com.br\/index.php\/2025\/10\/20\/programa-frutos-de-camacari-distribui-mais-de-mil-mudas-frutiferas-para-agricultura-familiar\/\",\"name\":\"Programa Frutos de Cama\u00e7ari distribui mais de mil mudas frut\u00edferas para agricultura familiar - Compartilha Bahia\",\"isPartOf\":{\"@id\":\"https:\/\/compartilhabahia.com.br\/#website\"},\"datePublished\":\"2025-10-20T18:20:09+00:00\",\"dateModified\":\"2025-10-21T03:20:20+00:00\",\"breadcrumb\":{\"@id\":\"https:\/\/compartilhabahia.com.br\/index.php\/2025\/10\/20\/programa-frutos-de-camacari-distribui-mais-de-mil-mudas-frutiferas-para-agricultura-familiar\/#breadcrumb\"},\"inLanguage\":\"pt-BR\",\"potentialAction\":[{\"@type\":\"ReadAction\",\"target\":[\"https:\/\/compartilhabahia.com.br\/index.php\/2025\/10\/20\/programa-frutos-de-camacari-distribui-mais-de-mil-mudas-frutiferas-para-agricultura-familiar\/\"]}]},{\"@type\":\"BreadcrumbList\",\"@id\":\"https:\/\/compartilhabahia.com.br\/index.php\/2025\/10\/20\/programa-frutos-de-camacari-distribui-mais-de-mil-mudas-frutiferas-para-agricultura-familiar\/#breadcrumb\",\"itemListElement\":[{\"@type\":\"ListItem\",\"position\":1,\"name\":\"In\u00edcio\",\"item\":\"https:\/\/compartilhabahia.com.br\/\"},{\"@type\":\"ListItem\",\"position\":2,\"name\":\"Programa Frutos de Cama\u00e7ari distribui mais de mil mudas frut\u00edferas para agricultura familiar\"}]},{\"@type\":\"WebSite\",\"@id\":\"https:\/\/compartilhabahia.com.br\/#website\",\"url\":\"https:\/\/compartilhabahia.com.br\/\",\"name\":\"Compartilha Bahia\",\"description\":\"\",\"publisher\":{\"@id\":\"https:\/\/compartilhabahia.com.br\/#organization\"},\"potentialAction\":[{\"@type\":\"SearchAction\",\"target\":{\"@type\":\"EntryPoint\",\"urlTemplate\":\"https:\/\/compartilhabahia.com.br\/?s={search_term_string}\"},\"query-input\":\"required name=search_term_string\"}],\"inLanguage\":\"pt-BR\"},{\"@type\":\"Organization\",\"@id\":\"https:\/\/compartilhabahia.com.br\/#organization\",\"name\":\"Compartilha Bahia\",\"url\":\"https:\/\/compartilhabahia.com.br\/\",\"logo\":{\"@type\":\"ImageObject\",\"inLanguage\":\"pt-BR\",\"@id\":\"https:\/\/compartilhabahia.com.br\/#\/schema\/logo\/image\/\",\"url\":\"https:\/\/compartilhabahia.com.br\/wp-content\/uploads\/2023\/12\/cropped-logo.png\",\"contentUrl\":\"https:\/\/compartilhabahia.com.br\/wp-content\/uploads\/2023\/12\/cropped-logo.png\",\"width\":300,\"height\":106,\"caption\":\"Compartilha Bahia\"},\"image\":{\"@id\":\"https:\/\/compartilhabahia.com.br\/#\/schema\/logo\/image\/\"},\"sameAs\":[\"https:\/\/web.facebook.com\/compartilhabahia\",\"https:\/\/www.instagram.com\/compartilhabahia\/\"]},{\"@type\":\"Person\",\"@id\":\"https:\/\/compartilhabahia.com.br\/#\/schema\/person\/9b4f0c3178793b8248d6686732521c04\",\"name\":\"admin\",\"image\":{\"@type\":\"ImageObject\",\"inLanguage\":\"pt-BR\",\"@id\":\"https:\/\/compartilhabahia.com.br\/#\/schema\/person\/image\/\",\"url\":\"https:\/\/secure.gravatar.com\/avatar\/9600df58751c5acbe914c538c03390ef649ea088cb65f84ba09c7ce66988eed6?s=96&d=mm&r=g\",\"contentUrl\":\"https:\/\/secure.gravatar.com\/avatar\/9600df58751c5acbe914c538c03390ef649ea088cb65f84ba09c7ce66988eed6?s=96&d=mm&r=g\",\"caption\":\"admin\"},\"sameAs\":[\"https:\/\/compartilhabahia.com.br\"],\"url\":\"https:\/\/compartilhabahia.com.br\/index.php\/author\/compartilhabahia\/\"}]}<\/script>\n<!-- \/ Yoast SEO plugin. -->","yoast_head_json":{"title":"Programa Frutos de Cama\u00e7ari distribui mais de mil mudas frut\u00edferas para agricultura familiar - Compartilha Bahia","robots":{"index":"index","follow":"follow","max-snippet":"max-snippet:-1","max-image-preview":"max-image-preview:large","max-video-preview":"max-video-preview:-1"},"canonical":"https:\/\/compartilhabahia.com.br\/index.php\/2025\/10\/20\/programa-frutos-de-camacari-distribui-mais-de-mil-mudas-frutiferas-para-agricultura-familiar\/","og_locale":"pt_BR","og_type":"article","og_title":"Programa Frutos de Cama\u00e7ari distribui mais de mil mudas frut\u00edferas para agricultura familiar - Compartilha Bahia","og_description":"Foto: Georgina do Vale Silva, 53 anos \u201cMeu pai era agricultor, morreu com 103 anos, e sempre amando a terra. Trago esse legado comigo. Na agricultura, n\u00f3s temos um lema que diz que \u2018se a ro\u00e7a n\u00e3o planta, a cidade n\u00e3o janta\u2019. Para n\u00f3s agricultores, esse apoio nada mais \u00e9 do que uma ferramenta a [&hellip;]","og_url":"https:\/\/compartilhabahia.com.br\/index.php\/2025\/10\/20\/programa-frutos-de-camacari-distribui-mais-de-mil-mudas-frutiferas-para-agricultura-familiar\/","og_site_name":"Compartilha Bahia","article_publisher":"https:\/\/web.facebook.com\/compartilhabahia","article_published_time":"2025-10-20T18:20:09+00:00","article_modified_time":"2025-10-21T03:20:20+00:00","og_image":[{"width":1120,"height":747,"url":"https:\/\/compartilhabahia.com.br\/wp-content\/uploads\/2025\/10\/giorgina.jpg","type":"image\/jpeg"}],"author":"admin","twitter_card":"summary_large_image","twitter_misc":{"Escrito por":"admin","Est. tempo de leitura":"4 minutos"},"schema":{"@context":"https:\/\/schema.org","@graph":[{"@type":"Article","@id":"https:\/\/compartilhabahia.com.br\/index.php\/2025\/10\/20\/programa-frutos-de-camacari-distribui-mais-de-mil-mudas-frutiferas-para-agricultura-familiar\/#article","isPartOf":{"@id":"https:\/\/compartilhabahia.com.br\/index.php\/2025\/10\/20\/programa-frutos-de-camacari-distribui-mais-de-mil-mudas-frutiferas-para-agricultura-familiar\/"},"author":{"name":"admin","@id":"https:\/\/compartilhabahia.com.br\/#\/schema\/person\/9b4f0c3178793b8248d6686732521c04"},"headline":"Programa Frutos de Cama\u00e7ari distribui mais de mil mudas frut\u00edferas para agricultura familiar","datePublished":"2025-10-20T18:20:09+00:00","dateModified":"2025-10-21T03:20:20+00:00","mainEntityOfPage":{"@id":"https:\/\/compartilhabahia.com.br\/index.php\/2025\/10\/20\/programa-frutos-de-camacari-distribui-mais-de-mil-mudas-frutiferas-para-agricultura-familiar\/"},"wordCount":625,"commentCount":0,"publisher":{"@id":"https:\/\/compartilhabahia.com.br\/#organization"},"articleSection":["Cama\u00e7ari"],"inLanguage":"pt-BR","potentialAction":[{"@type":"CommentAction","name":"Comment","target":["https:\/\/compartilhabahia.com.br\/index.php\/2025\/10\/20\/programa-frutos-de-camacari-distribui-mais-de-mil-mudas-frutiferas-para-agricultura-familiar\/#respond"]}]},{"@type":"WebPage","@id":"https:\/\/compartilhabahia.com.br\/index.php\/2025\/10\/20\/programa-frutos-de-camacari-distribui-mais-de-mil-mudas-frutiferas-para-agricultura-familiar\/","url":"https:\/\/compartilhabahia.com.br\/index.php\/2025\/10\/20\/programa-frutos-de-camacari-distribui-mais-de-mil-mudas-frutiferas-para-agricultura-familiar\/","name":"Programa Frutos de Cama\u00e7ari distribui mais de mil mudas frut\u00edferas para agricultura familiar - Compartilha Bahia","isPartOf":{"@id":"https:\/\/compartilhabahia.com.br\/#website"},"datePublished":"2025-10-20T18:20:09+00:00","dateModified":"2025-10-21T03:20:20+00:00","breadcrumb":{"@id":"https:\/\/compartilhabahia.com.br\/index.php\/2025\/10\/20\/programa-frutos-de-camacari-distribui-mais-de-mil-mudas-frutiferas-para-agricultura-familiar\/#breadcrumb"},"inLanguage":"pt-BR","potentialAction":[{"@type":"ReadAction","target":["https:\/\/compartilhabahia.com.br\/index.php\/2025\/10\/20\/programa-frutos-de-camacari-distribui-mais-de-mil-mudas-frutiferas-para-agricultura-familiar\/"]}]},{"@type":"BreadcrumbList","@id":"https:\/\/compartilhabahia.com.br\/index.php\/2025\/10\/20\/programa-frutos-de-camacari-distribui-mais-de-mil-mudas-frutiferas-para-agricultura-familiar\/#breadcrumb","itemListElement":[{"@type":"ListItem","position":1,"name":"In\u00edcio","item":"https:\/\/compartilhabahia.com.br\/"},{"@type":"ListItem","position":2,"name":"Programa Frutos de Cama\u00e7ari distribui mais de mil mudas frut\u00edferas para agricultura familiar"}]},{"@type":"WebSite","@id":"https:\/\/compartilhabahia.com.br\/#website","url":"https:\/\/compartilhabahia.com.br\/","name":"Compartilha Bahia","description":"","publisher":{"@id":"https:\/\/compartilhabahia.com.br\/#organization"},"potentialAction":[{"@type":"SearchAction","target":{"@type":"EntryPoint","urlTemplate":"https:\/\/compartilhabahia.com.br\/?s={search_term_string}"},"query-input":"required name=search_term_string"}],"inLanguage":"pt-BR"},{"@type":"Organization","@id":"https:\/\/compartilhabahia.com.br\/#organization","name":"Compartilha Bahia","url":"https:\/\/compartilhabahia.com.br\/","logo":{"@type":"ImageObject","inLanguage":"pt-BR","@id":"https:\/\/compartilhabahia.com.br\/#\/schema\/logo\/image\/","url":"https:\/\/compartilhabahia.com.br\/wp-content\/uploads\/2023\/12\/cropped-logo.png","contentUrl":"https:\/\/compartilhabahia.com.br\/wp-content\/uploads\/2023\/12\/cropped-logo.png","width":300,"height":106,"caption":"Compartilha Bahia"},"image":{"@id":"https:\/\/compartilhabahia.com.br\/#\/schema\/logo\/image\/"},"sameAs":["https:\/\/web.facebook.com\/compartilhabahia","https:\/\/www.instagram.com\/compartilhabahia\/"]},{"@type":"Person","@id":"https:\/\/compartilhabahia.com.br\/#\/schema\/person\/9b4f0c3178793b8248d6686732521c04","name":"admin","image":{"@type":"ImageObject","inLanguage":"pt-BR","@id":"https:\/\/compartilhabahia.com.br\/#\/schema\/person\/image\/","url":"https:\/\/secure.gravatar.com\/avatar\/9600df58751c5acbe914c538c03390ef649ea088cb65f84ba09c7ce66988eed6?s=96&d=mm&r=g","contentUrl":"https:\/\/secure.gravatar.com\/avatar\/9600df58751c5acbe914c538c03390ef649ea088cb65f84ba09c7ce66988eed6?s=96&d=mm&r=g","caption":"admin"},"sameAs":["https:\/\/compartilhabahia.com.br"],"url":"https:\/\/compartilhabahia.com.br\/index.php\/author\/compartilhabahia\/"}]}},"_links":{"self":[{"href":"https:\/\/compartilhabahia.com.br\/index.php\/wp-json\/wp\/v2\/posts\/8191","targetHints":{"allow":["GET"]}}],"collection":[{"href":"https:\/\/compartilhabahia.com.br\/index.php\/wp-json\/wp\/v2\/posts"}],"about":[{"href":"https:\/\/compartilhabahia.com.br\/index.php\/wp-json\/wp\/v2\/types\/post"}],"author":[{"embeddable":true,"href":"https:\/\/compartilhabahia.com.br\/index.php\/wp-json\/wp\/v2\/users\/1"}],"replies":[{"embeddable":true,"href":"https:\/\/compartilhabahia.com.br\/index.php\/wp-json\/wp\/v2\/comments?post=8191"}],"version-history":[{"count":2,"href":"https:\/\/compartilhabahia.com.br\/index.php\/wp-json\/wp\/v2\/posts\/8191\/revisions"}],"predecessor-version":[{"id":8194,"href":"https:\/\/compartilhabahia.com.br\/index.php\/wp-json\/wp\/v2\/posts\/8191\/revisions\/8194"}],"wp:featuredmedia":[{"embeddable":true,"href":"https:\/\/compartilhabahia.com.br\/index.php\/wp-json\/wp\/v2\/media\/8192"}],"wp:attachment":[{"href":"https:\/\/compartilhabahia.com.br\/index.php\/wp-json\/wp\/v2\/media?parent=8191"}],"wp:term":[{"taxonomy":"category","embeddable":true,"href":"https:\/\/compartilhabahia.com.br\/index.php\/wp-json\/wp\/v2\/categories?post=8191"},{"taxonomy":"post_tag","embeddable":true,"href":"https:\/\/compartilhabahia.com.br\/index.php\/wp-json\/wp\/v2\/tags?post=8191"}],"curies":[{"name":"wp","href":"https:\/\/api.w.org\/{rel}","templated":true}]}}