{"id":8187,"date":"2025-10-20T14:54:18","date_gmt":"2025-10-20T17:54:18","guid":{"rendered":"https:\/\/compartilhabahia.com.br\/?p=8187"},"modified":"2025-10-21T00:08:15","modified_gmt":"2025-10-21T03:08:15","slug":"implantacao-do-programa-bahia-pela-paz-em-camacari-e-uma-politica-do-governo","status":"publish","type":"post","link":"https:\/\/compartilhabahia.com.br\/index.php\/2025\/10\/20\/implantacao-do-programa-bahia-pela-paz-em-camacari-e-uma-politica-do-governo\/","title":{"rendered":"Implanta\u00e7\u00e3o do Programa Bahia pela Paz em Cama\u00e7ari \u00e9 uma pol\u00edtica priorit\u00e1ria do governo"},"content":{"rendered":"\n<p>A primeira oficina t\u00e9cnica para implanta\u00e7\u00e3o do Programa Bahia pela Paz em Cama\u00e7ari foi realizada nesta quinta-feira (16), no Horto Florestal. Membros dos governos municipal e estadual marcaram presen\u00e7a na atividade, que d\u00e1 a largada para a elabora\u00e7\u00e3o intersetorial do plano de a\u00e7\u00f5es contidas no Acordo de Coopera\u00e7\u00e3o T\u00e9cnica firmado entre a Prefeitura de Cama\u00e7ari e a Secretaria de Justi\u00e7a e Direitos Humanos da Bahia (SJDH) para a execu\u00e7\u00e3o do projeto.<\/p>\n\n\n\n<p>Durante a abertura do encontro, o prefeito Luiz Caetano destacou a import\u00e2ncia da integra\u00e7\u00e3o de esfor\u00e7os para a consolida\u00e7\u00e3o de pol\u00edticas p\u00fablicas voltadas \u00e0 promo\u00e7\u00e3o da paz social.<\/p>\n\n\n\n<p>\u201cEstamos unindo esfor\u00e7os entre o munic\u00edpio e o Governo da Bahia para garantir \u00e0 popula\u00e7\u00e3o pol\u00edticas p\u00fablicas efetivas. O Bahia pela Paz \u00e9 um pacto pela vida, e Cama\u00e7ari est\u00e1 pronta para ser refer\u00eancia nesse processo, tendo em vista os esfor\u00e7os que est\u00e3o sendo feitos para reestruturar demandas b\u00e1sicas, como a melhoria da ilumina\u00e7\u00e3o p\u00fablica, o servi\u00e7o emergencial do transporte p\u00fablico, as a\u00e7\u00f5es junto com a Secretaria de Desenvolvimento Social e Cidadania e demais secretarias\u201d, ressaltou.<\/p>\n\n\n\n<p>A oficina reuniu gestores municipais, equipes t\u00e9cnicas das secretarias envolvidas, integrantes do n\u00facleo de gest\u00e3o do programa e representantes dos Coletivos Bahia pela Paz de Feira de Santana e Salvador. No encontro, foram apresentadas as diretrizes do programa, al\u00e9m das propostas e experi\u00eancias exitosas que foram aplicadas em outros territ\u00f3rios, com \u00eanfase nas prioridades que afetam a cidade, conforme estudo preliminar realizado.<\/p>\n\n\n\n<p>Cama\u00e7ari ter\u00e1 dois Coletivos Bahia pela Paz, localizados em regi\u00f5es estrat\u00e9gicas: no distrito de Vila de Abrantes e nos Phocs. Os equipamentos ir\u00e3o atuar como espa\u00e7os comunit\u00e1rios de promo\u00e7\u00e3o dos direitos humanos e de preven\u00e7\u00e3o \u00e0 viol\u00eancia, especialmente em \u00e1reas de alta vulnerabilidade social.<\/p>\n\n\n\n<p>A superintendente de Apoio e Defesa aos Direitos Humanos da SJDH, Tr\u00edcia Calmon, enfatizou a import\u00e2ncia da escolha t\u00e9cnica dos locais de implanta\u00e7\u00e3o. \u201cQuando definimos os bairros que vamos atuar, observamos v\u00e1rios aspectos, como os dados de morte violenta, visando preservar a vida, sobretudo dos jovens que est\u00e3o concentrados naqueles territ\u00f3rios. N\u00e3o \u00e9 nada aleat\u00f3rio, a gente precisa atacar essa problem\u00e1tica nesses locais que est\u00e3o mais agravados. O que n\u00e3o significa dizer que tudo aquilo que a gente aprende, em termos de elabora\u00e7\u00e3o de pol\u00edticas p\u00fablicas, n\u00e3o vai se espraiar para os demais bairros\u201d, real\u00e7ou a superintendente de Apoio e Defesa aos Direitos Humanos da SJDH, Tr\u00edcia Calmon.<\/p>\n\n\n\n<p>Durante a oficina, tamb\u00e9m foram apresentadas a\u00e7\u00f5es que j\u00e1 est\u00e3o sendo desenvolvidas pelas secretarias municipais. Os participantes foram divididos em grupos tem\u00e1ticos para a constru\u00e7\u00e3o conjunta do plano de trabalho. A metodologia \u00e9 pautada em tr\u00eas grandes eixos. Nessa etapa, o foco foi debater a respeito do Eixo 1, que trata da \u201cGarantia e Preven\u00e7\u00e3o Social da Viol\u00eancia\u201d. O resultado da oficina desta quinta-feira ser\u00e1 encaminhado \u00e0 C\u00e2mara Intersetorial de Preven\u00e7\u00e3o Social da Viol\u00eancia (CIPREV), inst\u00e2ncia de governan\u00e7a do programa.<\/p>\n\n\n\n<p>Para Denise Tourinho, coordenadora executiva do Programa Bahia pela Paz, a participa\u00e7\u00e3o das equipes t\u00e9cnicas de Cama\u00e7ari tem sido fundamental nesse processo. \u201cEsse primeiro encontro j\u00e1 demonstra a pot\u00eancia que ser\u00e1 a implanta\u00e7\u00e3o dos Coletivos no munic\u00edpio. Esperamos que seja uma grande escola de fazer pol\u00edticas p\u00fablicas, tendo em vista que seguran\u00e7a p\u00fablica n\u00e3o se faz apenas com pol\u00edcia nas ruas, mas tem a ver com preven\u00e7\u00e3o, com cuidado integral, garantia de direitos e perspectivas antirracistas\u201d, pontuou.<\/p>\n\n\n\n<p>Participaram do encontro as secret\u00e1rias da Mulher, Branca Patr\u00edcia; de Governo, Ednalva Santana; de Sa\u00fade, Rosangela Almeida; e de Desenvolvimento Social e Cidadania, Jeane Gleyde; bem como o diretor-superintendente de Tr\u00e2nsito e Transporte P\u00fablico de Cama\u00e7ari, Edmilson Sousa; e o secret\u00e1rio executivo do Gabinete de Gest\u00e3o Integrada Municipal (GGIM), Gilberto D\u2019Errico.<\/p>\n\n\n\n<p>Um segundo encontro, focado nos eixos \u201cEnfrentamento \u00e0 Viol\u00eancia Letal\u201d e \u201cGerenciamento de Probabilidade de Reincid\u00eancia Delitiva\u201d, est\u00e1 previsto para os pr\u00f3ximos meses, com a presen\u00e7a de representa\u00e7\u00f5es do Tribunal de Justi\u00e7a da Bahia, Minist\u00e9rio P\u00fablico, Defensoria P\u00fablica e Pol\u00edcias Militar e Civil.<\/p>\n\n\n\n<p>Foto: Juliano Sarraf<\/p>\n\n\n\n<p><\/p>\n","protected":false},"excerpt":{"rendered":"<p>A primeira oficina t\u00e9cnica para implanta\u00e7\u00e3o do Programa Bahia pela Paz em Cama\u00e7ari foi realizada nesta quinta-feira (16), no Horto Florestal. Membros dos governos municipal e estadual marcaram presen\u00e7a na atividade, que d\u00e1 a largada para a elabora\u00e7\u00e3o intersetorial do plano de a\u00e7\u00f5es contidas no Acordo de Coopera\u00e7\u00e3o T\u00e9cnica firmado entre a Prefeitura de Cama\u00e7ari [&hellip;]<\/p>\n","protected":false},"author":1,"featured_media":8188,"comment_status":"open","ping_status":"open","sticky":false,"template":"","format":"standard","meta":{"footnotes":""},"categories":[8],"tags":[],"class_list":["post-8187","post","type-post","status-publish","format-standard","has-post-thumbnail","hentry","category-camacari"],"yoast_head":"<!-- This site is optimized with the Yoast SEO plugin v21.7 - https:\/\/yoast.com\/wordpress\/plugins\/seo\/ -->\n<title>Implanta\u00e7\u00e3o do Programa Bahia pela Paz em Cama\u00e7ari \u00e9 uma pol\u00edtica priorit\u00e1ria do governo - Compartilha Bahia<\/title>\n<meta name=\"robots\" content=\"index, follow, max-snippet:-1, max-image-preview:large, max-video-preview:-1\" \/>\n<link rel=\"canonical\" href=\"https:\/\/compartilhabahia.com.br\/index.php\/2025\/10\/20\/implantacao-do-programa-bahia-pela-paz-em-camacari-e-uma-politica-do-governo\/\" \/>\n<meta property=\"og:locale\" content=\"pt_BR\" \/>\n<meta property=\"og:type\" content=\"article\" \/>\n<meta property=\"og:title\" content=\"Implanta\u00e7\u00e3o do Programa Bahia pela Paz em Cama\u00e7ari \u00e9 uma pol\u00edtica priorit\u00e1ria do governo - Compartilha Bahia\" \/>\n<meta property=\"og:description\" content=\"A primeira oficina t\u00e9cnica para implanta\u00e7\u00e3o do Programa Bahia pela Paz em Cama\u00e7ari foi realizada nesta quinta-feira (16), no Horto Florestal. Membros dos governos municipal e estadual marcaram presen\u00e7a na atividade, que d\u00e1 a largada para a elabora\u00e7\u00e3o intersetorial do plano de a\u00e7\u00f5es contidas no Acordo de Coopera\u00e7\u00e3o T\u00e9cnica firmado entre a Prefeitura de Cama\u00e7ari [&hellip;]\" \/>\n<meta property=\"og:url\" content=\"https:\/\/compartilhabahia.com.br\/index.php\/2025\/10\/20\/implantacao-do-programa-bahia-pela-paz-em-camacari-e-uma-politica-do-governo\/\" \/>\n<meta property=\"og:site_name\" content=\"Compartilha Bahia\" \/>\n<meta property=\"article:publisher\" content=\"https:\/\/web.facebook.com\/compartilhabahia\" \/>\n<meta property=\"article:published_time\" content=\"2025-10-20T17:54:18+00:00\" \/>\n<meta property=\"article:modified_time\" content=\"2025-10-21T03:08:15+00:00\" \/>\n<meta property=\"og:image\" content=\"https:\/\/compartilhabahia.com.br\/wp-content\/uploads\/2025\/10\/brancagoverno.jpg\" \/>\n\t<meta property=\"og:image:width\" content=\"1120\" \/>\n\t<meta property=\"og:image:height\" content=\"747\" \/>\n\t<meta property=\"og:image:type\" content=\"image\/jpeg\" \/>\n<meta name=\"author\" content=\"admin\" \/>\n<meta name=\"twitter:card\" content=\"summary_large_image\" \/>\n<meta name=\"twitter:label1\" content=\"Escrito por\" \/>\n\t<meta name=\"twitter:data1\" content=\"admin\" \/>\n\t<meta name=\"twitter:label2\" content=\"Est. tempo de leitura\" \/>\n\t<meta name=\"twitter:data2\" content=\"4 minutos\" \/>\n<script type=\"application\/ld+json\" class=\"yoast-schema-graph\">{\"@context\":\"https:\/\/schema.org\",\"@graph\":[{\"@type\":\"Article\",\"@id\":\"https:\/\/compartilhabahia.com.br\/index.php\/2025\/10\/20\/implantacao-do-programa-bahia-pela-paz-em-camacari-e-uma-politica-do-governo\/#article\",\"isPartOf\":{\"@id\":\"https:\/\/compartilhabahia.com.br\/index.php\/2025\/10\/20\/implantacao-do-programa-bahia-pela-paz-em-camacari-e-uma-politica-do-governo\/\"},\"author\":{\"name\":\"admin\",\"@id\":\"https:\/\/compartilhabahia.com.br\/#\/schema\/person\/9b4f0c3178793b8248d6686732521c04\"},\"headline\":\"Implanta\u00e7\u00e3o do Programa Bahia pela Paz em Cama\u00e7ari \u00e9 uma pol\u00edtica priorit\u00e1ria do governo\",\"datePublished\":\"2025-10-20T17:54:18+00:00\",\"dateModified\":\"2025-10-21T03:08:15+00:00\",\"mainEntityOfPage\":{\"@id\":\"https:\/\/compartilhabahia.com.br\/index.php\/2025\/10\/20\/implantacao-do-programa-bahia-pela-paz-em-camacari-e-uma-politica-do-governo\/\"},\"wordCount\":761,\"commentCount\":0,\"publisher\":{\"@id\":\"https:\/\/compartilhabahia.com.br\/#organization\"},\"articleSection\":[\"Cama\u00e7ari\"],\"inLanguage\":\"pt-BR\",\"potentialAction\":[{\"@type\":\"CommentAction\",\"name\":\"Comment\",\"target\":[\"https:\/\/compartilhabahia.com.br\/index.php\/2025\/10\/20\/implantacao-do-programa-bahia-pela-paz-em-camacari-e-uma-politica-do-governo\/#respond\"]}]},{\"@type\":\"WebPage\",\"@id\":\"https:\/\/compartilhabahia.com.br\/index.php\/2025\/10\/20\/implantacao-do-programa-bahia-pela-paz-em-camacari-e-uma-politica-do-governo\/\",\"url\":\"https:\/\/compartilhabahia.com.br\/index.php\/2025\/10\/20\/implantacao-do-programa-bahia-pela-paz-em-camacari-e-uma-politica-do-governo\/\",\"name\":\"Implanta\u00e7\u00e3o do Programa Bahia pela Paz em Cama\u00e7ari \u00e9 uma pol\u00edtica priorit\u00e1ria do governo - Compartilha Bahia\",\"isPartOf\":{\"@id\":\"https:\/\/compartilhabahia.com.br\/#website\"},\"datePublished\":\"2025-10-20T17:54:18+00:00\",\"dateModified\":\"2025-10-21T03:08:15+00:00\",\"breadcrumb\":{\"@id\":\"https:\/\/compartilhabahia.com.br\/index.php\/2025\/10\/20\/implantacao-do-programa-bahia-pela-paz-em-camacari-e-uma-politica-do-governo\/#breadcrumb\"},\"inLanguage\":\"pt-BR\",\"potentialAction\":[{\"@type\":\"ReadAction\",\"target\":[\"https:\/\/compartilhabahia.com.br\/index.php\/2025\/10\/20\/implantacao-do-programa-bahia-pela-paz-em-camacari-e-uma-politica-do-governo\/\"]}]},{\"@type\":\"BreadcrumbList\",\"@id\":\"https:\/\/compartilhabahia.com.br\/index.php\/2025\/10\/20\/implantacao-do-programa-bahia-pela-paz-em-camacari-e-uma-politica-do-governo\/#breadcrumb\",\"itemListElement\":[{\"@type\":\"ListItem\",\"position\":1,\"name\":\"In\u00edcio\",\"item\":\"https:\/\/compartilhabahia.com.br\/\"},{\"@type\":\"ListItem\",\"position\":2,\"name\":\"Implanta\u00e7\u00e3o do Programa Bahia pela Paz em Cama\u00e7ari \u00e9 uma pol\u00edtica priorit\u00e1ria do governo\"}]},{\"@type\":\"WebSite\",\"@id\":\"https:\/\/compartilhabahia.com.br\/#website\",\"url\":\"https:\/\/compartilhabahia.com.br\/\",\"name\":\"Compartilha Bahia\",\"description\":\"\",\"publisher\":{\"@id\":\"https:\/\/compartilhabahia.com.br\/#organization\"},\"potentialAction\":[{\"@type\":\"SearchAction\",\"target\":{\"@type\":\"EntryPoint\",\"urlTemplate\":\"https:\/\/compartilhabahia.com.br\/?s={search_term_string}\"},\"query-input\":\"required name=search_term_string\"}],\"inLanguage\":\"pt-BR\"},{\"@type\":\"Organization\",\"@id\":\"https:\/\/compartilhabahia.com.br\/#organization\",\"name\":\"Compartilha Bahia\",\"url\":\"https:\/\/compartilhabahia.com.br\/\",\"logo\":{\"@type\":\"ImageObject\",\"inLanguage\":\"pt-BR\",\"@id\":\"https:\/\/compartilhabahia.com.br\/#\/schema\/logo\/image\/\",\"url\":\"https:\/\/compartilhabahia.com.br\/wp-content\/uploads\/2023\/12\/cropped-logo.png\",\"contentUrl\":\"https:\/\/compartilhabahia.com.br\/wp-content\/uploads\/2023\/12\/cropped-logo.png\",\"width\":300,\"height\":106,\"caption\":\"Compartilha Bahia\"},\"image\":{\"@id\":\"https:\/\/compartilhabahia.com.br\/#\/schema\/logo\/image\/\"},\"sameAs\":[\"https:\/\/web.facebook.com\/compartilhabahia\",\"https:\/\/www.instagram.com\/compartilhabahia\/\"]},{\"@type\":\"Person\",\"@id\":\"https:\/\/compartilhabahia.com.br\/#\/schema\/person\/9b4f0c3178793b8248d6686732521c04\",\"name\":\"admin\",\"image\":{\"@type\":\"ImageObject\",\"inLanguage\":\"pt-BR\",\"@id\":\"https:\/\/compartilhabahia.com.br\/#\/schema\/person\/image\/\",\"url\":\"https:\/\/secure.gravatar.com\/avatar\/9600df58751c5acbe914c538c03390ef649ea088cb65f84ba09c7ce66988eed6?s=96&d=mm&r=g\",\"contentUrl\":\"https:\/\/secure.gravatar.com\/avatar\/9600df58751c5acbe914c538c03390ef649ea088cb65f84ba09c7ce66988eed6?s=96&d=mm&r=g\",\"caption\":\"admin\"},\"sameAs\":[\"https:\/\/compartilhabahia.com.br\"],\"url\":\"https:\/\/compartilhabahia.com.br\/index.php\/author\/compartilhabahia\/\"}]}<\/script>\n<!-- \/ Yoast SEO plugin. -->","yoast_head_json":{"title":"Implanta\u00e7\u00e3o do Programa Bahia pela Paz em Cama\u00e7ari \u00e9 uma pol\u00edtica priorit\u00e1ria do governo - Compartilha Bahia","robots":{"index":"index","follow":"follow","max-snippet":"max-snippet:-1","max-image-preview":"max-image-preview:large","max-video-preview":"max-video-preview:-1"},"canonical":"https:\/\/compartilhabahia.com.br\/index.php\/2025\/10\/20\/implantacao-do-programa-bahia-pela-paz-em-camacari-e-uma-politica-do-governo\/","og_locale":"pt_BR","og_type":"article","og_title":"Implanta\u00e7\u00e3o do Programa Bahia pela Paz em Cama\u00e7ari \u00e9 uma pol\u00edtica priorit\u00e1ria do governo - Compartilha Bahia","og_description":"A primeira oficina t\u00e9cnica para implanta\u00e7\u00e3o do Programa Bahia pela Paz em Cama\u00e7ari foi realizada nesta quinta-feira (16), no Horto Florestal. Membros dos governos municipal e estadual marcaram presen\u00e7a na atividade, que d\u00e1 a largada para a elabora\u00e7\u00e3o intersetorial do plano de a\u00e7\u00f5es contidas no Acordo de Coopera\u00e7\u00e3o T\u00e9cnica firmado entre a Prefeitura de Cama\u00e7ari [&hellip;]","og_url":"https:\/\/compartilhabahia.com.br\/index.php\/2025\/10\/20\/implantacao-do-programa-bahia-pela-paz-em-camacari-e-uma-politica-do-governo\/","og_site_name":"Compartilha Bahia","article_publisher":"https:\/\/web.facebook.com\/compartilhabahia","article_published_time":"2025-10-20T17:54:18+00:00","article_modified_time":"2025-10-21T03:08:15+00:00","og_image":[{"width":1120,"height":747,"url":"https:\/\/compartilhabahia.com.br\/wp-content\/uploads\/2025\/10\/brancagoverno.jpg","type":"image\/jpeg"}],"author":"admin","twitter_card":"summary_large_image","twitter_misc":{"Escrito por":"admin","Est. tempo de leitura":"4 minutos"},"schema":{"@context":"https:\/\/schema.org","@graph":[{"@type":"Article","@id":"https:\/\/compartilhabahia.com.br\/index.php\/2025\/10\/20\/implantacao-do-programa-bahia-pela-paz-em-camacari-e-uma-politica-do-governo\/#article","isPartOf":{"@id":"https:\/\/compartilhabahia.com.br\/index.php\/2025\/10\/20\/implantacao-do-programa-bahia-pela-paz-em-camacari-e-uma-politica-do-governo\/"},"author":{"name":"admin","@id":"https:\/\/compartilhabahia.com.br\/#\/schema\/person\/9b4f0c3178793b8248d6686732521c04"},"headline":"Implanta\u00e7\u00e3o do Programa Bahia pela Paz em Cama\u00e7ari \u00e9 uma pol\u00edtica priorit\u00e1ria do governo","datePublished":"2025-10-20T17:54:18+00:00","dateModified":"2025-10-21T03:08:15+00:00","mainEntityOfPage":{"@id":"https:\/\/compartilhabahia.com.br\/index.php\/2025\/10\/20\/implantacao-do-programa-bahia-pela-paz-em-camacari-e-uma-politica-do-governo\/"},"wordCount":761,"commentCount":0,"publisher":{"@id":"https:\/\/compartilhabahia.com.br\/#organization"},"articleSection":["Cama\u00e7ari"],"inLanguage":"pt-BR","potentialAction":[{"@type":"CommentAction","name":"Comment","target":["https:\/\/compartilhabahia.com.br\/index.php\/2025\/10\/20\/implantacao-do-programa-bahia-pela-paz-em-camacari-e-uma-politica-do-governo\/#respond"]}]},{"@type":"WebPage","@id":"https:\/\/compartilhabahia.com.br\/index.php\/2025\/10\/20\/implantacao-do-programa-bahia-pela-paz-em-camacari-e-uma-politica-do-governo\/","url":"https:\/\/compartilhabahia.com.br\/index.php\/2025\/10\/20\/implantacao-do-programa-bahia-pela-paz-em-camacari-e-uma-politica-do-governo\/","name":"Implanta\u00e7\u00e3o do Programa Bahia pela Paz em Cama\u00e7ari \u00e9 uma pol\u00edtica priorit\u00e1ria do governo - Compartilha Bahia","isPartOf":{"@id":"https:\/\/compartilhabahia.com.br\/#website"},"datePublished":"2025-10-20T17:54:18+00:00","dateModified":"2025-10-21T03:08:15+00:00","breadcrumb":{"@id":"https:\/\/compartilhabahia.com.br\/index.php\/2025\/10\/20\/implantacao-do-programa-bahia-pela-paz-em-camacari-e-uma-politica-do-governo\/#breadcrumb"},"inLanguage":"pt-BR","potentialAction":[{"@type":"ReadAction","target":["https:\/\/compartilhabahia.com.br\/index.php\/2025\/10\/20\/implantacao-do-programa-bahia-pela-paz-em-camacari-e-uma-politica-do-governo\/"]}]},{"@type":"BreadcrumbList","@id":"https:\/\/compartilhabahia.com.br\/index.php\/2025\/10\/20\/implantacao-do-programa-bahia-pela-paz-em-camacari-e-uma-politica-do-governo\/#breadcrumb","itemListElement":[{"@type":"ListItem","position":1,"name":"In\u00edcio","item":"https:\/\/compartilhabahia.com.br\/"},{"@type":"ListItem","position":2,"name":"Implanta\u00e7\u00e3o do Programa Bahia pela Paz em Cama\u00e7ari \u00e9 uma pol\u00edtica priorit\u00e1ria do governo"}]},{"@type":"WebSite","@id":"https:\/\/compartilhabahia.com.br\/#website","url":"https:\/\/compartilhabahia.com.br\/","name":"Compartilha Bahia","description":"","publisher":{"@id":"https:\/\/compartilhabahia.com.br\/#organization"},"potentialAction":[{"@type":"SearchAction","target":{"@type":"EntryPoint","urlTemplate":"https:\/\/compartilhabahia.com.br\/?s={search_term_string}"},"query-input":"required name=search_term_string"}],"inLanguage":"pt-BR"},{"@type":"Organization","@id":"https:\/\/compartilhabahia.com.br\/#organization","name":"Compartilha Bahia","url":"https:\/\/compartilhabahia.com.br\/","logo":{"@type":"ImageObject","inLanguage":"pt-BR","@id":"https:\/\/compartilhabahia.com.br\/#\/schema\/logo\/image\/","url":"https:\/\/compartilhabahia.com.br\/wp-content\/uploads\/2023\/12\/cropped-logo.png","contentUrl":"https:\/\/compartilhabahia.com.br\/wp-content\/uploads\/2023\/12\/cropped-logo.png","width":300,"height":106,"caption":"Compartilha Bahia"},"image":{"@id":"https:\/\/compartilhabahia.com.br\/#\/schema\/logo\/image\/"},"sameAs":["https:\/\/web.facebook.com\/compartilhabahia","https:\/\/www.instagram.com\/compartilhabahia\/"]},{"@type":"Person","@id":"https:\/\/compartilhabahia.com.br\/#\/schema\/person\/9b4f0c3178793b8248d6686732521c04","name":"admin","image":{"@type":"ImageObject","inLanguage":"pt-BR","@id":"https:\/\/compartilhabahia.com.br\/#\/schema\/person\/image\/","url":"https:\/\/secure.gravatar.com\/avatar\/9600df58751c5acbe914c538c03390ef649ea088cb65f84ba09c7ce66988eed6?s=96&d=mm&r=g","contentUrl":"https:\/\/secure.gravatar.com\/avatar\/9600df58751c5acbe914c538c03390ef649ea088cb65f84ba09c7ce66988eed6?s=96&d=mm&r=g","caption":"admin"},"sameAs":["https:\/\/compartilhabahia.com.br"],"url":"https:\/\/compartilhabahia.com.br\/index.php\/author\/compartilhabahia\/"}]}},"_links":{"self":[{"href":"https:\/\/compartilhabahia.com.br\/index.php\/wp-json\/wp\/v2\/posts\/8187","targetHints":{"allow":["GET"]}}],"collection":[{"href":"https:\/\/compartilhabahia.com.br\/index.php\/wp-json\/wp\/v2\/posts"}],"about":[{"href":"https:\/\/compartilhabahia.com.br\/index.php\/wp-json\/wp\/v2\/types\/post"}],"author":[{"embeddable":true,"href":"https:\/\/compartilhabahia.com.br\/index.php\/wp-json\/wp\/v2\/users\/1"}],"replies":[{"embeddable":true,"href":"https:\/\/compartilhabahia.com.br\/index.php\/wp-json\/wp\/v2\/comments?post=8187"}],"version-history":[{"count":2,"href":"https:\/\/compartilhabahia.com.br\/index.php\/wp-json\/wp\/v2\/posts\/8187\/revisions"}],"predecessor-version":[{"id":8190,"href":"https:\/\/compartilhabahia.com.br\/index.php\/wp-json\/wp\/v2\/posts\/8187\/revisions\/8190"}],"wp:featuredmedia":[{"embeddable":true,"href":"https:\/\/compartilhabahia.com.br\/index.php\/wp-json\/wp\/v2\/media\/8188"}],"wp:attachment":[{"href":"https:\/\/compartilhabahia.com.br\/index.php\/wp-json\/wp\/v2\/media?parent=8187"}],"wp:term":[{"taxonomy":"category","embeddable":true,"href":"https:\/\/compartilhabahia.com.br\/index.php\/wp-json\/wp\/v2\/categories?post=8187"},{"taxonomy":"post_tag","embeddable":true,"href":"https:\/\/compartilhabahia.com.br\/index.php\/wp-json\/wp\/v2\/tags?post=8187"}],"curies":[{"name":"wp","href":"https:\/\/api.w.org\/{rel}","templated":true}]}}