{"id":8180,"date":"2025-10-16T00:02:32","date_gmt":"2025-10-16T03:02:32","guid":{"rendered":"https:\/\/compartilhabahia.com.br\/?p=8180"},"modified":"2025-10-16T00:03:13","modified_gmt":"2025-10-16T03:03:13","slug":"com-dedicacao-professores-de-camacari-fazem-a-diferenca-na-vida-de-criancas-jovens-e-adultos","status":"publish","type":"post","link":"https:\/\/compartilhabahia.com.br\/index.php\/2025\/10\/16\/com-dedicacao-professores-de-camacari-fazem-a-diferenca-na-vida-de-criancas-jovens-e-adultos\/","title":{"rendered":"Com dedica\u00e7\u00e3o, professores de Cama\u00e7ari fazem a diferen\u00e7a na vida de crian\u00e7as, jovens e adultos"},"content":{"rendered":"\n<p>Em cada sala de aula das mais de 100 escolas da rede p\u00fablica municipal de Cama\u00e7ari pulsa uma centelha de esperan\u00e7a, alimentada pelo brilho no olhar de quem ensina e de quem aprende, unidos por um la\u00e7o silencioso, mas extremamente poderoso: o da educa\u00e7\u00e3o que transforma. Nesta quarta-feira, 15 de outubro, Dia do Professor, a celebra\u00e7\u00e3o carrega a garra, o empenho e o compromisso de profissionais que moldam o futuro, desde a inf\u00e2ncia at\u00e9 a vida adulta, escrevendo novas hist\u00f3rias a cada dia.<\/p>\n\n\n\n<p>Aluna da Escola Experimental Professora Marina Tavares Cardoso, Ana Clara dos Santos, 8 anos, j\u00e1 demonstra, mesmo t\u00e3o jovem, a import\u00e2ncia que d\u00e1 ao trabalho dos educadores. \u201cGosto de ir para a escola para ver meus amigos, estudar, mas tamb\u00e9m porque minhas professoras s\u00e3o muito legais e ensinam com carinho\u201d, revela. Moradora do bairro Phoc II e estudante do 2\u00ba ano do ensino fundamental, a pequena faz parte do grupo de mais de 34 mil crian\u00e7as matriculadas na rede municipal.<\/p>\n\n\n\n<p>No cerne da forma\u00e7\u00e3o est\u00e1 a alfabetiza\u00e7\u00e3o. Vera Alves Sacramento, 50 anos, professora do ensino fundamental I na Escola Maria Tavares Cardoso, fala com paix\u00e3o sobre a miss\u00e3o de ensinar. \u201cEstou como professora na cidade h\u00e1 15 anos e cada dia tudo se renova. Ser professora \u00e9 acender luzes. Quando uma crian\u00e7a aprende a ler, a escrever e, sobretudo, a entender o que foi lido e escrito, ela ganha voz. A alfabetiza\u00e7\u00e3o \u00e9 o alicerce de tudo, e \u00e9 por isso que acredito na profiss\u00e3o, porque acredito no poder de mudar destinos&#8221;, endossa.<\/p>\n\n\n\n<p>Este ano, Cama\u00e7ari avan\u00e7ou no ensino em tempo integral, com mais de 4.900 estudantes matriculados \u2014 quantitativo que representa um crescimento superior a mil alunos em apenas um ano. Esse dado reafirma o compromisso do munic\u00edpio em construir uma educa\u00e7\u00e3o mais completa e inclusiva.<\/p>\n\n\n\n<p>A miss\u00e3o de educar tamb\u00e9m se renova na energia do movimento. Professor de Educa\u00e7\u00e3o F\u00edsica h\u00e1 20 anos em Cama\u00e7ari, Iv\u00e3 Carlos de Pinho acredita que a aprendizagem vai al\u00e9m dos livros. Mestre em Educa\u00e7\u00e3o pela Universidade do Estado da Bahia (UNEB) e atuando na Escola Municipal Alberto Ferreira Brand\u00e3o, ele v\u00ea o esporte como um caminho para o desenvolvimento integral. \u201cEducar o corpo \u00e9 tamb\u00e9m educar a mente. A disciplina, o trabalho em equipe e o respeito nascem na quadra e florescem na vida&#8221;, afirma.<\/p>\n\n\n\n<p>Dentre esses milhares de estudantes, h\u00e1 tamb\u00e9m quem esteja recome\u00e7ando. A aposentada e moradora do Parque Verde III, Maura Santos, 66 anos, decidiu voltar \u00e0 sala de aula em abril deste ano, ingressando no programa da Educa\u00e7\u00e3o de Jovens e Adultos (EJA), na Escola Municipal An\u00edsio Teixeira. \u201cVoltar a estudar foi uma b\u00ean\u00e7\u00e3o. Estou mais animada, minha cabe\u00e7a est\u00e1 melhor. A escola me fez sentir viva de novo\u201d, pontua emocionada. A hist\u00f3ria de Maura \u00e9 um retrato da educa\u00e7\u00e3o como ferramenta de sa\u00fade, autonomia e autoestima em todas as fases da vida.<\/p>\n\n\n\n<p>O compromisso dos educadores \u00e9 parte fundamental desse processo. Professora h\u00e1 cerca de 30 anos no munic\u00edpio, Yara da Paix\u00e3o Ferreira, atualmente \u00e0 frente de algumas turmas do EJA na Escola Municipal An\u00edsio Teixeira, enfatiza o valor da experi\u00eancia. \u201cO EJA \u00e9 um espa\u00e7o de dignidade. Cada aluno que volta a estudar carrega consigo uma hist\u00f3ria de luta, e n\u00f3s, professores, temos o privil\u00e9gio de ajudar a reescrev\u00ea-la com conhecimento e afeto&#8221;, conta.<\/p>\n\n\n\n<p>O EJA \u00e9 essencial para reduzir desigualdades, permitindo que jovens e adultos retomem os estudos e garantam seu direito \u00e0 educa\u00e7\u00e3o. Al\u00e9m disso, promove inclus\u00e3o social e profissional, aumentando a empregabilidade, a participa\u00e7\u00e3o cidad\u00e3 e a autoestima dos alunos que concluem a educa\u00e7\u00e3o b\u00e1sica.<\/p>\n\n\n\n<p>Neste Dia do Professor, Cama\u00e7ari agradece aos seus educadores pela paci\u00eancia, pela coragem e por acreditarem, todos os dias, que ensinar \u00e9 um ato de amor e resist\u00eancia \u2014 gestos, muitas vezes silenciosos, mas que ecoam por gera\u00e7\u00f5es como sementes que, ao encontrarem solo f\u00e9rtil, florescem em futuro.<\/p>\n\n\n\n<p>Foto: Rafael Kuster<\/p>\n","protected":false},"excerpt":{"rendered":"<p>Em cada sala de aula das mais de 100 escolas da rede p\u00fablica municipal de Cama\u00e7ari pulsa uma centelha de esperan\u00e7a, alimentada pelo brilho no olhar de quem ensina e de quem aprende, unidos por um la\u00e7o silencioso, mas extremamente poderoso: o da educa\u00e7\u00e3o que transforma. Nesta quarta-feira, 15 de outubro, Dia do Professor, a [&hellip;]<\/p>\n","protected":false},"author":1,"featured_media":8181,"comment_status":"open","ping_status":"open","sticky":false,"template":"","format":"standard","meta":{"footnotes":""},"categories":[8],"tags":[],"class_list":["post-8180","post","type-post","status-publish","format-standard","has-post-thumbnail","hentry","category-camacari"],"yoast_head":"<!-- This site is optimized with the Yoast SEO plugin v21.7 - https:\/\/yoast.com\/wordpress\/plugins\/seo\/ -->\n<title>Com dedica\u00e7\u00e3o, professores de Cama\u00e7ari fazem a diferen\u00e7a na vida de crian\u00e7as, jovens e adultos - Compartilha Bahia<\/title>\n<meta name=\"robots\" content=\"index, follow, max-snippet:-1, max-image-preview:large, max-video-preview:-1\" \/>\n<link rel=\"canonical\" href=\"https:\/\/compartilhabahia.com.br\/index.php\/2025\/10\/16\/com-dedicacao-professores-de-camacari-fazem-a-diferenca-na-vida-de-criancas-jovens-e-adultos\/\" \/>\n<meta property=\"og:locale\" content=\"pt_BR\" \/>\n<meta property=\"og:type\" content=\"article\" \/>\n<meta property=\"og:title\" content=\"Com dedica\u00e7\u00e3o, professores de Cama\u00e7ari fazem a diferen\u00e7a na vida de crian\u00e7as, jovens e adultos - Compartilha Bahia\" \/>\n<meta property=\"og:description\" content=\"Em cada sala de aula das mais de 100 escolas da rede p\u00fablica municipal de Cama\u00e7ari pulsa uma centelha de esperan\u00e7a, alimentada pelo brilho no olhar de quem ensina e de quem aprende, unidos por um la\u00e7o silencioso, mas extremamente poderoso: o da educa\u00e7\u00e3o que transforma. Nesta quarta-feira, 15 de outubro, Dia do Professor, a [&hellip;]\" \/>\n<meta property=\"og:url\" content=\"https:\/\/compartilhabahia.com.br\/index.php\/2025\/10\/16\/com-dedicacao-professores-de-camacari-fazem-a-diferenca-na-vida-de-criancas-jovens-e-adultos\/\" \/>\n<meta property=\"og:site_name\" content=\"Compartilha Bahia\" \/>\n<meta property=\"article:publisher\" content=\"https:\/\/web.facebook.com\/compartilhabahia\" \/>\n<meta property=\"article:published_time\" content=\"2025-10-16T03:02:32+00:00\" \/>\n<meta property=\"article:modified_time\" content=\"2025-10-16T03:03:13+00:00\" \/>\n<meta property=\"og:image\" content=\"https:\/\/compartilhabahia.com.br\/wp-content\/uploads\/2025\/10\/Seduc-Dia-dos-Professores-materia-especial-foto-Rafael-Kuster.jpeg\" \/>\n\t<meta property=\"og:image:width\" content=\"1280\" \/>\n\t<meta property=\"og:image:height\" content=\"854\" \/>\n\t<meta property=\"og:image:type\" content=\"image\/jpeg\" \/>\n<meta name=\"author\" content=\"admin\" \/>\n<meta name=\"twitter:card\" content=\"summary_large_image\" \/>\n<meta name=\"twitter:label1\" content=\"Escrito por\" \/>\n\t<meta name=\"twitter:data1\" content=\"admin\" \/>\n\t<meta name=\"twitter:label2\" content=\"Est. tempo de leitura\" \/>\n\t<meta name=\"twitter:data2\" content=\"4 minutos\" \/>\n<script type=\"application\/ld+json\" class=\"yoast-schema-graph\">{\"@context\":\"https:\/\/schema.org\",\"@graph\":[{\"@type\":\"Article\",\"@id\":\"https:\/\/compartilhabahia.com.br\/index.php\/2025\/10\/16\/com-dedicacao-professores-de-camacari-fazem-a-diferenca-na-vida-de-criancas-jovens-e-adultos\/#article\",\"isPartOf\":{\"@id\":\"https:\/\/compartilhabahia.com.br\/index.php\/2025\/10\/16\/com-dedicacao-professores-de-camacari-fazem-a-diferenca-na-vida-de-criancas-jovens-e-adultos\/\"},\"author\":{\"name\":\"admin\",\"@id\":\"https:\/\/compartilhabahia.com.br\/#\/schema\/person\/9b4f0c3178793b8248d6686732521c04\"},\"headline\":\"Com dedica\u00e7\u00e3o, professores de Cama\u00e7ari fazem a diferen\u00e7a na vida de crian\u00e7as, jovens e adultos\",\"datePublished\":\"2025-10-16T03:02:32+00:00\",\"dateModified\":\"2025-10-16T03:03:13+00:00\",\"mainEntityOfPage\":{\"@id\":\"https:\/\/compartilhabahia.com.br\/index.php\/2025\/10\/16\/com-dedicacao-professores-de-camacari-fazem-a-diferenca-na-vida-de-criancas-jovens-e-adultos\/\"},\"wordCount\":703,\"commentCount\":0,\"publisher\":{\"@id\":\"https:\/\/compartilhabahia.com.br\/#organization\"},\"articleSection\":[\"Cama\u00e7ari\"],\"inLanguage\":\"pt-BR\",\"potentialAction\":[{\"@type\":\"CommentAction\",\"name\":\"Comment\",\"target\":[\"https:\/\/compartilhabahia.com.br\/index.php\/2025\/10\/16\/com-dedicacao-professores-de-camacari-fazem-a-diferenca-na-vida-de-criancas-jovens-e-adultos\/#respond\"]}]},{\"@type\":\"WebPage\",\"@id\":\"https:\/\/compartilhabahia.com.br\/index.php\/2025\/10\/16\/com-dedicacao-professores-de-camacari-fazem-a-diferenca-na-vida-de-criancas-jovens-e-adultos\/\",\"url\":\"https:\/\/compartilhabahia.com.br\/index.php\/2025\/10\/16\/com-dedicacao-professores-de-camacari-fazem-a-diferenca-na-vida-de-criancas-jovens-e-adultos\/\",\"name\":\"Com dedica\u00e7\u00e3o, professores de Cama\u00e7ari fazem a diferen\u00e7a na vida de crian\u00e7as, jovens e adultos - Compartilha Bahia\",\"isPartOf\":{\"@id\":\"https:\/\/compartilhabahia.com.br\/#website\"},\"datePublished\":\"2025-10-16T03:02:32+00:00\",\"dateModified\":\"2025-10-16T03:03:13+00:00\",\"breadcrumb\":{\"@id\":\"https:\/\/compartilhabahia.com.br\/index.php\/2025\/10\/16\/com-dedicacao-professores-de-camacari-fazem-a-diferenca-na-vida-de-criancas-jovens-e-adultos\/#breadcrumb\"},\"inLanguage\":\"pt-BR\",\"potentialAction\":[{\"@type\":\"ReadAction\",\"target\":[\"https:\/\/compartilhabahia.com.br\/index.php\/2025\/10\/16\/com-dedicacao-professores-de-camacari-fazem-a-diferenca-na-vida-de-criancas-jovens-e-adultos\/\"]}]},{\"@type\":\"BreadcrumbList\",\"@id\":\"https:\/\/compartilhabahia.com.br\/index.php\/2025\/10\/16\/com-dedicacao-professores-de-camacari-fazem-a-diferenca-na-vida-de-criancas-jovens-e-adultos\/#breadcrumb\",\"itemListElement\":[{\"@type\":\"ListItem\",\"position\":1,\"name\":\"In\u00edcio\",\"item\":\"https:\/\/compartilhabahia.com.br\/\"},{\"@type\":\"ListItem\",\"position\":2,\"name\":\"Com dedica\u00e7\u00e3o, professores de Cama\u00e7ari fazem a diferen\u00e7a na vida de crian\u00e7as, jovens e adultos\"}]},{\"@type\":\"WebSite\",\"@id\":\"https:\/\/compartilhabahia.com.br\/#website\",\"url\":\"https:\/\/compartilhabahia.com.br\/\",\"name\":\"Compartilha Bahia\",\"description\":\"\",\"publisher\":{\"@id\":\"https:\/\/compartilhabahia.com.br\/#organization\"},\"potentialAction\":[{\"@type\":\"SearchAction\",\"target\":{\"@type\":\"EntryPoint\",\"urlTemplate\":\"https:\/\/compartilhabahia.com.br\/?s={search_term_string}\"},\"query-input\":\"required name=search_term_string\"}],\"inLanguage\":\"pt-BR\"},{\"@type\":\"Organization\",\"@id\":\"https:\/\/compartilhabahia.com.br\/#organization\",\"name\":\"Compartilha Bahia\",\"url\":\"https:\/\/compartilhabahia.com.br\/\",\"logo\":{\"@type\":\"ImageObject\",\"inLanguage\":\"pt-BR\",\"@id\":\"https:\/\/compartilhabahia.com.br\/#\/schema\/logo\/image\/\",\"url\":\"https:\/\/compartilhabahia.com.br\/wp-content\/uploads\/2023\/12\/cropped-logo.png\",\"contentUrl\":\"https:\/\/compartilhabahia.com.br\/wp-content\/uploads\/2023\/12\/cropped-logo.png\",\"width\":300,\"height\":106,\"caption\":\"Compartilha Bahia\"},\"image\":{\"@id\":\"https:\/\/compartilhabahia.com.br\/#\/schema\/logo\/image\/\"},\"sameAs\":[\"https:\/\/web.facebook.com\/compartilhabahia\",\"https:\/\/www.instagram.com\/compartilhabahia\/\"]},{\"@type\":\"Person\",\"@id\":\"https:\/\/compartilhabahia.com.br\/#\/schema\/person\/9b4f0c3178793b8248d6686732521c04\",\"name\":\"admin\",\"image\":{\"@type\":\"ImageObject\",\"inLanguage\":\"pt-BR\",\"@id\":\"https:\/\/compartilhabahia.com.br\/#\/schema\/person\/image\/\",\"url\":\"https:\/\/secure.gravatar.com\/avatar\/9600df58751c5acbe914c538c03390ef649ea088cb65f84ba09c7ce66988eed6?s=96&d=mm&r=g\",\"contentUrl\":\"https:\/\/secure.gravatar.com\/avatar\/9600df58751c5acbe914c538c03390ef649ea088cb65f84ba09c7ce66988eed6?s=96&d=mm&r=g\",\"caption\":\"admin\"},\"sameAs\":[\"https:\/\/compartilhabahia.com.br\"],\"url\":\"https:\/\/compartilhabahia.com.br\/index.php\/author\/compartilhabahia\/\"}]}<\/script>\n<!-- \/ Yoast SEO plugin. -->","yoast_head_json":{"title":"Com dedica\u00e7\u00e3o, professores de Cama\u00e7ari fazem a diferen\u00e7a na vida de crian\u00e7as, jovens e adultos - Compartilha Bahia","robots":{"index":"index","follow":"follow","max-snippet":"max-snippet:-1","max-image-preview":"max-image-preview:large","max-video-preview":"max-video-preview:-1"},"canonical":"https:\/\/compartilhabahia.com.br\/index.php\/2025\/10\/16\/com-dedicacao-professores-de-camacari-fazem-a-diferenca-na-vida-de-criancas-jovens-e-adultos\/","og_locale":"pt_BR","og_type":"article","og_title":"Com dedica\u00e7\u00e3o, professores de Cama\u00e7ari fazem a diferen\u00e7a na vida de crian\u00e7as, jovens e adultos - Compartilha Bahia","og_description":"Em cada sala de aula das mais de 100 escolas da rede p\u00fablica municipal de Cama\u00e7ari pulsa uma centelha de esperan\u00e7a, alimentada pelo brilho no olhar de quem ensina e de quem aprende, unidos por um la\u00e7o silencioso, mas extremamente poderoso: o da educa\u00e7\u00e3o que transforma. Nesta quarta-feira, 15 de outubro, Dia do Professor, a [&hellip;]","og_url":"https:\/\/compartilhabahia.com.br\/index.php\/2025\/10\/16\/com-dedicacao-professores-de-camacari-fazem-a-diferenca-na-vida-de-criancas-jovens-e-adultos\/","og_site_name":"Compartilha Bahia","article_publisher":"https:\/\/web.facebook.com\/compartilhabahia","article_published_time":"2025-10-16T03:02:32+00:00","article_modified_time":"2025-10-16T03:03:13+00:00","og_image":[{"width":1280,"height":854,"url":"https:\/\/compartilhabahia.com.br\/wp-content\/uploads\/2025\/10\/Seduc-Dia-dos-Professores-materia-especial-foto-Rafael-Kuster.jpeg","type":"image\/jpeg"}],"author":"admin","twitter_card":"summary_large_image","twitter_misc":{"Escrito por":"admin","Est. tempo de leitura":"4 minutos"},"schema":{"@context":"https:\/\/schema.org","@graph":[{"@type":"Article","@id":"https:\/\/compartilhabahia.com.br\/index.php\/2025\/10\/16\/com-dedicacao-professores-de-camacari-fazem-a-diferenca-na-vida-de-criancas-jovens-e-adultos\/#article","isPartOf":{"@id":"https:\/\/compartilhabahia.com.br\/index.php\/2025\/10\/16\/com-dedicacao-professores-de-camacari-fazem-a-diferenca-na-vida-de-criancas-jovens-e-adultos\/"},"author":{"name":"admin","@id":"https:\/\/compartilhabahia.com.br\/#\/schema\/person\/9b4f0c3178793b8248d6686732521c04"},"headline":"Com dedica\u00e7\u00e3o, professores de Cama\u00e7ari fazem a diferen\u00e7a na vida de crian\u00e7as, jovens e adultos","datePublished":"2025-10-16T03:02:32+00:00","dateModified":"2025-10-16T03:03:13+00:00","mainEntityOfPage":{"@id":"https:\/\/compartilhabahia.com.br\/index.php\/2025\/10\/16\/com-dedicacao-professores-de-camacari-fazem-a-diferenca-na-vida-de-criancas-jovens-e-adultos\/"},"wordCount":703,"commentCount":0,"publisher":{"@id":"https:\/\/compartilhabahia.com.br\/#organization"},"articleSection":["Cama\u00e7ari"],"inLanguage":"pt-BR","potentialAction":[{"@type":"CommentAction","name":"Comment","target":["https:\/\/compartilhabahia.com.br\/index.php\/2025\/10\/16\/com-dedicacao-professores-de-camacari-fazem-a-diferenca-na-vida-de-criancas-jovens-e-adultos\/#respond"]}]},{"@type":"WebPage","@id":"https:\/\/compartilhabahia.com.br\/index.php\/2025\/10\/16\/com-dedicacao-professores-de-camacari-fazem-a-diferenca-na-vida-de-criancas-jovens-e-adultos\/","url":"https:\/\/compartilhabahia.com.br\/index.php\/2025\/10\/16\/com-dedicacao-professores-de-camacari-fazem-a-diferenca-na-vida-de-criancas-jovens-e-adultos\/","name":"Com dedica\u00e7\u00e3o, professores de Cama\u00e7ari fazem a diferen\u00e7a na vida de crian\u00e7as, jovens e adultos - Compartilha Bahia","isPartOf":{"@id":"https:\/\/compartilhabahia.com.br\/#website"},"datePublished":"2025-10-16T03:02:32+00:00","dateModified":"2025-10-16T03:03:13+00:00","breadcrumb":{"@id":"https:\/\/compartilhabahia.com.br\/index.php\/2025\/10\/16\/com-dedicacao-professores-de-camacari-fazem-a-diferenca-na-vida-de-criancas-jovens-e-adultos\/#breadcrumb"},"inLanguage":"pt-BR","potentialAction":[{"@type":"ReadAction","target":["https:\/\/compartilhabahia.com.br\/index.php\/2025\/10\/16\/com-dedicacao-professores-de-camacari-fazem-a-diferenca-na-vida-de-criancas-jovens-e-adultos\/"]}]},{"@type":"BreadcrumbList","@id":"https:\/\/compartilhabahia.com.br\/index.php\/2025\/10\/16\/com-dedicacao-professores-de-camacari-fazem-a-diferenca-na-vida-de-criancas-jovens-e-adultos\/#breadcrumb","itemListElement":[{"@type":"ListItem","position":1,"name":"In\u00edcio","item":"https:\/\/compartilhabahia.com.br\/"},{"@type":"ListItem","position":2,"name":"Com dedica\u00e7\u00e3o, professores de Cama\u00e7ari fazem a diferen\u00e7a na vida de crian\u00e7as, jovens e adultos"}]},{"@type":"WebSite","@id":"https:\/\/compartilhabahia.com.br\/#website","url":"https:\/\/compartilhabahia.com.br\/","name":"Compartilha Bahia","description":"","publisher":{"@id":"https:\/\/compartilhabahia.com.br\/#organization"},"potentialAction":[{"@type":"SearchAction","target":{"@type":"EntryPoint","urlTemplate":"https:\/\/compartilhabahia.com.br\/?s={search_term_string}"},"query-input":"required name=search_term_string"}],"inLanguage":"pt-BR"},{"@type":"Organization","@id":"https:\/\/compartilhabahia.com.br\/#organization","name":"Compartilha Bahia","url":"https:\/\/compartilhabahia.com.br\/","logo":{"@type":"ImageObject","inLanguage":"pt-BR","@id":"https:\/\/compartilhabahia.com.br\/#\/schema\/logo\/image\/","url":"https:\/\/compartilhabahia.com.br\/wp-content\/uploads\/2023\/12\/cropped-logo.png","contentUrl":"https:\/\/compartilhabahia.com.br\/wp-content\/uploads\/2023\/12\/cropped-logo.png","width":300,"height":106,"caption":"Compartilha Bahia"},"image":{"@id":"https:\/\/compartilhabahia.com.br\/#\/schema\/logo\/image\/"},"sameAs":["https:\/\/web.facebook.com\/compartilhabahia","https:\/\/www.instagram.com\/compartilhabahia\/"]},{"@type":"Person","@id":"https:\/\/compartilhabahia.com.br\/#\/schema\/person\/9b4f0c3178793b8248d6686732521c04","name":"admin","image":{"@type":"ImageObject","inLanguage":"pt-BR","@id":"https:\/\/compartilhabahia.com.br\/#\/schema\/person\/image\/","url":"https:\/\/secure.gravatar.com\/avatar\/9600df58751c5acbe914c538c03390ef649ea088cb65f84ba09c7ce66988eed6?s=96&d=mm&r=g","contentUrl":"https:\/\/secure.gravatar.com\/avatar\/9600df58751c5acbe914c538c03390ef649ea088cb65f84ba09c7ce66988eed6?s=96&d=mm&r=g","caption":"admin"},"sameAs":["https:\/\/compartilhabahia.com.br"],"url":"https:\/\/compartilhabahia.com.br\/index.php\/author\/compartilhabahia\/"}]}},"_links":{"self":[{"href":"https:\/\/compartilhabahia.com.br\/index.php\/wp-json\/wp\/v2\/posts\/8180","targetHints":{"allow":["GET"]}}],"collection":[{"href":"https:\/\/compartilhabahia.com.br\/index.php\/wp-json\/wp\/v2\/posts"}],"about":[{"href":"https:\/\/compartilhabahia.com.br\/index.php\/wp-json\/wp\/v2\/types\/post"}],"author":[{"embeddable":true,"href":"https:\/\/compartilhabahia.com.br\/index.php\/wp-json\/wp\/v2\/users\/1"}],"replies":[{"embeddable":true,"href":"https:\/\/compartilhabahia.com.br\/index.php\/wp-json\/wp\/v2\/comments?post=8180"}],"version-history":[{"count":1,"href":"https:\/\/compartilhabahia.com.br\/index.php\/wp-json\/wp\/v2\/posts\/8180\/revisions"}],"predecessor-version":[{"id":8182,"href":"https:\/\/compartilhabahia.com.br\/index.php\/wp-json\/wp\/v2\/posts\/8180\/revisions\/8182"}],"wp:featuredmedia":[{"embeddable":true,"href":"https:\/\/compartilhabahia.com.br\/index.php\/wp-json\/wp\/v2\/media\/8181"}],"wp:attachment":[{"href":"https:\/\/compartilhabahia.com.br\/index.php\/wp-json\/wp\/v2\/media?parent=8180"}],"wp:term":[{"taxonomy":"category","embeddable":true,"href":"https:\/\/compartilhabahia.com.br\/index.php\/wp-json\/wp\/v2\/categories?post=8180"},{"taxonomy":"post_tag","embeddable":true,"href":"https:\/\/compartilhabahia.com.br\/index.php\/wp-json\/wp\/v2\/tags?post=8180"}],"curies":[{"name":"wp","href":"https:\/\/api.w.org\/{rel}","templated":true}]}}