{"id":8175,"date":"2025-10-15T12:20:04","date_gmt":"2025-10-15T15:20:04","guid":{"rendered":"https:\/\/compartilhabahia.com.br\/?p=8175"},"modified":"2025-10-15T12:21:47","modified_gmt":"2025-10-15T15:21:47","slug":"byd-participa-de-seminario-tecnico-sobre-perfil-do-profissional-dentro-das-organizacoes","status":"publish","type":"post","link":"https:\/\/compartilhabahia.com.br\/index.php\/2025\/10\/15\/byd-participa-de-seminario-tecnico-sobre-perfil-do-profissional-dentro-das-organizacoes\/","title":{"rendered":"BYD participa de semin\u00e1rio t\u00e9cnico sobre perfil do profissional dentro das organiza\u00e7\u00f5es"},"content":{"rendered":"\n<p>Agenda aproximou potenciais trabalhadores de empresas, com espa\u00e7o din\u00e2mico, troca de experi\u00eancias e networking<\/p>\n\n\n\n<p>A BYD Auto do Brasil participou, nesta quarta-feira (14), de um semin\u00e1rio promovido pelo Senac em Cama\u00e7ari para discutir as compet\u00eancias do novo profissional t\u00e9cnico dentro das organiza\u00e7\u00f5es. A a\u00e7\u00e3o visa fortalecer a conex\u00e3o entre o emprego e a forma\u00e7\u00e3o t\u00e9cnica, em uma chance real de aproxima\u00e7\u00e3o com o mercado de trabalho.<\/p>\n\n\n\n<figure class=\"wp-block-image size-full\"><img loading=\"lazy\" decoding=\"async\" width=\"1024\" height=\"768\" src=\"https:\/\/compartilhabahia.com.br\/wp-content\/uploads\/2025\/10\/WhatsApp-Image-2025-10-15-at-10.58.09.jpeg\" alt=\"\" class=\"wp-image-8178\" srcset=\"https:\/\/compartilhabahia.com.br\/wp-content\/uploads\/2025\/10\/WhatsApp-Image-2025-10-15-at-10.58.09.jpeg 1024w, https:\/\/compartilhabahia.com.br\/wp-content\/uploads\/2025\/10\/WhatsApp-Image-2025-10-15-at-10.58.09-300x225.jpeg 300w, https:\/\/compartilhabahia.com.br\/wp-content\/uploads\/2025\/10\/WhatsApp-Image-2025-10-15-at-10.58.09-768x576.jpeg 768w\" sizes=\"auto, (max-width: 1024px) 100vw, 1024px\" \/><\/figure>\n\n\n\n<p>Durante o semin\u00e1rio, os participantes tiveram a chance de entregar os respectivos curr\u00edculos para as empresas parceiras. O engenheiro de manuten\u00e7\u00e3o da BYD Auto do Brasil Walzimar Carneiro abordou a atua\u00e7\u00e3o do profissional da ind\u00fastria automobil\u00edstica. Na ocasi\u00e3o, compartilhou dicas de como o profissional pode evoluir se adaptando \u00e0s atuais necessidades do setor.<\/p>\n\n\n\n<p>\u201cA t\u00e9cnica sozinha n\u00e3o \u00e9 mais suficiente. Hoje, o profissional t\u00e9cnico precisa unir o conhecimento t\u00e9cnico e pr\u00e1tico com o comportamento. Nesse sentido, aprimorar as compet\u00eancias, como dom\u00ednio de automa\u00e7\u00e3o industrial, mecatr\u00f4nica aplicada, leitura de diagramas el\u00e9tricos, entre outros. Na BYD, n\u00f3s valorizamos o profissional que aprende r\u00e1pido, colabora e busca entender o processo como um todo. Isso \u00e9 o que diferencia quem apenas executa de quem realmente evolui na carreira\u201d, destaca o engenheiro.<\/p>\n\n\n\n<p>Na ocasi\u00e3o, os participantes do semin\u00e1rio tiraram d\u00favidas sobre os processos seletivos das empresas. A analista de Recursos Humanos da BYD Auto do Brasil, Taiane Ribeiro, subiu ao palco e explicou sobre o fluxo de contrata\u00e7\u00e3o, processo seletivo e vagas.<\/p>\n\n\n\n<p>\u201c\u00c9 importante a BYD estar pr\u00f3ximo da comunidade nessas a\u00e7\u00f5es. Tem uma ansiedade do p\u00fablico de participar dos processos seletivos, de serem contratados, mas ainda temos muitos mitos sobre as etapas e fluxo. E nessas a\u00e7\u00f5es n\u00f3s conseguimos esclarecer todas as d\u00favidas e contribuir com dicas valiosas para o sucesso dos futuros candidatos\u201d, conta Taiane.<\/p>\n\n\n\n<p>Sobre a BYD<br>A BYD \u00e9 l\u00edder global em carros movidos a nova energia \u2013 el\u00e9tricos e h\u00edbridos plug-in. H\u00e1 mais de 10 anos no Brasil, tamb\u00e9m se destaca na produ\u00e7\u00e3o de componentes eletr\u00f4nicos, pain\u00e9is solares e solu\u00e7\u00f5es de armazenamento de energia. A empresa opera f\u00e1bricas em Campinas (SP) e Manaus (AM) e, em 2024, iniciou a constru\u00e7\u00e3o do Complexo de Cama\u00e7ari (BA), que ser\u00e1 o maior da companhia fora da \u00c1sia. A BYD ainda \u00e9 respons\u00e1vel pelo projeto do monotrilho da Linha 17 \u2013 Ouro do Metr\u00f4 de S\u00e3o Paulo (Skyrail). Com a miss\u00e3o de reduzir a temperatura da Terra em 1\u00baC, a BYD lidera a transi\u00e7\u00e3o para uma economia de baixo carbono, alinhando suas opera\u00e7\u00f5es ao Pacto Global da ONU e conduzindo a revolu\u00e7\u00e3o sustent\u00e1vel no setor automotivo.<\/p>\n\n\n\n<p><\/p>\n","protected":false},"excerpt":{"rendered":"<p>Agenda aproximou potenciais trabalhadores de empresas, com espa\u00e7o din\u00e2mico, troca de experi\u00eancias e networking A BYD Auto do Brasil participou, nesta quarta-feira (14), de um semin\u00e1rio promovido pelo Senac em Cama\u00e7ari para discutir as compet\u00eancias do novo profissional t\u00e9cnico dentro das organiza\u00e7\u00f5es. A a\u00e7\u00e3o visa fortalecer a conex\u00e3o entre o emprego e a forma\u00e7\u00e3o t\u00e9cnica, [&hellip;]<\/p>\n","protected":false},"author":1,"featured_media":8176,"comment_status":"open","ping_status":"open","sticky":false,"template":"","format":"standard","meta":{"footnotes":""},"categories":[8],"tags":[],"class_list":["post-8175","post","type-post","status-publish","format-standard","has-post-thumbnail","hentry","category-camacari"],"yoast_head":"<!-- This site is optimized with the Yoast SEO plugin v21.7 - https:\/\/yoast.com\/wordpress\/plugins\/seo\/ -->\n<title>BYD participa de semin\u00e1rio t\u00e9cnico sobre perfil do profissional dentro das organiza\u00e7\u00f5es - Compartilha Bahia<\/title>\n<meta name=\"robots\" content=\"index, follow, max-snippet:-1, max-image-preview:large, max-video-preview:-1\" \/>\n<link rel=\"canonical\" href=\"https:\/\/compartilhabahia.com.br\/index.php\/2025\/10\/15\/byd-participa-de-seminario-tecnico-sobre-perfil-do-profissional-dentro-das-organizacoes\/\" \/>\n<meta property=\"og:locale\" content=\"pt_BR\" \/>\n<meta property=\"og:type\" content=\"article\" \/>\n<meta property=\"og:title\" content=\"BYD participa de semin\u00e1rio t\u00e9cnico sobre perfil do profissional dentro das organiza\u00e7\u00f5es - Compartilha Bahia\" \/>\n<meta property=\"og:description\" content=\"Agenda aproximou potenciais trabalhadores de empresas, com espa\u00e7o din\u00e2mico, troca de experi\u00eancias e networking A BYD Auto do Brasil participou, nesta quarta-feira (14), de um semin\u00e1rio promovido pelo Senac em Cama\u00e7ari para discutir as compet\u00eancias do novo profissional t\u00e9cnico dentro das organiza\u00e7\u00f5es. A a\u00e7\u00e3o visa fortalecer a conex\u00e3o entre o emprego e a forma\u00e7\u00e3o t\u00e9cnica, [&hellip;]\" \/>\n<meta property=\"og:url\" content=\"https:\/\/compartilhabahia.com.br\/index.php\/2025\/10\/15\/byd-participa-de-seminario-tecnico-sobre-perfil-do-profissional-dentro-das-organizacoes\/\" \/>\n<meta property=\"og:site_name\" content=\"Compartilha Bahia\" \/>\n<meta property=\"article:publisher\" content=\"https:\/\/web.facebook.com\/compartilhabahia\" \/>\n<meta property=\"article:published_time\" content=\"2025-10-15T15:20:04+00:00\" \/>\n<meta property=\"article:modified_time\" content=\"2025-10-15T15:21:47+00:00\" \/>\n<meta property=\"og:image\" content=\"https:\/\/compartilhabahia.com.br\/wp-content\/uploads\/2025\/10\/bydpessoalrh.jpg\" \/>\n\t<meta property=\"og:image:width\" content=\"922\" \/>\n\t<meta property=\"og:image:height\" content=\"692\" \/>\n\t<meta property=\"og:image:type\" content=\"image\/jpeg\" \/>\n<meta name=\"author\" content=\"admin\" \/>\n<meta name=\"twitter:card\" content=\"summary_large_image\" \/>\n<meta name=\"twitter:label1\" content=\"Escrito por\" \/>\n\t<meta name=\"twitter:data1\" content=\"admin\" \/>\n\t<meta name=\"twitter:label2\" content=\"Est. tempo de leitura\" \/>\n\t<meta name=\"twitter:data2\" content=\"3 minutos\" \/>\n<script type=\"application\/ld+json\" class=\"yoast-schema-graph\">{\"@context\":\"https:\/\/schema.org\",\"@graph\":[{\"@type\":\"Article\",\"@id\":\"https:\/\/compartilhabahia.com.br\/index.php\/2025\/10\/15\/byd-participa-de-seminario-tecnico-sobre-perfil-do-profissional-dentro-das-organizacoes\/#article\",\"isPartOf\":{\"@id\":\"https:\/\/compartilhabahia.com.br\/index.php\/2025\/10\/15\/byd-participa-de-seminario-tecnico-sobre-perfil-do-profissional-dentro-das-organizacoes\/\"},\"author\":{\"name\":\"admin\",\"@id\":\"https:\/\/compartilhabahia.com.br\/#\/schema\/person\/9b4f0c3178793b8248d6686732521c04\"},\"headline\":\"BYD participa de semin\u00e1rio t\u00e9cnico sobre perfil do profissional dentro das organiza\u00e7\u00f5es\",\"datePublished\":\"2025-10-15T15:20:04+00:00\",\"dateModified\":\"2025-10-15T15:21:47+00:00\",\"mainEntityOfPage\":{\"@id\":\"https:\/\/compartilhabahia.com.br\/index.php\/2025\/10\/15\/byd-participa-de-seminario-tecnico-sobre-perfil-do-profissional-dentro-das-organizacoes\/\"},\"wordCount\":481,\"commentCount\":0,\"publisher\":{\"@id\":\"https:\/\/compartilhabahia.com.br\/#organization\"},\"articleSection\":[\"Cama\u00e7ari\"],\"inLanguage\":\"pt-BR\",\"potentialAction\":[{\"@type\":\"CommentAction\",\"name\":\"Comment\",\"target\":[\"https:\/\/compartilhabahia.com.br\/index.php\/2025\/10\/15\/byd-participa-de-seminario-tecnico-sobre-perfil-do-profissional-dentro-das-organizacoes\/#respond\"]}]},{\"@type\":\"WebPage\",\"@id\":\"https:\/\/compartilhabahia.com.br\/index.php\/2025\/10\/15\/byd-participa-de-seminario-tecnico-sobre-perfil-do-profissional-dentro-das-organizacoes\/\",\"url\":\"https:\/\/compartilhabahia.com.br\/index.php\/2025\/10\/15\/byd-participa-de-seminario-tecnico-sobre-perfil-do-profissional-dentro-das-organizacoes\/\",\"name\":\"BYD participa de semin\u00e1rio t\u00e9cnico sobre perfil do profissional dentro das organiza\u00e7\u00f5es - Compartilha Bahia\",\"isPartOf\":{\"@id\":\"https:\/\/compartilhabahia.com.br\/#website\"},\"datePublished\":\"2025-10-15T15:20:04+00:00\",\"dateModified\":\"2025-10-15T15:21:47+00:00\",\"breadcrumb\":{\"@id\":\"https:\/\/compartilhabahia.com.br\/index.php\/2025\/10\/15\/byd-participa-de-seminario-tecnico-sobre-perfil-do-profissional-dentro-das-organizacoes\/#breadcrumb\"},\"inLanguage\":\"pt-BR\",\"potentialAction\":[{\"@type\":\"ReadAction\",\"target\":[\"https:\/\/compartilhabahia.com.br\/index.php\/2025\/10\/15\/byd-participa-de-seminario-tecnico-sobre-perfil-do-profissional-dentro-das-organizacoes\/\"]}]},{\"@type\":\"BreadcrumbList\",\"@id\":\"https:\/\/compartilhabahia.com.br\/index.php\/2025\/10\/15\/byd-participa-de-seminario-tecnico-sobre-perfil-do-profissional-dentro-das-organizacoes\/#breadcrumb\",\"itemListElement\":[{\"@type\":\"ListItem\",\"position\":1,\"name\":\"In\u00edcio\",\"item\":\"https:\/\/compartilhabahia.com.br\/\"},{\"@type\":\"ListItem\",\"position\":2,\"name\":\"BYD participa de semin\u00e1rio t\u00e9cnico sobre perfil do profissional dentro das organiza\u00e7\u00f5es\"}]},{\"@type\":\"WebSite\",\"@id\":\"https:\/\/compartilhabahia.com.br\/#website\",\"url\":\"https:\/\/compartilhabahia.com.br\/\",\"name\":\"Compartilha Bahia\",\"description\":\"\",\"publisher\":{\"@id\":\"https:\/\/compartilhabahia.com.br\/#organization\"},\"potentialAction\":[{\"@type\":\"SearchAction\",\"target\":{\"@type\":\"EntryPoint\",\"urlTemplate\":\"https:\/\/compartilhabahia.com.br\/?s={search_term_string}\"},\"query-input\":\"required name=search_term_string\"}],\"inLanguage\":\"pt-BR\"},{\"@type\":\"Organization\",\"@id\":\"https:\/\/compartilhabahia.com.br\/#organization\",\"name\":\"Compartilha Bahia\",\"url\":\"https:\/\/compartilhabahia.com.br\/\",\"logo\":{\"@type\":\"ImageObject\",\"inLanguage\":\"pt-BR\",\"@id\":\"https:\/\/compartilhabahia.com.br\/#\/schema\/logo\/image\/\",\"url\":\"https:\/\/compartilhabahia.com.br\/wp-content\/uploads\/2023\/12\/cropped-logo.png\",\"contentUrl\":\"https:\/\/compartilhabahia.com.br\/wp-content\/uploads\/2023\/12\/cropped-logo.png\",\"width\":300,\"height\":106,\"caption\":\"Compartilha Bahia\"},\"image\":{\"@id\":\"https:\/\/compartilhabahia.com.br\/#\/schema\/logo\/image\/\"},\"sameAs\":[\"https:\/\/web.facebook.com\/compartilhabahia\",\"https:\/\/www.instagram.com\/compartilhabahia\/\"]},{\"@type\":\"Person\",\"@id\":\"https:\/\/compartilhabahia.com.br\/#\/schema\/person\/9b4f0c3178793b8248d6686732521c04\",\"name\":\"admin\",\"image\":{\"@type\":\"ImageObject\",\"inLanguage\":\"pt-BR\",\"@id\":\"https:\/\/compartilhabahia.com.br\/#\/schema\/person\/image\/\",\"url\":\"https:\/\/secure.gravatar.com\/avatar\/9600df58751c5acbe914c538c03390ef649ea088cb65f84ba09c7ce66988eed6?s=96&d=mm&r=g\",\"contentUrl\":\"https:\/\/secure.gravatar.com\/avatar\/9600df58751c5acbe914c538c03390ef649ea088cb65f84ba09c7ce66988eed6?s=96&d=mm&r=g\",\"caption\":\"admin\"},\"sameAs\":[\"https:\/\/compartilhabahia.com.br\"],\"url\":\"https:\/\/compartilhabahia.com.br\/index.php\/author\/compartilhabahia\/\"}]}<\/script>\n<!-- \/ Yoast SEO plugin. -->","yoast_head_json":{"title":"BYD participa de semin\u00e1rio t\u00e9cnico sobre perfil do profissional dentro das organiza\u00e7\u00f5es - Compartilha Bahia","robots":{"index":"index","follow":"follow","max-snippet":"max-snippet:-1","max-image-preview":"max-image-preview:large","max-video-preview":"max-video-preview:-1"},"canonical":"https:\/\/compartilhabahia.com.br\/index.php\/2025\/10\/15\/byd-participa-de-seminario-tecnico-sobre-perfil-do-profissional-dentro-das-organizacoes\/","og_locale":"pt_BR","og_type":"article","og_title":"BYD participa de semin\u00e1rio t\u00e9cnico sobre perfil do profissional dentro das organiza\u00e7\u00f5es - Compartilha Bahia","og_description":"Agenda aproximou potenciais trabalhadores de empresas, com espa\u00e7o din\u00e2mico, troca de experi\u00eancias e networking A BYD Auto do Brasil participou, nesta quarta-feira (14), de um semin\u00e1rio promovido pelo Senac em Cama\u00e7ari para discutir as compet\u00eancias do novo profissional t\u00e9cnico dentro das organiza\u00e7\u00f5es. A a\u00e7\u00e3o visa fortalecer a conex\u00e3o entre o emprego e a forma\u00e7\u00e3o t\u00e9cnica, [&hellip;]","og_url":"https:\/\/compartilhabahia.com.br\/index.php\/2025\/10\/15\/byd-participa-de-seminario-tecnico-sobre-perfil-do-profissional-dentro-das-organizacoes\/","og_site_name":"Compartilha Bahia","article_publisher":"https:\/\/web.facebook.com\/compartilhabahia","article_published_time":"2025-10-15T15:20:04+00:00","article_modified_time":"2025-10-15T15:21:47+00:00","og_image":[{"width":922,"height":692,"url":"https:\/\/compartilhabahia.com.br\/wp-content\/uploads\/2025\/10\/bydpessoalrh.jpg","type":"image\/jpeg"}],"author":"admin","twitter_card":"summary_large_image","twitter_misc":{"Escrito por":"admin","Est. tempo de leitura":"3 minutos"},"schema":{"@context":"https:\/\/schema.org","@graph":[{"@type":"Article","@id":"https:\/\/compartilhabahia.com.br\/index.php\/2025\/10\/15\/byd-participa-de-seminario-tecnico-sobre-perfil-do-profissional-dentro-das-organizacoes\/#article","isPartOf":{"@id":"https:\/\/compartilhabahia.com.br\/index.php\/2025\/10\/15\/byd-participa-de-seminario-tecnico-sobre-perfil-do-profissional-dentro-das-organizacoes\/"},"author":{"name":"admin","@id":"https:\/\/compartilhabahia.com.br\/#\/schema\/person\/9b4f0c3178793b8248d6686732521c04"},"headline":"BYD participa de semin\u00e1rio t\u00e9cnico sobre perfil do profissional dentro das organiza\u00e7\u00f5es","datePublished":"2025-10-15T15:20:04+00:00","dateModified":"2025-10-15T15:21:47+00:00","mainEntityOfPage":{"@id":"https:\/\/compartilhabahia.com.br\/index.php\/2025\/10\/15\/byd-participa-de-seminario-tecnico-sobre-perfil-do-profissional-dentro-das-organizacoes\/"},"wordCount":481,"commentCount":0,"publisher":{"@id":"https:\/\/compartilhabahia.com.br\/#organization"},"articleSection":["Cama\u00e7ari"],"inLanguage":"pt-BR","potentialAction":[{"@type":"CommentAction","name":"Comment","target":["https:\/\/compartilhabahia.com.br\/index.php\/2025\/10\/15\/byd-participa-de-seminario-tecnico-sobre-perfil-do-profissional-dentro-das-organizacoes\/#respond"]}]},{"@type":"WebPage","@id":"https:\/\/compartilhabahia.com.br\/index.php\/2025\/10\/15\/byd-participa-de-seminario-tecnico-sobre-perfil-do-profissional-dentro-das-organizacoes\/","url":"https:\/\/compartilhabahia.com.br\/index.php\/2025\/10\/15\/byd-participa-de-seminario-tecnico-sobre-perfil-do-profissional-dentro-das-organizacoes\/","name":"BYD participa de semin\u00e1rio t\u00e9cnico sobre perfil do profissional dentro das organiza\u00e7\u00f5es - Compartilha Bahia","isPartOf":{"@id":"https:\/\/compartilhabahia.com.br\/#website"},"datePublished":"2025-10-15T15:20:04+00:00","dateModified":"2025-10-15T15:21:47+00:00","breadcrumb":{"@id":"https:\/\/compartilhabahia.com.br\/index.php\/2025\/10\/15\/byd-participa-de-seminario-tecnico-sobre-perfil-do-profissional-dentro-das-organizacoes\/#breadcrumb"},"inLanguage":"pt-BR","potentialAction":[{"@type":"ReadAction","target":["https:\/\/compartilhabahia.com.br\/index.php\/2025\/10\/15\/byd-participa-de-seminario-tecnico-sobre-perfil-do-profissional-dentro-das-organizacoes\/"]}]},{"@type":"BreadcrumbList","@id":"https:\/\/compartilhabahia.com.br\/index.php\/2025\/10\/15\/byd-participa-de-seminario-tecnico-sobre-perfil-do-profissional-dentro-das-organizacoes\/#breadcrumb","itemListElement":[{"@type":"ListItem","position":1,"name":"In\u00edcio","item":"https:\/\/compartilhabahia.com.br\/"},{"@type":"ListItem","position":2,"name":"BYD participa de semin\u00e1rio t\u00e9cnico sobre perfil do profissional dentro das organiza\u00e7\u00f5es"}]},{"@type":"WebSite","@id":"https:\/\/compartilhabahia.com.br\/#website","url":"https:\/\/compartilhabahia.com.br\/","name":"Compartilha Bahia","description":"","publisher":{"@id":"https:\/\/compartilhabahia.com.br\/#organization"},"potentialAction":[{"@type":"SearchAction","target":{"@type":"EntryPoint","urlTemplate":"https:\/\/compartilhabahia.com.br\/?s={search_term_string}"},"query-input":"required name=search_term_string"}],"inLanguage":"pt-BR"},{"@type":"Organization","@id":"https:\/\/compartilhabahia.com.br\/#organization","name":"Compartilha Bahia","url":"https:\/\/compartilhabahia.com.br\/","logo":{"@type":"ImageObject","inLanguage":"pt-BR","@id":"https:\/\/compartilhabahia.com.br\/#\/schema\/logo\/image\/","url":"https:\/\/compartilhabahia.com.br\/wp-content\/uploads\/2023\/12\/cropped-logo.png","contentUrl":"https:\/\/compartilhabahia.com.br\/wp-content\/uploads\/2023\/12\/cropped-logo.png","width":300,"height":106,"caption":"Compartilha Bahia"},"image":{"@id":"https:\/\/compartilhabahia.com.br\/#\/schema\/logo\/image\/"},"sameAs":["https:\/\/web.facebook.com\/compartilhabahia","https:\/\/www.instagram.com\/compartilhabahia\/"]},{"@type":"Person","@id":"https:\/\/compartilhabahia.com.br\/#\/schema\/person\/9b4f0c3178793b8248d6686732521c04","name":"admin","image":{"@type":"ImageObject","inLanguage":"pt-BR","@id":"https:\/\/compartilhabahia.com.br\/#\/schema\/person\/image\/","url":"https:\/\/secure.gravatar.com\/avatar\/9600df58751c5acbe914c538c03390ef649ea088cb65f84ba09c7ce66988eed6?s=96&d=mm&r=g","contentUrl":"https:\/\/secure.gravatar.com\/avatar\/9600df58751c5acbe914c538c03390ef649ea088cb65f84ba09c7ce66988eed6?s=96&d=mm&r=g","caption":"admin"},"sameAs":["https:\/\/compartilhabahia.com.br"],"url":"https:\/\/compartilhabahia.com.br\/index.php\/author\/compartilhabahia\/"}]}},"_links":{"self":[{"href":"https:\/\/compartilhabahia.com.br\/index.php\/wp-json\/wp\/v2\/posts\/8175","targetHints":{"allow":["GET"]}}],"collection":[{"href":"https:\/\/compartilhabahia.com.br\/index.php\/wp-json\/wp\/v2\/posts"}],"about":[{"href":"https:\/\/compartilhabahia.com.br\/index.php\/wp-json\/wp\/v2\/types\/post"}],"author":[{"embeddable":true,"href":"https:\/\/compartilhabahia.com.br\/index.php\/wp-json\/wp\/v2\/users\/1"}],"replies":[{"embeddable":true,"href":"https:\/\/compartilhabahia.com.br\/index.php\/wp-json\/wp\/v2\/comments?post=8175"}],"version-history":[{"count":2,"href":"https:\/\/compartilhabahia.com.br\/index.php\/wp-json\/wp\/v2\/posts\/8175\/revisions"}],"predecessor-version":[{"id":8179,"href":"https:\/\/compartilhabahia.com.br\/index.php\/wp-json\/wp\/v2\/posts\/8175\/revisions\/8179"}],"wp:featuredmedia":[{"embeddable":true,"href":"https:\/\/compartilhabahia.com.br\/index.php\/wp-json\/wp\/v2\/media\/8176"}],"wp:attachment":[{"href":"https:\/\/compartilhabahia.com.br\/index.php\/wp-json\/wp\/v2\/media?parent=8175"}],"wp:term":[{"taxonomy":"category","embeddable":true,"href":"https:\/\/compartilhabahia.com.br\/index.php\/wp-json\/wp\/v2\/categories?post=8175"},{"taxonomy":"post_tag","embeddable":true,"href":"https:\/\/compartilhabahia.com.br\/index.php\/wp-json\/wp\/v2\/tags?post=8175"}],"curies":[{"name":"wp","href":"https:\/\/api.w.org\/{rel}","templated":true}]}}