{"id":8172,"date":"2025-10-14T14:39:22","date_gmt":"2025-10-14T17:39:22","guid":{"rendered":"https:\/\/compartilhabahia.com.br\/?p=8172"},"modified":"2025-10-14T14:39:25","modified_gmt":"2025-10-14T17:39:25","slug":"camacari-e-destaque-em-evento-estadual-sobre-novas-diretrizes-de-rastreamento-do-cancer-do-colo-do-utero","status":"publish","type":"post","link":"https:\/\/compartilhabahia.com.br\/index.php\/2025\/10\/14\/camacari-e-destaque-em-evento-estadual-sobre-novas-diretrizes-de-rastreamento-do-cancer-do-colo-do-utero\/","title":{"rendered":"Cama\u00e7ari \u00e9 destaque em evento estadual sobre novas diretrizes de rastreamento do c\u00e2ncer do colo do \u00fatero"},"content":{"rendered":"\n<p>Cama\u00e7ari foi destaque durante o evento promovido pela Secretaria da Sa\u00fade do Estado da Bahia (Sesab), nesta segunda-feira (13), que apresentou as novas diretrizes de rastreamento do c\u00e2ncer do colo do \u00fatero. O munic\u00edpio foi convidado a compartilhar a experi\u00eancia exitosa do projeto piloto de rastreamento, implementado pela Secretaria da Sa\u00fade de Cama\u00e7ari (Sesau) dentro do programa Agora Tem Especialidades, do Minist\u00e9rio da Sa\u00fade.<\/p>\n\n\n\n<p>O encontro, realizado no formato h\u00edbrido, contou com a participa\u00e7\u00e3o de gestores e t\u00e9cnicos de diversos munic\u00edpios baianos. O objetivo foi discutir as estrat\u00e9gias atualizadas do Minist\u00e9rio da Sa\u00fade e trocar experi\u00eancias sobre pr\u00e1ticas inovadoras de preven\u00e7\u00e3o e diagn\u00f3stico precoce, tendo o modelo de Cama\u00e7ari como refer\u00eancia.<\/p>\n\n\n\n<p>Durante a apresenta\u00e7\u00e3o, a equipe t\u00e9cnica da Sesau detalhou as etapas do projeto piloto, que t\u00eam garantido maior efetividade na identifica\u00e7\u00e3o precoce de les\u00f5es e ampliado o acesso das mulheres aos exames preventivos, especialmente na Aten\u00e7\u00e3o B\u00e1sica.<\/p>\n\n\n\n<p>Para a diretora de M\u00e9dia e Alta Complexidade da Sesau, Rucelly Finamori, o reconhecimento de Cama\u00e7ari reflete o comprometimento da gest\u00e3o com pol\u00edticas p\u00fablicas de sa\u00fade inovadoras. \u201cFicamos muito felizes em ver o trabalho das nossas equipes sendo reconhecido em n\u00edvel estadual. Cama\u00e7ari tem se destacado pela organiza\u00e7\u00e3o da rede, pela forma\u00e7\u00e3o dos profissionais e pelo investimento cont\u00ednuo em a\u00e7\u00f5es que fortalecem o cuidado integral e humanizado com a sa\u00fade da mulher\u201d, destacou.<\/p>\n\n\n\n<p>A diretora de Aten\u00e7\u00e3o B\u00e1sica, M\u00e1rcia Cruz, refor\u00e7ou que o sucesso do projeto est\u00e1 na integra\u00e7\u00e3o entre as equipes e no acompanhamento sistem\u00e1tico das pacientes. \u201cO rastreamento s\u00f3 \u00e9 efetivo quando o cuidado \u00e9 cont\u00ednuo. Nossa equipe tem feito um trabalho exemplar de busca ativa, acompanhamento e educa\u00e7\u00e3o em sa\u00fade, o que tem garantido resultados expressivos para a popula\u00e7\u00e3o feminina do munic\u00edpio\u201d, afirmou.<\/p>\n\n\n\n<p>O diretor das Policl\u00ednicas, Amaury Miranda, tamb\u00e9m destacou a import\u00e2ncia do projeto como instrumento de gest\u00e3o e fortalecimento da rede municipal. \u201cEsse projeto piloto mostrou que o investimento em planejamento, monitoramento e qualifica\u00e7\u00e3o das equipes traz resultados reais. O reconhecimento de Cama\u00e7ari \u00e9 fruto do empenho coletivo e da nossa capacidade de transformar diretrizes em a\u00e7\u00f5es pr\u00e1ticas que impactam diretamente a vida das pessoas\u201d, pontuou.<\/p>\n\n\n\n<p>Com os resultados positivos, Cama\u00e7ari foi apontado pela Sesab como modelo para outros munic\u00edpios baianos, que dever\u00e3o adotar as mesmas diretrizes e metodologias nos pr\u00f3ximos meses, fortalecendo a estrat\u00e9gia estadual de enfrentamento ao c\u00e2ncer do colo do \u00fatero.<\/p>\n\n\n\n<p>Em agosto, o munic\u00edpio foi o epicentro do lan\u00e7amento nacional das novas diretrizes de rastreamento, que incluem a ado\u00e7\u00e3o do teste DNA-HPV como m\u00e9todo prim\u00e1rio. A nova tecnologia permite diagn\u00f3sticos mais precisos e r\u00e1pidos, reduzindo o n\u00famero de mulheres que descobrem a doen\u00e7a em est\u00e1gio avan\u00e7ado. Inicialmente, tr\u00eas unidades de sa\u00fade aplicam o novo teste, com o apoio do Centro de Aten\u00e7\u00e3o \u00e0 Sa\u00fade da Mulher (CASM): Unidades de Sa\u00fade da Fam\u00edlia (USFs) Cama\u00e7ari de Dentro, Machadinho e Vila de Abrantes.<\/p>\n\n\n\n<p>O teste de DNA-HPV substitui o exame citopatol\u00f3gico (Papanicolau) como m\u00e9todo prim\u00e1rio de rastreamento, oferecendo maior sensibilidade para detectar infec\u00e7\u00f5es por tipos oncog\u00eanicos do v\u00edrus e permitindo intervalos mais seguros entre os exames. O p\u00fablico-alvo s\u00e3o mulheres de 25 a 60 anos, com periodicidade de cinco anos para quem tiver resultado negativo.<\/p>\n\n\n\n<p>Nos casos positivos para HPV 16 ou 18, h\u00e1 encaminhamento direto para colposcopia; para outros tipos, \u00e9 realizada citologia reflexa. Quem faz a an\u00e1lise molecular \u00e9 o Laborat\u00f3rio Central de Sa\u00fade P\u00fablica Prof. Gon\u00e7alo Moniz (LACEN-BA), da Sesab.<\/p>\n\n\n\n<p>Foto: Ascom Sesau<\/p>\n","protected":false},"excerpt":{"rendered":"<p>Cama\u00e7ari foi destaque durante o evento promovido pela Secretaria da Sa\u00fade do Estado da Bahia (Sesab), nesta segunda-feira (13), que apresentou as novas diretrizes de rastreamento do c\u00e2ncer do colo do \u00fatero. O munic\u00edpio foi convidado a compartilhar a experi\u00eancia exitosa do projeto piloto de rastreamento, implementado pela Secretaria da Sa\u00fade de Cama\u00e7ari (Sesau) dentro [&hellip;]<\/p>\n","protected":false},"author":1,"featured_media":8173,"comment_status":"open","ping_status":"open","sticky":false,"template":"","format":"standard","meta":{"footnotes":""},"categories":[8],"tags":[],"class_list":["post-8172","post","type-post","status-publish","format-standard","has-post-thumbnail","hentry","category-camacari"],"yoast_head":"<!-- This site is optimized with the Yoast SEO plugin v21.7 - https:\/\/yoast.com\/wordpress\/plugins\/seo\/ -->\n<title>Cama\u00e7ari \u00e9 destaque em evento estadual sobre novas diretrizes de rastreamento do c\u00e2ncer do colo do \u00fatero - Compartilha Bahia<\/title>\n<meta name=\"robots\" content=\"index, follow, max-snippet:-1, max-image-preview:large, max-video-preview:-1\" \/>\n<link rel=\"canonical\" href=\"https:\/\/compartilhabahia.com.br\/index.php\/2025\/10\/14\/camacari-e-destaque-em-evento-estadual-sobre-novas-diretrizes-de-rastreamento-do-cancer-do-colo-do-utero\/\" \/>\n<meta property=\"og:locale\" content=\"pt_BR\" \/>\n<meta property=\"og:type\" content=\"article\" \/>\n<meta property=\"og:title\" content=\"Cama\u00e7ari \u00e9 destaque em evento estadual sobre novas diretrizes de rastreamento do c\u00e2ncer do colo do \u00fatero - Compartilha Bahia\" \/>\n<meta property=\"og:description\" content=\"Cama\u00e7ari foi destaque durante o evento promovido pela Secretaria da Sa\u00fade do Estado da Bahia (Sesab), nesta segunda-feira (13), que apresentou as novas diretrizes de rastreamento do c\u00e2ncer do colo do \u00fatero. O munic\u00edpio foi convidado a compartilhar a experi\u00eancia exitosa do projeto piloto de rastreamento, implementado pela Secretaria da Sa\u00fade de Cama\u00e7ari (Sesau) dentro [&hellip;]\" \/>\n<meta property=\"og:url\" content=\"https:\/\/compartilhabahia.com.br\/index.php\/2025\/10\/14\/camacari-e-destaque-em-evento-estadual-sobre-novas-diretrizes-de-rastreamento-do-cancer-do-colo-do-utero\/\" \/>\n<meta property=\"og:site_name\" content=\"Compartilha Bahia\" \/>\n<meta property=\"article:publisher\" content=\"https:\/\/web.facebook.com\/compartilhabahia\" \/>\n<meta property=\"article:published_time\" content=\"2025-10-14T17:39:22+00:00\" \/>\n<meta property=\"article:modified_time\" content=\"2025-10-14T17:39:25+00:00\" \/>\n<meta property=\"og:image\" content=\"https:\/\/compartilhabahia.com.br\/wp-content\/uploads\/2025\/10\/Sesau_evento-Sesab-novos-diretrizes-rastreamento-cancer-do-colo-do-utero_Foto_Ascom-Sesau.jpeg\" \/>\n\t<meta property=\"og:image:width\" content=\"960\" \/>\n\t<meta property=\"og:image:height\" content=\"822\" \/>\n\t<meta property=\"og:image:type\" content=\"image\/jpeg\" \/>\n<meta name=\"author\" content=\"admin\" \/>\n<meta name=\"twitter:card\" content=\"summary_large_image\" \/>\n<meta name=\"twitter:label1\" content=\"Escrito por\" \/>\n\t<meta name=\"twitter:data1\" content=\"admin\" \/>\n\t<meta name=\"twitter:label2\" content=\"Est. tempo de leitura\" \/>\n\t<meta name=\"twitter:data2\" content=\"4 minutos\" \/>\n<script type=\"application\/ld+json\" class=\"yoast-schema-graph\">{\"@context\":\"https:\/\/schema.org\",\"@graph\":[{\"@type\":\"Article\",\"@id\":\"https:\/\/compartilhabahia.com.br\/index.php\/2025\/10\/14\/camacari-e-destaque-em-evento-estadual-sobre-novas-diretrizes-de-rastreamento-do-cancer-do-colo-do-utero\/#article\",\"isPartOf\":{\"@id\":\"https:\/\/compartilhabahia.com.br\/index.php\/2025\/10\/14\/camacari-e-destaque-em-evento-estadual-sobre-novas-diretrizes-de-rastreamento-do-cancer-do-colo-do-utero\/\"},\"author\":{\"name\":\"admin\",\"@id\":\"https:\/\/compartilhabahia.com.br\/#\/schema\/person\/9b4f0c3178793b8248d6686732521c04\"},\"headline\":\"Cama\u00e7ari \u00e9 destaque em evento estadual sobre novas diretrizes de rastreamento do c\u00e2ncer do colo do \u00fatero\",\"datePublished\":\"2025-10-14T17:39:22+00:00\",\"dateModified\":\"2025-10-14T17:39:25+00:00\",\"mainEntityOfPage\":{\"@id\":\"https:\/\/compartilhabahia.com.br\/index.php\/2025\/10\/14\/camacari-e-destaque-em-evento-estadual-sobre-novas-diretrizes-de-rastreamento-do-cancer-do-colo-do-utero\/\"},\"wordCount\":666,\"commentCount\":0,\"publisher\":{\"@id\":\"https:\/\/compartilhabahia.com.br\/#organization\"},\"articleSection\":[\"Cama\u00e7ari\"],\"inLanguage\":\"pt-BR\",\"potentialAction\":[{\"@type\":\"CommentAction\",\"name\":\"Comment\",\"target\":[\"https:\/\/compartilhabahia.com.br\/index.php\/2025\/10\/14\/camacari-e-destaque-em-evento-estadual-sobre-novas-diretrizes-de-rastreamento-do-cancer-do-colo-do-utero\/#respond\"]}]},{\"@type\":\"WebPage\",\"@id\":\"https:\/\/compartilhabahia.com.br\/index.php\/2025\/10\/14\/camacari-e-destaque-em-evento-estadual-sobre-novas-diretrizes-de-rastreamento-do-cancer-do-colo-do-utero\/\",\"url\":\"https:\/\/compartilhabahia.com.br\/index.php\/2025\/10\/14\/camacari-e-destaque-em-evento-estadual-sobre-novas-diretrizes-de-rastreamento-do-cancer-do-colo-do-utero\/\",\"name\":\"Cama\u00e7ari \u00e9 destaque em evento estadual sobre novas diretrizes de rastreamento do c\u00e2ncer do colo do \u00fatero - Compartilha Bahia\",\"isPartOf\":{\"@id\":\"https:\/\/compartilhabahia.com.br\/#website\"},\"datePublished\":\"2025-10-14T17:39:22+00:00\",\"dateModified\":\"2025-10-14T17:39:25+00:00\",\"breadcrumb\":{\"@id\":\"https:\/\/compartilhabahia.com.br\/index.php\/2025\/10\/14\/camacari-e-destaque-em-evento-estadual-sobre-novas-diretrizes-de-rastreamento-do-cancer-do-colo-do-utero\/#breadcrumb\"},\"inLanguage\":\"pt-BR\",\"potentialAction\":[{\"@type\":\"ReadAction\",\"target\":[\"https:\/\/compartilhabahia.com.br\/index.php\/2025\/10\/14\/camacari-e-destaque-em-evento-estadual-sobre-novas-diretrizes-de-rastreamento-do-cancer-do-colo-do-utero\/\"]}]},{\"@type\":\"BreadcrumbList\",\"@id\":\"https:\/\/compartilhabahia.com.br\/index.php\/2025\/10\/14\/camacari-e-destaque-em-evento-estadual-sobre-novas-diretrizes-de-rastreamento-do-cancer-do-colo-do-utero\/#breadcrumb\",\"itemListElement\":[{\"@type\":\"ListItem\",\"position\":1,\"name\":\"In\u00edcio\",\"item\":\"https:\/\/compartilhabahia.com.br\/\"},{\"@type\":\"ListItem\",\"position\":2,\"name\":\"Cama\u00e7ari \u00e9 destaque em evento estadual sobre novas diretrizes de rastreamento do c\u00e2ncer do colo do \u00fatero\"}]},{\"@type\":\"WebSite\",\"@id\":\"https:\/\/compartilhabahia.com.br\/#website\",\"url\":\"https:\/\/compartilhabahia.com.br\/\",\"name\":\"Compartilha Bahia\",\"description\":\"\",\"publisher\":{\"@id\":\"https:\/\/compartilhabahia.com.br\/#organization\"},\"potentialAction\":[{\"@type\":\"SearchAction\",\"target\":{\"@type\":\"EntryPoint\",\"urlTemplate\":\"https:\/\/compartilhabahia.com.br\/?s={search_term_string}\"},\"query-input\":\"required name=search_term_string\"}],\"inLanguage\":\"pt-BR\"},{\"@type\":\"Organization\",\"@id\":\"https:\/\/compartilhabahia.com.br\/#organization\",\"name\":\"Compartilha Bahia\",\"url\":\"https:\/\/compartilhabahia.com.br\/\",\"logo\":{\"@type\":\"ImageObject\",\"inLanguage\":\"pt-BR\",\"@id\":\"https:\/\/compartilhabahia.com.br\/#\/schema\/logo\/image\/\",\"url\":\"https:\/\/compartilhabahia.com.br\/wp-content\/uploads\/2023\/12\/cropped-logo.png\",\"contentUrl\":\"https:\/\/compartilhabahia.com.br\/wp-content\/uploads\/2023\/12\/cropped-logo.png\",\"width\":300,\"height\":106,\"caption\":\"Compartilha Bahia\"},\"image\":{\"@id\":\"https:\/\/compartilhabahia.com.br\/#\/schema\/logo\/image\/\"},\"sameAs\":[\"https:\/\/web.facebook.com\/compartilhabahia\",\"https:\/\/www.instagram.com\/compartilhabahia\/\"]},{\"@type\":\"Person\",\"@id\":\"https:\/\/compartilhabahia.com.br\/#\/schema\/person\/9b4f0c3178793b8248d6686732521c04\",\"name\":\"admin\",\"image\":{\"@type\":\"ImageObject\",\"inLanguage\":\"pt-BR\",\"@id\":\"https:\/\/compartilhabahia.com.br\/#\/schema\/person\/image\/\",\"url\":\"https:\/\/secure.gravatar.com\/avatar\/9600df58751c5acbe914c538c03390ef649ea088cb65f84ba09c7ce66988eed6?s=96&d=mm&r=g\",\"contentUrl\":\"https:\/\/secure.gravatar.com\/avatar\/9600df58751c5acbe914c538c03390ef649ea088cb65f84ba09c7ce66988eed6?s=96&d=mm&r=g\",\"caption\":\"admin\"},\"sameAs\":[\"https:\/\/compartilhabahia.com.br\"],\"url\":\"https:\/\/compartilhabahia.com.br\/index.php\/author\/compartilhabahia\/\"}]}<\/script>\n<!-- \/ Yoast SEO plugin. -->","yoast_head_json":{"title":"Cama\u00e7ari \u00e9 destaque em evento estadual sobre novas diretrizes de rastreamento do c\u00e2ncer do colo do \u00fatero - Compartilha Bahia","robots":{"index":"index","follow":"follow","max-snippet":"max-snippet:-1","max-image-preview":"max-image-preview:large","max-video-preview":"max-video-preview:-1"},"canonical":"https:\/\/compartilhabahia.com.br\/index.php\/2025\/10\/14\/camacari-e-destaque-em-evento-estadual-sobre-novas-diretrizes-de-rastreamento-do-cancer-do-colo-do-utero\/","og_locale":"pt_BR","og_type":"article","og_title":"Cama\u00e7ari \u00e9 destaque em evento estadual sobre novas diretrizes de rastreamento do c\u00e2ncer do colo do \u00fatero - Compartilha Bahia","og_description":"Cama\u00e7ari foi destaque durante o evento promovido pela Secretaria da Sa\u00fade do Estado da Bahia (Sesab), nesta segunda-feira (13), que apresentou as novas diretrizes de rastreamento do c\u00e2ncer do colo do \u00fatero. O munic\u00edpio foi convidado a compartilhar a experi\u00eancia exitosa do projeto piloto de rastreamento, implementado pela Secretaria da Sa\u00fade de Cama\u00e7ari (Sesau) dentro [&hellip;]","og_url":"https:\/\/compartilhabahia.com.br\/index.php\/2025\/10\/14\/camacari-e-destaque-em-evento-estadual-sobre-novas-diretrizes-de-rastreamento-do-cancer-do-colo-do-utero\/","og_site_name":"Compartilha Bahia","article_publisher":"https:\/\/web.facebook.com\/compartilhabahia","article_published_time":"2025-10-14T17:39:22+00:00","article_modified_time":"2025-10-14T17:39:25+00:00","og_image":[{"width":960,"height":822,"url":"https:\/\/compartilhabahia.com.br\/wp-content\/uploads\/2025\/10\/Sesau_evento-Sesab-novos-diretrizes-rastreamento-cancer-do-colo-do-utero_Foto_Ascom-Sesau.jpeg","type":"image\/jpeg"}],"author":"admin","twitter_card":"summary_large_image","twitter_misc":{"Escrito por":"admin","Est. tempo de leitura":"4 minutos"},"schema":{"@context":"https:\/\/schema.org","@graph":[{"@type":"Article","@id":"https:\/\/compartilhabahia.com.br\/index.php\/2025\/10\/14\/camacari-e-destaque-em-evento-estadual-sobre-novas-diretrizes-de-rastreamento-do-cancer-do-colo-do-utero\/#article","isPartOf":{"@id":"https:\/\/compartilhabahia.com.br\/index.php\/2025\/10\/14\/camacari-e-destaque-em-evento-estadual-sobre-novas-diretrizes-de-rastreamento-do-cancer-do-colo-do-utero\/"},"author":{"name":"admin","@id":"https:\/\/compartilhabahia.com.br\/#\/schema\/person\/9b4f0c3178793b8248d6686732521c04"},"headline":"Cama\u00e7ari \u00e9 destaque em evento estadual sobre novas diretrizes de rastreamento do c\u00e2ncer do colo do \u00fatero","datePublished":"2025-10-14T17:39:22+00:00","dateModified":"2025-10-14T17:39:25+00:00","mainEntityOfPage":{"@id":"https:\/\/compartilhabahia.com.br\/index.php\/2025\/10\/14\/camacari-e-destaque-em-evento-estadual-sobre-novas-diretrizes-de-rastreamento-do-cancer-do-colo-do-utero\/"},"wordCount":666,"commentCount":0,"publisher":{"@id":"https:\/\/compartilhabahia.com.br\/#organization"},"articleSection":["Cama\u00e7ari"],"inLanguage":"pt-BR","potentialAction":[{"@type":"CommentAction","name":"Comment","target":["https:\/\/compartilhabahia.com.br\/index.php\/2025\/10\/14\/camacari-e-destaque-em-evento-estadual-sobre-novas-diretrizes-de-rastreamento-do-cancer-do-colo-do-utero\/#respond"]}]},{"@type":"WebPage","@id":"https:\/\/compartilhabahia.com.br\/index.php\/2025\/10\/14\/camacari-e-destaque-em-evento-estadual-sobre-novas-diretrizes-de-rastreamento-do-cancer-do-colo-do-utero\/","url":"https:\/\/compartilhabahia.com.br\/index.php\/2025\/10\/14\/camacari-e-destaque-em-evento-estadual-sobre-novas-diretrizes-de-rastreamento-do-cancer-do-colo-do-utero\/","name":"Cama\u00e7ari \u00e9 destaque em evento estadual sobre novas diretrizes de rastreamento do c\u00e2ncer do colo do \u00fatero - Compartilha Bahia","isPartOf":{"@id":"https:\/\/compartilhabahia.com.br\/#website"},"datePublished":"2025-10-14T17:39:22+00:00","dateModified":"2025-10-14T17:39:25+00:00","breadcrumb":{"@id":"https:\/\/compartilhabahia.com.br\/index.php\/2025\/10\/14\/camacari-e-destaque-em-evento-estadual-sobre-novas-diretrizes-de-rastreamento-do-cancer-do-colo-do-utero\/#breadcrumb"},"inLanguage":"pt-BR","potentialAction":[{"@type":"ReadAction","target":["https:\/\/compartilhabahia.com.br\/index.php\/2025\/10\/14\/camacari-e-destaque-em-evento-estadual-sobre-novas-diretrizes-de-rastreamento-do-cancer-do-colo-do-utero\/"]}]},{"@type":"BreadcrumbList","@id":"https:\/\/compartilhabahia.com.br\/index.php\/2025\/10\/14\/camacari-e-destaque-em-evento-estadual-sobre-novas-diretrizes-de-rastreamento-do-cancer-do-colo-do-utero\/#breadcrumb","itemListElement":[{"@type":"ListItem","position":1,"name":"In\u00edcio","item":"https:\/\/compartilhabahia.com.br\/"},{"@type":"ListItem","position":2,"name":"Cama\u00e7ari \u00e9 destaque em evento estadual sobre novas diretrizes de rastreamento do c\u00e2ncer do colo do \u00fatero"}]},{"@type":"WebSite","@id":"https:\/\/compartilhabahia.com.br\/#website","url":"https:\/\/compartilhabahia.com.br\/","name":"Compartilha Bahia","description":"","publisher":{"@id":"https:\/\/compartilhabahia.com.br\/#organization"},"potentialAction":[{"@type":"SearchAction","target":{"@type":"EntryPoint","urlTemplate":"https:\/\/compartilhabahia.com.br\/?s={search_term_string}"},"query-input":"required name=search_term_string"}],"inLanguage":"pt-BR"},{"@type":"Organization","@id":"https:\/\/compartilhabahia.com.br\/#organization","name":"Compartilha Bahia","url":"https:\/\/compartilhabahia.com.br\/","logo":{"@type":"ImageObject","inLanguage":"pt-BR","@id":"https:\/\/compartilhabahia.com.br\/#\/schema\/logo\/image\/","url":"https:\/\/compartilhabahia.com.br\/wp-content\/uploads\/2023\/12\/cropped-logo.png","contentUrl":"https:\/\/compartilhabahia.com.br\/wp-content\/uploads\/2023\/12\/cropped-logo.png","width":300,"height":106,"caption":"Compartilha Bahia"},"image":{"@id":"https:\/\/compartilhabahia.com.br\/#\/schema\/logo\/image\/"},"sameAs":["https:\/\/web.facebook.com\/compartilhabahia","https:\/\/www.instagram.com\/compartilhabahia\/"]},{"@type":"Person","@id":"https:\/\/compartilhabahia.com.br\/#\/schema\/person\/9b4f0c3178793b8248d6686732521c04","name":"admin","image":{"@type":"ImageObject","inLanguage":"pt-BR","@id":"https:\/\/compartilhabahia.com.br\/#\/schema\/person\/image\/","url":"https:\/\/secure.gravatar.com\/avatar\/9600df58751c5acbe914c538c03390ef649ea088cb65f84ba09c7ce66988eed6?s=96&d=mm&r=g","contentUrl":"https:\/\/secure.gravatar.com\/avatar\/9600df58751c5acbe914c538c03390ef649ea088cb65f84ba09c7ce66988eed6?s=96&d=mm&r=g","caption":"admin"},"sameAs":["https:\/\/compartilhabahia.com.br"],"url":"https:\/\/compartilhabahia.com.br\/index.php\/author\/compartilhabahia\/"}]}},"_links":{"self":[{"href":"https:\/\/compartilhabahia.com.br\/index.php\/wp-json\/wp\/v2\/posts\/8172","targetHints":{"allow":["GET"]}}],"collection":[{"href":"https:\/\/compartilhabahia.com.br\/index.php\/wp-json\/wp\/v2\/posts"}],"about":[{"href":"https:\/\/compartilhabahia.com.br\/index.php\/wp-json\/wp\/v2\/types\/post"}],"author":[{"embeddable":true,"href":"https:\/\/compartilhabahia.com.br\/index.php\/wp-json\/wp\/v2\/users\/1"}],"replies":[{"embeddable":true,"href":"https:\/\/compartilhabahia.com.br\/index.php\/wp-json\/wp\/v2\/comments?post=8172"}],"version-history":[{"count":1,"href":"https:\/\/compartilhabahia.com.br\/index.php\/wp-json\/wp\/v2\/posts\/8172\/revisions"}],"predecessor-version":[{"id":8174,"href":"https:\/\/compartilhabahia.com.br\/index.php\/wp-json\/wp\/v2\/posts\/8172\/revisions\/8174"}],"wp:featuredmedia":[{"embeddable":true,"href":"https:\/\/compartilhabahia.com.br\/index.php\/wp-json\/wp\/v2\/media\/8173"}],"wp:attachment":[{"href":"https:\/\/compartilhabahia.com.br\/index.php\/wp-json\/wp\/v2\/media?parent=8172"}],"wp:term":[{"taxonomy":"category","embeddable":true,"href":"https:\/\/compartilhabahia.com.br\/index.php\/wp-json\/wp\/v2\/categories?post=8172"},{"taxonomy":"post_tag","embeddable":true,"href":"https:\/\/compartilhabahia.com.br\/index.php\/wp-json\/wp\/v2\/tags?post=8172"}],"curies":[{"name":"wp","href":"https:\/\/api.w.org\/{rel}","templated":true}]}}