{"id":8165,"date":"2025-10-13T13:37:43","date_gmt":"2025-10-13T16:37:43","guid":{"rendered":"https:\/\/compartilhabahia.com.br\/?p=8165"},"modified":"2025-10-13T13:37:47","modified_gmt":"2025-10-13T16:37:47","slug":"prefeitura-divulga-lista-classificatoria-do-programa-camacari-tec","status":"publish","type":"post","link":"https:\/\/compartilhabahia.com.br\/index.php\/2025\/10\/13\/prefeitura-divulga-lista-classificatoria-do-programa-camacari-tec\/","title":{"rendered":"Prefeitura divulga lista classificat\u00f3ria do Programa Cama\u00e7ari TEC"},"content":{"rendered":"\n<p>A lista com os nomes dos candidatos classificados para as 260 vagas do Cama\u00e7ari TEC, previstas no Edital de Concurso P\u00fablico N\u00ba 001\/2025, j\u00e1 est\u00e1 dispon\u00edvel. O programa \u00e9 promovido pela Prefeitura de Cama\u00e7ari, atrav\u00e9s da Secretaria de Desenvolvimento Econ\u00f4mico (Sedec), em parceria com o Governo do Estado e o Servi\u00e7o Nacional de Aprendizagem Industrial (Senai\/DR\/BA), e oferece cursos gratuitos de qualifica\u00e7\u00e3o e aperfei\u00e7oamento na \u00e1rea automotiva.<\/p>\n\n\n\n<p>O Cama\u00e7ari Tec \u00e9 destinado aos moradores do munic\u00edpio, com 50% das vagas reservadas para pessoas em busca do primeiro emprego e os outros 50% para aqueles que almejam recoloca\u00e7\u00e3o no mercado de trabalho. A lista completa pode ser acessada neste link. [<a rel=\"noreferrer noopener\" target=\"_blank\" href=\"https:\/\/na01.safelinks.protection.outlook.com\/?url=https%3A%2F%2Fcamacaritec.camacari.ba.gov.br%2Fficha%2Frelatorio_parcialgeral_inscricoes.pdf&amp;data=05%7C02%7C%7Cdc5e725f7fe44ff9b56708de08357f8f%7C84df9e7fe9f640afb435aaaaaaaaaaaa%7C1%7C0%7C638957223040332719%7CUnknown%7CTWFpbGZsb3d8eyJFbXB0eU1hcGkiOnRydWUsIlYiOiIwLjAuMDAwMCIsIlAiOiJXaW4zMiIsIkFOIjoiTWFpbCIsIldUIjoyfQ%3D%3D%7C0%7C%7C%7C&amp;sdata=qrPKXbSI5fD0XDxJ2uTzP1HJMdQ4RbHf80a7aUUfhUw%3D&amp;reserved=0\">https:\/\/camacaritec.camacari.ba.gov.br\/ficha\/relatorio_parcialgeral_inscricoes.pdf<\/a>]<\/p>\n\n\n\n<p>Os cursos ofertados s\u00e3o: Eletr\u00f4nica Embarcada Veicular, Pintor Automotivo, Operador de Produ\u00e7\u00e3o Veicular, Mec\u00e2nico Eletricista de Autom\u00f3veis, Funileiro Automotivo e Soldador Automotivo.<\/p>\n\n\n\n<p>As aulas ser\u00e3o ministradas presencialmente na sede do Senai, localizada na Avenida Jorge Amado, S\/N\u00ba, no bairro Jardim Limoeiro, com turmas nos turnos matutino (8h \u00e0s 12h), vespertino (13h \u00e0s 17h) e noturno (18h \u00e0s 22h), de segunda a s\u00e1bado, conforme distribui\u00e7\u00e3o apresentada no edital.<\/p>\n\n\n\n<p>O processo de matr\u00edcula ser\u00e1 conduzido diretamente pelo Senai. Os candidatos classificados devem ficar atentos ao e-mail que foi informado no ato da inscri\u00e7\u00e3o. Toda comunica\u00e7\u00e3o sobre os pr\u00f3ximos passos e convoca\u00e7\u00e3o para os dias da matr\u00edcula ser\u00e3o realizados exclusivamente por e-mail \u2013 sendo este o canal oficial de contato entre o Senai e os aprovados.<\/p>\n\n\n\n<p>Conforme consta no Edital, as inscri\u00e7\u00f5es para o programa ocorreram de forma exclusivamente online, nos dias 7 e 8 de outubro. A sele\u00e7\u00e3o foi dividida em duas fases distintas.<\/p>\n\n\n\n<p><strong>Veja abaixo as listas classificat\u00f3rias de cada curso:<\/strong><\/p>\n\n\n\n<p>Soldador automotivo \u2013 Vespertino [<a rel=\"noreferrer noopener\" target=\"_blank\" href=\"https:\/\/na01.safelinks.protection.outlook.com\/?url=https%3A%2F%2Fcamacaritec.camacari.ba.gov.br%2Fficha%2Frelatorio_parcial_Soldador_Automotivo(vespertino).pdf&amp;data=05%7C02%7C%7Cdc5e725f7fe44ff9b56708de08357f8f%7C84df9e7fe9f640afb435aaaaaaaaaaaa%7C1%7C0%7C638957223040358690%7CUnknown%7CTWFpbGZsb3d8eyJFbXB0eU1hcGkiOnRydWUsIlYiOiIwLjAuMDAwMCIsIlAiOiJXaW4zMiIsIkFOIjoiTWFpbCIsIldUIjoyfQ%3D%3D%7C0%7C%7C%7C&amp;sdata=w78gRawpgxXbhMdjCZBW%2B2ON6MtdQcuo1H5tNa1bhj0%3D&amp;reserved=0\">https:\/\/camacaritec.camacari.ba.gov.br\/ficha\/relatorio_parcial_Soldador_Automotivo(vespertino).pdf<\/a>]<\/p>\n\n\n\n<p>Soldador automotivo \u2013 Matutino [<a rel=\"noreferrer noopener\" target=\"_blank\" href=\"https:\/\/na01.safelinks.protection.outlook.com\/?url=https%3A%2F%2Fcamacaritec.camacari.ba.gov.br%2Fficha%2Frelatorio_parcial_Soldador_Automotivo(matutino).pdf&amp;data=05%7C02%7C%7Cdc5e725f7fe44ff9b56708de08357f8f%7C84df9e7fe9f640afb435aaaaaaaaaaaa%7C1%7C0%7C638957223040376785%7CUnknown%7CTWFpbGZsb3d8eyJFbXB0eU1hcGkiOnRydWUsIlYiOiIwLjAuMDAwMCIsIlAiOiJXaW4zMiIsIkFOIjoiTWFpbCIsIldUIjoyfQ%3D%3D%7C0%7C%7C%7C&amp;sdata=4CqS60Nxw3tF%2B9anu3W0xkElm3EtDsWSnEfiJVzuokE%3D&amp;reserved=0\">https:\/\/camacaritec.camacari.ba.gov.br\/ficha\/relatorio_parcial_Soldador_Automotivo(matutino).pdf<\/a>]<\/p>\n\n\n\n<p>Pintor automotivo \u2013 matutino [<a rel=\"noreferrer noopener\" target=\"_blank\" href=\"https:\/\/na01.safelinks.protection.outlook.com\/?url=https%3A%2F%2Fcamacaritec.camacari.ba.gov.br%2Fficha%2Frelatorio_parcial_Pintor_Automotivo(matutino).pdf&amp;data=05%7C02%7C%7Cdc5e725f7fe44ff9b56708de08357f8f%7C84df9e7fe9f640afb435aaaaaaaaaaaa%7C1%7C0%7C638957223040394224%7CUnknown%7CTWFpbGZsb3d8eyJFbXB0eU1hcGkiOnRydWUsIlYiOiIwLjAuMDAwMCIsIlAiOiJXaW4zMiIsIkFOIjoiTWFpbCIsIldUIjoyfQ%3D%3D%7C0%7C%7C%7C&amp;sdata=ZvAtEnxB3mQMGi6P5vOw9xQdilFuhiehBrRFZ8ks0I0%3D&amp;reserved=0\">https:\/\/camacaritec.camacari.ba.gov.br\/ficha\/relatorio_parcial_Pintor_Automotivo(matutino).pdf<\/a>]<\/p>\n\n\n\n<p>Operador de produ\u00e7\u00e3o veicular \u2013 Vespertino [<a rel=\"noreferrer noopener\" target=\"_blank\" href=\"https:\/\/na01.safelinks.protection.outlook.com\/?url=https%3A%2F%2Fcamacaritec.camacari.ba.gov.br%2Fficha%2Frelatorio_parcial_Operador_de_Produ____o_Veicular(vespertino).pdf&amp;data=05%7C02%7C%7Cdc5e725f7fe44ff9b56708de08357f8f%7C84df9e7fe9f640afb435aaaaaaaaaaaa%7C1%7C0%7C638957223040411693%7CUnknown%7CTWFpbGZsb3d8eyJFbXB0eU1hcGkiOnRydWUsIlYiOiIwLjAuMDAwMCIsIlAiOiJXaW4zMiIsIkFOIjoiTWFpbCIsIldUIjoyfQ%3D%3D%7C0%7C%7C%7C&amp;sdata=S6wSUBt7VpmU0hn%2F8KVDEkpvlcQidI%2FVNDqE9UMqjo8%3D&amp;reserved=0\">https:\/\/camacaritec.camacari.ba.gov.br\/ficha\/relatorio_parcial_Operador_de_Produ____o_Veicular(vespertino).pdf<\/a>]<\/p>\n\n\n\n<p>Operador de produ\u00e7\u00e3o veicular \u2013 Noturno [<a rel=\"noreferrer noopener\" target=\"_blank\" href=\"https:\/\/na01.safelinks.protection.outlook.com\/?url=https%3A%2F%2Fcamacaritec.camacari.ba.gov.br%2Fficha%2Frelatorio_parcial_Operador_de_Produ____o_Veicular(noturno).pdf&amp;data=05%7C02%7C%7Cdc5e725f7fe44ff9b56708de08357f8f%7C84df9e7fe9f640afb435aaaaaaaaaaaa%7C1%7C0%7C638957223040429110%7CUnknown%7CTWFpbGZsb3d8eyJFbXB0eU1hcGkiOnRydWUsIlYiOiIwLjAuMDAwMCIsIlAiOiJXaW4zMiIsIkFOIjoiTWFpbCIsIldUIjoyfQ%3D%3D%7C0%7C%7C%7C&amp;sdata=SYucdKdBwv%2BxnZVhmHJQxc41p%2FXOm%2BuA2ZiMkzZYhk0%3D&amp;reserved=0\">https:\/\/camacaritec.camacari.ba.gov.br\/ficha\/relatorio_parcial_Operador_de_Produ____o_Veicular(noturno).pdf<\/a>]<\/p>\n\n\n\n<p>Mec\u00e2nico eletricista de autom\u00f3veis \u2013 Vespertino [<a rel=\"noreferrer noopener\" target=\"_blank\" href=\"https:\/\/na01.safelinks.protection.outlook.com\/?url=https%3A%2F%2Fcamacaritec.camacari.ba.gov.br%2Fficha%2Frelatorio_parcial_Mec__nico_Eletricista_de_Autom__veis(vespertino).pdf&amp;data=05%7C02%7C%7Cdc5e725f7fe44ff9b56708de08357f8f%7C84df9e7fe9f640afb435aaaaaaaaaaaa%7C1%7C0%7C638957223040446194%7CUnknown%7CTWFpbGZsb3d8eyJFbXB0eU1hcGkiOnRydWUsIlYiOiIwLjAuMDAwMCIsIlAiOiJXaW4zMiIsIkFOIjoiTWFpbCIsIldUIjoyfQ%3D%3D%7C0%7C%7C%7C&amp;sdata=ojr1lzOA3FFc2gaia%2B2Gf36oDD%2Fga5UVcgxKb%2FbP6pU%3D&amp;reserved=0\">https:\/\/camacaritec.camacari.ba.gov.br\/ficha\/relatorio_parcial_Mec__nico_Eletricista_de_Autom__veis(vespertino).pdf<\/a>]<\/p>\n\n\n\n<p>Mec\u00e2nico eletricista de autom\u00f3veis \u2013 Matutino [<a rel=\"noreferrer noopener\" target=\"_blank\" href=\"https:\/\/na01.safelinks.protection.outlook.com\/?url=https%3A%2F%2Fcamacaritec.camacari.ba.gov.br%2Fficha%2Frelatorio_parcial_Mec__nico_Eletricista_de_Autom__veis(matutino).pdf&amp;data=05%7C02%7C%7Cdc5e725f7fe44ff9b56708de08357f8f%7C84df9e7fe9f640afb435aaaaaaaaaaaa%7C1%7C0%7C638957223040463234%7CUnknown%7CTWFpbGZsb3d8eyJFbXB0eU1hcGkiOnRydWUsIlYiOiIwLjAuMDAwMCIsIlAiOiJXaW4zMiIsIkFOIjoiTWFpbCIsIldUIjoyfQ%3D%3D%7C0%7C%7C%7C&amp;sdata=c08iTK7P1leupQAtCFkdn4pBoyC%2BC%2BMhr7AJBdfqyeU%3D&amp;reserved=0\">https:\/\/camacaritec.camacari.ba.gov.br\/ficha\/relatorio_parcial_Mec__nico_Eletricista_de_Autom__veis(matutino).pdf<\/a>]<\/p>\n\n\n\n<p>Funileiro automotivo \u2013 Vespertino [<a rel=\"noreferrer noopener\" target=\"_blank\" href=\"https:\/\/na01.safelinks.protection.outlook.com\/?url=https%3A%2F%2Fcamacaritec.camacari.ba.gov.br%2Fficha%2Frelatorio_parcial_Funileiro_Automotivo(vespertino).pdf&amp;data=05%7C02%7C%7Cdc5e725f7fe44ff9b56708de08357f8f%7C84df9e7fe9f640afb435aaaaaaaaaaaa%7C1%7C0%7C638957223040480163%7CUnknown%7CTWFpbGZsb3d8eyJFbXB0eU1hcGkiOnRydWUsIlYiOiIwLjAuMDAwMCIsIlAiOiJXaW4zMiIsIkFOIjoiTWFpbCIsIldUIjoyfQ%3D%3D%7C0%7C%7C%7C&amp;sdata=yDqI32KXVF2BCS83xaPfarIptQCSMOEJ46%2BuiIzwnpo%3D&amp;reserved=0\">https:\/\/camacaritec.camacari.ba.gov.br\/ficha\/relatorio_parcial_Funileiro_Automotivo(vespertino).pdf<\/a>]<\/p>\n\n\n\n<p>Funileiro automotivo \u2013 Noturno [<a rel=\"noreferrer noopener\" target=\"_blank\" href=\"https:\/\/na01.safelinks.protection.outlook.com\/?url=https%3A%2F%2Fcamacaritec.camacari.ba.gov.br%2Fficha%2Frelatorio_parcial_Funileiro_Automotivo(noturno).pdf&amp;data=05%7C02%7C%7Cdc5e725f7fe44ff9b56708de08357f8f%7C84df9e7fe9f640afb435aaaaaaaaaaaa%7C1%7C0%7C638957223040504356%7CUnknown%7CTWFpbGZsb3d8eyJFbXB0eU1hcGkiOnRydWUsIlYiOiIwLjAuMDAwMCIsIlAiOiJXaW4zMiIsIkFOIjoiTWFpbCIsIldUIjoyfQ%3D%3D%7C0%7C%7C%7C&amp;sdata=4X3FSJPHkNakztsa2cD0may5NSvkLFQe8jkD6F6vgTU%3D&amp;reserved=0\">https:\/\/camacaritec.camacari.ba.gov.br\/ficha\/relatorio_parcial_Funileiro_Automotivo(noturno).pdf<\/a>]<\/p>\n\n\n\n<p>Eletr\u00f4nica embarcada veicular \u2013 Noturno [<a rel=\"noreferrer noopener\" target=\"_blank\" href=\"https:\/\/na01.safelinks.protection.outlook.com\/?url=https%3A%2F%2Fcamacaritec.camacari.ba.gov.br%2Fficha%2Frelatorio_parcial_Eletr__nica_Embarcada_Veicular(Noturno).pdf&amp;data=05%7C02%7C%7Cdc5e725f7fe44ff9b56708de08357f8f%7C84df9e7fe9f640afb435aaaaaaaaaaaa%7C1%7C0%7C638957223040524832%7CUnknown%7CTWFpbGZsb3d8eyJFbXB0eU1hcGkiOnRydWUsIlYiOiIwLjAuMDAwMCIsIlAiOiJXaW4zMiIsIkFOIjoiTWFpbCIsIldUIjoyfQ%3D%3D%7C0%7C%7C%7C&amp;sdata=BCwhjbWovbJuZtwun%2BoNWeHqe0ANiCsnp3CuZmsPrzQ%3D&amp;reserved=0\">https:\/\/camacaritec.camacari.ba.gov.br\/ficha\/relatorio_parcial_Eletr__nica_Embarcada_Veicular(Noturno).pdf<\/a>]<\/p>\n\n\n\n<p>Foto: Juliano Sarraf<\/p>\n","protected":false},"excerpt":{"rendered":"<p>A lista com os nomes dos candidatos classificados para as 260 vagas do Cama\u00e7ari TEC, previstas no Edital de Concurso P\u00fablico N\u00ba 001\/2025, j\u00e1 est\u00e1 dispon\u00edvel. O programa \u00e9 promovido pela Prefeitura de Cama\u00e7ari, atrav\u00e9s da Secretaria de Desenvolvimento Econ\u00f4mico (Sedec), em parceria com o Governo do Estado e o Servi\u00e7o Nacional de Aprendizagem Industrial [&hellip;]<\/p>\n","protected":false},"author":1,"featured_media":8166,"comment_status":"open","ping_status":"open","sticky":false,"template":"","format":"standard","meta":{"footnotes":""},"categories":[8],"tags":[],"class_list":["post-8165","post","type-post","status-publish","format-standard","has-post-thumbnail","hentry","category-camacari"],"yoast_head":"<!-- This site is optimized with the Yoast SEO plugin v21.7 - https:\/\/yoast.com\/wordpress\/plugins\/seo\/ -->\n<title>Prefeitura divulga lista classificat\u00f3ria do Programa Cama\u00e7ari TEC - Compartilha Bahia<\/title>\n<meta name=\"robots\" content=\"index, follow, max-snippet:-1, max-image-preview:large, max-video-preview:-1\" \/>\n<link rel=\"canonical\" href=\"https:\/\/compartilhabahia.com.br\/index.php\/2025\/10\/13\/prefeitura-divulga-lista-classificatoria-do-programa-camacari-tec\/\" \/>\n<meta property=\"og:locale\" content=\"pt_BR\" \/>\n<meta property=\"og:type\" content=\"article\" \/>\n<meta property=\"og:title\" content=\"Prefeitura divulga lista classificat\u00f3ria do Programa Cama\u00e7ari TEC - Compartilha Bahia\" \/>\n<meta property=\"og:description\" content=\"A lista com os nomes dos candidatos classificados para as 260 vagas do Cama\u00e7ari TEC, previstas no Edital de Concurso P\u00fablico N\u00ba 001\/2025, j\u00e1 est\u00e1 dispon\u00edvel. O programa \u00e9 promovido pela Prefeitura de Cama\u00e7ari, atrav\u00e9s da Secretaria de Desenvolvimento Econ\u00f4mico (Sedec), em parceria com o Governo do Estado e o Servi\u00e7o Nacional de Aprendizagem Industrial [&hellip;]\" \/>\n<meta property=\"og:url\" content=\"https:\/\/compartilhabahia.com.br\/index.php\/2025\/10\/13\/prefeitura-divulga-lista-classificatoria-do-programa-camacari-tec\/\" \/>\n<meta property=\"og:site_name\" content=\"Compartilha Bahia\" \/>\n<meta property=\"article:publisher\" content=\"https:\/\/web.facebook.com\/compartilhabahia\" \/>\n<meta property=\"article:published_time\" content=\"2025-10-13T16:37:43+00:00\" \/>\n<meta property=\"article:modified_time\" content=\"2025-10-13T16:37:47+00:00\" \/>\n<meta property=\"og:image\" content=\"https:\/\/compartilhabahia.com.br\/wp-content\/uploads\/2025\/10\/segov-industria-foto-juliano-sarraf-.jpeg\" \/>\n\t<meta property=\"og:image:width\" content=\"1280\" \/>\n\t<meta property=\"og:image:height\" content=\"853\" \/>\n\t<meta property=\"og:image:type\" content=\"image\/jpeg\" \/>\n<meta name=\"author\" content=\"admin\" \/>\n<meta name=\"twitter:card\" content=\"summary_large_image\" \/>\n<meta name=\"twitter:label1\" content=\"Escrito por\" \/>\n\t<meta name=\"twitter:data1\" content=\"admin\" \/>\n\t<meta name=\"twitter:label2\" content=\"Est. tempo de leitura\" \/>\n\t<meta name=\"twitter:data2\" content=\"2 minutos\" \/>\n<script type=\"application\/ld+json\" class=\"yoast-schema-graph\">{\"@context\":\"https:\/\/schema.org\",\"@graph\":[{\"@type\":\"Article\",\"@id\":\"https:\/\/compartilhabahia.com.br\/index.php\/2025\/10\/13\/prefeitura-divulga-lista-classificatoria-do-programa-camacari-tec\/#article\",\"isPartOf\":{\"@id\":\"https:\/\/compartilhabahia.com.br\/index.php\/2025\/10\/13\/prefeitura-divulga-lista-classificatoria-do-programa-camacari-tec\/\"},\"author\":{\"name\":\"admin\",\"@id\":\"https:\/\/compartilhabahia.com.br\/#\/schema\/person\/9b4f0c3178793b8248d6686732521c04\"},\"headline\":\"Prefeitura divulga lista classificat\u00f3ria do Programa Cama\u00e7ari TEC\",\"datePublished\":\"2025-10-13T16:37:43+00:00\",\"dateModified\":\"2025-10-13T16:37:47+00:00\",\"mainEntityOfPage\":{\"@id\":\"https:\/\/compartilhabahia.com.br\/index.php\/2025\/10\/13\/prefeitura-divulga-lista-classificatoria-do-programa-camacari-tec\/\"},\"wordCount\":509,\"commentCount\":0,\"publisher\":{\"@id\":\"https:\/\/compartilhabahia.com.br\/#organization\"},\"articleSection\":[\"Cama\u00e7ari\"],\"inLanguage\":\"pt-BR\",\"potentialAction\":[{\"@type\":\"CommentAction\",\"name\":\"Comment\",\"target\":[\"https:\/\/compartilhabahia.com.br\/index.php\/2025\/10\/13\/prefeitura-divulga-lista-classificatoria-do-programa-camacari-tec\/#respond\"]}]},{\"@type\":\"WebPage\",\"@id\":\"https:\/\/compartilhabahia.com.br\/index.php\/2025\/10\/13\/prefeitura-divulga-lista-classificatoria-do-programa-camacari-tec\/\",\"url\":\"https:\/\/compartilhabahia.com.br\/index.php\/2025\/10\/13\/prefeitura-divulga-lista-classificatoria-do-programa-camacari-tec\/\",\"name\":\"Prefeitura divulga lista classificat\u00f3ria do Programa Cama\u00e7ari TEC - Compartilha Bahia\",\"isPartOf\":{\"@id\":\"https:\/\/compartilhabahia.com.br\/#website\"},\"datePublished\":\"2025-10-13T16:37:43+00:00\",\"dateModified\":\"2025-10-13T16:37:47+00:00\",\"breadcrumb\":{\"@id\":\"https:\/\/compartilhabahia.com.br\/index.php\/2025\/10\/13\/prefeitura-divulga-lista-classificatoria-do-programa-camacari-tec\/#breadcrumb\"},\"inLanguage\":\"pt-BR\",\"potentialAction\":[{\"@type\":\"ReadAction\",\"target\":[\"https:\/\/compartilhabahia.com.br\/index.php\/2025\/10\/13\/prefeitura-divulga-lista-classificatoria-do-programa-camacari-tec\/\"]}]},{\"@type\":\"BreadcrumbList\",\"@id\":\"https:\/\/compartilhabahia.com.br\/index.php\/2025\/10\/13\/prefeitura-divulga-lista-classificatoria-do-programa-camacari-tec\/#breadcrumb\",\"itemListElement\":[{\"@type\":\"ListItem\",\"position\":1,\"name\":\"In\u00edcio\",\"item\":\"https:\/\/compartilhabahia.com.br\/\"},{\"@type\":\"ListItem\",\"position\":2,\"name\":\"Prefeitura divulga lista classificat\u00f3ria do Programa Cama\u00e7ari TEC\"}]},{\"@type\":\"WebSite\",\"@id\":\"https:\/\/compartilhabahia.com.br\/#website\",\"url\":\"https:\/\/compartilhabahia.com.br\/\",\"name\":\"Compartilha Bahia\",\"description\":\"\",\"publisher\":{\"@id\":\"https:\/\/compartilhabahia.com.br\/#organization\"},\"potentialAction\":[{\"@type\":\"SearchAction\",\"target\":{\"@type\":\"EntryPoint\",\"urlTemplate\":\"https:\/\/compartilhabahia.com.br\/?s={search_term_string}\"},\"query-input\":\"required name=search_term_string\"}],\"inLanguage\":\"pt-BR\"},{\"@type\":\"Organization\",\"@id\":\"https:\/\/compartilhabahia.com.br\/#organization\",\"name\":\"Compartilha Bahia\",\"url\":\"https:\/\/compartilhabahia.com.br\/\",\"logo\":{\"@type\":\"ImageObject\",\"inLanguage\":\"pt-BR\",\"@id\":\"https:\/\/compartilhabahia.com.br\/#\/schema\/logo\/image\/\",\"url\":\"https:\/\/compartilhabahia.com.br\/wp-content\/uploads\/2023\/12\/cropped-logo.png\",\"contentUrl\":\"https:\/\/compartilhabahia.com.br\/wp-content\/uploads\/2023\/12\/cropped-logo.png\",\"width\":300,\"height\":106,\"caption\":\"Compartilha Bahia\"},\"image\":{\"@id\":\"https:\/\/compartilhabahia.com.br\/#\/schema\/logo\/image\/\"},\"sameAs\":[\"https:\/\/web.facebook.com\/compartilhabahia\",\"https:\/\/www.instagram.com\/compartilhabahia\/\"]},{\"@type\":\"Person\",\"@id\":\"https:\/\/compartilhabahia.com.br\/#\/schema\/person\/9b4f0c3178793b8248d6686732521c04\",\"name\":\"admin\",\"image\":{\"@type\":\"ImageObject\",\"inLanguage\":\"pt-BR\",\"@id\":\"https:\/\/compartilhabahia.com.br\/#\/schema\/person\/image\/\",\"url\":\"https:\/\/secure.gravatar.com\/avatar\/9600df58751c5acbe914c538c03390ef649ea088cb65f84ba09c7ce66988eed6?s=96&d=mm&r=g\",\"contentUrl\":\"https:\/\/secure.gravatar.com\/avatar\/9600df58751c5acbe914c538c03390ef649ea088cb65f84ba09c7ce66988eed6?s=96&d=mm&r=g\",\"caption\":\"admin\"},\"sameAs\":[\"https:\/\/compartilhabahia.com.br\"],\"url\":\"https:\/\/compartilhabahia.com.br\/index.php\/author\/compartilhabahia\/\"}]}<\/script>\n<!-- \/ Yoast SEO plugin. -->","yoast_head_json":{"title":"Prefeitura divulga lista classificat\u00f3ria do Programa Cama\u00e7ari TEC - Compartilha Bahia","robots":{"index":"index","follow":"follow","max-snippet":"max-snippet:-1","max-image-preview":"max-image-preview:large","max-video-preview":"max-video-preview:-1"},"canonical":"https:\/\/compartilhabahia.com.br\/index.php\/2025\/10\/13\/prefeitura-divulga-lista-classificatoria-do-programa-camacari-tec\/","og_locale":"pt_BR","og_type":"article","og_title":"Prefeitura divulga lista classificat\u00f3ria do Programa Cama\u00e7ari TEC - Compartilha Bahia","og_description":"A lista com os nomes dos candidatos classificados para as 260 vagas do Cama\u00e7ari TEC, previstas no Edital de Concurso P\u00fablico N\u00ba 001\/2025, j\u00e1 est\u00e1 dispon\u00edvel. O programa \u00e9 promovido pela Prefeitura de Cama\u00e7ari, atrav\u00e9s da Secretaria de Desenvolvimento Econ\u00f4mico (Sedec), em parceria com o Governo do Estado e o Servi\u00e7o Nacional de Aprendizagem Industrial [&hellip;]","og_url":"https:\/\/compartilhabahia.com.br\/index.php\/2025\/10\/13\/prefeitura-divulga-lista-classificatoria-do-programa-camacari-tec\/","og_site_name":"Compartilha Bahia","article_publisher":"https:\/\/web.facebook.com\/compartilhabahia","article_published_time":"2025-10-13T16:37:43+00:00","article_modified_time":"2025-10-13T16:37:47+00:00","og_image":[{"width":1280,"height":853,"url":"https:\/\/compartilhabahia.com.br\/wp-content\/uploads\/2025\/10\/segov-industria-foto-juliano-sarraf-.jpeg","type":"image\/jpeg"}],"author":"admin","twitter_card":"summary_large_image","twitter_misc":{"Escrito por":"admin","Est. tempo de leitura":"2 minutos"},"schema":{"@context":"https:\/\/schema.org","@graph":[{"@type":"Article","@id":"https:\/\/compartilhabahia.com.br\/index.php\/2025\/10\/13\/prefeitura-divulga-lista-classificatoria-do-programa-camacari-tec\/#article","isPartOf":{"@id":"https:\/\/compartilhabahia.com.br\/index.php\/2025\/10\/13\/prefeitura-divulga-lista-classificatoria-do-programa-camacari-tec\/"},"author":{"name":"admin","@id":"https:\/\/compartilhabahia.com.br\/#\/schema\/person\/9b4f0c3178793b8248d6686732521c04"},"headline":"Prefeitura divulga lista classificat\u00f3ria do Programa Cama\u00e7ari TEC","datePublished":"2025-10-13T16:37:43+00:00","dateModified":"2025-10-13T16:37:47+00:00","mainEntityOfPage":{"@id":"https:\/\/compartilhabahia.com.br\/index.php\/2025\/10\/13\/prefeitura-divulga-lista-classificatoria-do-programa-camacari-tec\/"},"wordCount":509,"commentCount":0,"publisher":{"@id":"https:\/\/compartilhabahia.com.br\/#organization"},"articleSection":["Cama\u00e7ari"],"inLanguage":"pt-BR","potentialAction":[{"@type":"CommentAction","name":"Comment","target":["https:\/\/compartilhabahia.com.br\/index.php\/2025\/10\/13\/prefeitura-divulga-lista-classificatoria-do-programa-camacari-tec\/#respond"]}]},{"@type":"WebPage","@id":"https:\/\/compartilhabahia.com.br\/index.php\/2025\/10\/13\/prefeitura-divulga-lista-classificatoria-do-programa-camacari-tec\/","url":"https:\/\/compartilhabahia.com.br\/index.php\/2025\/10\/13\/prefeitura-divulga-lista-classificatoria-do-programa-camacari-tec\/","name":"Prefeitura divulga lista classificat\u00f3ria do Programa Cama\u00e7ari TEC - Compartilha Bahia","isPartOf":{"@id":"https:\/\/compartilhabahia.com.br\/#website"},"datePublished":"2025-10-13T16:37:43+00:00","dateModified":"2025-10-13T16:37:47+00:00","breadcrumb":{"@id":"https:\/\/compartilhabahia.com.br\/index.php\/2025\/10\/13\/prefeitura-divulga-lista-classificatoria-do-programa-camacari-tec\/#breadcrumb"},"inLanguage":"pt-BR","potentialAction":[{"@type":"ReadAction","target":["https:\/\/compartilhabahia.com.br\/index.php\/2025\/10\/13\/prefeitura-divulga-lista-classificatoria-do-programa-camacari-tec\/"]}]},{"@type":"BreadcrumbList","@id":"https:\/\/compartilhabahia.com.br\/index.php\/2025\/10\/13\/prefeitura-divulga-lista-classificatoria-do-programa-camacari-tec\/#breadcrumb","itemListElement":[{"@type":"ListItem","position":1,"name":"In\u00edcio","item":"https:\/\/compartilhabahia.com.br\/"},{"@type":"ListItem","position":2,"name":"Prefeitura divulga lista classificat\u00f3ria do Programa Cama\u00e7ari TEC"}]},{"@type":"WebSite","@id":"https:\/\/compartilhabahia.com.br\/#website","url":"https:\/\/compartilhabahia.com.br\/","name":"Compartilha Bahia","description":"","publisher":{"@id":"https:\/\/compartilhabahia.com.br\/#organization"},"potentialAction":[{"@type":"SearchAction","target":{"@type":"EntryPoint","urlTemplate":"https:\/\/compartilhabahia.com.br\/?s={search_term_string}"},"query-input":"required name=search_term_string"}],"inLanguage":"pt-BR"},{"@type":"Organization","@id":"https:\/\/compartilhabahia.com.br\/#organization","name":"Compartilha Bahia","url":"https:\/\/compartilhabahia.com.br\/","logo":{"@type":"ImageObject","inLanguage":"pt-BR","@id":"https:\/\/compartilhabahia.com.br\/#\/schema\/logo\/image\/","url":"https:\/\/compartilhabahia.com.br\/wp-content\/uploads\/2023\/12\/cropped-logo.png","contentUrl":"https:\/\/compartilhabahia.com.br\/wp-content\/uploads\/2023\/12\/cropped-logo.png","width":300,"height":106,"caption":"Compartilha Bahia"},"image":{"@id":"https:\/\/compartilhabahia.com.br\/#\/schema\/logo\/image\/"},"sameAs":["https:\/\/web.facebook.com\/compartilhabahia","https:\/\/www.instagram.com\/compartilhabahia\/"]},{"@type":"Person","@id":"https:\/\/compartilhabahia.com.br\/#\/schema\/person\/9b4f0c3178793b8248d6686732521c04","name":"admin","image":{"@type":"ImageObject","inLanguage":"pt-BR","@id":"https:\/\/compartilhabahia.com.br\/#\/schema\/person\/image\/","url":"https:\/\/secure.gravatar.com\/avatar\/9600df58751c5acbe914c538c03390ef649ea088cb65f84ba09c7ce66988eed6?s=96&d=mm&r=g","contentUrl":"https:\/\/secure.gravatar.com\/avatar\/9600df58751c5acbe914c538c03390ef649ea088cb65f84ba09c7ce66988eed6?s=96&d=mm&r=g","caption":"admin"},"sameAs":["https:\/\/compartilhabahia.com.br"],"url":"https:\/\/compartilhabahia.com.br\/index.php\/author\/compartilhabahia\/"}]}},"_links":{"self":[{"href":"https:\/\/compartilhabahia.com.br\/index.php\/wp-json\/wp\/v2\/posts\/8165","targetHints":{"allow":["GET"]}}],"collection":[{"href":"https:\/\/compartilhabahia.com.br\/index.php\/wp-json\/wp\/v2\/posts"}],"about":[{"href":"https:\/\/compartilhabahia.com.br\/index.php\/wp-json\/wp\/v2\/types\/post"}],"author":[{"embeddable":true,"href":"https:\/\/compartilhabahia.com.br\/index.php\/wp-json\/wp\/v2\/users\/1"}],"replies":[{"embeddable":true,"href":"https:\/\/compartilhabahia.com.br\/index.php\/wp-json\/wp\/v2\/comments?post=8165"}],"version-history":[{"count":1,"href":"https:\/\/compartilhabahia.com.br\/index.php\/wp-json\/wp\/v2\/posts\/8165\/revisions"}],"predecessor-version":[{"id":8167,"href":"https:\/\/compartilhabahia.com.br\/index.php\/wp-json\/wp\/v2\/posts\/8165\/revisions\/8167"}],"wp:featuredmedia":[{"embeddable":true,"href":"https:\/\/compartilhabahia.com.br\/index.php\/wp-json\/wp\/v2\/media\/8166"}],"wp:attachment":[{"href":"https:\/\/compartilhabahia.com.br\/index.php\/wp-json\/wp\/v2\/media?parent=8165"}],"wp:term":[{"taxonomy":"category","embeddable":true,"href":"https:\/\/compartilhabahia.com.br\/index.php\/wp-json\/wp\/v2\/categories?post=8165"},{"taxonomy":"post_tag","embeddable":true,"href":"https:\/\/compartilhabahia.com.br\/index.php\/wp-json\/wp\/v2\/tags?post=8165"}],"curies":[{"name":"wp","href":"https:\/\/api.w.org\/{rel}","templated":true}]}}