{"id":8160,"date":"2025-10-13T13:19:25","date_gmt":"2025-10-13T16:19:25","guid":{"rendered":"https:\/\/compartilhabahia.com.br\/?p=8160"},"modified":"2025-10-13T13:19:55","modified_gmt":"2025-10-13T16:19:55","slug":"festa-do-dia-das-criancas-transforma-praca-da-simpatia-em-parque-dos-sonhos-de-inclusao-diversao-e-encanto","status":"publish","type":"post","link":"https:\/\/compartilhabahia.com.br\/index.php\/2025\/10\/13\/festa-do-dia-das-criancas-transforma-praca-da-simpatia-em-parque-dos-sonhos-de-inclusao-diversao-e-encanto\/","title":{"rendered":"Festa do Dia das Crian\u00e7as transforma Pra\u00e7a da Simpatia em \u201cParque dos Sonhos\u201d de inclus\u00e3o, divers\u00e3o e encanto"},"content":{"rendered":"\n<p>Neste domingo (12), a Pra\u00e7a da Simpatia se transformou no \u201cParque dos Sonhos &#8211; Um mundo m\u00e1gico feito para sonhar e brincar\u201d. A atmosfera de encantamento, risos e magia foi o retrato das comemora\u00e7\u00f5es do Dia das Crian\u00e7as, promovida pela Prefeitura de Cama\u00e7ari, por meio da Secretaria de Desenvolvimento Social e Cidadania (Sedes) e com apoio de outras pastas e \u00f3rg\u00e3os municipais.<\/p>\n\n\n\n<p>\u201cHoje \u00e9 um daqueles dias em que o cora\u00e7\u00e3o bate mais forte. Ver o sorriso de cada crian\u00e7a aqui no nosso Parque dos Sonhos \u00e9 a maior recompensa que podemos ter. Essa festa \u00e9 muito mais do que brinquedos e divers\u00e3o. \u00c9 um gesto de amor, inclus\u00e3o e compromisso, porque cuidar das crian\u00e7as \u00e9 cuidar de uma Cama\u00e7ari mais feliz e cheia de esperan\u00e7a\u201d, afirmou o prefeito Luiz Caetano.<\/p>\n\n\n\n<p>Dentro do Horto, peda\u00e7o de natureza viva, o tempo desacelerou e a ludicidade infantil ganhou destaque, despertando a criatividade e a imagina\u00e7\u00e3o dos pequenos. Oficinas art\u00edsticas, pintura facial, espa\u00e7o instagram\u00e1vel, muitos brinquedos e divers\u00e3o se espalharam entre as trilhas e pavilh\u00f5es do espa\u00e7o. O cen\u00e1rio era de crian\u00e7as que criavam com as m\u00e3os e com o cora\u00e7\u00e3o. O som das brincadeiras e das atra\u00e7\u00f5es musicais se misturava ao canto dos p\u00e1ssaros.<\/p>\n\n\n\n<p>\u201cNunca tinha visto algo t\u00e3o bonito. Estou realmente encantada. Fiz quest\u00e3o de vir cedo com minha menina para aproveitar bastante\u201d, revelou Lidiane Souza Teles, 42 anos, moradora do bairro 2 de Julho e m\u00e3e de Layza Teles Queiroz, 6 anos.<\/p>\n\n\n\n<p>A pequena, por sua vez, era s\u00f3 sorrisos. \u201cDisse para minha m\u00e3e que estava muito ansiosa, contando as horas. J\u00e1 comi muita pizza e vou ainda comer churros e pipoca e, claro, brincar nos brinquedos. N\u00e3o d\u00e1 vontade de ir embora\u201d, revelou Layza.<\/p>\n\n\n\n<p>Outro destaque foi a distribui\u00e7\u00e3o de brinquedos. A jovem Vit\u00f3ria Concei\u00e7\u00e3o, 19 anos, trouxe as filhas Helena Sales, 2 anos, e Mayra Sales, 4 meses, para aproveitar o dia. \u201cComo est\u00e1vamos ansiosos por esse momento. Todo ano era tudo muito igual e a gente chega hoje aqui e se depara com esse verdadeiro Parque dos Sonhos. Est\u00e1 tudo lindo, muita diversidade de brinquedos, muito colorido, saio daqui com o cora\u00e7\u00e3o de m\u00e3e muito grato\u201d, afirmou.<\/p>\n\n\n\n<p>No cora\u00e7\u00e3o do Horto Florestal, um ambiente chamou aten\u00e7\u00e3o: o Espa\u00e7o da Inclus\u00e3o, voltado \u00e0s crian\u00e7as com Transtorno do Espectro Autista (TEA) e demais defici\u00eancias, como intelectual, f\u00edsica e auditiva, entre outras. Por l\u00e1, tudo foi pensado para garantir conforto e respeito: ilumina\u00e7\u00e3o suave, est\u00edmulos reduzidos, oficina de Lego, desenho e pintura, materiais sensoriais e uma equipe de profissionais preparados, que permitiram \u00e0s crian\u00e7as aproveitar o dia com seguran\u00e7a, liberdade e acolhimento.<\/p>\n\n\n\n<p>\u201cMuito contente em ver a preocupa\u00e7\u00e3o, este ano, em realmente proporcionar alegria para as crian\u00e7as, sem distin\u00e7\u00f5es, incluindo as crian\u00e7as com diversas defici\u00eancias, as pessoas at\u00edpicas. Foi pensado em tudo, at\u00e9 mesmo em conforto para as m\u00e3es at\u00edpicas. \u00c9 um dia de celebra\u00e7\u00e3o, de inclus\u00e3o\u201d, pontuou Fredsom Soares, coordenador de Pol\u00edticas P\u00fablicas para Pessoas com Defici\u00eancia da Sedes.<\/p>\n\n\n\n<p>Maria Tatiane Jesus, 45 anos, \u00e9 m\u00e3e at\u00edpica e veio de Barra do Pojuca para curtir a programa\u00e7\u00e3o com os filhos Matheus de Jesus, 12 anos, e Ta\u00edssa Vit\u00f3ria de Jesus, 13 anos, ambos autistas de n\u00edvel de suporte 2. \u201cQuando vi que teria esse ambiente para meus filhos n\u00e3o pensei duas vezes, arrumei e vim com eles, porque n\u00e3o \u00e9 em todo lugar que encontro esse acolhimento. Eles nunca puderam participar das festividades das crian\u00e7as no munic\u00edpio, mas este ano estamos aqui. Para o cora\u00e7\u00e3o de m\u00e3e, n\u00e3o tem presente melhor\u201d, celebrou.<\/p>\n\n\n\n<p>A coordenadora de eventos, Aline Marques, destacou a import\u00e2ncia do cuidado com a diversidade infantil. \u201c\u00c9 uma a\u00e7\u00e3o de governo, encabe\u00e7ada pela Sedes, junto com a Coordena\u00e7\u00e3o de Eventos e demais secretarias. A proposta vai al\u00e9m da divers\u00e3o. \u00c9 sobre criar experi\u00eancias significativas para todas as crian\u00e7as, inclusive aquelas que muitas vezes s\u00e3o esquecidas em eventos desse porte. O espa\u00e7o inclusivo \u00e9 uma conquista da cidade, que hoje mostra que sonhar e brincar \u00e9 um direito de todos. Trouxe tamb\u00e9m meu filho Bernardo, de 3 anos, e meus pais para aproveitarem esse dia, que \u00e9 para toda a comunidade, para toda a fam\u00edlia\u201d, afirmou.<\/p>\n\n\n\n<p>Na grade de atra\u00e7\u00f5es, estiveram o grupo Musiflor, palha\u00e7os, princesas, manifesta\u00e7\u00f5es culturais e tamb\u00e9m a irrever\u00eancia da Extraordin\u00e1ria Cia de Atores Caldo de Cana, criada em 2005. Sob o talento de quatro artistas da terra, a apresenta\u00e7\u00e3o da turma envolveu m\u00fasica, dan\u00e7a e conta\u00e7\u00e3o de hist\u00f3rias.<\/p>\n\n\n\n<p>\u201cPreparamos um conte\u00fado que vai dialogar com todas as idades, misturando can\u00e7\u00f5es, palha\u00e7aria, despertando a magia e o lado imagin\u00e1rio das crian\u00e7as, para que saiam daqui com muitas mem\u00f3rias afetivas desse dia t\u00e3o representativo\u201d, explicou Daniel Dali, idealizador da trupe, ainda composta pelos atores Paulo Papel e Jany Silva.<\/p>\n\n\n\n<p>A cada risada, tra\u00e7o de giz ou abra\u00e7o t\u00edmido, fica clara a mensagem de que, quando o sonho \u00e9 coletivo, ningu\u00e9m fica de fora. A programa\u00e7\u00e3o gratuita seguiu at\u00e9 as 17h, com atra\u00e7\u00f5es em toda a Pra\u00e7a da Simpatia e a presen\u00e7a de cerca de 25 mil pessoas.<\/p>\n\n\n\n<p>Fotos dispon\u00edveis no link<\/p>\n\n\n\n<p><a href=\"https:\/\/flic.kr\/s\/aHBqj\">https:\/\/flic.kr\/s\/aHBqj<\/a><\/p>\n\n\n\n<p>Foto: Juliano Sarraf, Patrick Abreu e William Rocha<\/p>\n\n\n\n<figure class=\"wp-block-image size-full\"><img loading=\"lazy\" decoding=\"async\" width=\"1023\" height=\"682\" src=\"https:\/\/compartilhabahia.com.br\/wp-content\/uploads\/2025\/10\/54850297435_51f6c225b9_b.jpg\" alt=\"\" class=\"wp-image-8162\" srcset=\"https:\/\/compartilhabahia.com.br\/wp-content\/uploads\/2025\/10\/54850297435_51f6c225b9_b.jpg 1023w, https:\/\/compartilhabahia.com.br\/wp-content\/uploads\/2025\/10\/54850297435_51f6c225b9_b-300x200.jpg 300w, https:\/\/compartilhabahia.com.br\/wp-content\/uploads\/2025\/10\/54850297435_51f6c225b9_b-768x512.jpg 768w\" sizes=\"auto, (max-width: 1023px) 100vw, 1023px\" \/><\/figure>\n","protected":false},"excerpt":{"rendered":"<p>Neste domingo (12), a Pra\u00e7a da Simpatia se transformou no \u201cParque dos Sonhos &#8211; Um mundo m\u00e1gico feito para sonhar e brincar\u201d. A atmosfera de encantamento, risos e magia foi o retrato das comemora\u00e7\u00f5es do Dia das Crian\u00e7as, promovida pela Prefeitura de Cama\u00e7ari, por meio da Secretaria de Desenvolvimento Social e Cidadania (Sedes) e com [&hellip;]<\/p>\n","protected":false},"author":1,"featured_media":8161,"comment_status":"open","ping_status":"open","sticky":false,"template":"","format":"standard","meta":{"footnotes":""},"categories":[8],"tags":[],"class_list":["post-8160","post","type-post","status-publish","format-standard","has-post-thumbnail","hentry","category-camacari"],"yoast_head":"<!-- This site is optimized with the Yoast SEO plugin v21.7 - https:\/\/yoast.com\/wordpress\/plugins\/seo\/ -->\n<title>Festa do Dia das Crian\u00e7as transforma Pra\u00e7a da Simpatia em \u201cParque dos Sonhos\u201d de inclus\u00e3o, divers\u00e3o e encanto - Compartilha Bahia<\/title>\n<meta name=\"robots\" content=\"index, follow, max-snippet:-1, max-image-preview:large, max-video-preview:-1\" \/>\n<link rel=\"canonical\" href=\"https:\/\/compartilhabahia.com.br\/index.php\/2025\/10\/13\/festa-do-dia-das-criancas-transforma-praca-da-simpatia-em-parque-dos-sonhos-de-inclusao-diversao-e-encanto\/\" \/>\n<meta property=\"og:locale\" content=\"pt_BR\" \/>\n<meta property=\"og:type\" content=\"article\" \/>\n<meta property=\"og:title\" content=\"Festa do Dia das Crian\u00e7as transforma Pra\u00e7a da Simpatia em \u201cParque dos Sonhos\u201d de inclus\u00e3o, divers\u00e3o e encanto - Compartilha Bahia\" \/>\n<meta property=\"og:description\" content=\"Neste domingo (12), a Pra\u00e7a da Simpatia se transformou no \u201cParque dos Sonhos &#8211; Um mundo m\u00e1gico feito para sonhar e brincar\u201d. A atmosfera de encantamento, risos e magia foi o retrato das comemora\u00e7\u00f5es do Dia das Crian\u00e7as, promovida pela Prefeitura de Cama\u00e7ari, por meio da Secretaria de Desenvolvimento Social e Cidadania (Sedes) e com [&hellip;]\" \/>\n<meta property=\"og:url\" content=\"https:\/\/compartilhabahia.com.br\/index.php\/2025\/10\/13\/festa-do-dia-das-criancas-transforma-praca-da-simpatia-em-parque-dos-sonhos-de-inclusao-diversao-e-encanto\/\" \/>\n<meta property=\"og:site_name\" content=\"Compartilha Bahia\" \/>\n<meta property=\"article:publisher\" content=\"https:\/\/web.facebook.com\/compartilhabahia\" \/>\n<meta property=\"article:published_time\" content=\"2025-10-13T16:19:25+00:00\" \/>\n<meta property=\"article:modified_time\" content=\"2025-10-13T16:19:55+00:00\" \/>\n<meta property=\"og:image\" content=\"https:\/\/compartilhabahia.com.br\/wp-content\/uploads\/2025\/10\/54849990671_46e1cd1ceb_b.jpg\" \/>\n\t<meta property=\"og:image:width\" content=\"1023\" \/>\n\t<meta property=\"og:image:height\" content=\"682\" \/>\n\t<meta property=\"og:image:type\" content=\"image\/jpeg\" \/>\n<meta name=\"author\" content=\"admin\" \/>\n<meta name=\"twitter:card\" content=\"summary_large_image\" \/>\n<meta name=\"twitter:label1\" content=\"Escrito por\" \/>\n\t<meta name=\"twitter:data1\" content=\"admin\" \/>\n\t<meta name=\"twitter:label2\" content=\"Est. tempo de leitura\" \/>\n\t<meta name=\"twitter:data2\" content=\"6 minutos\" \/>\n<script type=\"application\/ld+json\" class=\"yoast-schema-graph\">{\"@context\":\"https:\/\/schema.org\",\"@graph\":[{\"@type\":\"Article\",\"@id\":\"https:\/\/compartilhabahia.com.br\/index.php\/2025\/10\/13\/festa-do-dia-das-criancas-transforma-praca-da-simpatia-em-parque-dos-sonhos-de-inclusao-diversao-e-encanto\/#article\",\"isPartOf\":{\"@id\":\"https:\/\/compartilhabahia.com.br\/index.php\/2025\/10\/13\/festa-do-dia-das-criancas-transforma-praca-da-simpatia-em-parque-dos-sonhos-de-inclusao-diversao-e-encanto\/\"},\"author\":{\"name\":\"admin\",\"@id\":\"https:\/\/compartilhabahia.com.br\/#\/schema\/person\/9b4f0c3178793b8248d6686732521c04\"},\"headline\":\"Festa do Dia das Crian\u00e7as transforma Pra\u00e7a da Simpatia em \u201cParque dos Sonhos\u201d de inclus\u00e3o, divers\u00e3o e encanto\",\"datePublished\":\"2025-10-13T16:19:25+00:00\",\"dateModified\":\"2025-10-13T16:19:55+00:00\",\"mainEntityOfPage\":{\"@id\":\"https:\/\/compartilhabahia.com.br\/index.php\/2025\/10\/13\/festa-do-dia-das-criancas-transforma-praca-da-simpatia-em-parque-dos-sonhos-de-inclusao-diversao-e-encanto\/\"},\"wordCount\":955,\"commentCount\":0,\"publisher\":{\"@id\":\"https:\/\/compartilhabahia.com.br\/#organization\"},\"articleSection\":[\"Cama\u00e7ari\"],\"inLanguage\":\"pt-BR\",\"potentialAction\":[{\"@type\":\"CommentAction\",\"name\":\"Comment\",\"target\":[\"https:\/\/compartilhabahia.com.br\/index.php\/2025\/10\/13\/festa-do-dia-das-criancas-transforma-praca-da-simpatia-em-parque-dos-sonhos-de-inclusao-diversao-e-encanto\/#respond\"]}]},{\"@type\":\"WebPage\",\"@id\":\"https:\/\/compartilhabahia.com.br\/index.php\/2025\/10\/13\/festa-do-dia-das-criancas-transforma-praca-da-simpatia-em-parque-dos-sonhos-de-inclusao-diversao-e-encanto\/\",\"url\":\"https:\/\/compartilhabahia.com.br\/index.php\/2025\/10\/13\/festa-do-dia-das-criancas-transforma-praca-da-simpatia-em-parque-dos-sonhos-de-inclusao-diversao-e-encanto\/\",\"name\":\"Festa do Dia das Crian\u00e7as transforma Pra\u00e7a da Simpatia em \u201cParque dos Sonhos\u201d de inclus\u00e3o, divers\u00e3o e encanto - Compartilha Bahia\",\"isPartOf\":{\"@id\":\"https:\/\/compartilhabahia.com.br\/#website\"},\"datePublished\":\"2025-10-13T16:19:25+00:00\",\"dateModified\":\"2025-10-13T16:19:55+00:00\",\"breadcrumb\":{\"@id\":\"https:\/\/compartilhabahia.com.br\/index.php\/2025\/10\/13\/festa-do-dia-das-criancas-transforma-praca-da-simpatia-em-parque-dos-sonhos-de-inclusao-diversao-e-encanto\/#breadcrumb\"},\"inLanguage\":\"pt-BR\",\"potentialAction\":[{\"@type\":\"ReadAction\",\"target\":[\"https:\/\/compartilhabahia.com.br\/index.php\/2025\/10\/13\/festa-do-dia-das-criancas-transforma-praca-da-simpatia-em-parque-dos-sonhos-de-inclusao-diversao-e-encanto\/\"]}]},{\"@type\":\"BreadcrumbList\",\"@id\":\"https:\/\/compartilhabahia.com.br\/index.php\/2025\/10\/13\/festa-do-dia-das-criancas-transforma-praca-da-simpatia-em-parque-dos-sonhos-de-inclusao-diversao-e-encanto\/#breadcrumb\",\"itemListElement\":[{\"@type\":\"ListItem\",\"position\":1,\"name\":\"In\u00edcio\",\"item\":\"https:\/\/compartilhabahia.com.br\/\"},{\"@type\":\"ListItem\",\"position\":2,\"name\":\"Festa do Dia das Crian\u00e7as transforma Pra\u00e7a da Simpatia em \u201cParque dos Sonhos\u201d de inclus\u00e3o, divers\u00e3o e encanto\"}]},{\"@type\":\"WebSite\",\"@id\":\"https:\/\/compartilhabahia.com.br\/#website\",\"url\":\"https:\/\/compartilhabahia.com.br\/\",\"name\":\"Compartilha Bahia\",\"description\":\"\",\"publisher\":{\"@id\":\"https:\/\/compartilhabahia.com.br\/#organization\"},\"potentialAction\":[{\"@type\":\"SearchAction\",\"target\":{\"@type\":\"EntryPoint\",\"urlTemplate\":\"https:\/\/compartilhabahia.com.br\/?s={search_term_string}\"},\"query-input\":\"required name=search_term_string\"}],\"inLanguage\":\"pt-BR\"},{\"@type\":\"Organization\",\"@id\":\"https:\/\/compartilhabahia.com.br\/#organization\",\"name\":\"Compartilha Bahia\",\"url\":\"https:\/\/compartilhabahia.com.br\/\",\"logo\":{\"@type\":\"ImageObject\",\"inLanguage\":\"pt-BR\",\"@id\":\"https:\/\/compartilhabahia.com.br\/#\/schema\/logo\/image\/\",\"url\":\"https:\/\/compartilhabahia.com.br\/wp-content\/uploads\/2023\/12\/cropped-logo.png\",\"contentUrl\":\"https:\/\/compartilhabahia.com.br\/wp-content\/uploads\/2023\/12\/cropped-logo.png\",\"width\":300,\"height\":106,\"caption\":\"Compartilha Bahia\"},\"image\":{\"@id\":\"https:\/\/compartilhabahia.com.br\/#\/schema\/logo\/image\/\"},\"sameAs\":[\"https:\/\/web.facebook.com\/compartilhabahia\",\"https:\/\/www.instagram.com\/compartilhabahia\/\"]},{\"@type\":\"Person\",\"@id\":\"https:\/\/compartilhabahia.com.br\/#\/schema\/person\/9b4f0c3178793b8248d6686732521c04\",\"name\":\"admin\",\"image\":{\"@type\":\"ImageObject\",\"inLanguage\":\"pt-BR\",\"@id\":\"https:\/\/compartilhabahia.com.br\/#\/schema\/person\/image\/\",\"url\":\"https:\/\/secure.gravatar.com\/avatar\/9600df58751c5acbe914c538c03390ef649ea088cb65f84ba09c7ce66988eed6?s=96&d=mm&r=g\",\"contentUrl\":\"https:\/\/secure.gravatar.com\/avatar\/9600df58751c5acbe914c538c03390ef649ea088cb65f84ba09c7ce66988eed6?s=96&d=mm&r=g\",\"caption\":\"admin\"},\"sameAs\":[\"https:\/\/compartilhabahia.com.br\"],\"url\":\"https:\/\/compartilhabahia.com.br\/index.php\/author\/compartilhabahia\/\"}]}<\/script>\n<!-- \/ Yoast SEO plugin. -->","yoast_head_json":{"title":"Festa do Dia das Crian\u00e7as transforma Pra\u00e7a da Simpatia em \u201cParque dos Sonhos\u201d de inclus\u00e3o, divers\u00e3o e encanto - Compartilha Bahia","robots":{"index":"index","follow":"follow","max-snippet":"max-snippet:-1","max-image-preview":"max-image-preview:large","max-video-preview":"max-video-preview:-1"},"canonical":"https:\/\/compartilhabahia.com.br\/index.php\/2025\/10\/13\/festa-do-dia-das-criancas-transforma-praca-da-simpatia-em-parque-dos-sonhos-de-inclusao-diversao-e-encanto\/","og_locale":"pt_BR","og_type":"article","og_title":"Festa do Dia das Crian\u00e7as transforma Pra\u00e7a da Simpatia em \u201cParque dos Sonhos\u201d de inclus\u00e3o, divers\u00e3o e encanto - Compartilha Bahia","og_description":"Neste domingo (12), a Pra\u00e7a da Simpatia se transformou no \u201cParque dos Sonhos &#8211; Um mundo m\u00e1gico feito para sonhar e brincar\u201d. A atmosfera de encantamento, risos e magia foi o retrato das comemora\u00e7\u00f5es do Dia das Crian\u00e7as, promovida pela Prefeitura de Cama\u00e7ari, por meio da Secretaria de Desenvolvimento Social e Cidadania (Sedes) e com [&hellip;]","og_url":"https:\/\/compartilhabahia.com.br\/index.php\/2025\/10\/13\/festa-do-dia-das-criancas-transforma-praca-da-simpatia-em-parque-dos-sonhos-de-inclusao-diversao-e-encanto\/","og_site_name":"Compartilha Bahia","article_publisher":"https:\/\/web.facebook.com\/compartilhabahia","article_published_time":"2025-10-13T16:19:25+00:00","article_modified_time":"2025-10-13T16:19:55+00:00","og_image":[{"width":1023,"height":682,"url":"https:\/\/compartilhabahia.com.br\/wp-content\/uploads\/2025\/10\/54849990671_46e1cd1ceb_b.jpg","type":"image\/jpeg"}],"author":"admin","twitter_card":"summary_large_image","twitter_misc":{"Escrito por":"admin","Est. tempo de leitura":"6 minutos"},"schema":{"@context":"https:\/\/schema.org","@graph":[{"@type":"Article","@id":"https:\/\/compartilhabahia.com.br\/index.php\/2025\/10\/13\/festa-do-dia-das-criancas-transforma-praca-da-simpatia-em-parque-dos-sonhos-de-inclusao-diversao-e-encanto\/#article","isPartOf":{"@id":"https:\/\/compartilhabahia.com.br\/index.php\/2025\/10\/13\/festa-do-dia-das-criancas-transforma-praca-da-simpatia-em-parque-dos-sonhos-de-inclusao-diversao-e-encanto\/"},"author":{"name":"admin","@id":"https:\/\/compartilhabahia.com.br\/#\/schema\/person\/9b4f0c3178793b8248d6686732521c04"},"headline":"Festa do Dia das Crian\u00e7as transforma Pra\u00e7a da Simpatia em \u201cParque dos Sonhos\u201d de inclus\u00e3o, divers\u00e3o e encanto","datePublished":"2025-10-13T16:19:25+00:00","dateModified":"2025-10-13T16:19:55+00:00","mainEntityOfPage":{"@id":"https:\/\/compartilhabahia.com.br\/index.php\/2025\/10\/13\/festa-do-dia-das-criancas-transforma-praca-da-simpatia-em-parque-dos-sonhos-de-inclusao-diversao-e-encanto\/"},"wordCount":955,"commentCount":0,"publisher":{"@id":"https:\/\/compartilhabahia.com.br\/#organization"},"articleSection":["Cama\u00e7ari"],"inLanguage":"pt-BR","potentialAction":[{"@type":"CommentAction","name":"Comment","target":["https:\/\/compartilhabahia.com.br\/index.php\/2025\/10\/13\/festa-do-dia-das-criancas-transforma-praca-da-simpatia-em-parque-dos-sonhos-de-inclusao-diversao-e-encanto\/#respond"]}]},{"@type":"WebPage","@id":"https:\/\/compartilhabahia.com.br\/index.php\/2025\/10\/13\/festa-do-dia-das-criancas-transforma-praca-da-simpatia-em-parque-dos-sonhos-de-inclusao-diversao-e-encanto\/","url":"https:\/\/compartilhabahia.com.br\/index.php\/2025\/10\/13\/festa-do-dia-das-criancas-transforma-praca-da-simpatia-em-parque-dos-sonhos-de-inclusao-diversao-e-encanto\/","name":"Festa do Dia das Crian\u00e7as transforma Pra\u00e7a da Simpatia em \u201cParque dos Sonhos\u201d de inclus\u00e3o, divers\u00e3o e encanto - Compartilha Bahia","isPartOf":{"@id":"https:\/\/compartilhabahia.com.br\/#website"},"datePublished":"2025-10-13T16:19:25+00:00","dateModified":"2025-10-13T16:19:55+00:00","breadcrumb":{"@id":"https:\/\/compartilhabahia.com.br\/index.php\/2025\/10\/13\/festa-do-dia-das-criancas-transforma-praca-da-simpatia-em-parque-dos-sonhos-de-inclusao-diversao-e-encanto\/#breadcrumb"},"inLanguage":"pt-BR","potentialAction":[{"@type":"ReadAction","target":["https:\/\/compartilhabahia.com.br\/index.php\/2025\/10\/13\/festa-do-dia-das-criancas-transforma-praca-da-simpatia-em-parque-dos-sonhos-de-inclusao-diversao-e-encanto\/"]}]},{"@type":"BreadcrumbList","@id":"https:\/\/compartilhabahia.com.br\/index.php\/2025\/10\/13\/festa-do-dia-das-criancas-transforma-praca-da-simpatia-em-parque-dos-sonhos-de-inclusao-diversao-e-encanto\/#breadcrumb","itemListElement":[{"@type":"ListItem","position":1,"name":"In\u00edcio","item":"https:\/\/compartilhabahia.com.br\/"},{"@type":"ListItem","position":2,"name":"Festa do Dia das Crian\u00e7as transforma Pra\u00e7a da Simpatia em \u201cParque dos Sonhos\u201d de inclus\u00e3o, divers\u00e3o e encanto"}]},{"@type":"WebSite","@id":"https:\/\/compartilhabahia.com.br\/#website","url":"https:\/\/compartilhabahia.com.br\/","name":"Compartilha Bahia","description":"","publisher":{"@id":"https:\/\/compartilhabahia.com.br\/#organization"},"potentialAction":[{"@type":"SearchAction","target":{"@type":"EntryPoint","urlTemplate":"https:\/\/compartilhabahia.com.br\/?s={search_term_string}"},"query-input":"required name=search_term_string"}],"inLanguage":"pt-BR"},{"@type":"Organization","@id":"https:\/\/compartilhabahia.com.br\/#organization","name":"Compartilha Bahia","url":"https:\/\/compartilhabahia.com.br\/","logo":{"@type":"ImageObject","inLanguage":"pt-BR","@id":"https:\/\/compartilhabahia.com.br\/#\/schema\/logo\/image\/","url":"https:\/\/compartilhabahia.com.br\/wp-content\/uploads\/2023\/12\/cropped-logo.png","contentUrl":"https:\/\/compartilhabahia.com.br\/wp-content\/uploads\/2023\/12\/cropped-logo.png","width":300,"height":106,"caption":"Compartilha Bahia"},"image":{"@id":"https:\/\/compartilhabahia.com.br\/#\/schema\/logo\/image\/"},"sameAs":["https:\/\/web.facebook.com\/compartilhabahia","https:\/\/www.instagram.com\/compartilhabahia\/"]},{"@type":"Person","@id":"https:\/\/compartilhabahia.com.br\/#\/schema\/person\/9b4f0c3178793b8248d6686732521c04","name":"admin","image":{"@type":"ImageObject","inLanguage":"pt-BR","@id":"https:\/\/compartilhabahia.com.br\/#\/schema\/person\/image\/","url":"https:\/\/secure.gravatar.com\/avatar\/9600df58751c5acbe914c538c03390ef649ea088cb65f84ba09c7ce66988eed6?s=96&d=mm&r=g","contentUrl":"https:\/\/secure.gravatar.com\/avatar\/9600df58751c5acbe914c538c03390ef649ea088cb65f84ba09c7ce66988eed6?s=96&d=mm&r=g","caption":"admin"},"sameAs":["https:\/\/compartilhabahia.com.br"],"url":"https:\/\/compartilhabahia.com.br\/index.php\/author\/compartilhabahia\/"}]}},"_links":{"self":[{"href":"https:\/\/compartilhabahia.com.br\/index.php\/wp-json\/wp\/v2\/posts\/8160","targetHints":{"allow":["GET"]}}],"collection":[{"href":"https:\/\/compartilhabahia.com.br\/index.php\/wp-json\/wp\/v2\/posts"}],"about":[{"href":"https:\/\/compartilhabahia.com.br\/index.php\/wp-json\/wp\/v2\/types\/post"}],"author":[{"embeddable":true,"href":"https:\/\/compartilhabahia.com.br\/index.php\/wp-json\/wp\/v2\/users\/1"}],"replies":[{"embeddable":true,"href":"https:\/\/compartilhabahia.com.br\/index.php\/wp-json\/wp\/v2\/comments?post=8160"}],"version-history":[{"count":1,"href":"https:\/\/compartilhabahia.com.br\/index.php\/wp-json\/wp\/v2\/posts\/8160\/revisions"}],"predecessor-version":[{"id":8163,"href":"https:\/\/compartilhabahia.com.br\/index.php\/wp-json\/wp\/v2\/posts\/8160\/revisions\/8163"}],"wp:featuredmedia":[{"embeddable":true,"href":"https:\/\/compartilhabahia.com.br\/index.php\/wp-json\/wp\/v2\/media\/8161"}],"wp:attachment":[{"href":"https:\/\/compartilhabahia.com.br\/index.php\/wp-json\/wp\/v2\/media?parent=8160"}],"wp:term":[{"taxonomy":"category","embeddable":true,"href":"https:\/\/compartilhabahia.com.br\/index.php\/wp-json\/wp\/v2\/categories?post=8160"},{"taxonomy":"post_tag","embeddable":true,"href":"https:\/\/compartilhabahia.com.br\/index.php\/wp-json\/wp\/v2\/tags?post=8160"}],"curies":[{"name":"wp","href":"https:\/\/api.w.org\/{rel}","templated":true}]}}