{"id":8148,"date":"2025-10-13T11:51:05","date_gmt":"2025-10-13T14:51:05","guid":{"rendered":"https:\/\/compartilhabahia.com.br\/?p=8148"},"modified":"2025-10-13T13:23:37","modified_gmt":"2025-10-13T16:23:37","slug":"equipe-da-usf-ficam-ii-faz-saude-comunitaria-acontecer-em-parceria-com-moradores","status":"publish","type":"post","link":"https:\/\/compartilhabahia.com.br\/index.php\/2025\/10\/13\/equipe-da-usf-ficam-ii-faz-saude-comunitaria-acontecer-em-parceria-com-moradores\/","title":{"rendered":"Equipe da USF Ficam II faz sa\u00fade comunit\u00e1ria acontecer em parceria com moradores"},"content":{"rendered":"\n<p>Neste s\u00e1bado (11\/10) na Unidade de Sa\u00fade da Fam\u00edlia do Ficam II (USF), sob orienta\u00e7\u00e3o da gerente da unidade Monica Souza, foi realizado uma atividade, que contou com exames preventivos, testes r\u00e1pidos, vacina\u00e7\u00e3o para mulheres, e uma palestra com J\u00e9ssica Brand\u00e3o, mentora de mulheres que falou sobre auto controle, equil\u00edbrio e posicionamento, despertando nas participantes a import\u00e2ncia do auto cuidado, da auto estima entre outros fatores sobre a sa\u00fade da mulher. Isso tudo na parte da manh\u00e3, com apoio da Prefeitura de Cama\u00e7ari e da Secretaria Municipal de Sa\u00fade.<\/p>\n\n\n\n<p><br>As atividades continuaram na parte da tarde, indo at\u00e9 as 16h, com palestra de Carline Landeiro, com o tema: \u201cN\u00e3o \u00e9 s\u00f3 em outubro, todo dia \u00e9 dia de se cuidar\u201d.<\/p>\n\n\n\n<p>A equipe da USF do Ficam II vem se destacando ao desenvolver essas atividades envolvendo os moradores da localidade, com finalidade de ampliar o alcance dos benef\u00edcios de sa\u00fade oferecidos pelo SUS, atrav\u00e9s de um entrosamento cada vez melhor entre os profissionais do &#8220;posto de sa\u00fade&#8221; com a comunidade.<\/p>\n\n\n\n<p>&#8220;Depois de participar de algumas atividades aqui na USF, eu sinto que esta unidade \u00e9 algo que me pertence e que a minha sa\u00fade, esta tamb\u00e9m, nas m\u00e3os desses profissionais, ent\u00e3o quanto mais pr\u00f3ximo eu ficar deles e eles de mim, tudo vai dar certo.&#8221; disse um morador da localidade.<\/p>\n\n\n\n<p>Equipe FICAM II<br>Gerente M\u00f4nica Souza<br>Enf. Yanna Luiza<br>Recep\u00e7\u00e3o Floriceia Trancaso<br>T\u00e9cnicas Enf.<br>Georgina do Vale<br>Nivea Amorim<br>Mariana Barbosa<br>ACS:<br>Marta da Silva<br>Luci Santos<br>Higienizadora:<br>Ant\u00f4nia Gomes Dion\u00edsio<br>Edvania Siqueira<br>Vigilante: Ant\u00f4nio Fraga<\/p>\n\n\n\n<figure class=\"wp-block-image size-large\"><img loading=\"lazy\" decoding=\"async\" width=\"1024\" height=\"771\" src=\"https:\/\/compartilhabahia.com.br\/wp-content\/uploads\/2025\/10\/WhatsApp-Image-2025-10-13-at-11.54.45-1-1024x771.jpeg\" alt=\"\" class=\"wp-image-8153\" srcset=\"https:\/\/compartilhabahia.com.br\/wp-content\/uploads\/2025\/10\/WhatsApp-Image-2025-10-13-at-11.54.45-1-1024x771.jpeg 1024w, https:\/\/compartilhabahia.com.br\/wp-content\/uploads\/2025\/10\/WhatsApp-Image-2025-10-13-at-11.54.45-1-300x226.jpeg 300w, https:\/\/compartilhabahia.com.br\/wp-content\/uploads\/2025\/10\/WhatsApp-Image-2025-10-13-at-11.54.45-1-768x578.jpeg 768w, https:\/\/compartilhabahia.com.br\/wp-content\/uploads\/2025\/10\/WhatsApp-Image-2025-10-13-at-11.54.45-1-1536x1156.jpeg 1536w, https:\/\/compartilhabahia.com.br\/wp-content\/uploads\/2025\/10\/WhatsApp-Image-2025-10-13-at-11.54.45-1.jpeg 1600w\" sizes=\"auto, (max-width: 1024px) 100vw, 1024px\" \/><\/figure>\n\n\n\n<figure class=\"wp-block-image size-large\"><img loading=\"lazy\" decoding=\"async\" width=\"1024\" height=\"554\" src=\"https:\/\/compartilhabahia.com.br\/wp-content\/uploads\/2025\/10\/WhatsApp-Image-2025-10-13-at-11.55.32-1024x554.jpeg\" alt=\"\" class=\"wp-image-8156\" srcset=\"https:\/\/compartilhabahia.com.br\/wp-content\/uploads\/2025\/10\/WhatsApp-Image-2025-10-13-at-11.55.32-1024x554.jpeg 1024w, https:\/\/compartilhabahia.com.br\/wp-content\/uploads\/2025\/10\/WhatsApp-Image-2025-10-13-at-11.55.32-300x162.jpeg 300w, https:\/\/compartilhabahia.com.br\/wp-content\/uploads\/2025\/10\/WhatsApp-Image-2025-10-13-at-11.55.32-768x415.jpeg 768w, https:\/\/compartilhabahia.com.br\/wp-content\/uploads\/2025\/10\/WhatsApp-Image-2025-10-13-at-11.55.32.jpeg 1041w\" sizes=\"auto, (max-width: 1024px) 100vw, 1024px\" \/><\/figure>\n\n\n\n<figure class=\"wp-block-image size-large\"><img loading=\"lazy\" decoding=\"async\" width=\"771\" height=\"1024\" src=\"https:\/\/compartilhabahia.com.br\/wp-content\/uploads\/2025\/10\/WhatsApp-Image-2025-10-13-at-11.57.21-771x1024.jpeg\" alt=\"\" class=\"wp-image-8157\" srcset=\"https:\/\/compartilhabahia.com.br\/wp-content\/uploads\/2025\/10\/WhatsApp-Image-2025-10-13-at-11.57.21-771x1024.jpeg 771w, https:\/\/compartilhabahia.com.br\/wp-content\/uploads\/2025\/10\/WhatsApp-Image-2025-10-13-at-11.57.21-226x300.jpeg 226w, https:\/\/compartilhabahia.com.br\/wp-content\/uploads\/2025\/10\/WhatsApp-Image-2025-10-13-at-11.57.21-768x1021.jpeg 768w, https:\/\/compartilhabahia.com.br\/wp-content\/uploads\/2025\/10\/WhatsApp-Image-2025-10-13-at-11.57.21-1156x1536.jpeg 1156w, https:\/\/compartilhabahia.com.br\/wp-content\/uploads\/2025\/10\/WhatsApp-Image-2025-10-13-at-11.57.21.jpeg 1204w\" sizes=\"auto, (max-width: 771px) 100vw, 771px\" \/><\/figure>\n","protected":false},"excerpt":{"rendered":"<p>Neste s\u00e1bado (11\/10) na Unidade de Sa\u00fade da Fam\u00edlia do Ficam II (USF), sob orienta\u00e7\u00e3o da gerente da unidade Monica Souza, foi realizado uma atividade, que contou com exames preventivos, testes r\u00e1pidos, vacina\u00e7\u00e3o para mulheres, e uma palestra com J\u00e9ssica Brand\u00e3o, mentora de mulheres que falou sobre auto controle, equil\u00edbrio e posicionamento, despertando nas participantes [&hellip;]<\/p>\n","protected":false},"author":1,"featured_media":8149,"comment_status":"open","ping_status":"open","sticky":false,"template":"","format":"standard","meta":{"footnotes":""},"categories":[8],"tags":[],"class_list":["post-8148","post","type-post","status-publish","format-standard","has-post-thumbnail","hentry","category-camacari"],"yoast_head":"<!-- This site is optimized with the Yoast SEO plugin v21.7 - https:\/\/yoast.com\/wordpress\/plugins\/seo\/ -->\n<title>Equipe da USF Ficam II faz sa\u00fade comunit\u00e1ria acontecer em parceria com moradores - Compartilha Bahia<\/title>\n<meta name=\"robots\" content=\"index, follow, max-snippet:-1, max-image-preview:large, max-video-preview:-1\" \/>\n<link rel=\"canonical\" href=\"https:\/\/compartilhabahia.com.br\/index.php\/2025\/10\/13\/equipe-da-usf-ficam-ii-faz-saude-comunitaria-acontecer-em-parceria-com-moradores\/\" \/>\n<meta property=\"og:locale\" content=\"pt_BR\" \/>\n<meta property=\"og:type\" content=\"article\" \/>\n<meta property=\"og:title\" content=\"Equipe da USF Ficam II faz sa\u00fade comunit\u00e1ria acontecer em parceria com moradores - Compartilha Bahia\" \/>\n<meta property=\"og:description\" content=\"Neste s\u00e1bado (11\/10) na Unidade de Sa\u00fade da Fam\u00edlia do Ficam II (USF), sob orienta\u00e7\u00e3o da gerente da unidade Monica Souza, foi realizado uma atividade, que contou com exames preventivos, testes r\u00e1pidos, vacina\u00e7\u00e3o para mulheres, e uma palestra com J\u00e9ssica Brand\u00e3o, mentora de mulheres que falou sobre auto controle, equil\u00edbrio e posicionamento, despertando nas participantes [&hellip;]\" \/>\n<meta property=\"og:url\" content=\"https:\/\/compartilhabahia.com.br\/index.php\/2025\/10\/13\/equipe-da-usf-ficam-ii-faz-saude-comunitaria-acontecer-em-parceria-com-moradores\/\" \/>\n<meta property=\"og:site_name\" content=\"Compartilha Bahia\" \/>\n<meta property=\"article:publisher\" content=\"https:\/\/web.facebook.com\/compartilhabahia\" \/>\n<meta property=\"article:published_time\" content=\"2025-10-13T14:51:05+00:00\" \/>\n<meta property=\"article:modified_time\" content=\"2025-10-13T16:23:37+00:00\" \/>\n<meta property=\"og:image\" content=\"https:\/\/compartilhabahia.com.br\/wp-content\/uploads\/2025\/10\/usfficamII.jpg\" \/>\n\t<meta property=\"og:image:width\" content=\"1120\" \/>\n\t<meta property=\"og:image:height\" content=\"843\" \/>\n\t<meta property=\"og:image:type\" content=\"image\/jpeg\" \/>\n<meta name=\"author\" content=\"admin\" \/>\n<meta name=\"twitter:card\" content=\"summary_large_image\" \/>\n<meta name=\"twitter:label1\" content=\"Escrito por\" \/>\n\t<meta name=\"twitter:data1\" content=\"admin\" \/>\n\t<meta name=\"twitter:label2\" content=\"Est. tempo de leitura\" \/>\n\t<meta name=\"twitter:data2\" content=\"3 minutos\" \/>\n<script type=\"application\/ld+json\" class=\"yoast-schema-graph\">{\"@context\":\"https:\/\/schema.org\",\"@graph\":[{\"@type\":\"Article\",\"@id\":\"https:\/\/compartilhabahia.com.br\/index.php\/2025\/10\/13\/equipe-da-usf-ficam-ii-faz-saude-comunitaria-acontecer-em-parceria-com-moradores\/#article\",\"isPartOf\":{\"@id\":\"https:\/\/compartilhabahia.com.br\/index.php\/2025\/10\/13\/equipe-da-usf-ficam-ii-faz-saude-comunitaria-acontecer-em-parceria-com-moradores\/\"},\"author\":{\"name\":\"admin\",\"@id\":\"https:\/\/compartilhabahia.com.br\/#\/schema\/person\/9b4f0c3178793b8248d6686732521c04\"},\"headline\":\"Equipe da USF Ficam II faz sa\u00fade comunit\u00e1ria acontecer em parceria com moradores\",\"datePublished\":\"2025-10-13T14:51:05+00:00\",\"dateModified\":\"2025-10-13T16:23:37+00:00\",\"mainEntityOfPage\":{\"@id\":\"https:\/\/compartilhabahia.com.br\/index.php\/2025\/10\/13\/equipe-da-usf-ficam-ii-faz-saude-comunitaria-acontecer-em-parceria-com-moradores\/\"},\"wordCount\":284,\"commentCount\":0,\"publisher\":{\"@id\":\"https:\/\/compartilhabahia.com.br\/#organization\"},\"articleSection\":[\"Cama\u00e7ari\"],\"inLanguage\":\"pt-BR\",\"potentialAction\":[{\"@type\":\"CommentAction\",\"name\":\"Comment\",\"target\":[\"https:\/\/compartilhabahia.com.br\/index.php\/2025\/10\/13\/equipe-da-usf-ficam-ii-faz-saude-comunitaria-acontecer-em-parceria-com-moradores\/#respond\"]}]},{\"@type\":\"WebPage\",\"@id\":\"https:\/\/compartilhabahia.com.br\/index.php\/2025\/10\/13\/equipe-da-usf-ficam-ii-faz-saude-comunitaria-acontecer-em-parceria-com-moradores\/\",\"url\":\"https:\/\/compartilhabahia.com.br\/index.php\/2025\/10\/13\/equipe-da-usf-ficam-ii-faz-saude-comunitaria-acontecer-em-parceria-com-moradores\/\",\"name\":\"Equipe da USF Ficam II faz sa\u00fade comunit\u00e1ria acontecer em parceria com moradores - Compartilha Bahia\",\"isPartOf\":{\"@id\":\"https:\/\/compartilhabahia.com.br\/#website\"},\"datePublished\":\"2025-10-13T14:51:05+00:00\",\"dateModified\":\"2025-10-13T16:23:37+00:00\",\"breadcrumb\":{\"@id\":\"https:\/\/compartilhabahia.com.br\/index.php\/2025\/10\/13\/equipe-da-usf-ficam-ii-faz-saude-comunitaria-acontecer-em-parceria-com-moradores\/#breadcrumb\"},\"inLanguage\":\"pt-BR\",\"potentialAction\":[{\"@type\":\"ReadAction\",\"target\":[\"https:\/\/compartilhabahia.com.br\/index.php\/2025\/10\/13\/equipe-da-usf-ficam-ii-faz-saude-comunitaria-acontecer-em-parceria-com-moradores\/\"]}]},{\"@type\":\"BreadcrumbList\",\"@id\":\"https:\/\/compartilhabahia.com.br\/index.php\/2025\/10\/13\/equipe-da-usf-ficam-ii-faz-saude-comunitaria-acontecer-em-parceria-com-moradores\/#breadcrumb\",\"itemListElement\":[{\"@type\":\"ListItem\",\"position\":1,\"name\":\"In\u00edcio\",\"item\":\"https:\/\/compartilhabahia.com.br\/\"},{\"@type\":\"ListItem\",\"position\":2,\"name\":\"Equipe da USF Ficam II faz sa\u00fade comunit\u00e1ria acontecer em parceria com moradores\"}]},{\"@type\":\"WebSite\",\"@id\":\"https:\/\/compartilhabahia.com.br\/#website\",\"url\":\"https:\/\/compartilhabahia.com.br\/\",\"name\":\"Compartilha Bahia\",\"description\":\"\",\"publisher\":{\"@id\":\"https:\/\/compartilhabahia.com.br\/#organization\"},\"potentialAction\":[{\"@type\":\"SearchAction\",\"target\":{\"@type\":\"EntryPoint\",\"urlTemplate\":\"https:\/\/compartilhabahia.com.br\/?s={search_term_string}\"},\"query-input\":\"required name=search_term_string\"}],\"inLanguage\":\"pt-BR\"},{\"@type\":\"Organization\",\"@id\":\"https:\/\/compartilhabahia.com.br\/#organization\",\"name\":\"Compartilha Bahia\",\"url\":\"https:\/\/compartilhabahia.com.br\/\",\"logo\":{\"@type\":\"ImageObject\",\"inLanguage\":\"pt-BR\",\"@id\":\"https:\/\/compartilhabahia.com.br\/#\/schema\/logo\/image\/\",\"url\":\"https:\/\/compartilhabahia.com.br\/wp-content\/uploads\/2023\/12\/cropped-logo.png\",\"contentUrl\":\"https:\/\/compartilhabahia.com.br\/wp-content\/uploads\/2023\/12\/cropped-logo.png\",\"width\":300,\"height\":106,\"caption\":\"Compartilha Bahia\"},\"image\":{\"@id\":\"https:\/\/compartilhabahia.com.br\/#\/schema\/logo\/image\/\"},\"sameAs\":[\"https:\/\/web.facebook.com\/compartilhabahia\",\"https:\/\/www.instagram.com\/compartilhabahia\/\"]},{\"@type\":\"Person\",\"@id\":\"https:\/\/compartilhabahia.com.br\/#\/schema\/person\/9b4f0c3178793b8248d6686732521c04\",\"name\":\"admin\",\"image\":{\"@type\":\"ImageObject\",\"inLanguage\":\"pt-BR\",\"@id\":\"https:\/\/compartilhabahia.com.br\/#\/schema\/person\/image\/\",\"url\":\"https:\/\/secure.gravatar.com\/avatar\/9600df58751c5acbe914c538c03390ef649ea088cb65f84ba09c7ce66988eed6?s=96&d=mm&r=g\",\"contentUrl\":\"https:\/\/secure.gravatar.com\/avatar\/9600df58751c5acbe914c538c03390ef649ea088cb65f84ba09c7ce66988eed6?s=96&d=mm&r=g\",\"caption\":\"admin\"},\"sameAs\":[\"https:\/\/compartilhabahia.com.br\"],\"url\":\"https:\/\/compartilhabahia.com.br\/index.php\/author\/compartilhabahia\/\"}]}<\/script>\n<!-- \/ Yoast SEO plugin. -->","yoast_head_json":{"title":"Equipe da USF Ficam II faz sa\u00fade comunit\u00e1ria acontecer em parceria com moradores - Compartilha Bahia","robots":{"index":"index","follow":"follow","max-snippet":"max-snippet:-1","max-image-preview":"max-image-preview:large","max-video-preview":"max-video-preview:-1"},"canonical":"https:\/\/compartilhabahia.com.br\/index.php\/2025\/10\/13\/equipe-da-usf-ficam-ii-faz-saude-comunitaria-acontecer-em-parceria-com-moradores\/","og_locale":"pt_BR","og_type":"article","og_title":"Equipe da USF Ficam II faz sa\u00fade comunit\u00e1ria acontecer em parceria com moradores - Compartilha Bahia","og_description":"Neste s\u00e1bado (11\/10) na Unidade de Sa\u00fade da Fam\u00edlia do Ficam II (USF), sob orienta\u00e7\u00e3o da gerente da unidade Monica Souza, foi realizado uma atividade, que contou com exames preventivos, testes r\u00e1pidos, vacina\u00e7\u00e3o para mulheres, e uma palestra com J\u00e9ssica Brand\u00e3o, mentora de mulheres que falou sobre auto controle, equil\u00edbrio e posicionamento, despertando nas participantes [&hellip;]","og_url":"https:\/\/compartilhabahia.com.br\/index.php\/2025\/10\/13\/equipe-da-usf-ficam-ii-faz-saude-comunitaria-acontecer-em-parceria-com-moradores\/","og_site_name":"Compartilha Bahia","article_publisher":"https:\/\/web.facebook.com\/compartilhabahia","article_published_time":"2025-10-13T14:51:05+00:00","article_modified_time":"2025-10-13T16:23:37+00:00","og_image":[{"width":1120,"height":843,"url":"https:\/\/compartilhabahia.com.br\/wp-content\/uploads\/2025\/10\/usfficamII.jpg","type":"image\/jpeg"}],"author":"admin","twitter_card":"summary_large_image","twitter_misc":{"Escrito por":"admin","Est. tempo de leitura":"3 minutos"},"schema":{"@context":"https:\/\/schema.org","@graph":[{"@type":"Article","@id":"https:\/\/compartilhabahia.com.br\/index.php\/2025\/10\/13\/equipe-da-usf-ficam-ii-faz-saude-comunitaria-acontecer-em-parceria-com-moradores\/#article","isPartOf":{"@id":"https:\/\/compartilhabahia.com.br\/index.php\/2025\/10\/13\/equipe-da-usf-ficam-ii-faz-saude-comunitaria-acontecer-em-parceria-com-moradores\/"},"author":{"name":"admin","@id":"https:\/\/compartilhabahia.com.br\/#\/schema\/person\/9b4f0c3178793b8248d6686732521c04"},"headline":"Equipe da USF Ficam II faz sa\u00fade comunit\u00e1ria acontecer em parceria com moradores","datePublished":"2025-10-13T14:51:05+00:00","dateModified":"2025-10-13T16:23:37+00:00","mainEntityOfPage":{"@id":"https:\/\/compartilhabahia.com.br\/index.php\/2025\/10\/13\/equipe-da-usf-ficam-ii-faz-saude-comunitaria-acontecer-em-parceria-com-moradores\/"},"wordCount":284,"commentCount":0,"publisher":{"@id":"https:\/\/compartilhabahia.com.br\/#organization"},"articleSection":["Cama\u00e7ari"],"inLanguage":"pt-BR","potentialAction":[{"@type":"CommentAction","name":"Comment","target":["https:\/\/compartilhabahia.com.br\/index.php\/2025\/10\/13\/equipe-da-usf-ficam-ii-faz-saude-comunitaria-acontecer-em-parceria-com-moradores\/#respond"]}]},{"@type":"WebPage","@id":"https:\/\/compartilhabahia.com.br\/index.php\/2025\/10\/13\/equipe-da-usf-ficam-ii-faz-saude-comunitaria-acontecer-em-parceria-com-moradores\/","url":"https:\/\/compartilhabahia.com.br\/index.php\/2025\/10\/13\/equipe-da-usf-ficam-ii-faz-saude-comunitaria-acontecer-em-parceria-com-moradores\/","name":"Equipe da USF Ficam II faz sa\u00fade comunit\u00e1ria acontecer em parceria com moradores - Compartilha Bahia","isPartOf":{"@id":"https:\/\/compartilhabahia.com.br\/#website"},"datePublished":"2025-10-13T14:51:05+00:00","dateModified":"2025-10-13T16:23:37+00:00","breadcrumb":{"@id":"https:\/\/compartilhabahia.com.br\/index.php\/2025\/10\/13\/equipe-da-usf-ficam-ii-faz-saude-comunitaria-acontecer-em-parceria-com-moradores\/#breadcrumb"},"inLanguage":"pt-BR","potentialAction":[{"@type":"ReadAction","target":["https:\/\/compartilhabahia.com.br\/index.php\/2025\/10\/13\/equipe-da-usf-ficam-ii-faz-saude-comunitaria-acontecer-em-parceria-com-moradores\/"]}]},{"@type":"BreadcrumbList","@id":"https:\/\/compartilhabahia.com.br\/index.php\/2025\/10\/13\/equipe-da-usf-ficam-ii-faz-saude-comunitaria-acontecer-em-parceria-com-moradores\/#breadcrumb","itemListElement":[{"@type":"ListItem","position":1,"name":"In\u00edcio","item":"https:\/\/compartilhabahia.com.br\/"},{"@type":"ListItem","position":2,"name":"Equipe da USF Ficam II faz sa\u00fade comunit\u00e1ria acontecer em parceria com moradores"}]},{"@type":"WebSite","@id":"https:\/\/compartilhabahia.com.br\/#website","url":"https:\/\/compartilhabahia.com.br\/","name":"Compartilha Bahia","description":"","publisher":{"@id":"https:\/\/compartilhabahia.com.br\/#organization"},"potentialAction":[{"@type":"SearchAction","target":{"@type":"EntryPoint","urlTemplate":"https:\/\/compartilhabahia.com.br\/?s={search_term_string}"},"query-input":"required name=search_term_string"}],"inLanguage":"pt-BR"},{"@type":"Organization","@id":"https:\/\/compartilhabahia.com.br\/#organization","name":"Compartilha Bahia","url":"https:\/\/compartilhabahia.com.br\/","logo":{"@type":"ImageObject","inLanguage":"pt-BR","@id":"https:\/\/compartilhabahia.com.br\/#\/schema\/logo\/image\/","url":"https:\/\/compartilhabahia.com.br\/wp-content\/uploads\/2023\/12\/cropped-logo.png","contentUrl":"https:\/\/compartilhabahia.com.br\/wp-content\/uploads\/2023\/12\/cropped-logo.png","width":300,"height":106,"caption":"Compartilha Bahia"},"image":{"@id":"https:\/\/compartilhabahia.com.br\/#\/schema\/logo\/image\/"},"sameAs":["https:\/\/web.facebook.com\/compartilhabahia","https:\/\/www.instagram.com\/compartilhabahia\/"]},{"@type":"Person","@id":"https:\/\/compartilhabahia.com.br\/#\/schema\/person\/9b4f0c3178793b8248d6686732521c04","name":"admin","image":{"@type":"ImageObject","inLanguage":"pt-BR","@id":"https:\/\/compartilhabahia.com.br\/#\/schema\/person\/image\/","url":"https:\/\/secure.gravatar.com\/avatar\/9600df58751c5acbe914c538c03390ef649ea088cb65f84ba09c7ce66988eed6?s=96&d=mm&r=g","contentUrl":"https:\/\/secure.gravatar.com\/avatar\/9600df58751c5acbe914c538c03390ef649ea088cb65f84ba09c7ce66988eed6?s=96&d=mm&r=g","caption":"admin"},"sameAs":["https:\/\/compartilhabahia.com.br"],"url":"https:\/\/compartilhabahia.com.br\/index.php\/author\/compartilhabahia\/"}]}},"_links":{"self":[{"href":"https:\/\/compartilhabahia.com.br\/index.php\/wp-json\/wp\/v2\/posts\/8148","targetHints":{"allow":["GET"]}}],"collection":[{"href":"https:\/\/compartilhabahia.com.br\/index.php\/wp-json\/wp\/v2\/posts"}],"about":[{"href":"https:\/\/compartilhabahia.com.br\/index.php\/wp-json\/wp\/v2\/types\/post"}],"author":[{"embeddable":true,"href":"https:\/\/compartilhabahia.com.br\/index.php\/wp-json\/wp\/v2\/users\/1"}],"replies":[{"embeddable":true,"href":"https:\/\/compartilhabahia.com.br\/index.php\/wp-json\/wp\/v2\/comments?post=8148"}],"version-history":[{"count":4,"href":"https:\/\/compartilhabahia.com.br\/index.php\/wp-json\/wp\/v2\/posts\/8148\/revisions"}],"predecessor-version":[{"id":8164,"href":"https:\/\/compartilhabahia.com.br\/index.php\/wp-json\/wp\/v2\/posts\/8148\/revisions\/8164"}],"wp:featuredmedia":[{"embeddable":true,"href":"https:\/\/compartilhabahia.com.br\/index.php\/wp-json\/wp\/v2\/media\/8149"}],"wp:attachment":[{"href":"https:\/\/compartilhabahia.com.br\/index.php\/wp-json\/wp\/v2\/media?parent=8148"}],"wp:term":[{"taxonomy":"category","embeddable":true,"href":"https:\/\/compartilhabahia.com.br\/index.php\/wp-json\/wp\/v2\/categories?post=8148"},{"taxonomy":"post_tag","embeddable":true,"href":"https:\/\/compartilhabahia.com.br\/index.php\/wp-json\/wp\/v2\/tags?post=8148"}],"curies":[{"name":"wp","href":"https:\/\/api.w.org\/{rel}","templated":true}]}}