{"id":8137,"date":"2025-10-12T15:52:00","date_gmt":"2025-10-12T18:52:00","guid":{"rendered":"https:\/\/compartilhabahia.com.br\/?p=8137"},"modified":"2025-10-13T13:38:50","modified_gmt":"2025-10-13T16:38:50","slug":"semana-movimentada-consolida-avancos-no-desenvolvimento-economico-de-camacari","status":"publish","type":"post","link":"https:\/\/compartilhabahia.com.br\/index.php\/2025\/10\/12\/semana-movimentada-consolida-avancos-no-desenvolvimento-economico-de-camacari\/","title":{"rendered":"Semana movimentada consolida avan\u00e7os no desenvolvimento econ\u00f4mico de Cama\u00e7ari"},"content":{"rendered":"\n<p><\/p>\n\n\n\n<p>De Ilh\u00e9us a Salvador, passando pela sede e pela orla do munic\u00edpio, a Secretaria de Desenvolvimento Econ\u00f4mico marcou presen\u00e7a em importantes agendas voltadas ao fortalecimento da economia local. Sempre orientada pelo prefeito Luiz Carlos Caetano, incentivada e apoiada pela deputada federal Ivoneide Caetano, inspirada pelo governador Jer\u00f4nimo Rodrigues e motivada pelo grande l\u00edder nacional o presidente Luiz In\u00e1cio Lula da Silva.<\/p>\n\n\n\n<p>A Secretaria de Desenvolvimento Econ\u00f4mico de Cama\u00e7ari (SEDEC) viveu uma semana intensa, marcada por a\u00e7\u00f5es estrat\u00e9gicas que refor\u00e7am o compromisso da gest\u00e3o com o crescimento econ\u00f4mico e o apoio aos diversos segmentos produtivos da cidade.<\/p>\n\n\n\n<p>A agenda come\u00e7ou em Ilh\u00e9us, com a participa\u00e7\u00e3o da secret\u00e1ria Adriana Marcele no Congresso Norte e Nordeste das Micro e Pequenas Empresas, que reuniu lideran\u00e7as, gestores p\u00fablicos e institui\u00e7\u00f5es de fomento para debater pol\u00edticas de incentivo ao empreendedorismo e \u00e0 gera\u00e7\u00e3o de empregos. A presen\u00e7a de Cama\u00e7ari no evento refor\u00e7ou o protagonismo do munic\u00edpio nas pautas voltadas ao desenvolvimento sustent\u00e1vel e \u00e0 valoriza\u00e7\u00e3o das micro e pequenas empresas.<\/p>\n\n\n\n<p>De volta ao munic\u00edpio, a SEDEC acompanhou de perto a PromoKids \u2013 Com\u00e9rcio em A\u00e7\u00e3o, iniciativa que movimentou o com\u00e9rcio local, integrou lojistas e consumidores e impulsionou as vendas durante o m\u00eas das crian\u00e7as. A a\u00e7\u00e3o faz parte do conjunto de estrat\u00e9gias da Secretaria para dinamizar a economia e fortalecer o setor varejista.<\/p>\n\n\n\n<p>Na esfera industrial, a semana tamb\u00e9m foi marcada pela inaugura\u00e7\u00e3o da f\u00e1brica da BYD, um momento hist\u00f3rico para Cama\u00e7ari e para a Bahia. A chegada da montadora chinesa consolida o munic\u00edpio como um dos principais polos industriais do pa\u00eds, ampliando oportunidades de emprego e diversificando a base produtiva regional.<\/p>\n\n\n\n<p>A secret\u00e1ria tamb\u00e9m participou da inaugura\u00e7\u00e3o do Shopping Busca Vida, na orla do munic\u00edpio, empreendimento que amplia o potencial de consumo, lazer e turismo da regi\u00e3o litor\u00e2nea, fortalecendo o com\u00e9rcio e atraindo novos investimentos.<\/p>\n\n\n\n<p>Encerrando a semana, a SEDEC esteve presente na FENABA \u2013 Festival Nacional de Artesanato da Bahia, em Salvador, apoiando os artes\u00e3os de Cama\u00e7ari na divulga\u00e7\u00e3o e comercializa\u00e7\u00e3o de seus produtos. A participa\u00e7\u00e3o no evento refor\u00e7a o compromisso da gest\u00e3o com a valoriza\u00e7\u00e3o da economia criativa e o incentivo \u00e0 gera\u00e7\u00e3o de renda por meio do trabalho artesanal.<\/p>\n\n\n\n<p>Segundo a secret\u00e1ria Adriana Marcele, a diversidade de a\u00e7\u00f5es demonstra o quanto Cama\u00e7ari est\u00e1 em movimento.<\/p>\n\n\n\n<p>\u201cForam dias de muito trabalho e conquistas importantes. Estivemos presentes em agendas que envolvem o pequeno empreendedor, o com\u00e9rcio, a ind\u00fastria, o turismo e o artesanato. Isso mostra que Cama\u00e7ari vive um momento de fortalecimento econ\u00f4mico e de oportunidades para quem acredita no potencial da nossa cidade\u201d, destacou.<\/p>\n\n\n\n<p>Para a Prefeitura de Cama\u00e7ari, o conjunto dessas iniciativas reflete o compromisso da gest\u00e3o em promover o desenvolvimento econ\u00f4mico de forma integrada e inclusiva. Por meio da SEDEC, o governo municipal segue atuando para fortalecer a economia local, estimular o empreendedorismo e garantir mais oportunidades para a popula\u00e7\u00e3o<\/p>\n","protected":false},"excerpt":{"rendered":"<p>De Ilh\u00e9us a Salvador, passando pela sede e pela orla do munic\u00edpio, a Secretaria de Desenvolvimento Econ\u00f4mico marcou presen\u00e7a em importantes agendas voltadas ao fortalecimento da economia local. Sempre orientada pelo prefeito Luiz Carlos Caetano, incentivada e apoiada pela deputada federal Ivoneide Caetano, inspirada pelo governador Jer\u00f4nimo Rodrigues e motivada pelo grande l\u00edder nacional o [&hellip;]<\/p>\n","protected":false},"author":1,"featured_media":8138,"comment_status":"open","ping_status":"open","sticky":false,"template":"","format":"standard","meta":{"footnotes":""},"categories":[8],"tags":[],"class_list":["post-8137","post","type-post","status-publish","format-standard","has-post-thumbnail","hentry","category-camacari"],"yoast_head":"<!-- This site is optimized with the Yoast SEO plugin v21.7 - https:\/\/yoast.com\/wordpress\/plugins\/seo\/ -->\n<title>Semana movimentada consolida avan\u00e7os no desenvolvimento econ\u00f4mico de Cama\u00e7ari - Compartilha Bahia<\/title>\n<meta name=\"robots\" content=\"index, follow, max-snippet:-1, max-image-preview:large, max-video-preview:-1\" \/>\n<link rel=\"canonical\" href=\"https:\/\/compartilhabahia.com.br\/index.php\/2025\/10\/12\/semana-movimentada-consolida-avancos-no-desenvolvimento-economico-de-camacari\/\" \/>\n<meta property=\"og:locale\" content=\"pt_BR\" \/>\n<meta property=\"og:type\" content=\"article\" \/>\n<meta property=\"og:title\" content=\"Semana movimentada consolida avan\u00e7os no desenvolvimento econ\u00f4mico de Cama\u00e7ari - Compartilha Bahia\" \/>\n<meta property=\"og:description\" content=\"De Ilh\u00e9us a Salvador, passando pela sede e pela orla do munic\u00edpio, a Secretaria de Desenvolvimento Econ\u00f4mico marcou presen\u00e7a em importantes agendas voltadas ao fortalecimento da economia local. Sempre orientada pelo prefeito Luiz Carlos Caetano, incentivada e apoiada pela deputada federal Ivoneide Caetano, inspirada pelo governador Jer\u00f4nimo Rodrigues e motivada pelo grande l\u00edder nacional o [&hellip;]\" \/>\n<meta property=\"og:url\" content=\"https:\/\/compartilhabahia.com.br\/index.php\/2025\/10\/12\/semana-movimentada-consolida-avancos-no-desenvolvimento-economico-de-camacari\/\" \/>\n<meta property=\"og:site_name\" content=\"Compartilha Bahia\" \/>\n<meta property=\"article:publisher\" content=\"https:\/\/web.facebook.com\/compartilhabahia\" \/>\n<meta property=\"article:published_time\" content=\"2025-10-12T18:52:00+00:00\" \/>\n<meta property=\"article:modified_time\" content=\"2025-10-13T16:38:50+00:00\" \/>\n<meta property=\"og:image\" content=\"https:\/\/compartilhabahia.com.br\/wp-content\/uploads\/2025\/10\/adrianamarcelle1.jpg\" \/>\n\t<meta property=\"og:image:width\" content=\"1120\" \/>\n\t<meta property=\"og:image:height\" content=\"747\" \/>\n\t<meta property=\"og:image:type\" content=\"image\/jpeg\" \/>\n<meta name=\"author\" content=\"admin\" \/>\n<meta name=\"twitter:card\" content=\"summary_large_image\" \/>\n<meta name=\"twitter:label1\" content=\"Escrito por\" \/>\n\t<meta name=\"twitter:data1\" content=\"admin\" \/>\n\t<meta name=\"twitter:label2\" content=\"Est. tempo de leitura\" \/>\n\t<meta name=\"twitter:data2\" content=\"3 minutos\" \/>\n<script type=\"application\/ld+json\" class=\"yoast-schema-graph\">{\"@context\":\"https:\/\/schema.org\",\"@graph\":[{\"@type\":\"Article\",\"@id\":\"https:\/\/compartilhabahia.com.br\/index.php\/2025\/10\/12\/semana-movimentada-consolida-avancos-no-desenvolvimento-economico-de-camacari\/#article\",\"isPartOf\":{\"@id\":\"https:\/\/compartilhabahia.com.br\/index.php\/2025\/10\/12\/semana-movimentada-consolida-avancos-no-desenvolvimento-economico-de-camacari\/\"},\"author\":{\"name\":\"admin\",\"@id\":\"https:\/\/compartilhabahia.com.br\/#\/schema\/person\/9b4f0c3178793b8248d6686732521c04\"},\"headline\":\"Semana movimentada consolida avan\u00e7os no desenvolvimento econ\u00f4mico de Cama\u00e7ari\",\"datePublished\":\"2025-10-12T18:52:00+00:00\",\"dateModified\":\"2025-10-13T16:38:50+00:00\",\"mainEntityOfPage\":{\"@id\":\"https:\/\/compartilhabahia.com.br\/index.php\/2025\/10\/12\/semana-movimentada-consolida-avancos-no-desenvolvimento-economico-de-camacari\/\"},\"wordCount\":547,\"commentCount\":0,\"publisher\":{\"@id\":\"https:\/\/compartilhabahia.com.br\/#organization\"},\"articleSection\":[\"Cama\u00e7ari\"],\"inLanguage\":\"pt-BR\",\"potentialAction\":[{\"@type\":\"CommentAction\",\"name\":\"Comment\",\"target\":[\"https:\/\/compartilhabahia.com.br\/index.php\/2025\/10\/12\/semana-movimentada-consolida-avancos-no-desenvolvimento-economico-de-camacari\/#respond\"]}]},{\"@type\":\"WebPage\",\"@id\":\"https:\/\/compartilhabahia.com.br\/index.php\/2025\/10\/12\/semana-movimentada-consolida-avancos-no-desenvolvimento-economico-de-camacari\/\",\"url\":\"https:\/\/compartilhabahia.com.br\/index.php\/2025\/10\/12\/semana-movimentada-consolida-avancos-no-desenvolvimento-economico-de-camacari\/\",\"name\":\"Semana movimentada consolida avan\u00e7os no desenvolvimento econ\u00f4mico de Cama\u00e7ari - Compartilha Bahia\",\"isPartOf\":{\"@id\":\"https:\/\/compartilhabahia.com.br\/#website\"},\"datePublished\":\"2025-10-12T18:52:00+00:00\",\"dateModified\":\"2025-10-13T16:38:50+00:00\",\"breadcrumb\":{\"@id\":\"https:\/\/compartilhabahia.com.br\/index.php\/2025\/10\/12\/semana-movimentada-consolida-avancos-no-desenvolvimento-economico-de-camacari\/#breadcrumb\"},\"inLanguage\":\"pt-BR\",\"potentialAction\":[{\"@type\":\"ReadAction\",\"target\":[\"https:\/\/compartilhabahia.com.br\/index.php\/2025\/10\/12\/semana-movimentada-consolida-avancos-no-desenvolvimento-economico-de-camacari\/\"]}]},{\"@type\":\"BreadcrumbList\",\"@id\":\"https:\/\/compartilhabahia.com.br\/index.php\/2025\/10\/12\/semana-movimentada-consolida-avancos-no-desenvolvimento-economico-de-camacari\/#breadcrumb\",\"itemListElement\":[{\"@type\":\"ListItem\",\"position\":1,\"name\":\"In\u00edcio\",\"item\":\"https:\/\/compartilhabahia.com.br\/\"},{\"@type\":\"ListItem\",\"position\":2,\"name\":\"Semana movimentada consolida avan\u00e7os no desenvolvimento econ\u00f4mico de Cama\u00e7ari\"}]},{\"@type\":\"WebSite\",\"@id\":\"https:\/\/compartilhabahia.com.br\/#website\",\"url\":\"https:\/\/compartilhabahia.com.br\/\",\"name\":\"Compartilha Bahia\",\"description\":\"\",\"publisher\":{\"@id\":\"https:\/\/compartilhabahia.com.br\/#organization\"},\"potentialAction\":[{\"@type\":\"SearchAction\",\"target\":{\"@type\":\"EntryPoint\",\"urlTemplate\":\"https:\/\/compartilhabahia.com.br\/?s={search_term_string}\"},\"query-input\":\"required name=search_term_string\"}],\"inLanguage\":\"pt-BR\"},{\"@type\":\"Organization\",\"@id\":\"https:\/\/compartilhabahia.com.br\/#organization\",\"name\":\"Compartilha Bahia\",\"url\":\"https:\/\/compartilhabahia.com.br\/\",\"logo\":{\"@type\":\"ImageObject\",\"inLanguage\":\"pt-BR\",\"@id\":\"https:\/\/compartilhabahia.com.br\/#\/schema\/logo\/image\/\",\"url\":\"https:\/\/compartilhabahia.com.br\/wp-content\/uploads\/2023\/12\/cropped-logo.png\",\"contentUrl\":\"https:\/\/compartilhabahia.com.br\/wp-content\/uploads\/2023\/12\/cropped-logo.png\",\"width\":300,\"height\":106,\"caption\":\"Compartilha Bahia\"},\"image\":{\"@id\":\"https:\/\/compartilhabahia.com.br\/#\/schema\/logo\/image\/\"},\"sameAs\":[\"https:\/\/web.facebook.com\/compartilhabahia\",\"https:\/\/www.instagram.com\/compartilhabahia\/\"]},{\"@type\":\"Person\",\"@id\":\"https:\/\/compartilhabahia.com.br\/#\/schema\/person\/9b4f0c3178793b8248d6686732521c04\",\"name\":\"admin\",\"image\":{\"@type\":\"ImageObject\",\"inLanguage\":\"pt-BR\",\"@id\":\"https:\/\/compartilhabahia.com.br\/#\/schema\/person\/image\/\",\"url\":\"https:\/\/secure.gravatar.com\/avatar\/9600df58751c5acbe914c538c03390ef649ea088cb65f84ba09c7ce66988eed6?s=96&d=mm&r=g\",\"contentUrl\":\"https:\/\/secure.gravatar.com\/avatar\/9600df58751c5acbe914c538c03390ef649ea088cb65f84ba09c7ce66988eed6?s=96&d=mm&r=g\",\"caption\":\"admin\"},\"sameAs\":[\"https:\/\/compartilhabahia.com.br\"],\"url\":\"https:\/\/compartilhabahia.com.br\/index.php\/author\/compartilhabahia\/\"}]}<\/script>\n<!-- \/ Yoast SEO plugin. -->","yoast_head_json":{"title":"Semana movimentada consolida avan\u00e7os no desenvolvimento econ\u00f4mico de Cama\u00e7ari - Compartilha Bahia","robots":{"index":"index","follow":"follow","max-snippet":"max-snippet:-1","max-image-preview":"max-image-preview:large","max-video-preview":"max-video-preview:-1"},"canonical":"https:\/\/compartilhabahia.com.br\/index.php\/2025\/10\/12\/semana-movimentada-consolida-avancos-no-desenvolvimento-economico-de-camacari\/","og_locale":"pt_BR","og_type":"article","og_title":"Semana movimentada consolida avan\u00e7os no desenvolvimento econ\u00f4mico de Cama\u00e7ari - Compartilha Bahia","og_description":"De Ilh\u00e9us a Salvador, passando pela sede e pela orla do munic\u00edpio, a Secretaria de Desenvolvimento Econ\u00f4mico marcou presen\u00e7a em importantes agendas voltadas ao fortalecimento da economia local. Sempre orientada pelo prefeito Luiz Carlos Caetano, incentivada e apoiada pela deputada federal Ivoneide Caetano, inspirada pelo governador Jer\u00f4nimo Rodrigues e motivada pelo grande l\u00edder nacional o [&hellip;]","og_url":"https:\/\/compartilhabahia.com.br\/index.php\/2025\/10\/12\/semana-movimentada-consolida-avancos-no-desenvolvimento-economico-de-camacari\/","og_site_name":"Compartilha Bahia","article_publisher":"https:\/\/web.facebook.com\/compartilhabahia","article_published_time":"2025-10-12T18:52:00+00:00","article_modified_time":"2025-10-13T16:38:50+00:00","og_image":[{"width":1120,"height":747,"url":"https:\/\/compartilhabahia.com.br\/wp-content\/uploads\/2025\/10\/adrianamarcelle1.jpg","type":"image\/jpeg"}],"author":"admin","twitter_card":"summary_large_image","twitter_misc":{"Escrito por":"admin","Est. tempo de leitura":"3 minutos"},"schema":{"@context":"https:\/\/schema.org","@graph":[{"@type":"Article","@id":"https:\/\/compartilhabahia.com.br\/index.php\/2025\/10\/12\/semana-movimentada-consolida-avancos-no-desenvolvimento-economico-de-camacari\/#article","isPartOf":{"@id":"https:\/\/compartilhabahia.com.br\/index.php\/2025\/10\/12\/semana-movimentada-consolida-avancos-no-desenvolvimento-economico-de-camacari\/"},"author":{"name":"admin","@id":"https:\/\/compartilhabahia.com.br\/#\/schema\/person\/9b4f0c3178793b8248d6686732521c04"},"headline":"Semana movimentada consolida avan\u00e7os no desenvolvimento econ\u00f4mico de Cama\u00e7ari","datePublished":"2025-10-12T18:52:00+00:00","dateModified":"2025-10-13T16:38:50+00:00","mainEntityOfPage":{"@id":"https:\/\/compartilhabahia.com.br\/index.php\/2025\/10\/12\/semana-movimentada-consolida-avancos-no-desenvolvimento-economico-de-camacari\/"},"wordCount":547,"commentCount":0,"publisher":{"@id":"https:\/\/compartilhabahia.com.br\/#organization"},"articleSection":["Cama\u00e7ari"],"inLanguage":"pt-BR","potentialAction":[{"@type":"CommentAction","name":"Comment","target":["https:\/\/compartilhabahia.com.br\/index.php\/2025\/10\/12\/semana-movimentada-consolida-avancos-no-desenvolvimento-economico-de-camacari\/#respond"]}]},{"@type":"WebPage","@id":"https:\/\/compartilhabahia.com.br\/index.php\/2025\/10\/12\/semana-movimentada-consolida-avancos-no-desenvolvimento-economico-de-camacari\/","url":"https:\/\/compartilhabahia.com.br\/index.php\/2025\/10\/12\/semana-movimentada-consolida-avancos-no-desenvolvimento-economico-de-camacari\/","name":"Semana movimentada consolida avan\u00e7os no desenvolvimento econ\u00f4mico de Cama\u00e7ari - Compartilha Bahia","isPartOf":{"@id":"https:\/\/compartilhabahia.com.br\/#website"},"datePublished":"2025-10-12T18:52:00+00:00","dateModified":"2025-10-13T16:38:50+00:00","breadcrumb":{"@id":"https:\/\/compartilhabahia.com.br\/index.php\/2025\/10\/12\/semana-movimentada-consolida-avancos-no-desenvolvimento-economico-de-camacari\/#breadcrumb"},"inLanguage":"pt-BR","potentialAction":[{"@type":"ReadAction","target":["https:\/\/compartilhabahia.com.br\/index.php\/2025\/10\/12\/semana-movimentada-consolida-avancos-no-desenvolvimento-economico-de-camacari\/"]}]},{"@type":"BreadcrumbList","@id":"https:\/\/compartilhabahia.com.br\/index.php\/2025\/10\/12\/semana-movimentada-consolida-avancos-no-desenvolvimento-economico-de-camacari\/#breadcrumb","itemListElement":[{"@type":"ListItem","position":1,"name":"In\u00edcio","item":"https:\/\/compartilhabahia.com.br\/"},{"@type":"ListItem","position":2,"name":"Semana movimentada consolida avan\u00e7os no desenvolvimento econ\u00f4mico de Cama\u00e7ari"}]},{"@type":"WebSite","@id":"https:\/\/compartilhabahia.com.br\/#website","url":"https:\/\/compartilhabahia.com.br\/","name":"Compartilha Bahia","description":"","publisher":{"@id":"https:\/\/compartilhabahia.com.br\/#organization"},"potentialAction":[{"@type":"SearchAction","target":{"@type":"EntryPoint","urlTemplate":"https:\/\/compartilhabahia.com.br\/?s={search_term_string}"},"query-input":"required name=search_term_string"}],"inLanguage":"pt-BR"},{"@type":"Organization","@id":"https:\/\/compartilhabahia.com.br\/#organization","name":"Compartilha Bahia","url":"https:\/\/compartilhabahia.com.br\/","logo":{"@type":"ImageObject","inLanguage":"pt-BR","@id":"https:\/\/compartilhabahia.com.br\/#\/schema\/logo\/image\/","url":"https:\/\/compartilhabahia.com.br\/wp-content\/uploads\/2023\/12\/cropped-logo.png","contentUrl":"https:\/\/compartilhabahia.com.br\/wp-content\/uploads\/2023\/12\/cropped-logo.png","width":300,"height":106,"caption":"Compartilha Bahia"},"image":{"@id":"https:\/\/compartilhabahia.com.br\/#\/schema\/logo\/image\/"},"sameAs":["https:\/\/web.facebook.com\/compartilhabahia","https:\/\/www.instagram.com\/compartilhabahia\/"]},{"@type":"Person","@id":"https:\/\/compartilhabahia.com.br\/#\/schema\/person\/9b4f0c3178793b8248d6686732521c04","name":"admin","image":{"@type":"ImageObject","inLanguage":"pt-BR","@id":"https:\/\/compartilhabahia.com.br\/#\/schema\/person\/image\/","url":"https:\/\/secure.gravatar.com\/avatar\/9600df58751c5acbe914c538c03390ef649ea088cb65f84ba09c7ce66988eed6?s=96&d=mm&r=g","contentUrl":"https:\/\/secure.gravatar.com\/avatar\/9600df58751c5acbe914c538c03390ef649ea088cb65f84ba09c7ce66988eed6?s=96&d=mm&r=g","caption":"admin"},"sameAs":["https:\/\/compartilhabahia.com.br"],"url":"https:\/\/compartilhabahia.com.br\/index.php\/author\/compartilhabahia\/"}]}},"_links":{"self":[{"href":"https:\/\/compartilhabahia.com.br\/index.php\/wp-json\/wp\/v2\/posts\/8137","targetHints":{"allow":["GET"]}}],"collection":[{"href":"https:\/\/compartilhabahia.com.br\/index.php\/wp-json\/wp\/v2\/posts"}],"about":[{"href":"https:\/\/compartilhabahia.com.br\/index.php\/wp-json\/wp\/v2\/types\/post"}],"author":[{"embeddable":true,"href":"https:\/\/compartilhabahia.com.br\/index.php\/wp-json\/wp\/v2\/users\/1"}],"replies":[{"embeddable":true,"href":"https:\/\/compartilhabahia.com.br\/index.php\/wp-json\/wp\/v2\/comments?post=8137"}],"version-history":[{"count":1,"href":"https:\/\/compartilhabahia.com.br\/index.php\/wp-json\/wp\/v2\/posts\/8137\/revisions"}],"predecessor-version":[{"id":8139,"href":"https:\/\/compartilhabahia.com.br\/index.php\/wp-json\/wp\/v2\/posts\/8137\/revisions\/8139"}],"wp:featuredmedia":[{"embeddable":true,"href":"https:\/\/compartilhabahia.com.br\/index.php\/wp-json\/wp\/v2\/media\/8138"}],"wp:attachment":[{"href":"https:\/\/compartilhabahia.com.br\/index.php\/wp-json\/wp\/v2\/media?parent=8137"}],"wp:term":[{"taxonomy":"category","embeddable":true,"href":"https:\/\/compartilhabahia.com.br\/index.php\/wp-json\/wp\/v2\/categories?post=8137"},{"taxonomy":"post_tag","embeddable":true,"href":"https:\/\/compartilhabahia.com.br\/index.php\/wp-json\/wp\/v2\/tags?post=8137"}],"curies":[{"name":"wp","href":"https:\/\/api.w.org\/{rel}","templated":true}]}}