{"id":8134,"date":"2025-10-09T17:56:44","date_gmt":"2025-10-09T20:56:44","guid":{"rendered":"https:\/\/compartilhabahia.com.br\/?p=8134"},"modified":"2025-10-09T17:58:39","modified_gmt":"2025-10-09T20:58:39","slug":"byd-inaugura-fabrica-em-camacari-e-marca-nova-era-da-industria-automotiva-e-sustentavel-no-brasil","status":"publish","type":"post","link":"https:\/\/compartilhabahia.com.br\/index.php\/2025\/10\/09\/byd-inaugura-fabrica-em-camacari-e-marca-nova-era-da-industria-automotiva-e-sustentavel-no-brasil\/","title":{"rendered":"BYD inaugura f\u00e1brica em Cama\u00e7ari e marca nova era da ind\u00fastria automotiva e sustent\u00e1vel no Brasil"},"content":{"rendered":"\n<p>Em uma cerim\u00f4nia marcada por fortes proje\u00e7\u00f5es para o futuro da ind\u00fastria brasileira e um potente momento na hist\u00f3ria de Cama\u00e7ari, foi inaugurada nesta quinta-feira (9) a nova f\u00e1brica da montadora chinesa BYD Company (Build Your Dreams). Instalada no Polo Industrial do munic\u00edpio, a unidade representa o maior investimento da empresa fora da China e consolida a cidade como polo estrat\u00e9gico da transi\u00e7\u00e3o energ\u00e9tica e da inova\u00e7\u00e3o tecnol\u00f3gica na Am\u00e9rica Latina.<\/p>\n\n\n\n<p>Com aporte de R$ 5,5 bilh\u00f5es e \u00e1rea total de 4,6 milh\u00f5es de metros quadrados, o empreendimento inicia as opera\u00e7\u00f5es com capacidade para produzir cerca de 150 mil ve\u00edculos el\u00e9tricos por ano, com expans\u00e3o prevista para 600 mil unidades \u2014 al\u00e9m de baterias e autope\u00e7as \u2014 conforme anunciado na solenidade desta quinta-feira.<br>A opera\u00e7\u00e3o come\u00e7a com a montagem dos modelos BYD Dolphin Mini, BYD Song Pro (SUV h\u00edbrido) e BYD King (sed\u00e3 m\u00e9dio).<\/p>\n\n\n\n<p>O presidente Luiz In\u00e1cio Lula da Silva enfatizou a import\u00e2ncia da f\u00e1brica para o desenvolvimento econ\u00f4mico e social do pa\u00eds. \u201cEssa unidade \u00e9 uma prova da confian\u00e7a no Brasil, na Bahia e, especialmente, no povo trabalhador de Cama\u00e7ari. Vamos superar os desafios da neoindustrializa\u00e7\u00e3o, e a ind\u00fastria verde ser\u00e1 um motor de crescimento sustent\u00e1vel, capaz de gerar empregos e fomentar a inova\u00e7\u00e3o, porque vamos vender carro para o mundo inteiro, para que todos saibam o que \u00e9 que a Bahia tem\u201d, enfatizou.<\/p>\n\n\n\n<p>A expectativa \u00e9 de que at\u00e9 2027 mais de 20 mil empregos diretos e indiretos sejam criados, priorizando a m\u00e3o de obra local. Ao longo do per\u00edodo de instala\u00e7\u00e3o da f\u00e1brica, em parceria com os governos municipal, estadual e federal, foram firmados acordos com institui\u00e7\u00f5es de ensino para a qualifica\u00e7\u00e3o de trabalhadores, a exemplo do Servi\u00e7o Nacional de Aprendizagem Industrial (Senai) e do Instituto Federal de Educa\u00e7\u00e3o, Ci\u00eancia e Tecnologia da Bahia (IFBA). O foco \u00e9 criar uma base s\u00f3lida e socialmente respons\u00e1vel, absorvendo profissionais da regi\u00e3o.<\/p>\n\n\n\n<p>\u201cAp\u00f3s sofrer com a sa\u00edda da Ford, que operava nesse mesmo complexo, Cama\u00e7ari se coloca com muita coragem e vis\u00e3o de futuro como um inovador territ\u00f3rio estrat\u00e9gico. Estamos preparados para trabalhar em parceria com a BYD e trazer novos investimentos e oportunidades para essa cidade t\u00e3o forte e agora ainda mais conectada com a sustentabilidade\u201d, pontuou o prefeito Luiz Caetano.<\/p>\n\n\n\n<p>Para o governador da Bahia, Jer\u00f4nimo Rodrigues, a conquista simboliza uma nova era para a economia regional. \u201cCama\u00e7ari lidera mais uma vez um processo de inova\u00e7\u00e3o industrial, baseado em energia limpa, tecnologia avan\u00e7ada e inclus\u00e3o social. \u00c9 um marco hist\u00f3rico para a Bahia e para o Brasil\u201d, afirmou.<\/p>\n\n\n\n<p>A decis\u00e3o da BYD de estabelecer sua principal opera\u00e7\u00e3o latino-americana em Cama\u00e7ari reflete as vantagens estrat\u00e9gicas da cidade, como a infraestrutura log\u00edstica robusta, a tradi\u00e7\u00e3o industrial consolidada e o ambiente institucional favor\u00e1vel.<\/p>\n\n\n\n<p>\u201cEstamos firmando em Cama\u00e7ari as bases do futuro da mobilidade el\u00e9trica. China e Brasil est\u00e3o juntos em sua melhor fase. O setor de ve\u00edculos, com a nova energia verde, est\u00e1 em destaque, e essa cidade baiana sai na frente, dando exemplo de compromisso com a economia e com a sustentabilidade\u201d, avaliou Wang Chuanfu, CEO da BYD.<\/p>\n\n\n\n<p>A vice-presidente executiva da montadora, Stella Li, falou sobre a proje\u00e7\u00e3o social do projeto, que vai al\u00e9m da fabrica\u00e7\u00e3o de ve\u00edculos. \u201cQueremos construir um ecossistema integrado de inova\u00e7\u00e3o, desenvolvimento social e sustentabilidade. A parceria com Cama\u00e7ari \u00e9 essencial para esse prop\u00f3sito. Onde antes era um galp\u00e3o vazio e abandonado, enxergamos o in\u00edcio de uma f\u00e1brica de sonhos\u201d, assegurou.<\/p>\n\n\n\n<p>Com a inaugura\u00e7\u00e3o da BYD, Cama\u00e7ari n\u00e3o s\u00f3 retoma seu papel industrial, como tamb\u00e9m assume a dianteira na transforma\u00e7\u00e3o da ind\u00fastria automotiva brasileira, alinhando crescimento econ\u00f4mico, inova\u00e7\u00e3o tecnol\u00f3gica e sustentabilidade ambiental.<\/p>\n\n\n\n<p>A solenidade desta quinta-feira reuniu autoridades dos tr\u00eas n\u00edveis de governo, representantes do poder Judici\u00e1rio, sindicalistas e lideran\u00e7as empresariais. Estiveram presentes, ainda, o vice-presidente e ministro do Desenvolvimento, Ind\u00fastria, Com\u00e9rcio e Servi\u00e7os, Geraldo Alckmin; o ministro da Casa Civil, Rui Costa; secret\u00e1rios municipais; o vice-presidente s\u00eanior da BYD Brasil, Alexandre Baldy; e demais executivos da montadora.<\/p>\n\n\n\n<p><br>Foto: Patrick&nbsp;Abreu e Juliano sarraf<\/p>\n","protected":false},"excerpt":{"rendered":"<p>Em uma cerim\u00f4nia marcada por fortes proje\u00e7\u00f5es para o futuro da ind\u00fastria brasileira e um potente momento na hist\u00f3ria de Cama\u00e7ari, foi inaugurada nesta quinta-feira (9) a nova f\u00e1brica da montadora chinesa BYD Company (Build Your Dreams). Instalada no Polo Industrial do munic\u00edpio, a unidade representa o maior investimento da empresa fora da China e [&hellip;]<\/p>\n","protected":false},"author":1,"featured_media":8135,"comment_status":"open","ping_status":"open","sticky":false,"template":"","format":"standard","meta":{"footnotes":""},"categories":[8],"tags":[],"class_list":["post-8134","post","type-post","status-publish","format-standard","has-post-thumbnail","hentry","category-camacari"],"yoast_head":"<!-- This site is optimized with the Yoast SEO plugin v21.7 - https:\/\/yoast.com\/wordpress\/plugins\/seo\/ -->\n<title>BYD inaugura f\u00e1brica em Cama\u00e7ari e marca nova era da ind\u00fastria automotiva e sustent\u00e1vel no Brasil - Compartilha Bahia<\/title>\n<meta name=\"robots\" content=\"index, follow, max-snippet:-1, max-image-preview:large, max-video-preview:-1\" \/>\n<link rel=\"canonical\" href=\"https:\/\/compartilhabahia.com.br\/index.php\/2025\/10\/09\/byd-inaugura-fabrica-em-camacari-e-marca-nova-era-da-industria-automotiva-e-sustentavel-no-brasil\/\" \/>\n<meta property=\"og:locale\" content=\"pt_BR\" \/>\n<meta property=\"og:type\" content=\"article\" \/>\n<meta property=\"og:title\" content=\"BYD inaugura f\u00e1brica em Cama\u00e7ari e marca nova era da ind\u00fastria automotiva e sustent\u00e1vel no Brasil - Compartilha Bahia\" \/>\n<meta property=\"og:description\" content=\"Em uma cerim\u00f4nia marcada por fortes proje\u00e7\u00f5es para o futuro da ind\u00fastria brasileira e um potente momento na hist\u00f3ria de Cama\u00e7ari, foi inaugurada nesta quinta-feira (9) a nova f\u00e1brica da montadora chinesa BYD Company (Build Your Dreams). Instalada no Polo Industrial do munic\u00edpio, a unidade representa o maior investimento da empresa fora da China e [&hellip;]\" \/>\n<meta property=\"og:url\" content=\"https:\/\/compartilhabahia.com.br\/index.php\/2025\/10\/09\/byd-inaugura-fabrica-em-camacari-e-marca-nova-era-da-industria-automotiva-e-sustentavel-no-brasil\/\" \/>\n<meta property=\"og:site_name\" content=\"Compartilha Bahia\" \/>\n<meta property=\"article:publisher\" content=\"https:\/\/web.facebook.com\/compartilhabahia\" \/>\n<meta property=\"article:published_time\" content=\"2025-10-09T20:56:44+00:00\" \/>\n<meta property=\"article:modified_time\" content=\"2025-10-09T20:58:39+00:00\" \/>\n<meta property=\"og:image\" content=\"https:\/\/compartilhabahia.com.br\/wp-content\/uploads\/2025\/10\/caetanobyd.jpg\" \/>\n\t<meta property=\"og:image:width\" content=\"1280\" \/>\n\t<meta property=\"og:image:height\" content=\"853\" \/>\n\t<meta property=\"og:image:type\" content=\"image\/jpeg\" \/>\n<meta name=\"author\" content=\"admin\" \/>\n<meta name=\"twitter:card\" content=\"summary_large_image\" \/>\n<meta name=\"twitter:label1\" content=\"Escrito por\" \/>\n\t<meta name=\"twitter:data1\" content=\"admin\" \/>\n\t<meta name=\"twitter:label2\" content=\"Est. tempo de leitura\" \/>\n\t<meta name=\"twitter:data2\" content=\"4 minutos\" \/>\n<script type=\"application\/ld+json\" class=\"yoast-schema-graph\">{\"@context\":\"https:\/\/schema.org\",\"@graph\":[{\"@type\":\"Article\",\"@id\":\"https:\/\/compartilhabahia.com.br\/index.php\/2025\/10\/09\/byd-inaugura-fabrica-em-camacari-e-marca-nova-era-da-industria-automotiva-e-sustentavel-no-brasil\/#article\",\"isPartOf\":{\"@id\":\"https:\/\/compartilhabahia.com.br\/index.php\/2025\/10\/09\/byd-inaugura-fabrica-em-camacari-e-marca-nova-era-da-industria-automotiva-e-sustentavel-no-brasil\/\"},\"author\":{\"name\":\"admin\",\"@id\":\"https:\/\/compartilhabahia.com.br\/#\/schema\/person\/9b4f0c3178793b8248d6686732521c04\"},\"headline\":\"BYD inaugura f\u00e1brica em Cama\u00e7ari e marca nova era da ind\u00fastria automotiva e sustent\u00e1vel no Brasil\",\"datePublished\":\"2025-10-09T20:56:44+00:00\",\"dateModified\":\"2025-10-09T20:58:39+00:00\",\"mainEntityOfPage\":{\"@id\":\"https:\/\/compartilhabahia.com.br\/index.php\/2025\/10\/09\/byd-inaugura-fabrica-em-camacari-e-marca-nova-era-da-industria-automotiva-e-sustentavel-no-brasil\/\"},\"wordCount\":766,\"commentCount\":0,\"publisher\":{\"@id\":\"https:\/\/compartilhabahia.com.br\/#organization\"},\"articleSection\":[\"Cama\u00e7ari\"],\"inLanguage\":\"pt-BR\",\"potentialAction\":[{\"@type\":\"CommentAction\",\"name\":\"Comment\",\"target\":[\"https:\/\/compartilhabahia.com.br\/index.php\/2025\/10\/09\/byd-inaugura-fabrica-em-camacari-e-marca-nova-era-da-industria-automotiva-e-sustentavel-no-brasil\/#respond\"]}]},{\"@type\":\"WebPage\",\"@id\":\"https:\/\/compartilhabahia.com.br\/index.php\/2025\/10\/09\/byd-inaugura-fabrica-em-camacari-e-marca-nova-era-da-industria-automotiva-e-sustentavel-no-brasil\/\",\"url\":\"https:\/\/compartilhabahia.com.br\/index.php\/2025\/10\/09\/byd-inaugura-fabrica-em-camacari-e-marca-nova-era-da-industria-automotiva-e-sustentavel-no-brasil\/\",\"name\":\"BYD inaugura f\u00e1brica em Cama\u00e7ari e marca nova era da ind\u00fastria automotiva e sustent\u00e1vel no Brasil - Compartilha Bahia\",\"isPartOf\":{\"@id\":\"https:\/\/compartilhabahia.com.br\/#website\"},\"datePublished\":\"2025-10-09T20:56:44+00:00\",\"dateModified\":\"2025-10-09T20:58:39+00:00\",\"breadcrumb\":{\"@id\":\"https:\/\/compartilhabahia.com.br\/index.php\/2025\/10\/09\/byd-inaugura-fabrica-em-camacari-e-marca-nova-era-da-industria-automotiva-e-sustentavel-no-brasil\/#breadcrumb\"},\"inLanguage\":\"pt-BR\",\"potentialAction\":[{\"@type\":\"ReadAction\",\"target\":[\"https:\/\/compartilhabahia.com.br\/index.php\/2025\/10\/09\/byd-inaugura-fabrica-em-camacari-e-marca-nova-era-da-industria-automotiva-e-sustentavel-no-brasil\/\"]}]},{\"@type\":\"BreadcrumbList\",\"@id\":\"https:\/\/compartilhabahia.com.br\/index.php\/2025\/10\/09\/byd-inaugura-fabrica-em-camacari-e-marca-nova-era-da-industria-automotiva-e-sustentavel-no-brasil\/#breadcrumb\",\"itemListElement\":[{\"@type\":\"ListItem\",\"position\":1,\"name\":\"In\u00edcio\",\"item\":\"https:\/\/compartilhabahia.com.br\/\"},{\"@type\":\"ListItem\",\"position\":2,\"name\":\"BYD inaugura f\u00e1brica em Cama\u00e7ari e marca nova era da ind\u00fastria automotiva e sustent\u00e1vel no Brasil\"}]},{\"@type\":\"WebSite\",\"@id\":\"https:\/\/compartilhabahia.com.br\/#website\",\"url\":\"https:\/\/compartilhabahia.com.br\/\",\"name\":\"Compartilha Bahia\",\"description\":\"\",\"publisher\":{\"@id\":\"https:\/\/compartilhabahia.com.br\/#organization\"},\"potentialAction\":[{\"@type\":\"SearchAction\",\"target\":{\"@type\":\"EntryPoint\",\"urlTemplate\":\"https:\/\/compartilhabahia.com.br\/?s={search_term_string}\"},\"query-input\":\"required name=search_term_string\"}],\"inLanguage\":\"pt-BR\"},{\"@type\":\"Organization\",\"@id\":\"https:\/\/compartilhabahia.com.br\/#organization\",\"name\":\"Compartilha Bahia\",\"url\":\"https:\/\/compartilhabahia.com.br\/\",\"logo\":{\"@type\":\"ImageObject\",\"inLanguage\":\"pt-BR\",\"@id\":\"https:\/\/compartilhabahia.com.br\/#\/schema\/logo\/image\/\",\"url\":\"https:\/\/compartilhabahia.com.br\/wp-content\/uploads\/2023\/12\/cropped-logo.png\",\"contentUrl\":\"https:\/\/compartilhabahia.com.br\/wp-content\/uploads\/2023\/12\/cropped-logo.png\",\"width\":300,\"height\":106,\"caption\":\"Compartilha Bahia\"},\"image\":{\"@id\":\"https:\/\/compartilhabahia.com.br\/#\/schema\/logo\/image\/\"},\"sameAs\":[\"https:\/\/web.facebook.com\/compartilhabahia\",\"https:\/\/www.instagram.com\/compartilhabahia\/\"]},{\"@type\":\"Person\",\"@id\":\"https:\/\/compartilhabahia.com.br\/#\/schema\/person\/9b4f0c3178793b8248d6686732521c04\",\"name\":\"admin\",\"image\":{\"@type\":\"ImageObject\",\"inLanguage\":\"pt-BR\",\"@id\":\"https:\/\/compartilhabahia.com.br\/#\/schema\/person\/image\/\",\"url\":\"https:\/\/secure.gravatar.com\/avatar\/9600df58751c5acbe914c538c03390ef649ea088cb65f84ba09c7ce66988eed6?s=96&d=mm&r=g\",\"contentUrl\":\"https:\/\/secure.gravatar.com\/avatar\/9600df58751c5acbe914c538c03390ef649ea088cb65f84ba09c7ce66988eed6?s=96&d=mm&r=g\",\"caption\":\"admin\"},\"sameAs\":[\"https:\/\/compartilhabahia.com.br\"],\"url\":\"https:\/\/compartilhabahia.com.br\/index.php\/author\/compartilhabahia\/\"}]}<\/script>\n<!-- \/ Yoast SEO plugin. -->","yoast_head_json":{"title":"BYD inaugura f\u00e1brica em Cama\u00e7ari e marca nova era da ind\u00fastria automotiva e sustent\u00e1vel no Brasil - Compartilha Bahia","robots":{"index":"index","follow":"follow","max-snippet":"max-snippet:-1","max-image-preview":"max-image-preview:large","max-video-preview":"max-video-preview:-1"},"canonical":"https:\/\/compartilhabahia.com.br\/index.php\/2025\/10\/09\/byd-inaugura-fabrica-em-camacari-e-marca-nova-era-da-industria-automotiva-e-sustentavel-no-brasil\/","og_locale":"pt_BR","og_type":"article","og_title":"BYD inaugura f\u00e1brica em Cama\u00e7ari e marca nova era da ind\u00fastria automotiva e sustent\u00e1vel no Brasil - Compartilha Bahia","og_description":"Em uma cerim\u00f4nia marcada por fortes proje\u00e7\u00f5es para o futuro da ind\u00fastria brasileira e um potente momento na hist\u00f3ria de Cama\u00e7ari, foi inaugurada nesta quinta-feira (9) a nova f\u00e1brica da montadora chinesa BYD Company (Build Your Dreams). Instalada no Polo Industrial do munic\u00edpio, a unidade representa o maior investimento da empresa fora da China e [&hellip;]","og_url":"https:\/\/compartilhabahia.com.br\/index.php\/2025\/10\/09\/byd-inaugura-fabrica-em-camacari-e-marca-nova-era-da-industria-automotiva-e-sustentavel-no-brasil\/","og_site_name":"Compartilha Bahia","article_publisher":"https:\/\/web.facebook.com\/compartilhabahia","article_published_time":"2025-10-09T20:56:44+00:00","article_modified_time":"2025-10-09T20:58:39+00:00","og_image":[{"width":1280,"height":853,"url":"https:\/\/compartilhabahia.com.br\/wp-content\/uploads\/2025\/10\/caetanobyd.jpg","type":"image\/jpeg"}],"author":"admin","twitter_card":"summary_large_image","twitter_misc":{"Escrito por":"admin","Est. tempo de leitura":"4 minutos"},"schema":{"@context":"https:\/\/schema.org","@graph":[{"@type":"Article","@id":"https:\/\/compartilhabahia.com.br\/index.php\/2025\/10\/09\/byd-inaugura-fabrica-em-camacari-e-marca-nova-era-da-industria-automotiva-e-sustentavel-no-brasil\/#article","isPartOf":{"@id":"https:\/\/compartilhabahia.com.br\/index.php\/2025\/10\/09\/byd-inaugura-fabrica-em-camacari-e-marca-nova-era-da-industria-automotiva-e-sustentavel-no-brasil\/"},"author":{"name":"admin","@id":"https:\/\/compartilhabahia.com.br\/#\/schema\/person\/9b4f0c3178793b8248d6686732521c04"},"headline":"BYD inaugura f\u00e1brica em Cama\u00e7ari e marca nova era da ind\u00fastria automotiva e sustent\u00e1vel no Brasil","datePublished":"2025-10-09T20:56:44+00:00","dateModified":"2025-10-09T20:58:39+00:00","mainEntityOfPage":{"@id":"https:\/\/compartilhabahia.com.br\/index.php\/2025\/10\/09\/byd-inaugura-fabrica-em-camacari-e-marca-nova-era-da-industria-automotiva-e-sustentavel-no-brasil\/"},"wordCount":766,"commentCount":0,"publisher":{"@id":"https:\/\/compartilhabahia.com.br\/#organization"},"articleSection":["Cama\u00e7ari"],"inLanguage":"pt-BR","potentialAction":[{"@type":"CommentAction","name":"Comment","target":["https:\/\/compartilhabahia.com.br\/index.php\/2025\/10\/09\/byd-inaugura-fabrica-em-camacari-e-marca-nova-era-da-industria-automotiva-e-sustentavel-no-brasil\/#respond"]}]},{"@type":"WebPage","@id":"https:\/\/compartilhabahia.com.br\/index.php\/2025\/10\/09\/byd-inaugura-fabrica-em-camacari-e-marca-nova-era-da-industria-automotiva-e-sustentavel-no-brasil\/","url":"https:\/\/compartilhabahia.com.br\/index.php\/2025\/10\/09\/byd-inaugura-fabrica-em-camacari-e-marca-nova-era-da-industria-automotiva-e-sustentavel-no-brasil\/","name":"BYD inaugura f\u00e1brica em Cama\u00e7ari e marca nova era da ind\u00fastria automotiva e sustent\u00e1vel no Brasil - Compartilha Bahia","isPartOf":{"@id":"https:\/\/compartilhabahia.com.br\/#website"},"datePublished":"2025-10-09T20:56:44+00:00","dateModified":"2025-10-09T20:58:39+00:00","breadcrumb":{"@id":"https:\/\/compartilhabahia.com.br\/index.php\/2025\/10\/09\/byd-inaugura-fabrica-em-camacari-e-marca-nova-era-da-industria-automotiva-e-sustentavel-no-brasil\/#breadcrumb"},"inLanguage":"pt-BR","potentialAction":[{"@type":"ReadAction","target":["https:\/\/compartilhabahia.com.br\/index.php\/2025\/10\/09\/byd-inaugura-fabrica-em-camacari-e-marca-nova-era-da-industria-automotiva-e-sustentavel-no-brasil\/"]}]},{"@type":"BreadcrumbList","@id":"https:\/\/compartilhabahia.com.br\/index.php\/2025\/10\/09\/byd-inaugura-fabrica-em-camacari-e-marca-nova-era-da-industria-automotiva-e-sustentavel-no-brasil\/#breadcrumb","itemListElement":[{"@type":"ListItem","position":1,"name":"In\u00edcio","item":"https:\/\/compartilhabahia.com.br\/"},{"@type":"ListItem","position":2,"name":"BYD inaugura f\u00e1brica em Cama\u00e7ari e marca nova era da ind\u00fastria automotiva e sustent\u00e1vel no Brasil"}]},{"@type":"WebSite","@id":"https:\/\/compartilhabahia.com.br\/#website","url":"https:\/\/compartilhabahia.com.br\/","name":"Compartilha Bahia","description":"","publisher":{"@id":"https:\/\/compartilhabahia.com.br\/#organization"},"potentialAction":[{"@type":"SearchAction","target":{"@type":"EntryPoint","urlTemplate":"https:\/\/compartilhabahia.com.br\/?s={search_term_string}"},"query-input":"required name=search_term_string"}],"inLanguage":"pt-BR"},{"@type":"Organization","@id":"https:\/\/compartilhabahia.com.br\/#organization","name":"Compartilha Bahia","url":"https:\/\/compartilhabahia.com.br\/","logo":{"@type":"ImageObject","inLanguage":"pt-BR","@id":"https:\/\/compartilhabahia.com.br\/#\/schema\/logo\/image\/","url":"https:\/\/compartilhabahia.com.br\/wp-content\/uploads\/2023\/12\/cropped-logo.png","contentUrl":"https:\/\/compartilhabahia.com.br\/wp-content\/uploads\/2023\/12\/cropped-logo.png","width":300,"height":106,"caption":"Compartilha Bahia"},"image":{"@id":"https:\/\/compartilhabahia.com.br\/#\/schema\/logo\/image\/"},"sameAs":["https:\/\/web.facebook.com\/compartilhabahia","https:\/\/www.instagram.com\/compartilhabahia\/"]},{"@type":"Person","@id":"https:\/\/compartilhabahia.com.br\/#\/schema\/person\/9b4f0c3178793b8248d6686732521c04","name":"admin","image":{"@type":"ImageObject","inLanguage":"pt-BR","@id":"https:\/\/compartilhabahia.com.br\/#\/schema\/person\/image\/","url":"https:\/\/secure.gravatar.com\/avatar\/9600df58751c5acbe914c538c03390ef649ea088cb65f84ba09c7ce66988eed6?s=96&d=mm&r=g","contentUrl":"https:\/\/secure.gravatar.com\/avatar\/9600df58751c5acbe914c538c03390ef649ea088cb65f84ba09c7ce66988eed6?s=96&d=mm&r=g","caption":"admin"},"sameAs":["https:\/\/compartilhabahia.com.br"],"url":"https:\/\/compartilhabahia.com.br\/index.php\/author\/compartilhabahia\/"}]}},"_links":{"self":[{"href":"https:\/\/compartilhabahia.com.br\/index.php\/wp-json\/wp\/v2\/posts\/8134","targetHints":{"allow":["GET"]}}],"collection":[{"href":"https:\/\/compartilhabahia.com.br\/index.php\/wp-json\/wp\/v2\/posts"}],"about":[{"href":"https:\/\/compartilhabahia.com.br\/index.php\/wp-json\/wp\/v2\/types\/post"}],"author":[{"embeddable":true,"href":"https:\/\/compartilhabahia.com.br\/index.php\/wp-json\/wp\/v2\/users\/1"}],"replies":[{"embeddable":true,"href":"https:\/\/compartilhabahia.com.br\/index.php\/wp-json\/wp\/v2\/comments?post=8134"}],"version-history":[{"count":1,"href":"https:\/\/compartilhabahia.com.br\/index.php\/wp-json\/wp\/v2\/posts\/8134\/revisions"}],"predecessor-version":[{"id":8136,"href":"https:\/\/compartilhabahia.com.br\/index.php\/wp-json\/wp\/v2\/posts\/8134\/revisions\/8136"}],"wp:featuredmedia":[{"embeddable":true,"href":"https:\/\/compartilhabahia.com.br\/index.php\/wp-json\/wp\/v2\/media\/8135"}],"wp:attachment":[{"href":"https:\/\/compartilhabahia.com.br\/index.php\/wp-json\/wp\/v2\/media?parent=8134"}],"wp:term":[{"taxonomy":"category","embeddable":true,"href":"https:\/\/compartilhabahia.com.br\/index.php\/wp-json\/wp\/v2\/categories?post=8134"},{"taxonomy":"post_tag","embeddable":true,"href":"https:\/\/compartilhabahia.com.br\/index.php\/wp-json\/wp\/v2\/tags?post=8134"}],"curies":[{"name":"wp","href":"https:\/\/api.w.org\/{rel}","templated":true}]}}