{"id":8131,"date":"2025-10-09T17:47:24","date_gmt":"2025-10-09T20:47:24","guid":{"rendered":"https:\/\/compartilhabahia.com.br\/?p=8131"},"modified":"2025-10-09T17:47:26","modified_gmt":"2025-10-09T20:47:26","slug":"byd-inaugura-em-camacari-a-maior-fabrica-de-veiculos-eletricos-da-america-latina-e-apresenta-o-primeiro-carro-super-hibrido-plug-in-flex-fuel-do-mundo","status":"publish","type":"post","link":"https:\/\/compartilhabahia.com.br\/index.php\/2025\/10\/09\/byd-inaugura-em-camacari-a-maior-fabrica-de-veiculos-eletricos-da-america-latina-e-apresenta-o-primeiro-carro-super-hibrido-plug-in-flex-fuel-do-mundo\/","title":{"rendered":"BYD inaugura em Cama\u00e7ari a maior f\u00e1brica de ve\u00edculos el\u00e9tricos da Am\u00e9rica Latina e apresenta o primeiro carro super-h\u00edbrido plug-in flex fuel do mundo"},"content":{"rendered":"\n<ul class=\"wp-block-list\">\n<li>A primeira das 26 instala\u00e7\u00f5es do complexo industrial est\u00e1 em opera\u00e7\u00e3o. Os ve\u00edculos montados nos mais de 156 mil m\u00b2 j\u00e1 come\u00e7aram a ser faturados e distribu\u00eddos para a rede de concession\u00e1rias em todo o Brasil<\/li>\n\n\n\n<li>O modelo flex apresentado \u00e9 um BYD Song Pro em edi\u00e7\u00e3o especial para a COP30<\/li>\n\n\n\n<li>O SUV tamb\u00e9m marca a produ\u00e7\u00e3o do ve\u00edculo de n\u00famero 14 milh\u00f5es da BYD no mercado global<\/li>\n\n\n\n<li>A cerim\u00f4nia contou com a presen\u00e7a do fundador e CEO da BYD, Wang Chuanfu, do Presidente da Rep\u00fablica, Luiz In\u00e1cio Lula da Silva, e de diversas autoridades nacionais, estaduais e municipais dos tr\u00eas Poderes<\/li>\n<\/ul>\n\n\n\n<p>(09\/10\/2025) \u2013 BYD \u00e9 do Brasil! A greentech inaugurou oficialmente a linha de montagem final de ve\u00edculos em Cama\u00e7ari (BA). O evento hist\u00f3rico redefine os rumos da ind\u00fastria automotiva nacional. A cerim\u00f4nia reuniu o presidente Luiz In\u00e1cio Lula da Silva, o governador da Bahia, Jer\u00f4nimo Rodrigues, o prefeito de Cama\u00e7ari, Luiz Carlos Caetano, ministros de Estado e outras autoridades dos tr\u00eas Poderes.<\/p>\n\n\n\n<p>Em seu discurso, Wang Chuanfu compartilhou a vis\u00e3o que guia a companhia globalmente e sua aplica\u00e7\u00e3o no Brasil. &#8220;H\u00e1 16 anos, criei os &#8216;Tr\u00eas Sonhos Verdes&#8217; da BYD: gerar, armazenar e utilizar energia limpa. Ver esse ecossistema se tornando realidade aqui na Bahia \u00e9 a materializa\u00e7\u00e3o dessa miss\u00e3o&#8221;, declarou o fundador. &#8220;H\u00e1 dois anos, em uma visita ao Brasil, percebi o potencial do etanol. Decidimos, ent\u00e3o, que trar\u00edamos nossa tecnologia h\u00edbrida plug-in, mas com um motor flex desenvolvido por e para este pa\u00eds. O carro que entregamos hoje ao Presidente Lula \u00e9 a prova de que a BYD n\u00e3o apenas investe no Brasil, mas cocria com o Brasil solu\u00e7\u00f5es \u00fanicas para o mundo\u201d.<\/p>\n\n\n\n<p>Montado no Brasil, o primeiro carro super-h\u00edbrido plug-in com motor flex do mundo \u00e9 um BYD Song Pro em edi\u00e7\u00e3o especial e limitada, que homenageia a COP30.<\/p>\n\n\n\n<p>Executivos globais e regionais da companhia tamb\u00e9m estiveram presentes, incluindo Stella Li, Vice-Presidente Executiva Global e CEO da BYD para Am\u00e9ricas e Europa; Tyler Li, CEO da BYD Brasil; e Alexandre Baldy, Vice-Presidente S\u00eanior e Head Comercial e de Marketing da BYD Brasil.<\/p>\n\n\n\n<p>Localizado na nova Avenida BYD, mudan\u00e7a de nome aprovada na Assembleia Legislativa da Bahia, o complexo j\u00e1 iniciou suas opera\u00e7\u00f5es. Com capacidade para produzir 150 mil ve\u00edculos por ano em sua primeira fase e 300 mil na etapa posterior, a f\u00e1brica j\u00e1 emprega mais de 1,5 mil colaboradores. Trata-se da maior unidade produtora de ve\u00edculos el\u00e9tricos da Am\u00e9rica Latina e a maior instala\u00e7\u00e3o da BYD fora da \u00c1sia. Quando conclu\u00eddo, o complexo realizar\u00e1 a fabrica\u00e7\u00e3o completa dos principais modelos da marca.<\/p>\n\n\n\n<p>Durante reuni\u00e3o com o presidente Lula, Mr Wang Chuanfu fez um grande an\u00fancio: confirmou um novo investimento para ampliar a f\u00e1brica e dobrar a capacidade de produ\u00e7\u00e3o anual, saindo dos previstos 300 mil ve\u00edculos para at\u00e9 600 mil unidades por ano.<\/p>\n\n\n\n<p>Agora, com a nova proje\u00e7\u00e3o anunciada pelo fundador da empresa, a meta \u00e9 acelerar o ritmo de entrega das obras e cumprir a promessa de estar entre as tr\u00eas maiores montadoras do pa\u00eds at\u00e9 2028 e chegar ao topo do ranking at\u00e9 2030.<\/p>\n\n\n\n<p>Funcionando desde julho, a planta vem, nas \u00faltimas semanas, escalonando a velocidade de produ\u00e7\u00e3o. Durante o evento j\u00e1 foi poss\u00edvel ver milhares de ve\u00edculos produzidos na unidade baiana.<\/p>\n\n\n\n<p>Com \u00e1rea superior a 4,6 milh\u00f5es de m\u00b2, equivalente a 645 campos de futebol, o local abrigar\u00e1 a estrutura fabril automotiva mais moderna e tecnol\u00f3gica das Am\u00e9ricas. Constru\u00edda em tempo recorde, a primeira f\u00e1brica foi erguida em 15 meses, transformando o terreno em um centro automotivo de ponta, com maquin\u00e1rio de \u00faltima gera\u00e7\u00e3o e 100% conectado.<br>&#8220;Estamos muito orgulhosos de trazer ao Brasil a tecnologia que o parque fabril nacional merece, com o que h\u00e1 de mais moderno em produ\u00e7\u00e3o de ve\u00edculos. Esta data ficar\u00e1 gravada para sempre na hist\u00f3ria do pa\u00eds como o dia em que uma companhia teve a coragem de fabricar carros eletrificados no Brasil e no Nordeste. A BYD acredita no potencial de expans\u00e3o do mercado brasileiro, tem planos de longo prazo para uma popula\u00e7\u00e3o que merece ve\u00edculos cada vez melhores e seguir\u00e1 investindo para ajudar a aquecer a economia, gerar empregos e qualificar a for\u00e7a de trabalho&#8221;, celebra Stella Li, Vice-Presidente Executiva Global e CEO da BYD para Am\u00e9ricas e Europa. Ela complementa: &#8220;A presen\u00e7a do nosso fundador e do presidente Lula refor\u00e7a que estamos todos unidos na constru\u00e7\u00e3o de um novo Brasil e de uma nova ind\u00fastria automotiva. Esta f\u00e1brica \u00e9 100% nacional, criada para que os brasileiros tenham acesso a carros melhores, mais modernos, conectados, tecnol\u00f3gicos e sustent\u00e1veis\u201d.<\/p>\n\n\n\n<p>BYD PRODUZ SEU VE\u00cdCULO 14 MILH\u00d5ES NA BAHIA<br>A cerim\u00f4nia tamb\u00e9m celebrou um marco in\u00e9dito: a produ\u00e7\u00e3o do ve\u00edculo de n\u00famero 14 milh\u00f5es da companhia no mercado global, uma edi\u00e7\u00e3o exclusiva do BYD Song Pro, o modelo que conquistou os brasileiros e figura entre os eletrificados mais vendidos no pa\u00eds.<\/p>\n\n\n\n<p>\u201cAp\u00f3s dois anos de esfor\u00e7o de mais de 100 engenheiros chineses e brasileiros, hoje nosso 14\u00ba milion\u00e9simo ve\u00edculo sai da linha de produ\u00e7\u00e3o equipado com o primeiro motor h\u00edbrido plug-in dedicado a biocombust\u00edvel do mundo. Isso n\u00e3o \u00e9 apenas um avan\u00e7o tecnol\u00f3gico \u2014 \u00e9 uma solu\u00e7\u00e3o verde e sustent\u00e1vel feita sob medida para o Brasil\u201d, declara Wang Chuanfu, fundador e CEO da BYD.<\/p>\n\n\n\n<p>Com o BYD Song Pro edi\u00e7\u00e3o especial COP30, montado em Cama\u00e7ari, a BYD atinge a marca de 14 milh\u00f5es de ve\u00edculos produzidos globalmente, apenas tr\u00eas meses ap\u00f3s a entrega do carro de n\u00ba 13 milh\u00f5es. Em perspectiva, a companhia levou 13 anos para completar o primeiro milh\u00e3o de unidades, 18 meses para chegar a 3 milh\u00f5es, 9 meses para alcan\u00e7ar 5 milh\u00f5es, 11 meses para atingir 8 milh\u00f5es, 4 meses para chegar a 10 milh\u00f5es e 8 meses para produzir 13 milh\u00f5es de ve\u00edculos.<br>O BYD Song Pro Edi\u00e7\u00e3o Especial COP30 conta com o sistema super-h\u00edbrido plug-in flex, in\u00e9dito no mundo. Sua edi\u00e7\u00e3o limitada de 30 unidades ser\u00e1 doada ao maior encontro global sobre mudan\u00e7as clim\u00e1ticas, a COP30, refor\u00e7ando o compromisso da BYD em oferecer solu\u00e7\u00f5es inovadoras e sustent\u00e1veis para acelerar a transi\u00e7\u00e3o energ\u00e9tica e apoiar o protagonismo do Brasil na agenda clim\u00e1tica global.<\/p>\n\n\n\n<p>TECNOLOGIA SUPER-H\u00cdBRIDA PLUG-IN AGORA \u00c9 FLEX FUEL<\/p>\n\n\n\n<p>Este \u00e9 o primeiro motor flex do mundo aplicado em uma arquitetura h\u00edbrida plug-in de base el\u00e9trica. O BYD Song Pro conta com a tecnologia DM-i (Dual Mode Intelligent), que o caracteriza como um ve\u00edculo super-h\u00edbrido, com tra\u00e7\u00e3o predominantemente el\u00e9trica. Nesse sistema, o motor a combust\u00e3o funciona majoritariamente como um gerador de energia para a bateria, mesmo durante o deslocamento no modo h\u00edbrido. O resultado \u00e9 uma experi\u00eancia de condu\u00e7\u00e3o muito pr\u00f3xima da de um ve\u00edculo totalmente el\u00e9trico.<\/p>\n\n\n\n<p>O sistema foi projetado e constru\u00eddo especialmente para o Brasil, fruto da coopera\u00e7\u00e3o entre cientistas chineses e brasileiros. Desenvolvido para funcionar com qualquer propor\u00e7\u00e3o de gasolina e etanol, que \u00e9 o combust\u00edvel verde mais emblem\u00e1tico do pa\u00eds, o motor 1.5 litro do BYD Song Pro integra um conjunto que, combinado \u00e0 tecnologia el\u00e9trica da greentech, oferece alto desempenho e efici\u00eancia.<br>&#8220;O etanol \u00e9 um dos maiores diferenciais estrat\u00e9gicos do Brasil na transi\u00e7\u00e3o energ\u00e9tica. Incorpor\u00e1-lo \u00e0 nossa arquitetura DM-i representa um avan\u00e7o hist\u00f3rico: valorizamos a matriz renov\u00e1vel nacional, nossa produ\u00e7\u00e3o e o agroneg\u00f3cio, al\u00e9m de oferecermos ao consumidor um ve\u00edculo com maior efici\u00eancia, menor impacto ambiental e alinhado \u00e0 realidade energ\u00e9tica do pa\u00eds. \u00c9 um passo crucial para consolidar o Brasil como protagonista global em mobilidade sustent\u00e1vel&#8221;, destaca Tyler LI, Presidente da BYD do Brasil.<\/p>\n\n\n\n<p>A BYD \u00e9 l\u00edder mundial em ve\u00edculos eletrificados e ocupa a primeira posi\u00e7\u00e3o no mercado chin\u00eas, \u00e0 frente das montadoras tradicionais. A empresa domina todas as etapas do processo produtivo e det\u00e9m tecnologias-chave no desenvolvimento de baterias, motores el\u00e9tricos e sistemas de controle.<\/p>\n\n\n\n<p>No Brasil desde 2014, a greentech lidera com folga a transi\u00e7\u00e3o energ\u00e9tica. No acumulado do ano, responde por quase 8 em cada 10 carros el\u00e9tricos vendidos no pa\u00eds (76,36%) e por mais de 1 em cada 4 h\u00edbridos (27,42%). Em agosto, a BYD alcan\u00e7ou a quarta posi\u00e7\u00e3o no ranking de vendas do varejo, superando montadoras com d\u00e9cadas de atua\u00e7\u00e3o no pa\u00eds. Outro destaque \u00e9 a expans\u00e3o da rede de concession\u00e1rios, que j\u00e1 ultrapassa 200 lojas, com meta de atingir 250 nos pr\u00f3ximos meses. Atualmente, a empresa tem unidades em todos os estados, capitais e principais cidades do Brasil.<\/p>\n\n\n\n<p>\u201cAnunciamos no come\u00e7o dessa semana que em menos de 3 anos a BYD ultrapassou os 170 mil carros vendidos no Brasil, uma conquista nunca antes vista no mercado nacional. Este expressivo avan\u00e7o acontece gra\u00e7as a uma estrat\u00e9gia robusta e s\u00f3lida, um plano de neg\u00f3cios transparente e que desde o princ\u00edpio contou com a aposta e confian\u00e7a de grandes e tradicionais grupos brasileiros que hoje comp\u00f5em a nossa rede de concession\u00e1rias. Tamanho sucesso de vendas \u00e9 uma uni\u00e3o de diversos fatores e sabemos que os nossos carros t\u00eam grande diferencial para conquistar de vez os brasileiros. A BYD seguir\u00e1 avan\u00e7ando no pa\u00eds, com planos de longo prazo para modernizar a frota brasileira com tecnologia, conforto, conectividade, seguran\u00e7a e muita energia. N\u00e3o vamos parar at\u00e9 chegarmos na lideran\u00e7a total e absoluta de mercado, podem contar com isso\u201d, conclui Alexandre Baldy, Vice-Presidente S\u00eanior e Head de Marketing da BYD do Brasil.<\/p>\n","protected":false},"excerpt":{"rendered":"<p>(09\/10\/2025) \u2013 BYD \u00e9 do Brasil! A greentech inaugurou oficialmente a linha de montagem final de ve\u00edculos em Cama\u00e7ari (BA). O evento hist\u00f3rico redefine os rumos da ind\u00fastria automotiva nacional. A cerim\u00f4nia reuniu o presidente Luiz In\u00e1cio Lula da Silva, o governador da Bahia, Jer\u00f4nimo Rodrigues, o prefeito de Cama\u00e7ari, Luiz Carlos Caetano, ministros de [&hellip;]<\/p>\n","protected":false},"author":1,"featured_media":8132,"comment_status":"open","ping_status":"open","sticky":false,"template":"","format":"standard","meta":{"footnotes":""},"categories":[8],"tags":[],"class_list":["post-8131","post","type-post","status-publish","format-standard","has-post-thumbnail","hentry","category-camacari"],"yoast_head":"<!-- This site is optimized with the Yoast SEO plugin v21.7 - https:\/\/yoast.com\/wordpress\/plugins\/seo\/ -->\n<title>BYD inaugura em Cama\u00e7ari a maior f\u00e1brica de ve\u00edculos el\u00e9tricos da Am\u00e9rica Latina e apresenta o primeiro carro super-h\u00edbrido plug-in flex fuel do mundo - Compartilha Bahia<\/title>\n<meta name=\"robots\" content=\"index, follow, max-snippet:-1, max-image-preview:large, max-video-preview:-1\" \/>\n<link rel=\"canonical\" href=\"https:\/\/compartilhabahia.com.br\/index.php\/2025\/10\/09\/byd-inaugura-em-camacari-a-maior-fabrica-de-veiculos-eletricos-da-america-latina-e-apresenta-o-primeiro-carro-super-hibrido-plug-in-flex-fuel-do-mundo\/\" \/>\n<meta property=\"og:locale\" content=\"pt_BR\" \/>\n<meta property=\"og:type\" content=\"article\" \/>\n<meta property=\"og:title\" content=\"BYD inaugura em Cama\u00e7ari a maior f\u00e1brica de ve\u00edculos el\u00e9tricos da Am\u00e9rica Latina e apresenta o primeiro carro super-h\u00edbrido plug-in flex fuel do mundo - Compartilha Bahia\" \/>\n<meta property=\"og:description\" content=\"(09\/10\/2025) \u2013 BYD \u00e9 do Brasil! A greentech inaugurou oficialmente a linha de montagem final de ve\u00edculos em Cama\u00e7ari (BA). O evento hist\u00f3rico redefine os rumos da ind\u00fastria automotiva nacional. A cerim\u00f4nia reuniu o presidente Luiz In\u00e1cio Lula da Silva, o governador da Bahia, Jer\u00f4nimo Rodrigues, o prefeito de Cama\u00e7ari, Luiz Carlos Caetano, ministros de [&hellip;]\" \/>\n<meta property=\"og:url\" content=\"https:\/\/compartilhabahia.com.br\/index.php\/2025\/10\/09\/byd-inaugura-em-camacari-a-maior-fabrica-de-veiculos-eletricos-da-america-latina-e-apresenta-o-primeiro-carro-super-hibrido-plug-in-flex-fuel-do-mundo\/\" \/>\n<meta property=\"og:site_name\" content=\"Compartilha Bahia\" \/>\n<meta property=\"article:publisher\" content=\"https:\/\/web.facebook.com\/compartilhabahia\" \/>\n<meta property=\"article:published_time\" content=\"2025-10-09T20:47:24+00:00\" \/>\n<meta property=\"article:modified_time\" content=\"2025-10-09T20:47:26+00:00\" \/>\n<meta property=\"og:image\" content=\"https:\/\/compartilhabahia.com.br\/wp-content\/uploads\/2025\/10\/lulabyd.jpg\" \/>\n\t<meta property=\"og:image:width\" content=\"1280\" \/>\n\t<meta property=\"og:image:height\" content=\"853\" \/>\n\t<meta property=\"og:image:type\" content=\"image\/jpeg\" \/>\n<meta name=\"author\" content=\"admin\" \/>\n<meta name=\"twitter:card\" content=\"summary_large_image\" \/>\n<meta name=\"twitter:label1\" content=\"Escrito por\" \/>\n\t<meta name=\"twitter:data1\" content=\"admin\" \/>\n\t<meta name=\"twitter:label2\" content=\"Est. tempo de leitura\" \/>\n\t<meta name=\"twitter:data2\" content=\"9 minutos\" \/>\n<script type=\"application\/ld+json\" class=\"yoast-schema-graph\">{\"@context\":\"https:\/\/schema.org\",\"@graph\":[{\"@type\":\"Article\",\"@id\":\"https:\/\/compartilhabahia.com.br\/index.php\/2025\/10\/09\/byd-inaugura-em-camacari-a-maior-fabrica-de-veiculos-eletricos-da-america-latina-e-apresenta-o-primeiro-carro-super-hibrido-plug-in-flex-fuel-do-mundo\/#article\",\"isPartOf\":{\"@id\":\"https:\/\/compartilhabahia.com.br\/index.php\/2025\/10\/09\/byd-inaugura-em-camacari-a-maior-fabrica-de-veiculos-eletricos-da-america-latina-e-apresenta-o-primeiro-carro-super-hibrido-plug-in-flex-fuel-do-mundo\/\"},\"author\":{\"name\":\"admin\",\"@id\":\"https:\/\/compartilhabahia.com.br\/#\/schema\/person\/9b4f0c3178793b8248d6686732521c04\"},\"headline\":\"BYD inaugura em Cama\u00e7ari a maior f\u00e1brica de ve\u00edculos el\u00e9tricos da Am\u00e9rica Latina e apresenta o primeiro carro super-h\u00edbrido plug-in flex fuel do mundo\",\"datePublished\":\"2025-10-09T20:47:24+00:00\",\"dateModified\":\"2025-10-09T20:47:26+00:00\",\"mainEntityOfPage\":{\"@id\":\"https:\/\/compartilhabahia.com.br\/index.php\/2025\/10\/09\/byd-inaugura-em-camacari-a-maior-fabrica-de-veiculos-eletricos-da-america-latina-e-apresenta-o-primeiro-carro-super-hibrido-plug-in-flex-fuel-do-mundo\/\"},\"wordCount\":1688,\"commentCount\":0,\"publisher\":{\"@id\":\"https:\/\/compartilhabahia.com.br\/#organization\"},\"articleSection\":[\"Cama\u00e7ari\"],\"inLanguage\":\"pt-BR\",\"potentialAction\":[{\"@type\":\"CommentAction\",\"name\":\"Comment\",\"target\":[\"https:\/\/compartilhabahia.com.br\/index.php\/2025\/10\/09\/byd-inaugura-em-camacari-a-maior-fabrica-de-veiculos-eletricos-da-america-latina-e-apresenta-o-primeiro-carro-super-hibrido-plug-in-flex-fuel-do-mundo\/#respond\"]}]},{\"@type\":\"WebPage\",\"@id\":\"https:\/\/compartilhabahia.com.br\/index.php\/2025\/10\/09\/byd-inaugura-em-camacari-a-maior-fabrica-de-veiculos-eletricos-da-america-latina-e-apresenta-o-primeiro-carro-super-hibrido-plug-in-flex-fuel-do-mundo\/\",\"url\":\"https:\/\/compartilhabahia.com.br\/index.php\/2025\/10\/09\/byd-inaugura-em-camacari-a-maior-fabrica-de-veiculos-eletricos-da-america-latina-e-apresenta-o-primeiro-carro-super-hibrido-plug-in-flex-fuel-do-mundo\/\",\"name\":\"BYD inaugura em Cama\u00e7ari a maior f\u00e1brica de ve\u00edculos el\u00e9tricos da Am\u00e9rica Latina e apresenta o primeiro carro super-h\u00edbrido plug-in flex fuel do mundo - Compartilha Bahia\",\"isPartOf\":{\"@id\":\"https:\/\/compartilhabahia.com.br\/#website\"},\"datePublished\":\"2025-10-09T20:47:24+00:00\",\"dateModified\":\"2025-10-09T20:47:26+00:00\",\"breadcrumb\":{\"@id\":\"https:\/\/compartilhabahia.com.br\/index.php\/2025\/10\/09\/byd-inaugura-em-camacari-a-maior-fabrica-de-veiculos-eletricos-da-america-latina-e-apresenta-o-primeiro-carro-super-hibrido-plug-in-flex-fuel-do-mundo\/#breadcrumb\"},\"inLanguage\":\"pt-BR\",\"potentialAction\":[{\"@type\":\"ReadAction\",\"target\":[\"https:\/\/compartilhabahia.com.br\/index.php\/2025\/10\/09\/byd-inaugura-em-camacari-a-maior-fabrica-de-veiculos-eletricos-da-america-latina-e-apresenta-o-primeiro-carro-super-hibrido-plug-in-flex-fuel-do-mundo\/\"]}]},{\"@type\":\"BreadcrumbList\",\"@id\":\"https:\/\/compartilhabahia.com.br\/index.php\/2025\/10\/09\/byd-inaugura-em-camacari-a-maior-fabrica-de-veiculos-eletricos-da-america-latina-e-apresenta-o-primeiro-carro-super-hibrido-plug-in-flex-fuel-do-mundo\/#breadcrumb\",\"itemListElement\":[{\"@type\":\"ListItem\",\"position\":1,\"name\":\"In\u00edcio\",\"item\":\"https:\/\/compartilhabahia.com.br\/\"},{\"@type\":\"ListItem\",\"position\":2,\"name\":\"BYD inaugura em Cama\u00e7ari a maior f\u00e1brica de ve\u00edculos el\u00e9tricos da Am\u00e9rica Latina e apresenta o primeiro carro super-h\u00edbrido plug-in flex fuel do mundo\"}]},{\"@type\":\"WebSite\",\"@id\":\"https:\/\/compartilhabahia.com.br\/#website\",\"url\":\"https:\/\/compartilhabahia.com.br\/\",\"name\":\"Compartilha Bahia\",\"description\":\"\",\"publisher\":{\"@id\":\"https:\/\/compartilhabahia.com.br\/#organization\"},\"potentialAction\":[{\"@type\":\"SearchAction\",\"target\":{\"@type\":\"EntryPoint\",\"urlTemplate\":\"https:\/\/compartilhabahia.com.br\/?s={search_term_string}\"},\"query-input\":\"required name=search_term_string\"}],\"inLanguage\":\"pt-BR\"},{\"@type\":\"Organization\",\"@id\":\"https:\/\/compartilhabahia.com.br\/#organization\",\"name\":\"Compartilha Bahia\",\"url\":\"https:\/\/compartilhabahia.com.br\/\",\"logo\":{\"@type\":\"ImageObject\",\"inLanguage\":\"pt-BR\",\"@id\":\"https:\/\/compartilhabahia.com.br\/#\/schema\/logo\/image\/\",\"url\":\"https:\/\/compartilhabahia.com.br\/wp-content\/uploads\/2023\/12\/cropped-logo.png\",\"contentUrl\":\"https:\/\/compartilhabahia.com.br\/wp-content\/uploads\/2023\/12\/cropped-logo.png\",\"width\":300,\"height\":106,\"caption\":\"Compartilha Bahia\"},\"image\":{\"@id\":\"https:\/\/compartilhabahia.com.br\/#\/schema\/logo\/image\/\"},\"sameAs\":[\"https:\/\/web.facebook.com\/compartilhabahia\",\"https:\/\/www.instagram.com\/compartilhabahia\/\"]},{\"@type\":\"Person\",\"@id\":\"https:\/\/compartilhabahia.com.br\/#\/schema\/person\/9b4f0c3178793b8248d6686732521c04\",\"name\":\"admin\",\"image\":{\"@type\":\"ImageObject\",\"inLanguage\":\"pt-BR\",\"@id\":\"https:\/\/compartilhabahia.com.br\/#\/schema\/person\/image\/\",\"url\":\"https:\/\/secure.gravatar.com\/avatar\/9600df58751c5acbe914c538c03390ef649ea088cb65f84ba09c7ce66988eed6?s=96&d=mm&r=g\",\"contentUrl\":\"https:\/\/secure.gravatar.com\/avatar\/9600df58751c5acbe914c538c03390ef649ea088cb65f84ba09c7ce66988eed6?s=96&d=mm&r=g\",\"caption\":\"admin\"},\"sameAs\":[\"https:\/\/compartilhabahia.com.br\"],\"url\":\"https:\/\/compartilhabahia.com.br\/index.php\/author\/compartilhabahia\/\"}]}<\/script>\n<!-- \/ Yoast SEO plugin. -->","yoast_head_json":{"title":"BYD inaugura em Cama\u00e7ari a maior f\u00e1brica de ve\u00edculos el\u00e9tricos da Am\u00e9rica Latina e apresenta o primeiro carro super-h\u00edbrido plug-in flex fuel do mundo - Compartilha Bahia","robots":{"index":"index","follow":"follow","max-snippet":"max-snippet:-1","max-image-preview":"max-image-preview:large","max-video-preview":"max-video-preview:-1"},"canonical":"https:\/\/compartilhabahia.com.br\/index.php\/2025\/10\/09\/byd-inaugura-em-camacari-a-maior-fabrica-de-veiculos-eletricos-da-america-latina-e-apresenta-o-primeiro-carro-super-hibrido-plug-in-flex-fuel-do-mundo\/","og_locale":"pt_BR","og_type":"article","og_title":"BYD inaugura em Cama\u00e7ari a maior f\u00e1brica de ve\u00edculos el\u00e9tricos da Am\u00e9rica Latina e apresenta o primeiro carro super-h\u00edbrido plug-in flex fuel do mundo - Compartilha Bahia","og_description":"(09\/10\/2025) \u2013 BYD \u00e9 do Brasil! A greentech inaugurou oficialmente a linha de montagem final de ve\u00edculos em Cama\u00e7ari (BA). O evento hist\u00f3rico redefine os rumos da ind\u00fastria automotiva nacional. A cerim\u00f4nia reuniu o presidente Luiz In\u00e1cio Lula da Silva, o governador da Bahia, Jer\u00f4nimo Rodrigues, o prefeito de Cama\u00e7ari, Luiz Carlos Caetano, ministros de [&hellip;]","og_url":"https:\/\/compartilhabahia.com.br\/index.php\/2025\/10\/09\/byd-inaugura-em-camacari-a-maior-fabrica-de-veiculos-eletricos-da-america-latina-e-apresenta-o-primeiro-carro-super-hibrido-plug-in-flex-fuel-do-mundo\/","og_site_name":"Compartilha Bahia","article_publisher":"https:\/\/web.facebook.com\/compartilhabahia","article_published_time":"2025-10-09T20:47:24+00:00","article_modified_time":"2025-10-09T20:47:26+00:00","og_image":[{"width":1280,"height":853,"url":"https:\/\/compartilhabahia.com.br\/wp-content\/uploads\/2025\/10\/lulabyd.jpg","type":"image\/jpeg"}],"author":"admin","twitter_card":"summary_large_image","twitter_misc":{"Escrito por":"admin","Est. tempo de leitura":"9 minutos"},"schema":{"@context":"https:\/\/schema.org","@graph":[{"@type":"Article","@id":"https:\/\/compartilhabahia.com.br\/index.php\/2025\/10\/09\/byd-inaugura-em-camacari-a-maior-fabrica-de-veiculos-eletricos-da-america-latina-e-apresenta-o-primeiro-carro-super-hibrido-plug-in-flex-fuel-do-mundo\/#article","isPartOf":{"@id":"https:\/\/compartilhabahia.com.br\/index.php\/2025\/10\/09\/byd-inaugura-em-camacari-a-maior-fabrica-de-veiculos-eletricos-da-america-latina-e-apresenta-o-primeiro-carro-super-hibrido-plug-in-flex-fuel-do-mundo\/"},"author":{"name":"admin","@id":"https:\/\/compartilhabahia.com.br\/#\/schema\/person\/9b4f0c3178793b8248d6686732521c04"},"headline":"BYD inaugura em Cama\u00e7ari a maior f\u00e1brica de ve\u00edculos el\u00e9tricos da Am\u00e9rica Latina e apresenta o primeiro carro super-h\u00edbrido plug-in flex fuel do mundo","datePublished":"2025-10-09T20:47:24+00:00","dateModified":"2025-10-09T20:47:26+00:00","mainEntityOfPage":{"@id":"https:\/\/compartilhabahia.com.br\/index.php\/2025\/10\/09\/byd-inaugura-em-camacari-a-maior-fabrica-de-veiculos-eletricos-da-america-latina-e-apresenta-o-primeiro-carro-super-hibrido-plug-in-flex-fuel-do-mundo\/"},"wordCount":1688,"commentCount":0,"publisher":{"@id":"https:\/\/compartilhabahia.com.br\/#organization"},"articleSection":["Cama\u00e7ari"],"inLanguage":"pt-BR","potentialAction":[{"@type":"CommentAction","name":"Comment","target":["https:\/\/compartilhabahia.com.br\/index.php\/2025\/10\/09\/byd-inaugura-em-camacari-a-maior-fabrica-de-veiculos-eletricos-da-america-latina-e-apresenta-o-primeiro-carro-super-hibrido-plug-in-flex-fuel-do-mundo\/#respond"]}]},{"@type":"WebPage","@id":"https:\/\/compartilhabahia.com.br\/index.php\/2025\/10\/09\/byd-inaugura-em-camacari-a-maior-fabrica-de-veiculos-eletricos-da-america-latina-e-apresenta-o-primeiro-carro-super-hibrido-plug-in-flex-fuel-do-mundo\/","url":"https:\/\/compartilhabahia.com.br\/index.php\/2025\/10\/09\/byd-inaugura-em-camacari-a-maior-fabrica-de-veiculos-eletricos-da-america-latina-e-apresenta-o-primeiro-carro-super-hibrido-plug-in-flex-fuel-do-mundo\/","name":"BYD inaugura em Cama\u00e7ari a maior f\u00e1brica de ve\u00edculos el\u00e9tricos da Am\u00e9rica Latina e apresenta o primeiro carro super-h\u00edbrido plug-in flex fuel do mundo - Compartilha Bahia","isPartOf":{"@id":"https:\/\/compartilhabahia.com.br\/#website"},"datePublished":"2025-10-09T20:47:24+00:00","dateModified":"2025-10-09T20:47:26+00:00","breadcrumb":{"@id":"https:\/\/compartilhabahia.com.br\/index.php\/2025\/10\/09\/byd-inaugura-em-camacari-a-maior-fabrica-de-veiculos-eletricos-da-america-latina-e-apresenta-o-primeiro-carro-super-hibrido-plug-in-flex-fuel-do-mundo\/#breadcrumb"},"inLanguage":"pt-BR","potentialAction":[{"@type":"ReadAction","target":["https:\/\/compartilhabahia.com.br\/index.php\/2025\/10\/09\/byd-inaugura-em-camacari-a-maior-fabrica-de-veiculos-eletricos-da-america-latina-e-apresenta-o-primeiro-carro-super-hibrido-plug-in-flex-fuel-do-mundo\/"]}]},{"@type":"BreadcrumbList","@id":"https:\/\/compartilhabahia.com.br\/index.php\/2025\/10\/09\/byd-inaugura-em-camacari-a-maior-fabrica-de-veiculos-eletricos-da-america-latina-e-apresenta-o-primeiro-carro-super-hibrido-plug-in-flex-fuel-do-mundo\/#breadcrumb","itemListElement":[{"@type":"ListItem","position":1,"name":"In\u00edcio","item":"https:\/\/compartilhabahia.com.br\/"},{"@type":"ListItem","position":2,"name":"BYD inaugura em Cama\u00e7ari a maior f\u00e1brica de ve\u00edculos el\u00e9tricos da Am\u00e9rica Latina e apresenta o primeiro carro super-h\u00edbrido plug-in flex fuel do mundo"}]},{"@type":"WebSite","@id":"https:\/\/compartilhabahia.com.br\/#website","url":"https:\/\/compartilhabahia.com.br\/","name":"Compartilha Bahia","description":"","publisher":{"@id":"https:\/\/compartilhabahia.com.br\/#organization"},"potentialAction":[{"@type":"SearchAction","target":{"@type":"EntryPoint","urlTemplate":"https:\/\/compartilhabahia.com.br\/?s={search_term_string}"},"query-input":"required name=search_term_string"}],"inLanguage":"pt-BR"},{"@type":"Organization","@id":"https:\/\/compartilhabahia.com.br\/#organization","name":"Compartilha Bahia","url":"https:\/\/compartilhabahia.com.br\/","logo":{"@type":"ImageObject","inLanguage":"pt-BR","@id":"https:\/\/compartilhabahia.com.br\/#\/schema\/logo\/image\/","url":"https:\/\/compartilhabahia.com.br\/wp-content\/uploads\/2023\/12\/cropped-logo.png","contentUrl":"https:\/\/compartilhabahia.com.br\/wp-content\/uploads\/2023\/12\/cropped-logo.png","width":300,"height":106,"caption":"Compartilha Bahia"},"image":{"@id":"https:\/\/compartilhabahia.com.br\/#\/schema\/logo\/image\/"},"sameAs":["https:\/\/web.facebook.com\/compartilhabahia","https:\/\/www.instagram.com\/compartilhabahia\/"]},{"@type":"Person","@id":"https:\/\/compartilhabahia.com.br\/#\/schema\/person\/9b4f0c3178793b8248d6686732521c04","name":"admin","image":{"@type":"ImageObject","inLanguage":"pt-BR","@id":"https:\/\/compartilhabahia.com.br\/#\/schema\/person\/image\/","url":"https:\/\/secure.gravatar.com\/avatar\/9600df58751c5acbe914c538c03390ef649ea088cb65f84ba09c7ce66988eed6?s=96&d=mm&r=g","contentUrl":"https:\/\/secure.gravatar.com\/avatar\/9600df58751c5acbe914c538c03390ef649ea088cb65f84ba09c7ce66988eed6?s=96&d=mm&r=g","caption":"admin"},"sameAs":["https:\/\/compartilhabahia.com.br"],"url":"https:\/\/compartilhabahia.com.br\/index.php\/author\/compartilhabahia\/"}]}},"_links":{"self":[{"href":"https:\/\/compartilhabahia.com.br\/index.php\/wp-json\/wp\/v2\/posts\/8131","targetHints":{"allow":["GET"]}}],"collection":[{"href":"https:\/\/compartilhabahia.com.br\/index.php\/wp-json\/wp\/v2\/posts"}],"about":[{"href":"https:\/\/compartilhabahia.com.br\/index.php\/wp-json\/wp\/v2\/types\/post"}],"author":[{"embeddable":true,"href":"https:\/\/compartilhabahia.com.br\/index.php\/wp-json\/wp\/v2\/users\/1"}],"replies":[{"embeddable":true,"href":"https:\/\/compartilhabahia.com.br\/index.php\/wp-json\/wp\/v2\/comments?post=8131"}],"version-history":[{"count":1,"href":"https:\/\/compartilhabahia.com.br\/index.php\/wp-json\/wp\/v2\/posts\/8131\/revisions"}],"predecessor-version":[{"id":8133,"href":"https:\/\/compartilhabahia.com.br\/index.php\/wp-json\/wp\/v2\/posts\/8131\/revisions\/8133"}],"wp:featuredmedia":[{"embeddable":true,"href":"https:\/\/compartilhabahia.com.br\/index.php\/wp-json\/wp\/v2\/media\/8132"}],"wp:attachment":[{"href":"https:\/\/compartilhabahia.com.br\/index.php\/wp-json\/wp\/v2\/media?parent=8131"}],"wp:term":[{"taxonomy":"category","embeddable":true,"href":"https:\/\/compartilhabahia.com.br\/index.php\/wp-json\/wp\/v2\/categories?post=8131"},{"taxonomy":"post_tag","embeddable":true,"href":"https:\/\/compartilhabahia.com.br\/index.php\/wp-json\/wp\/v2\/tags?post=8131"}],"curies":[{"name":"wp","href":"https:\/\/api.w.org\/{rel}","templated":true}]}}