{"id":8125,"date":"2025-10-08T22:30:32","date_gmt":"2025-10-09T01:30:32","guid":{"rendered":"https:\/\/compartilhabahia.com.br\/?p=8125"},"modified":"2025-10-08T22:30:34","modified_gmt":"2025-10-09T01:30:34","slug":"marinha-participa-de-1o-encontro-de-formacao-de-pescadores-em-camacari","status":"publish","type":"post","link":"https:\/\/compartilhabahia.com.br\/index.php\/2025\/10\/08\/marinha-participa-de-1o-encontro-de-formacao-de-pescadores-em-camacari\/","title":{"rendered":"Marinha participa de 1\u00ba Encontro de Forma\u00e7\u00e3o de Pescadores em Cama\u00e7ari"},"content":{"rendered":"\n<p>Com a participa\u00e7\u00e3o de profissionais de Parafuso, Jau\u00e1, Arembepe, Barra do Jacu\u00edpe, Barra do Pojuca e Itacimirim, foi realizado o 1\u00ba Encontro de Forma\u00e7\u00e3o de Pescadores do Programa Mais Pesca. A iniciativa ocorreu por meio&nbsp;da&nbsp;parceria entre a Prefeitura de Cama\u00e7ari, atrav\u00e9s da Secretaria do Desenvolvimento da Agricultura e Pesca (Sedap), e o 2\u00ba Distrito Naval da Marinha do Brasil, nesta quarta-feira (8), no audit\u00f3rio da Ordem dos Advogados do Brasil (OAB) \u2013 Subse\u00e7\u00e3o Cama\u00e7ari.<br><br>O titular da Sedap, Fabiano Dourado, falou sobre a inten\u00e7\u00e3o de promover a forma\u00e7\u00e3o. \u201cEssa a\u00e7\u00e3o tem uma valia muito grande, por conta que n\u00f3s, no munic\u00edpio, enquanto gest\u00e3o, estamos preocupados, justamente, em aproximar cada vez mais o pescador e a marisqueira. Hoje, com a capacita\u00e7\u00e3o junto com a Capitania dos Portos, que vai falar sobre cuidados no mar, orienta\u00e7\u00e3o sobre navega\u00e7\u00e3o, para trazer seguran\u00e7a e uma vida melhor para os pescadores e marisqueiras\u201d, afirmou.<br><br>A palestra, intitulada Legal no Mar, foi ministrada pelo suboficial da Marinha Bernardino da Silva Neto. Ele explicou sobre o trabalho do \u00f3rg\u00e3o, que tem o prop\u00f3sito de orientar e educar antes de notificar, al\u00e9m de detalhar servi\u00e7os como o aplicativo de aviso de mau tempo, o Boletim ao Mar e o n\u00famero para emerg\u00eancias mar\u00edtimas, que \u00e9 o 185.<br><br>Em rela\u00e7\u00e3o aos cuidados que os pescadores devem ter, foram listados: manuten\u00e7\u00e3o correta da embarca\u00e7\u00e3o; condu\u00e7\u00e3o prudente; coletes salva-vidas para todos; extintores dentro da validade; informar o plano de navega\u00e7\u00e3o para familiares; n\u00e3o consumir bebida alco\u00f3lica, entre outros.<br><br>Um dos participantes foi o membro da Col\u00f4nia Z-14 em Arembepe, Jorge Ant\u00f4nio Rodrigues da Costa, 56 anos. \u201cEsse evento aqui, para mim, foi uma maravilha. Eu gostei. Teve a apresenta\u00e7\u00e3o da Marinha e foi muito bom para o pescador ouvir a Marinha. Muita coisa que saiu aqui, o pescador escutou. Neg\u00f3cio de carteira, de mar\u00edtimo, seguran\u00e7a\u2026 tudo aqui, para mim, foi uma maravilha esse evento\u201d, afirmou o pescador com 30 anos de carreira.<br><br>Tamb\u00e9m de Arembepe, a pescadora e marisqueira Ant\u00f4nia Batista, 47 anos, esteve presente na forma\u00e7\u00e3o e falou sobre o evento. \u201cSou pescadora desde pequena. Essa palestra hoje foi maravilhosa porque contribuiu com mais conhecimento para n\u00f3s, pescadores e marisqueiras. Foi muito importante para mim. Essa iniciativa foi a melhor coisa que aconteceu para a gente\u201d, finalizou.<br><br>Ao final, os participantes puderam tirar d\u00favidas sobre diversos assuntos, como regulariza\u00e7\u00e3o de habilita\u00e7\u00e3o, passo a passo para documenta\u00e7\u00e3o e inscri\u00e7\u00f5es de embarca\u00e7\u00f5es. Os pescadores ainda receberam um chap\u00e9u \u00e1rabe e certificado de participa\u00e7\u00e3o.<br><br>Em parceria com a Secretaria de Sa\u00fade (Sesau), tamb\u00e9m foram ofertadas vacinas antitet\u00e2nica, hepatite B, tr\u00edplice viral, febre amarela, influenza e Covid; aferi\u00e7\u00e3o de press\u00e3o arterial; e testes r\u00e1pidos para hepatites B e C, s\u00edfilis e HIV.<\/p>\n\n\n\n<p>Foto: Juliano Sarraf<\/p>\n","protected":false},"excerpt":{"rendered":"<p>Com a participa\u00e7\u00e3o de profissionais de Parafuso, Jau\u00e1, Arembepe, Barra do Jacu\u00edpe, Barra do Pojuca e Itacimirim, foi realizado o 1\u00ba Encontro de Forma\u00e7\u00e3o de Pescadores do Programa Mais Pesca. A iniciativa ocorreu por meio&nbsp;da&nbsp;parceria entre a Prefeitura de Cama\u00e7ari, atrav\u00e9s da Secretaria do Desenvolvimento da Agricultura e Pesca (Sedap), e o 2\u00ba Distrito Naval [&hellip;]<\/p>\n","protected":false},"author":1,"featured_media":8126,"comment_status":"open","ping_status":"open","sticky":false,"template":"","format":"standard","meta":{"footnotes":""},"categories":[8],"tags":[],"class_list":["post-8125","post","type-post","status-publish","format-standard","has-post-thumbnail","hentry","category-camacari"],"yoast_head":"<!-- This site is optimized with the Yoast SEO plugin v21.7 - https:\/\/yoast.com\/wordpress\/plugins\/seo\/ -->\n<title>Marinha participa de 1\u00ba Encontro de Forma\u00e7\u00e3o de Pescadores em Cama\u00e7ari - Compartilha Bahia<\/title>\n<meta name=\"robots\" content=\"index, follow, max-snippet:-1, max-image-preview:large, max-video-preview:-1\" \/>\n<link rel=\"canonical\" href=\"https:\/\/compartilhabahia.com.br\/index.php\/2025\/10\/08\/marinha-participa-de-1o-encontro-de-formacao-de-pescadores-em-camacari\/\" \/>\n<meta property=\"og:locale\" content=\"pt_BR\" \/>\n<meta property=\"og:type\" content=\"article\" \/>\n<meta property=\"og:title\" content=\"Marinha participa de 1\u00ba Encontro de Forma\u00e7\u00e3o de Pescadores em Cama\u00e7ari - Compartilha Bahia\" \/>\n<meta property=\"og:description\" content=\"Com a participa\u00e7\u00e3o de profissionais de Parafuso, Jau\u00e1, Arembepe, Barra do Jacu\u00edpe, Barra do Pojuca e Itacimirim, foi realizado o 1\u00ba Encontro de Forma\u00e7\u00e3o de Pescadores do Programa Mais Pesca. A iniciativa ocorreu por meio&nbsp;da&nbsp;parceria entre a Prefeitura de Cama\u00e7ari, atrav\u00e9s da Secretaria do Desenvolvimento da Agricultura e Pesca (Sedap), e o 2\u00ba Distrito Naval [&hellip;]\" \/>\n<meta property=\"og:url\" content=\"https:\/\/compartilhabahia.com.br\/index.php\/2025\/10\/08\/marinha-participa-de-1o-encontro-de-formacao-de-pescadores-em-camacari\/\" \/>\n<meta property=\"og:site_name\" content=\"Compartilha Bahia\" \/>\n<meta property=\"article:publisher\" content=\"https:\/\/web.facebook.com\/compartilhabahia\" \/>\n<meta property=\"article:published_time\" content=\"2025-10-09T01:30:32+00:00\" \/>\n<meta property=\"article:modified_time\" content=\"2025-10-09T01:30:34+00:00\" \/>\n<meta property=\"og:image\" content=\"https:\/\/compartilhabahia.com.br\/wp-content\/uploads\/2025\/10\/marinha.jpg\" \/>\n\t<meta property=\"og:image:width\" content=\"960\" \/>\n\t<meta property=\"og:image:height\" content=\"640\" \/>\n\t<meta property=\"og:image:type\" content=\"image\/jpeg\" \/>\n<meta name=\"author\" content=\"admin\" \/>\n<meta name=\"twitter:card\" content=\"summary_large_image\" \/>\n<meta name=\"twitter:label1\" content=\"Escrito por\" \/>\n\t<meta name=\"twitter:data1\" content=\"admin\" \/>\n\t<meta name=\"twitter:label2\" content=\"Est. tempo de leitura\" \/>\n\t<meta name=\"twitter:data2\" content=\"3 minutos\" \/>\n<script type=\"application\/ld+json\" class=\"yoast-schema-graph\">{\"@context\":\"https:\/\/schema.org\",\"@graph\":[{\"@type\":\"Article\",\"@id\":\"https:\/\/compartilhabahia.com.br\/index.php\/2025\/10\/08\/marinha-participa-de-1o-encontro-de-formacao-de-pescadores-em-camacari\/#article\",\"isPartOf\":{\"@id\":\"https:\/\/compartilhabahia.com.br\/index.php\/2025\/10\/08\/marinha-participa-de-1o-encontro-de-formacao-de-pescadores-em-camacari\/\"},\"author\":{\"name\":\"admin\",\"@id\":\"https:\/\/compartilhabahia.com.br\/#\/schema\/person\/9b4f0c3178793b8248d6686732521c04\"},\"headline\":\"Marinha participa de 1\u00ba Encontro de Forma\u00e7\u00e3o de Pescadores em Cama\u00e7ari\",\"datePublished\":\"2025-10-09T01:30:32+00:00\",\"dateModified\":\"2025-10-09T01:30:34+00:00\",\"mainEntityOfPage\":{\"@id\":\"https:\/\/compartilhabahia.com.br\/index.php\/2025\/10\/08\/marinha-participa-de-1o-encontro-de-formacao-de-pescadores-em-camacari\/\"},\"wordCount\":516,\"commentCount\":0,\"publisher\":{\"@id\":\"https:\/\/compartilhabahia.com.br\/#organization\"},\"articleSection\":[\"Cama\u00e7ari\"],\"inLanguage\":\"pt-BR\",\"potentialAction\":[{\"@type\":\"CommentAction\",\"name\":\"Comment\",\"target\":[\"https:\/\/compartilhabahia.com.br\/index.php\/2025\/10\/08\/marinha-participa-de-1o-encontro-de-formacao-de-pescadores-em-camacari\/#respond\"]}]},{\"@type\":\"WebPage\",\"@id\":\"https:\/\/compartilhabahia.com.br\/index.php\/2025\/10\/08\/marinha-participa-de-1o-encontro-de-formacao-de-pescadores-em-camacari\/\",\"url\":\"https:\/\/compartilhabahia.com.br\/index.php\/2025\/10\/08\/marinha-participa-de-1o-encontro-de-formacao-de-pescadores-em-camacari\/\",\"name\":\"Marinha participa de 1\u00ba Encontro de Forma\u00e7\u00e3o de Pescadores em Cama\u00e7ari - Compartilha Bahia\",\"isPartOf\":{\"@id\":\"https:\/\/compartilhabahia.com.br\/#website\"},\"datePublished\":\"2025-10-09T01:30:32+00:00\",\"dateModified\":\"2025-10-09T01:30:34+00:00\",\"breadcrumb\":{\"@id\":\"https:\/\/compartilhabahia.com.br\/index.php\/2025\/10\/08\/marinha-participa-de-1o-encontro-de-formacao-de-pescadores-em-camacari\/#breadcrumb\"},\"inLanguage\":\"pt-BR\",\"potentialAction\":[{\"@type\":\"ReadAction\",\"target\":[\"https:\/\/compartilhabahia.com.br\/index.php\/2025\/10\/08\/marinha-participa-de-1o-encontro-de-formacao-de-pescadores-em-camacari\/\"]}]},{\"@type\":\"BreadcrumbList\",\"@id\":\"https:\/\/compartilhabahia.com.br\/index.php\/2025\/10\/08\/marinha-participa-de-1o-encontro-de-formacao-de-pescadores-em-camacari\/#breadcrumb\",\"itemListElement\":[{\"@type\":\"ListItem\",\"position\":1,\"name\":\"In\u00edcio\",\"item\":\"https:\/\/compartilhabahia.com.br\/\"},{\"@type\":\"ListItem\",\"position\":2,\"name\":\"Marinha participa de 1\u00ba Encontro de Forma\u00e7\u00e3o de Pescadores em Cama\u00e7ari\"}]},{\"@type\":\"WebSite\",\"@id\":\"https:\/\/compartilhabahia.com.br\/#website\",\"url\":\"https:\/\/compartilhabahia.com.br\/\",\"name\":\"Compartilha Bahia\",\"description\":\"\",\"publisher\":{\"@id\":\"https:\/\/compartilhabahia.com.br\/#organization\"},\"potentialAction\":[{\"@type\":\"SearchAction\",\"target\":{\"@type\":\"EntryPoint\",\"urlTemplate\":\"https:\/\/compartilhabahia.com.br\/?s={search_term_string}\"},\"query-input\":\"required name=search_term_string\"}],\"inLanguage\":\"pt-BR\"},{\"@type\":\"Organization\",\"@id\":\"https:\/\/compartilhabahia.com.br\/#organization\",\"name\":\"Compartilha Bahia\",\"url\":\"https:\/\/compartilhabahia.com.br\/\",\"logo\":{\"@type\":\"ImageObject\",\"inLanguage\":\"pt-BR\",\"@id\":\"https:\/\/compartilhabahia.com.br\/#\/schema\/logo\/image\/\",\"url\":\"https:\/\/compartilhabahia.com.br\/wp-content\/uploads\/2023\/12\/cropped-logo.png\",\"contentUrl\":\"https:\/\/compartilhabahia.com.br\/wp-content\/uploads\/2023\/12\/cropped-logo.png\",\"width\":300,\"height\":106,\"caption\":\"Compartilha Bahia\"},\"image\":{\"@id\":\"https:\/\/compartilhabahia.com.br\/#\/schema\/logo\/image\/\"},\"sameAs\":[\"https:\/\/web.facebook.com\/compartilhabahia\",\"https:\/\/www.instagram.com\/compartilhabahia\/\"]},{\"@type\":\"Person\",\"@id\":\"https:\/\/compartilhabahia.com.br\/#\/schema\/person\/9b4f0c3178793b8248d6686732521c04\",\"name\":\"admin\",\"image\":{\"@type\":\"ImageObject\",\"inLanguage\":\"pt-BR\",\"@id\":\"https:\/\/compartilhabahia.com.br\/#\/schema\/person\/image\/\",\"url\":\"https:\/\/secure.gravatar.com\/avatar\/9600df58751c5acbe914c538c03390ef649ea088cb65f84ba09c7ce66988eed6?s=96&d=mm&r=g\",\"contentUrl\":\"https:\/\/secure.gravatar.com\/avatar\/9600df58751c5acbe914c538c03390ef649ea088cb65f84ba09c7ce66988eed6?s=96&d=mm&r=g\",\"caption\":\"admin\"},\"sameAs\":[\"https:\/\/compartilhabahia.com.br\"],\"url\":\"https:\/\/compartilhabahia.com.br\/index.php\/author\/compartilhabahia\/\"}]}<\/script>\n<!-- \/ Yoast SEO plugin. -->","yoast_head_json":{"title":"Marinha participa de 1\u00ba Encontro de Forma\u00e7\u00e3o de Pescadores em Cama\u00e7ari - Compartilha Bahia","robots":{"index":"index","follow":"follow","max-snippet":"max-snippet:-1","max-image-preview":"max-image-preview:large","max-video-preview":"max-video-preview:-1"},"canonical":"https:\/\/compartilhabahia.com.br\/index.php\/2025\/10\/08\/marinha-participa-de-1o-encontro-de-formacao-de-pescadores-em-camacari\/","og_locale":"pt_BR","og_type":"article","og_title":"Marinha participa de 1\u00ba Encontro de Forma\u00e7\u00e3o de Pescadores em Cama\u00e7ari - Compartilha Bahia","og_description":"Com a participa\u00e7\u00e3o de profissionais de Parafuso, Jau\u00e1, Arembepe, Barra do Jacu\u00edpe, Barra do Pojuca e Itacimirim, foi realizado o 1\u00ba Encontro de Forma\u00e7\u00e3o de Pescadores do Programa Mais Pesca. A iniciativa ocorreu por meio&nbsp;da&nbsp;parceria entre a Prefeitura de Cama\u00e7ari, atrav\u00e9s da Secretaria do Desenvolvimento da Agricultura e Pesca (Sedap), e o 2\u00ba Distrito Naval [&hellip;]","og_url":"https:\/\/compartilhabahia.com.br\/index.php\/2025\/10\/08\/marinha-participa-de-1o-encontro-de-formacao-de-pescadores-em-camacari\/","og_site_name":"Compartilha Bahia","article_publisher":"https:\/\/web.facebook.com\/compartilhabahia","article_published_time":"2025-10-09T01:30:32+00:00","article_modified_time":"2025-10-09T01:30:34+00:00","og_image":[{"width":960,"height":640,"url":"https:\/\/compartilhabahia.com.br\/wp-content\/uploads\/2025\/10\/marinha.jpg","type":"image\/jpeg"}],"author":"admin","twitter_card":"summary_large_image","twitter_misc":{"Escrito por":"admin","Est. tempo de leitura":"3 minutos"},"schema":{"@context":"https:\/\/schema.org","@graph":[{"@type":"Article","@id":"https:\/\/compartilhabahia.com.br\/index.php\/2025\/10\/08\/marinha-participa-de-1o-encontro-de-formacao-de-pescadores-em-camacari\/#article","isPartOf":{"@id":"https:\/\/compartilhabahia.com.br\/index.php\/2025\/10\/08\/marinha-participa-de-1o-encontro-de-formacao-de-pescadores-em-camacari\/"},"author":{"name":"admin","@id":"https:\/\/compartilhabahia.com.br\/#\/schema\/person\/9b4f0c3178793b8248d6686732521c04"},"headline":"Marinha participa de 1\u00ba Encontro de Forma\u00e7\u00e3o de Pescadores em Cama\u00e7ari","datePublished":"2025-10-09T01:30:32+00:00","dateModified":"2025-10-09T01:30:34+00:00","mainEntityOfPage":{"@id":"https:\/\/compartilhabahia.com.br\/index.php\/2025\/10\/08\/marinha-participa-de-1o-encontro-de-formacao-de-pescadores-em-camacari\/"},"wordCount":516,"commentCount":0,"publisher":{"@id":"https:\/\/compartilhabahia.com.br\/#organization"},"articleSection":["Cama\u00e7ari"],"inLanguage":"pt-BR","potentialAction":[{"@type":"CommentAction","name":"Comment","target":["https:\/\/compartilhabahia.com.br\/index.php\/2025\/10\/08\/marinha-participa-de-1o-encontro-de-formacao-de-pescadores-em-camacari\/#respond"]}]},{"@type":"WebPage","@id":"https:\/\/compartilhabahia.com.br\/index.php\/2025\/10\/08\/marinha-participa-de-1o-encontro-de-formacao-de-pescadores-em-camacari\/","url":"https:\/\/compartilhabahia.com.br\/index.php\/2025\/10\/08\/marinha-participa-de-1o-encontro-de-formacao-de-pescadores-em-camacari\/","name":"Marinha participa de 1\u00ba Encontro de Forma\u00e7\u00e3o de Pescadores em Cama\u00e7ari - Compartilha Bahia","isPartOf":{"@id":"https:\/\/compartilhabahia.com.br\/#website"},"datePublished":"2025-10-09T01:30:32+00:00","dateModified":"2025-10-09T01:30:34+00:00","breadcrumb":{"@id":"https:\/\/compartilhabahia.com.br\/index.php\/2025\/10\/08\/marinha-participa-de-1o-encontro-de-formacao-de-pescadores-em-camacari\/#breadcrumb"},"inLanguage":"pt-BR","potentialAction":[{"@type":"ReadAction","target":["https:\/\/compartilhabahia.com.br\/index.php\/2025\/10\/08\/marinha-participa-de-1o-encontro-de-formacao-de-pescadores-em-camacari\/"]}]},{"@type":"BreadcrumbList","@id":"https:\/\/compartilhabahia.com.br\/index.php\/2025\/10\/08\/marinha-participa-de-1o-encontro-de-formacao-de-pescadores-em-camacari\/#breadcrumb","itemListElement":[{"@type":"ListItem","position":1,"name":"In\u00edcio","item":"https:\/\/compartilhabahia.com.br\/"},{"@type":"ListItem","position":2,"name":"Marinha participa de 1\u00ba Encontro de Forma\u00e7\u00e3o de Pescadores em Cama\u00e7ari"}]},{"@type":"WebSite","@id":"https:\/\/compartilhabahia.com.br\/#website","url":"https:\/\/compartilhabahia.com.br\/","name":"Compartilha Bahia","description":"","publisher":{"@id":"https:\/\/compartilhabahia.com.br\/#organization"},"potentialAction":[{"@type":"SearchAction","target":{"@type":"EntryPoint","urlTemplate":"https:\/\/compartilhabahia.com.br\/?s={search_term_string}"},"query-input":"required name=search_term_string"}],"inLanguage":"pt-BR"},{"@type":"Organization","@id":"https:\/\/compartilhabahia.com.br\/#organization","name":"Compartilha Bahia","url":"https:\/\/compartilhabahia.com.br\/","logo":{"@type":"ImageObject","inLanguage":"pt-BR","@id":"https:\/\/compartilhabahia.com.br\/#\/schema\/logo\/image\/","url":"https:\/\/compartilhabahia.com.br\/wp-content\/uploads\/2023\/12\/cropped-logo.png","contentUrl":"https:\/\/compartilhabahia.com.br\/wp-content\/uploads\/2023\/12\/cropped-logo.png","width":300,"height":106,"caption":"Compartilha Bahia"},"image":{"@id":"https:\/\/compartilhabahia.com.br\/#\/schema\/logo\/image\/"},"sameAs":["https:\/\/web.facebook.com\/compartilhabahia","https:\/\/www.instagram.com\/compartilhabahia\/"]},{"@type":"Person","@id":"https:\/\/compartilhabahia.com.br\/#\/schema\/person\/9b4f0c3178793b8248d6686732521c04","name":"admin","image":{"@type":"ImageObject","inLanguage":"pt-BR","@id":"https:\/\/compartilhabahia.com.br\/#\/schema\/person\/image\/","url":"https:\/\/secure.gravatar.com\/avatar\/9600df58751c5acbe914c538c03390ef649ea088cb65f84ba09c7ce66988eed6?s=96&d=mm&r=g","contentUrl":"https:\/\/secure.gravatar.com\/avatar\/9600df58751c5acbe914c538c03390ef649ea088cb65f84ba09c7ce66988eed6?s=96&d=mm&r=g","caption":"admin"},"sameAs":["https:\/\/compartilhabahia.com.br"],"url":"https:\/\/compartilhabahia.com.br\/index.php\/author\/compartilhabahia\/"}]}},"_links":{"self":[{"href":"https:\/\/compartilhabahia.com.br\/index.php\/wp-json\/wp\/v2\/posts\/8125","targetHints":{"allow":["GET"]}}],"collection":[{"href":"https:\/\/compartilhabahia.com.br\/index.php\/wp-json\/wp\/v2\/posts"}],"about":[{"href":"https:\/\/compartilhabahia.com.br\/index.php\/wp-json\/wp\/v2\/types\/post"}],"author":[{"embeddable":true,"href":"https:\/\/compartilhabahia.com.br\/index.php\/wp-json\/wp\/v2\/users\/1"}],"replies":[{"embeddable":true,"href":"https:\/\/compartilhabahia.com.br\/index.php\/wp-json\/wp\/v2\/comments?post=8125"}],"version-history":[{"count":1,"href":"https:\/\/compartilhabahia.com.br\/index.php\/wp-json\/wp\/v2\/posts\/8125\/revisions"}],"predecessor-version":[{"id":8127,"href":"https:\/\/compartilhabahia.com.br\/index.php\/wp-json\/wp\/v2\/posts\/8125\/revisions\/8127"}],"wp:featuredmedia":[{"embeddable":true,"href":"https:\/\/compartilhabahia.com.br\/index.php\/wp-json\/wp\/v2\/media\/8126"}],"wp:attachment":[{"href":"https:\/\/compartilhabahia.com.br\/index.php\/wp-json\/wp\/v2\/media?parent=8125"}],"wp:term":[{"taxonomy":"category","embeddable":true,"href":"https:\/\/compartilhabahia.com.br\/index.php\/wp-json\/wp\/v2\/categories?post=8125"},{"taxonomy":"post_tag","embeddable":true,"href":"https:\/\/compartilhabahia.com.br\/index.php\/wp-json\/wp\/v2\/tags?post=8125"}],"curies":[{"name":"wp","href":"https:\/\/api.w.org\/{rel}","templated":true}]}}