{"id":8081,"date":"2025-10-03T16:37:35","date_gmt":"2025-10-03T19:37:35","guid":{"rendered":"https:\/\/compartilhabahia.com.br\/?p=8081"},"modified":"2025-10-03T16:37:37","modified_gmt":"2025-10-03T19:37:37","slug":"peregrinacao-historica-com-imagem-de-sao-miguel-arcanjo-vinda-da-italia-chega-na-diocese-de-camacari","status":"publish","type":"post","link":"https:\/\/compartilhabahia.com.br\/index.php\/2025\/10\/03\/peregrinacao-historica-com-imagem-de-sao-miguel-arcanjo-vinda-da-italia-chega-na-diocese-de-camacari\/","title":{"rendered":"Peregrina\u00e7\u00e3o hist\u00f3rica com imagem de S\u00e3o Miguel Arcanjo vinda da It\u00e1lia, chega na Diocese de Cama\u00e7ari"},"content":{"rendered":"\n<p><\/p>\n\n\n\n<p><em>A imagem peregrina de S\u00e3o Miguel Arcanjo vinda da It\u00e1lia, chega hoje (03\/10) na Comunidade Cidade Santa em Dias D&#8217;\u00c1vila<\/em><\/p>\n\n\n\n<p>A Diocese de Cama\u00e7ari se prepara para viver um momento \u00fanico de f\u00e9 e devo\u00e7\u00e3o com a chegada da imagem oficial de S\u00e3o Miguel Arcanjo, vinda diretamente do Santu\u00e1rio do Monte Gargano, na It\u00e1lia, o mais antigo do mundo dedicado ao Arcanjo. De forma in\u00e9dita, a peregrina\u00e7\u00e3o, conduzida pelo Instituto Hesed, j\u00e1 percorreu importantes cidades das cinco regi\u00f5es do Brasil, reunindo multid\u00f5es em Santa B\u00e1rbara d\u2019Oeste (SP), Bras\u00edlia (DF), Fortaleza (CE), Crici\u00fama (SC), Palmas (TO), Rio de Janeiro (RJ), S\u00e3o Miguel (SP), e agora chega \u00e0 Bahia para marcar a celebra\u00e7\u00e3o nesta sexta-feira, 3.<\/p>\n\n\n\n<figure class=\"wp-block-image size-full\"><img loading=\"lazy\" decoding=\"async\" width=\"864\" height=\"486\" src=\"https:\/\/compartilhabahia.com.br\/wp-content\/uploads\/2025\/10\/multi.jpg\" alt=\"\" class=\"wp-image-8083\" srcset=\"https:\/\/compartilhabahia.com.br\/wp-content\/uploads\/2025\/10\/multi.jpg 864w, https:\/\/compartilhabahia.com.br\/wp-content\/uploads\/2025\/10\/multi-300x169.jpg 300w, https:\/\/compartilhabahia.com.br\/wp-content\/uploads\/2025\/10\/multi-768x432.jpg 768w\" sizes=\"auto, (max-width: 864px) 100vw, 864px\" \/><\/figure>\n\n\n\n<p><strong>A programa\u00e7\u00e3o oficial acontece na Comunidade Cidade Santa, no distrito da Biribeira, em Dias D\u2019\u00c1vila.<\/strong>&nbsp;Os port\u00f5es abrem \u00e0s 15h.<\/p>\n\n\n\n<p><strong>A programa\u00e7\u00e3o ter\u00e1 in\u00edcio \u00e0s 19h30, com a Santa Missa presidida por Dom Dirceu.<\/strong>&nbsp;\u00c0s 22h, os fi\u00e9is ser\u00e3o conduzidos a um momento de espiritualidade e m\u00fasica no show do mission\u00e1rio Tony Alysson. A noite segue com ora\u00e7\u00e3o: 00h30 ser\u00e1 rezado o Ter\u00e7o do Combate, seguido, \u00e0s 01h30, de prega\u00e7\u00e3o conduzida pelo Instituto Hesed. Logo depois, \u00e0s 02h30, haver\u00e1 louvor e adora\u00e7\u00e3o tamb\u00e9m com o Instituto.<\/p>\n\n\n\n<p>\u00c0s 03h30, a prociss\u00e3o com o Sant\u00edssimo e, em seguida, o Ros\u00e1rio da Madrugada \u00e0s 04h, conduzido pelo Instituto Hesed. O encerramento ser\u00e1 marcado pela Santa Missa \u00e0s 06h, presidida pelo padre Paulo Avelino, e o encerramento acontece \u00e0s 08h.<\/p>\n\n\n\n<p><strong>Um marco espiritual e hist\u00f3rico<\/strong><\/p>\n\n\n\n<p>A imagem oficial foi solenemente aben\u00e7oada na Gruta de S\u00e3o Miguel, e sua jornada no Brasil contempla todas as regi\u00f5es, sempre com o objetivo de promover a consagra\u00e7\u00e3o das fam\u00edlias e dioceses brasileiras \u00e0 prote\u00e7\u00e3o do Arcanjo.<\/p>\n\n\n\n<p>O Instituto Hesed destaca que este \u00e9 um movimento de renova\u00e7\u00e3o da f\u00e9 e de reconquista espiritual em um tempo de grandes desafios para a sociedade. Segundo os religiosos do Instituto Hesed, trata-se de um movimento de renova\u00e7\u00e3o da f\u00e9 e reconquista da identidade crist\u00e3 do pa\u00eds, num tempo em que a presen\u00e7a espiritual do Arcanjo \u00e9 mais urgente do que nunca:<\/p>\n\n\n\n<p>\u201c\u00c0 luz da f\u00e9 da Igreja, com a b\u00ean\u00e7\u00e3o de Dom Greg\u00f3rio Paix\u00e3o, arcebispo de Fortaleza (CE), e orienta\u00e7\u00e3o de Dom Devair Ara\u00fajo da Fonseca, bispo de Piracicaba (SP), propomos que cada diocese brasileira, com a aprova\u00e7\u00e3o de seu bispo, seja solenemente consagrada a S\u00e3o Miguel Arcanjo, confiando-lhe a guarda espiritual do povo, das fam\u00edlias, das autoridades e da miss\u00e3o evangelizadora no Brasil\u201d, afirmam os irm\u00e3os do Instituto.<\/p>\n\n\n\n<p>Segundo registros populares, durante a Revolu\u00e7\u00e3o Constitucionalista, o Arcanjo teria aparecido a um comandante das tropas em meio a um confronto sangrento, ordenando o cessar dos combates. Providencialmente, naquele mesmo dia, foi firmado um armist\u00edcio, epis\u00f3dio que coincidiu com a festa lit\u00fargica de S\u00e3o Miguel Arcanjo.<\/p>\n\n\n\n<figure class=\"wp-block-image size-full\"><img loading=\"lazy\" decoding=\"async\" width=\"512\" height=\"378\" src=\"https:\/\/compartilhabahia.com.br\/wp-content\/uploads\/2025\/10\/arcanjo.jpg\" alt=\"\" class=\"wp-image-8084\" srcset=\"https:\/\/compartilhabahia.com.br\/wp-content\/uploads\/2025\/10\/arcanjo.jpg 512w, https:\/\/compartilhabahia.com.br\/wp-content\/uploads\/2025\/10\/arcanjo-300x221.jpg 300w\" sizes=\"auto, (max-width: 512px) 100vw, 512px\" \/><\/figure>\n\n\n\n<p>Programa\u00e7\u00e3o<\/p>\n\n\n\n<p>* 19h30 \u2013 Missa com Dom Dirceu<br>* 22h \u2013 Show com Tony Alysson<br>* 23h30 \u2013 Intervalo<br>* 00h30 \u2013 Ter\u00e7o do Combate<br>* 01h30 \u2013 Prega\u00e7\u00e3o \u2013 Instituto Hesed<br>* 02h30 \u2013 Louvor e Adora\u00e7\u00e3o \u2013 Instituto Hesed<br>* 03h30 \u2013 Prociss\u00e3o com o Sant\u00edssimo<br>* 04h00 \u2013 Ros\u00e1rio da Madrugada \u2013 Instituto Hesed<br>* 06h00 \u2013 Santa Missa \u2013 Pe. Paulo Avelino<br>* 08h00 \u2013 Encerramento<\/p>\n\n\n\n<p>Al\u00e9m da cidade de Dias d\u2019\u00c1vila, outras cidades ainda devem receber a imagem peregrina, Curitiba (08\/10); Feira de Santana\/BA (24\/10); Alagoinhas\/BA (25\/10); Bel\u00e9m\/PA (31\/11); Santo Amaro\/SP (22\/11); Bragan\u00e7a Paulista\/SP (06\/12) e Caraguatatuba\/SP (14\/12).<\/p>\n\n\n\n<p><strong>Dimens\u00e3o espiritual e solid\u00e1ria<\/strong><\/p>\n\n\n\n<p>Al\u00e9m das celebra\u00e7\u00f5es, o Instituto Hesed convida os fi\u00e9is a levarem 1kg de alimento n\u00e3o perec\u00edvel, que ser\u00e1 destinado \u00e0s institui\u00e7\u00f5es sociais da regi\u00e3o. Haver\u00e1 tamb\u00e9m uma coleta especial durante a vig\u00edlia, revertida para a\u00e7\u00f5es caritativas.<\/p>\n\n\n\n<p><strong>Sobre o Instituto Hesed<\/strong><\/p>\n\n\n\n<p>Fundado no Cear\u00e1, o Instituto Hesed tem como carisma propagar a devo\u00e7\u00e3o aos Santos Anjos e viver profundamente as Miseric\u00f3rdias do Senhor. Com transmiss\u00f5es di\u00e1rias para milh\u00f5es de fi\u00e9is, tornou-se refer\u00eancia em espiritualidade, ora\u00e7\u00e3o e evangeliza\u00e7\u00e3o no Brasil.<\/p>\n\n\n\n<p>A peregrina\u00e7\u00e3o da imagem de S\u00e3o Miguel Arcanjo integra uma campanha nacional de reconquista espiritual, que busca reacender a f\u00e9, renovar a consagra\u00e7\u00e3o das fam\u00edlias e fortalecer a identidade crist\u00e3 do pa\u00eds.<\/p>\n\n\n\n<p>Servi\u00e7o:<\/p>\n\n\n\n<p>Peregrina\u00e7\u00e3o da Imagem Oficial de S\u00e3o Miguel Arcanjo \u2013 Instituto Hesed<\/p>\n\n\n\n<p>Quando: 3 de outubro de 2025<br>Onde: Comunidade Cidade Santa, distrito da Biribeira &#8211; Dias D\u2019\u00c1vila.<br>Mais informa\u00e7\u00f5es: Instagram @irkelly_institutohesed_oficial | @exercitode.saomiguel.<\/p>\n","protected":false},"excerpt":{"rendered":"<p>A imagem peregrina de S\u00e3o Miguel Arcanjo vinda da It\u00e1lia, chega hoje (03\/10) na Comunidade Cidade Santa em Dias D&#8217;\u00c1vila A Diocese de Cama\u00e7ari se prepara para viver um momento \u00fanico de f\u00e9 e devo\u00e7\u00e3o com a chegada da imagem oficial de S\u00e3o Miguel Arcanjo, vinda diretamente do Santu\u00e1rio do Monte Gargano, na It\u00e1lia, o [&hellip;]<\/p>\n","protected":false},"author":1,"featured_media":8082,"comment_status":"open","ping_status":"open","sticky":false,"template":"","format":"standard","meta":{"footnotes":""},"categories":[8],"tags":[],"class_list":["post-8081","post","type-post","status-publish","format-standard","has-post-thumbnail","hentry","category-camacari"],"yoast_head":"<!-- This site is optimized with the Yoast SEO plugin v21.7 - https:\/\/yoast.com\/wordpress\/plugins\/seo\/ -->\n<title>Peregrina\u00e7\u00e3o hist\u00f3rica com imagem de S\u00e3o Miguel Arcanjo vinda da It\u00e1lia, chega na Diocese de Cama\u00e7ari - Compartilha Bahia<\/title>\n<meta name=\"robots\" content=\"index, follow, max-snippet:-1, max-image-preview:large, max-video-preview:-1\" \/>\n<link rel=\"canonical\" href=\"https:\/\/compartilhabahia.com.br\/index.php\/2025\/10\/03\/peregrinacao-historica-com-imagem-de-sao-miguel-arcanjo-vinda-da-italia-chega-na-diocese-de-camacari\/\" \/>\n<meta property=\"og:locale\" content=\"pt_BR\" \/>\n<meta property=\"og:type\" content=\"article\" \/>\n<meta property=\"og:title\" content=\"Peregrina\u00e7\u00e3o hist\u00f3rica com imagem de S\u00e3o Miguel Arcanjo vinda da It\u00e1lia, chega na Diocese de Cama\u00e7ari - Compartilha Bahia\" \/>\n<meta property=\"og:description\" content=\"A imagem peregrina de S\u00e3o Miguel Arcanjo vinda da It\u00e1lia, chega hoje (03\/10) na Comunidade Cidade Santa em Dias D&#8217;\u00c1vila A Diocese de Cama\u00e7ari se prepara para viver um momento \u00fanico de f\u00e9 e devo\u00e7\u00e3o com a chegada da imagem oficial de S\u00e3o Miguel Arcanjo, vinda diretamente do Santu\u00e1rio do Monte Gargano, na It\u00e1lia, o [&hellip;]\" \/>\n<meta property=\"og:url\" content=\"https:\/\/compartilhabahia.com.br\/index.php\/2025\/10\/03\/peregrinacao-historica-com-imagem-de-sao-miguel-arcanjo-vinda-da-italia-chega-na-diocese-de-camacari\/\" \/>\n<meta property=\"og:site_name\" content=\"Compartilha Bahia\" \/>\n<meta property=\"article:publisher\" content=\"https:\/\/web.facebook.com\/compartilhabahia\" \/>\n<meta property=\"article:published_time\" content=\"2025-10-03T19:37:35+00:00\" \/>\n<meta property=\"article:modified_time\" content=\"2025-10-03T19:37:37+00:00\" \/>\n<meta property=\"og:image\" content=\"https:\/\/compartilhabahia.com.br\/wp-content\/uploads\/2025\/10\/arcanjo2.jpg\" \/>\n\t<meta property=\"og:image:width\" content=\"647\" \/>\n\t<meta property=\"og:image:height\" content=\"535\" \/>\n\t<meta property=\"og:image:type\" content=\"image\/jpeg\" \/>\n<meta name=\"author\" content=\"admin\" \/>\n<meta name=\"twitter:card\" content=\"summary_large_image\" \/>\n<meta name=\"twitter:label1\" content=\"Escrito por\" \/>\n\t<meta name=\"twitter:data1\" content=\"admin\" \/>\n\t<meta name=\"twitter:label2\" content=\"Est. tempo de leitura\" \/>\n\t<meta name=\"twitter:data2\" content=\"5 minutos\" \/>\n<script type=\"application\/ld+json\" class=\"yoast-schema-graph\">{\"@context\":\"https:\/\/schema.org\",\"@graph\":[{\"@type\":\"Article\",\"@id\":\"https:\/\/compartilhabahia.com.br\/index.php\/2025\/10\/03\/peregrinacao-historica-com-imagem-de-sao-miguel-arcanjo-vinda-da-italia-chega-na-diocese-de-camacari\/#article\",\"isPartOf\":{\"@id\":\"https:\/\/compartilhabahia.com.br\/index.php\/2025\/10\/03\/peregrinacao-historica-com-imagem-de-sao-miguel-arcanjo-vinda-da-italia-chega-na-diocese-de-camacari\/\"},\"author\":{\"name\":\"admin\",\"@id\":\"https:\/\/compartilhabahia.com.br\/#\/schema\/person\/9b4f0c3178793b8248d6686732521c04\"},\"headline\":\"Peregrina\u00e7\u00e3o hist\u00f3rica com imagem de S\u00e3o Miguel Arcanjo vinda da It\u00e1lia, chega na Diocese de Cama\u00e7ari\",\"datePublished\":\"2025-10-03T19:37:35+00:00\",\"dateModified\":\"2025-10-03T19:37:37+00:00\",\"mainEntityOfPage\":{\"@id\":\"https:\/\/compartilhabahia.com.br\/index.php\/2025\/10\/03\/peregrinacao-historica-com-imagem-de-sao-miguel-arcanjo-vinda-da-italia-chega-na-diocese-de-camacari\/\"},\"wordCount\":803,\"commentCount\":0,\"publisher\":{\"@id\":\"https:\/\/compartilhabahia.com.br\/#organization\"},\"articleSection\":[\"Cama\u00e7ari\"],\"inLanguage\":\"pt-BR\",\"potentialAction\":[{\"@type\":\"CommentAction\",\"name\":\"Comment\",\"target\":[\"https:\/\/compartilhabahia.com.br\/index.php\/2025\/10\/03\/peregrinacao-historica-com-imagem-de-sao-miguel-arcanjo-vinda-da-italia-chega-na-diocese-de-camacari\/#respond\"]}]},{\"@type\":\"WebPage\",\"@id\":\"https:\/\/compartilhabahia.com.br\/index.php\/2025\/10\/03\/peregrinacao-historica-com-imagem-de-sao-miguel-arcanjo-vinda-da-italia-chega-na-diocese-de-camacari\/\",\"url\":\"https:\/\/compartilhabahia.com.br\/index.php\/2025\/10\/03\/peregrinacao-historica-com-imagem-de-sao-miguel-arcanjo-vinda-da-italia-chega-na-diocese-de-camacari\/\",\"name\":\"Peregrina\u00e7\u00e3o hist\u00f3rica com imagem de S\u00e3o Miguel Arcanjo vinda da It\u00e1lia, chega na Diocese de Cama\u00e7ari - Compartilha Bahia\",\"isPartOf\":{\"@id\":\"https:\/\/compartilhabahia.com.br\/#website\"},\"datePublished\":\"2025-10-03T19:37:35+00:00\",\"dateModified\":\"2025-10-03T19:37:37+00:00\",\"breadcrumb\":{\"@id\":\"https:\/\/compartilhabahia.com.br\/index.php\/2025\/10\/03\/peregrinacao-historica-com-imagem-de-sao-miguel-arcanjo-vinda-da-italia-chega-na-diocese-de-camacari\/#breadcrumb\"},\"inLanguage\":\"pt-BR\",\"potentialAction\":[{\"@type\":\"ReadAction\",\"target\":[\"https:\/\/compartilhabahia.com.br\/index.php\/2025\/10\/03\/peregrinacao-historica-com-imagem-de-sao-miguel-arcanjo-vinda-da-italia-chega-na-diocese-de-camacari\/\"]}]},{\"@type\":\"BreadcrumbList\",\"@id\":\"https:\/\/compartilhabahia.com.br\/index.php\/2025\/10\/03\/peregrinacao-historica-com-imagem-de-sao-miguel-arcanjo-vinda-da-italia-chega-na-diocese-de-camacari\/#breadcrumb\",\"itemListElement\":[{\"@type\":\"ListItem\",\"position\":1,\"name\":\"In\u00edcio\",\"item\":\"https:\/\/compartilhabahia.com.br\/\"},{\"@type\":\"ListItem\",\"position\":2,\"name\":\"Peregrina\u00e7\u00e3o hist\u00f3rica com imagem de S\u00e3o Miguel Arcanjo vinda da It\u00e1lia, chega na Diocese de Cama\u00e7ari\"}]},{\"@type\":\"WebSite\",\"@id\":\"https:\/\/compartilhabahia.com.br\/#website\",\"url\":\"https:\/\/compartilhabahia.com.br\/\",\"name\":\"Compartilha Bahia\",\"description\":\"\",\"publisher\":{\"@id\":\"https:\/\/compartilhabahia.com.br\/#organization\"},\"potentialAction\":[{\"@type\":\"SearchAction\",\"target\":{\"@type\":\"EntryPoint\",\"urlTemplate\":\"https:\/\/compartilhabahia.com.br\/?s={search_term_string}\"},\"query-input\":\"required name=search_term_string\"}],\"inLanguage\":\"pt-BR\"},{\"@type\":\"Organization\",\"@id\":\"https:\/\/compartilhabahia.com.br\/#organization\",\"name\":\"Compartilha Bahia\",\"url\":\"https:\/\/compartilhabahia.com.br\/\",\"logo\":{\"@type\":\"ImageObject\",\"inLanguage\":\"pt-BR\",\"@id\":\"https:\/\/compartilhabahia.com.br\/#\/schema\/logo\/image\/\",\"url\":\"https:\/\/compartilhabahia.com.br\/wp-content\/uploads\/2023\/12\/cropped-logo.png\",\"contentUrl\":\"https:\/\/compartilhabahia.com.br\/wp-content\/uploads\/2023\/12\/cropped-logo.png\",\"width\":300,\"height\":106,\"caption\":\"Compartilha Bahia\"},\"image\":{\"@id\":\"https:\/\/compartilhabahia.com.br\/#\/schema\/logo\/image\/\"},\"sameAs\":[\"https:\/\/web.facebook.com\/compartilhabahia\",\"https:\/\/www.instagram.com\/compartilhabahia\/\"]},{\"@type\":\"Person\",\"@id\":\"https:\/\/compartilhabahia.com.br\/#\/schema\/person\/9b4f0c3178793b8248d6686732521c04\",\"name\":\"admin\",\"image\":{\"@type\":\"ImageObject\",\"inLanguage\":\"pt-BR\",\"@id\":\"https:\/\/compartilhabahia.com.br\/#\/schema\/person\/image\/\",\"url\":\"https:\/\/secure.gravatar.com\/avatar\/9600df58751c5acbe914c538c03390ef649ea088cb65f84ba09c7ce66988eed6?s=96&d=mm&r=g\",\"contentUrl\":\"https:\/\/secure.gravatar.com\/avatar\/9600df58751c5acbe914c538c03390ef649ea088cb65f84ba09c7ce66988eed6?s=96&d=mm&r=g\",\"caption\":\"admin\"},\"sameAs\":[\"https:\/\/compartilhabahia.com.br\"],\"url\":\"https:\/\/compartilhabahia.com.br\/index.php\/author\/compartilhabahia\/\"}]}<\/script>\n<!-- \/ Yoast SEO plugin. -->","yoast_head_json":{"title":"Peregrina\u00e7\u00e3o hist\u00f3rica com imagem de S\u00e3o Miguel Arcanjo vinda da It\u00e1lia, chega na Diocese de Cama\u00e7ari - Compartilha Bahia","robots":{"index":"index","follow":"follow","max-snippet":"max-snippet:-1","max-image-preview":"max-image-preview:large","max-video-preview":"max-video-preview:-1"},"canonical":"https:\/\/compartilhabahia.com.br\/index.php\/2025\/10\/03\/peregrinacao-historica-com-imagem-de-sao-miguel-arcanjo-vinda-da-italia-chega-na-diocese-de-camacari\/","og_locale":"pt_BR","og_type":"article","og_title":"Peregrina\u00e7\u00e3o hist\u00f3rica com imagem de S\u00e3o Miguel Arcanjo vinda da It\u00e1lia, chega na Diocese de Cama\u00e7ari - Compartilha Bahia","og_description":"A imagem peregrina de S\u00e3o Miguel Arcanjo vinda da It\u00e1lia, chega hoje (03\/10) na Comunidade Cidade Santa em Dias D&#8217;\u00c1vila A Diocese de Cama\u00e7ari se prepara para viver um momento \u00fanico de f\u00e9 e devo\u00e7\u00e3o com a chegada da imagem oficial de S\u00e3o Miguel Arcanjo, vinda diretamente do Santu\u00e1rio do Monte Gargano, na It\u00e1lia, o [&hellip;]","og_url":"https:\/\/compartilhabahia.com.br\/index.php\/2025\/10\/03\/peregrinacao-historica-com-imagem-de-sao-miguel-arcanjo-vinda-da-italia-chega-na-diocese-de-camacari\/","og_site_name":"Compartilha Bahia","article_publisher":"https:\/\/web.facebook.com\/compartilhabahia","article_published_time":"2025-10-03T19:37:35+00:00","article_modified_time":"2025-10-03T19:37:37+00:00","og_image":[{"width":647,"height":535,"url":"https:\/\/compartilhabahia.com.br\/wp-content\/uploads\/2025\/10\/arcanjo2.jpg","type":"image\/jpeg"}],"author":"admin","twitter_card":"summary_large_image","twitter_misc":{"Escrito por":"admin","Est. tempo de leitura":"5 minutos"},"schema":{"@context":"https:\/\/schema.org","@graph":[{"@type":"Article","@id":"https:\/\/compartilhabahia.com.br\/index.php\/2025\/10\/03\/peregrinacao-historica-com-imagem-de-sao-miguel-arcanjo-vinda-da-italia-chega-na-diocese-de-camacari\/#article","isPartOf":{"@id":"https:\/\/compartilhabahia.com.br\/index.php\/2025\/10\/03\/peregrinacao-historica-com-imagem-de-sao-miguel-arcanjo-vinda-da-italia-chega-na-diocese-de-camacari\/"},"author":{"name":"admin","@id":"https:\/\/compartilhabahia.com.br\/#\/schema\/person\/9b4f0c3178793b8248d6686732521c04"},"headline":"Peregrina\u00e7\u00e3o hist\u00f3rica com imagem de S\u00e3o Miguel Arcanjo vinda da It\u00e1lia, chega na Diocese de Cama\u00e7ari","datePublished":"2025-10-03T19:37:35+00:00","dateModified":"2025-10-03T19:37:37+00:00","mainEntityOfPage":{"@id":"https:\/\/compartilhabahia.com.br\/index.php\/2025\/10\/03\/peregrinacao-historica-com-imagem-de-sao-miguel-arcanjo-vinda-da-italia-chega-na-diocese-de-camacari\/"},"wordCount":803,"commentCount":0,"publisher":{"@id":"https:\/\/compartilhabahia.com.br\/#organization"},"articleSection":["Cama\u00e7ari"],"inLanguage":"pt-BR","potentialAction":[{"@type":"CommentAction","name":"Comment","target":["https:\/\/compartilhabahia.com.br\/index.php\/2025\/10\/03\/peregrinacao-historica-com-imagem-de-sao-miguel-arcanjo-vinda-da-italia-chega-na-diocese-de-camacari\/#respond"]}]},{"@type":"WebPage","@id":"https:\/\/compartilhabahia.com.br\/index.php\/2025\/10\/03\/peregrinacao-historica-com-imagem-de-sao-miguel-arcanjo-vinda-da-italia-chega-na-diocese-de-camacari\/","url":"https:\/\/compartilhabahia.com.br\/index.php\/2025\/10\/03\/peregrinacao-historica-com-imagem-de-sao-miguel-arcanjo-vinda-da-italia-chega-na-diocese-de-camacari\/","name":"Peregrina\u00e7\u00e3o hist\u00f3rica com imagem de S\u00e3o Miguel Arcanjo vinda da It\u00e1lia, chega na Diocese de Cama\u00e7ari - Compartilha Bahia","isPartOf":{"@id":"https:\/\/compartilhabahia.com.br\/#website"},"datePublished":"2025-10-03T19:37:35+00:00","dateModified":"2025-10-03T19:37:37+00:00","breadcrumb":{"@id":"https:\/\/compartilhabahia.com.br\/index.php\/2025\/10\/03\/peregrinacao-historica-com-imagem-de-sao-miguel-arcanjo-vinda-da-italia-chega-na-diocese-de-camacari\/#breadcrumb"},"inLanguage":"pt-BR","potentialAction":[{"@type":"ReadAction","target":["https:\/\/compartilhabahia.com.br\/index.php\/2025\/10\/03\/peregrinacao-historica-com-imagem-de-sao-miguel-arcanjo-vinda-da-italia-chega-na-diocese-de-camacari\/"]}]},{"@type":"BreadcrumbList","@id":"https:\/\/compartilhabahia.com.br\/index.php\/2025\/10\/03\/peregrinacao-historica-com-imagem-de-sao-miguel-arcanjo-vinda-da-italia-chega-na-diocese-de-camacari\/#breadcrumb","itemListElement":[{"@type":"ListItem","position":1,"name":"In\u00edcio","item":"https:\/\/compartilhabahia.com.br\/"},{"@type":"ListItem","position":2,"name":"Peregrina\u00e7\u00e3o hist\u00f3rica com imagem de S\u00e3o Miguel Arcanjo vinda da It\u00e1lia, chega na Diocese de Cama\u00e7ari"}]},{"@type":"WebSite","@id":"https:\/\/compartilhabahia.com.br\/#website","url":"https:\/\/compartilhabahia.com.br\/","name":"Compartilha Bahia","description":"","publisher":{"@id":"https:\/\/compartilhabahia.com.br\/#organization"},"potentialAction":[{"@type":"SearchAction","target":{"@type":"EntryPoint","urlTemplate":"https:\/\/compartilhabahia.com.br\/?s={search_term_string}"},"query-input":"required name=search_term_string"}],"inLanguage":"pt-BR"},{"@type":"Organization","@id":"https:\/\/compartilhabahia.com.br\/#organization","name":"Compartilha Bahia","url":"https:\/\/compartilhabahia.com.br\/","logo":{"@type":"ImageObject","inLanguage":"pt-BR","@id":"https:\/\/compartilhabahia.com.br\/#\/schema\/logo\/image\/","url":"https:\/\/compartilhabahia.com.br\/wp-content\/uploads\/2023\/12\/cropped-logo.png","contentUrl":"https:\/\/compartilhabahia.com.br\/wp-content\/uploads\/2023\/12\/cropped-logo.png","width":300,"height":106,"caption":"Compartilha Bahia"},"image":{"@id":"https:\/\/compartilhabahia.com.br\/#\/schema\/logo\/image\/"},"sameAs":["https:\/\/web.facebook.com\/compartilhabahia","https:\/\/www.instagram.com\/compartilhabahia\/"]},{"@type":"Person","@id":"https:\/\/compartilhabahia.com.br\/#\/schema\/person\/9b4f0c3178793b8248d6686732521c04","name":"admin","image":{"@type":"ImageObject","inLanguage":"pt-BR","@id":"https:\/\/compartilhabahia.com.br\/#\/schema\/person\/image\/","url":"https:\/\/secure.gravatar.com\/avatar\/9600df58751c5acbe914c538c03390ef649ea088cb65f84ba09c7ce66988eed6?s=96&d=mm&r=g","contentUrl":"https:\/\/secure.gravatar.com\/avatar\/9600df58751c5acbe914c538c03390ef649ea088cb65f84ba09c7ce66988eed6?s=96&d=mm&r=g","caption":"admin"},"sameAs":["https:\/\/compartilhabahia.com.br"],"url":"https:\/\/compartilhabahia.com.br\/index.php\/author\/compartilhabahia\/"}]}},"_links":{"self":[{"href":"https:\/\/compartilhabahia.com.br\/index.php\/wp-json\/wp\/v2\/posts\/8081","targetHints":{"allow":["GET"]}}],"collection":[{"href":"https:\/\/compartilhabahia.com.br\/index.php\/wp-json\/wp\/v2\/posts"}],"about":[{"href":"https:\/\/compartilhabahia.com.br\/index.php\/wp-json\/wp\/v2\/types\/post"}],"author":[{"embeddable":true,"href":"https:\/\/compartilhabahia.com.br\/index.php\/wp-json\/wp\/v2\/users\/1"}],"replies":[{"embeddable":true,"href":"https:\/\/compartilhabahia.com.br\/index.php\/wp-json\/wp\/v2\/comments?post=8081"}],"version-history":[{"count":1,"href":"https:\/\/compartilhabahia.com.br\/index.php\/wp-json\/wp\/v2\/posts\/8081\/revisions"}],"predecessor-version":[{"id":8085,"href":"https:\/\/compartilhabahia.com.br\/index.php\/wp-json\/wp\/v2\/posts\/8081\/revisions\/8085"}],"wp:featuredmedia":[{"embeddable":true,"href":"https:\/\/compartilhabahia.com.br\/index.php\/wp-json\/wp\/v2\/media\/8082"}],"wp:attachment":[{"href":"https:\/\/compartilhabahia.com.br\/index.php\/wp-json\/wp\/v2\/media?parent=8081"}],"wp:term":[{"taxonomy":"category","embeddable":true,"href":"https:\/\/compartilhabahia.com.br\/index.php\/wp-json\/wp\/v2\/categories?post=8081"},{"taxonomy":"post_tag","embeddable":true,"href":"https:\/\/compartilhabahia.com.br\/index.php\/wp-json\/wp\/v2\/tags?post=8081"}],"curies":[{"name":"wp","href":"https:\/\/api.w.org\/{rel}","templated":true}]}}