{"id":781,"date":"2024-01-23T19:16:46","date_gmt":"2024-01-23T19:16:46","guid":{"rendered":"https:\/\/compartilhabahia.com.br\/?p=781"},"modified":"2025-02-03T12:41:51","modified_gmt":"2025-02-03T12:41:51","slug":"flavio-matos-gasta-r-2-milhoes-com-publicidade-na-camara-municipal-em-2023","status":"publish","type":"post","link":"https:\/\/compartilhabahia.com.br\/index.php\/2024\/01\/23\/flavio-matos-gasta-r-2-milhoes-com-publicidade-na-camara-municipal-em-2023\/","title":{"rendered":"Fl\u00e1vio Matos gasta R$ 2 milh\u00f5es com publicidade na C\u00e2mara Municipal em 2023"},"content":{"rendered":"\n<p>De acordo com informa\u00e7\u00f5es prestadas ao Tribunal de Contas dos Mun\u00edcipios da Bahia, a C\u00e2mara Municipal de Cama\u00e7ari sob a gest\u00e3o do presidente Fl\u00e1vio Matos em 2023, gastou com publicidade R$ 2.090.932,42 (dois milh\u00f5es, noventa mil, novecentos e trinta e dois reais e quarenta e dois centavos). <\/p>\n\n\n\n<p>A falta de zelo com o dinheiro p\u00fablico por parte de Fl\u00e1vio Matos fica claro quando \u00e9 feita a compara\u00e7\u00e3o com outras cidades, a C\u00e2mara Municipal de Feira de Santana, por exemplo, que tem o dobro da popula\u00e7\u00e3o de Cama\u00e7ari, gastou em 2023, R$ 995. 063,84 (novecentos e noventa e cinco mil, sessenta e tr\u00eas reais e oitenta e quatro reais). Menos da metade do que Matos torrou na C\u00e2mara de Cama\u00e7ari. <\/p>\n\n\n\n<p>Fl\u00e1vio Matos \u00e9 o maior gastador do dinheiro p\u00fablico com publicidade da hist\u00f3ria do munic\u00edpio de Cama\u00e7ari e proporcionalmente ao n\u00famero de habitantes, o maior da Bahia, pois gasta mais do que o dobro por morador, do que se gasta em Salvador.<\/p>\n\n\n\n<figure class=\"wp-block-image size-large\"><img loading=\"lazy\" decoding=\"async\" width=\"1024\" height=\"513\" src=\"https:\/\/compartilhabahia.com.br\/wp-content\/uploads\/2024\/01\/WhatsApp-Image-2024-01-23-at-15.17.16-1024x513.jpeg\" alt=\"\" class=\"wp-image-785\" srcset=\"https:\/\/compartilhabahia.com.br\/wp-content\/uploads\/2024\/01\/WhatsApp-Image-2024-01-23-at-15.17.16-1024x513.jpeg 1024w, https:\/\/compartilhabahia.com.br\/wp-content\/uploads\/2024\/01\/WhatsApp-Image-2024-01-23-at-15.17.16-300x150.jpeg 300w, https:\/\/compartilhabahia.com.br\/wp-content\/uploads\/2024\/01\/WhatsApp-Image-2024-01-23-at-15.17.16-768x385.jpeg 768w, https:\/\/compartilhabahia.com.br\/wp-content\/uploads\/2024\/01\/WhatsApp-Image-2024-01-23-at-15.17.16.jpeg 1286w\" sizes=\"auto, (max-width: 1024px) 100vw, 1024px\" \/><\/figure>\n\n\n\n<p> <\/p>\n\n\n\n<p>Acima o valor gasto em 2023 em publicidade pela C\u00e2mara Municipal de Cama\u00e7ari.<\/p>\n\n\n\n<p><\/p>\n\n\n\n<figure class=\"wp-block-image size-large\"><img loading=\"lazy\" decoding=\"async\" width=\"1024\" height=\"539\" src=\"https:\/\/compartilhabahia.com.br\/wp-content\/uploads\/2024\/01\/WhatsApp-Image-2024-01-23-at-15.26.26-1-1024x539.jpeg\" alt=\"\" class=\"wp-image-786\" srcset=\"https:\/\/compartilhabahia.com.br\/wp-content\/uploads\/2024\/01\/WhatsApp-Image-2024-01-23-at-15.26.26-1-1024x539.jpeg 1024w, https:\/\/compartilhabahia.com.br\/wp-content\/uploads\/2024\/01\/WhatsApp-Image-2024-01-23-at-15.26.26-1-300x158.jpeg 300w, https:\/\/compartilhabahia.com.br\/wp-content\/uploads\/2024\/01\/WhatsApp-Image-2024-01-23-at-15.26.26-1-768x404.jpeg 768w, https:\/\/compartilhabahia.com.br\/wp-content\/uploads\/2024\/01\/WhatsApp-Image-2024-01-23-at-15.26.26-1.jpeg 1274w\" sizes=\"auto, (max-width: 1024px) 100vw, 1024px\" \/><\/figure>\n\n\n\n<p>Acima o valor gasto pela C\u00e2mara Municipal de Feira de Santana em 2023 com o item publicidade.\u2002Menos da metade, do que gastaram em Cama\u00e7ari. <\/p>\n","protected":false},"excerpt":{"rendered":"<p>De acordo com informa\u00e7\u00f5es prestadas ao Tribunal de Contas dos Mun\u00edcipios da Bahia, a C\u00e2mara Municipal de Cama\u00e7ari sob a gest\u00e3o do presidente Fl\u00e1vio Matos em 2023, gastou com publicidade R$ 2.090.932,42 (dois milh\u00f5es, noventa mil, novecentos e trinta e dois reais e quarenta e dois centavos). A falta de zelo com o dinheiro p\u00fablico [&hellip;]<\/p>\n","protected":false},"author":1,"featured_media":782,"comment_status":"open","ping_status":"open","sticky":false,"template":"","format":"standard","meta":{"footnotes":""},"categories":[8],"tags":[],"class_list":["post-781","post","type-post","status-publish","format-standard","has-post-thumbnail","hentry","category-camacari"],"yoast_head":"<!-- This site is optimized with the Yoast SEO plugin v21.7 - https:\/\/yoast.com\/wordpress\/plugins\/seo\/ -->\n<title>Fl\u00e1vio Matos gasta R$ 2 milh\u00f5es com publicidade na C\u00e2mara Municipal em 2023 - Compartilha Bahia<\/title>\n<meta name=\"robots\" content=\"index, follow, max-snippet:-1, max-image-preview:large, max-video-preview:-1\" \/>\n<link rel=\"canonical\" href=\"https:\/\/compartilhabahia.com.br\/index.php\/2024\/01\/23\/flavio-matos-gasta-r-2-milhoes-com-publicidade-na-camara-municipal-em-2023\/\" \/>\n<meta property=\"og:locale\" content=\"pt_BR\" \/>\n<meta property=\"og:type\" content=\"article\" \/>\n<meta property=\"og:title\" content=\"Fl\u00e1vio Matos gasta R$ 2 milh\u00f5es com publicidade na C\u00e2mara Municipal em 2023 - Compartilha Bahia\" \/>\n<meta property=\"og:description\" content=\"De acordo com informa\u00e7\u00f5es prestadas ao Tribunal de Contas dos Mun\u00edcipios da Bahia, a C\u00e2mara Municipal de Cama\u00e7ari sob a gest\u00e3o do presidente Fl\u00e1vio Matos em 2023, gastou com publicidade R$ 2.090.932,42 (dois milh\u00f5es, noventa mil, novecentos e trinta e dois reais e quarenta e dois centavos). A falta de zelo com o dinheiro p\u00fablico [&hellip;]\" \/>\n<meta property=\"og:url\" content=\"https:\/\/compartilhabahia.com.br\/index.php\/2024\/01\/23\/flavio-matos-gasta-r-2-milhoes-com-publicidade-na-camara-municipal-em-2023\/\" \/>\n<meta property=\"og:site_name\" content=\"Compartilha Bahia\" \/>\n<meta property=\"article:publisher\" content=\"https:\/\/web.facebook.com\/compartilhabahia\" \/>\n<meta property=\"article:published_time\" content=\"2024-01-23T19:16:46+00:00\" \/>\n<meta property=\"article:modified_time\" content=\"2025-02-03T12:41:51+00:00\" \/>\n<meta property=\"og:image\" content=\"https:\/\/compartilhabahia.com.br\/wp-content\/uploads\/2024\/01\/flaviodolar.jpg\" \/>\n\t<meta property=\"og:image:width\" content=\"967\" \/>\n\t<meta property=\"og:image:height\" content=\"565\" \/>\n\t<meta property=\"og:image:type\" content=\"image\/jpeg\" \/>\n<meta name=\"author\" content=\"admin\" \/>\n<meta name=\"twitter:card\" content=\"summary_large_image\" \/>\n<meta name=\"twitter:label1\" content=\"Escrito por\" \/>\n\t<meta name=\"twitter:data1\" content=\"admin\" \/>\n\t<meta name=\"twitter:label2\" content=\"Est. tempo de leitura\" \/>\n\t<meta name=\"twitter:data2\" content=\"2 minutos\" \/>\n<script type=\"application\/ld+json\" class=\"yoast-schema-graph\">{\"@context\":\"https:\/\/schema.org\",\"@graph\":[{\"@type\":\"Article\",\"@id\":\"https:\/\/compartilhabahia.com.br\/index.php\/2024\/01\/23\/flavio-matos-gasta-r-2-milhoes-com-publicidade-na-camara-municipal-em-2023\/#article\",\"isPartOf\":{\"@id\":\"https:\/\/compartilhabahia.com.br\/index.php\/2024\/01\/23\/flavio-matos-gasta-r-2-milhoes-com-publicidade-na-camara-municipal-em-2023\/\"},\"author\":{\"name\":\"admin\",\"@id\":\"https:\/\/compartilhabahia.com.br\/#\/schema\/person\/9b4f0c3178793b8248d6686732521c04\"},\"headline\":\"Fl\u00e1vio Matos gasta R$ 2 milh\u00f5es com publicidade na C\u00e2mara Municipal em 2023\",\"datePublished\":\"2024-01-23T19:16:46+00:00\",\"dateModified\":\"2025-02-03T12:41:51+00:00\",\"mainEntityOfPage\":{\"@id\":\"https:\/\/compartilhabahia.com.br\/index.php\/2024\/01\/23\/flavio-matos-gasta-r-2-milhoes-com-publicidade-na-camara-municipal-em-2023\/\"},\"wordCount\":230,\"commentCount\":0,\"publisher\":{\"@id\":\"https:\/\/compartilhabahia.com.br\/#organization\"},\"articleSection\":[\"Cama\u00e7ari\"],\"inLanguage\":\"pt-BR\",\"potentialAction\":[{\"@type\":\"CommentAction\",\"name\":\"Comment\",\"target\":[\"https:\/\/compartilhabahia.com.br\/index.php\/2024\/01\/23\/flavio-matos-gasta-r-2-milhoes-com-publicidade-na-camara-municipal-em-2023\/#respond\"]}]},{\"@type\":\"WebPage\",\"@id\":\"https:\/\/compartilhabahia.com.br\/index.php\/2024\/01\/23\/flavio-matos-gasta-r-2-milhoes-com-publicidade-na-camara-municipal-em-2023\/\",\"url\":\"https:\/\/compartilhabahia.com.br\/index.php\/2024\/01\/23\/flavio-matos-gasta-r-2-milhoes-com-publicidade-na-camara-municipal-em-2023\/\",\"name\":\"Fl\u00e1vio Matos gasta R$ 2 milh\u00f5es com publicidade na C\u00e2mara Municipal em 2023 - Compartilha Bahia\",\"isPartOf\":{\"@id\":\"https:\/\/compartilhabahia.com.br\/#website\"},\"datePublished\":\"2024-01-23T19:16:46+00:00\",\"dateModified\":\"2025-02-03T12:41:51+00:00\",\"breadcrumb\":{\"@id\":\"https:\/\/compartilhabahia.com.br\/index.php\/2024\/01\/23\/flavio-matos-gasta-r-2-milhoes-com-publicidade-na-camara-municipal-em-2023\/#breadcrumb\"},\"inLanguage\":\"pt-BR\",\"potentialAction\":[{\"@type\":\"ReadAction\",\"target\":[\"https:\/\/compartilhabahia.com.br\/index.php\/2024\/01\/23\/flavio-matos-gasta-r-2-milhoes-com-publicidade-na-camara-municipal-em-2023\/\"]}]},{\"@type\":\"BreadcrumbList\",\"@id\":\"https:\/\/compartilhabahia.com.br\/index.php\/2024\/01\/23\/flavio-matos-gasta-r-2-milhoes-com-publicidade-na-camara-municipal-em-2023\/#breadcrumb\",\"itemListElement\":[{\"@type\":\"ListItem\",\"position\":1,\"name\":\"In\u00edcio\",\"item\":\"https:\/\/compartilhabahia.com.br\/\"},{\"@type\":\"ListItem\",\"position\":2,\"name\":\"Fl\u00e1vio Matos gasta R$ 2 milh\u00f5es com publicidade na C\u00e2mara Municipal em 2023\"}]},{\"@type\":\"WebSite\",\"@id\":\"https:\/\/compartilhabahia.com.br\/#website\",\"url\":\"https:\/\/compartilhabahia.com.br\/\",\"name\":\"Compartilha Bahia\",\"description\":\"\",\"publisher\":{\"@id\":\"https:\/\/compartilhabahia.com.br\/#organization\"},\"potentialAction\":[{\"@type\":\"SearchAction\",\"target\":{\"@type\":\"EntryPoint\",\"urlTemplate\":\"https:\/\/compartilhabahia.com.br\/?s={search_term_string}\"},\"query-input\":\"required name=search_term_string\"}],\"inLanguage\":\"pt-BR\"},{\"@type\":\"Organization\",\"@id\":\"https:\/\/compartilhabahia.com.br\/#organization\",\"name\":\"Compartilha Bahia\",\"url\":\"https:\/\/compartilhabahia.com.br\/\",\"logo\":{\"@type\":\"ImageObject\",\"inLanguage\":\"pt-BR\",\"@id\":\"https:\/\/compartilhabahia.com.br\/#\/schema\/logo\/image\/\",\"url\":\"https:\/\/compartilhabahia.com.br\/wp-content\/uploads\/2023\/12\/cropped-logo.png\",\"contentUrl\":\"https:\/\/compartilhabahia.com.br\/wp-content\/uploads\/2023\/12\/cropped-logo.png\",\"width\":300,\"height\":106,\"caption\":\"Compartilha Bahia\"},\"image\":{\"@id\":\"https:\/\/compartilhabahia.com.br\/#\/schema\/logo\/image\/\"},\"sameAs\":[\"https:\/\/web.facebook.com\/compartilhabahia\",\"https:\/\/www.instagram.com\/compartilhabahia\/\"]},{\"@type\":\"Person\",\"@id\":\"https:\/\/compartilhabahia.com.br\/#\/schema\/person\/9b4f0c3178793b8248d6686732521c04\",\"name\":\"admin\",\"image\":{\"@type\":\"ImageObject\",\"inLanguage\":\"pt-BR\",\"@id\":\"https:\/\/compartilhabahia.com.br\/#\/schema\/person\/image\/\",\"url\":\"https:\/\/secure.gravatar.com\/avatar\/9600df58751c5acbe914c538c03390ef649ea088cb65f84ba09c7ce66988eed6?s=96&d=mm&r=g\",\"contentUrl\":\"https:\/\/secure.gravatar.com\/avatar\/9600df58751c5acbe914c538c03390ef649ea088cb65f84ba09c7ce66988eed6?s=96&d=mm&r=g\",\"caption\":\"admin\"},\"sameAs\":[\"https:\/\/compartilhabahia.com.br\"],\"url\":\"https:\/\/compartilhabahia.com.br\/index.php\/author\/compartilhabahia\/\"}]}<\/script>\n<!-- \/ Yoast SEO plugin. -->","yoast_head_json":{"title":"Fl\u00e1vio Matos gasta R$ 2 milh\u00f5es com publicidade na C\u00e2mara Municipal em 2023 - Compartilha Bahia","robots":{"index":"index","follow":"follow","max-snippet":"max-snippet:-1","max-image-preview":"max-image-preview:large","max-video-preview":"max-video-preview:-1"},"canonical":"https:\/\/compartilhabahia.com.br\/index.php\/2024\/01\/23\/flavio-matos-gasta-r-2-milhoes-com-publicidade-na-camara-municipal-em-2023\/","og_locale":"pt_BR","og_type":"article","og_title":"Fl\u00e1vio Matos gasta R$ 2 milh\u00f5es com publicidade na C\u00e2mara Municipal em 2023 - Compartilha Bahia","og_description":"De acordo com informa\u00e7\u00f5es prestadas ao Tribunal de Contas dos Mun\u00edcipios da Bahia, a C\u00e2mara Municipal de Cama\u00e7ari sob a gest\u00e3o do presidente Fl\u00e1vio Matos em 2023, gastou com publicidade R$ 2.090.932,42 (dois milh\u00f5es, noventa mil, novecentos e trinta e dois reais e quarenta e dois centavos). A falta de zelo com o dinheiro p\u00fablico [&hellip;]","og_url":"https:\/\/compartilhabahia.com.br\/index.php\/2024\/01\/23\/flavio-matos-gasta-r-2-milhoes-com-publicidade-na-camara-municipal-em-2023\/","og_site_name":"Compartilha Bahia","article_publisher":"https:\/\/web.facebook.com\/compartilhabahia","article_published_time":"2024-01-23T19:16:46+00:00","article_modified_time":"2025-02-03T12:41:51+00:00","og_image":[{"width":967,"height":565,"url":"https:\/\/compartilhabahia.com.br\/wp-content\/uploads\/2024\/01\/flaviodolar.jpg","type":"image\/jpeg"}],"author":"admin","twitter_card":"summary_large_image","twitter_misc":{"Escrito por":"admin","Est. tempo de leitura":"2 minutos"},"schema":{"@context":"https:\/\/schema.org","@graph":[{"@type":"Article","@id":"https:\/\/compartilhabahia.com.br\/index.php\/2024\/01\/23\/flavio-matos-gasta-r-2-milhoes-com-publicidade-na-camara-municipal-em-2023\/#article","isPartOf":{"@id":"https:\/\/compartilhabahia.com.br\/index.php\/2024\/01\/23\/flavio-matos-gasta-r-2-milhoes-com-publicidade-na-camara-municipal-em-2023\/"},"author":{"name":"admin","@id":"https:\/\/compartilhabahia.com.br\/#\/schema\/person\/9b4f0c3178793b8248d6686732521c04"},"headline":"Fl\u00e1vio Matos gasta R$ 2 milh\u00f5es com publicidade na C\u00e2mara Municipal em 2023","datePublished":"2024-01-23T19:16:46+00:00","dateModified":"2025-02-03T12:41:51+00:00","mainEntityOfPage":{"@id":"https:\/\/compartilhabahia.com.br\/index.php\/2024\/01\/23\/flavio-matos-gasta-r-2-milhoes-com-publicidade-na-camara-municipal-em-2023\/"},"wordCount":230,"commentCount":0,"publisher":{"@id":"https:\/\/compartilhabahia.com.br\/#organization"},"articleSection":["Cama\u00e7ari"],"inLanguage":"pt-BR","potentialAction":[{"@type":"CommentAction","name":"Comment","target":["https:\/\/compartilhabahia.com.br\/index.php\/2024\/01\/23\/flavio-matos-gasta-r-2-milhoes-com-publicidade-na-camara-municipal-em-2023\/#respond"]}]},{"@type":"WebPage","@id":"https:\/\/compartilhabahia.com.br\/index.php\/2024\/01\/23\/flavio-matos-gasta-r-2-milhoes-com-publicidade-na-camara-municipal-em-2023\/","url":"https:\/\/compartilhabahia.com.br\/index.php\/2024\/01\/23\/flavio-matos-gasta-r-2-milhoes-com-publicidade-na-camara-municipal-em-2023\/","name":"Fl\u00e1vio Matos gasta R$ 2 milh\u00f5es com publicidade na C\u00e2mara Municipal em 2023 - Compartilha Bahia","isPartOf":{"@id":"https:\/\/compartilhabahia.com.br\/#website"},"datePublished":"2024-01-23T19:16:46+00:00","dateModified":"2025-02-03T12:41:51+00:00","breadcrumb":{"@id":"https:\/\/compartilhabahia.com.br\/index.php\/2024\/01\/23\/flavio-matos-gasta-r-2-milhoes-com-publicidade-na-camara-municipal-em-2023\/#breadcrumb"},"inLanguage":"pt-BR","potentialAction":[{"@type":"ReadAction","target":["https:\/\/compartilhabahia.com.br\/index.php\/2024\/01\/23\/flavio-matos-gasta-r-2-milhoes-com-publicidade-na-camara-municipal-em-2023\/"]}]},{"@type":"BreadcrumbList","@id":"https:\/\/compartilhabahia.com.br\/index.php\/2024\/01\/23\/flavio-matos-gasta-r-2-milhoes-com-publicidade-na-camara-municipal-em-2023\/#breadcrumb","itemListElement":[{"@type":"ListItem","position":1,"name":"In\u00edcio","item":"https:\/\/compartilhabahia.com.br\/"},{"@type":"ListItem","position":2,"name":"Fl\u00e1vio Matos gasta R$ 2 milh\u00f5es com publicidade na C\u00e2mara Municipal em 2023"}]},{"@type":"WebSite","@id":"https:\/\/compartilhabahia.com.br\/#website","url":"https:\/\/compartilhabahia.com.br\/","name":"Compartilha Bahia","description":"","publisher":{"@id":"https:\/\/compartilhabahia.com.br\/#organization"},"potentialAction":[{"@type":"SearchAction","target":{"@type":"EntryPoint","urlTemplate":"https:\/\/compartilhabahia.com.br\/?s={search_term_string}"},"query-input":"required name=search_term_string"}],"inLanguage":"pt-BR"},{"@type":"Organization","@id":"https:\/\/compartilhabahia.com.br\/#organization","name":"Compartilha Bahia","url":"https:\/\/compartilhabahia.com.br\/","logo":{"@type":"ImageObject","inLanguage":"pt-BR","@id":"https:\/\/compartilhabahia.com.br\/#\/schema\/logo\/image\/","url":"https:\/\/compartilhabahia.com.br\/wp-content\/uploads\/2023\/12\/cropped-logo.png","contentUrl":"https:\/\/compartilhabahia.com.br\/wp-content\/uploads\/2023\/12\/cropped-logo.png","width":300,"height":106,"caption":"Compartilha Bahia"},"image":{"@id":"https:\/\/compartilhabahia.com.br\/#\/schema\/logo\/image\/"},"sameAs":["https:\/\/web.facebook.com\/compartilhabahia","https:\/\/www.instagram.com\/compartilhabahia\/"]},{"@type":"Person","@id":"https:\/\/compartilhabahia.com.br\/#\/schema\/person\/9b4f0c3178793b8248d6686732521c04","name":"admin","image":{"@type":"ImageObject","inLanguage":"pt-BR","@id":"https:\/\/compartilhabahia.com.br\/#\/schema\/person\/image\/","url":"https:\/\/secure.gravatar.com\/avatar\/9600df58751c5acbe914c538c03390ef649ea088cb65f84ba09c7ce66988eed6?s=96&d=mm&r=g","contentUrl":"https:\/\/secure.gravatar.com\/avatar\/9600df58751c5acbe914c538c03390ef649ea088cb65f84ba09c7ce66988eed6?s=96&d=mm&r=g","caption":"admin"},"sameAs":["https:\/\/compartilhabahia.com.br"],"url":"https:\/\/compartilhabahia.com.br\/index.php\/author\/compartilhabahia\/"}]}},"_links":{"self":[{"href":"https:\/\/compartilhabahia.com.br\/index.php\/wp-json\/wp\/v2\/posts\/781","targetHints":{"allow":["GET"]}}],"collection":[{"href":"https:\/\/compartilhabahia.com.br\/index.php\/wp-json\/wp\/v2\/posts"}],"about":[{"href":"https:\/\/compartilhabahia.com.br\/index.php\/wp-json\/wp\/v2\/types\/post"}],"author":[{"embeddable":true,"href":"https:\/\/compartilhabahia.com.br\/index.php\/wp-json\/wp\/v2\/users\/1"}],"replies":[{"embeddable":true,"href":"https:\/\/compartilhabahia.com.br\/index.php\/wp-json\/wp\/v2\/comments?post=781"}],"version-history":[{"count":4,"href":"https:\/\/compartilhabahia.com.br\/index.php\/wp-json\/wp\/v2\/posts\/781\/revisions"}],"predecessor-version":[{"id":795,"href":"https:\/\/compartilhabahia.com.br\/index.php\/wp-json\/wp\/v2\/posts\/781\/revisions\/795"}],"wp:featuredmedia":[{"embeddable":true,"href":"https:\/\/compartilhabahia.com.br\/index.php\/wp-json\/wp\/v2\/media\/782"}],"wp:attachment":[{"href":"https:\/\/compartilhabahia.com.br\/index.php\/wp-json\/wp\/v2\/media?parent=781"}],"wp:term":[{"taxonomy":"category","embeddable":true,"href":"https:\/\/compartilhabahia.com.br\/index.php\/wp-json\/wp\/v2\/categories?post=781"},{"taxonomy":"post_tag","embeddable":true,"href":"https:\/\/compartilhabahia.com.br\/index.php\/wp-json\/wp\/v2\/tags?post=781"}],"curies":[{"name":"wp","href":"https:\/\/api.w.org\/{rel}","templated":true}]}}