{"id":7489,"date":"2025-08-07T20:37:29","date_gmt":"2025-08-07T23:37:29","guid":{"rendered":"https:\/\/compartilhabahia.com.br\/?p=7489"},"modified":"2025-08-07T20:38:09","modified_gmt":"2025-08-07T23:38:09","slug":"evento-estrategico-para-o-varejo-alimentar-superbahia-2025-e-aberta-com-grande-publico","status":"publish","type":"post","link":"https:\/\/compartilhabahia.com.br\/index.php\/2025\/08\/07\/evento-estrategico-para-o-varejo-alimentar-superbahia-2025-e-aberta-com-grande-publico\/","title":{"rendered":"Estrat\u00e9gico para o varejo alimentar, Superbahia25 \u00e9 aberta com grande p\u00fablico"},"content":{"rendered":"\n<p><\/p>\n\n\n\n<p>Evento re\u00fane l\u00edderes, especialistas e expositores de todo o pa\u00eds at\u00e9 sexta-feira (8), no Centro de Conven\u00e7\u00f5es de Salvador<\/p>\n\n\n\n<p><strong>Foi oficialmente aberta, na tarde desta quarta-feira (6), a Superbahia 2025 &#8211; Feira e Conven\u00e7\u00e3o Baiana de Supermercados, Atacados e Distribuidores. Maior evento do varejo de alimentos do Norte e Nordeste, a feira re\u00fane mais de 20 mil participantes entre empres\u00e1rios, profissionais do setor, especialistas, fornecedores e representantes da ind\u00fastria. O evento acontece at\u00e9 sexta-feira (8), no Centro de Conven\u00e7\u00f5es de Salvador.<\/strong><\/p>\n\n\n\n<p><strong>Com uma programa\u00e7\u00e3o robusta que combina exposi\u00e7\u00e3o de produtos, rodadas de neg\u00f3cios e pain\u00e9is com grandes nomes do setor, a Superbahia consolida-se como um espa\u00e7o estrat\u00e9gico para fortalecer parcerias, impulsionar a inova\u00e7\u00e3o e debater os rumos do varejo alimentar no Brasil.<\/strong><\/p>\n\n\n\n<p><strong>Durante a solenidade de abertura, autoridades estaduais, municipais, representantes do setor produtivo e lideran\u00e7as empresariais destacaram o papel essencial do setor supermercadista na economia baiana. A presidente da Associa\u00e7\u00e3o Baiana de Supermercados (Abase), Amanda Vasconcelos, refor\u00e7ou o compromisso da entidade com o crescimento sustent\u00e1vel do segmento.\u201cA Superbahia \u00e9 um marco no nosso calend\u00e1rio e reafirma o compromisso do setor com a inova\u00e7\u00e3o, a gera\u00e7\u00e3o de empregos e o fortalecimento da economia local. Este \u00e9 um espa\u00e7o de conex\u00e3o, aprendizado e oportunidades que impactam diretamente o dia a dia dos supermercadistas e dos consumidores\u201d, destacou.<\/strong><\/p>\n\n\n\n<p><strong>Nesta edi\u00e7\u00e3o, a Superbahia aposta em temas como intelig\u00eancia artificial, gest\u00e3o de pessoas, efici\u00eancia log\u00edstica e transforma\u00e7\u00e3o digital. Al\u00e9m disso, o evento valoriza a produ\u00e7\u00e3o regional, com a presen\u00e7a do estande da agricultura familiar. A expectativa \u00e9 de que a feira movimente mais de R$ 650 milh\u00f5es em neg\u00f3cios ao longo dos tr\u00eas dias.<\/strong><\/p>\n\n\n\n<p><strong>Expositores de destaque aproveitam o evento para lan\u00e7ar novidades e refor\u00e7ar o relacionamento com o mercado. \u201c\u00c9 com grande entusiasmo que participamos, pelo segundo ano, da SuperBahia. Estar presente neste evento refor\u00e7a nosso compromisso com a inova\u00e7\u00e3o e o desenvolvimento do setor, principalmente em um ano em que apresentamos nossos avan\u00e7os com a estrutura produtiva e amplia\u00e7\u00e3o do portf\u00f3lio com produtos inovadores. Assim, nos preparamos para atender cada vez melhor ao varejo e aos consumidores nordestinos, uma regi\u00e3o onde temos orgulho de liderar as vendas de pap\u00e9is higi\u00eanicos e fraldas descart\u00e1veis, com as marcas Velud, Familiar e Fofura Baby. E este ano temos grandes novidades, com o lan\u00e7amento do papel higi\u00eanico Supra, um produto que veio para revolucionar o segmento premium, unindo qualidade superior e sofistica\u00e7\u00e3o. Al\u00e9m disso, estamos entrando com for\u00e7a na categoria de fraldas pants, com a nova Fofura Shortinho, pensada especialmente para o dia a dia dos pequenos, com ainda mais praticidade para as fam\u00edlias\u201d, afirma Ricardo Cunha, diretor comercial da Bracell Pap\u00e9is Nordeste. Segundo ele, participar da Superbahia \u201c\u00e9 uma oportunidade \u00fanica de nos conectar com o mercado, trocar experi\u00eancias e refor\u00e7ar nosso compromisso com o crescimento conjunto\u201d.<\/strong><\/p>\n\n\n\n<p><strong>A Bravo Caminh\u00f5es e \u00d4nibus tamb\u00e9m refor\u00e7ou sua presen\u00e7a na feira como uma oportunidade de ampliar conex\u00f5es e gerar neg\u00f3cios. \u201cA Superbahia \u00e9 o evento comercial mais importante que a Bravo participa em Salvador. \u00c9 a nossa vitrine. \u00c9 onde mostramos tecnologia, desempenho e economia dos nossos produtos e refor\u00e7amos nosso compromisso com o mercado baiano. \u00c9 um espa\u00e7o onde as conex\u00f5es se transformam em neg\u00f3cios reais. Refor\u00e7amos a nossa marca, ouvimos os clientes e entendemos ainda melhor suas necessidades\u201d, afirma Marcelo Cruz, diretor Comercial da empresa.<\/strong><\/p>\n\n\n\n<p><strong>Quem tamb\u00e9m chamou aten\u00e7\u00e3o com uma ativa\u00e7\u00e3o inovadora foi o Grupo Petr\u00f3polis, que apostou em experi\u00eancias que conectam o consumidor ao ponto de venda. \u201cNesta edi\u00e7\u00e3o, al\u00e9m do nosso portf\u00f3lio de marcas, estamos trazendo pela primeira vez no Nordeste uma ativa\u00e7\u00e3o da parceria entre a TNT \u2013 nossa marca de energ\u00e9ticos e isot\u00f4nicos \u2013 com a NBA. Estamos muito felizes com essa parceria inovadora para a categoria, promovendo uma colabora\u00e7\u00e3o que conecta o consumidor \u00e0s marcas e ajuda a alavancar as vendas, trazendo mais consumidores para o ponto de venda e atratividade para os nossos clientes\u201d, destaca Jo\u00e3o Netto, Diretor de Trade Marketing do Grupo Petr\u00f3polis.<\/strong><\/p>\n\n\n\n<p><strong>Sobre a Superbahia<\/strong><\/p>\n\n\n\n<p>Realizada pela Associa\u00e7\u00e3o Baiana de Supermercados (Abase) em parceria com a Federa\u00e7\u00e3o do Com\u00e9rcio de Bens, Servi\u00e7os e Turismo do Estado da Bahia (Fecom\u00e9rcio-BA), a Superbahia \u00e9 considerada a principal vitrine do setor varejista do Norte e Nordeste, promovendo o desenvolvimento econ\u00f4mico e o fortalecimento das cadeias produtivas da regi\u00e3o.<\/p>\n","protected":false},"excerpt":{"rendered":"<p>Evento re\u00fane l\u00edderes, especialistas e expositores de todo o pa\u00eds at\u00e9 sexta-feira (8), no Centro de Conven\u00e7\u00f5es de Salvador Foi oficialmente aberta, na tarde desta quarta-feira (6), a Superbahia 2025 &#8211; Feira e Conven\u00e7\u00e3o Baiana de Supermercados, Atacados e Distribuidores. Maior evento do varejo de alimentos do Norte e Nordeste, a feira re\u00fane mais de [&hellip;]<\/p>\n","protected":false},"author":1,"featured_media":7490,"comment_status":"open","ping_status":"open","sticky":false,"template":"","format":"standard","meta":{"footnotes":""},"categories":[10],"tags":[],"class_list":["post-7489","post","type-post","status-publish","format-standard","has-post-thumbnail","hentry","category-bahia"],"yoast_head":"<!-- This site is optimized with the Yoast SEO plugin v21.7 - https:\/\/yoast.com\/wordpress\/plugins\/seo\/ -->\n<title>Estrat\u00e9gico para o varejo alimentar, Superbahia25 \u00e9 aberta com grande p\u00fablico - Compartilha Bahia<\/title>\n<meta name=\"robots\" content=\"index, follow, max-snippet:-1, max-image-preview:large, max-video-preview:-1\" \/>\n<link rel=\"canonical\" href=\"https:\/\/compartilhabahia.com.br\/index.php\/2025\/08\/07\/evento-estrategico-para-o-varejo-alimentar-superbahia-2025-e-aberta-com-grande-publico\/\" \/>\n<meta property=\"og:locale\" content=\"pt_BR\" \/>\n<meta property=\"og:type\" content=\"article\" \/>\n<meta property=\"og:title\" content=\"Estrat\u00e9gico para o varejo alimentar, Superbahia25 \u00e9 aberta com grande p\u00fablico - Compartilha Bahia\" \/>\n<meta property=\"og:description\" content=\"Evento re\u00fane l\u00edderes, especialistas e expositores de todo o pa\u00eds at\u00e9 sexta-feira (8), no Centro de Conven\u00e7\u00f5es de Salvador Foi oficialmente aberta, na tarde desta quarta-feira (6), a Superbahia 2025 &#8211; Feira e Conven\u00e7\u00e3o Baiana de Supermercados, Atacados e Distribuidores. Maior evento do varejo de alimentos do Norte e Nordeste, a feira re\u00fane mais de [&hellip;]\" \/>\n<meta property=\"og:url\" content=\"https:\/\/compartilhabahia.com.br\/index.php\/2025\/08\/07\/evento-estrategico-para-o-varejo-alimentar-superbahia-2025-e-aberta-com-grande-publico\/\" \/>\n<meta property=\"og:site_name\" content=\"Compartilha Bahia\" \/>\n<meta property=\"article:publisher\" content=\"https:\/\/web.facebook.com\/compartilhabahia\" \/>\n<meta property=\"article:published_time\" content=\"2025-08-07T23:37:29+00:00\" \/>\n<meta property=\"article:modified_time\" content=\"2025-08-07T23:38:09+00:00\" \/>\n<meta property=\"og:image\" content=\"https:\/\/compartilhabahia.com.br\/wp-content\/uploads\/2025\/08\/varejo.jpg\" \/>\n\t<meta property=\"og:image:width\" content=\"960\" \/>\n\t<meta property=\"og:image:height\" content=\"720\" \/>\n\t<meta property=\"og:image:type\" content=\"image\/jpeg\" \/>\n<meta name=\"author\" content=\"admin\" \/>\n<meta name=\"twitter:card\" content=\"summary_large_image\" \/>\n<meta name=\"twitter:label1\" content=\"Escrito por\" \/>\n\t<meta name=\"twitter:data1\" content=\"admin\" \/>\n\t<meta name=\"twitter:label2\" content=\"Est. tempo de leitura\" \/>\n\t<meta name=\"twitter:data2\" content=\"5 minutos\" \/>\n<script type=\"application\/ld+json\" class=\"yoast-schema-graph\">{\"@context\":\"https:\/\/schema.org\",\"@graph\":[{\"@type\":\"Article\",\"@id\":\"https:\/\/compartilhabahia.com.br\/index.php\/2025\/08\/07\/evento-estrategico-para-o-varejo-alimentar-superbahia-2025-e-aberta-com-grande-publico\/#article\",\"isPartOf\":{\"@id\":\"https:\/\/compartilhabahia.com.br\/index.php\/2025\/08\/07\/evento-estrategico-para-o-varejo-alimentar-superbahia-2025-e-aberta-com-grande-publico\/\"},\"author\":{\"name\":\"admin\",\"@id\":\"https:\/\/compartilhabahia.com.br\/#\/schema\/person\/9b4f0c3178793b8248d6686732521c04\"},\"headline\":\"Estrat\u00e9gico para o varejo alimentar, Superbahia25 \u00e9 aberta com grande p\u00fablico\",\"datePublished\":\"2025-08-07T23:37:29+00:00\",\"dateModified\":\"2025-08-07T23:38:09+00:00\",\"mainEntityOfPage\":{\"@id\":\"https:\/\/compartilhabahia.com.br\/index.php\/2025\/08\/07\/evento-estrategico-para-o-varejo-alimentar-superbahia-2025-e-aberta-com-grande-publico\/\"},\"wordCount\":792,\"commentCount\":0,\"publisher\":{\"@id\":\"https:\/\/compartilhabahia.com.br\/#organization\"},\"articleSection\":[\"Bahia\"],\"inLanguage\":\"pt-BR\",\"potentialAction\":[{\"@type\":\"CommentAction\",\"name\":\"Comment\",\"target\":[\"https:\/\/compartilhabahia.com.br\/index.php\/2025\/08\/07\/evento-estrategico-para-o-varejo-alimentar-superbahia-2025-e-aberta-com-grande-publico\/#respond\"]}]},{\"@type\":\"WebPage\",\"@id\":\"https:\/\/compartilhabahia.com.br\/index.php\/2025\/08\/07\/evento-estrategico-para-o-varejo-alimentar-superbahia-2025-e-aberta-com-grande-publico\/\",\"url\":\"https:\/\/compartilhabahia.com.br\/index.php\/2025\/08\/07\/evento-estrategico-para-o-varejo-alimentar-superbahia-2025-e-aberta-com-grande-publico\/\",\"name\":\"Estrat\u00e9gico para o varejo alimentar, Superbahia25 \u00e9 aberta com grande p\u00fablico - Compartilha Bahia\",\"isPartOf\":{\"@id\":\"https:\/\/compartilhabahia.com.br\/#website\"},\"datePublished\":\"2025-08-07T23:37:29+00:00\",\"dateModified\":\"2025-08-07T23:38:09+00:00\",\"breadcrumb\":{\"@id\":\"https:\/\/compartilhabahia.com.br\/index.php\/2025\/08\/07\/evento-estrategico-para-o-varejo-alimentar-superbahia-2025-e-aberta-com-grande-publico\/#breadcrumb\"},\"inLanguage\":\"pt-BR\",\"potentialAction\":[{\"@type\":\"ReadAction\",\"target\":[\"https:\/\/compartilhabahia.com.br\/index.php\/2025\/08\/07\/evento-estrategico-para-o-varejo-alimentar-superbahia-2025-e-aberta-com-grande-publico\/\"]}]},{\"@type\":\"BreadcrumbList\",\"@id\":\"https:\/\/compartilhabahia.com.br\/index.php\/2025\/08\/07\/evento-estrategico-para-o-varejo-alimentar-superbahia-2025-e-aberta-com-grande-publico\/#breadcrumb\",\"itemListElement\":[{\"@type\":\"ListItem\",\"position\":1,\"name\":\"In\u00edcio\",\"item\":\"https:\/\/compartilhabahia.com.br\/\"},{\"@type\":\"ListItem\",\"position\":2,\"name\":\"Estrat\u00e9gico para o varejo alimentar, Superbahia25 \u00e9 aberta com grande p\u00fablico\"}]},{\"@type\":\"WebSite\",\"@id\":\"https:\/\/compartilhabahia.com.br\/#website\",\"url\":\"https:\/\/compartilhabahia.com.br\/\",\"name\":\"Compartilha Bahia\",\"description\":\"\",\"publisher\":{\"@id\":\"https:\/\/compartilhabahia.com.br\/#organization\"},\"potentialAction\":[{\"@type\":\"SearchAction\",\"target\":{\"@type\":\"EntryPoint\",\"urlTemplate\":\"https:\/\/compartilhabahia.com.br\/?s={search_term_string}\"},\"query-input\":\"required name=search_term_string\"}],\"inLanguage\":\"pt-BR\"},{\"@type\":\"Organization\",\"@id\":\"https:\/\/compartilhabahia.com.br\/#organization\",\"name\":\"Compartilha Bahia\",\"url\":\"https:\/\/compartilhabahia.com.br\/\",\"logo\":{\"@type\":\"ImageObject\",\"inLanguage\":\"pt-BR\",\"@id\":\"https:\/\/compartilhabahia.com.br\/#\/schema\/logo\/image\/\",\"url\":\"https:\/\/compartilhabahia.com.br\/wp-content\/uploads\/2023\/12\/cropped-logo.png\",\"contentUrl\":\"https:\/\/compartilhabahia.com.br\/wp-content\/uploads\/2023\/12\/cropped-logo.png\",\"width\":300,\"height\":106,\"caption\":\"Compartilha Bahia\"},\"image\":{\"@id\":\"https:\/\/compartilhabahia.com.br\/#\/schema\/logo\/image\/\"},\"sameAs\":[\"https:\/\/web.facebook.com\/compartilhabahia\",\"https:\/\/www.instagram.com\/compartilhabahia\/\"]},{\"@type\":\"Person\",\"@id\":\"https:\/\/compartilhabahia.com.br\/#\/schema\/person\/9b4f0c3178793b8248d6686732521c04\",\"name\":\"admin\",\"image\":{\"@type\":\"ImageObject\",\"inLanguage\":\"pt-BR\",\"@id\":\"https:\/\/compartilhabahia.com.br\/#\/schema\/person\/image\/\",\"url\":\"https:\/\/secure.gravatar.com\/avatar\/9600df58751c5acbe914c538c03390ef649ea088cb65f84ba09c7ce66988eed6?s=96&d=mm&r=g\",\"contentUrl\":\"https:\/\/secure.gravatar.com\/avatar\/9600df58751c5acbe914c538c03390ef649ea088cb65f84ba09c7ce66988eed6?s=96&d=mm&r=g\",\"caption\":\"admin\"},\"sameAs\":[\"https:\/\/compartilhabahia.com.br\"],\"url\":\"https:\/\/compartilhabahia.com.br\/index.php\/author\/compartilhabahia\/\"}]}<\/script>\n<!-- \/ Yoast SEO plugin. -->","yoast_head_json":{"title":"Estrat\u00e9gico para o varejo alimentar, Superbahia25 \u00e9 aberta com grande p\u00fablico - Compartilha Bahia","robots":{"index":"index","follow":"follow","max-snippet":"max-snippet:-1","max-image-preview":"max-image-preview:large","max-video-preview":"max-video-preview:-1"},"canonical":"https:\/\/compartilhabahia.com.br\/index.php\/2025\/08\/07\/evento-estrategico-para-o-varejo-alimentar-superbahia-2025-e-aberta-com-grande-publico\/","og_locale":"pt_BR","og_type":"article","og_title":"Estrat\u00e9gico para o varejo alimentar, Superbahia25 \u00e9 aberta com grande p\u00fablico - Compartilha Bahia","og_description":"Evento re\u00fane l\u00edderes, especialistas e expositores de todo o pa\u00eds at\u00e9 sexta-feira (8), no Centro de Conven\u00e7\u00f5es de Salvador Foi oficialmente aberta, na tarde desta quarta-feira (6), a Superbahia 2025 &#8211; Feira e Conven\u00e7\u00e3o Baiana de Supermercados, Atacados e Distribuidores. Maior evento do varejo de alimentos do Norte e Nordeste, a feira re\u00fane mais de [&hellip;]","og_url":"https:\/\/compartilhabahia.com.br\/index.php\/2025\/08\/07\/evento-estrategico-para-o-varejo-alimentar-superbahia-2025-e-aberta-com-grande-publico\/","og_site_name":"Compartilha Bahia","article_publisher":"https:\/\/web.facebook.com\/compartilhabahia","article_published_time":"2025-08-07T23:37:29+00:00","article_modified_time":"2025-08-07T23:38:09+00:00","og_image":[{"width":960,"height":720,"url":"https:\/\/compartilhabahia.com.br\/wp-content\/uploads\/2025\/08\/varejo.jpg","type":"image\/jpeg"}],"author":"admin","twitter_card":"summary_large_image","twitter_misc":{"Escrito por":"admin","Est. tempo de leitura":"5 minutos"},"schema":{"@context":"https:\/\/schema.org","@graph":[{"@type":"Article","@id":"https:\/\/compartilhabahia.com.br\/index.php\/2025\/08\/07\/evento-estrategico-para-o-varejo-alimentar-superbahia-2025-e-aberta-com-grande-publico\/#article","isPartOf":{"@id":"https:\/\/compartilhabahia.com.br\/index.php\/2025\/08\/07\/evento-estrategico-para-o-varejo-alimentar-superbahia-2025-e-aberta-com-grande-publico\/"},"author":{"name":"admin","@id":"https:\/\/compartilhabahia.com.br\/#\/schema\/person\/9b4f0c3178793b8248d6686732521c04"},"headline":"Estrat\u00e9gico para o varejo alimentar, Superbahia25 \u00e9 aberta com grande p\u00fablico","datePublished":"2025-08-07T23:37:29+00:00","dateModified":"2025-08-07T23:38:09+00:00","mainEntityOfPage":{"@id":"https:\/\/compartilhabahia.com.br\/index.php\/2025\/08\/07\/evento-estrategico-para-o-varejo-alimentar-superbahia-2025-e-aberta-com-grande-publico\/"},"wordCount":792,"commentCount":0,"publisher":{"@id":"https:\/\/compartilhabahia.com.br\/#organization"},"articleSection":["Bahia"],"inLanguage":"pt-BR","potentialAction":[{"@type":"CommentAction","name":"Comment","target":["https:\/\/compartilhabahia.com.br\/index.php\/2025\/08\/07\/evento-estrategico-para-o-varejo-alimentar-superbahia-2025-e-aberta-com-grande-publico\/#respond"]}]},{"@type":"WebPage","@id":"https:\/\/compartilhabahia.com.br\/index.php\/2025\/08\/07\/evento-estrategico-para-o-varejo-alimentar-superbahia-2025-e-aberta-com-grande-publico\/","url":"https:\/\/compartilhabahia.com.br\/index.php\/2025\/08\/07\/evento-estrategico-para-o-varejo-alimentar-superbahia-2025-e-aberta-com-grande-publico\/","name":"Estrat\u00e9gico para o varejo alimentar, Superbahia25 \u00e9 aberta com grande p\u00fablico - Compartilha Bahia","isPartOf":{"@id":"https:\/\/compartilhabahia.com.br\/#website"},"datePublished":"2025-08-07T23:37:29+00:00","dateModified":"2025-08-07T23:38:09+00:00","breadcrumb":{"@id":"https:\/\/compartilhabahia.com.br\/index.php\/2025\/08\/07\/evento-estrategico-para-o-varejo-alimentar-superbahia-2025-e-aberta-com-grande-publico\/#breadcrumb"},"inLanguage":"pt-BR","potentialAction":[{"@type":"ReadAction","target":["https:\/\/compartilhabahia.com.br\/index.php\/2025\/08\/07\/evento-estrategico-para-o-varejo-alimentar-superbahia-2025-e-aberta-com-grande-publico\/"]}]},{"@type":"BreadcrumbList","@id":"https:\/\/compartilhabahia.com.br\/index.php\/2025\/08\/07\/evento-estrategico-para-o-varejo-alimentar-superbahia-2025-e-aberta-com-grande-publico\/#breadcrumb","itemListElement":[{"@type":"ListItem","position":1,"name":"In\u00edcio","item":"https:\/\/compartilhabahia.com.br\/"},{"@type":"ListItem","position":2,"name":"Estrat\u00e9gico para o varejo alimentar, Superbahia25 \u00e9 aberta com grande p\u00fablico"}]},{"@type":"WebSite","@id":"https:\/\/compartilhabahia.com.br\/#website","url":"https:\/\/compartilhabahia.com.br\/","name":"Compartilha Bahia","description":"","publisher":{"@id":"https:\/\/compartilhabahia.com.br\/#organization"},"potentialAction":[{"@type":"SearchAction","target":{"@type":"EntryPoint","urlTemplate":"https:\/\/compartilhabahia.com.br\/?s={search_term_string}"},"query-input":"required name=search_term_string"}],"inLanguage":"pt-BR"},{"@type":"Organization","@id":"https:\/\/compartilhabahia.com.br\/#organization","name":"Compartilha Bahia","url":"https:\/\/compartilhabahia.com.br\/","logo":{"@type":"ImageObject","inLanguage":"pt-BR","@id":"https:\/\/compartilhabahia.com.br\/#\/schema\/logo\/image\/","url":"https:\/\/compartilhabahia.com.br\/wp-content\/uploads\/2023\/12\/cropped-logo.png","contentUrl":"https:\/\/compartilhabahia.com.br\/wp-content\/uploads\/2023\/12\/cropped-logo.png","width":300,"height":106,"caption":"Compartilha Bahia"},"image":{"@id":"https:\/\/compartilhabahia.com.br\/#\/schema\/logo\/image\/"},"sameAs":["https:\/\/web.facebook.com\/compartilhabahia","https:\/\/www.instagram.com\/compartilhabahia\/"]},{"@type":"Person","@id":"https:\/\/compartilhabahia.com.br\/#\/schema\/person\/9b4f0c3178793b8248d6686732521c04","name":"admin","image":{"@type":"ImageObject","inLanguage":"pt-BR","@id":"https:\/\/compartilhabahia.com.br\/#\/schema\/person\/image\/","url":"https:\/\/secure.gravatar.com\/avatar\/9600df58751c5acbe914c538c03390ef649ea088cb65f84ba09c7ce66988eed6?s=96&d=mm&r=g","contentUrl":"https:\/\/secure.gravatar.com\/avatar\/9600df58751c5acbe914c538c03390ef649ea088cb65f84ba09c7ce66988eed6?s=96&d=mm&r=g","caption":"admin"},"sameAs":["https:\/\/compartilhabahia.com.br"],"url":"https:\/\/compartilhabahia.com.br\/index.php\/author\/compartilhabahia\/"}]}},"_links":{"self":[{"href":"https:\/\/compartilhabahia.com.br\/index.php\/wp-json\/wp\/v2\/posts\/7489","targetHints":{"allow":["GET"]}}],"collection":[{"href":"https:\/\/compartilhabahia.com.br\/index.php\/wp-json\/wp\/v2\/posts"}],"about":[{"href":"https:\/\/compartilhabahia.com.br\/index.php\/wp-json\/wp\/v2\/types\/post"}],"author":[{"embeddable":true,"href":"https:\/\/compartilhabahia.com.br\/index.php\/wp-json\/wp\/v2\/users\/1"}],"replies":[{"embeddable":true,"href":"https:\/\/compartilhabahia.com.br\/index.php\/wp-json\/wp\/v2\/comments?post=7489"}],"version-history":[{"count":2,"href":"https:\/\/compartilhabahia.com.br\/index.php\/wp-json\/wp\/v2\/posts\/7489\/revisions"}],"predecessor-version":[{"id":7492,"href":"https:\/\/compartilhabahia.com.br\/index.php\/wp-json\/wp\/v2\/posts\/7489\/revisions\/7492"}],"wp:featuredmedia":[{"embeddable":true,"href":"https:\/\/compartilhabahia.com.br\/index.php\/wp-json\/wp\/v2\/media\/7490"}],"wp:attachment":[{"href":"https:\/\/compartilhabahia.com.br\/index.php\/wp-json\/wp\/v2\/media?parent=7489"}],"wp:term":[{"taxonomy":"category","embeddable":true,"href":"https:\/\/compartilhabahia.com.br\/index.php\/wp-json\/wp\/v2\/categories?post=7489"},{"taxonomy":"post_tag","embeddable":true,"href":"https:\/\/compartilhabahia.com.br\/index.php\/wp-json\/wp\/v2\/tags?post=7489"}],"curies":[{"name":"wp","href":"https:\/\/api.w.org\/{rel}","templated":true}]}}