{"id":7474,"date":"2025-08-06T10:18:26","date_gmt":"2025-08-06T13:18:26","guid":{"rendered":"https:\/\/compartilhabahia.com.br\/?p=7474"},"modified":"2025-08-06T10:19:18","modified_gmt":"2025-08-06T13:19:18","slug":"sedur-realiza-demolicao-de-ocupacoes-irregulares-no-parque-nascente-do-capivara","status":"publish","type":"post","link":"https:\/\/compartilhabahia.com.br\/index.php\/2025\/08\/06\/sedur-realiza-demolicao-de-ocupacoes-irregulares-no-parque-nascente-do-capivara\/","title":{"rendered":"Sedur realiza demoli\u00e7\u00e3o de ocupa\u00e7\u00f5es irregulares no Parque Nascente do Capivara"},"content":{"rendered":"\n<p>A Secretaria de Desenvolvimento Urbano e Meio Ambiente (Sedur), por meio da Superintend\u00eancia de Ordenamento e Fiscaliza\u00e7\u00e3o de Uso do Solo (Suofis), realizou, nesta ter\u00e7a-feira (5), a demoli\u00e7\u00e3o de estruturas constru\u00eddas irregularmente em \u00e1rea p\u00fablica na Avenida Alameda e Rua Luiz Gonzaga, localizadas no bairro Parque Nascente do Capivara, em Cama\u00e7ari.<\/p>\n\n\n\n<p>As constru\u00e7\u00f5es foram erguidas sem qualquer tipo de autoriza\u00e7\u00e3o do Poder P\u00fablico Municipal, configurando ocupa\u00e7\u00f5es clandestinas em desacordo com a Lei Municipal n\u00ba 1.875\/2023, que, em seu artigo 80, determina que qualquer constru\u00e7\u00e3o iniciada sem a licen\u00e7a apropriada em \u00e1reas de dom\u00ednio p\u00fablico \u2013 seja municipal, estadual ou federal \u2013 ser\u00e1 pass\u00edvel de demoli\u00e7\u00e3o. A norma ainda prev\u00ea que as despesas decorrentes da a\u00e7\u00e3o sejam atribu\u00eddas ao infrator, sem preju\u00edzo da aplica\u00e7\u00e3o de multas conforme o Anexo II da referida lei.<\/p>\n\n\n\n<p>O secret\u00e1rio de Desenvolvimento Urbano e Meio Ambiente, Rodrigo Nogueira, destacou que a iniciativa refor\u00e7a o compromisso da gest\u00e3o com o ordenamento territorial e a preserva\u00e7\u00e3o dos espa\u00e7os p\u00fablicos. \u201cNosso compromisso \u00e9 com uma cidade planejada e legal. N\u00e3o podemos permitir que \u00e1reas p\u00fablicas sejam ocupadas de forma irregular, comprometendo o desenvolvimento urbano e a qualidade de vida da popula\u00e7\u00e3o\u201d, afirmou o gestor.<\/p>\n\n\n\n<p>J\u00e1 o superintendente da Suofis, David Leite, explicou que a medida segue o cronograma de a\u00e7\u00f5es da pasta. \u201cSeguimos todos os tr\u00e2mites legais. A atua\u00e7\u00e3o da Suofis \u00e9 permanente e tem o objetivo de coibir ocupa\u00e7\u00f5es irregulares e garantir o uso adequado do solo urbano\u201d, ressaltou.<br><\/p>\n","protected":false},"excerpt":{"rendered":"<p>A Secretaria de Desenvolvimento Urbano e Meio Ambiente (Sedur), por meio da Superintend\u00eancia de Ordenamento e Fiscaliza\u00e7\u00e3o de Uso do Solo (Suofis), realizou, nesta ter\u00e7a-feira (5), a demoli\u00e7\u00e3o de estruturas constru\u00eddas irregularmente em \u00e1rea p\u00fablica na Avenida Alameda e Rua Luiz Gonzaga, localizadas no bairro Parque Nascente do Capivara, em Cama\u00e7ari. As constru\u00e7\u00f5es foram erguidas [&hellip;]<\/p>\n","protected":false},"author":1,"featured_media":7476,"comment_status":"open","ping_status":"open","sticky":false,"template":"","format":"standard","meta":{"footnotes":""},"categories":[8],"tags":[],"class_list":["post-7474","post","type-post","status-publish","format-standard","has-post-thumbnail","hentry","category-camacari"],"yoast_head":"<!-- This site is optimized with the Yoast SEO plugin v21.7 - https:\/\/yoast.com\/wordpress\/plugins\/seo\/ -->\n<title>Sedur realiza demoli\u00e7\u00e3o de ocupa\u00e7\u00f5es irregulares no Parque Nascente do Capivara - Compartilha Bahia<\/title>\n<meta name=\"robots\" content=\"index, follow, max-snippet:-1, max-image-preview:large, max-video-preview:-1\" \/>\n<link rel=\"canonical\" href=\"https:\/\/compartilhabahia.com.br\/index.php\/2025\/08\/06\/sedur-realiza-demolicao-de-ocupacoes-irregulares-no-parque-nascente-do-capivara\/\" \/>\n<meta property=\"og:locale\" content=\"pt_BR\" \/>\n<meta property=\"og:type\" content=\"article\" \/>\n<meta property=\"og:title\" content=\"Sedur realiza demoli\u00e7\u00e3o de ocupa\u00e7\u00f5es irregulares no Parque Nascente do Capivara - Compartilha Bahia\" \/>\n<meta property=\"og:description\" content=\"A Secretaria de Desenvolvimento Urbano e Meio Ambiente (Sedur), por meio da Superintend\u00eancia de Ordenamento e Fiscaliza\u00e7\u00e3o de Uso do Solo (Suofis), realizou, nesta ter\u00e7a-feira (5), a demoli\u00e7\u00e3o de estruturas constru\u00eddas irregularmente em \u00e1rea p\u00fablica na Avenida Alameda e Rua Luiz Gonzaga, localizadas no bairro Parque Nascente do Capivara, em Cama\u00e7ari. As constru\u00e7\u00f5es foram erguidas [&hellip;]\" \/>\n<meta property=\"og:url\" content=\"https:\/\/compartilhabahia.com.br\/index.php\/2025\/08\/06\/sedur-realiza-demolicao-de-ocupacoes-irregulares-no-parque-nascente-do-capivara\/\" \/>\n<meta property=\"og:site_name\" content=\"Compartilha Bahia\" \/>\n<meta property=\"article:publisher\" content=\"https:\/\/web.facebook.com\/compartilhabahia\" \/>\n<meta property=\"article:published_time\" content=\"2025-08-06T13:18:26+00:00\" \/>\n<meta property=\"article:modified_time\" content=\"2025-08-06T13:19:18+00:00\" \/>\n<meta property=\"og:image\" content=\"https:\/\/compartilhabahia.com.br\/wp-content\/uploads\/2025\/08\/demolicao.jpg\" \/>\n\t<meta property=\"og:image:width\" content=\"800\" \/>\n\t<meta property=\"og:image:height\" content=\"450\" \/>\n\t<meta property=\"og:image:type\" content=\"image\/jpeg\" \/>\n<meta name=\"author\" content=\"admin\" \/>\n<meta name=\"twitter:card\" content=\"summary_large_image\" \/>\n<meta name=\"twitter:label1\" content=\"Escrito por\" \/>\n\t<meta name=\"twitter:data1\" content=\"admin\" \/>\n\t<meta name=\"twitter:label2\" content=\"Est. tempo de leitura\" \/>\n\t<meta name=\"twitter:data2\" content=\"2 minutos\" \/>\n<script type=\"application\/ld+json\" class=\"yoast-schema-graph\">{\"@context\":\"https:\/\/schema.org\",\"@graph\":[{\"@type\":\"Article\",\"@id\":\"https:\/\/compartilhabahia.com.br\/index.php\/2025\/08\/06\/sedur-realiza-demolicao-de-ocupacoes-irregulares-no-parque-nascente-do-capivara\/#article\",\"isPartOf\":{\"@id\":\"https:\/\/compartilhabahia.com.br\/index.php\/2025\/08\/06\/sedur-realiza-demolicao-de-ocupacoes-irregulares-no-parque-nascente-do-capivara\/\"},\"author\":{\"name\":\"admin\",\"@id\":\"https:\/\/compartilhabahia.com.br\/#\/schema\/person\/9b4f0c3178793b8248d6686732521c04\"},\"headline\":\"Sedur realiza demoli\u00e7\u00e3o de ocupa\u00e7\u00f5es irregulares no Parque Nascente do Capivara\",\"datePublished\":\"2025-08-06T13:18:26+00:00\",\"dateModified\":\"2025-08-06T13:19:18+00:00\",\"mainEntityOfPage\":{\"@id\":\"https:\/\/compartilhabahia.com.br\/index.php\/2025\/08\/06\/sedur-realiza-demolicao-de-ocupacoes-irregulares-no-parque-nascente-do-capivara\/\"},\"wordCount\":281,\"commentCount\":0,\"publisher\":{\"@id\":\"https:\/\/compartilhabahia.com.br\/#organization\"},\"articleSection\":[\"Cama\u00e7ari\"],\"inLanguage\":\"pt-BR\",\"potentialAction\":[{\"@type\":\"CommentAction\",\"name\":\"Comment\",\"target\":[\"https:\/\/compartilhabahia.com.br\/index.php\/2025\/08\/06\/sedur-realiza-demolicao-de-ocupacoes-irregulares-no-parque-nascente-do-capivara\/#respond\"]}]},{\"@type\":\"WebPage\",\"@id\":\"https:\/\/compartilhabahia.com.br\/index.php\/2025\/08\/06\/sedur-realiza-demolicao-de-ocupacoes-irregulares-no-parque-nascente-do-capivara\/\",\"url\":\"https:\/\/compartilhabahia.com.br\/index.php\/2025\/08\/06\/sedur-realiza-demolicao-de-ocupacoes-irregulares-no-parque-nascente-do-capivara\/\",\"name\":\"Sedur realiza demoli\u00e7\u00e3o de ocupa\u00e7\u00f5es irregulares no Parque Nascente do Capivara - Compartilha Bahia\",\"isPartOf\":{\"@id\":\"https:\/\/compartilhabahia.com.br\/#website\"},\"datePublished\":\"2025-08-06T13:18:26+00:00\",\"dateModified\":\"2025-08-06T13:19:18+00:00\",\"breadcrumb\":{\"@id\":\"https:\/\/compartilhabahia.com.br\/index.php\/2025\/08\/06\/sedur-realiza-demolicao-de-ocupacoes-irregulares-no-parque-nascente-do-capivara\/#breadcrumb\"},\"inLanguage\":\"pt-BR\",\"potentialAction\":[{\"@type\":\"ReadAction\",\"target\":[\"https:\/\/compartilhabahia.com.br\/index.php\/2025\/08\/06\/sedur-realiza-demolicao-de-ocupacoes-irregulares-no-parque-nascente-do-capivara\/\"]}]},{\"@type\":\"BreadcrumbList\",\"@id\":\"https:\/\/compartilhabahia.com.br\/index.php\/2025\/08\/06\/sedur-realiza-demolicao-de-ocupacoes-irregulares-no-parque-nascente-do-capivara\/#breadcrumb\",\"itemListElement\":[{\"@type\":\"ListItem\",\"position\":1,\"name\":\"In\u00edcio\",\"item\":\"https:\/\/compartilhabahia.com.br\/\"},{\"@type\":\"ListItem\",\"position\":2,\"name\":\"Sedur realiza demoli\u00e7\u00e3o de ocupa\u00e7\u00f5es irregulares no Parque Nascente do Capivara\"}]},{\"@type\":\"WebSite\",\"@id\":\"https:\/\/compartilhabahia.com.br\/#website\",\"url\":\"https:\/\/compartilhabahia.com.br\/\",\"name\":\"Compartilha Bahia\",\"description\":\"\",\"publisher\":{\"@id\":\"https:\/\/compartilhabahia.com.br\/#organization\"},\"potentialAction\":[{\"@type\":\"SearchAction\",\"target\":{\"@type\":\"EntryPoint\",\"urlTemplate\":\"https:\/\/compartilhabahia.com.br\/?s={search_term_string}\"},\"query-input\":\"required name=search_term_string\"}],\"inLanguage\":\"pt-BR\"},{\"@type\":\"Organization\",\"@id\":\"https:\/\/compartilhabahia.com.br\/#organization\",\"name\":\"Compartilha Bahia\",\"url\":\"https:\/\/compartilhabahia.com.br\/\",\"logo\":{\"@type\":\"ImageObject\",\"inLanguage\":\"pt-BR\",\"@id\":\"https:\/\/compartilhabahia.com.br\/#\/schema\/logo\/image\/\",\"url\":\"https:\/\/compartilhabahia.com.br\/wp-content\/uploads\/2023\/12\/cropped-logo.png\",\"contentUrl\":\"https:\/\/compartilhabahia.com.br\/wp-content\/uploads\/2023\/12\/cropped-logo.png\",\"width\":300,\"height\":106,\"caption\":\"Compartilha Bahia\"},\"image\":{\"@id\":\"https:\/\/compartilhabahia.com.br\/#\/schema\/logo\/image\/\"},\"sameAs\":[\"https:\/\/web.facebook.com\/compartilhabahia\",\"https:\/\/www.instagram.com\/compartilhabahia\/\"]},{\"@type\":\"Person\",\"@id\":\"https:\/\/compartilhabahia.com.br\/#\/schema\/person\/9b4f0c3178793b8248d6686732521c04\",\"name\":\"admin\",\"image\":{\"@type\":\"ImageObject\",\"inLanguage\":\"pt-BR\",\"@id\":\"https:\/\/compartilhabahia.com.br\/#\/schema\/person\/image\/\",\"url\":\"https:\/\/secure.gravatar.com\/avatar\/9600df58751c5acbe914c538c03390ef649ea088cb65f84ba09c7ce66988eed6?s=96&d=mm&r=g\",\"contentUrl\":\"https:\/\/secure.gravatar.com\/avatar\/9600df58751c5acbe914c538c03390ef649ea088cb65f84ba09c7ce66988eed6?s=96&d=mm&r=g\",\"caption\":\"admin\"},\"sameAs\":[\"https:\/\/compartilhabahia.com.br\"],\"url\":\"https:\/\/compartilhabahia.com.br\/index.php\/author\/compartilhabahia\/\"}]}<\/script>\n<!-- \/ Yoast SEO plugin. -->","yoast_head_json":{"title":"Sedur realiza demoli\u00e7\u00e3o de ocupa\u00e7\u00f5es irregulares no Parque Nascente do Capivara - Compartilha Bahia","robots":{"index":"index","follow":"follow","max-snippet":"max-snippet:-1","max-image-preview":"max-image-preview:large","max-video-preview":"max-video-preview:-1"},"canonical":"https:\/\/compartilhabahia.com.br\/index.php\/2025\/08\/06\/sedur-realiza-demolicao-de-ocupacoes-irregulares-no-parque-nascente-do-capivara\/","og_locale":"pt_BR","og_type":"article","og_title":"Sedur realiza demoli\u00e7\u00e3o de ocupa\u00e7\u00f5es irregulares no Parque Nascente do Capivara - Compartilha Bahia","og_description":"A Secretaria de Desenvolvimento Urbano e Meio Ambiente (Sedur), por meio da Superintend\u00eancia de Ordenamento e Fiscaliza\u00e7\u00e3o de Uso do Solo (Suofis), realizou, nesta ter\u00e7a-feira (5), a demoli\u00e7\u00e3o de estruturas constru\u00eddas irregularmente em \u00e1rea p\u00fablica na Avenida Alameda e Rua Luiz Gonzaga, localizadas no bairro Parque Nascente do Capivara, em Cama\u00e7ari. As constru\u00e7\u00f5es foram erguidas [&hellip;]","og_url":"https:\/\/compartilhabahia.com.br\/index.php\/2025\/08\/06\/sedur-realiza-demolicao-de-ocupacoes-irregulares-no-parque-nascente-do-capivara\/","og_site_name":"Compartilha Bahia","article_publisher":"https:\/\/web.facebook.com\/compartilhabahia","article_published_time":"2025-08-06T13:18:26+00:00","article_modified_time":"2025-08-06T13:19:18+00:00","og_image":[{"width":800,"height":450,"url":"https:\/\/compartilhabahia.com.br\/wp-content\/uploads\/2025\/08\/demolicao.jpg","type":"image\/jpeg"}],"author":"admin","twitter_card":"summary_large_image","twitter_misc":{"Escrito por":"admin","Est. tempo de leitura":"2 minutos"},"schema":{"@context":"https:\/\/schema.org","@graph":[{"@type":"Article","@id":"https:\/\/compartilhabahia.com.br\/index.php\/2025\/08\/06\/sedur-realiza-demolicao-de-ocupacoes-irregulares-no-parque-nascente-do-capivara\/#article","isPartOf":{"@id":"https:\/\/compartilhabahia.com.br\/index.php\/2025\/08\/06\/sedur-realiza-demolicao-de-ocupacoes-irregulares-no-parque-nascente-do-capivara\/"},"author":{"name":"admin","@id":"https:\/\/compartilhabahia.com.br\/#\/schema\/person\/9b4f0c3178793b8248d6686732521c04"},"headline":"Sedur realiza demoli\u00e7\u00e3o de ocupa\u00e7\u00f5es irregulares no Parque Nascente do Capivara","datePublished":"2025-08-06T13:18:26+00:00","dateModified":"2025-08-06T13:19:18+00:00","mainEntityOfPage":{"@id":"https:\/\/compartilhabahia.com.br\/index.php\/2025\/08\/06\/sedur-realiza-demolicao-de-ocupacoes-irregulares-no-parque-nascente-do-capivara\/"},"wordCount":281,"commentCount":0,"publisher":{"@id":"https:\/\/compartilhabahia.com.br\/#organization"},"articleSection":["Cama\u00e7ari"],"inLanguage":"pt-BR","potentialAction":[{"@type":"CommentAction","name":"Comment","target":["https:\/\/compartilhabahia.com.br\/index.php\/2025\/08\/06\/sedur-realiza-demolicao-de-ocupacoes-irregulares-no-parque-nascente-do-capivara\/#respond"]}]},{"@type":"WebPage","@id":"https:\/\/compartilhabahia.com.br\/index.php\/2025\/08\/06\/sedur-realiza-demolicao-de-ocupacoes-irregulares-no-parque-nascente-do-capivara\/","url":"https:\/\/compartilhabahia.com.br\/index.php\/2025\/08\/06\/sedur-realiza-demolicao-de-ocupacoes-irregulares-no-parque-nascente-do-capivara\/","name":"Sedur realiza demoli\u00e7\u00e3o de ocupa\u00e7\u00f5es irregulares no Parque Nascente do Capivara - Compartilha Bahia","isPartOf":{"@id":"https:\/\/compartilhabahia.com.br\/#website"},"datePublished":"2025-08-06T13:18:26+00:00","dateModified":"2025-08-06T13:19:18+00:00","breadcrumb":{"@id":"https:\/\/compartilhabahia.com.br\/index.php\/2025\/08\/06\/sedur-realiza-demolicao-de-ocupacoes-irregulares-no-parque-nascente-do-capivara\/#breadcrumb"},"inLanguage":"pt-BR","potentialAction":[{"@type":"ReadAction","target":["https:\/\/compartilhabahia.com.br\/index.php\/2025\/08\/06\/sedur-realiza-demolicao-de-ocupacoes-irregulares-no-parque-nascente-do-capivara\/"]}]},{"@type":"BreadcrumbList","@id":"https:\/\/compartilhabahia.com.br\/index.php\/2025\/08\/06\/sedur-realiza-demolicao-de-ocupacoes-irregulares-no-parque-nascente-do-capivara\/#breadcrumb","itemListElement":[{"@type":"ListItem","position":1,"name":"In\u00edcio","item":"https:\/\/compartilhabahia.com.br\/"},{"@type":"ListItem","position":2,"name":"Sedur realiza demoli\u00e7\u00e3o de ocupa\u00e7\u00f5es irregulares no Parque Nascente do Capivara"}]},{"@type":"WebSite","@id":"https:\/\/compartilhabahia.com.br\/#website","url":"https:\/\/compartilhabahia.com.br\/","name":"Compartilha Bahia","description":"","publisher":{"@id":"https:\/\/compartilhabahia.com.br\/#organization"},"potentialAction":[{"@type":"SearchAction","target":{"@type":"EntryPoint","urlTemplate":"https:\/\/compartilhabahia.com.br\/?s={search_term_string}"},"query-input":"required name=search_term_string"}],"inLanguage":"pt-BR"},{"@type":"Organization","@id":"https:\/\/compartilhabahia.com.br\/#organization","name":"Compartilha Bahia","url":"https:\/\/compartilhabahia.com.br\/","logo":{"@type":"ImageObject","inLanguage":"pt-BR","@id":"https:\/\/compartilhabahia.com.br\/#\/schema\/logo\/image\/","url":"https:\/\/compartilhabahia.com.br\/wp-content\/uploads\/2023\/12\/cropped-logo.png","contentUrl":"https:\/\/compartilhabahia.com.br\/wp-content\/uploads\/2023\/12\/cropped-logo.png","width":300,"height":106,"caption":"Compartilha Bahia"},"image":{"@id":"https:\/\/compartilhabahia.com.br\/#\/schema\/logo\/image\/"},"sameAs":["https:\/\/web.facebook.com\/compartilhabahia","https:\/\/www.instagram.com\/compartilhabahia\/"]},{"@type":"Person","@id":"https:\/\/compartilhabahia.com.br\/#\/schema\/person\/9b4f0c3178793b8248d6686732521c04","name":"admin","image":{"@type":"ImageObject","inLanguage":"pt-BR","@id":"https:\/\/compartilhabahia.com.br\/#\/schema\/person\/image\/","url":"https:\/\/secure.gravatar.com\/avatar\/9600df58751c5acbe914c538c03390ef649ea088cb65f84ba09c7ce66988eed6?s=96&d=mm&r=g","contentUrl":"https:\/\/secure.gravatar.com\/avatar\/9600df58751c5acbe914c538c03390ef649ea088cb65f84ba09c7ce66988eed6?s=96&d=mm&r=g","caption":"admin"},"sameAs":["https:\/\/compartilhabahia.com.br"],"url":"https:\/\/compartilhabahia.com.br\/index.php\/author\/compartilhabahia\/"}]}},"_links":{"self":[{"href":"https:\/\/compartilhabahia.com.br\/index.php\/wp-json\/wp\/v2\/posts\/7474","targetHints":{"allow":["GET"]}}],"collection":[{"href":"https:\/\/compartilhabahia.com.br\/index.php\/wp-json\/wp\/v2\/posts"}],"about":[{"href":"https:\/\/compartilhabahia.com.br\/index.php\/wp-json\/wp\/v2\/types\/post"}],"author":[{"embeddable":true,"href":"https:\/\/compartilhabahia.com.br\/index.php\/wp-json\/wp\/v2\/users\/1"}],"replies":[{"embeddable":true,"href":"https:\/\/compartilhabahia.com.br\/index.php\/wp-json\/wp\/v2\/comments?post=7474"}],"version-history":[{"count":1,"href":"https:\/\/compartilhabahia.com.br\/index.php\/wp-json\/wp\/v2\/posts\/7474\/revisions"}],"predecessor-version":[{"id":7477,"href":"https:\/\/compartilhabahia.com.br\/index.php\/wp-json\/wp\/v2\/posts\/7474\/revisions\/7477"}],"wp:featuredmedia":[{"embeddable":true,"href":"https:\/\/compartilhabahia.com.br\/index.php\/wp-json\/wp\/v2\/media\/7476"}],"wp:attachment":[{"href":"https:\/\/compartilhabahia.com.br\/index.php\/wp-json\/wp\/v2\/media?parent=7474"}],"wp:term":[{"taxonomy":"category","embeddable":true,"href":"https:\/\/compartilhabahia.com.br\/index.php\/wp-json\/wp\/v2\/categories?post=7474"},{"taxonomy":"post_tag","embeddable":true,"href":"https:\/\/compartilhabahia.com.br\/index.php\/wp-json\/wp\/v2\/tags?post=7474"}],"curies":[{"name":"wp","href":"https:\/\/api.w.org\/{rel}","templated":true}]}}