{"id":7466,"date":"2025-08-05T13:08:07","date_gmt":"2025-08-05T16:08:07","guid":{"rendered":"https:\/\/compartilhabahia.com.br\/?p=7466"},"modified":"2025-08-05T13:16:41","modified_gmt":"2025-08-05T16:16:41","slug":"hospital-geral-de-camacari-recebe-certificacao-de-gestao-de-indicadores-de-qualidade-e-desempenho","status":"publish","type":"post","link":"https:\/\/compartilhabahia.com.br\/index.php\/2025\/08\/05\/hospital-geral-de-camacari-recebe-certificacao-de-gestao-de-indicadores-de-qualidade-e-desempenho\/","title":{"rendered":"Hospital Geral de Cama\u00e7ari recebe Certifica\u00e7\u00e3o de Gest\u00e3o de Indicadores de Qualidade e Desempenho"},"content":{"rendered":"\n<p>O Hospital Geral de Cama\u00e7ari (HGC) conquistou mais um reconhecimento de excel\u00eancia: a certifica\u00e7\u00e3o de Gest\u00e3o de Indicadores de Qualidade e Desempenho, concedida pela Associa\u00e7\u00e3o de Medicina Intensiva Brasileira (AMIB). O selo atesta que a unidade realiza o monitoramento e a gest\u00e3o de seus indicadores conforme os crit\u00e9rios da Resolu\u00e7\u00e3o da Diretoria Colegiada (RDC) n\u00ba 7 da ANVISA, por meio da plataforma Epimed Monitor UTI Adulto.<\/p>\n\n\n\n<p>A entrega do certificado aconteceu na sede da Secretaria da Sa\u00fade do Estado da Bahia (SESAB), e contou com a presen\u00e7a da Diretora Geral do HGC, Dra. Tha\u00eds Fraga, do Diretor M\u00e9dico, Dr. F\u00e1bio Rom\u00e3o, do Coordenador M\u00e9dico da UTI, Dr. Jamil Rocha Jr. e de representantes da empresa Epimed, que apresentaram dados relevantes sobre a evolu\u00e7\u00e3o dos indicadores assistenciais do hospital.<\/p>\n\n\n\n<p>Entre os principais destaques est\u00e3o o alto giro de leitos e a baixa taxa de perman\u00eancia na UTI, evidenciando efici\u00eancia na gest\u00e3o e agilidade no cuidado ao paciente. O Painel de Efici\u00eancia da unidade apresentou desempenho 25% superior ao de outras institui\u00e7\u00f5es que utilizam a mesma plataforma, incluindo hospitais da rede privada.<\/p>\n\n\n\n<p>A Dra. Tha\u00eds Fraga ressaltou a import\u00e2ncia da conquista como um marco no processo cont\u00ednuo de qualifica\u00e7\u00e3o do hospital: \u201c\u00c9 uma enorme alegria vermos o alcance de resultados t\u00e3o expressivos e percebermos o quanto temos avan\u00e7ado em um processo de melhoria cont\u00ednua. Devemos essa conquista a todas as equipes que atuam em nossas UTIs. E em especial a Dr. Jamil, que conduz com brilhantismo a Coordena\u00e7\u00e3o M\u00e9dica do setor, e a Dr. F\u00e1bio, por sua gest\u00e3o eficiente e inspiradora&#8221;.<\/p>\n\n\n\n<p>O Coordenador m\u00e9dico da UTI, Dr. Jamil Rocha Jr., destacou o papel coletivo na conquista:\u201cEssa certifica\u00e7\u00e3o \u00e9 um est\u00edmulo enorme para a equipe m\u00e9dica. Tenho o apoio direto de duas grandes lideran\u00e7as, e isso faz toda a diferen\u00e7a. N\u00e3o se constr\u00f3i uma UTI eficiente sem apoio, sem tecnologia, sem metas claras e, principalmente, sem pessoas comprometidas em fazer medicina intensiva com prop\u00f3sito. \u00c9 gratificante ver esse reconhecimento. Hoje, somos refer\u00eancia em toda a regi\u00e3o tamb\u00e9m no suporte dial\u00edtico, o que amplia ainda mais nosso papel estrat\u00e9gico na rede.\u201d<\/p>\n\n\n\n<p>Para o Dr. F\u00e1bio Rom\u00e3o, diretor m\u00e9dico do HGC, a certifica\u00e7\u00e3o reflete um conjunto de esfor\u00e7os que v\u00e3o al\u00e9m dos n\u00fameros:\u201cSabemos que cada protocolo aprimorado, cada inova\u00e7\u00e3o implementada e cada gesto de humaniza\u00e7\u00e3o fazem a diferen\u00e7a, n\u00e3o apenas nos indicadores, mas na vida das pessoas que confiam em nossos cuidados. Que essa conquista sirva de motiva\u00e7\u00e3o para seguirmos avan\u00e7ando, sempre com o mesmo compromisso e paix\u00e3o que nos movem.\u201d<\/p>\n\n\n\n<p>A certifica\u00e7\u00e3o reafirma o compromisso do Hospital Geral de Cama\u00e7ari com a seguran\u00e7a do paciente, a qualidade da assist\u00eancia em medicina intensiva e a busca permanente pela excel\u00eancia nos processos de cuidado, em alinhamento com as diretrizes da Secretaria de Sa\u00fade do Estado e com o pleno apoio do Governo da Bahia.<\/p>\n\n\n\n<figure class=\"wp-block-image size-large is-resized\"><img loading=\"lazy\" decoding=\"async\" width=\"1024\" height=\"768\" src=\"https:\/\/compartilhabahia.com.br\/wp-content\/uploads\/2025\/08\/WhatsApp-Image-2025-08-05-at-13.02.56-2-1024x768.jpeg\" alt=\"\" class=\"wp-image-7468\" style=\"width:664px;height:auto\" srcset=\"https:\/\/compartilhabahia.com.br\/wp-content\/uploads\/2025\/08\/WhatsApp-Image-2025-08-05-at-13.02.56-2-1024x768.jpeg 1024w, https:\/\/compartilhabahia.com.br\/wp-content\/uploads\/2025\/08\/WhatsApp-Image-2025-08-05-at-13.02.56-2-300x225.jpeg 300w, https:\/\/compartilhabahia.com.br\/wp-content\/uploads\/2025\/08\/WhatsApp-Image-2025-08-05-at-13.02.56-2-768x576.jpeg 768w, https:\/\/compartilhabahia.com.br\/wp-content\/uploads\/2025\/08\/WhatsApp-Image-2025-08-05-at-13.02.56-2.jpeg 1280w\" sizes=\"auto, (max-width: 1024px) 100vw, 1024px\" \/><\/figure>\n\n\n\n<p><\/p>\n","protected":false},"excerpt":{"rendered":"<p>O Hospital Geral de Cama\u00e7ari (HGC) conquistou mais um reconhecimento de excel\u00eancia: a certifica\u00e7\u00e3o de Gest\u00e3o de Indicadores de Qualidade e Desempenho, concedida pela Associa\u00e7\u00e3o de Medicina Intensiva Brasileira (AMIB). O selo atesta que a unidade realiza o monitoramento e a gest\u00e3o de seus indicadores conforme os crit\u00e9rios da Resolu\u00e7\u00e3o da Diretoria Colegiada (RDC) n\u00ba [&hellip;]<\/p>\n","protected":false},"author":1,"featured_media":7467,"comment_status":"open","ping_status":"open","sticky":false,"template":"","format":"standard","meta":{"footnotes":""},"categories":[8],"tags":[],"class_list":["post-7466","post","type-post","status-publish","format-standard","has-post-thumbnail","hentry","category-camacari"],"yoast_head":"<!-- This site is optimized with the Yoast SEO plugin v21.7 - https:\/\/yoast.com\/wordpress\/plugins\/seo\/ -->\n<title>Hospital Geral de Cama\u00e7ari recebe Certifica\u00e7\u00e3o de Gest\u00e3o de Indicadores de Qualidade e Desempenho - Compartilha Bahia<\/title>\n<meta name=\"robots\" content=\"index, follow, max-snippet:-1, max-image-preview:large, max-video-preview:-1\" \/>\n<link rel=\"canonical\" href=\"https:\/\/compartilhabahia.com.br\/index.php\/2025\/08\/05\/hospital-geral-de-camacari-recebe-certificacao-de-gestao-de-indicadores-de-qualidade-e-desempenho\/\" \/>\n<meta property=\"og:locale\" content=\"pt_BR\" \/>\n<meta property=\"og:type\" content=\"article\" \/>\n<meta property=\"og:title\" content=\"Hospital Geral de Cama\u00e7ari recebe Certifica\u00e7\u00e3o de Gest\u00e3o de Indicadores de Qualidade e Desempenho - Compartilha Bahia\" \/>\n<meta property=\"og:description\" content=\"O Hospital Geral de Cama\u00e7ari (HGC) conquistou mais um reconhecimento de excel\u00eancia: a certifica\u00e7\u00e3o de Gest\u00e3o de Indicadores de Qualidade e Desempenho, concedida pela Associa\u00e7\u00e3o de Medicina Intensiva Brasileira (AMIB). O selo atesta que a unidade realiza o monitoramento e a gest\u00e3o de seus indicadores conforme os crit\u00e9rios da Resolu\u00e7\u00e3o da Diretoria Colegiada (RDC) n\u00ba [&hellip;]\" \/>\n<meta property=\"og:url\" content=\"https:\/\/compartilhabahia.com.br\/index.php\/2025\/08\/05\/hospital-geral-de-camacari-recebe-certificacao-de-gestao-de-indicadores-de-qualidade-e-desempenho\/\" \/>\n<meta property=\"og:site_name\" content=\"Compartilha Bahia\" \/>\n<meta property=\"article:publisher\" content=\"https:\/\/web.facebook.com\/compartilhabahia\" \/>\n<meta property=\"article:published_time\" content=\"2025-08-05T16:08:07+00:00\" \/>\n<meta property=\"article:modified_time\" content=\"2025-08-05T16:16:41+00:00\" \/>\n<meta property=\"og:image\" content=\"https:\/\/compartilhabahia.com.br\/wp-content\/uploads\/2025\/08\/drthais.jpg\" \/>\n\t<meta property=\"og:image:width\" content=\"896\" \/>\n\t<meta property=\"og:image:height\" content=\"715\" \/>\n\t<meta property=\"og:image:type\" content=\"image\/jpeg\" \/>\n<meta name=\"author\" content=\"admin\" \/>\n<meta name=\"twitter:card\" content=\"summary_large_image\" \/>\n<meta name=\"twitter:label1\" content=\"Escrito por\" \/>\n\t<meta name=\"twitter:data1\" content=\"admin\" \/>\n\t<meta name=\"twitter:label2\" content=\"Est. tempo de leitura\" \/>\n\t<meta name=\"twitter:data2\" content=\"3 minutos\" \/>\n<script type=\"application\/ld+json\" class=\"yoast-schema-graph\">{\"@context\":\"https:\/\/schema.org\",\"@graph\":[{\"@type\":\"Article\",\"@id\":\"https:\/\/compartilhabahia.com.br\/index.php\/2025\/08\/05\/hospital-geral-de-camacari-recebe-certificacao-de-gestao-de-indicadores-de-qualidade-e-desempenho\/#article\",\"isPartOf\":{\"@id\":\"https:\/\/compartilhabahia.com.br\/index.php\/2025\/08\/05\/hospital-geral-de-camacari-recebe-certificacao-de-gestao-de-indicadores-de-qualidade-e-desempenho\/\"},\"author\":{\"name\":\"admin\",\"@id\":\"https:\/\/compartilhabahia.com.br\/#\/schema\/person\/9b4f0c3178793b8248d6686732521c04\"},\"headline\":\"Hospital Geral de Cama\u00e7ari recebe Certifica\u00e7\u00e3o de Gest\u00e3o de Indicadores de Qualidade e Desempenho\",\"datePublished\":\"2025-08-05T16:08:07+00:00\",\"dateModified\":\"2025-08-05T16:16:41+00:00\",\"mainEntityOfPage\":{\"@id\":\"https:\/\/compartilhabahia.com.br\/index.php\/2025\/08\/05\/hospital-geral-de-camacari-recebe-certificacao-de-gestao-de-indicadores-de-qualidade-e-desempenho\/\"},\"wordCount\":550,\"commentCount\":0,\"publisher\":{\"@id\":\"https:\/\/compartilhabahia.com.br\/#organization\"},\"articleSection\":[\"Cama\u00e7ari\"],\"inLanguage\":\"pt-BR\",\"potentialAction\":[{\"@type\":\"CommentAction\",\"name\":\"Comment\",\"target\":[\"https:\/\/compartilhabahia.com.br\/index.php\/2025\/08\/05\/hospital-geral-de-camacari-recebe-certificacao-de-gestao-de-indicadores-de-qualidade-e-desempenho\/#respond\"]}]},{\"@type\":\"WebPage\",\"@id\":\"https:\/\/compartilhabahia.com.br\/index.php\/2025\/08\/05\/hospital-geral-de-camacari-recebe-certificacao-de-gestao-de-indicadores-de-qualidade-e-desempenho\/\",\"url\":\"https:\/\/compartilhabahia.com.br\/index.php\/2025\/08\/05\/hospital-geral-de-camacari-recebe-certificacao-de-gestao-de-indicadores-de-qualidade-e-desempenho\/\",\"name\":\"Hospital Geral de Cama\u00e7ari recebe Certifica\u00e7\u00e3o de Gest\u00e3o de Indicadores de Qualidade e Desempenho - Compartilha Bahia\",\"isPartOf\":{\"@id\":\"https:\/\/compartilhabahia.com.br\/#website\"},\"datePublished\":\"2025-08-05T16:08:07+00:00\",\"dateModified\":\"2025-08-05T16:16:41+00:00\",\"breadcrumb\":{\"@id\":\"https:\/\/compartilhabahia.com.br\/index.php\/2025\/08\/05\/hospital-geral-de-camacari-recebe-certificacao-de-gestao-de-indicadores-de-qualidade-e-desempenho\/#breadcrumb\"},\"inLanguage\":\"pt-BR\",\"potentialAction\":[{\"@type\":\"ReadAction\",\"target\":[\"https:\/\/compartilhabahia.com.br\/index.php\/2025\/08\/05\/hospital-geral-de-camacari-recebe-certificacao-de-gestao-de-indicadores-de-qualidade-e-desempenho\/\"]}]},{\"@type\":\"BreadcrumbList\",\"@id\":\"https:\/\/compartilhabahia.com.br\/index.php\/2025\/08\/05\/hospital-geral-de-camacari-recebe-certificacao-de-gestao-de-indicadores-de-qualidade-e-desempenho\/#breadcrumb\",\"itemListElement\":[{\"@type\":\"ListItem\",\"position\":1,\"name\":\"In\u00edcio\",\"item\":\"https:\/\/compartilhabahia.com.br\/\"},{\"@type\":\"ListItem\",\"position\":2,\"name\":\"Hospital Geral de Cama\u00e7ari recebe Certifica\u00e7\u00e3o de Gest\u00e3o de Indicadores de Qualidade e Desempenho\"}]},{\"@type\":\"WebSite\",\"@id\":\"https:\/\/compartilhabahia.com.br\/#website\",\"url\":\"https:\/\/compartilhabahia.com.br\/\",\"name\":\"Compartilha Bahia\",\"description\":\"\",\"publisher\":{\"@id\":\"https:\/\/compartilhabahia.com.br\/#organization\"},\"potentialAction\":[{\"@type\":\"SearchAction\",\"target\":{\"@type\":\"EntryPoint\",\"urlTemplate\":\"https:\/\/compartilhabahia.com.br\/?s={search_term_string}\"},\"query-input\":\"required name=search_term_string\"}],\"inLanguage\":\"pt-BR\"},{\"@type\":\"Organization\",\"@id\":\"https:\/\/compartilhabahia.com.br\/#organization\",\"name\":\"Compartilha Bahia\",\"url\":\"https:\/\/compartilhabahia.com.br\/\",\"logo\":{\"@type\":\"ImageObject\",\"inLanguage\":\"pt-BR\",\"@id\":\"https:\/\/compartilhabahia.com.br\/#\/schema\/logo\/image\/\",\"url\":\"https:\/\/compartilhabahia.com.br\/wp-content\/uploads\/2023\/12\/cropped-logo.png\",\"contentUrl\":\"https:\/\/compartilhabahia.com.br\/wp-content\/uploads\/2023\/12\/cropped-logo.png\",\"width\":300,\"height\":106,\"caption\":\"Compartilha Bahia\"},\"image\":{\"@id\":\"https:\/\/compartilhabahia.com.br\/#\/schema\/logo\/image\/\"},\"sameAs\":[\"https:\/\/web.facebook.com\/compartilhabahia\",\"https:\/\/www.instagram.com\/compartilhabahia\/\"]},{\"@type\":\"Person\",\"@id\":\"https:\/\/compartilhabahia.com.br\/#\/schema\/person\/9b4f0c3178793b8248d6686732521c04\",\"name\":\"admin\",\"image\":{\"@type\":\"ImageObject\",\"inLanguage\":\"pt-BR\",\"@id\":\"https:\/\/compartilhabahia.com.br\/#\/schema\/person\/image\/\",\"url\":\"https:\/\/secure.gravatar.com\/avatar\/9600df58751c5acbe914c538c03390ef649ea088cb65f84ba09c7ce66988eed6?s=96&d=mm&r=g\",\"contentUrl\":\"https:\/\/secure.gravatar.com\/avatar\/9600df58751c5acbe914c538c03390ef649ea088cb65f84ba09c7ce66988eed6?s=96&d=mm&r=g\",\"caption\":\"admin\"},\"sameAs\":[\"https:\/\/compartilhabahia.com.br\"],\"url\":\"https:\/\/compartilhabahia.com.br\/index.php\/author\/compartilhabahia\/\"}]}<\/script>\n<!-- \/ Yoast SEO plugin. -->","yoast_head_json":{"title":"Hospital Geral de Cama\u00e7ari recebe Certifica\u00e7\u00e3o de Gest\u00e3o de Indicadores de Qualidade e Desempenho - Compartilha Bahia","robots":{"index":"index","follow":"follow","max-snippet":"max-snippet:-1","max-image-preview":"max-image-preview:large","max-video-preview":"max-video-preview:-1"},"canonical":"https:\/\/compartilhabahia.com.br\/index.php\/2025\/08\/05\/hospital-geral-de-camacari-recebe-certificacao-de-gestao-de-indicadores-de-qualidade-e-desempenho\/","og_locale":"pt_BR","og_type":"article","og_title":"Hospital Geral de Cama\u00e7ari recebe Certifica\u00e7\u00e3o de Gest\u00e3o de Indicadores de Qualidade e Desempenho - Compartilha Bahia","og_description":"O Hospital Geral de Cama\u00e7ari (HGC) conquistou mais um reconhecimento de excel\u00eancia: a certifica\u00e7\u00e3o de Gest\u00e3o de Indicadores de Qualidade e Desempenho, concedida pela Associa\u00e7\u00e3o de Medicina Intensiva Brasileira (AMIB). O selo atesta que a unidade realiza o monitoramento e a gest\u00e3o de seus indicadores conforme os crit\u00e9rios da Resolu\u00e7\u00e3o da Diretoria Colegiada (RDC) n\u00ba [&hellip;]","og_url":"https:\/\/compartilhabahia.com.br\/index.php\/2025\/08\/05\/hospital-geral-de-camacari-recebe-certificacao-de-gestao-de-indicadores-de-qualidade-e-desempenho\/","og_site_name":"Compartilha Bahia","article_publisher":"https:\/\/web.facebook.com\/compartilhabahia","article_published_time":"2025-08-05T16:08:07+00:00","article_modified_time":"2025-08-05T16:16:41+00:00","og_image":[{"width":896,"height":715,"url":"https:\/\/compartilhabahia.com.br\/wp-content\/uploads\/2025\/08\/drthais.jpg","type":"image\/jpeg"}],"author":"admin","twitter_card":"summary_large_image","twitter_misc":{"Escrito por":"admin","Est. tempo de leitura":"3 minutos"},"schema":{"@context":"https:\/\/schema.org","@graph":[{"@type":"Article","@id":"https:\/\/compartilhabahia.com.br\/index.php\/2025\/08\/05\/hospital-geral-de-camacari-recebe-certificacao-de-gestao-de-indicadores-de-qualidade-e-desempenho\/#article","isPartOf":{"@id":"https:\/\/compartilhabahia.com.br\/index.php\/2025\/08\/05\/hospital-geral-de-camacari-recebe-certificacao-de-gestao-de-indicadores-de-qualidade-e-desempenho\/"},"author":{"name":"admin","@id":"https:\/\/compartilhabahia.com.br\/#\/schema\/person\/9b4f0c3178793b8248d6686732521c04"},"headline":"Hospital Geral de Cama\u00e7ari recebe Certifica\u00e7\u00e3o de Gest\u00e3o de Indicadores de Qualidade e Desempenho","datePublished":"2025-08-05T16:08:07+00:00","dateModified":"2025-08-05T16:16:41+00:00","mainEntityOfPage":{"@id":"https:\/\/compartilhabahia.com.br\/index.php\/2025\/08\/05\/hospital-geral-de-camacari-recebe-certificacao-de-gestao-de-indicadores-de-qualidade-e-desempenho\/"},"wordCount":550,"commentCount":0,"publisher":{"@id":"https:\/\/compartilhabahia.com.br\/#organization"},"articleSection":["Cama\u00e7ari"],"inLanguage":"pt-BR","potentialAction":[{"@type":"CommentAction","name":"Comment","target":["https:\/\/compartilhabahia.com.br\/index.php\/2025\/08\/05\/hospital-geral-de-camacari-recebe-certificacao-de-gestao-de-indicadores-de-qualidade-e-desempenho\/#respond"]}]},{"@type":"WebPage","@id":"https:\/\/compartilhabahia.com.br\/index.php\/2025\/08\/05\/hospital-geral-de-camacari-recebe-certificacao-de-gestao-de-indicadores-de-qualidade-e-desempenho\/","url":"https:\/\/compartilhabahia.com.br\/index.php\/2025\/08\/05\/hospital-geral-de-camacari-recebe-certificacao-de-gestao-de-indicadores-de-qualidade-e-desempenho\/","name":"Hospital Geral de Cama\u00e7ari recebe Certifica\u00e7\u00e3o de Gest\u00e3o de Indicadores de Qualidade e Desempenho - Compartilha Bahia","isPartOf":{"@id":"https:\/\/compartilhabahia.com.br\/#website"},"datePublished":"2025-08-05T16:08:07+00:00","dateModified":"2025-08-05T16:16:41+00:00","breadcrumb":{"@id":"https:\/\/compartilhabahia.com.br\/index.php\/2025\/08\/05\/hospital-geral-de-camacari-recebe-certificacao-de-gestao-de-indicadores-de-qualidade-e-desempenho\/#breadcrumb"},"inLanguage":"pt-BR","potentialAction":[{"@type":"ReadAction","target":["https:\/\/compartilhabahia.com.br\/index.php\/2025\/08\/05\/hospital-geral-de-camacari-recebe-certificacao-de-gestao-de-indicadores-de-qualidade-e-desempenho\/"]}]},{"@type":"BreadcrumbList","@id":"https:\/\/compartilhabahia.com.br\/index.php\/2025\/08\/05\/hospital-geral-de-camacari-recebe-certificacao-de-gestao-de-indicadores-de-qualidade-e-desempenho\/#breadcrumb","itemListElement":[{"@type":"ListItem","position":1,"name":"In\u00edcio","item":"https:\/\/compartilhabahia.com.br\/"},{"@type":"ListItem","position":2,"name":"Hospital Geral de Cama\u00e7ari recebe Certifica\u00e7\u00e3o de Gest\u00e3o de Indicadores de Qualidade e Desempenho"}]},{"@type":"WebSite","@id":"https:\/\/compartilhabahia.com.br\/#website","url":"https:\/\/compartilhabahia.com.br\/","name":"Compartilha Bahia","description":"","publisher":{"@id":"https:\/\/compartilhabahia.com.br\/#organization"},"potentialAction":[{"@type":"SearchAction","target":{"@type":"EntryPoint","urlTemplate":"https:\/\/compartilhabahia.com.br\/?s={search_term_string}"},"query-input":"required name=search_term_string"}],"inLanguage":"pt-BR"},{"@type":"Organization","@id":"https:\/\/compartilhabahia.com.br\/#organization","name":"Compartilha Bahia","url":"https:\/\/compartilhabahia.com.br\/","logo":{"@type":"ImageObject","inLanguage":"pt-BR","@id":"https:\/\/compartilhabahia.com.br\/#\/schema\/logo\/image\/","url":"https:\/\/compartilhabahia.com.br\/wp-content\/uploads\/2023\/12\/cropped-logo.png","contentUrl":"https:\/\/compartilhabahia.com.br\/wp-content\/uploads\/2023\/12\/cropped-logo.png","width":300,"height":106,"caption":"Compartilha Bahia"},"image":{"@id":"https:\/\/compartilhabahia.com.br\/#\/schema\/logo\/image\/"},"sameAs":["https:\/\/web.facebook.com\/compartilhabahia","https:\/\/www.instagram.com\/compartilhabahia\/"]},{"@type":"Person","@id":"https:\/\/compartilhabahia.com.br\/#\/schema\/person\/9b4f0c3178793b8248d6686732521c04","name":"admin","image":{"@type":"ImageObject","inLanguage":"pt-BR","@id":"https:\/\/compartilhabahia.com.br\/#\/schema\/person\/image\/","url":"https:\/\/secure.gravatar.com\/avatar\/9600df58751c5acbe914c538c03390ef649ea088cb65f84ba09c7ce66988eed6?s=96&d=mm&r=g","contentUrl":"https:\/\/secure.gravatar.com\/avatar\/9600df58751c5acbe914c538c03390ef649ea088cb65f84ba09c7ce66988eed6?s=96&d=mm&r=g","caption":"admin"},"sameAs":["https:\/\/compartilhabahia.com.br"],"url":"https:\/\/compartilhabahia.com.br\/index.php\/author\/compartilhabahia\/"}]}},"_links":{"self":[{"href":"https:\/\/compartilhabahia.com.br\/index.php\/wp-json\/wp\/v2\/posts\/7466","targetHints":{"allow":["GET"]}}],"collection":[{"href":"https:\/\/compartilhabahia.com.br\/index.php\/wp-json\/wp\/v2\/posts"}],"about":[{"href":"https:\/\/compartilhabahia.com.br\/index.php\/wp-json\/wp\/v2\/types\/post"}],"author":[{"embeddable":true,"href":"https:\/\/compartilhabahia.com.br\/index.php\/wp-json\/wp\/v2\/users\/1"}],"replies":[{"embeddable":true,"href":"https:\/\/compartilhabahia.com.br\/index.php\/wp-json\/wp\/v2\/comments?post=7466"}],"version-history":[{"count":1,"href":"https:\/\/compartilhabahia.com.br\/index.php\/wp-json\/wp\/v2\/posts\/7466\/revisions"}],"predecessor-version":[{"id":7469,"href":"https:\/\/compartilhabahia.com.br\/index.php\/wp-json\/wp\/v2\/posts\/7466\/revisions\/7469"}],"wp:featuredmedia":[{"embeddable":true,"href":"https:\/\/compartilhabahia.com.br\/index.php\/wp-json\/wp\/v2\/media\/7467"}],"wp:attachment":[{"href":"https:\/\/compartilhabahia.com.br\/index.php\/wp-json\/wp\/v2\/media?parent=7466"}],"wp:term":[{"taxonomy":"category","embeddable":true,"href":"https:\/\/compartilhabahia.com.br\/index.php\/wp-json\/wp\/v2\/categories?post=7466"},{"taxonomy":"post_tag","embeddable":true,"href":"https:\/\/compartilhabahia.com.br\/index.php\/wp-json\/wp\/v2\/tags?post=7466"}],"curies":[{"name":"wp","href":"https:\/\/api.w.org\/{rel}","templated":true}]}}