{"id":7461,"date":"2025-08-05T00:11:47","date_gmt":"2025-08-05T03:11:47","guid":{"rendered":"https:\/\/compartilhabahia.com.br\/?p=7461"},"modified":"2025-08-05T00:14:19","modified_gmt":"2025-08-05T03:14:19","slug":"cristaos-cobram-acao-da-prefeitura-contra-poluicao-sonora-com-musicas-pornograficas","status":"publish","type":"post","link":"https:\/\/compartilhabahia.com.br\/index.php\/2025\/08\/05\/cristaos-cobram-acao-da-prefeitura-contra-poluicao-sonora-com-musicas-pornograficas\/","title":{"rendered":"Crist\u00e3os cobram a\u00e7\u00e3o da prefeitura contra polui\u00e7\u00e3o das musicas pornogr\u00e1ficas"},"content":{"rendered":"\n<p>&#8220;O que \u00e9 ruim sempre pode piorar&#8221;, diz um ditado popular. E assim esta sendo com a polui\u00e7\u00e3o sonora que consome a paz de Cama\u00e7ari (BA), praticamente em todos os dias. Na cidade al\u00e9m dos sons potentes em carros e pared\u00f5es, que j\u00e1 n\u00e3o deixava ningu\u00e9m dormir ou ter um dia de paz, agora a trilha sonora vem com letras contendo pornografia explicita.<\/p>\n\n\n\n<p>Algumas fam\u00edlias de evang\u00e9licos, que procuraram a nossa reda\u00e7\u00e3o, disseram que na \u00e9poca da elei\u00e7\u00e3o de 2024, a comunidade crist\u00e3 foi bastante procurada pelos candidatos, e que agora \u00e9 preciso que a prefeitura fa\u00e7a valer esse interesse pelas Igrejas, ordenando a cidade, para que esse abuso de baixo n\u00edvel, que est\u00e1 acontecendo, chegue ao fim. <\/p>\n\n\n\n<p>Veja o que diz uma importante lideran\u00e7a da cidade de Cama\u00e7ari, nesta segunda-feira (4):<\/p>\n\n\n\n<p>&#8220;O som que fere: quando a f\u00e9 \u00e9 abafada pela polui\u00e7\u00e3o moral das ruas&#8221;<br>Por Estelita Cristo<br>Estamos em pleno s\u00e9culo XXI, mas o que se ouve pelas ruas de Cama\u00e7ari muitas vezes parece vir do abismo. N\u00e3o se trata apenas do volume estrondoso dos carros de som e dos pared\u00f5es. O que realmente ensurdece \u2014 e entristece \u2014 s\u00e3o as letras carregadas de pornografia, de apologia \u00e0 promiscuidade, \u00e0 viol\u00eancia e \u00e0 banaliza\u00e7\u00e3o do corpo e da alma. Para alguns, isso \u00e9 divers\u00e3o. Para outros, \u00e9 tortura sonora, um ataque di\u00e1rio \u00e0 moral, \u00e0 f\u00e9 e \u00e0 tentativa corajosa de criar filhos com valores.<br>Como explicar para uma crian\u00e7a que aquela m\u00fasica que invade a janela da sala n\u00e3o \u00e9 algo que ela deva repetir? Como sustentar princ\u00edpios crist\u00e3os dentro de casa, quando a rua escancara pervers\u00f5es em alto-falantes? Que tipo de liberdade \u00e9 essa que esmaga a dignidade dos que ainda acreditam que fam\u00edlia \u00e9 lugar sagrado?<br>E justamente nesses tempos de elei\u00e7\u00e3o, muitos pol\u00edticos correm para as igrejas. Os crist\u00e3os viram &#8220;voto de ouro&#8221;, &#8220;base de valores&#8221;, &#8220;estrat\u00e9gia eleitoral&#8221;. Mas quando a \u00faltima urna \u00e9 fechada, onde est\u00e3o os compromissos? Onde est\u00e1 o respeito por aqueles que sustentam com ora\u00e7\u00e3o, trabalho e f\u00e9 o tecido moral de nossas comunidades? O espa\u00e7o p\u00fablico virou palco de vulgaridade \u2014 e o sil\u00eancio do poder p\u00fablico \u00e9 ensurdecedor.<br>A pergunta \u00e9 inevit\u00e1vel: e se houvesse de fato crist\u00e3os no poder \u2014 n\u00e3o apenas de nome, mas de conduta? Homens e mulheres que n\u00e3o apenas ocupassem cargos, mas que ouvissem o clamor do povo de Deus? Que erguessem projetos, debates, legisla\u00e7\u00f5es que protejam a inf\u00e2ncia, a fam\u00edlia, os valores?<br>N\u00e3o se trata de impor religi\u00e3o. Trata-se de garantir respeito. \u00c9 dever do Estado limitar o que atinge a todos. A pornografia sonora n\u00e3o pode mais ser tratada como normal. Ela fere. E o que fere a moral, tamb\u00e9m fere a cidade. Uma gest\u00e3o comprometida com os crist\u00e3os n\u00e3o apenas apareceria em cultos e missas \u2014 ela sentaria com pastores, padres, l\u00edderes e fam\u00edlias para construir solu\u00e7\u00f5es. Mas, por enquanto, seguimos\u2026 ao som de batidas cru\u00e9is disfar\u00e7adas de cultura.<br>E se h\u00e1 tantos crist\u00e3os na pol\u00edtica, a pergunta que ecoa como um trov\u00e3o \u00e9: cad\u00ea os frutos?<br>&#8220;Clama em alta voz, n\u00e3o te detenhas, levanta a tua voz como a trombeta, e anuncia ao meu povo a sua transgress\u00e3o&#8221; (Isa\u00edas 58:1)<br>E como diz o c\u00e2ntico 400 do hin\u00e1rio da CCB:<br>&#8220;Oh, se eu pudesse ao mundo mostrar, o bem que \u00e9 servir a Jesus!<br>Que gozo eterno no c\u00e9u desfrutar, que b\u00ean\u00e7\u00e3o na bendita luz!&#8221;<br>O povo crist\u00e3o n\u00e3o \u00e9 massa de manobra. \u00c9 coluna da sociedade. E a f\u00e9, quando \u00e9 verdadeira, n\u00e3o se cala. Clama. Age. Constr\u00f3i. Exige respeito. E transforma.<br>\u2014 Estelita Cristo<\/p>\n","protected":false},"excerpt":{"rendered":"<p>&#8220;O que \u00e9 ruim sempre pode piorar&#8221;, diz um ditado popular. E assim esta sendo com a polui\u00e7\u00e3o sonora que consome a paz de Cama\u00e7ari (BA), praticamente em todos os dias. Na cidade al\u00e9m dos sons potentes em carros e pared\u00f5es, que j\u00e1 n\u00e3o deixava ningu\u00e9m dormir ou ter um dia de paz, agora a [&hellip;]<\/p>\n","protected":false},"author":1,"featured_media":7462,"comment_status":"open","ping_status":"open","sticky":false,"template":"","format":"standard","meta":{"footnotes":""},"categories":[8],"tags":[],"class_list":["post-7461","post","type-post","status-publish","format-standard","has-post-thumbnail","hentry","category-camacari"],"yoast_head":"<!-- This site is optimized with the Yoast SEO plugin v21.7 - https:\/\/yoast.com\/wordpress\/plugins\/seo\/ -->\n<title>Crist\u00e3os cobram a\u00e7\u00e3o da prefeitura contra polui\u00e7\u00e3o das musicas pornogr\u00e1ficas - Compartilha Bahia<\/title>\n<meta name=\"robots\" content=\"index, follow, max-snippet:-1, max-image-preview:large, max-video-preview:-1\" \/>\n<link rel=\"canonical\" href=\"https:\/\/compartilhabahia.com.br\/index.php\/2025\/08\/05\/cristaos-cobram-acao-da-prefeitura-contra-poluicao-sonora-com-musicas-pornograficas\/\" \/>\n<meta property=\"og:locale\" content=\"pt_BR\" \/>\n<meta property=\"og:type\" content=\"article\" \/>\n<meta property=\"og:title\" content=\"Crist\u00e3os cobram a\u00e7\u00e3o da prefeitura contra polui\u00e7\u00e3o das musicas pornogr\u00e1ficas - Compartilha Bahia\" \/>\n<meta property=\"og:description\" content=\"&#8220;O que \u00e9 ruim sempre pode piorar&#8221;, diz um ditado popular. E assim esta sendo com a polui\u00e7\u00e3o sonora que consome a paz de Cama\u00e7ari (BA), praticamente em todos os dias. Na cidade al\u00e9m dos sons potentes em carros e pared\u00f5es, que j\u00e1 n\u00e3o deixava ningu\u00e9m dormir ou ter um dia de paz, agora a [&hellip;]\" \/>\n<meta property=\"og:url\" content=\"https:\/\/compartilhabahia.com.br\/index.php\/2025\/08\/05\/cristaos-cobram-acao-da-prefeitura-contra-poluicao-sonora-com-musicas-pornograficas\/\" \/>\n<meta property=\"og:site_name\" content=\"Compartilha Bahia\" \/>\n<meta property=\"article:publisher\" content=\"https:\/\/web.facebook.com\/compartilhabahia\" \/>\n<meta property=\"article:published_time\" content=\"2025-08-05T03:11:47+00:00\" \/>\n<meta property=\"article:modified_time\" content=\"2025-08-05T03:14:19+00:00\" \/>\n<meta property=\"og:image\" content=\"https:\/\/compartilhabahia.com.br\/wp-content\/uploads\/2025\/08\/1368055-evangelicos.jpg\" \/>\n\t<meta property=\"og:image:width\" content=\"720\" \/>\n\t<meta property=\"og:image:height\" content=\"360\" \/>\n\t<meta property=\"og:image:type\" content=\"image\/jpeg\" \/>\n<meta name=\"author\" content=\"admin\" \/>\n<meta name=\"twitter:card\" content=\"summary_large_image\" \/>\n<meta name=\"twitter:label1\" content=\"Escrito por\" \/>\n\t<meta name=\"twitter:data1\" content=\"admin\" \/>\n\t<meta name=\"twitter:label2\" content=\"Est. tempo de leitura\" \/>\n\t<meta name=\"twitter:data2\" content=\"4 minutos\" \/>\n<script type=\"application\/ld+json\" class=\"yoast-schema-graph\">{\"@context\":\"https:\/\/schema.org\",\"@graph\":[{\"@type\":\"Article\",\"@id\":\"https:\/\/compartilhabahia.com.br\/index.php\/2025\/08\/05\/cristaos-cobram-acao-da-prefeitura-contra-poluicao-sonora-com-musicas-pornograficas\/#article\",\"isPartOf\":{\"@id\":\"https:\/\/compartilhabahia.com.br\/index.php\/2025\/08\/05\/cristaos-cobram-acao-da-prefeitura-contra-poluicao-sonora-com-musicas-pornograficas\/\"},\"author\":{\"name\":\"admin\",\"@id\":\"https:\/\/compartilhabahia.com.br\/#\/schema\/person\/9b4f0c3178793b8248d6686732521c04\"},\"headline\":\"Crist\u00e3os cobram a\u00e7\u00e3o da prefeitura contra polui\u00e7\u00e3o das musicas pornogr\u00e1ficas\",\"datePublished\":\"2025-08-05T03:11:47+00:00\",\"dateModified\":\"2025-08-05T03:14:19+00:00\",\"mainEntityOfPage\":{\"@id\":\"https:\/\/compartilhabahia.com.br\/index.php\/2025\/08\/05\/cristaos-cobram-acao-da-prefeitura-contra-poluicao-sonora-com-musicas-pornograficas\/\"},\"wordCount\":652,\"commentCount\":0,\"publisher\":{\"@id\":\"https:\/\/compartilhabahia.com.br\/#organization\"},\"articleSection\":[\"Cama\u00e7ari\"],\"inLanguage\":\"pt-BR\",\"potentialAction\":[{\"@type\":\"CommentAction\",\"name\":\"Comment\",\"target\":[\"https:\/\/compartilhabahia.com.br\/index.php\/2025\/08\/05\/cristaos-cobram-acao-da-prefeitura-contra-poluicao-sonora-com-musicas-pornograficas\/#respond\"]}]},{\"@type\":\"WebPage\",\"@id\":\"https:\/\/compartilhabahia.com.br\/index.php\/2025\/08\/05\/cristaos-cobram-acao-da-prefeitura-contra-poluicao-sonora-com-musicas-pornograficas\/\",\"url\":\"https:\/\/compartilhabahia.com.br\/index.php\/2025\/08\/05\/cristaos-cobram-acao-da-prefeitura-contra-poluicao-sonora-com-musicas-pornograficas\/\",\"name\":\"Crist\u00e3os cobram a\u00e7\u00e3o da prefeitura contra polui\u00e7\u00e3o das musicas pornogr\u00e1ficas - Compartilha Bahia\",\"isPartOf\":{\"@id\":\"https:\/\/compartilhabahia.com.br\/#website\"},\"datePublished\":\"2025-08-05T03:11:47+00:00\",\"dateModified\":\"2025-08-05T03:14:19+00:00\",\"breadcrumb\":{\"@id\":\"https:\/\/compartilhabahia.com.br\/index.php\/2025\/08\/05\/cristaos-cobram-acao-da-prefeitura-contra-poluicao-sonora-com-musicas-pornograficas\/#breadcrumb\"},\"inLanguage\":\"pt-BR\",\"potentialAction\":[{\"@type\":\"ReadAction\",\"target\":[\"https:\/\/compartilhabahia.com.br\/index.php\/2025\/08\/05\/cristaos-cobram-acao-da-prefeitura-contra-poluicao-sonora-com-musicas-pornograficas\/\"]}]},{\"@type\":\"BreadcrumbList\",\"@id\":\"https:\/\/compartilhabahia.com.br\/index.php\/2025\/08\/05\/cristaos-cobram-acao-da-prefeitura-contra-poluicao-sonora-com-musicas-pornograficas\/#breadcrumb\",\"itemListElement\":[{\"@type\":\"ListItem\",\"position\":1,\"name\":\"In\u00edcio\",\"item\":\"https:\/\/compartilhabahia.com.br\/\"},{\"@type\":\"ListItem\",\"position\":2,\"name\":\"Crist\u00e3os cobram a\u00e7\u00e3o da prefeitura contra polui\u00e7\u00e3o das musicas pornogr\u00e1ficas\"}]},{\"@type\":\"WebSite\",\"@id\":\"https:\/\/compartilhabahia.com.br\/#website\",\"url\":\"https:\/\/compartilhabahia.com.br\/\",\"name\":\"Compartilha Bahia\",\"description\":\"\",\"publisher\":{\"@id\":\"https:\/\/compartilhabahia.com.br\/#organization\"},\"potentialAction\":[{\"@type\":\"SearchAction\",\"target\":{\"@type\":\"EntryPoint\",\"urlTemplate\":\"https:\/\/compartilhabahia.com.br\/?s={search_term_string}\"},\"query-input\":\"required name=search_term_string\"}],\"inLanguage\":\"pt-BR\"},{\"@type\":\"Organization\",\"@id\":\"https:\/\/compartilhabahia.com.br\/#organization\",\"name\":\"Compartilha Bahia\",\"url\":\"https:\/\/compartilhabahia.com.br\/\",\"logo\":{\"@type\":\"ImageObject\",\"inLanguage\":\"pt-BR\",\"@id\":\"https:\/\/compartilhabahia.com.br\/#\/schema\/logo\/image\/\",\"url\":\"https:\/\/compartilhabahia.com.br\/wp-content\/uploads\/2023\/12\/cropped-logo.png\",\"contentUrl\":\"https:\/\/compartilhabahia.com.br\/wp-content\/uploads\/2023\/12\/cropped-logo.png\",\"width\":300,\"height\":106,\"caption\":\"Compartilha Bahia\"},\"image\":{\"@id\":\"https:\/\/compartilhabahia.com.br\/#\/schema\/logo\/image\/\"},\"sameAs\":[\"https:\/\/web.facebook.com\/compartilhabahia\",\"https:\/\/www.instagram.com\/compartilhabahia\/\"]},{\"@type\":\"Person\",\"@id\":\"https:\/\/compartilhabahia.com.br\/#\/schema\/person\/9b4f0c3178793b8248d6686732521c04\",\"name\":\"admin\",\"image\":{\"@type\":\"ImageObject\",\"inLanguage\":\"pt-BR\",\"@id\":\"https:\/\/compartilhabahia.com.br\/#\/schema\/person\/image\/\",\"url\":\"https:\/\/secure.gravatar.com\/avatar\/9600df58751c5acbe914c538c03390ef649ea088cb65f84ba09c7ce66988eed6?s=96&d=mm&r=g\",\"contentUrl\":\"https:\/\/secure.gravatar.com\/avatar\/9600df58751c5acbe914c538c03390ef649ea088cb65f84ba09c7ce66988eed6?s=96&d=mm&r=g\",\"caption\":\"admin\"},\"sameAs\":[\"https:\/\/compartilhabahia.com.br\"],\"url\":\"https:\/\/compartilhabahia.com.br\/index.php\/author\/compartilhabahia\/\"}]}<\/script>\n<!-- \/ Yoast SEO plugin. -->","yoast_head_json":{"title":"Crist\u00e3os cobram a\u00e7\u00e3o da prefeitura contra polui\u00e7\u00e3o das musicas pornogr\u00e1ficas - Compartilha Bahia","robots":{"index":"index","follow":"follow","max-snippet":"max-snippet:-1","max-image-preview":"max-image-preview:large","max-video-preview":"max-video-preview:-1"},"canonical":"https:\/\/compartilhabahia.com.br\/index.php\/2025\/08\/05\/cristaos-cobram-acao-da-prefeitura-contra-poluicao-sonora-com-musicas-pornograficas\/","og_locale":"pt_BR","og_type":"article","og_title":"Crist\u00e3os cobram a\u00e7\u00e3o da prefeitura contra polui\u00e7\u00e3o das musicas pornogr\u00e1ficas - Compartilha Bahia","og_description":"&#8220;O que \u00e9 ruim sempre pode piorar&#8221;, diz um ditado popular. E assim esta sendo com a polui\u00e7\u00e3o sonora que consome a paz de Cama\u00e7ari (BA), praticamente em todos os dias. Na cidade al\u00e9m dos sons potentes em carros e pared\u00f5es, que j\u00e1 n\u00e3o deixava ningu\u00e9m dormir ou ter um dia de paz, agora a [&hellip;]","og_url":"https:\/\/compartilhabahia.com.br\/index.php\/2025\/08\/05\/cristaos-cobram-acao-da-prefeitura-contra-poluicao-sonora-com-musicas-pornograficas\/","og_site_name":"Compartilha Bahia","article_publisher":"https:\/\/web.facebook.com\/compartilhabahia","article_published_time":"2025-08-05T03:11:47+00:00","article_modified_time":"2025-08-05T03:14:19+00:00","og_image":[{"width":720,"height":360,"url":"https:\/\/compartilhabahia.com.br\/wp-content\/uploads\/2025\/08\/1368055-evangelicos.jpg","type":"image\/jpeg"}],"author":"admin","twitter_card":"summary_large_image","twitter_misc":{"Escrito por":"admin","Est. tempo de leitura":"4 minutos"},"schema":{"@context":"https:\/\/schema.org","@graph":[{"@type":"Article","@id":"https:\/\/compartilhabahia.com.br\/index.php\/2025\/08\/05\/cristaos-cobram-acao-da-prefeitura-contra-poluicao-sonora-com-musicas-pornograficas\/#article","isPartOf":{"@id":"https:\/\/compartilhabahia.com.br\/index.php\/2025\/08\/05\/cristaos-cobram-acao-da-prefeitura-contra-poluicao-sonora-com-musicas-pornograficas\/"},"author":{"name":"admin","@id":"https:\/\/compartilhabahia.com.br\/#\/schema\/person\/9b4f0c3178793b8248d6686732521c04"},"headline":"Crist\u00e3os cobram a\u00e7\u00e3o da prefeitura contra polui\u00e7\u00e3o das musicas pornogr\u00e1ficas","datePublished":"2025-08-05T03:11:47+00:00","dateModified":"2025-08-05T03:14:19+00:00","mainEntityOfPage":{"@id":"https:\/\/compartilhabahia.com.br\/index.php\/2025\/08\/05\/cristaos-cobram-acao-da-prefeitura-contra-poluicao-sonora-com-musicas-pornograficas\/"},"wordCount":652,"commentCount":0,"publisher":{"@id":"https:\/\/compartilhabahia.com.br\/#organization"},"articleSection":["Cama\u00e7ari"],"inLanguage":"pt-BR","potentialAction":[{"@type":"CommentAction","name":"Comment","target":["https:\/\/compartilhabahia.com.br\/index.php\/2025\/08\/05\/cristaos-cobram-acao-da-prefeitura-contra-poluicao-sonora-com-musicas-pornograficas\/#respond"]}]},{"@type":"WebPage","@id":"https:\/\/compartilhabahia.com.br\/index.php\/2025\/08\/05\/cristaos-cobram-acao-da-prefeitura-contra-poluicao-sonora-com-musicas-pornograficas\/","url":"https:\/\/compartilhabahia.com.br\/index.php\/2025\/08\/05\/cristaos-cobram-acao-da-prefeitura-contra-poluicao-sonora-com-musicas-pornograficas\/","name":"Crist\u00e3os cobram a\u00e7\u00e3o da prefeitura contra polui\u00e7\u00e3o das musicas pornogr\u00e1ficas - Compartilha Bahia","isPartOf":{"@id":"https:\/\/compartilhabahia.com.br\/#website"},"datePublished":"2025-08-05T03:11:47+00:00","dateModified":"2025-08-05T03:14:19+00:00","breadcrumb":{"@id":"https:\/\/compartilhabahia.com.br\/index.php\/2025\/08\/05\/cristaos-cobram-acao-da-prefeitura-contra-poluicao-sonora-com-musicas-pornograficas\/#breadcrumb"},"inLanguage":"pt-BR","potentialAction":[{"@type":"ReadAction","target":["https:\/\/compartilhabahia.com.br\/index.php\/2025\/08\/05\/cristaos-cobram-acao-da-prefeitura-contra-poluicao-sonora-com-musicas-pornograficas\/"]}]},{"@type":"BreadcrumbList","@id":"https:\/\/compartilhabahia.com.br\/index.php\/2025\/08\/05\/cristaos-cobram-acao-da-prefeitura-contra-poluicao-sonora-com-musicas-pornograficas\/#breadcrumb","itemListElement":[{"@type":"ListItem","position":1,"name":"In\u00edcio","item":"https:\/\/compartilhabahia.com.br\/"},{"@type":"ListItem","position":2,"name":"Crist\u00e3os cobram a\u00e7\u00e3o da prefeitura contra polui\u00e7\u00e3o das musicas pornogr\u00e1ficas"}]},{"@type":"WebSite","@id":"https:\/\/compartilhabahia.com.br\/#website","url":"https:\/\/compartilhabahia.com.br\/","name":"Compartilha Bahia","description":"","publisher":{"@id":"https:\/\/compartilhabahia.com.br\/#organization"},"potentialAction":[{"@type":"SearchAction","target":{"@type":"EntryPoint","urlTemplate":"https:\/\/compartilhabahia.com.br\/?s={search_term_string}"},"query-input":"required name=search_term_string"}],"inLanguage":"pt-BR"},{"@type":"Organization","@id":"https:\/\/compartilhabahia.com.br\/#organization","name":"Compartilha Bahia","url":"https:\/\/compartilhabahia.com.br\/","logo":{"@type":"ImageObject","inLanguage":"pt-BR","@id":"https:\/\/compartilhabahia.com.br\/#\/schema\/logo\/image\/","url":"https:\/\/compartilhabahia.com.br\/wp-content\/uploads\/2023\/12\/cropped-logo.png","contentUrl":"https:\/\/compartilhabahia.com.br\/wp-content\/uploads\/2023\/12\/cropped-logo.png","width":300,"height":106,"caption":"Compartilha Bahia"},"image":{"@id":"https:\/\/compartilhabahia.com.br\/#\/schema\/logo\/image\/"},"sameAs":["https:\/\/web.facebook.com\/compartilhabahia","https:\/\/www.instagram.com\/compartilhabahia\/"]},{"@type":"Person","@id":"https:\/\/compartilhabahia.com.br\/#\/schema\/person\/9b4f0c3178793b8248d6686732521c04","name":"admin","image":{"@type":"ImageObject","inLanguage":"pt-BR","@id":"https:\/\/compartilhabahia.com.br\/#\/schema\/person\/image\/","url":"https:\/\/secure.gravatar.com\/avatar\/9600df58751c5acbe914c538c03390ef649ea088cb65f84ba09c7ce66988eed6?s=96&d=mm&r=g","contentUrl":"https:\/\/secure.gravatar.com\/avatar\/9600df58751c5acbe914c538c03390ef649ea088cb65f84ba09c7ce66988eed6?s=96&d=mm&r=g","caption":"admin"},"sameAs":["https:\/\/compartilhabahia.com.br"],"url":"https:\/\/compartilhabahia.com.br\/index.php\/author\/compartilhabahia\/"}]}},"_links":{"self":[{"href":"https:\/\/compartilhabahia.com.br\/index.php\/wp-json\/wp\/v2\/posts\/7461","targetHints":{"allow":["GET"]}}],"collection":[{"href":"https:\/\/compartilhabahia.com.br\/index.php\/wp-json\/wp\/v2\/posts"}],"about":[{"href":"https:\/\/compartilhabahia.com.br\/index.php\/wp-json\/wp\/v2\/types\/post"}],"author":[{"embeddable":true,"href":"https:\/\/compartilhabahia.com.br\/index.php\/wp-json\/wp\/v2\/users\/1"}],"replies":[{"embeddable":true,"href":"https:\/\/compartilhabahia.com.br\/index.php\/wp-json\/wp\/v2\/comments?post=7461"}],"version-history":[{"count":2,"href":"https:\/\/compartilhabahia.com.br\/index.php\/wp-json\/wp\/v2\/posts\/7461\/revisions"}],"predecessor-version":[{"id":7465,"href":"https:\/\/compartilhabahia.com.br\/index.php\/wp-json\/wp\/v2\/posts\/7461\/revisions\/7465"}],"wp:featuredmedia":[{"embeddable":true,"href":"https:\/\/compartilhabahia.com.br\/index.php\/wp-json\/wp\/v2\/media\/7462"}],"wp:attachment":[{"href":"https:\/\/compartilhabahia.com.br\/index.php\/wp-json\/wp\/v2\/media?parent=7461"}],"wp:term":[{"taxonomy":"category","embeddable":true,"href":"https:\/\/compartilhabahia.com.br\/index.php\/wp-json\/wp\/v2\/categories?post=7461"},{"taxonomy":"post_tag","embeddable":true,"href":"https:\/\/compartilhabahia.com.br\/index.php\/wp-json\/wp\/v2\/tags?post=7461"}],"curies":[{"name":"wp","href":"https:\/\/api.w.org\/{rel}","templated":true}]}}