{"id":7453,"date":"2025-08-04T10:19:24","date_gmt":"2025-08-04T13:19:24","guid":{"rendered":"https:\/\/compartilhabahia.com.br\/?p=7453"},"modified":"2025-08-04T10:19:27","modified_gmt":"2025-08-04T13:19:27","slug":"tagner-assume-vaga-no-diretorio-nacional-do-pt-e-fortalece-atuacao-no-partido","status":"publish","type":"post","link":"https:\/\/compartilhabahia.com.br\/index.php\/2025\/08\/04\/tagner-assume-vaga-no-diretorio-nacional-do-pt-e-fortalece-atuacao-no-partido\/","title":{"rendered":"Tagner assume vaga no Diret\u00f3rio Nacional do PT e fortalece atua\u00e7\u00e3o no partido"},"content":{"rendered":"\n<p>O vereador de Cama\u00e7ari, Tagner Cerqueira (PT), l\u00edder do governo na C\u00e2mara Municipal, foi oficialmente empossado como membro do Diret\u00f3rio Nacional do PT durante o 17\u00ba Encontro Nacional do Partido dos Trabalhadores, em Bras\u00edlia. Parlamentar que se destacou nos \u00faltimos anos como vereador, agora est\u00e1 entre os oito nomes escolhidos para fazer parte da diretoria nacional.<\/p>\n\n\n\n<p>\u201cAssumo mais um desafio da nossa vida pol\u00edtica e agrade\u00e7o a confian\u00e7a desse grupo pol\u00edtico, do governo do PT, sobre a lideran\u00e7a de Rom\u00eanio [Rom\u00eanio Pereira], do nosso prefeito Caetano e da deputada Ivoneide. \u00c9 Cama\u00e7ari de novo representando o PT da Bahia, no Brasil. Estamos juntos, e vamos para a tarefa principal que \u00e9 reeleger o presidente Lula\u201d , disse Tagner.<\/p>\n\n\n\n<p>Diversos nomes do PT participaram do encontro, realizado em Bras\u00edlia entre os dias 1\u00ba e 3 de agosto. Entre os nomes, o presidente Lu\u00eds In\u00e1cio Lula da Silva e a primeira-dama Janja marcaram presen\u00e7a no encontro.<\/p>\n","protected":false},"excerpt":{"rendered":"<p>O vereador de Cama\u00e7ari, Tagner Cerqueira (PT), l\u00edder do governo na C\u00e2mara Municipal, foi oficialmente empossado como membro do Diret\u00f3rio Nacional do PT durante o 17\u00ba Encontro Nacional do Partido dos Trabalhadores, em Bras\u00edlia. Parlamentar que se destacou nos \u00faltimos anos como vereador, agora est\u00e1 entre os oito nomes escolhidos para fazer parte da diretoria [&hellip;]<\/p>\n","protected":false},"author":1,"featured_media":7454,"comment_status":"open","ping_status":"open","sticky":false,"template":"","format":"standard","meta":{"footnotes":""},"categories":[8],"tags":[],"class_list":["post-7453","post","type-post","status-publish","format-standard","has-post-thumbnail","hentry","category-camacari"],"yoast_head":"<!-- This site is optimized with the Yoast SEO plugin v21.7 - https:\/\/yoast.com\/wordpress\/plugins\/seo\/ -->\n<title>Tagner assume vaga no Diret\u00f3rio Nacional do PT e fortalece atua\u00e7\u00e3o no partido - Compartilha Bahia<\/title>\n<meta name=\"robots\" content=\"index, follow, max-snippet:-1, max-image-preview:large, max-video-preview:-1\" \/>\n<link rel=\"canonical\" href=\"https:\/\/compartilhabahia.com.br\/index.php\/2025\/08\/04\/tagner-assume-vaga-no-diretorio-nacional-do-pt-e-fortalece-atuacao-no-partido\/\" \/>\n<meta property=\"og:locale\" content=\"pt_BR\" \/>\n<meta property=\"og:type\" content=\"article\" \/>\n<meta property=\"og:title\" content=\"Tagner assume vaga no Diret\u00f3rio Nacional do PT e fortalece atua\u00e7\u00e3o no partido - Compartilha Bahia\" \/>\n<meta property=\"og:description\" content=\"O vereador de Cama\u00e7ari, Tagner Cerqueira (PT), l\u00edder do governo na C\u00e2mara Municipal, foi oficialmente empossado como membro do Diret\u00f3rio Nacional do PT durante o 17\u00ba Encontro Nacional do Partido dos Trabalhadores, em Bras\u00edlia. Parlamentar que se destacou nos \u00faltimos anos como vereador, agora est\u00e1 entre os oito nomes escolhidos para fazer parte da diretoria [&hellip;]\" \/>\n<meta property=\"og:url\" content=\"https:\/\/compartilhabahia.com.br\/index.php\/2025\/08\/04\/tagner-assume-vaga-no-diretorio-nacional-do-pt-e-fortalece-atuacao-no-partido\/\" \/>\n<meta property=\"og:site_name\" content=\"Compartilha Bahia\" \/>\n<meta property=\"article:publisher\" content=\"https:\/\/web.facebook.com\/compartilhabahia\" \/>\n<meta property=\"article:published_time\" content=\"2025-08-04T13:19:24+00:00\" \/>\n<meta property=\"article:modified_time\" content=\"2025-08-04T13:19:27+00:00\" \/>\n<meta property=\"og:image\" content=\"https:\/\/compartilhabahia.com.br\/wp-content\/uploads\/2025\/08\/tagnernacional.jpg\" \/>\n\t<meta property=\"og:image:width\" content=\"842\" \/>\n\t<meta property=\"og:image:height\" content=\"628\" \/>\n\t<meta property=\"og:image:type\" content=\"image\/jpeg\" \/>\n<meta name=\"author\" content=\"admin\" \/>\n<meta name=\"twitter:card\" content=\"summary_large_image\" \/>\n<meta name=\"twitter:label1\" content=\"Escrito por\" \/>\n\t<meta name=\"twitter:data1\" content=\"admin\" \/>\n\t<meta name=\"twitter:label2\" content=\"Est. tempo de leitura\" \/>\n\t<meta name=\"twitter:data2\" content=\"2 minutos\" \/>\n<script type=\"application\/ld+json\" class=\"yoast-schema-graph\">{\"@context\":\"https:\/\/schema.org\",\"@graph\":[{\"@type\":\"Article\",\"@id\":\"https:\/\/compartilhabahia.com.br\/index.php\/2025\/08\/04\/tagner-assume-vaga-no-diretorio-nacional-do-pt-e-fortalece-atuacao-no-partido\/#article\",\"isPartOf\":{\"@id\":\"https:\/\/compartilhabahia.com.br\/index.php\/2025\/08\/04\/tagner-assume-vaga-no-diretorio-nacional-do-pt-e-fortalece-atuacao-no-partido\/\"},\"author\":{\"name\":\"admin\",\"@id\":\"https:\/\/compartilhabahia.com.br\/#\/schema\/person\/9b4f0c3178793b8248d6686732521c04\"},\"headline\":\"Tagner assume vaga no Diret\u00f3rio Nacional do PT e fortalece atua\u00e7\u00e3o no partido\",\"datePublished\":\"2025-08-04T13:19:24+00:00\",\"dateModified\":\"2025-08-04T13:19:27+00:00\",\"mainEntityOfPage\":{\"@id\":\"https:\/\/compartilhabahia.com.br\/index.php\/2025\/08\/04\/tagner-assume-vaga-no-diretorio-nacional-do-pt-e-fortalece-atuacao-no-partido\/\"},\"wordCount\":180,\"commentCount\":0,\"publisher\":{\"@id\":\"https:\/\/compartilhabahia.com.br\/#organization\"},\"articleSection\":[\"Cama\u00e7ari\"],\"inLanguage\":\"pt-BR\",\"potentialAction\":[{\"@type\":\"CommentAction\",\"name\":\"Comment\",\"target\":[\"https:\/\/compartilhabahia.com.br\/index.php\/2025\/08\/04\/tagner-assume-vaga-no-diretorio-nacional-do-pt-e-fortalece-atuacao-no-partido\/#respond\"]}]},{\"@type\":\"WebPage\",\"@id\":\"https:\/\/compartilhabahia.com.br\/index.php\/2025\/08\/04\/tagner-assume-vaga-no-diretorio-nacional-do-pt-e-fortalece-atuacao-no-partido\/\",\"url\":\"https:\/\/compartilhabahia.com.br\/index.php\/2025\/08\/04\/tagner-assume-vaga-no-diretorio-nacional-do-pt-e-fortalece-atuacao-no-partido\/\",\"name\":\"Tagner assume vaga no Diret\u00f3rio Nacional do PT e fortalece atua\u00e7\u00e3o no partido - Compartilha Bahia\",\"isPartOf\":{\"@id\":\"https:\/\/compartilhabahia.com.br\/#website\"},\"datePublished\":\"2025-08-04T13:19:24+00:00\",\"dateModified\":\"2025-08-04T13:19:27+00:00\",\"breadcrumb\":{\"@id\":\"https:\/\/compartilhabahia.com.br\/index.php\/2025\/08\/04\/tagner-assume-vaga-no-diretorio-nacional-do-pt-e-fortalece-atuacao-no-partido\/#breadcrumb\"},\"inLanguage\":\"pt-BR\",\"potentialAction\":[{\"@type\":\"ReadAction\",\"target\":[\"https:\/\/compartilhabahia.com.br\/index.php\/2025\/08\/04\/tagner-assume-vaga-no-diretorio-nacional-do-pt-e-fortalece-atuacao-no-partido\/\"]}]},{\"@type\":\"BreadcrumbList\",\"@id\":\"https:\/\/compartilhabahia.com.br\/index.php\/2025\/08\/04\/tagner-assume-vaga-no-diretorio-nacional-do-pt-e-fortalece-atuacao-no-partido\/#breadcrumb\",\"itemListElement\":[{\"@type\":\"ListItem\",\"position\":1,\"name\":\"In\u00edcio\",\"item\":\"https:\/\/compartilhabahia.com.br\/\"},{\"@type\":\"ListItem\",\"position\":2,\"name\":\"Tagner assume vaga no Diret\u00f3rio Nacional do PT e fortalece atua\u00e7\u00e3o no partido\"}]},{\"@type\":\"WebSite\",\"@id\":\"https:\/\/compartilhabahia.com.br\/#website\",\"url\":\"https:\/\/compartilhabahia.com.br\/\",\"name\":\"Compartilha Bahia\",\"description\":\"\",\"publisher\":{\"@id\":\"https:\/\/compartilhabahia.com.br\/#organization\"},\"potentialAction\":[{\"@type\":\"SearchAction\",\"target\":{\"@type\":\"EntryPoint\",\"urlTemplate\":\"https:\/\/compartilhabahia.com.br\/?s={search_term_string}\"},\"query-input\":\"required name=search_term_string\"}],\"inLanguage\":\"pt-BR\"},{\"@type\":\"Organization\",\"@id\":\"https:\/\/compartilhabahia.com.br\/#organization\",\"name\":\"Compartilha Bahia\",\"url\":\"https:\/\/compartilhabahia.com.br\/\",\"logo\":{\"@type\":\"ImageObject\",\"inLanguage\":\"pt-BR\",\"@id\":\"https:\/\/compartilhabahia.com.br\/#\/schema\/logo\/image\/\",\"url\":\"https:\/\/compartilhabahia.com.br\/wp-content\/uploads\/2023\/12\/cropped-logo.png\",\"contentUrl\":\"https:\/\/compartilhabahia.com.br\/wp-content\/uploads\/2023\/12\/cropped-logo.png\",\"width\":300,\"height\":106,\"caption\":\"Compartilha Bahia\"},\"image\":{\"@id\":\"https:\/\/compartilhabahia.com.br\/#\/schema\/logo\/image\/\"},\"sameAs\":[\"https:\/\/web.facebook.com\/compartilhabahia\",\"https:\/\/www.instagram.com\/compartilhabahia\/\"]},{\"@type\":\"Person\",\"@id\":\"https:\/\/compartilhabahia.com.br\/#\/schema\/person\/9b4f0c3178793b8248d6686732521c04\",\"name\":\"admin\",\"image\":{\"@type\":\"ImageObject\",\"inLanguage\":\"pt-BR\",\"@id\":\"https:\/\/compartilhabahia.com.br\/#\/schema\/person\/image\/\",\"url\":\"https:\/\/secure.gravatar.com\/avatar\/9600df58751c5acbe914c538c03390ef649ea088cb65f84ba09c7ce66988eed6?s=96&d=mm&r=g\",\"contentUrl\":\"https:\/\/secure.gravatar.com\/avatar\/9600df58751c5acbe914c538c03390ef649ea088cb65f84ba09c7ce66988eed6?s=96&d=mm&r=g\",\"caption\":\"admin\"},\"sameAs\":[\"https:\/\/compartilhabahia.com.br\"],\"url\":\"https:\/\/compartilhabahia.com.br\/index.php\/author\/compartilhabahia\/\"}]}<\/script>\n<!-- \/ Yoast SEO plugin. -->","yoast_head_json":{"title":"Tagner assume vaga no Diret\u00f3rio Nacional do PT e fortalece atua\u00e7\u00e3o no partido - Compartilha Bahia","robots":{"index":"index","follow":"follow","max-snippet":"max-snippet:-1","max-image-preview":"max-image-preview:large","max-video-preview":"max-video-preview:-1"},"canonical":"https:\/\/compartilhabahia.com.br\/index.php\/2025\/08\/04\/tagner-assume-vaga-no-diretorio-nacional-do-pt-e-fortalece-atuacao-no-partido\/","og_locale":"pt_BR","og_type":"article","og_title":"Tagner assume vaga no Diret\u00f3rio Nacional do PT e fortalece atua\u00e7\u00e3o no partido - Compartilha Bahia","og_description":"O vereador de Cama\u00e7ari, Tagner Cerqueira (PT), l\u00edder do governo na C\u00e2mara Municipal, foi oficialmente empossado como membro do Diret\u00f3rio Nacional do PT durante o 17\u00ba Encontro Nacional do Partido dos Trabalhadores, em Bras\u00edlia. Parlamentar que se destacou nos \u00faltimos anos como vereador, agora est\u00e1 entre os oito nomes escolhidos para fazer parte da diretoria [&hellip;]","og_url":"https:\/\/compartilhabahia.com.br\/index.php\/2025\/08\/04\/tagner-assume-vaga-no-diretorio-nacional-do-pt-e-fortalece-atuacao-no-partido\/","og_site_name":"Compartilha Bahia","article_publisher":"https:\/\/web.facebook.com\/compartilhabahia","article_published_time":"2025-08-04T13:19:24+00:00","article_modified_time":"2025-08-04T13:19:27+00:00","og_image":[{"width":842,"height":628,"url":"https:\/\/compartilhabahia.com.br\/wp-content\/uploads\/2025\/08\/tagnernacional.jpg","type":"image\/jpeg"}],"author":"admin","twitter_card":"summary_large_image","twitter_misc":{"Escrito por":"admin","Est. tempo de leitura":"2 minutos"},"schema":{"@context":"https:\/\/schema.org","@graph":[{"@type":"Article","@id":"https:\/\/compartilhabahia.com.br\/index.php\/2025\/08\/04\/tagner-assume-vaga-no-diretorio-nacional-do-pt-e-fortalece-atuacao-no-partido\/#article","isPartOf":{"@id":"https:\/\/compartilhabahia.com.br\/index.php\/2025\/08\/04\/tagner-assume-vaga-no-diretorio-nacional-do-pt-e-fortalece-atuacao-no-partido\/"},"author":{"name":"admin","@id":"https:\/\/compartilhabahia.com.br\/#\/schema\/person\/9b4f0c3178793b8248d6686732521c04"},"headline":"Tagner assume vaga no Diret\u00f3rio Nacional do PT e fortalece atua\u00e7\u00e3o no partido","datePublished":"2025-08-04T13:19:24+00:00","dateModified":"2025-08-04T13:19:27+00:00","mainEntityOfPage":{"@id":"https:\/\/compartilhabahia.com.br\/index.php\/2025\/08\/04\/tagner-assume-vaga-no-diretorio-nacional-do-pt-e-fortalece-atuacao-no-partido\/"},"wordCount":180,"commentCount":0,"publisher":{"@id":"https:\/\/compartilhabahia.com.br\/#organization"},"articleSection":["Cama\u00e7ari"],"inLanguage":"pt-BR","potentialAction":[{"@type":"CommentAction","name":"Comment","target":["https:\/\/compartilhabahia.com.br\/index.php\/2025\/08\/04\/tagner-assume-vaga-no-diretorio-nacional-do-pt-e-fortalece-atuacao-no-partido\/#respond"]}]},{"@type":"WebPage","@id":"https:\/\/compartilhabahia.com.br\/index.php\/2025\/08\/04\/tagner-assume-vaga-no-diretorio-nacional-do-pt-e-fortalece-atuacao-no-partido\/","url":"https:\/\/compartilhabahia.com.br\/index.php\/2025\/08\/04\/tagner-assume-vaga-no-diretorio-nacional-do-pt-e-fortalece-atuacao-no-partido\/","name":"Tagner assume vaga no Diret\u00f3rio Nacional do PT e fortalece atua\u00e7\u00e3o no partido - Compartilha Bahia","isPartOf":{"@id":"https:\/\/compartilhabahia.com.br\/#website"},"datePublished":"2025-08-04T13:19:24+00:00","dateModified":"2025-08-04T13:19:27+00:00","breadcrumb":{"@id":"https:\/\/compartilhabahia.com.br\/index.php\/2025\/08\/04\/tagner-assume-vaga-no-diretorio-nacional-do-pt-e-fortalece-atuacao-no-partido\/#breadcrumb"},"inLanguage":"pt-BR","potentialAction":[{"@type":"ReadAction","target":["https:\/\/compartilhabahia.com.br\/index.php\/2025\/08\/04\/tagner-assume-vaga-no-diretorio-nacional-do-pt-e-fortalece-atuacao-no-partido\/"]}]},{"@type":"BreadcrumbList","@id":"https:\/\/compartilhabahia.com.br\/index.php\/2025\/08\/04\/tagner-assume-vaga-no-diretorio-nacional-do-pt-e-fortalece-atuacao-no-partido\/#breadcrumb","itemListElement":[{"@type":"ListItem","position":1,"name":"In\u00edcio","item":"https:\/\/compartilhabahia.com.br\/"},{"@type":"ListItem","position":2,"name":"Tagner assume vaga no Diret\u00f3rio Nacional do PT e fortalece atua\u00e7\u00e3o no partido"}]},{"@type":"WebSite","@id":"https:\/\/compartilhabahia.com.br\/#website","url":"https:\/\/compartilhabahia.com.br\/","name":"Compartilha Bahia","description":"","publisher":{"@id":"https:\/\/compartilhabahia.com.br\/#organization"},"potentialAction":[{"@type":"SearchAction","target":{"@type":"EntryPoint","urlTemplate":"https:\/\/compartilhabahia.com.br\/?s={search_term_string}"},"query-input":"required name=search_term_string"}],"inLanguage":"pt-BR"},{"@type":"Organization","@id":"https:\/\/compartilhabahia.com.br\/#organization","name":"Compartilha Bahia","url":"https:\/\/compartilhabahia.com.br\/","logo":{"@type":"ImageObject","inLanguage":"pt-BR","@id":"https:\/\/compartilhabahia.com.br\/#\/schema\/logo\/image\/","url":"https:\/\/compartilhabahia.com.br\/wp-content\/uploads\/2023\/12\/cropped-logo.png","contentUrl":"https:\/\/compartilhabahia.com.br\/wp-content\/uploads\/2023\/12\/cropped-logo.png","width":300,"height":106,"caption":"Compartilha Bahia"},"image":{"@id":"https:\/\/compartilhabahia.com.br\/#\/schema\/logo\/image\/"},"sameAs":["https:\/\/web.facebook.com\/compartilhabahia","https:\/\/www.instagram.com\/compartilhabahia\/"]},{"@type":"Person","@id":"https:\/\/compartilhabahia.com.br\/#\/schema\/person\/9b4f0c3178793b8248d6686732521c04","name":"admin","image":{"@type":"ImageObject","inLanguage":"pt-BR","@id":"https:\/\/compartilhabahia.com.br\/#\/schema\/person\/image\/","url":"https:\/\/secure.gravatar.com\/avatar\/9600df58751c5acbe914c538c03390ef649ea088cb65f84ba09c7ce66988eed6?s=96&d=mm&r=g","contentUrl":"https:\/\/secure.gravatar.com\/avatar\/9600df58751c5acbe914c538c03390ef649ea088cb65f84ba09c7ce66988eed6?s=96&d=mm&r=g","caption":"admin"},"sameAs":["https:\/\/compartilhabahia.com.br"],"url":"https:\/\/compartilhabahia.com.br\/index.php\/author\/compartilhabahia\/"}]}},"_links":{"self":[{"href":"https:\/\/compartilhabahia.com.br\/index.php\/wp-json\/wp\/v2\/posts\/7453","targetHints":{"allow":["GET"]}}],"collection":[{"href":"https:\/\/compartilhabahia.com.br\/index.php\/wp-json\/wp\/v2\/posts"}],"about":[{"href":"https:\/\/compartilhabahia.com.br\/index.php\/wp-json\/wp\/v2\/types\/post"}],"author":[{"embeddable":true,"href":"https:\/\/compartilhabahia.com.br\/index.php\/wp-json\/wp\/v2\/users\/1"}],"replies":[{"embeddable":true,"href":"https:\/\/compartilhabahia.com.br\/index.php\/wp-json\/wp\/v2\/comments?post=7453"}],"version-history":[{"count":1,"href":"https:\/\/compartilhabahia.com.br\/index.php\/wp-json\/wp\/v2\/posts\/7453\/revisions"}],"predecessor-version":[{"id":7455,"href":"https:\/\/compartilhabahia.com.br\/index.php\/wp-json\/wp\/v2\/posts\/7453\/revisions\/7455"}],"wp:featuredmedia":[{"embeddable":true,"href":"https:\/\/compartilhabahia.com.br\/index.php\/wp-json\/wp\/v2\/media\/7454"}],"wp:attachment":[{"href":"https:\/\/compartilhabahia.com.br\/index.php\/wp-json\/wp\/v2\/media?parent=7453"}],"wp:term":[{"taxonomy":"category","embeddable":true,"href":"https:\/\/compartilhabahia.com.br\/index.php\/wp-json\/wp\/v2\/categories?post=7453"},{"taxonomy":"post_tag","embeddable":true,"href":"https:\/\/compartilhabahia.com.br\/index.php\/wp-json\/wp\/v2\/tags?post=7453"}],"curies":[{"name":"wp","href":"https:\/\/api.w.org\/{rel}","templated":true}]}}