{"id":7439,"date":"2025-08-01T16:29:25","date_gmt":"2025-08-01T19:29:25","guid":{"rendered":"https:\/\/compartilhabahia.com.br\/?p=7439"},"modified":"2025-08-01T16:29:27","modified_gmt":"2025-08-01T19:29:27","slug":"clero-da-diocese-realiza-retiro-presbiteros-peregrinos-e-servidores-da-esperanca","status":"publish","type":"post","link":"https:\/\/compartilhabahia.com.br\/index.php\/2025\/08\/01\/clero-da-diocese-realiza-retiro-presbiteros-peregrinos-e-servidores-da-esperanca\/","title":{"rendered":"Clero da Diocese realiza retiro: \u201cPresb\u00edteros peregrinos e servidores da esperan\u00e7a\u201d"},"content":{"rendered":"\n<p>Entre os dias 28 de julho e 1\u00ba de agosto de 2025, os padres da Diocese de Cama\u00e7ari participaram do retiro anual do clero, realizado na Casa de Retiro S\u00e3o Jos\u00e9, localizada em Mar Grande, na Ilha de Itaparica. O encontro teve como tema \u201cPresb\u00edteros peregrinos e servidores da esperan\u00e7a\u201d e contou com a condu\u00e7\u00e3o espiritual de Dom Gilson Andrade, bispo da Diocese de Nova Igua\u00e7u (RJ) e presidente do Regional Leste 1 da CNBB.<\/p>\n\n\n\n<p>Durante os cinco dias de recolhimento, os sacerdotes vivenciaram um profundo clima de sil\u00eancio, ora\u00e7\u00e3o e escuta. A programa\u00e7\u00e3o incluiu prega\u00e7\u00f5es, adora\u00e7\u00e3o silenciosa ao Sant\u00edssimo Sacramento, Via-Sacra, momento mariano, confiss\u00f5es e a celebra\u00e7\u00e3o di\u00e1ria da Eucaristia.<\/p>\n\n\n\n<p>Entre as inten\u00e7\u00f5es das missas celebradas, foram recordados os anivers\u00e1rios de ordena\u00e7\u00e3o de v\u00e1rios presb\u00edteros: Pe. Ronaldo, Pe. Edson e Pe. Cleomario, que completam 10 anos de sacerd\u00f3cio; Pe. Jos\u00e9 Andr\u00e9, Pe. Milton e Pe. M\u00e1rcio, com 15 anos de minist\u00e9rio; Pe. Marcos Filgueiras, que celebra 20 anos de ordena\u00e7\u00e3o; e Pe. Igor, que completou 4 anos de sacerd\u00f3cio no dia 31 de julho.<\/p>\n\n\n\n<p>O retiro contou com a presen\u00e7a do bispo diocesano, Dom Dirceu de Oliveira Medeiros, que acompanhou de perto toda a programa\u00e7\u00e3o. Ao comentar sobre a import\u00e2ncia desse momento para o clero, Dom Dirceu afirmou que \u201cO retiro \u00e9 sempre uma oportunidade de retomar a nossa voca\u00e7\u00e3o a partir do encontro com o Senhor. \u00c9 uma oportunidade que temos, segundo Santo In\u00e1cio de Loyola, de ordenar ou reordenar a vida. \u00c9 sabido por todos que o dia a dia que vivemos vai desarrumando as coisas. Por isso, \u00e0s vezes, \u00e9 preciso pisar no freio, fazer uma parada e reordenar o tempo, a vida, sem as influ\u00eancias dos condicionamentos do mundo e as perturba\u00e7\u00f5es dos afetos. Em suma, \u00e9 um tempo de gra\u00e7a.\u201d<\/p>\n\n\n\n<p>O assessor do encontro, Dom Gilson, destacou a import\u00e2ncia do retiro e deste acompanhamento dos sacerdotes \u201cJuntos nessa caminhada jubilar n\u00f3s refletimos sobre o padre como peregrinos da esperan\u00e7a, mas como servidor da esperan\u00e7a, neste ano em que somos convidados \u00e0 renovar nossa f\u00e9 e nossa convers\u00e3o no caminho jubilar. Que possamos acompanhar nossos padres, tamb\u00e9m sustentando a esperan\u00e7a deles, eles que devem ser aqueles que guardam a esperan\u00e7a do povo de Deus, apoiando atrav\u00e9s da ora\u00e7\u00e3o nosso compromisso mission\u00e1rio, dos trabalhos pastorais e tudo aquilo que a Igreja espera de cada um de n\u00f3s\u201d, disse.<\/p>\n\n\n\n<p>O retiro anual \u00e9 um momento previsto pela Igreja como parte do itiner\u00e1rio espiritual e pastoral dos presb\u00edteros. Ele oferece aos sacerdotes um tempo privilegiado de sil\u00eancio e ora\u00e7\u00e3o, essencial para o aprofundamento da vida interior e renova\u00e7\u00e3o do minist\u00e9rio.<\/p>\n\n\n\n<p>Ao final do retiro, os padres retornaram \u00e0s suas comunidades renovados, conscientes de que, como peregrinos da esperan\u00e7a, s\u00e3o chamados a testemunhar o Evangelho com fidelidade, humildade e ardor mission\u00e1rio. Que este tempo de gra\u00e7a siga frutificando ao longo de todo o ano pastoral.<\/p>\n","protected":false},"excerpt":{"rendered":"<p>Entre os dias 28 de julho e 1\u00ba de agosto de 2025, os padres da Diocese de Cama\u00e7ari participaram do retiro anual do clero, realizado na Casa de Retiro S\u00e3o Jos\u00e9, localizada em Mar Grande, na Ilha de Itaparica. O encontro teve como tema \u201cPresb\u00edteros peregrinos e servidores da esperan\u00e7a\u201d e contou com a condu\u00e7\u00e3o [&hellip;]<\/p>\n","protected":false},"author":1,"featured_media":7440,"comment_status":"open","ping_status":"open","sticky":false,"template":"","format":"standard","meta":{"footnotes":""},"categories":[8],"tags":[],"class_list":["post-7439","post","type-post","status-publish","format-standard","has-post-thumbnail","hentry","category-camacari"],"yoast_head":"<!-- This site is optimized with the Yoast SEO plugin v21.7 - https:\/\/yoast.com\/wordpress\/plugins\/seo\/ -->\n<title>Clero da Diocese realiza retiro: \u201cPresb\u00edteros peregrinos e servidores da esperan\u00e7a\u201d - Compartilha Bahia<\/title>\n<meta name=\"robots\" content=\"index, follow, max-snippet:-1, max-image-preview:large, max-video-preview:-1\" \/>\n<link rel=\"canonical\" href=\"https:\/\/compartilhabahia.com.br\/index.php\/2025\/08\/01\/clero-da-diocese-realiza-retiro-presbiteros-peregrinos-e-servidores-da-esperanca\/\" \/>\n<meta property=\"og:locale\" content=\"pt_BR\" \/>\n<meta property=\"og:type\" content=\"article\" \/>\n<meta property=\"og:title\" content=\"Clero da Diocese realiza retiro: \u201cPresb\u00edteros peregrinos e servidores da esperan\u00e7a\u201d - Compartilha Bahia\" \/>\n<meta property=\"og:description\" content=\"Entre os dias 28 de julho e 1\u00ba de agosto de 2025, os padres da Diocese de Cama\u00e7ari participaram do retiro anual do clero, realizado na Casa de Retiro S\u00e3o Jos\u00e9, localizada em Mar Grande, na Ilha de Itaparica. O encontro teve como tema \u201cPresb\u00edteros peregrinos e servidores da esperan\u00e7a\u201d e contou com a condu\u00e7\u00e3o [&hellip;]\" \/>\n<meta property=\"og:url\" content=\"https:\/\/compartilhabahia.com.br\/index.php\/2025\/08\/01\/clero-da-diocese-realiza-retiro-presbiteros-peregrinos-e-servidores-da-esperanca\/\" \/>\n<meta property=\"og:site_name\" content=\"Compartilha Bahia\" \/>\n<meta property=\"article:publisher\" content=\"https:\/\/web.facebook.com\/compartilhabahia\" \/>\n<meta property=\"article:published_time\" content=\"2025-08-01T19:29:25+00:00\" \/>\n<meta property=\"article:modified_time\" content=\"2025-08-01T19:29:27+00:00\" \/>\n<meta property=\"og:image\" content=\"https:\/\/compartilhabahia.com.br\/wp-content\/uploads\/2025\/08\/retiro.jpg\" \/>\n\t<meta property=\"og:image:width\" content=\"832\" \/>\n\t<meta property=\"og:image:height\" content=\"624\" \/>\n\t<meta property=\"og:image:type\" content=\"image\/jpeg\" \/>\n<meta name=\"author\" content=\"admin\" \/>\n<meta name=\"twitter:card\" content=\"summary_large_image\" \/>\n<meta name=\"twitter:label1\" content=\"Escrito por\" \/>\n\t<meta name=\"twitter:data1\" content=\"admin\" \/>\n\t<meta name=\"twitter:label2\" content=\"Est. tempo de leitura\" \/>\n\t<meta name=\"twitter:data2\" content=\"3 minutos\" \/>\n<script type=\"application\/ld+json\" class=\"yoast-schema-graph\">{\"@context\":\"https:\/\/schema.org\",\"@graph\":[{\"@type\":\"Article\",\"@id\":\"https:\/\/compartilhabahia.com.br\/index.php\/2025\/08\/01\/clero-da-diocese-realiza-retiro-presbiteros-peregrinos-e-servidores-da-esperanca\/#article\",\"isPartOf\":{\"@id\":\"https:\/\/compartilhabahia.com.br\/index.php\/2025\/08\/01\/clero-da-diocese-realiza-retiro-presbiteros-peregrinos-e-servidores-da-esperanca\/\"},\"author\":{\"name\":\"admin\",\"@id\":\"https:\/\/compartilhabahia.com.br\/#\/schema\/person\/9b4f0c3178793b8248d6686732521c04\"},\"headline\":\"Clero da Diocese realiza retiro: \u201cPresb\u00edteros peregrinos e servidores da esperan\u00e7a\u201d\",\"datePublished\":\"2025-08-01T19:29:25+00:00\",\"dateModified\":\"2025-08-01T19:29:27+00:00\",\"mainEntityOfPage\":{\"@id\":\"https:\/\/compartilhabahia.com.br\/index.php\/2025\/08\/01\/clero-da-diocese-realiza-retiro-presbiteros-peregrinos-e-servidores-da-esperanca\/\"},\"wordCount\":528,\"commentCount\":0,\"publisher\":{\"@id\":\"https:\/\/compartilhabahia.com.br\/#organization\"},\"articleSection\":[\"Cama\u00e7ari\"],\"inLanguage\":\"pt-BR\",\"potentialAction\":[{\"@type\":\"CommentAction\",\"name\":\"Comment\",\"target\":[\"https:\/\/compartilhabahia.com.br\/index.php\/2025\/08\/01\/clero-da-diocese-realiza-retiro-presbiteros-peregrinos-e-servidores-da-esperanca\/#respond\"]}]},{\"@type\":\"WebPage\",\"@id\":\"https:\/\/compartilhabahia.com.br\/index.php\/2025\/08\/01\/clero-da-diocese-realiza-retiro-presbiteros-peregrinos-e-servidores-da-esperanca\/\",\"url\":\"https:\/\/compartilhabahia.com.br\/index.php\/2025\/08\/01\/clero-da-diocese-realiza-retiro-presbiteros-peregrinos-e-servidores-da-esperanca\/\",\"name\":\"Clero da Diocese realiza retiro: \u201cPresb\u00edteros peregrinos e servidores da esperan\u00e7a\u201d - Compartilha Bahia\",\"isPartOf\":{\"@id\":\"https:\/\/compartilhabahia.com.br\/#website\"},\"datePublished\":\"2025-08-01T19:29:25+00:00\",\"dateModified\":\"2025-08-01T19:29:27+00:00\",\"breadcrumb\":{\"@id\":\"https:\/\/compartilhabahia.com.br\/index.php\/2025\/08\/01\/clero-da-diocese-realiza-retiro-presbiteros-peregrinos-e-servidores-da-esperanca\/#breadcrumb\"},\"inLanguage\":\"pt-BR\",\"potentialAction\":[{\"@type\":\"ReadAction\",\"target\":[\"https:\/\/compartilhabahia.com.br\/index.php\/2025\/08\/01\/clero-da-diocese-realiza-retiro-presbiteros-peregrinos-e-servidores-da-esperanca\/\"]}]},{\"@type\":\"BreadcrumbList\",\"@id\":\"https:\/\/compartilhabahia.com.br\/index.php\/2025\/08\/01\/clero-da-diocese-realiza-retiro-presbiteros-peregrinos-e-servidores-da-esperanca\/#breadcrumb\",\"itemListElement\":[{\"@type\":\"ListItem\",\"position\":1,\"name\":\"In\u00edcio\",\"item\":\"https:\/\/compartilhabahia.com.br\/\"},{\"@type\":\"ListItem\",\"position\":2,\"name\":\"Clero da Diocese realiza retiro: \u201cPresb\u00edteros peregrinos e servidores da esperan\u00e7a\u201d\"}]},{\"@type\":\"WebSite\",\"@id\":\"https:\/\/compartilhabahia.com.br\/#website\",\"url\":\"https:\/\/compartilhabahia.com.br\/\",\"name\":\"Compartilha Bahia\",\"description\":\"\",\"publisher\":{\"@id\":\"https:\/\/compartilhabahia.com.br\/#organization\"},\"potentialAction\":[{\"@type\":\"SearchAction\",\"target\":{\"@type\":\"EntryPoint\",\"urlTemplate\":\"https:\/\/compartilhabahia.com.br\/?s={search_term_string}\"},\"query-input\":\"required name=search_term_string\"}],\"inLanguage\":\"pt-BR\"},{\"@type\":\"Organization\",\"@id\":\"https:\/\/compartilhabahia.com.br\/#organization\",\"name\":\"Compartilha Bahia\",\"url\":\"https:\/\/compartilhabahia.com.br\/\",\"logo\":{\"@type\":\"ImageObject\",\"inLanguage\":\"pt-BR\",\"@id\":\"https:\/\/compartilhabahia.com.br\/#\/schema\/logo\/image\/\",\"url\":\"https:\/\/compartilhabahia.com.br\/wp-content\/uploads\/2023\/12\/cropped-logo.png\",\"contentUrl\":\"https:\/\/compartilhabahia.com.br\/wp-content\/uploads\/2023\/12\/cropped-logo.png\",\"width\":300,\"height\":106,\"caption\":\"Compartilha Bahia\"},\"image\":{\"@id\":\"https:\/\/compartilhabahia.com.br\/#\/schema\/logo\/image\/\"},\"sameAs\":[\"https:\/\/web.facebook.com\/compartilhabahia\",\"https:\/\/www.instagram.com\/compartilhabahia\/\"]},{\"@type\":\"Person\",\"@id\":\"https:\/\/compartilhabahia.com.br\/#\/schema\/person\/9b4f0c3178793b8248d6686732521c04\",\"name\":\"admin\",\"image\":{\"@type\":\"ImageObject\",\"inLanguage\":\"pt-BR\",\"@id\":\"https:\/\/compartilhabahia.com.br\/#\/schema\/person\/image\/\",\"url\":\"https:\/\/secure.gravatar.com\/avatar\/9600df58751c5acbe914c538c03390ef649ea088cb65f84ba09c7ce66988eed6?s=96&d=mm&r=g\",\"contentUrl\":\"https:\/\/secure.gravatar.com\/avatar\/9600df58751c5acbe914c538c03390ef649ea088cb65f84ba09c7ce66988eed6?s=96&d=mm&r=g\",\"caption\":\"admin\"},\"sameAs\":[\"https:\/\/compartilhabahia.com.br\"],\"url\":\"https:\/\/compartilhabahia.com.br\/index.php\/author\/compartilhabahia\/\"}]}<\/script>\n<!-- \/ Yoast SEO plugin. -->","yoast_head_json":{"title":"Clero da Diocese realiza retiro: \u201cPresb\u00edteros peregrinos e servidores da esperan\u00e7a\u201d - Compartilha Bahia","robots":{"index":"index","follow":"follow","max-snippet":"max-snippet:-1","max-image-preview":"max-image-preview:large","max-video-preview":"max-video-preview:-1"},"canonical":"https:\/\/compartilhabahia.com.br\/index.php\/2025\/08\/01\/clero-da-diocese-realiza-retiro-presbiteros-peregrinos-e-servidores-da-esperanca\/","og_locale":"pt_BR","og_type":"article","og_title":"Clero da Diocese realiza retiro: \u201cPresb\u00edteros peregrinos e servidores da esperan\u00e7a\u201d - Compartilha Bahia","og_description":"Entre os dias 28 de julho e 1\u00ba de agosto de 2025, os padres da Diocese de Cama\u00e7ari participaram do retiro anual do clero, realizado na Casa de Retiro S\u00e3o Jos\u00e9, localizada em Mar Grande, na Ilha de Itaparica. O encontro teve como tema \u201cPresb\u00edteros peregrinos e servidores da esperan\u00e7a\u201d e contou com a condu\u00e7\u00e3o [&hellip;]","og_url":"https:\/\/compartilhabahia.com.br\/index.php\/2025\/08\/01\/clero-da-diocese-realiza-retiro-presbiteros-peregrinos-e-servidores-da-esperanca\/","og_site_name":"Compartilha Bahia","article_publisher":"https:\/\/web.facebook.com\/compartilhabahia","article_published_time":"2025-08-01T19:29:25+00:00","article_modified_time":"2025-08-01T19:29:27+00:00","og_image":[{"width":832,"height":624,"url":"https:\/\/compartilhabahia.com.br\/wp-content\/uploads\/2025\/08\/retiro.jpg","type":"image\/jpeg"}],"author":"admin","twitter_card":"summary_large_image","twitter_misc":{"Escrito por":"admin","Est. tempo de leitura":"3 minutos"},"schema":{"@context":"https:\/\/schema.org","@graph":[{"@type":"Article","@id":"https:\/\/compartilhabahia.com.br\/index.php\/2025\/08\/01\/clero-da-diocese-realiza-retiro-presbiteros-peregrinos-e-servidores-da-esperanca\/#article","isPartOf":{"@id":"https:\/\/compartilhabahia.com.br\/index.php\/2025\/08\/01\/clero-da-diocese-realiza-retiro-presbiteros-peregrinos-e-servidores-da-esperanca\/"},"author":{"name":"admin","@id":"https:\/\/compartilhabahia.com.br\/#\/schema\/person\/9b4f0c3178793b8248d6686732521c04"},"headline":"Clero da Diocese realiza retiro: \u201cPresb\u00edteros peregrinos e servidores da esperan\u00e7a\u201d","datePublished":"2025-08-01T19:29:25+00:00","dateModified":"2025-08-01T19:29:27+00:00","mainEntityOfPage":{"@id":"https:\/\/compartilhabahia.com.br\/index.php\/2025\/08\/01\/clero-da-diocese-realiza-retiro-presbiteros-peregrinos-e-servidores-da-esperanca\/"},"wordCount":528,"commentCount":0,"publisher":{"@id":"https:\/\/compartilhabahia.com.br\/#organization"},"articleSection":["Cama\u00e7ari"],"inLanguage":"pt-BR","potentialAction":[{"@type":"CommentAction","name":"Comment","target":["https:\/\/compartilhabahia.com.br\/index.php\/2025\/08\/01\/clero-da-diocese-realiza-retiro-presbiteros-peregrinos-e-servidores-da-esperanca\/#respond"]}]},{"@type":"WebPage","@id":"https:\/\/compartilhabahia.com.br\/index.php\/2025\/08\/01\/clero-da-diocese-realiza-retiro-presbiteros-peregrinos-e-servidores-da-esperanca\/","url":"https:\/\/compartilhabahia.com.br\/index.php\/2025\/08\/01\/clero-da-diocese-realiza-retiro-presbiteros-peregrinos-e-servidores-da-esperanca\/","name":"Clero da Diocese realiza retiro: \u201cPresb\u00edteros peregrinos e servidores da esperan\u00e7a\u201d - Compartilha Bahia","isPartOf":{"@id":"https:\/\/compartilhabahia.com.br\/#website"},"datePublished":"2025-08-01T19:29:25+00:00","dateModified":"2025-08-01T19:29:27+00:00","breadcrumb":{"@id":"https:\/\/compartilhabahia.com.br\/index.php\/2025\/08\/01\/clero-da-diocese-realiza-retiro-presbiteros-peregrinos-e-servidores-da-esperanca\/#breadcrumb"},"inLanguage":"pt-BR","potentialAction":[{"@type":"ReadAction","target":["https:\/\/compartilhabahia.com.br\/index.php\/2025\/08\/01\/clero-da-diocese-realiza-retiro-presbiteros-peregrinos-e-servidores-da-esperanca\/"]}]},{"@type":"BreadcrumbList","@id":"https:\/\/compartilhabahia.com.br\/index.php\/2025\/08\/01\/clero-da-diocese-realiza-retiro-presbiteros-peregrinos-e-servidores-da-esperanca\/#breadcrumb","itemListElement":[{"@type":"ListItem","position":1,"name":"In\u00edcio","item":"https:\/\/compartilhabahia.com.br\/"},{"@type":"ListItem","position":2,"name":"Clero da Diocese realiza retiro: \u201cPresb\u00edteros peregrinos e servidores da esperan\u00e7a\u201d"}]},{"@type":"WebSite","@id":"https:\/\/compartilhabahia.com.br\/#website","url":"https:\/\/compartilhabahia.com.br\/","name":"Compartilha Bahia","description":"","publisher":{"@id":"https:\/\/compartilhabahia.com.br\/#organization"},"potentialAction":[{"@type":"SearchAction","target":{"@type":"EntryPoint","urlTemplate":"https:\/\/compartilhabahia.com.br\/?s={search_term_string}"},"query-input":"required name=search_term_string"}],"inLanguage":"pt-BR"},{"@type":"Organization","@id":"https:\/\/compartilhabahia.com.br\/#organization","name":"Compartilha Bahia","url":"https:\/\/compartilhabahia.com.br\/","logo":{"@type":"ImageObject","inLanguage":"pt-BR","@id":"https:\/\/compartilhabahia.com.br\/#\/schema\/logo\/image\/","url":"https:\/\/compartilhabahia.com.br\/wp-content\/uploads\/2023\/12\/cropped-logo.png","contentUrl":"https:\/\/compartilhabahia.com.br\/wp-content\/uploads\/2023\/12\/cropped-logo.png","width":300,"height":106,"caption":"Compartilha Bahia"},"image":{"@id":"https:\/\/compartilhabahia.com.br\/#\/schema\/logo\/image\/"},"sameAs":["https:\/\/web.facebook.com\/compartilhabahia","https:\/\/www.instagram.com\/compartilhabahia\/"]},{"@type":"Person","@id":"https:\/\/compartilhabahia.com.br\/#\/schema\/person\/9b4f0c3178793b8248d6686732521c04","name":"admin","image":{"@type":"ImageObject","inLanguage":"pt-BR","@id":"https:\/\/compartilhabahia.com.br\/#\/schema\/person\/image\/","url":"https:\/\/secure.gravatar.com\/avatar\/9600df58751c5acbe914c538c03390ef649ea088cb65f84ba09c7ce66988eed6?s=96&d=mm&r=g","contentUrl":"https:\/\/secure.gravatar.com\/avatar\/9600df58751c5acbe914c538c03390ef649ea088cb65f84ba09c7ce66988eed6?s=96&d=mm&r=g","caption":"admin"},"sameAs":["https:\/\/compartilhabahia.com.br"],"url":"https:\/\/compartilhabahia.com.br\/index.php\/author\/compartilhabahia\/"}]}},"_links":{"self":[{"href":"https:\/\/compartilhabahia.com.br\/index.php\/wp-json\/wp\/v2\/posts\/7439","targetHints":{"allow":["GET"]}}],"collection":[{"href":"https:\/\/compartilhabahia.com.br\/index.php\/wp-json\/wp\/v2\/posts"}],"about":[{"href":"https:\/\/compartilhabahia.com.br\/index.php\/wp-json\/wp\/v2\/types\/post"}],"author":[{"embeddable":true,"href":"https:\/\/compartilhabahia.com.br\/index.php\/wp-json\/wp\/v2\/users\/1"}],"replies":[{"embeddable":true,"href":"https:\/\/compartilhabahia.com.br\/index.php\/wp-json\/wp\/v2\/comments?post=7439"}],"version-history":[{"count":1,"href":"https:\/\/compartilhabahia.com.br\/index.php\/wp-json\/wp\/v2\/posts\/7439\/revisions"}],"predecessor-version":[{"id":7441,"href":"https:\/\/compartilhabahia.com.br\/index.php\/wp-json\/wp\/v2\/posts\/7439\/revisions\/7441"}],"wp:featuredmedia":[{"embeddable":true,"href":"https:\/\/compartilhabahia.com.br\/index.php\/wp-json\/wp\/v2\/media\/7440"}],"wp:attachment":[{"href":"https:\/\/compartilhabahia.com.br\/index.php\/wp-json\/wp\/v2\/media?parent=7439"}],"wp:term":[{"taxonomy":"category","embeddable":true,"href":"https:\/\/compartilhabahia.com.br\/index.php\/wp-json\/wp\/v2\/categories?post=7439"},{"taxonomy":"post_tag","embeddable":true,"href":"https:\/\/compartilhabahia.com.br\/index.php\/wp-json\/wp\/v2\/tags?post=7439"}],"curies":[{"name":"wp","href":"https:\/\/api.w.org\/{rel}","templated":true}]}}