{"id":7433,"date":"2025-08-01T15:00:08","date_gmt":"2025-08-01T18:00:08","guid":{"rendered":"https:\/\/compartilhabahia.com.br\/?p=7433"},"modified":"2025-08-01T15:31:18","modified_gmt":"2025-08-01T18:31:18","slug":"caetano-ganha-premio-por-sua-excelente-gestao-sao-joao-mais-organizado-da-bahia","status":"publish","type":"post","link":"https:\/\/compartilhabahia.com.br\/index.php\/2025\/08\/01\/caetano-ganha-premio-por-sua-excelente-gestao-sao-joao-mais-organizado-da-bahia\/","title":{"rendered":"Caetano ganha pr\u00eamio por sua excelente gest\u00e3o: &#8220;S\u00e3o Jo\u00e3o mais organizado da Bahia&#8221;"},"content":{"rendered":"\n<p>Cama\u00e7ari conquista o pr\u00eamio de S\u00e3o Jo\u00e3o mais organizado da Bahia em 2025<\/p>\n\n\n\n<p>Vencedor na categoria Cidade, com o trof\u00e9u de Melhor Organiza\u00e7\u00e3o, Cama\u00e7ari ficou entre os destaques do Pr\u00eamio Melhores do S\u00e3o Jo\u00e3o na Bahia 2025. Em uma noite de celebra\u00e7\u00e3o no Cineteatro 2 de Julho, localizado na sede do Instituto de Radiodifus\u00e3o Educativa da Bahia (IRDEB), no bairro da Federa\u00e7\u00e3o, em Salvador, a 8\u00aa edi\u00e7\u00e3o do evento reconheceu artistas e munic\u00edpios que se destacaram no cen\u00e1rio junino em todo o estado.<\/p>\n\n\n\n<p>O Camaforr\u00f3 concorreu ao pr\u00eamio junto com outros 99 munic\u00edpios e a entrega do t\u00edtulo consolidou a festa como o melhor S\u00e3o Jo\u00e3o da regi\u00e3o. \u201c\u00c9 uma alegria muito grande para n\u00f3s que retomamos esse ano o verdadeiro Camaforr\u00f3. Esse pr\u00eamio \u00e9 para todo o povo de Cama\u00e7ari e tenho certeza que no ano que vem o S\u00e3o Jo\u00e3o ser\u00e1 ainda melhor\u201d, celebrou o prefeito Luiz Caetano.<\/p>\n\n\n\n<figure class=\"wp-block-image size-large is-resized\"><img loading=\"lazy\" decoding=\"async\" width=\"1024\" height=\"682\" src=\"https:\/\/compartilhabahia.com.br\/wp-content\/uploads\/2025\/08\/3a31b126-1f54-40a2-9743-776b7e3a13bc-1024x682.jpg\" alt=\"\" class=\"wp-image-7436\" style=\"width:689px;height:auto\" srcset=\"https:\/\/compartilhabahia.com.br\/wp-content\/uploads\/2025\/08\/3a31b126-1f54-40a2-9743-776b7e3a13bc-1024x682.jpg 1024w, https:\/\/compartilhabahia.com.br\/wp-content\/uploads\/2025\/08\/3a31b126-1f54-40a2-9743-776b7e3a13bc-300x200.jpg 300w, https:\/\/compartilhabahia.com.br\/wp-content\/uploads\/2025\/08\/3a31b126-1f54-40a2-9743-776b7e3a13bc-768x512.jpg 768w, https:\/\/compartilhabahia.com.br\/wp-content\/uploads\/2025\/08\/3a31b126-1f54-40a2-9743-776b7e3a13bc-1200x800.jpg 1200w, https:\/\/compartilhabahia.com.br\/wp-content\/uploads\/2025\/08\/3a31b126-1f54-40a2-9743-776b7e3a13bc.jpg 1280w\" sizes=\"auto, (max-width: 1024px) 100vw, 1024px\" \/><\/figure>\n\n\n\n<p>O gestor esteve na premia\u00e7\u00e3o acompanhado da coordenadora de Eventos, Aline Marques, da secret\u00e1ria de Cultura, Elci Freitas, do secret\u00e1rio de Rela\u00e7\u00f5es Institucionais, Ademar Lopes, do diretor de Comunica\u00e7\u00e3o, Geraldo Honorato, do secret\u00e1rio de Turismo, Patr\u00edcio Oliveira, e do vereador Tagner Cerqueira, l\u00edder do governo na C\u00e2mara Municipal.<\/p>\n\n\n\n<p>O j\u00fari t\u00e9cnico formado por jornalistas, artistas e formadores de opini\u00e3o foi respons\u00e1vel por eleger o Camaforr\u00f3 como vencedor na categoria Melhor Organiza\u00e7\u00e3o. O Pr\u00eamio Melhores do S\u00e3o Jo\u00e3o da Bahia \u00e9 uma realiza\u00e7\u00e3o do portal de festas juninas S\u00e3o Jo\u00e3o na Bahia, com patroc\u00ednio do Governo do Estado, atrav\u00e9s da Secretaria de Turismo, parceria com a Salvador FM e apoio do IRDEB. A apresenta\u00e7\u00e3o ficou a cargo da cantora Jeanne Lima, do jornalista Gabriel Carvalho e do ator Ruan Passos.<\/p>\n\n\n\n<p>Entre os dias 20 e 23 de junho, o Camaforr\u00f3 2025 reuniu m\u00fasica, arte, cultura e tradi\u00e7\u00e3o, com seguran\u00e7a, tranquilidade e ordenamento no Espa\u00e7o Cama\u00e7ari. Em uma edi\u00e7\u00e3o hist\u00f3rica, que reuniu mais de 50 grandes nomes do cen\u00e1rio art\u00edstico local, regional e nacional durante quatro dias, mais de 250 mil pessoas se divertiram com a programa\u00e7\u00e3o do palco principal, Caramanch\u00e3o e da Vila Maria Bonita.<\/p>\n\n\n\n<p>O S\u00e3o Jo\u00e3o em Cama\u00e7ari tamb\u00e9m foi marcado pela inclus\u00e3o, com o Espa\u00e7o PCD e int\u00e9rpretes da L\u00edngua Brasileira de Sinais (Libras) durante os shows, proporcionando acessibilidade, seguran\u00e7a e participa\u00e7\u00e3o ativa das pessoas com defici\u00eancia.<\/p>\n\n\n\n<p>Quem passou pelo espa\u00e7o ainda p\u00f4de curtir a decora\u00e7\u00e3o tem\u00e1tica, que este ano levou travessas com homenagens aos mestres e mestras de cultura, transformando o lugar dos comerciantes em uma verdadeira cidade cenogr\u00e1fica com uma grande pra\u00e7a de alimenta\u00e7\u00e3o a c\u00e9u aberto.<\/p>\n\n\n\n<p>Na for\u00e7a-tarefa para levar alegria ao p\u00fablico, 1.500 profissionais atuaram na organiza\u00e7\u00e3o e montagem da festa. Promovido pela Prefeitura de Cama\u00e7ari, por meio da Coordena\u00e7\u00e3o de Eventos, setor vinculado \u00e0 Secretaria de Governo (Segov), o Camaforr\u00f3 2025 teve atua\u00e7\u00e3o de todos as secretarias e \u00f3rg\u00e3os municipais, e contou tamb\u00e9m com o trabalho das Pol\u00edcias Militar e Civil, do Corpo de Bombeiros Militar da Bahia, do Departamento de Pol\u00edcia T\u00e9cnica, Conselho Tutelar e Secretaria de Sa\u00fade do Estado (Sesab).<\/p>\n\n\n\n<p>O quesito organiza\u00e7\u00e3o ainda alcan\u00e7ou a mobilidade, com a opera\u00e7\u00e3o em hor\u00e1rio especial do sistema emergencial de transporte p\u00fablico. \u00d4nibus que circularam entre 16 roteiros na sede, orla e zona rural, tudo especialmente desenhado para garantir o deslocamento at\u00e9 o evento.<\/p>\n\n\n\n<p>O novo pr\u00eamio se junta ao Selo de Transpar\u00eancia dos Festejos Juninos 2025, concedido pelo Minist\u00e9rio P\u00fablico da Bahia (MP-BA) e pelos Tribunais de Contas do Estado (TCE) e dos Munic\u00edpios (TCM), por meio do Painel da Transpar\u00eancia dos Festejos Juninos, colocando Cama\u00e7ari novamente na rota dos grandes eventos.<\/p>\n\n\n\n<p>Foto: William Rocha<\/p>\n","protected":false},"excerpt":{"rendered":"<p>Cama\u00e7ari conquista o pr\u00eamio de S\u00e3o Jo\u00e3o mais organizado da Bahia em 2025 Vencedor na categoria Cidade, com o trof\u00e9u de Melhor Organiza\u00e7\u00e3o, Cama\u00e7ari ficou entre os destaques do Pr\u00eamio Melhores do S\u00e3o Jo\u00e3o na Bahia 2025. Em uma noite de celebra\u00e7\u00e3o no Cineteatro 2 de Julho, localizado na sede do Instituto de Radiodifus\u00e3o Educativa [&hellip;]<\/p>\n","protected":false},"author":1,"featured_media":7434,"comment_status":"open","ping_status":"open","sticky":false,"template":"","format":"standard","meta":{"footnotes":""},"categories":[8],"tags":[],"class_list":["post-7433","post","type-post","status-publish","format-standard","has-post-thumbnail","hentry","category-camacari"],"yoast_head":"<!-- This site is optimized with the Yoast SEO plugin v21.7 - https:\/\/yoast.com\/wordpress\/plugins\/seo\/ -->\n<title>Caetano ganha pr\u00eamio por sua excelente gest\u00e3o: &quot;S\u00e3o Jo\u00e3o mais organizado da Bahia&quot; - Compartilha Bahia<\/title>\n<meta name=\"robots\" content=\"index, follow, max-snippet:-1, max-image-preview:large, max-video-preview:-1\" \/>\n<link rel=\"canonical\" href=\"https:\/\/compartilhabahia.com.br\/index.php\/2025\/08\/01\/caetano-ganha-premio-por-sua-excelente-gestao-sao-joao-mais-organizado-da-bahia\/\" \/>\n<meta property=\"og:locale\" content=\"pt_BR\" \/>\n<meta property=\"og:type\" content=\"article\" \/>\n<meta property=\"og:title\" content=\"Caetano ganha pr\u00eamio por sua excelente gest\u00e3o: &quot;S\u00e3o Jo\u00e3o mais organizado da Bahia&quot; - Compartilha Bahia\" \/>\n<meta property=\"og:description\" content=\"Cama\u00e7ari conquista o pr\u00eamio de S\u00e3o Jo\u00e3o mais organizado da Bahia em 2025 Vencedor na categoria Cidade, com o trof\u00e9u de Melhor Organiza\u00e7\u00e3o, Cama\u00e7ari ficou entre os destaques do Pr\u00eamio Melhores do S\u00e3o Jo\u00e3o na Bahia 2025. Em uma noite de celebra\u00e7\u00e3o no Cineteatro 2 de Julho, localizado na sede do Instituto de Radiodifus\u00e3o Educativa [&hellip;]\" \/>\n<meta property=\"og:url\" content=\"https:\/\/compartilhabahia.com.br\/index.php\/2025\/08\/01\/caetano-ganha-premio-por-sua-excelente-gestao-sao-joao-mais-organizado-da-bahia\/\" \/>\n<meta property=\"og:site_name\" content=\"Compartilha Bahia\" \/>\n<meta property=\"article:publisher\" content=\"https:\/\/web.facebook.com\/compartilhabahia\" \/>\n<meta property=\"article:published_time\" content=\"2025-08-01T18:00:08+00:00\" \/>\n<meta property=\"article:modified_time\" content=\"2025-08-01T18:31:18+00:00\" \/>\n<meta property=\"og:image\" content=\"https:\/\/compartilhabahia.com.br\/wp-content\/uploads\/2025\/08\/caetanopremio.jpg\" \/>\n\t<meta property=\"og:image:width\" content=\"896\" \/>\n\t<meta property=\"og:image:height\" content=\"752\" \/>\n\t<meta property=\"og:image:type\" content=\"image\/jpeg\" \/>\n<meta name=\"author\" content=\"admin\" \/>\n<meta name=\"twitter:card\" content=\"summary_large_image\" \/>\n<meta name=\"twitter:label1\" content=\"Escrito por\" \/>\n\t<meta name=\"twitter:data1\" content=\"admin\" \/>\n\t<meta name=\"twitter:label2\" content=\"Est. tempo de leitura\" \/>\n\t<meta name=\"twitter:data2\" content=\"4 minutos\" \/>\n<script type=\"application\/ld+json\" class=\"yoast-schema-graph\">{\"@context\":\"https:\/\/schema.org\",\"@graph\":[{\"@type\":\"Article\",\"@id\":\"https:\/\/compartilhabahia.com.br\/index.php\/2025\/08\/01\/caetano-ganha-premio-por-sua-excelente-gestao-sao-joao-mais-organizado-da-bahia\/#article\",\"isPartOf\":{\"@id\":\"https:\/\/compartilhabahia.com.br\/index.php\/2025\/08\/01\/caetano-ganha-premio-por-sua-excelente-gestao-sao-joao-mais-organizado-da-bahia\/\"},\"author\":{\"name\":\"admin\",\"@id\":\"https:\/\/compartilhabahia.com.br\/#\/schema\/person\/9b4f0c3178793b8248d6686732521c04\"},\"headline\":\"Caetano ganha pr\u00eamio por sua excelente gest\u00e3o: &#8220;S\u00e3o Jo\u00e3o mais organizado da Bahia&#8221;\",\"datePublished\":\"2025-08-01T18:00:08+00:00\",\"dateModified\":\"2025-08-01T18:31:18+00:00\",\"mainEntityOfPage\":{\"@id\":\"https:\/\/compartilhabahia.com.br\/index.php\/2025\/08\/01\/caetano-ganha-premio-por-sua-excelente-gestao-sao-joao-mais-organizado-da-bahia\/\"},\"wordCount\":695,\"commentCount\":0,\"publisher\":{\"@id\":\"https:\/\/compartilhabahia.com.br\/#organization\"},\"articleSection\":[\"Cama\u00e7ari\"],\"inLanguage\":\"pt-BR\",\"potentialAction\":[{\"@type\":\"CommentAction\",\"name\":\"Comment\",\"target\":[\"https:\/\/compartilhabahia.com.br\/index.php\/2025\/08\/01\/caetano-ganha-premio-por-sua-excelente-gestao-sao-joao-mais-organizado-da-bahia\/#respond\"]}]},{\"@type\":\"WebPage\",\"@id\":\"https:\/\/compartilhabahia.com.br\/index.php\/2025\/08\/01\/caetano-ganha-premio-por-sua-excelente-gestao-sao-joao-mais-organizado-da-bahia\/\",\"url\":\"https:\/\/compartilhabahia.com.br\/index.php\/2025\/08\/01\/caetano-ganha-premio-por-sua-excelente-gestao-sao-joao-mais-organizado-da-bahia\/\",\"name\":\"Caetano ganha pr\u00eamio por sua excelente gest\u00e3o: \\\"S\u00e3o Jo\u00e3o mais organizado da Bahia\\\" - Compartilha Bahia\",\"isPartOf\":{\"@id\":\"https:\/\/compartilhabahia.com.br\/#website\"},\"datePublished\":\"2025-08-01T18:00:08+00:00\",\"dateModified\":\"2025-08-01T18:31:18+00:00\",\"breadcrumb\":{\"@id\":\"https:\/\/compartilhabahia.com.br\/index.php\/2025\/08\/01\/caetano-ganha-premio-por-sua-excelente-gestao-sao-joao-mais-organizado-da-bahia\/#breadcrumb\"},\"inLanguage\":\"pt-BR\",\"potentialAction\":[{\"@type\":\"ReadAction\",\"target\":[\"https:\/\/compartilhabahia.com.br\/index.php\/2025\/08\/01\/caetano-ganha-premio-por-sua-excelente-gestao-sao-joao-mais-organizado-da-bahia\/\"]}]},{\"@type\":\"BreadcrumbList\",\"@id\":\"https:\/\/compartilhabahia.com.br\/index.php\/2025\/08\/01\/caetano-ganha-premio-por-sua-excelente-gestao-sao-joao-mais-organizado-da-bahia\/#breadcrumb\",\"itemListElement\":[{\"@type\":\"ListItem\",\"position\":1,\"name\":\"In\u00edcio\",\"item\":\"https:\/\/compartilhabahia.com.br\/\"},{\"@type\":\"ListItem\",\"position\":2,\"name\":\"Caetano ganha pr\u00eamio por sua excelente gest\u00e3o: &#8220;S\u00e3o Jo\u00e3o mais organizado da Bahia&#8221;\"}]},{\"@type\":\"WebSite\",\"@id\":\"https:\/\/compartilhabahia.com.br\/#website\",\"url\":\"https:\/\/compartilhabahia.com.br\/\",\"name\":\"Compartilha Bahia\",\"description\":\"\",\"publisher\":{\"@id\":\"https:\/\/compartilhabahia.com.br\/#organization\"},\"potentialAction\":[{\"@type\":\"SearchAction\",\"target\":{\"@type\":\"EntryPoint\",\"urlTemplate\":\"https:\/\/compartilhabahia.com.br\/?s={search_term_string}\"},\"query-input\":\"required name=search_term_string\"}],\"inLanguage\":\"pt-BR\"},{\"@type\":\"Organization\",\"@id\":\"https:\/\/compartilhabahia.com.br\/#organization\",\"name\":\"Compartilha Bahia\",\"url\":\"https:\/\/compartilhabahia.com.br\/\",\"logo\":{\"@type\":\"ImageObject\",\"inLanguage\":\"pt-BR\",\"@id\":\"https:\/\/compartilhabahia.com.br\/#\/schema\/logo\/image\/\",\"url\":\"https:\/\/compartilhabahia.com.br\/wp-content\/uploads\/2023\/12\/cropped-logo.png\",\"contentUrl\":\"https:\/\/compartilhabahia.com.br\/wp-content\/uploads\/2023\/12\/cropped-logo.png\",\"width\":300,\"height\":106,\"caption\":\"Compartilha Bahia\"},\"image\":{\"@id\":\"https:\/\/compartilhabahia.com.br\/#\/schema\/logo\/image\/\"},\"sameAs\":[\"https:\/\/web.facebook.com\/compartilhabahia\",\"https:\/\/www.instagram.com\/compartilhabahia\/\"]},{\"@type\":\"Person\",\"@id\":\"https:\/\/compartilhabahia.com.br\/#\/schema\/person\/9b4f0c3178793b8248d6686732521c04\",\"name\":\"admin\",\"image\":{\"@type\":\"ImageObject\",\"inLanguage\":\"pt-BR\",\"@id\":\"https:\/\/compartilhabahia.com.br\/#\/schema\/person\/image\/\",\"url\":\"https:\/\/secure.gravatar.com\/avatar\/9600df58751c5acbe914c538c03390ef649ea088cb65f84ba09c7ce66988eed6?s=96&d=mm&r=g\",\"contentUrl\":\"https:\/\/secure.gravatar.com\/avatar\/9600df58751c5acbe914c538c03390ef649ea088cb65f84ba09c7ce66988eed6?s=96&d=mm&r=g\",\"caption\":\"admin\"},\"sameAs\":[\"https:\/\/compartilhabahia.com.br\"],\"url\":\"https:\/\/compartilhabahia.com.br\/index.php\/author\/compartilhabahia\/\"}]}<\/script>\n<!-- \/ Yoast SEO plugin. -->","yoast_head_json":{"title":"Caetano ganha pr\u00eamio por sua excelente gest\u00e3o: \"S\u00e3o Jo\u00e3o mais organizado da Bahia\" - Compartilha Bahia","robots":{"index":"index","follow":"follow","max-snippet":"max-snippet:-1","max-image-preview":"max-image-preview:large","max-video-preview":"max-video-preview:-1"},"canonical":"https:\/\/compartilhabahia.com.br\/index.php\/2025\/08\/01\/caetano-ganha-premio-por-sua-excelente-gestao-sao-joao-mais-organizado-da-bahia\/","og_locale":"pt_BR","og_type":"article","og_title":"Caetano ganha pr\u00eamio por sua excelente gest\u00e3o: \"S\u00e3o Jo\u00e3o mais organizado da Bahia\" - Compartilha Bahia","og_description":"Cama\u00e7ari conquista o pr\u00eamio de S\u00e3o Jo\u00e3o mais organizado da Bahia em 2025 Vencedor na categoria Cidade, com o trof\u00e9u de Melhor Organiza\u00e7\u00e3o, Cama\u00e7ari ficou entre os destaques do Pr\u00eamio Melhores do S\u00e3o Jo\u00e3o na Bahia 2025. Em uma noite de celebra\u00e7\u00e3o no Cineteatro 2 de Julho, localizado na sede do Instituto de Radiodifus\u00e3o Educativa [&hellip;]","og_url":"https:\/\/compartilhabahia.com.br\/index.php\/2025\/08\/01\/caetano-ganha-premio-por-sua-excelente-gestao-sao-joao-mais-organizado-da-bahia\/","og_site_name":"Compartilha Bahia","article_publisher":"https:\/\/web.facebook.com\/compartilhabahia","article_published_time":"2025-08-01T18:00:08+00:00","article_modified_time":"2025-08-01T18:31:18+00:00","og_image":[{"width":896,"height":752,"url":"https:\/\/compartilhabahia.com.br\/wp-content\/uploads\/2025\/08\/caetanopremio.jpg","type":"image\/jpeg"}],"author":"admin","twitter_card":"summary_large_image","twitter_misc":{"Escrito por":"admin","Est. tempo de leitura":"4 minutos"},"schema":{"@context":"https:\/\/schema.org","@graph":[{"@type":"Article","@id":"https:\/\/compartilhabahia.com.br\/index.php\/2025\/08\/01\/caetano-ganha-premio-por-sua-excelente-gestao-sao-joao-mais-organizado-da-bahia\/#article","isPartOf":{"@id":"https:\/\/compartilhabahia.com.br\/index.php\/2025\/08\/01\/caetano-ganha-premio-por-sua-excelente-gestao-sao-joao-mais-organizado-da-bahia\/"},"author":{"name":"admin","@id":"https:\/\/compartilhabahia.com.br\/#\/schema\/person\/9b4f0c3178793b8248d6686732521c04"},"headline":"Caetano ganha pr\u00eamio por sua excelente gest\u00e3o: &#8220;S\u00e3o Jo\u00e3o mais organizado da Bahia&#8221;","datePublished":"2025-08-01T18:00:08+00:00","dateModified":"2025-08-01T18:31:18+00:00","mainEntityOfPage":{"@id":"https:\/\/compartilhabahia.com.br\/index.php\/2025\/08\/01\/caetano-ganha-premio-por-sua-excelente-gestao-sao-joao-mais-organizado-da-bahia\/"},"wordCount":695,"commentCount":0,"publisher":{"@id":"https:\/\/compartilhabahia.com.br\/#organization"},"articleSection":["Cama\u00e7ari"],"inLanguage":"pt-BR","potentialAction":[{"@type":"CommentAction","name":"Comment","target":["https:\/\/compartilhabahia.com.br\/index.php\/2025\/08\/01\/caetano-ganha-premio-por-sua-excelente-gestao-sao-joao-mais-organizado-da-bahia\/#respond"]}]},{"@type":"WebPage","@id":"https:\/\/compartilhabahia.com.br\/index.php\/2025\/08\/01\/caetano-ganha-premio-por-sua-excelente-gestao-sao-joao-mais-organizado-da-bahia\/","url":"https:\/\/compartilhabahia.com.br\/index.php\/2025\/08\/01\/caetano-ganha-premio-por-sua-excelente-gestao-sao-joao-mais-organizado-da-bahia\/","name":"Caetano ganha pr\u00eamio por sua excelente gest\u00e3o: \"S\u00e3o Jo\u00e3o mais organizado da Bahia\" - Compartilha Bahia","isPartOf":{"@id":"https:\/\/compartilhabahia.com.br\/#website"},"datePublished":"2025-08-01T18:00:08+00:00","dateModified":"2025-08-01T18:31:18+00:00","breadcrumb":{"@id":"https:\/\/compartilhabahia.com.br\/index.php\/2025\/08\/01\/caetano-ganha-premio-por-sua-excelente-gestao-sao-joao-mais-organizado-da-bahia\/#breadcrumb"},"inLanguage":"pt-BR","potentialAction":[{"@type":"ReadAction","target":["https:\/\/compartilhabahia.com.br\/index.php\/2025\/08\/01\/caetano-ganha-premio-por-sua-excelente-gestao-sao-joao-mais-organizado-da-bahia\/"]}]},{"@type":"BreadcrumbList","@id":"https:\/\/compartilhabahia.com.br\/index.php\/2025\/08\/01\/caetano-ganha-premio-por-sua-excelente-gestao-sao-joao-mais-organizado-da-bahia\/#breadcrumb","itemListElement":[{"@type":"ListItem","position":1,"name":"In\u00edcio","item":"https:\/\/compartilhabahia.com.br\/"},{"@type":"ListItem","position":2,"name":"Caetano ganha pr\u00eamio por sua excelente gest\u00e3o: &#8220;S\u00e3o Jo\u00e3o mais organizado da Bahia&#8221;"}]},{"@type":"WebSite","@id":"https:\/\/compartilhabahia.com.br\/#website","url":"https:\/\/compartilhabahia.com.br\/","name":"Compartilha Bahia","description":"","publisher":{"@id":"https:\/\/compartilhabahia.com.br\/#organization"},"potentialAction":[{"@type":"SearchAction","target":{"@type":"EntryPoint","urlTemplate":"https:\/\/compartilhabahia.com.br\/?s={search_term_string}"},"query-input":"required name=search_term_string"}],"inLanguage":"pt-BR"},{"@type":"Organization","@id":"https:\/\/compartilhabahia.com.br\/#organization","name":"Compartilha Bahia","url":"https:\/\/compartilhabahia.com.br\/","logo":{"@type":"ImageObject","inLanguage":"pt-BR","@id":"https:\/\/compartilhabahia.com.br\/#\/schema\/logo\/image\/","url":"https:\/\/compartilhabahia.com.br\/wp-content\/uploads\/2023\/12\/cropped-logo.png","contentUrl":"https:\/\/compartilhabahia.com.br\/wp-content\/uploads\/2023\/12\/cropped-logo.png","width":300,"height":106,"caption":"Compartilha Bahia"},"image":{"@id":"https:\/\/compartilhabahia.com.br\/#\/schema\/logo\/image\/"},"sameAs":["https:\/\/web.facebook.com\/compartilhabahia","https:\/\/www.instagram.com\/compartilhabahia\/"]},{"@type":"Person","@id":"https:\/\/compartilhabahia.com.br\/#\/schema\/person\/9b4f0c3178793b8248d6686732521c04","name":"admin","image":{"@type":"ImageObject","inLanguage":"pt-BR","@id":"https:\/\/compartilhabahia.com.br\/#\/schema\/person\/image\/","url":"https:\/\/secure.gravatar.com\/avatar\/9600df58751c5acbe914c538c03390ef649ea088cb65f84ba09c7ce66988eed6?s=96&d=mm&r=g","contentUrl":"https:\/\/secure.gravatar.com\/avatar\/9600df58751c5acbe914c538c03390ef649ea088cb65f84ba09c7ce66988eed6?s=96&d=mm&r=g","caption":"admin"},"sameAs":["https:\/\/compartilhabahia.com.br"],"url":"https:\/\/compartilhabahia.com.br\/index.php\/author\/compartilhabahia\/"}]}},"_links":{"self":[{"href":"https:\/\/compartilhabahia.com.br\/index.php\/wp-json\/wp\/v2\/posts\/7433","targetHints":{"allow":["GET"]}}],"collection":[{"href":"https:\/\/compartilhabahia.com.br\/index.php\/wp-json\/wp\/v2\/posts"}],"about":[{"href":"https:\/\/compartilhabahia.com.br\/index.php\/wp-json\/wp\/v2\/types\/post"}],"author":[{"embeddable":true,"href":"https:\/\/compartilhabahia.com.br\/index.php\/wp-json\/wp\/v2\/users\/1"}],"replies":[{"embeddable":true,"href":"https:\/\/compartilhabahia.com.br\/index.php\/wp-json\/wp\/v2\/comments?post=7433"}],"version-history":[{"count":2,"href":"https:\/\/compartilhabahia.com.br\/index.php\/wp-json\/wp\/v2\/posts\/7433\/revisions"}],"predecessor-version":[{"id":7437,"href":"https:\/\/compartilhabahia.com.br\/index.php\/wp-json\/wp\/v2\/posts\/7433\/revisions\/7437"}],"wp:featuredmedia":[{"embeddable":true,"href":"https:\/\/compartilhabahia.com.br\/index.php\/wp-json\/wp\/v2\/media\/7434"}],"wp:attachment":[{"href":"https:\/\/compartilhabahia.com.br\/index.php\/wp-json\/wp\/v2\/media?parent=7433"}],"wp:term":[{"taxonomy":"category","embeddable":true,"href":"https:\/\/compartilhabahia.com.br\/index.php\/wp-json\/wp\/v2\/categories?post=7433"},{"taxonomy":"post_tag","embeddable":true,"href":"https:\/\/compartilhabahia.com.br\/index.php\/wp-json\/wp\/v2\/tags?post=7433"}],"curies":[{"name":"wp","href":"https:\/\/api.w.org\/{rel}","templated":true}]}}