{"id":7428,"date":"2025-08-01T14:51:28","date_gmt":"2025-08-01T17:51:28","guid":{"rendered":"https:\/\/compartilhabahia.com.br\/?p=7428"},"modified":"2025-08-01T14:51:30","modified_gmt":"2025-08-01T17:51:30","slug":"essa-merece-os-parabens-unifal-e-referencia-atendendo-pacientes-com-doenca-falciforme","status":"publish","type":"post","link":"https:\/\/compartilhabahia.com.br\/index.php\/2025\/08\/01\/essa-merece-os-parabens-unifal-e-referencia-atendendo-pacientes-com-doenca-falciforme\/","title":{"rendered":"Essa merece os parab\u00e9ns: Unifal \u00e9 refer\u00eancia atendendo pacientes com doen\u00e7a falciforme"},"content":{"rendered":"\n<p>Com mais de 900 usu\u00e1rios, Unifal \u00e9 refer\u00eancia no atendimento a pacientes com doen\u00e7a falciforme<\/p>\n\n\n\n<p>O Centro Especializado em Doen\u00e7a Falciforme de Cama\u00e7ari (Unifal), gerido pela Secretaria de Sa\u00fade (Sesau), segue como refer\u00eancia, com atendimento regular a 345 pacientes com doen\u00e7a falciforme. A unidade tamb\u00e9m atende pacientes com outras condi\u00e7\u00f5es relacionadas \u00e0s hemoglobinopatias (doen\u00e7as do sangue), totalizando atualmente 922 usu\u00e1rios vinculados.<\/p>\n\n\n\n<figure class=\"wp-block-image size-full is-resized\"><img loading=\"lazy\" decoding=\"async\" width=\"800\" height=\"533\" src=\"https:\/\/compartilhabahia.com.br\/wp-content\/uploads\/2025\/08\/unifalatende.jpg\" alt=\"\" class=\"wp-image-7430\" style=\"width:644px;height:auto\" srcset=\"https:\/\/compartilhabahia.com.br\/wp-content\/uploads\/2025\/08\/unifalatende.jpg 800w, https:\/\/compartilhabahia.com.br\/wp-content\/uploads\/2025\/08\/unifalatende-300x200.jpg 300w, https:\/\/compartilhabahia.com.br\/wp-content\/uploads\/2025\/08\/unifalatende-768x512.jpg 768w\" sizes=\"auto, (max-width: 800px) 100vw, 800px\" \/><\/figure>\n\n\n\n<p>Entre janeiro e junho de 2025, o equipamento j\u00e1 realizou 1.242 atendimentos, abrangendo especialidades como Hematologia, Hematopediatria, Psicologia, Nutri\u00e7\u00e3o, Enfermagem e Servi\u00e7o Social. O local tamb\u00e9m oferece suporte ao uso da hidroxiureia, medicamento fundamental no tratamento de pacientes falciformes, e realiza orienta\u00e7\u00e3o para pessoas com tra\u00e7o falciforme, ou seja, que t\u00eam uma c\u00f3pia do gene que causa a anemia falciforme e uma do gene normal, n\u00e3o apresentando sintomas, mas podendo passar o tra\u00e7o para o filho.<\/p>\n\n\n\n<p>O diagn\u00f3stico da doen\u00e7a falciforme \u00e9 feito principalmente no Programa Nacional de Triagem Neonatal (PNTN), conhecido como \u201cteste de pezinho\u201d. \u00c9 o que explicou a coordenadora do Unifal, \u00c9rica Lima. \u201cCrian\u00e7as a partir dos quatro meses de idade, jovens e adultos que ainda n\u00e3o fizeram o diagn\u00f3stico para detec\u00e7\u00e3o da doen\u00e7a podem realizar o exame de sangue chamado de eletroforese de hemoglobina, dispon\u00edvel no SUS. Esse exame tamb\u00e9m est\u00e1 inserido na rotina do pr\u00e9-natal\u201d, destacou.<\/p>\n\n\n\n<figure class=\"wp-block-image size-large is-resized\"><img loading=\"lazy\" decoding=\"async\" width=\"1024\" height=\"682\" src=\"https:\/\/compartilhabahia.com.br\/wp-content\/uploads\/2025\/08\/WhatsApp-Image-2025-08-01-at-12.37.06-1024x682.jpeg\" alt=\"\" class=\"wp-image-7431\" style=\"width:610px;height:auto\" srcset=\"https:\/\/compartilhabahia.com.br\/wp-content\/uploads\/2025\/08\/WhatsApp-Image-2025-08-01-at-12.37.06-1024x682.jpeg 1024w, https:\/\/compartilhabahia.com.br\/wp-content\/uploads\/2025\/08\/WhatsApp-Image-2025-08-01-at-12.37.06-300x200.jpeg 300w, https:\/\/compartilhabahia.com.br\/wp-content\/uploads\/2025\/08\/WhatsApp-Image-2025-08-01-at-12.37.06-768x512.jpeg 768w, https:\/\/compartilhabahia.com.br\/wp-content\/uploads\/2025\/08\/WhatsApp-Image-2025-08-01-at-12.37.06-1536x1023.jpeg 1536w, https:\/\/compartilhabahia.com.br\/wp-content\/uploads\/2025\/08\/WhatsApp-Image-2025-08-01-at-12.37.06-1200x800.jpeg 1200w, https:\/\/compartilhabahia.com.br\/wp-content\/uploads\/2025\/08\/WhatsApp-Image-2025-08-01-at-12.37.06.jpeg 1600w\" sizes=\"auto, (max-width: 1024px) 100vw, 1024px\" \/><\/figure>\n\n\n\n<p>Entre os atendidos no centro est\u00e1 a pequena Maria Julia dos Santos, de 3 anos, que esteve na unidade acompanhada da m\u00e3e, Diogiana dos Santos, 38 anos. \u201cDesde que minha filha nasceu, ela faz consultas regulares de Hematopediatria no Unifal. O atendimento \u00e9 \u00f3timo\u201d, relatou a moradora de Vila de Abrantes.<\/p>\n\n\n\n<p>Outra paciente, Jade Vasconcelos, de 5 anos, \u00e9 acompanhada no local desde o primeiro ano de vida. \u00c9 o que contou a m\u00e3e, Silvania Vasconcelos, 46 anos. \u201cA cada tr\u00eas meses ela passa pela especialidade. O atendimento \u00e9 acess\u00edvel e bom. \u00c9 importante ter uma unidade de refer\u00eancia como essa no munic\u00edpio\u201d, avaliou a residente de Barra do Pojuca.<\/p>\n\n\n\n<p>O acesso ao centro pode ser feito por demanda espont\u00e2nea ou por encaminhamento de servi\u00e7os de sa\u00fade municipais ou privados. Para ser atendido, o paciente deve apresentar a Ficha de Refer\u00eancia e Contrarrefer\u00eancia devidamente preenchida, resultado de exames laboratoriais com at\u00e9 tr\u00eas meses, documento de identifica\u00e7\u00e3o oficial com foto, Cart\u00e3o do SUS e comprovante de resid\u00eancia.<\/p>\n\n\n\n<p>O Unifal est\u00e1 localizado na Rua Oito de Dezembro, n\u00ba. 59, Centro. O atendimento ao p\u00fablico acontece de segunda a sexta-feira, das 8h \u00e0s 17h. O telefone de contato \u00e9 o (71) 3454-0179.<\/p>\n\n\n\n<p>Doen\u00e7a falciforme<\/p>\n\n\n\n<p>A doen\u00e7a falciforme \u00e9 uma doen\u00e7a gen\u00e9tica e heredit\u00e1ria caracterizada por uma muta\u00e7\u00e3o no gene que produz a hemoglobina (HbA), fazendo surgir uma hemoglobina mutante denominada \u201cS\u201d (HbS), que \u00e9 de heran\u00e7a recessiva. Existem outras hemoglobinas mutantes (C, D, E, etc.), que em par com a S, constitui-se num grupo denominado de doen\u00e7a falciforme.<\/p>\n\n\n\n<p>A anemia falciforme \u00e9 a forma HbSS. Apesar das particularidades que distinguem as doen\u00e7as falciformes e das variadas gravidades, todas essas doen\u00e7as t\u00eam manifesta\u00e7\u00f5es cl\u00ednicas e hematol\u00f3gicas semelhantes.<\/p>\n\n\n\n<p>Nas pessoas com doen\u00e7a falciforme, as hem\u00e1cias (gl\u00f3bulos vermelhos do sangue) que em condi\u00e7\u00f5es adequadas s\u00e3o redondas, assumem a forma de \u201cmeia lua\u201d ou \u201cfoice\u201d. Essa mudan\u00e7a de formato ocorre em situa\u00e7\u00f5es de esfor\u00e7o f\u00edsico, estresse, frio, traumas, desidrata\u00e7\u00e3o, infec\u00e7\u00f5es, entre outros.<\/p>\n\n\n\n<p>Nesse formato, os gl\u00f3bulos vermelhos n\u00e3o oxigenam o organismo de maneira satisfat\u00f3ria porque t\u00eam dificuldade de passar pelos vasos sangu\u00edneos, causando m\u00e1 circula\u00e7\u00e3o em quase todo o corpo. As manifesta\u00e7\u00f5es cl\u00ednicas podem afetar, assim, quase todos os \u00f3rg\u00e3os e sistemas, ocorrendo a partir do primeiro ano e se estendendo por toda a vida. As principais, incluem crises de dor, icter\u00edcia, anemia, infec\u00e7\u00f5es, s\u00edndrome m\u00e3o-p\u00e9, crise de sequestra\u00e7\u00e3o espl\u00eanica, acidente vascular encef\u00e1lico, s\u00edndrome tor\u00e1cica aguda, ulcera\u00e7\u00f5es, complica\u00e7\u00f5es renais, oculares, dentre outras, incluindo complica\u00e7\u00f5es tardias relacionadas \u00e0 sobrecarga de ferro secund\u00e1rio \u00e0s transfus\u00f5es.<\/p>\n\n\n\n<p>\u00c9 importante que as pessoas com doen\u00e7a falciforme participem do Censo da Doen\u00e7a Falciforme (DF) realizado pelo Centro Estadual de Refer\u00eancia \u00e0s Pessoas com Doen\u00e7a Falciforme Rilza Valentim (CERPDFRV\/HEMOBA), juntamente com a Secretaria de Sa\u00fade do Estado da Bahia (Sesab). O question\u00e1rio, que tem o objetivo de mapear o perfil dos pacientes no estado, est\u00e1 dispon\u00edvel no site da Funda\u00e7\u00e3o Hemoba ou atrav\u00e9s deste link (https:\/\/formulariohemoba.saude.ba.gov.br\/#\/cadastro-pessoa).<\/p>\n\n\n\n<p>Foto: Juliano Sarraf<\/p>\n","protected":false},"excerpt":{"rendered":"<p>Com mais de 900 usu\u00e1rios, Unifal \u00e9 refer\u00eancia no atendimento a pacientes com doen\u00e7a falciforme O Centro Especializado em Doen\u00e7a Falciforme de Cama\u00e7ari (Unifal), gerido pela Secretaria de Sa\u00fade (Sesau), segue como refer\u00eancia, com atendimento regular a 345 pacientes com doen\u00e7a falciforme. A unidade tamb\u00e9m atende pacientes com outras condi\u00e7\u00f5es relacionadas \u00e0s hemoglobinopatias (doen\u00e7as do [&hellip;]<\/p>\n","protected":false},"author":1,"featured_media":7429,"comment_status":"open","ping_status":"open","sticky":false,"template":"","format":"standard","meta":{"footnotes":""},"categories":[8],"tags":[],"class_list":["post-7428","post","type-post","status-publish","format-standard","has-post-thumbnail","hentry","category-camacari"],"yoast_head":"<!-- This site is optimized with the Yoast SEO plugin v21.7 - https:\/\/yoast.com\/wordpress\/plugins\/seo\/ -->\n<title>Essa merece os parab\u00e9ns: Unifal \u00e9 refer\u00eancia atendendo pacientes com doen\u00e7a falciforme - Compartilha Bahia<\/title>\n<meta name=\"robots\" content=\"index, follow, max-snippet:-1, max-image-preview:large, max-video-preview:-1\" \/>\n<link rel=\"canonical\" href=\"https:\/\/compartilhabahia.com.br\/index.php\/2025\/08\/01\/essa-merece-os-parabens-unifal-e-referencia-atendendo-pacientes-com-doenca-falciforme\/\" \/>\n<meta property=\"og:locale\" content=\"pt_BR\" \/>\n<meta property=\"og:type\" content=\"article\" \/>\n<meta property=\"og:title\" content=\"Essa merece os parab\u00e9ns: Unifal \u00e9 refer\u00eancia atendendo pacientes com doen\u00e7a falciforme - Compartilha Bahia\" \/>\n<meta property=\"og:description\" content=\"Com mais de 900 usu\u00e1rios, Unifal \u00e9 refer\u00eancia no atendimento a pacientes com doen\u00e7a falciforme O Centro Especializado em Doen\u00e7a Falciforme de Cama\u00e7ari (Unifal), gerido pela Secretaria de Sa\u00fade (Sesau), segue como refer\u00eancia, com atendimento regular a 345 pacientes com doen\u00e7a falciforme. A unidade tamb\u00e9m atende pacientes com outras condi\u00e7\u00f5es relacionadas \u00e0s hemoglobinopatias (doen\u00e7as do [&hellip;]\" \/>\n<meta property=\"og:url\" content=\"https:\/\/compartilhabahia.com.br\/index.php\/2025\/08\/01\/essa-merece-os-parabens-unifal-e-referencia-atendendo-pacientes-com-doenca-falciforme\/\" \/>\n<meta property=\"og:site_name\" content=\"Compartilha Bahia\" \/>\n<meta property=\"article:publisher\" content=\"https:\/\/web.facebook.com\/compartilhabahia\" \/>\n<meta property=\"article:published_time\" content=\"2025-08-01T17:51:28+00:00\" \/>\n<meta property=\"article:modified_time\" content=\"2025-08-01T17:51:30+00:00\" \/>\n<meta property=\"og:image\" content=\"https:\/\/compartilhabahia.com.br\/wp-content\/uploads\/2025\/08\/unifal.jpg\" \/>\n\t<meta property=\"og:image:width\" content=\"800\" \/>\n\t<meta property=\"og:image:height\" content=\"533\" \/>\n\t<meta property=\"og:image:type\" content=\"image\/jpeg\" \/>\n<meta name=\"author\" content=\"admin\" \/>\n<meta name=\"twitter:card\" content=\"summary_large_image\" \/>\n<meta name=\"twitter:label1\" content=\"Escrito por\" \/>\n\t<meta name=\"twitter:data1\" content=\"admin\" \/>\n\t<meta name=\"twitter:label2\" content=\"Est. tempo de leitura\" \/>\n\t<meta name=\"twitter:data2\" content=\"5 minutos\" \/>\n<script type=\"application\/ld+json\" class=\"yoast-schema-graph\">{\"@context\":\"https:\/\/schema.org\",\"@graph\":[{\"@type\":\"Article\",\"@id\":\"https:\/\/compartilhabahia.com.br\/index.php\/2025\/08\/01\/essa-merece-os-parabens-unifal-e-referencia-atendendo-pacientes-com-doenca-falciforme\/#article\",\"isPartOf\":{\"@id\":\"https:\/\/compartilhabahia.com.br\/index.php\/2025\/08\/01\/essa-merece-os-parabens-unifal-e-referencia-atendendo-pacientes-com-doenca-falciforme\/\"},\"author\":{\"name\":\"admin\",\"@id\":\"https:\/\/compartilhabahia.com.br\/#\/schema\/person\/9b4f0c3178793b8248d6686732521c04\"},\"headline\":\"Essa merece os parab\u00e9ns: Unifal \u00e9 refer\u00eancia atendendo pacientes com doen\u00e7a falciforme\",\"datePublished\":\"2025-08-01T17:51:28+00:00\",\"dateModified\":\"2025-08-01T17:51:30+00:00\",\"mainEntityOfPage\":{\"@id\":\"https:\/\/compartilhabahia.com.br\/index.php\/2025\/08\/01\/essa-merece-os-parabens-unifal-e-referencia-atendendo-pacientes-com-doenca-falciforme\/\"},\"wordCount\":797,\"commentCount\":0,\"publisher\":{\"@id\":\"https:\/\/compartilhabahia.com.br\/#organization\"},\"articleSection\":[\"Cama\u00e7ari\"],\"inLanguage\":\"pt-BR\",\"potentialAction\":[{\"@type\":\"CommentAction\",\"name\":\"Comment\",\"target\":[\"https:\/\/compartilhabahia.com.br\/index.php\/2025\/08\/01\/essa-merece-os-parabens-unifal-e-referencia-atendendo-pacientes-com-doenca-falciforme\/#respond\"]}]},{\"@type\":\"WebPage\",\"@id\":\"https:\/\/compartilhabahia.com.br\/index.php\/2025\/08\/01\/essa-merece-os-parabens-unifal-e-referencia-atendendo-pacientes-com-doenca-falciforme\/\",\"url\":\"https:\/\/compartilhabahia.com.br\/index.php\/2025\/08\/01\/essa-merece-os-parabens-unifal-e-referencia-atendendo-pacientes-com-doenca-falciforme\/\",\"name\":\"Essa merece os parab\u00e9ns: Unifal \u00e9 refer\u00eancia atendendo pacientes com doen\u00e7a falciforme - Compartilha Bahia\",\"isPartOf\":{\"@id\":\"https:\/\/compartilhabahia.com.br\/#website\"},\"datePublished\":\"2025-08-01T17:51:28+00:00\",\"dateModified\":\"2025-08-01T17:51:30+00:00\",\"breadcrumb\":{\"@id\":\"https:\/\/compartilhabahia.com.br\/index.php\/2025\/08\/01\/essa-merece-os-parabens-unifal-e-referencia-atendendo-pacientes-com-doenca-falciforme\/#breadcrumb\"},\"inLanguage\":\"pt-BR\",\"potentialAction\":[{\"@type\":\"ReadAction\",\"target\":[\"https:\/\/compartilhabahia.com.br\/index.php\/2025\/08\/01\/essa-merece-os-parabens-unifal-e-referencia-atendendo-pacientes-com-doenca-falciforme\/\"]}]},{\"@type\":\"BreadcrumbList\",\"@id\":\"https:\/\/compartilhabahia.com.br\/index.php\/2025\/08\/01\/essa-merece-os-parabens-unifal-e-referencia-atendendo-pacientes-com-doenca-falciforme\/#breadcrumb\",\"itemListElement\":[{\"@type\":\"ListItem\",\"position\":1,\"name\":\"In\u00edcio\",\"item\":\"https:\/\/compartilhabahia.com.br\/\"},{\"@type\":\"ListItem\",\"position\":2,\"name\":\"Essa merece os parab\u00e9ns: Unifal \u00e9 refer\u00eancia atendendo pacientes com doen\u00e7a falciforme\"}]},{\"@type\":\"WebSite\",\"@id\":\"https:\/\/compartilhabahia.com.br\/#website\",\"url\":\"https:\/\/compartilhabahia.com.br\/\",\"name\":\"Compartilha Bahia\",\"description\":\"\",\"publisher\":{\"@id\":\"https:\/\/compartilhabahia.com.br\/#organization\"},\"potentialAction\":[{\"@type\":\"SearchAction\",\"target\":{\"@type\":\"EntryPoint\",\"urlTemplate\":\"https:\/\/compartilhabahia.com.br\/?s={search_term_string}\"},\"query-input\":\"required name=search_term_string\"}],\"inLanguage\":\"pt-BR\"},{\"@type\":\"Organization\",\"@id\":\"https:\/\/compartilhabahia.com.br\/#organization\",\"name\":\"Compartilha Bahia\",\"url\":\"https:\/\/compartilhabahia.com.br\/\",\"logo\":{\"@type\":\"ImageObject\",\"inLanguage\":\"pt-BR\",\"@id\":\"https:\/\/compartilhabahia.com.br\/#\/schema\/logo\/image\/\",\"url\":\"https:\/\/compartilhabahia.com.br\/wp-content\/uploads\/2023\/12\/cropped-logo.png\",\"contentUrl\":\"https:\/\/compartilhabahia.com.br\/wp-content\/uploads\/2023\/12\/cropped-logo.png\",\"width\":300,\"height\":106,\"caption\":\"Compartilha Bahia\"},\"image\":{\"@id\":\"https:\/\/compartilhabahia.com.br\/#\/schema\/logo\/image\/\"},\"sameAs\":[\"https:\/\/web.facebook.com\/compartilhabahia\",\"https:\/\/www.instagram.com\/compartilhabahia\/\"]},{\"@type\":\"Person\",\"@id\":\"https:\/\/compartilhabahia.com.br\/#\/schema\/person\/9b4f0c3178793b8248d6686732521c04\",\"name\":\"admin\",\"image\":{\"@type\":\"ImageObject\",\"inLanguage\":\"pt-BR\",\"@id\":\"https:\/\/compartilhabahia.com.br\/#\/schema\/person\/image\/\",\"url\":\"https:\/\/secure.gravatar.com\/avatar\/9600df58751c5acbe914c538c03390ef649ea088cb65f84ba09c7ce66988eed6?s=96&d=mm&r=g\",\"contentUrl\":\"https:\/\/secure.gravatar.com\/avatar\/9600df58751c5acbe914c538c03390ef649ea088cb65f84ba09c7ce66988eed6?s=96&d=mm&r=g\",\"caption\":\"admin\"},\"sameAs\":[\"https:\/\/compartilhabahia.com.br\"],\"url\":\"https:\/\/compartilhabahia.com.br\/index.php\/author\/compartilhabahia\/\"}]}<\/script>\n<!-- \/ Yoast SEO plugin. -->","yoast_head_json":{"title":"Essa merece os parab\u00e9ns: Unifal \u00e9 refer\u00eancia atendendo pacientes com doen\u00e7a falciforme - Compartilha Bahia","robots":{"index":"index","follow":"follow","max-snippet":"max-snippet:-1","max-image-preview":"max-image-preview:large","max-video-preview":"max-video-preview:-1"},"canonical":"https:\/\/compartilhabahia.com.br\/index.php\/2025\/08\/01\/essa-merece-os-parabens-unifal-e-referencia-atendendo-pacientes-com-doenca-falciforme\/","og_locale":"pt_BR","og_type":"article","og_title":"Essa merece os parab\u00e9ns: Unifal \u00e9 refer\u00eancia atendendo pacientes com doen\u00e7a falciforme - Compartilha Bahia","og_description":"Com mais de 900 usu\u00e1rios, Unifal \u00e9 refer\u00eancia no atendimento a pacientes com doen\u00e7a falciforme O Centro Especializado em Doen\u00e7a Falciforme de Cama\u00e7ari (Unifal), gerido pela Secretaria de Sa\u00fade (Sesau), segue como refer\u00eancia, com atendimento regular a 345 pacientes com doen\u00e7a falciforme. A unidade tamb\u00e9m atende pacientes com outras condi\u00e7\u00f5es relacionadas \u00e0s hemoglobinopatias (doen\u00e7as do [&hellip;]","og_url":"https:\/\/compartilhabahia.com.br\/index.php\/2025\/08\/01\/essa-merece-os-parabens-unifal-e-referencia-atendendo-pacientes-com-doenca-falciforme\/","og_site_name":"Compartilha Bahia","article_publisher":"https:\/\/web.facebook.com\/compartilhabahia","article_published_time":"2025-08-01T17:51:28+00:00","article_modified_time":"2025-08-01T17:51:30+00:00","og_image":[{"width":800,"height":533,"url":"https:\/\/compartilhabahia.com.br\/wp-content\/uploads\/2025\/08\/unifal.jpg","type":"image\/jpeg"}],"author":"admin","twitter_card":"summary_large_image","twitter_misc":{"Escrito por":"admin","Est. tempo de leitura":"5 minutos"},"schema":{"@context":"https:\/\/schema.org","@graph":[{"@type":"Article","@id":"https:\/\/compartilhabahia.com.br\/index.php\/2025\/08\/01\/essa-merece-os-parabens-unifal-e-referencia-atendendo-pacientes-com-doenca-falciforme\/#article","isPartOf":{"@id":"https:\/\/compartilhabahia.com.br\/index.php\/2025\/08\/01\/essa-merece-os-parabens-unifal-e-referencia-atendendo-pacientes-com-doenca-falciforme\/"},"author":{"name":"admin","@id":"https:\/\/compartilhabahia.com.br\/#\/schema\/person\/9b4f0c3178793b8248d6686732521c04"},"headline":"Essa merece os parab\u00e9ns: Unifal \u00e9 refer\u00eancia atendendo pacientes com doen\u00e7a falciforme","datePublished":"2025-08-01T17:51:28+00:00","dateModified":"2025-08-01T17:51:30+00:00","mainEntityOfPage":{"@id":"https:\/\/compartilhabahia.com.br\/index.php\/2025\/08\/01\/essa-merece-os-parabens-unifal-e-referencia-atendendo-pacientes-com-doenca-falciforme\/"},"wordCount":797,"commentCount":0,"publisher":{"@id":"https:\/\/compartilhabahia.com.br\/#organization"},"articleSection":["Cama\u00e7ari"],"inLanguage":"pt-BR","potentialAction":[{"@type":"CommentAction","name":"Comment","target":["https:\/\/compartilhabahia.com.br\/index.php\/2025\/08\/01\/essa-merece-os-parabens-unifal-e-referencia-atendendo-pacientes-com-doenca-falciforme\/#respond"]}]},{"@type":"WebPage","@id":"https:\/\/compartilhabahia.com.br\/index.php\/2025\/08\/01\/essa-merece-os-parabens-unifal-e-referencia-atendendo-pacientes-com-doenca-falciforme\/","url":"https:\/\/compartilhabahia.com.br\/index.php\/2025\/08\/01\/essa-merece-os-parabens-unifal-e-referencia-atendendo-pacientes-com-doenca-falciforme\/","name":"Essa merece os parab\u00e9ns: Unifal \u00e9 refer\u00eancia atendendo pacientes com doen\u00e7a falciforme - Compartilha Bahia","isPartOf":{"@id":"https:\/\/compartilhabahia.com.br\/#website"},"datePublished":"2025-08-01T17:51:28+00:00","dateModified":"2025-08-01T17:51:30+00:00","breadcrumb":{"@id":"https:\/\/compartilhabahia.com.br\/index.php\/2025\/08\/01\/essa-merece-os-parabens-unifal-e-referencia-atendendo-pacientes-com-doenca-falciforme\/#breadcrumb"},"inLanguage":"pt-BR","potentialAction":[{"@type":"ReadAction","target":["https:\/\/compartilhabahia.com.br\/index.php\/2025\/08\/01\/essa-merece-os-parabens-unifal-e-referencia-atendendo-pacientes-com-doenca-falciforme\/"]}]},{"@type":"BreadcrumbList","@id":"https:\/\/compartilhabahia.com.br\/index.php\/2025\/08\/01\/essa-merece-os-parabens-unifal-e-referencia-atendendo-pacientes-com-doenca-falciforme\/#breadcrumb","itemListElement":[{"@type":"ListItem","position":1,"name":"In\u00edcio","item":"https:\/\/compartilhabahia.com.br\/"},{"@type":"ListItem","position":2,"name":"Essa merece os parab\u00e9ns: Unifal \u00e9 refer\u00eancia atendendo pacientes com doen\u00e7a falciforme"}]},{"@type":"WebSite","@id":"https:\/\/compartilhabahia.com.br\/#website","url":"https:\/\/compartilhabahia.com.br\/","name":"Compartilha Bahia","description":"","publisher":{"@id":"https:\/\/compartilhabahia.com.br\/#organization"},"potentialAction":[{"@type":"SearchAction","target":{"@type":"EntryPoint","urlTemplate":"https:\/\/compartilhabahia.com.br\/?s={search_term_string}"},"query-input":"required name=search_term_string"}],"inLanguage":"pt-BR"},{"@type":"Organization","@id":"https:\/\/compartilhabahia.com.br\/#organization","name":"Compartilha Bahia","url":"https:\/\/compartilhabahia.com.br\/","logo":{"@type":"ImageObject","inLanguage":"pt-BR","@id":"https:\/\/compartilhabahia.com.br\/#\/schema\/logo\/image\/","url":"https:\/\/compartilhabahia.com.br\/wp-content\/uploads\/2023\/12\/cropped-logo.png","contentUrl":"https:\/\/compartilhabahia.com.br\/wp-content\/uploads\/2023\/12\/cropped-logo.png","width":300,"height":106,"caption":"Compartilha Bahia"},"image":{"@id":"https:\/\/compartilhabahia.com.br\/#\/schema\/logo\/image\/"},"sameAs":["https:\/\/web.facebook.com\/compartilhabahia","https:\/\/www.instagram.com\/compartilhabahia\/"]},{"@type":"Person","@id":"https:\/\/compartilhabahia.com.br\/#\/schema\/person\/9b4f0c3178793b8248d6686732521c04","name":"admin","image":{"@type":"ImageObject","inLanguage":"pt-BR","@id":"https:\/\/compartilhabahia.com.br\/#\/schema\/person\/image\/","url":"https:\/\/secure.gravatar.com\/avatar\/9600df58751c5acbe914c538c03390ef649ea088cb65f84ba09c7ce66988eed6?s=96&d=mm&r=g","contentUrl":"https:\/\/secure.gravatar.com\/avatar\/9600df58751c5acbe914c538c03390ef649ea088cb65f84ba09c7ce66988eed6?s=96&d=mm&r=g","caption":"admin"},"sameAs":["https:\/\/compartilhabahia.com.br"],"url":"https:\/\/compartilhabahia.com.br\/index.php\/author\/compartilhabahia\/"}]}},"_links":{"self":[{"href":"https:\/\/compartilhabahia.com.br\/index.php\/wp-json\/wp\/v2\/posts\/7428","targetHints":{"allow":["GET"]}}],"collection":[{"href":"https:\/\/compartilhabahia.com.br\/index.php\/wp-json\/wp\/v2\/posts"}],"about":[{"href":"https:\/\/compartilhabahia.com.br\/index.php\/wp-json\/wp\/v2\/types\/post"}],"author":[{"embeddable":true,"href":"https:\/\/compartilhabahia.com.br\/index.php\/wp-json\/wp\/v2\/users\/1"}],"replies":[{"embeddable":true,"href":"https:\/\/compartilhabahia.com.br\/index.php\/wp-json\/wp\/v2\/comments?post=7428"}],"version-history":[{"count":1,"href":"https:\/\/compartilhabahia.com.br\/index.php\/wp-json\/wp\/v2\/posts\/7428\/revisions"}],"predecessor-version":[{"id":7432,"href":"https:\/\/compartilhabahia.com.br\/index.php\/wp-json\/wp\/v2\/posts\/7428\/revisions\/7432"}],"wp:featuredmedia":[{"embeddable":true,"href":"https:\/\/compartilhabahia.com.br\/index.php\/wp-json\/wp\/v2\/media\/7429"}],"wp:attachment":[{"href":"https:\/\/compartilhabahia.com.br\/index.php\/wp-json\/wp\/v2\/media?parent=7428"}],"wp:term":[{"taxonomy":"category","embeddable":true,"href":"https:\/\/compartilhabahia.com.br\/index.php\/wp-json\/wp\/v2\/categories?post=7428"},{"taxonomy":"post_tag","embeddable":true,"href":"https:\/\/compartilhabahia.com.br\/index.php\/wp-json\/wp\/v2\/tags?post=7428"}],"curies":[{"name":"wp","href":"https:\/\/api.w.org\/{rel}","templated":true}]}}