{"id":7425,"date":"2025-07-31T13:03:43","date_gmt":"2025-07-31T16:03:43","guid":{"rendered":"https:\/\/compartilhabahia.com.br\/?p=7425"},"modified":"2025-07-31T13:03:45","modified_gmt":"2025-07-31T16:03:45","slug":"nos-temos-que-erradicar-a-violencia-da-vida-das-mulheres-afirma-marcia-lopes","status":"publish","type":"post","link":"https:\/\/compartilhabahia.com.br\/index.php\/2025\/07\/31\/nos-temos-que-erradicar-a-violencia-da-vida-das-mulheres-afirma-marcia-lopes\/","title":{"rendered":"\u2018N\u00f3s temos que erradicar a viol\u00eancia da vida das mulheres\u2019, afirma M\u00e1rcia Lopes"},"content":{"rendered":"\n<p>O Agosto Lil\u00e1s, m\u00eas dedicado a alertar sobre o fim da viol\u00eancia contra a mulher, e que tamb\u00e9m marca o anivers\u00e1rio de 19 anos da Lei Maria da Penha, foi tema da entrevista com a ministra das Mulheres, M\u00e1rcia Lopes, durante o programa&nbsp;<em>Bom Dia, Ministra<\/em>&nbsp;desta quinta-feira (31\/7), transmitido pelo&nbsp;<strong>Canal Gov<\/strong>, da Empresa Brasil de Comunica\u00e7\u00e3o (EBC).<\/p>\n\n\n\n<p>O m\u00eas pretende dar visibilidade ao tema e ampliar a divulga\u00e7\u00e3o sobre os direitos das mulheres em situa\u00e7\u00e3o de viol\u00eancia, al\u00e9m dos servi\u00e7os especializados para acolhimento, orienta\u00e7\u00e3o e den\u00fancia.<\/p>\n\n\n\n<blockquote class=\"wp-block-quote is-layout-flow wp-block-quote-is-layout-flow\">\n<p>N\u00f3s temos que erradicar a viol\u00eancia da vida das mulheres com a legisla\u00e7\u00e3o, com todas as provid\u00eancias que s\u00e3o necess\u00e1rias, mas n\u00f3s temos que principalmente colocar as mulheres no lugar onde elas querem estar e respeitar todas as diversidades\u201d, afirmou a ministra<\/p>\n<\/blockquote>\n\n\n\n<p>\u201cPara revelar esse potencial que todas as mulheres brasileiras t\u00eam, de serem protagonistas da sua vida, da sua hist\u00f3ria. As mulheres participam, as mulheres s\u00e3o solid\u00e1rias, as mulheres s\u00e3o capazes de mover o mundo e mover os seus territ\u00f3rios\u201d<\/p>\n\n\n\n<p>A campanha faz parte de uma mobiliza\u00e7\u00e3o nacional permanente do Minist\u00e9rio das Mulheres, envolvendo diversos setores no compromisso de p\u00f4r fim \u00e0 viol\u00eancia contra as mulheres, em especial aos feminic\u00eddios, a partir de diversas frentes de atua\u00e7\u00e3o (comunica\u00e7\u00e3o ampla e popular, implementa\u00e7\u00e3o de pol\u00edticas p\u00fablicas, engajamento de atores diversos).<\/p>\n\n\n\n<p>\u201cO Agosto Lil\u00e1s marca justamente essa hist\u00f3ria de luta. Foi pela Maria da Penha no dia 7 de agosto, h\u00e1 19 anos, quando o presidente Lula promulgou a Lei Maria da Penha, n\u00e3o mudou s\u00f3 no Brasil. A Lei Maria da Penha \u00e9 conhecida em todo o mundo e marca ent\u00e3o essa mobiliza\u00e7\u00e3o, essa resist\u00eancia das mulheres em rela\u00e7\u00e3o ao combate a todo tipo de viol\u00eancia. Ent\u00e3o n\u00f3s teremos a\u00ed uma s\u00e9rie de atividades ao longo desse m\u00eas de divulga\u00e7\u00e3o, de mobiliza\u00e7\u00e3o, de reflex\u00e3o, de juntar as mulheres para a gente tratar disso. E queremos, claro, sempre falar com os homens, porque \u00e9 com eles que a gente vai ter que dialogar tamb\u00e9m. N\u00f3s temos que entender que foi uma determina\u00e7\u00e3o hist\u00f3rica mesmo pelo machismo, pelo autoritarismo do mundo e que a gente n\u00e3o pode conceber, achar que isso \u00e9 natural, que \u00e9 normal\u201d.<\/p>\n\n\n\n<p>\u201cEnt\u00e3o, em cada situa\u00e7\u00e3o como essa que aconteceu l\u00e1 em Natal (agress\u00e3o de uma mulher pelo ent\u00e3o namorado com mais de 60 socos em poucos segundos, dento de um elevador e que teve repercuss\u00e3o nacional), n\u00f3s nos estarrecemos e entendemos que \u00e9 poss\u00edvel sim mudar essa situa\u00e7\u00e3o. Cada passo \u00e9 fundamental. E eu tenho conversado com os prefeitos e prefeitas e tenho dito o seguinte: se cada prefeito em cada cidade desse pa\u00eds disser uma vez por dia \u2018aqui nesta cidade n\u00f3s n\u00e3o teremos viol\u00eancia contra a mulher\u2019, isso vai mudar. Ent\u00e3o h\u00e1 muitas formas e esse agosto lil\u00e1s promete muitas atividades, mobiliza\u00e7\u00e3o, conversas, campanhas, a ilumina\u00e7\u00e3o das cidades, tudo em nome do direito das mulheres terem uma vida plena, digna\u201d, explicou a ministra.<\/p>\n\n\n\n<h4 class=\"wp-block-heading\"><strong>Medidas protetivas<\/strong><\/h4>\n\n\n\n<p>Segundo dados do&nbsp;<a href=\"https:\/\/agenciagov.ebc.com.br\/noticias\/202506\/mapa-da-seguranca-publica-brasil-registra-queda-de-6-3-nos-homicidios-dolosos\" rel=\"noreferrer noopener\" target=\"_blank\">Mapa da Seguran\u00e7a P\u00fablica de 2025, divulgado em junho pelo Governo Federal<\/a>, o n\u00famero de feminic\u00eddios registrou um aumento de 0,69% em 2024, na compara\u00e7\u00e3o com o ano anterior. Foram contabilizadas 1.459 v\u00edtimas, contra 1.449 em 2023. A ministra defendeu as medidas protetivas contra agressores para salvar a vida de mulheres v\u00edtimas de viol\u00eancia.<\/p>\n\n\n\n<p>\u201cO que a gente percebe primeiro \u00e9 que as mulheres ainda t\u00eam vergonha. Elas se sentem culpadas. Al\u00e9m de sofrerem a viol\u00eancia, elas ainda se sentem culpadas, derrotadas. E o feminic\u00eddio, ele quase sempre \u00e9 o resultado de muitos processos, de um tempo grande em que a mulher est\u00e1 sofrendo a viola\u00e7\u00e3o, que come\u00e7a \u00e0s vezes com ass\u00e9dio moral, com xingamento, com uma ofensa, at\u00e9 que \u00e0s vezes demora um ano, um ano e meio para que o feminic\u00eddio aconte\u00e7a de fato, que \u00e9 a pior das formas de viol\u00eancia, a mais tr\u00e1gica. \u00c9 o ponto final da vida das mulheres e saber que as mulheres morrem por ser mulheres. Ent\u00e3o, a implementa\u00e7\u00e3o das medidas de prote\u00e7\u00e3o, elas s\u00e3o fundamentais\u201d.<\/p>\n\n\n\n<p>\u201cEm Foz do Igua\u00e7u, na Patrulha Maria da Penha, a policial me dizia: \u2018olha, apesar de terem cinco feminic\u00eddios este ano, nenhum feminic\u00eddio foi com mulheres que estavam em medida de prote\u00e7\u00e3o\u2019. Ent\u00e3o, as medidas de prote\u00e7\u00e3o s\u00e3o fundamentais. Falta ainda esta rede, porque o Brasil, nessa imensid\u00e3o de munic\u00edpios, nem todos t\u00eam essa articula\u00e7\u00e3o que junta a delegacia, o Minist\u00e9rio P\u00fablico, o Cras (Centro de Refer\u00eancia de Assist\u00eancia Social), a Unidade B\u00e1sica de Sa\u00fade. \u00c9 isso que n\u00f3s temos que fazer, integrar os servi\u00e7os. E para a pr\u00f3pria mulher, isso acaba n\u00e3o tendo muito sentido ou ela n\u00e3o consegue entender e nem se preparar para ter seguran\u00e7a de denunciar. Ela tem muito medo de persegui\u00e7\u00e3o, ela tem medo da viola\u00e7\u00e3o contra os seus filhos, da agress\u00e3o contra os filhos. Muitos homens, muitos parceiros, maridos, acabam agredindo os filhos para agredir a m\u00e3e, para atingir a m\u00e3e. Ent\u00e3o, n\u00e3o h\u00e1 d\u00favida que quanto mais medida de prote\u00e7\u00e3o, n\u00f3s teremos menos feminic\u00eddio\u201d, explicou.<\/p>\n\n\n\n<h4 class=\"wp-block-heading\"><strong>Casa da Mulher Brasileira<\/strong><\/h4>\n\n\n\n<p>Uma das a\u00e7\u00f5es do Governo Federal acolher e encaminhar mulheres v\u00edtimas de viol\u00eancia \u00e9 a Casa da Mulher Brasileira, destinada a oferecer atendimento integral e humanizado a todas as cidad\u00e3s. O local oferece servi\u00e7os especializados para os mais diversos tipos de viol\u00eancia, entre eles triagem, apoio psicossocial, promo\u00e7\u00e3o de autonomia econ\u00f4mica, cuidado das crian\u00e7as \u2013 brinquedoteca, alojamento de passagem e central de transportes. Tamb\u00e9m \u00e9 poss\u00edvel contar com servi\u00e7os de delegacia, juizado, Minist\u00e9rio P\u00fablico e Defensoria P\u00fablica.<\/p>\n\n\n\n<p>Atualmente, h\u00e1 11 Casas em funcionamento no pa\u00eds, localizadas em Campo Grande (MS), Curitiba (PR), Fortaleza (CE), S\u00e3o Paulo (SP), Boa Vista (RR), Ceil\u00e2ndia (DF), Sobradinho (DF), S\u00e3o Lu\u00eds (MA), Salvador (BA), Teresina (PI) e Ananindeua (PA). outras 31 est\u00e3o em fase de implementa\u00e7\u00e3o. Desde 2023, o Governo Federal j\u00e1 investiu R$ 389 milh\u00f5es em novas unidades.<\/p>\n\n\n\n<p>\u201cA previs\u00e3o \u00e9 de inaugura\u00e7\u00e3o de mais seis casas ainda este ano e completando, chegando a 40 at\u00e9 o final do ano que vem. Eu tenho dito que cada dia que se atrasa essa obra \u00e9 mais uma mulher que deixa de ser atendida e tudo o que n\u00f3s queremos \u00e9 que elas se sintam atendidas nesse servi\u00e7o que \u00e9 t\u00e3o importante, porque re\u00fane a Patrulha Maria da Penha, a Defensoria, o Minist\u00e9rio P\u00fablico, a Delegacia, assistente social e psic\u00f3logas que recebem as mulheres, o espa\u00e7o onde as crian\u00e7as ficam quando as mulheres s\u00e3o atendidas, o alojamento que as mulheres t\u00eam para quando sofrem viol\u00eancia ter ali a prote\u00e7\u00e3o. Ent\u00e3o n\u00f3s n\u00e3o podemos titubear e n\u00f3s n\u00e3o podemos de modo nenhum protelar isso\u201d, afirmou.<\/p>\n\n\n\n<p><strong>Leia tamb\u00e9m<\/strong><br><a href=\"https:\/\/agenciagov.ebc.com.br\/noticias\/202507\/em-foz-do-iguacu-ministra-marcia-lopes-visita-obra-da-casa-da-mulher-brasileira-e-reforca-compromisso-com-a-protecao-e-a-autonomia-das-mulheres\" rel=\"noreferrer noopener\" target=\"_blank\">Em Foz do Igua\u00e7u, ministra visita obra da Casa da Mulher Brasileira e refor\u00e7a compromisso com a prote\u00e7\u00e3o das mulheres<\/a><\/p>\n\n\n\n<h4 class=\"wp-block-heading\"><strong>Ligue 180<\/strong><\/h4>\n\n\n\n<p>A ministra tamb\u00e9m abordou o Ligue 180, canal gratuito que funciona 24 horas por dia, todos os dias da semana, para fazer den\u00fancias ou buscar orienta\u00e7\u00e3o de forma sigilosa. \u00c9 poss\u00edvel fazer a liga\u00e7\u00e3o de qualquer lugar do Brasil ou acionar o canal via chat no Whatsapp (61) 9610-0180. Em casos de emerg\u00eancia, deve ser acionada a Pol\u00edcia Militar, por meio do 190.<\/p>\n\n\n\n<blockquote class=\"wp-block-quote is-layout-flow wp-block-quote-is-layout-flow\">\n<p>N\u00e3o \u00e9 s\u00f3 a den\u00fancia, mas \u00e9 a den\u00fancia e o sentido de saber, de ter seguran\u00e7a que ela vai ser encaminhada, que ela vai ser orientada, que todas as pol\u00edticas p\u00fablicas v\u00e3o tratar dessas mulheres\u201d, disse a ministra<\/p>\n<\/blockquote>\n\n\n\n<p>\u201cN\u00f3s estamos investindo muito em mais tecnologia para que as mulheres liguem, para que elas saibam e se sintam protegidas e acolhidas quando elas ligam no Ligue 180. Elas n\u00e3o fazem s\u00f3 a den\u00fancia, elas s\u00e3o orientadas a serem encaminhadas\u201d, explicou.<\/p>\n\n\n\n<h4 class=\"wp-block-heading\"><strong>Confer\u00eancia&nbsp;<\/strong><\/h4>\n\n\n\n<p>Durante o bate-papo com radialistas de v\u00e1rias regi\u00f5es M\u00e1rcia Lopes destacou a relev\u00e2ncia da 5\u00aa Confer\u00eancia Nacional de Pol\u00edticas para as Mulheres (5\u00aa CNPM), que vai ser realizada ap\u00f3s dez anos. Para a ministra, a confer\u00eancia vai ser um espa\u00e7o estrat\u00e9gico de escuta, mobiliza\u00e7\u00e3o e constru\u00e7\u00e3o de diretrizes para a elabora\u00e7\u00e3o do novo Plano Nacional de Pol\u00edticas para as Mulheres. Com o tema&nbsp;<em>Mais democracia, mais igualdade, mais conquistas para todas<\/em>, a confer\u00eancia ser\u00e1 realizada em Bras\u00edlia no dia 29 de setembro.<\/p>\n\n\n\n<p>A 5\u00aa CNPM tem como objetivo ampliar a participa\u00e7\u00e3o feminina na constru\u00e7\u00e3o de pol\u00edticas p\u00fablicas voltadas \u00e0s mulheres e fortalecer o di\u00e1logo entre a sociedade civil e os entes federativos. Entre os principais eixos de discuss\u00e3o est\u00e3o a igualdade de g\u00eanero no trabalho e na vida social, o enfrentamento \u00e0 viol\u00eancia e \u00e0 discrimina\u00e7\u00e3o, a autonomia econ\u00f4mica, o acesso a pol\u00edticas p\u00fablicas e a maior presen\u00e7a das mulheres na pol\u00edtica e nos espa\u00e7os de decis\u00e3o.<\/p>\n\n\n\n<p>A ministra explicou que o encontro nacional \u00e9 resultado de uma ampla mobiliza\u00e7\u00e3o promovida em todo o pa\u00eds, com a realiza\u00e7\u00e3o de mais de 1.400 confer\u00eancias livres em munic\u00edpios e territ\u00f3rios, reunindo mulheres para debater suas realidades, prioridades e propostas.<\/p>\n\n\n\n<blockquote class=\"wp-block-quote is-layout-flow wp-block-quote-is-layout-flow\">\n<p>Cada grupo de mulheres tem a sua especificidade. N\u00f3s estamos fazendo isso: conversando, ouvindo, escutando, implementando. As mulheres s\u00e3o solid\u00e1rias. Elas n\u00e3o t\u00eam uma preocupa\u00e7\u00e3o s\u00f3 com a vida delas, mas com o territ\u00f3rio, com as vizinhas, com a comunidade\u201d, disse a ministra<\/p>\n<\/blockquote>\n\n\n\n<p>A expectativa \u00e9 de que cerca de 3,5 mil mulheres de todas as regi\u00f5es do Brasil participem da plen\u00e1ria nacional em Bras\u00edlia. \u201cTeremos aqui essa representa\u00e7\u00e3o do Brasil inteiro e queremos, j\u00e1 nesse dia, anunciar o avan\u00e7o dos estados aderindo ao pacto nacional. Isso \u00e9 o m\u00ednimo que cada estado pode fazer quando tem compromisso com a vida das mulheres\u201d, afirmou a ministra.<\/p>\n\n\n\n<p><strong>Escuta ativa&nbsp;<\/strong>\u2014 Segundo M\u00e1rcia Lopes, a escuta ativa e a articula\u00e7\u00e3o federativa s\u00e3o pilares fundamentais da confer\u00eancia. \u201cO nosso minist\u00e9rio tem a responsabilidade de acompanhar, coordenar, mobilizar e incentivar que estados, munic\u00edpios e o Governo Federal tenham um plano nacional. N\u00f3s sairemos desta confer\u00eancia com diretrizes muito concretas, que definir\u00e3o as prioridades das pol\u00edticas p\u00fablicas que ter\u00e3o de ser implementadas e ampliadas.\u201d<\/p>\n\n\n\n<h4 class=\"wp-block-heading\"><strong>Autonomia<\/strong><\/h4>\n\n\n\n<p>Durante a entrevista, a ministra tamb\u00e9m destacou os esfor\u00e7os do governo na promo\u00e7\u00e3o da autonomia econ\u00f4mica das mulheres, por meio de pol\u00edticas estruturantes de inclus\u00e3o produtiva. Ela citou iniciativas como o Programa Acredita, do Minist\u00e9rio do Desenvolvimento e Assist\u00eancia Social, Fam\u00edlia e Combate \u00e0 Fome (MDS), que j\u00e1 incluiu mais de um milh\u00e3o de mulheres; a pol\u00edtica nacional de economia solid\u00e1ria; e as parcerias com o Sistema S para capacita\u00e7\u00e3o e gera\u00e7\u00e3o de renda.<\/p>\n\n\n\n<p>\u201cTemos lavanderias comunit\u00e1rias, por exemplo, que promovem inclus\u00e3o produtiva nos territ\u00f3rios. Quando a mulher usa a lavanderia, ela libera tempo, mas tamb\u00e9m encontra ali um espa\u00e7o de organiza\u00e7\u00e3o, de planejamento, de gera\u00e7\u00e3o de renda\u201d, exemplificou. \u201cEstamos prevendo novos aportes de recursos no or\u00e7amento do ano que vem para ampliar essas iniciativas, fortalecendo o empreendedorismo e a economia solid\u00e1ria.\u201d<\/p>\n\n\n\n<p>Ao longo da entrevista, M\u00e1rcia Lopes reafirmou o compromisso do Governo Federal com o fortalecimento das pol\u00edticas para as mulheres. \u201cEsse Brasil t\u00e3o diverso exige de n\u00f3s muita capacidade de aten\u00e7\u00e3o e compet\u00eancia t\u00e9cnica, de saber chegar nessas mulheres e dialogar para termos respostas cada vez melhores\u201d, disse.<\/p>\n\n\n\n<p><strong>Leia tamb\u00e9m<br>\u2022&nbsp;<a href=\"https:\/\/agenciagov.ebc.com.br\/noticias\/202507\/dois-anos-de-lei-da-igualdade-salarial-avancos-e-desafios-na-busca-por-equidade-no-trabalho\" rel=\"noreferrer noopener\" target=\"_blank\">Lei da Igualdade Salarial completa dois anos com avan\u00e7os e desafios na busca por equidade<\/a><br>\u2022&nbsp;<a href=\"https:\/\/agenciagov.ebc.com.br\/noticias\/202506\/decreto_oficializa-minimo-8-vagas-contratos-publicos-mulheres-vitimas-de-violencia\" rel=\"noreferrer noopener\" target=\"_blank\">\u00c9 oficial: 8% de vagas em contratos p\u00fablicos para mulheres v\u00edtimas de viol\u00eancia<\/a><\/strong><\/p>\n\n\n\n<h4 class=\"wp-block-heading\"><strong>Igualdade salarial<\/strong><\/h4>\n\n\n\n<p>Outro tema tratado pela ministra foi a Lei da Igualdade Salarial, que completou dois anos. A norma estabelece a obrigatoriedade de divulga\u00e7\u00e3o de informa\u00e7\u00f5es salariais por empresas com mais de 100 empregados. A medida \u00e9 coordenada conjuntamente pelos Minist\u00e9rios do Trabalho e Emprego (MTE) e das Mulheres com o objetivo de ampliar a transpar\u00eancia e acelerar os avan\u00e7os na equipara\u00e7\u00e3o salarial entre mulheres e homens.<\/p>\n\n\n\n<p>\u00c9 um importante instrumento para a efetiva\u00e7\u00e3o de direitos j\u00e1 previsto na Constitui\u00e7\u00e3o e na CLT, que busca promo\u00e7\u00e3o da igualdade de remunera\u00e7\u00e3o entre mulheres e homens que desempenham fun\u00e7\u00f5es equivalentes, combatendo a discrimina\u00e7\u00e3o salarial e garantindo que as mulheres recebam sal\u00e1rios justos e iguais aos dos homens para o mesmo trabalho.<\/p>\n\n\n\n<p>\u201cIsso mudaria muito a vida das mulheres aqui no Brasil, porque as mulheres que exercem a mesma fun\u00e7\u00e3o, ganham de 20 a 30% a menos do que os homens. Isso n\u00e3o tem sentido. Ent\u00e3o, n\u00f3s temos procurado no sentido de que a gente tamb\u00e9m traga os governadores e os prefeitos para esse debate, para que a gente converse com o setor privado, para que o setor privado, para que o sistema S, procurei o Sebrae, todos os servi\u00e7os que est\u00e3o nos estados e nos grandes munic\u00edpios, para que eles mobilizem a capacidade que as mulheres t\u00eam. As mulheres deixar\u00e3o de ser vulner\u00e1veis ou deixar\u00e3o de ser submissas quando elas tiverem, obviamente, autonomia econ\u00f4mica, quando elas tiverem acesso \u00e0 informa\u00e7\u00e3o, \u00e0 forma\u00e7\u00e3o, \u00e0 inclus\u00e3o em projetos, seja na \u00e1rea urbana, na \u00e1rea de seguran\u00e7a alimentar e nutricional, \u00e9 uma \u00e1rea muito promissora. As mulheres produzem muitos alimentos nesse pa\u00eds. As mulheres prov\u00e9m, inclusive, as suas casas. Tamb\u00e9m o decreto importante que trata de empresas que ganham licita\u00e7\u00e3o nas prefeituras para que, no m\u00ednimo, 8% de contratos das pessoas terceirizadas que prestam servi\u00e7os \u00e0s prefeituras, aos \u00f3rg\u00e3os p\u00fablicos, sejam mulheres v\u00edtimas de viol\u00eancia. Ent\u00e3o, n\u00f3s temos a\u00ed uma s\u00e9rie de iniciativas, muitos, muitos programas de inclus\u00e3o produtiva, de empreendedorismo, de mobiliza\u00e7\u00e3o das mulheres de acordo com a economia da cidade. Toda compra que o munic\u00edpio faz, ele pode criar prioridade para o atendimento nas mulheres, sejam as mulheres costureiras, sejam as mulheres que desenvolvem artesanatos utilit\u00e1rios, sejam as mulheres que v\u00e3o cozinhar, fazer a limpeza da cidade, em todas as \u00e1reas \u00e9 poss\u00edvel que as mulheres tenham espa\u00e7o nesse mundo do trabalho que hoje est\u00e1 t\u00e3o fluido, est\u00e1 t\u00e3o precarizado e que atinge diretamente as mulheres\u201d, argumentou.<\/p>\n","protected":false},"excerpt":{"rendered":"<p>O Agosto Lil\u00e1s, m\u00eas dedicado a alertar sobre o fim da viol\u00eancia contra a mulher, e que tamb\u00e9m marca o anivers\u00e1rio de 19 anos da Lei Maria da Penha, foi tema da entrevista com a ministra das Mulheres, M\u00e1rcia Lopes, durante o programa&nbsp;Bom Dia, Ministra&nbsp;desta quinta-feira (31\/7), transmitido pelo&nbsp;Canal Gov, da Empresa Brasil de Comunica\u00e7\u00e3o [&hellip;]<\/p>\n","protected":false},"author":1,"featured_media":7426,"comment_status":"open","ping_status":"open","sticky":false,"template":"","format":"standard","meta":{"footnotes":""},"categories":[4],"tags":[],"class_list":["post-7425","post","type-post","status-publish","format-standard","has-post-thumbnail","hentry","category-brasil"],"yoast_head":"<!-- This site is optimized with the Yoast SEO plugin v21.7 - https:\/\/yoast.com\/wordpress\/plugins\/seo\/ -->\n<title>\u2018N\u00f3s temos que erradicar a viol\u00eancia da vida das mulheres\u2019, afirma M\u00e1rcia Lopes - Compartilha Bahia<\/title>\n<meta name=\"robots\" content=\"index, follow, max-snippet:-1, max-image-preview:large, max-video-preview:-1\" \/>\n<link rel=\"canonical\" href=\"https:\/\/compartilhabahia.com.br\/index.php\/2025\/07\/31\/nos-temos-que-erradicar-a-violencia-da-vida-das-mulheres-afirma-marcia-lopes\/\" \/>\n<meta property=\"og:locale\" content=\"pt_BR\" \/>\n<meta property=\"og:type\" content=\"article\" \/>\n<meta property=\"og:title\" content=\"\u2018N\u00f3s temos que erradicar a viol\u00eancia da vida das mulheres\u2019, afirma M\u00e1rcia Lopes - Compartilha Bahia\" \/>\n<meta property=\"og:description\" content=\"O Agosto Lil\u00e1s, m\u00eas dedicado a alertar sobre o fim da viol\u00eancia contra a mulher, e que tamb\u00e9m marca o anivers\u00e1rio de 19 anos da Lei Maria da Penha, foi tema da entrevista com a ministra das Mulheres, M\u00e1rcia Lopes, durante o programa&nbsp;Bom Dia, Ministra&nbsp;desta quinta-feira (31\/7), transmitido pelo&nbsp;Canal Gov, da Empresa Brasil de Comunica\u00e7\u00e3o [&hellip;]\" \/>\n<meta property=\"og:url\" content=\"https:\/\/compartilhabahia.com.br\/index.php\/2025\/07\/31\/nos-temos-que-erradicar-a-violencia-da-vida-das-mulheres-afirma-marcia-lopes\/\" \/>\n<meta property=\"og:site_name\" content=\"Compartilha Bahia\" \/>\n<meta property=\"article:publisher\" content=\"https:\/\/web.facebook.com\/compartilhabahia\" \/>\n<meta property=\"article:published_time\" content=\"2025-07-31T16:03:43+00:00\" \/>\n<meta property=\"article:modified_time\" content=\"2025-07-31T16:03:45+00:00\" \/>\n<meta property=\"og:image\" content=\"https:\/\/compartilhabahia.com.br\/wp-content\/uploads\/2025\/07\/ministradamulher.jpg\" \/>\n\t<meta property=\"og:image:width\" content=\"838\" \/>\n\t<meta property=\"og:image:height\" content=\"527\" \/>\n\t<meta property=\"og:image:type\" content=\"image\/jpeg\" \/>\n<meta name=\"author\" content=\"admin\" \/>\n<meta name=\"twitter:card\" content=\"summary_large_image\" \/>\n<meta name=\"twitter:label1\" content=\"Escrito por\" \/>\n\t<meta name=\"twitter:data1\" content=\"admin\" \/>\n\t<meta name=\"twitter:label2\" content=\"Est. tempo de leitura\" \/>\n\t<meta name=\"twitter:data2\" content=\"12 minutos\" \/>\n<script type=\"application\/ld+json\" class=\"yoast-schema-graph\">{\"@context\":\"https:\/\/schema.org\",\"@graph\":[{\"@type\":\"Article\",\"@id\":\"https:\/\/compartilhabahia.com.br\/index.php\/2025\/07\/31\/nos-temos-que-erradicar-a-violencia-da-vida-das-mulheres-afirma-marcia-lopes\/#article\",\"isPartOf\":{\"@id\":\"https:\/\/compartilhabahia.com.br\/index.php\/2025\/07\/31\/nos-temos-que-erradicar-a-violencia-da-vida-das-mulheres-afirma-marcia-lopes\/\"},\"author\":{\"name\":\"admin\",\"@id\":\"https:\/\/compartilhabahia.com.br\/#\/schema\/person\/9b4f0c3178793b8248d6686732521c04\"},\"headline\":\"\u2018N\u00f3s temos que erradicar a viol\u00eancia da vida das mulheres\u2019, afirma M\u00e1rcia Lopes\",\"datePublished\":\"2025-07-31T16:03:43+00:00\",\"dateModified\":\"2025-07-31T16:03:45+00:00\",\"mainEntityOfPage\":{\"@id\":\"https:\/\/compartilhabahia.com.br\/index.php\/2025\/07\/31\/nos-temos-que-erradicar-a-violencia-da-vida-das-mulheres-afirma-marcia-lopes\/\"},\"wordCount\":2541,\"commentCount\":0,\"publisher\":{\"@id\":\"https:\/\/compartilhabahia.com.br\/#organization\"},\"articleSection\":[\"Brasil\"],\"inLanguage\":\"pt-BR\",\"potentialAction\":[{\"@type\":\"CommentAction\",\"name\":\"Comment\",\"target\":[\"https:\/\/compartilhabahia.com.br\/index.php\/2025\/07\/31\/nos-temos-que-erradicar-a-violencia-da-vida-das-mulheres-afirma-marcia-lopes\/#respond\"]}]},{\"@type\":\"WebPage\",\"@id\":\"https:\/\/compartilhabahia.com.br\/index.php\/2025\/07\/31\/nos-temos-que-erradicar-a-violencia-da-vida-das-mulheres-afirma-marcia-lopes\/\",\"url\":\"https:\/\/compartilhabahia.com.br\/index.php\/2025\/07\/31\/nos-temos-que-erradicar-a-violencia-da-vida-das-mulheres-afirma-marcia-lopes\/\",\"name\":\"\u2018N\u00f3s temos que erradicar a viol\u00eancia da vida das mulheres\u2019, afirma M\u00e1rcia Lopes - Compartilha Bahia\",\"isPartOf\":{\"@id\":\"https:\/\/compartilhabahia.com.br\/#website\"},\"datePublished\":\"2025-07-31T16:03:43+00:00\",\"dateModified\":\"2025-07-31T16:03:45+00:00\",\"breadcrumb\":{\"@id\":\"https:\/\/compartilhabahia.com.br\/index.php\/2025\/07\/31\/nos-temos-que-erradicar-a-violencia-da-vida-das-mulheres-afirma-marcia-lopes\/#breadcrumb\"},\"inLanguage\":\"pt-BR\",\"potentialAction\":[{\"@type\":\"ReadAction\",\"target\":[\"https:\/\/compartilhabahia.com.br\/index.php\/2025\/07\/31\/nos-temos-que-erradicar-a-violencia-da-vida-das-mulheres-afirma-marcia-lopes\/\"]}]},{\"@type\":\"BreadcrumbList\",\"@id\":\"https:\/\/compartilhabahia.com.br\/index.php\/2025\/07\/31\/nos-temos-que-erradicar-a-violencia-da-vida-das-mulheres-afirma-marcia-lopes\/#breadcrumb\",\"itemListElement\":[{\"@type\":\"ListItem\",\"position\":1,\"name\":\"In\u00edcio\",\"item\":\"https:\/\/compartilhabahia.com.br\/\"},{\"@type\":\"ListItem\",\"position\":2,\"name\":\"\u2018N\u00f3s temos que erradicar a viol\u00eancia da vida das mulheres\u2019, afirma M\u00e1rcia Lopes\"}]},{\"@type\":\"WebSite\",\"@id\":\"https:\/\/compartilhabahia.com.br\/#website\",\"url\":\"https:\/\/compartilhabahia.com.br\/\",\"name\":\"Compartilha Bahia\",\"description\":\"\",\"publisher\":{\"@id\":\"https:\/\/compartilhabahia.com.br\/#organization\"},\"potentialAction\":[{\"@type\":\"SearchAction\",\"target\":{\"@type\":\"EntryPoint\",\"urlTemplate\":\"https:\/\/compartilhabahia.com.br\/?s={search_term_string}\"},\"query-input\":\"required name=search_term_string\"}],\"inLanguage\":\"pt-BR\"},{\"@type\":\"Organization\",\"@id\":\"https:\/\/compartilhabahia.com.br\/#organization\",\"name\":\"Compartilha Bahia\",\"url\":\"https:\/\/compartilhabahia.com.br\/\",\"logo\":{\"@type\":\"ImageObject\",\"inLanguage\":\"pt-BR\",\"@id\":\"https:\/\/compartilhabahia.com.br\/#\/schema\/logo\/image\/\",\"url\":\"https:\/\/compartilhabahia.com.br\/wp-content\/uploads\/2023\/12\/cropped-logo.png\",\"contentUrl\":\"https:\/\/compartilhabahia.com.br\/wp-content\/uploads\/2023\/12\/cropped-logo.png\",\"width\":300,\"height\":106,\"caption\":\"Compartilha Bahia\"},\"image\":{\"@id\":\"https:\/\/compartilhabahia.com.br\/#\/schema\/logo\/image\/\"},\"sameAs\":[\"https:\/\/web.facebook.com\/compartilhabahia\",\"https:\/\/www.instagram.com\/compartilhabahia\/\"]},{\"@type\":\"Person\",\"@id\":\"https:\/\/compartilhabahia.com.br\/#\/schema\/person\/9b4f0c3178793b8248d6686732521c04\",\"name\":\"admin\",\"image\":{\"@type\":\"ImageObject\",\"inLanguage\":\"pt-BR\",\"@id\":\"https:\/\/compartilhabahia.com.br\/#\/schema\/person\/image\/\",\"url\":\"https:\/\/secure.gravatar.com\/avatar\/9600df58751c5acbe914c538c03390ef649ea088cb65f84ba09c7ce66988eed6?s=96&d=mm&r=g\",\"contentUrl\":\"https:\/\/secure.gravatar.com\/avatar\/9600df58751c5acbe914c538c03390ef649ea088cb65f84ba09c7ce66988eed6?s=96&d=mm&r=g\",\"caption\":\"admin\"},\"sameAs\":[\"https:\/\/compartilhabahia.com.br\"],\"url\":\"https:\/\/compartilhabahia.com.br\/index.php\/author\/compartilhabahia\/\"}]}<\/script>\n<!-- \/ Yoast SEO plugin. -->","yoast_head_json":{"title":"\u2018N\u00f3s temos que erradicar a viol\u00eancia da vida das mulheres\u2019, afirma M\u00e1rcia Lopes - Compartilha Bahia","robots":{"index":"index","follow":"follow","max-snippet":"max-snippet:-1","max-image-preview":"max-image-preview:large","max-video-preview":"max-video-preview:-1"},"canonical":"https:\/\/compartilhabahia.com.br\/index.php\/2025\/07\/31\/nos-temos-que-erradicar-a-violencia-da-vida-das-mulheres-afirma-marcia-lopes\/","og_locale":"pt_BR","og_type":"article","og_title":"\u2018N\u00f3s temos que erradicar a viol\u00eancia da vida das mulheres\u2019, afirma M\u00e1rcia Lopes - Compartilha Bahia","og_description":"O Agosto Lil\u00e1s, m\u00eas dedicado a alertar sobre o fim da viol\u00eancia contra a mulher, e que tamb\u00e9m marca o anivers\u00e1rio de 19 anos da Lei Maria da Penha, foi tema da entrevista com a ministra das Mulheres, M\u00e1rcia Lopes, durante o programa&nbsp;Bom Dia, Ministra&nbsp;desta quinta-feira (31\/7), transmitido pelo&nbsp;Canal Gov, da Empresa Brasil de Comunica\u00e7\u00e3o [&hellip;]","og_url":"https:\/\/compartilhabahia.com.br\/index.php\/2025\/07\/31\/nos-temos-que-erradicar-a-violencia-da-vida-das-mulheres-afirma-marcia-lopes\/","og_site_name":"Compartilha Bahia","article_publisher":"https:\/\/web.facebook.com\/compartilhabahia","article_published_time":"2025-07-31T16:03:43+00:00","article_modified_time":"2025-07-31T16:03:45+00:00","og_image":[{"width":838,"height":527,"url":"https:\/\/compartilhabahia.com.br\/wp-content\/uploads\/2025\/07\/ministradamulher.jpg","type":"image\/jpeg"}],"author":"admin","twitter_card":"summary_large_image","twitter_misc":{"Escrito por":"admin","Est. tempo de leitura":"12 minutos"},"schema":{"@context":"https:\/\/schema.org","@graph":[{"@type":"Article","@id":"https:\/\/compartilhabahia.com.br\/index.php\/2025\/07\/31\/nos-temos-que-erradicar-a-violencia-da-vida-das-mulheres-afirma-marcia-lopes\/#article","isPartOf":{"@id":"https:\/\/compartilhabahia.com.br\/index.php\/2025\/07\/31\/nos-temos-que-erradicar-a-violencia-da-vida-das-mulheres-afirma-marcia-lopes\/"},"author":{"name":"admin","@id":"https:\/\/compartilhabahia.com.br\/#\/schema\/person\/9b4f0c3178793b8248d6686732521c04"},"headline":"\u2018N\u00f3s temos que erradicar a viol\u00eancia da vida das mulheres\u2019, afirma M\u00e1rcia Lopes","datePublished":"2025-07-31T16:03:43+00:00","dateModified":"2025-07-31T16:03:45+00:00","mainEntityOfPage":{"@id":"https:\/\/compartilhabahia.com.br\/index.php\/2025\/07\/31\/nos-temos-que-erradicar-a-violencia-da-vida-das-mulheres-afirma-marcia-lopes\/"},"wordCount":2541,"commentCount":0,"publisher":{"@id":"https:\/\/compartilhabahia.com.br\/#organization"},"articleSection":["Brasil"],"inLanguage":"pt-BR","potentialAction":[{"@type":"CommentAction","name":"Comment","target":["https:\/\/compartilhabahia.com.br\/index.php\/2025\/07\/31\/nos-temos-que-erradicar-a-violencia-da-vida-das-mulheres-afirma-marcia-lopes\/#respond"]}]},{"@type":"WebPage","@id":"https:\/\/compartilhabahia.com.br\/index.php\/2025\/07\/31\/nos-temos-que-erradicar-a-violencia-da-vida-das-mulheres-afirma-marcia-lopes\/","url":"https:\/\/compartilhabahia.com.br\/index.php\/2025\/07\/31\/nos-temos-que-erradicar-a-violencia-da-vida-das-mulheres-afirma-marcia-lopes\/","name":"\u2018N\u00f3s temos que erradicar a viol\u00eancia da vida das mulheres\u2019, afirma M\u00e1rcia Lopes - Compartilha Bahia","isPartOf":{"@id":"https:\/\/compartilhabahia.com.br\/#website"},"datePublished":"2025-07-31T16:03:43+00:00","dateModified":"2025-07-31T16:03:45+00:00","breadcrumb":{"@id":"https:\/\/compartilhabahia.com.br\/index.php\/2025\/07\/31\/nos-temos-que-erradicar-a-violencia-da-vida-das-mulheres-afirma-marcia-lopes\/#breadcrumb"},"inLanguage":"pt-BR","potentialAction":[{"@type":"ReadAction","target":["https:\/\/compartilhabahia.com.br\/index.php\/2025\/07\/31\/nos-temos-que-erradicar-a-violencia-da-vida-das-mulheres-afirma-marcia-lopes\/"]}]},{"@type":"BreadcrumbList","@id":"https:\/\/compartilhabahia.com.br\/index.php\/2025\/07\/31\/nos-temos-que-erradicar-a-violencia-da-vida-das-mulheres-afirma-marcia-lopes\/#breadcrumb","itemListElement":[{"@type":"ListItem","position":1,"name":"In\u00edcio","item":"https:\/\/compartilhabahia.com.br\/"},{"@type":"ListItem","position":2,"name":"\u2018N\u00f3s temos que erradicar a viol\u00eancia da vida das mulheres\u2019, afirma M\u00e1rcia Lopes"}]},{"@type":"WebSite","@id":"https:\/\/compartilhabahia.com.br\/#website","url":"https:\/\/compartilhabahia.com.br\/","name":"Compartilha Bahia","description":"","publisher":{"@id":"https:\/\/compartilhabahia.com.br\/#organization"},"potentialAction":[{"@type":"SearchAction","target":{"@type":"EntryPoint","urlTemplate":"https:\/\/compartilhabahia.com.br\/?s={search_term_string}"},"query-input":"required name=search_term_string"}],"inLanguage":"pt-BR"},{"@type":"Organization","@id":"https:\/\/compartilhabahia.com.br\/#organization","name":"Compartilha Bahia","url":"https:\/\/compartilhabahia.com.br\/","logo":{"@type":"ImageObject","inLanguage":"pt-BR","@id":"https:\/\/compartilhabahia.com.br\/#\/schema\/logo\/image\/","url":"https:\/\/compartilhabahia.com.br\/wp-content\/uploads\/2023\/12\/cropped-logo.png","contentUrl":"https:\/\/compartilhabahia.com.br\/wp-content\/uploads\/2023\/12\/cropped-logo.png","width":300,"height":106,"caption":"Compartilha Bahia"},"image":{"@id":"https:\/\/compartilhabahia.com.br\/#\/schema\/logo\/image\/"},"sameAs":["https:\/\/web.facebook.com\/compartilhabahia","https:\/\/www.instagram.com\/compartilhabahia\/"]},{"@type":"Person","@id":"https:\/\/compartilhabahia.com.br\/#\/schema\/person\/9b4f0c3178793b8248d6686732521c04","name":"admin","image":{"@type":"ImageObject","inLanguage":"pt-BR","@id":"https:\/\/compartilhabahia.com.br\/#\/schema\/person\/image\/","url":"https:\/\/secure.gravatar.com\/avatar\/9600df58751c5acbe914c538c03390ef649ea088cb65f84ba09c7ce66988eed6?s=96&d=mm&r=g","contentUrl":"https:\/\/secure.gravatar.com\/avatar\/9600df58751c5acbe914c538c03390ef649ea088cb65f84ba09c7ce66988eed6?s=96&d=mm&r=g","caption":"admin"},"sameAs":["https:\/\/compartilhabahia.com.br"],"url":"https:\/\/compartilhabahia.com.br\/index.php\/author\/compartilhabahia\/"}]}},"_links":{"self":[{"href":"https:\/\/compartilhabahia.com.br\/index.php\/wp-json\/wp\/v2\/posts\/7425","targetHints":{"allow":["GET"]}}],"collection":[{"href":"https:\/\/compartilhabahia.com.br\/index.php\/wp-json\/wp\/v2\/posts"}],"about":[{"href":"https:\/\/compartilhabahia.com.br\/index.php\/wp-json\/wp\/v2\/types\/post"}],"author":[{"embeddable":true,"href":"https:\/\/compartilhabahia.com.br\/index.php\/wp-json\/wp\/v2\/users\/1"}],"replies":[{"embeddable":true,"href":"https:\/\/compartilhabahia.com.br\/index.php\/wp-json\/wp\/v2\/comments?post=7425"}],"version-history":[{"count":1,"href":"https:\/\/compartilhabahia.com.br\/index.php\/wp-json\/wp\/v2\/posts\/7425\/revisions"}],"predecessor-version":[{"id":7427,"href":"https:\/\/compartilhabahia.com.br\/index.php\/wp-json\/wp\/v2\/posts\/7425\/revisions\/7427"}],"wp:featuredmedia":[{"embeddable":true,"href":"https:\/\/compartilhabahia.com.br\/index.php\/wp-json\/wp\/v2\/media\/7426"}],"wp:attachment":[{"href":"https:\/\/compartilhabahia.com.br\/index.php\/wp-json\/wp\/v2\/media?parent=7425"}],"wp:term":[{"taxonomy":"category","embeddable":true,"href":"https:\/\/compartilhabahia.com.br\/index.php\/wp-json\/wp\/v2\/categories?post=7425"},{"taxonomy":"post_tag","embeddable":true,"href":"https:\/\/compartilhabahia.com.br\/index.php\/wp-json\/wp\/v2\/tags?post=7425"}],"curies":[{"name":"wp","href":"https:\/\/api.w.org\/{rel}","templated":true}]}}