{"id":7421,"date":"2025-07-31T12:47:07","date_gmt":"2025-07-31T15:47:07","guid":{"rendered":"https:\/\/compartilhabahia.com.br\/?p=7421"},"modified":"2025-07-31T12:50:42","modified_gmt":"2025-07-31T15:50:42","slug":"na-bahia-jaques-wagner-e-rui-costa-lideram-corrida-para-senado","status":"publish","type":"post","link":"https:\/\/compartilhabahia.com.br\/index.php\/2025\/07\/31\/na-bahia-jaques-wagner-e-rui-costa-lideram-corrida-para-senado\/","title":{"rendered":"Na Bahia Jaques Wagner e Rui Costa lideram corrida para Senado"},"content":{"rendered":"\n<p><\/p>\n\n\n\n<p><strong>Uma nova pesquisa realizada pelo Instituto Paran\u00e1 Pesquisas, em parceria com o Bahia Not\u00edcias, publicada nesta quinta-feira (31\/7), traz os contornos da disputa pelo Legislativo Federal em 2026 na Bahia. Os levantamentos para o Senado indicam a lideran\u00e7a dos ex-governadores Rui Costa (PT) e Jaques Wagner (PT) nos cen\u00e1rios estimulados.<\/strong><\/p>\n\n\n\n<p><strong>Rui Costa: 45,7%<br>Jaques Wagner: 35,7%<br>Jo\u00e3o Roma: 24,6%<br>M\u00e1rcio Marinho: 8,9%<br>Adolfo Viana: 7,3%<br>Marcelo Nilo: 6,4%<br>Z\u00e9 Coc\u00e1: 4,8%<\/strong><\/p>\n\n\n\n<p><strong>N\u00e3o sabe\/N\u00e3o opinou: 7,0%<br>Nenhum\/Branco\/Nulo: 15,3%<\/strong><\/p>\n\n\n\n<p><strong>No cen\u00e1rio espont\u00e2neo, quando o nome dos candidatos n\u00e3o \u00e9 apresentado, a maioria dos eleitores baianos ainda demonstra indecis\u00e3o. O percentual de &#8220;N\u00e3o sabe\/n\u00e3o opinou&#8221; atinge 87,3%. Entre os nomes citados, Jaques Wagner (1,8%) e Rui Costa (1,4%) aparecem com as maiores men\u00e7\u00f5es, seguidos por Otto Alencar (PSD) (1,1%) e ACM Neto (Uni\u00e3o) (0,9%).<\/strong><\/p>\n","protected":false},"excerpt":{"rendered":"<p>Uma nova pesquisa realizada pelo Instituto Paran\u00e1 Pesquisas, em parceria com o Bahia Not\u00edcias, publicada nesta quinta-feira (31\/7), traz os contornos da disputa pelo Legislativo Federal em 2026 na Bahia. Os levantamentos para o Senado indicam a lideran\u00e7a dos ex-governadores Rui Costa (PT) e Jaques Wagner (PT) nos cen\u00e1rios estimulados. Rui Costa: 45,7%Jaques Wagner: 35,7%Jo\u00e3o [&hellip;]<\/p>\n","protected":false},"author":1,"featured_media":7422,"comment_status":"open","ping_status":"open","sticky":false,"template":"","format":"standard","meta":{"footnotes":""},"categories":[10],"tags":[],"class_list":["post-7421","post","type-post","status-publish","format-standard","has-post-thumbnail","hentry","category-bahia"],"yoast_head":"<!-- This site is optimized with the Yoast SEO plugin v21.7 - https:\/\/yoast.com\/wordpress\/plugins\/seo\/ -->\n<title>Na Bahia Jaques Wagner e Rui Costa lideram corrida para Senado - Compartilha Bahia<\/title>\n<meta name=\"robots\" content=\"index, follow, max-snippet:-1, max-image-preview:large, max-video-preview:-1\" \/>\n<link rel=\"canonical\" href=\"https:\/\/compartilhabahia.com.br\/index.php\/2025\/07\/31\/na-bahia-jaques-wagner-e-rui-costa-lideram-corrida-para-senado\/\" \/>\n<meta property=\"og:locale\" content=\"pt_BR\" \/>\n<meta property=\"og:type\" content=\"article\" \/>\n<meta property=\"og:title\" content=\"Na Bahia Jaques Wagner e Rui Costa lideram corrida para Senado - Compartilha Bahia\" \/>\n<meta property=\"og:description\" content=\"Uma nova pesquisa realizada pelo Instituto Paran\u00e1 Pesquisas, em parceria com o Bahia Not\u00edcias, publicada nesta quinta-feira (31\/7), traz os contornos da disputa pelo Legislativo Federal em 2026 na Bahia. Os levantamentos para o Senado indicam a lideran\u00e7a dos ex-governadores Rui Costa (PT) e Jaques Wagner (PT) nos cen\u00e1rios estimulados. Rui Costa: 45,7%Jaques Wagner: 35,7%Jo\u00e3o [&hellip;]\" \/>\n<meta property=\"og:url\" content=\"https:\/\/compartilhabahia.com.br\/index.php\/2025\/07\/31\/na-bahia-jaques-wagner-e-rui-costa-lideram-corrida-para-senado\/\" \/>\n<meta property=\"og:site_name\" content=\"Compartilha Bahia\" \/>\n<meta property=\"article:publisher\" content=\"https:\/\/web.facebook.com\/compartilhabahia\" \/>\n<meta property=\"article:published_time\" content=\"2025-07-31T15:47:07+00:00\" \/>\n<meta property=\"article:modified_time\" content=\"2025-07-31T15:50:42+00:00\" \/>\n<meta property=\"og:image\" content=\"https:\/\/compartilhabahia.com.br\/wp-content\/uploads\/2025\/07\/ruiewagner.jpg\" \/>\n\t<meta property=\"og:image:width\" content=\"817\" \/>\n\t<meta property=\"og:image:height\" content=\"506\" \/>\n\t<meta property=\"og:image:type\" content=\"image\/jpeg\" \/>\n<meta name=\"author\" content=\"admin\" \/>\n<meta name=\"twitter:card\" content=\"summary_large_image\" \/>\n<meta name=\"twitter:label1\" content=\"Escrito por\" \/>\n\t<meta name=\"twitter:data1\" content=\"admin\" \/>\n\t<meta name=\"twitter:label2\" content=\"Est. tempo de leitura\" \/>\n\t<meta name=\"twitter:data2\" content=\"1 minuto\" \/>\n<script type=\"application\/ld+json\" class=\"yoast-schema-graph\">{\"@context\":\"https:\/\/schema.org\",\"@graph\":[{\"@type\":\"Article\",\"@id\":\"https:\/\/compartilhabahia.com.br\/index.php\/2025\/07\/31\/na-bahia-jaques-wagner-e-rui-costa-lideram-corrida-para-senado\/#article\",\"isPartOf\":{\"@id\":\"https:\/\/compartilhabahia.com.br\/index.php\/2025\/07\/31\/na-bahia-jaques-wagner-e-rui-costa-lideram-corrida-para-senado\/\"},\"author\":{\"name\":\"admin\",\"@id\":\"https:\/\/compartilhabahia.com.br\/#\/schema\/person\/9b4f0c3178793b8248d6686732521c04\"},\"headline\":\"Na Bahia Jaques Wagner e Rui Costa lideram corrida para Senado\",\"datePublished\":\"2025-07-31T15:47:07+00:00\",\"dateModified\":\"2025-07-31T15:50:42+00:00\",\"mainEntityOfPage\":{\"@id\":\"https:\/\/compartilhabahia.com.br\/index.php\/2025\/07\/31\/na-bahia-jaques-wagner-e-rui-costa-lideram-corrida-para-senado\/\"},\"wordCount\":144,\"commentCount\":0,\"publisher\":{\"@id\":\"https:\/\/compartilhabahia.com.br\/#organization\"},\"articleSection\":[\"Bahia\"],\"inLanguage\":\"pt-BR\",\"potentialAction\":[{\"@type\":\"CommentAction\",\"name\":\"Comment\",\"target\":[\"https:\/\/compartilhabahia.com.br\/index.php\/2025\/07\/31\/na-bahia-jaques-wagner-e-rui-costa-lideram-corrida-para-senado\/#respond\"]}]},{\"@type\":\"WebPage\",\"@id\":\"https:\/\/compartilhabahia.com.br\/index.php\/2025\/07\/31\/na-bahia-jaques-wagner-e-rui-costa-lideram-corrida-para-senado\/\",\"url\":\"https:\/\/compartilhabahia.com.br\/index.php\/2025\/07\/31\/na-bahia-jaques-wagner-e-rui-costa-lideram-corrida-para-senado\/\",\"name\":\"Na Bahia Jaques Wagner e Rui Costa lideram corrida para Senado - Compartilha Bahia\",\"isPartOf\":{\"@id\":\"https:\/\/compartilhabahia.com.br\/#website\"},\"datePublished\":\"2025-07-31T15:47:07+00:00\",\"dateModified\":\"2025-07-31T15:50:42+00:00\",\"breadcrumb\":{\"@id\":\"https:\/\/compartilhabahia.com.br\/index.php\/2025\/07\/31\/na-bahia-jaques-wagner-e-rui-costa-lideram-corrida-para-senado\/#breadcrumb\"},\"inLanguage\":\"pt-BR\",\"potentialAction\":[{\"@type\":\"ReadAction\",\"target\":[\"https:\/\/compartilhabahia.com.br\/index.php\/2025\/07\/31\/na-bahia-jaques-wagner-e-rui-costa-lideram-corrida-para-senado\/\"]}]},{\"@type\":\"BreadcrumbList\",\"@id\":\"https:\/\/compartilhabahia.com.br\/index.php\/2025\/07\/31\/na-bahia-jaques-wagner-e-rui-costa-lideram-corrida-para-senado\/#breadcrumb\",\"itemListElement\":[{\"@type\":\"ListItem\",\"position\":1,\"name\":\"In\u00edcio\",\"item\":\"https:\/\/compartilhabahia.com.br\/\"},{\"@type\":\"ListItem\",\"position\":2,\"name\":\"Na Bahia Jaques Wagner e Rui Costa lideram corrida para Senado\"}]},{\"@type\":\"WebSite\",\"@id\":\"https:\/\/compartilhabahia.com.br\/#website\",\"url\":\"https:\/\/compartilhabahia.com.br\/\",\"name\":\"Compartilha Bahia\",\"description\":\"\",\"publisher\":{\"@id\":\"https:\/\/compartilhabahia.com.br\/#organization\"},\"potentialAction\":[{\"@type\":\"SearchAction\",\"target\":{\"@type\":\"EntryPoint\",\"urlTemplate\":\"https:\/\/compartilhabahia.com.br\/?s={search_term_string}\"},\"query-input\":\"required name=search_term_string\"}],\"inLanguage\":\"pt-BR\"},{\"@type\":\"Organization\",\"@id\":\"https:\/\/compartilhabahia.com.br\/#organization\",\"name\":\"Compartilha Bahia\",\"url\":\"https:\/\/compartilhabahia.com.br\/\",\"logo\":{\"@type\":\"ImageObject\",\"inLanguage\":\"pt-BR\",\"@id\":\"https:\/\/compartilhabahia.com.br\/#\/schema\/logo\/image\/\",\"url\":\"https:\/\/compartilhabahia.com.br\/wp-content\/uploads\/2023\/12\/cropped-logo.png\",\"contentUrl\":\"https:\/\/compartilhabahia.com.br\/wp-content\/uploads\/2023\/12\/cropped-logo.png\",\"width\":300,\"height\":106,\"caption\":\"Compartilha Bahia\"},\"image\":{\"@id\":\"https:\/\/compartilhabahia.com.br\/#\/schema\/logo\/image\/\"},\"sameAs\":[\"https:\/\/web.facebook.com\/compartilhabahia\",\"https:\/\/www.instagram.com\/compartilhabahia\/\"]},{\"@type\":\"Person\",\"@id\":\"https:\/\/compartilhabahia.com.br\/#\/schema\/person\/9b4f0c3178793b8248d6686732521c04\",\"name\":\"admin\",\"image\":{\"@type\":\"ImageObject\",\"inLanguage\":\"pt-BR\",\"@id\":\"https:\/\/compartilhabahia.com.br\/#\/schema\/person\/image\/\",\"url\":\"https:\/\/secure.gravatar.com\/avatar\/9600df58751c5acbe914c538c03390ef649ea088cb65f84ba09c7ce66988eed6?s=96&d=mm&r=g\",\"contentUrl\":\"https:\/\/secure.gravatar.com\/avatar\/9600df58751c5acbe914c538c03390ef649ea088cb65f84ba09c7ce66988eed6?s=96&d=mm&r=g\",\"caption\":\"admin\"},\"sameAs\":[\"https:\/\/compartilhabahia.com.br\"],\"url\":\"https:\/\/compartilhabahia.com.br\/index.php\/author\/compartilhabahia\/\"}]}<\/script>\n<!-- \/ Yoast SEO plugin. -->","yoast_head_json":{"title":"Na Bahia Jaques Wagner e Rui Costa lideram corrida para Senado - Compartilha Bahia","robots":{"index":"index","follow":"follow","max-snippet":"max-snippet:-1","max-image-preview":"max-image-preview:large","max-video-preview":"max-video-preview:-1"},"canonical":"https:\/\/compartilhabahia.com.br\/index.php\/2025\/07\/31\/na-bahia-jaques-wagner-e-rui-costa-lideram-corrida-para-senado\/","og_locale":"pt_BR","og_type":"article","og_title":"Na Bahia Jaques Wagner e Rui Costa lideram corrida para Senado - Compartilha Bahia","og_description":"Uma nova pesquisa realizada pelo Instituto Paran\u00e1 Pesquisas, em parceria com o Bahia Not\u00edcias, publicada nesta quinta-feira (31\/7), traz os contornos da disputa pelo Legislativo Federal em 2026 na Bahia. Os levantamentos para o Senado indicam a lideran\u00e7a dos ex-governadores Rui Costa (PT) e Jaques Wagner (PT) nos cen\u00e1rios estimulados. Rui Costa: 45,7%Jaques Wagner: 35,7%Jo\u00e3o [&hellip;]","og_url":"https:\/\/compartilhabahia.com.br\/index.php\/2025\/07\/31\/na-bahia-jaques-wagner-e-rui-costa-lideram-corrida-para-senado\/","og_site_name":"Compartilha Bahia","article_publisher":"https:\/\/web.facebook.com\/compartilhabahia","article_published_time":"2025-07-31T15:47:07+00:00","article_modified_time":"2025-07-31T15:50:42+00:00","og_image":[{"width":817,"height":506,"url":"https:\/\/compartilhabahia.com.br\/wp-content\/uploads\/2025\/07\/ruiewagner.jpg","type":"image\/jpeg"}],"author":"admin","twitter_card":"summary_large_image","twitter_misc":{"Escrito por":"admin","Est. tempo de leitura":"1 minuto"},"schema":{"@context":"https:\/\/schema.org","@graph":[{"@type":"Article","@id":"https:\/\/compartilhabahia.com.br\/index.php\/2025\/07\/31\/na-bahia-jaques-wagner-e-rui-costa-lideram-corrida-para-senado\/#article","isPartOf":{"@id":"https:\/\/compartilhabahia.com.br\/index.php\/2025\/07\/31\/na-bahia-jaques-wagner-e-rui-costa-lideram-corrida-para-senado\/"},"author":{"name":"admin","@id":"https:\/\/compartilhabahia.com.br\/#\/schema\/person\/9b4f0c3178793b8248d6686732521c04"},"headline":"Na Bahia Jaques Wagner e Rui Costa lideram corrida para Senado","datePublished":"2025-07-31T15:47:07+00:00","dateModified":"2025-07-31T15:50:42+00:00","mainEntityOfPage":{"@id":"https:\/\/compartilhabahia.com.br\/index.php\/2025\/07\/31\/na-bahia-jaques-wagner-e-rui-costa-lideram-corrida-para-senado\/"},"wordCount":144,"commentCount":0,"publisher":{"@id":"https:\/\/compartilhabahia.com.br\/#organization"},"articleSection":["Bahia"],"inLanguage":"pt-BR","potentialAction":[{"@type":"CommentAction","name":"Comment","target":["https:\/\/compartilhabahia.com.br\/index.php\/2025\/07\/31\/na-bahia-jaques-wagner-e-rui-costa-lideram-corrida-para-senado\/#respond"]}]},{"@type":"WebPage","@id":"https:\/\/compartilhabahia.com.br\/index.php\/2025\/07\/31\/na-bahia-jaques-wagner-e-rui-costa-lideram-corrida-para-senado\/","url":"https:\/\/compartilhabahia.com.br\/index.php\/2025\/07\/31\/na-bahia-jaques-wagner-e-rui-costa-lideram-corrida-para-senado\/","name":"Na Bahia Jaques Wagner e Rui Costa lideram corrida para Senado - Compartilha Bahia","isPartOf":{"@id":"https:\/\/compartilhabahia.com.br\/#website"},"datePublished":"2025-07-31T15:47:07+00:00","dateModified":"2025-07-31T15:50:42+00:00","breadcrumb":{"@id":"https:\/\/compartilhabahia.com.br\/index.php\/2025\/07\/31\/na-bahia-jaques-wagner-e-rui-costa-lideram-corrida-para-senado\/#breadcrumb"},"inLanguage":"pt-BR","potentialAction":[{"@type":"ReadAction","target":["https:\/\/compartilhabahia.com.br\/index.php\/2025\/07\/31\/na-bahia-jaques-wagner-e-rui-costa-lideram-corrida-para-senado\/"]}]},{"@type":"BreadcrumbList","@id":"https:\/\/compartilhabahia.com.br\/index.php\/2025\/07\/31\/na-bahia-jaques-wagner-e-rui-costa-lideram-corrida-para-senado\/#breadcrumb","itemListElement":[{"@type":"ListItem","position":1,"name":"In\u00edcio","item":"https:\/\/compartilhabahia.com.br\/"},{"@type":"ListItem","position":2,"name":"Na Bahia Jaques Wagner e Rui Costa lideram corrida para Senado"}]},{"@type":"WebSite","@id":"https:\/\/compartilhabahia.com.br\/#website","url":"https:\/\/compartilhabahia.com.br\/","name":"Compartilha Bahia","description":"","publisher":{"@id":"https:\/\/compartilhabahia.com.br\/#organization"},"potentialAction":[{"@type":"SearchAction","target":{"@type":"EntryPoint","urlTemplate":"https:\/\/compartilhabahia.com.br\/?s={search_term_string}"},"query-input":"required name=search_term_string"}],"inLanguage":"pt-BR"},{"@type":"Organization","@id":"https:\/\/compartilhabahia.com.br\/#organization","name":"Compartilha Bahia","url":"https:\/\/compartilhabahia.com.br\/","logo":{"@type":"ImageObject","inLanguage":"pt-BR","@id":"https:\/\/compartilhabahia.com.br\/#\/schema\/logo\/image\/","url":"https:\/\/compartilhabahia.com.br\/wp-content\/uploads\/2023\/12\/cropped-logo.png","contentUrl":"https:\/\/compartilhabahia.com.br\/wp-content\/uploads\/2023\/12\/cropped-logo.png","width":300,"height":106,"caption":"Compartilha Bahia"},"image":{"@id":"https:\/\/compartilhabahia.com.br\/#\/schema\/logo\/image\/"},"sameAs":["https:\/\/web.facebook.com\/compartilhabahia","https:\/\/www.instagram.com\/compartilhabahia\/"]},{"@type":"Person","@id":"https:\/\/compartilhabahia.com.br\/#\/schema\/person\/9b4f0c3178793b8248d6686732521c04","name":"admin","image":{"@type":"ImageObject","inLanguage":"pt-BR","@id":"https:\/\/compartilhabahia.com.br\/#\/schema\/person\/image\/","url":"https:\/\/secure.gravatar.com\/avatar\/9600df58751c5acbe914c538c03390ef649ea088cb65f84ba09c7ce66988eed6?s=96&d=mm&r=g","contentUrl":"https:\/\/secure.gravatar.com\/avatar\/9600df58751c5acbe914c538c03390ef649ea088cb65f84ba09c7ce66988eed6?s=96&d=mm&r=g","caption":"admin"},"sameAs":["https:\/\/compartilhabahia.com.br"],"url":"https:\/\/compartilhabahia.com.br\/index.php\/author\/compartilhabahia\/"}]}},"_links":{"self":[{"href":"https:\/\/compartilhabahia.com.br\/index.php\/wp-json\/wp\/v2\/posts\/7421","targetHints":{"allow":["GET"]}}],"collection":[{"href":"https:\/\/compartilhabahia.com.br\/index.php\/wp-json\/wp\/v2\/posts"}],"about":[{"href":"https:\/\/compartilhabahia.com.br\/index.php\/wp-json\/wp\/v2\/types\/post"}],"author":[{"embeddable":true,"href":"https:\/\/compartilhabahia.com.br\/index.php\/wp-json\/wp\/v2\/users\/1"}],"replies":[{"embeddable":true,"href":"https:\/\/compartilhabahia.com.br\/index.php\/wp-json\/wp\/v2\/comments?post=7421"}],"version-history":[{"count":2,"href":"https:\/\/compartilhabahia.com.br\/index.php\/wp-json\/wp\/v2\/posts\/7421\/revisions"}],"predecessor-version":[{"id":7424,"href":"https:\/\/compartilhabahia.com.br\/index.php\/wp-json\/wp\/v2\/posts\/7421\/revisions\/7424"}],"wp:featuredmedia":[{"embeddable":true,"href":"https:\/\/compartilhabahia.com.br\/index.php\/wp-json\/wp\/v2\/media\/7422"}],"wp:attachment":[{"href":"https:\/\/compartilhabahia.com.br\/index.php\/wp-json\/wp\/v2\/media?parent=7421"}],"wp:term":[{"taxonomy":"category","embeddable":true,"href":"https:\/\/compartilhabahia.com.br\/index.php\/wp-json\/wp\/v2\/categories?post=7421"},{"taxonomy":"post_tag","embeddable":true,"href":"https:\/\/compartilhabahia.com.br\/index.php\/wp-json\/wp\/v2\/tags?post=7421"}],"curies":[{"name":"wp","href":"https:\/\/api.w.org\/{rel}","templated":true}]}}