{"id":7413,"date":"2025-07-30T21:38:08","date_gmt":"2025-07-31T00:38:08","guid":{"rendered":"https:\/\/compartilhabahia.com.br\/?p=7413"},"modified":"2025-07-30T21:38:10","modified_gmt":"2025-07-31T00:38:10","slug":"no-dia-do-agricultor-caetano-anuncia-inicio-da-recuperacao-das-estradas-vicinais","status":"publish","type":"post","link":"https:\/\/compartilhabahia.com.br\/index.php\/2025\/07\/30\/no-dia-do-agricultor-caetano-anuncia-inicio-da-recuperacao-das-estradas-vicinais\/","title":{"rendered":"No dia do agricultor Caetano anuncia inicio da recupera\u00e7\u00e3o das estradas vicinais"},"content":{"rendered":"\n<p>\u201cChoveu esses meses todos, bastou suspender as chuvas, j\u00e1 estamos fazendo as estradas vicinais. Come\u00e7amos por Barra do Pojuca, por Monte Gordo, as m\u00e1quinas j\u00e1 est\u00e3o l\u00e1 com o material para fazer as estradas vicinais de Cama\u00e7ari, para melhorar o escoamento da agricultura familiar e melhorar o transporte da nossa gente que mora na zona rural\u201d, anunciou o prefeito de Cama\u00e7ari Luiz Caetano (PT), durante a <strong>Celebra\u00e7\u00e3o do Dia do Agricultor e da Agricultora que reuniu mais de 300 pessoas no Clube Social de Cama\u00e7ari<\/strong><\/p>\n\n\n\n<p>Com festa, forma\u00e7\u00e3o e entrega de kit\u2019s a Secretaria do Desenvolvimento da Agricultura e Pesca de Cama\u00e7ari (Sedap) comemorou o Dia Nacional do Agricultor e da Agricultora, celebrado em 28 de julho. O evento reuniu mais de 300 agricultores do munic\u00edpio, nesta quarta-feira (30), no Clube Social de Cama\u00e7ari.<\/p>\n\n\n\n<p>Reconhecendo a import\u00e2ncia da categoria para toda a sociedade, o prefeito Luiz Caetano esteve presente na celebra\u00e7\u00e3o e destacou as a\u00e7\u00f5es em andamento que ir\u00e3o contribuir diretamente para o setor. \u201cChoveu esses meses todos, bastou suspender as chuvas, j\u00e1 estamos fazendo as estradas vicinais. Come\u00e7amos por Barra do Pojuca, por Monte Gordo, as m\u00e1quinas j\u00e1 est\u00e3o l\u00e1 com o material para fazer as estradas vicinais de Cama\u00e7ari, para melhorar o escoamento da agricultura familiar e melhorar o transporte da nossa gente que mora na zona rural\u201d, anunciou.<\/p>\n\n\n\n<p>A busca pela aproxima\u00e7\u00e3o entre os produtores e o governo municipal foi destacada pelo titular da Sedap, Fabiano Dourado. \u201cCama\u00e7ari \u00e9 uma cidade reconhecida como Polo Petroqu\u00edmico, ent\u00e3o n\u00f3s buscamos para a agricultura do nosso munic\u00edpio, que tem uma \u00e1rea gigantesca, trazer mais equipamentos, dar uma estrutura tanto para agricultura familiar quanto para os pescadores e marisqueiras\u201d, afirmou. Em seu discurso o secret\u00e1rio tamb\u00e9m lembrou todo trabalho realizado nos \u00faltimos meses e o fortalecimento de a\u00e7\u00f5es com o governo federal, a exemplo de mais uma edi\u00e7\u00e3o do Programa de Aquisi\u00e7\u00e3o de Alimentos (PAA).<\/p>\n\n\n\n<figure class=\"wp-block-image size-large is-resized\"><img loading=\"lazy\" decoding=\"async\" width=\"1024\" height=\"694\" src=\"https:\/\/compartilhabahia.com.br\/wp-content\/uploads\/2025\/07\/thumbnail_-Dia-do-Agricultor-e-da-Agricultora-foto-Juliano_Sarraf-1-1-1024x694.jpg\" alt=\"\" class=\"wp-image-7415\" style=\"width:599px;height:auto\" srcset=\"https:\/\/compartilhabahia.com.br\/wp-content\/uploads\/2025\/07\/thumbnail_-Dia-do-Agricultor-e-da-Agricultora-foto-Juliano_Sarraf-1-1-1024x694.jpg 1024w, https:\/\/compartilhabahia.com.br\/wp-content\/uploads\/2025\/07\/thumbnail_-Dia-do-Agricultor-e-da-Agricultora-foto-Juliano_Sarraf-1-1-300x203.jpg 300w, https:\/\/compartilhabahia.com.br\/wp-content\/uploads\/2025\/07\/thumbnail_-Dia-do-Agricultor-e-da-Agricultora-foto-Juliano_Sarraf-1-1-768x520.jpg 768w, https:\/\/compartilhabahia.com.br\/wp-content\/uploads\/2025\/07\/thumbnail_-Dia-do-Agricultor-e-da-Agricultora-foto-Juliano_Sarraf-1-1-1536x1041.jpg 1536w, https:\/\/compartilhabahia.com.br\/wp-content\/uploads\/2025\/07\/thumbnail_-Dia-do-Agricultor-e-da-Agricultora-foto-Juliano_Sarraf-1-1.jpg 1600w\" sizes=\"auto, (max-width: 1024px) 100vw, 1024px\" \/><\/figure>\n\n\n\n<p>No ato ainda foram entregues kit\u00b4s para agricultores, com enxada, fac\u00e3o com bainha e botij\u00e3o t\u00e9rmico. Pescadores e marisqueiras tamb\u00e9m foram presenteados com camisa UV, luva, protetor solar e chap\u00e9u \u00e1rabe.<\/p>\n\n\n\n<p>O kit foi aprovado pelo agricultor de Massaranduba, Osvaldo de Souza, 66 anos. \u201cMuito agrad\u00e1vel, a gente saber que o trabalho da prefeitura est\u00e1 sendo proveitoso, olhando pela agricultura e a pesca, \u00e9 um trabalho muito satisfat\u00f3rio para gente, que necessita desse apoio. Vou usar muito esses equipamentos\u201d, disse.<\/p>\n\n\n\n<p>Outro destaque do evento foi a participa\u00e7\u00e3o da Secretaria de Sa\u00fade (sesau) com a oferta de v\u00e1rios servi\u00e7os: vacina\u00e7\u00e3o para febre amarela, influenza, hepatite B e t\u00e9tano; aferi\u00e7\u00e3o de press\u00e3o arterial; testes r\u00e1pidos para HIV, hepatite B e C, s\u00edfilis; orienta\u00e7\u00f5es sobre tuberculose, hansen\u00edase e infec\u00e7\u00f5es sexualmente transmiss\u00edveis (ISTS); e distribui\u00e7\u00e3o de preservativos.<\/p>\n\n\n\n<p>A marisqueira de Jau\u00e1, Ivanete de Souza Ferreira, 52 anos, assim que viu a estrutura montada pela Sesau foi conferir os servi\u00e7os. \u201c\u00c9 uma oportunidade que a gente tem, e as vezes a pessoa n\u00e3o vem aproveitar, se passa por ficar em casa. A gente nunca teve essas oportunidades, agora tem que aproveitar\u201d, pontou ao avaliar o evento como \u201cmaravilhoso\u201d.<\/p>\n\n\n\n<p>A celebra\u00e7\u00e3o ainda contou com a palestra \u201cOs Benef\u00edcios do INSS para o Produtor Rural\u201d, promovida pelo Servi\u00e7o Brasileiro de Apoio \u00e0s Micro e Pequenas Empresas (Sebrae), uma feira de artesanato e de produtos da agricultura, al\u00e9m stands informativos.<\/p>\n\n\n\n<p>Da Associa\u00e7\u00e3o da Fazenda Cajazeiras de Barra do Pojuca foram quase 50 agricultores e o presidente, Jos\u00e9 Nascimento, falou sobre a participa\u00e7\u00e3o no evento. \u201c\u00c9 importante para todos n\u00f3s porque a agricultura precisamos da prefeitura, a agricultura precisa da secretaria para nos apoiar e nos ajudar. E agora, n\u00f3s estamos com esperan\u00e7a\u201d, afirmou.<\/p>\n\n\n\n<figure class=\"wp-block-image size-large is-resized\"><img loading=\"lazy\" decoding=\"async\" width=\"1024\" height=\"682\" src=\"https:\/\/compartilhabahia.com.br\/wp-content\/uploads\/2025\/07\/thumbnail_-Dia-do-Agricultor-e-da-Agricultora-foto-Juliano_Sarraf-1-2-1024x682.jpg\" alt=\"\" class=\"wp-image-7416\" style=\"width:546px;height:auto\" srcset=\"https:\/\/compartilhabahia.com.br\/wp-content\/uploads\/2025\/07\/thumbnail_-Dia-do-Agricultor-e-da-Agricultora-foto-Juliano_Sarraf-1-2-1024x682.jpg 1024w, https:\/\/compartilhabahia.com.br\/wp-content\/uploads\/2025\/07\/thumbnail_-Dia-do-Agricultor-e-da-Agricultora-foto-Juliano_Sarraf-1-2-300x200.jpg 300w, https:\/\/compartilhabahia.com.br\/wp-content\/uploads\/2025\/07\/thumbnail_-Dia-do-Agricultor-e-da-Agricultora-foto-Juliano_Sarraf-1-2-768x512.jpg 768w, https:\/\/compartilhabahia.com.br\/wp-content\/uploads\/2025\/07\/thumbnail_-Dia-do-Agricultor-e-da-Agricultora-foto-Juliano_Sarraf-1-2-1536x1023.jpg 1536w, https:\/\/compartilhabahia.com.br\/wp-content\/uploads\/2025\/07\/thumbnail_-Dia-do-Agricultor-e-da-Agricultora-foto-Juliano_Sarraf-1-2-1200x800.jpg 1200w, https:\/\/compartilhabahia.com.br\/wp-content\/uploads\/2025\/07\/thumbnail_-Dia-do-Agricultor-e-da-Agricultora-foto-Juliano_Sarraf-1-2.jpg 1600w\" sizes=\"auto, (max-width: 1024px) 100vw, 1024px\" \/><\/figure>\n\n\n\n<p><br><br><br>Foto: Juliano Sarraf<\/p>\n","protected":false},"excerpt":{"rendered":"<p>\u201cChoveu esses meses todos, bastou suspender as chuvas, j\u00e1 estamos fazendo as estradas vicinais. Come\u00e7amos por Barra do Pojuca, por Monte Gordo, as m\u00e1quinas j\u00e1 est\u00e3o l\u00e1 com o material para fazer as estradas vicinais de Cama\u00e7ari, para melhorar o escoamento da agricultura familiar e melhorar o transporte da nossa gente que mora na zona [&hellip;]<\/p>\n","protected":false},"author":1,"featured_media":7414,"comment_status":"open","ping_status":"open","sticky":false,"template":"","format":"standard","meta":{"footnotes":""},"categories":[8],"tags":[],"class_list":["post-7413","post","type-post","status-publish","format-standard","has-post-thumbnail","hentry","category-camacari"],"yoast_head":"<!-- This site is optimized with the Yoast SEO plugin v21.7 - https:\/\/yoast.com\/wordpress\/plugins\/seo\/ -->\n<title>No dia do agricultor Caetano anuncia inicio da recupera\u00e7\u00e3o das estradas vicinais - Compartilha Bahia<\/title>\n<meta name=\"robots\" content=\"index, follow, max-snippet:-1, max-image-preview:large, max-video-preview:-1\" \/>\n<link rel=\"canonical\" href=\"https:\/\/compartilhabahia.com.br\/index.php\/2025\/07\/30\/no-dia-do-agricultor-caetano-anuncia-inicio-da-recuperacao-das-estradas-vicinais\/\" \/>\n<meta property=\"og:locale\" content=\"pt_BR\" \/>\n<meta property=\"og:type\" content=\"article\" \/>\n<meta property=\"og:title\" content=\"No dia do agricultor Caetano anuncia inicio da recupera\u00e7\u00e3o das estradas vicinais - Compartilha Bahia\" \/>\n<meta property=\"og:description\" content=\"\u201cChoveu esses meses todos, bastou suspender as chuvas, j\u00e1 estamos fazendo as estradas vicinais. Come\u00e7amos por Barra do Pojuca, por Monte Gordo, as m\u00e1quinas j\u00e1 est\u00e3o l\u00e1 com o material para fazer as estradas vicinais de Cama\u00e7ari, para melhorar o escoamento da agricultura familiar e melhorar o transporte da nossa gente que mora na zona [&hellip;]\" \/>\n<meta property=\"og:url\" content=\"https:\/\/compartilhabahia.com.br\/index.php\/2025\/07\/30\/no-dia-do-agricultor-caetano-anuncia-inicio-da-recuperacao-das-estradas-vicinais\/\" \/>\n<meta property=\"og:site_name\" content=\"Compartilha Bahia\" \/>\n<meta property=\"article:publisher\" content=\"https:\/\/web.facebook.com\/compartilhabahia\" \/>\n<meta property=\"article:published_time\" content=\"2025-07-31T00:38:08+00:00\" \/>\n<meta property=\"article:modified_time\" content=\"2025-07-31T00:38:10+00:00\" \/>\n<meta property=\"og:image\" content=\"https:\/\/compartilhabahia.com.br\/wp-content\/uploads\/2025\/07\/thumbnail_-Dia-do-Agricultor-e-da-Agricultora-foto-Juliano_Sarraf-.jpg\" \/>\n\t<meta property=\"og:image:width\" content=\"800\" \/>\n\t<meta property=\"og:image:height\" content=\"533\" \/>\n\t<meta property=\"og:image:type\" content=\"image\/jpeg\" \/>\n<meta name=\"author\" content=\"admin\" \/>\n<meta name=\"twitter:card\" content=\"summary_large_image\" \/>\n<meta name=\"twitter:label1\" content=\"Escrito por\" \/>\n\t<meta name=\"twitter:data1\" content=\"admin\" \/>\n\t<meta name=\"twitter:label2\" content=\"Est. tempo de leitura\" \/>\n\t<meta name=\"twitter:data2\" content=\"4 minutos\" \/>\n<script type=\"application\/ld+json\" class=\"yoast-schema-graph\">{\"@context\":\"https:\/\/schema.org\",\"@graph\":[{\"@type\":\"Article\",\"@id\":\"https:\/\/compartilhabahia.com.br\/index.php\/2025\/07\/30\/no-dia-do-agricultor-caetano-anuncia-inicio-da-recuperacao-das-estradas-vicinais\/#article\",\"isPartOf\":{\"@id\":\"https:\/\/compartilhabahia.com.br\/index.php\/2025\/07\/30\/no-dia-do-agricultor-caetano-anuncia-inicio-da-recuperacao-das-estradas-vicinais\/\"},\"author\":{\"name\":\"admin\",\"@id\":\"https:\/\/compartilhabahia.com.br\/#\/schema\/person\/9b4f0c3178793b8248d6686732521c04\"},\"headline\":\"No dia do agricultor Caetano anuncia inicio da recupera\u00e7\u00e3o das estradas vicinais\",\"datePublished\":\"2025-07-31T00:38:08+00:00\",\"dateModified\":\"2025-07-31T00:38:10+00:00\",\"mainEntityOfPage\":{\"@id\":\"https:\/\/compartilhabahia.com.br\/index.php\/2025\/07\/30\/no-dia-do-agricultor-caetano-anuncia-inicio-da-recuperacao-das-estradas-vicinais\/\"},\"wordCount\":669,\"commentCount\":0,\"publisher\":{\"@id\":\"https:\/\/compartilhabahia.com.br\/#organization\"},\"articleSection\":[\"Cama\u00e7ari\"],\"inLanguage\":\"pt-BR\",\"potentialAction\":[{\"@type\":\"CommentAction\",\"name\":\"Comment\",\"target\":[\"https:\/\/compartilhabahia.com.br\/index.php\/2025\/07\/30\/no-dia-do-agricultor-caetano-anuncia-inicio-da-recuperacao-das-estradas-vicinais\/#respond\"]}]},{\"@type\":\"WebPage\",\"@id\":\"https:\/\/compartilhabahia.com.br\/index.php\/2025\/07\/30\/no-dia-do-agricultor-caetano-anuncia-inicio-da-recuperacao-das-estradas-vicinais\/\",\"url\":\"https:\/\/compartilhabahia.com.br\/index.php\/2025\/07\/30\/no-dia-do-agricultor-caetano-anuncia-inicio-da-recuperacao-das-estradas-vicinais\/\",\"name\":\"No dia do agricultor Caetano anuncia inicio da recupera\u00e7\u00e3o das estradas vicinais - Compartilha Bahia\",\"isPartOf\":{\"@id\":\"https:\/\/compartilhabahia.com.br\/#website\"},\"datePublished\":\"2025-07-31T00:38:08+00:00\",\"dateModified\":\"2025-07-31T00:38:10+00:00\",\"breadcrumb\":{\"@id\":\"https:\/\/compartilhabahia.com.br\/index.php\/2025\/07\/30\/no-dia-do-agricultor-caetano-anuncia-inicio-da-recuperacao-das-estradas-vicinais\/#breadcrumb\"},\"inLanguage\":\"pt-BR\",\"potentialAction\":[{\"@type\":\"ReadAction\",\"target\":[\"https:\/\/compartilhabahia.com.br\/index.php\/2025\/07\/30\/no-dia-do-agricultor-caetano-anuncia-inicio-da-recuperacao-das-estradas-vicinais\/\"]}]},{\"@type\":\"BreadcrumbList\",\"@id\":\"https:\/\/compartilhabahia.com.br\/index.php\/2025\/07\/30\/no-dia-do-agricultor-caetano-anuncia-inicio-da-recuperacao-das-estradas-vicinais\/#breadcrumb\",\"itemListElement\":[{\"@type\":\"ListItem\",\"position\":1,\"name\":\"In\u00edcio\",\"item\":\"https:\/\/compartilhabahia.com.br\/\"},{\"@type\":\"ListItem\",\"position\":2,\"name\":\"No dia do agricultor Caetano anuncia inicio da recupera\u00e7\u00e3o das estradas vicinais\"}]},{\"@type\":\"WebSite\",\"@id\":\"https:\/\/compartilhabahia.com.br\/#website\",\"url\":\"https:\/\/compartilhabahia.com.br\/\",\"name\":\"Compartilha Bahia\",\"description\":\"\",\"publisher\":{\"@id\":\"https:\/\/compartilhabahia.com.br\/#organization\"},\"potentialAction\":[{\"@type\":\"SearchAction\",\"target\":{\"@type\":\"EntryPoint\",\"urlTemplate\":\"https:\/\/compartilhabahia.com.br\/?s={search_term_string}\"},\"query-input\":\"required name=search_term_string\"}],\"inLanguage\":\"pt-BR\"},{\"@type\":\"Organization\",\"@id\":\"https:\/\/compartilhabahia.com.br\/#organization\",\"name\":\"Compartilha Bahia\",\"url\":\"https:\/\/compartilhabahia.com.br\/\",\"logo\":{\"@type\":\"ImageObject\",\"inLanguage\":\"pt-BR\",\"@id\":\"https:\/\/compartilhabahia.com.br\/#\/schema\/logo\/image\/\",\"url\":\"https:\/\/compartilhabahia.com.br\/wp-content\/uploads\/2023\/12\/cropped-logo.png\",\"contentUrl\":\"https:\/\/compartilhabahia.com.br\/wp-content\/uploads\/2023\/12\/cropped-logo.png\",\"width\":300,\"height\":106,\"caption\":\"Compartilha Bahia\"},\"image\":{\"@id\":\"https:\/\/compartilhabahia.com.br\/#\/schema\/logo\/image\/\"},\"sameAs\":[\"https:\/\/web.facebook.com\/compartilhabahia\",\"https:\/\/www.instagram.com\/compartilhabahia\/\"]},{\"@type\":\"Person\",\"@id\":\"https:\/\/compartilhabahia.com.br\/#\/schema\/person\/9b4f0c3178793b8248d6686732521c04\",\"name\":\"admin\",\"image\":{\"@type\":\"ImageObject\",\"inLanguage\":\"pt-BR\",\"@id\":\"https:\/\/compartilhabahia.com.br\/#\/schema\/person\/image\/\",\"url\":\"https:\/\/secure.gravatar.com\/avatar\/9600df58751c5acbe914c538c03390ef649ea088cb65f84ba09c7ce66988eed6?s=96&d=mm&r=g\",\"contentUrl\":\"https:\/\/secure.gravatar.com\/avatar\/9600df58751c5acbe914c538c03390ef649ea088cb65f84ba09c7ce66988eed6?s=96&d=mm&r=g\",\"caption\":\"admin\"},\"sameAs\":[\"https:\/\/compartilhabahia.com.br\"],\"url\":\"https:\/\/compartilhabahia.com.br\/index.php\/author\/compartilhabahia\/\"}]}<\/script>\n<!-- \/ Yoast SEO plugin. -->","yoast_head_json":{"title":"No dia do agricultor Caetano anuncia inicio da recupera\u00e7\u00e3o das estradas vicinais - Compartilha Bahia","robots":{"index":"index","follow":"follow","max-snippet":"max-snippet:-1","max-image-preview":"max-image-preview:large","max-video-preview":"max-video-preview:-1"},"canonical":"https:\/\/compartilhabahia.com.br\/index.php\/2025\/07\/30\/no-dia-do-agricultor-caetano-anuncia-inicio-da-recuperacao-das-estradas-vicinais\/","og_locale":"pt_BR","og_type":"article","og_title":"No dia do agricultor Caetano anuncia inicio da recupera\u00e7\u00e3o das estradas vicinais - Compartilha Bahia","og_description":"\u201cChoveu esses meses todos, bastou suspender as chuvas, j\u00e1 estamos fazendo as estradas vicinais. Come\u00e7amos por Barra do Pojuca, por Monte Gordo, as m\u00e1quinas j\u00e1 est\u00e3o l\u00e1 com o material para fazer as estradas vicinais de Cama\u00e7ari, para melhorar o escoamento da agricultura familiar e melhorar o transporte da nossa gente que mora na zona [&hellip;]","og_url":"https:\/\/compartilhabahia.com.br\/index.php\/2025\/07\/30\/no-dia-do-agricultor-caetano-anuncia-inicio-da-recuperacao-das-estradas-vicinais\/","og_site_name":"Compartilha Bahia","article_publisher":"https:\/\/web.facebook.com\/compartilhabahia","article_published_time":"2025-07-31T00:38:08+00:00","article_modified_time":"2025-07-31T00:38:10+00:00","og_image":[{"width":800,"height":533,"url":"https:\/\/compartilhabahia.com.br\/wp-content\/uploads\/2025\/07\/thumbnail_-Dia-do-Agricultor-e-da-Agricultora-foto-Juliano_Sarraf-.jpg","type":"image\/jpeg"}],"author":"admin","twitter_card":"summary_large_image","twitter_misc":{"Escrito por":"admin","Est. tempo de leitura":"4 minutos"},"schema":{"@context":"https:\/\/schema.org","@graph":[{"@type":"Article","@id":"https:\/\/compartilhabahia.com.br\/index.php\/2025\/07\/30\/no-dia-do-agricultor-caetano-anuncia-inicio-da-recuperacao-das-estradas-vicinais\/#article","isPartOf":{"@id":"https:\/\/compartilhabahia.com.br\/index.php\/2025\/07\/30\/no-dia-do-agricultor-caetano-anuncia-inicio-da-recuperacao-das-estradas-vicinais\/"},"author":{"name":"admin","@id":"https:\/\/compartilhabahia.com.br\/#\/schema\/person\/9b4f0c3178793b8248d6686732521c04"},"headline":"No dia do agricultor Caetano anuncia inicio da recupera\u00e7\u00e3o das estradas vicinais","datePublished":"2025-07-31T00:38:08+00:00","dateModified":"2025-07-31T00:38:10+00:00","mainEntityOfPage":{"@id":"https:\/\/compartilhabahia.com.br\/index.php\/2025\/07\/30\/no-dia-do-agricultor-caetano-anuncia-inicio-da-recuperacao-das-estradas-vicinais\/"},"wordCount":669,"commentCount":0,"publisher":{"@id":"https:\/\/compartilhabahia.com.br\/#organization"},"articleSection":["Cama\u00e7ari"],"inLanguage":"pt-BR","potentialAction":[{"@type":"CommentAction","name":"Comment","target":["https:\/\/compartilhabahia.com.br\/index.php\/2025\/07\/30\/no-dia-do-agricultor-caetano-anuncia-inicio-da-recuperacao-das-estradas-vicinais\/#respond"]}]},{"@type":"WebPage","@id":"https:\/\/compartilhabahia.com.br\/index.php\/2025\/07\/30\/no-dia-do-agricultor-caetano-anuncia-inicio-da-recuperacao-das-estradas-vicinais\/","url":"https:\/\/compartilhabahia.com.br\/index.php\/2025\/07\/30\/no-dia-do-agricultor-caetano-anuncia-inicio-da-recuperacao-das-estradas-vicinais\/","name":"No dia do agricultor Caetano anuncia inicio da recupera\u00e7\u00e3o das estradas vicinais - Compartilha Bahia","isPartOf":{"@id":"https:\/\/compartilhabahia.com.br\/#website"},"datePublished":"2025-07-31T00:38:08+00:00","dateModified":"2025-07-31T00:38:10+00:00","breadcrumb":{"@id":"https:\/\/compartilhabahia.com.br\/index.php\/2025\/07\/30\/no-dia-do-agricultor-caetano-anuncia-inicio-da-recuperacao-das-estradas-vicinais\/#breadcrumb"},"inLanguage":"pt-BR","potentialAction":[{"@type":"ReadAction","target":["https:\/\/compartilhabahia.com.br\/index.php\/2025\/07\/30\/no-dia-do-agricultor-caetano-anuncia-inicio-da-recuperacao-das-estradas-vicinais\/"]}]},{"@type":"BreadcrumbList","@id":"https:\/\/compartilhabahia.com.br\/index.php\/2025\/07\/30\/no-dia-do-agricultor-caetano-anuncia-inicio-da-recuperacao-das-estradas-vicinais\/#breadcrumb","itemListElement":[{"@type":"ListItem","position":1,"name":"In\u00edcio","item":"https:\/\/compartilhabahia.com.br\/"},{"@type":"ListItem","position":2,"name":"No dia do agricultor Caetano anuncia inicio da recupera\u00e7\u00e3o das estradas vicinais"}]},{"@type":"WebSite","@id":"https:\/\/compartilhabahia.com.br\/#website","url":"https:\/\/compartilhabahia.com.br\/","name":"Compartilha Bahia","description":"","publisher":{"@id":"https:\/\/compartilhabahia.com.br\/#organization"},"potentialAction":[{"@type":"SearchAction","target":{"@type":"EntryPoint","urlTemplate":"https:\/\/compartilhabahia.com.br\/?s={search_term_string}"},"query-input":"required name=search_term_string"}],"inLanguage":"pt-BR"},{"@type":"Organization","@id":"https:\/\/compartilhabahia.com.br\/#organization","name":"Compartilha Bahia","url":"https:\/\/compartilhabahia.com.br\/","logo":{"@type":"ImageObject","inLanguage":"pt-BR","@id":"https:\/\/compartilhabahia.com.br\/#\/schema\/logo\/image\/","url":"https:\/\/compartilhabahia.com.br\/wp-content\/uploads\/2023\/12\/cropped-logo.png","contentUrl":"https:\/\/compartilhabahia.com.br\/wp-content\/uploads\/2023\/12\/cropped-logo.png","width":300,"height":106,"caption":"Compartilha Bahia"},"image":{"@id":"https:\/\/compartilhabahia.com.br\/#\/schema\/logo\/image\/"},"sameAs":["https:\/\/web.facebook.com\/compartilhabahia","https:\/\/www.instagram.com\/compartilhabahia\/"]},{"@type":"Person","@id":"https:\/\/compartilhabahia.com.br\/#\/schema\/person\/9b4f0c3178793b8248d6686732521c04","name":"admin","image":{"@type":"ImageObject","inLanguage":"pt-BR","@id":"https:\/\/compartilhabahia.com.br\/#\/schema\/person\/image\/","url":"https:\/\/secure.gravatar.com\/avatar\/9600df58751c5acbe914c538c03390ef649ea088cb65f84ba09c7ce66988eed6?s=96&d=mm&r=g","contentUrl":"https:\/\/secure.gravatar.com\/avatar\/9600df58751c5acbe914c538c03390ef649ea088cb65f84ba09c7ce66988eed6?s=96&d=mm&r=g","caption":"admin"},"sameAs":["https:\/\/compartilhabahia.com.br"],"url":"https:\/\/compartilhabahia.com.br\/index.php\/author\/compartilhabahia\/"}]}},"_links":{"self":[{"href":"https:\/\/compartilhabahia.com.br\/index.php\/wp-json\/wp\/v2\/posts\/7413","targetHints":{"allow":["GET"]}}],"collection":[{"href":"https:\/\/compartilhabahia.com.br\/index.php\/wp-json\/wp\/v2\/posts"}],"about":[{"href":"https:\/\/compartilhabahia.com.br\/index.php\/wp-json\/wp\/v2\/types\/post"}],"author":[{"embeddable":true,"href":"https:\/\/compartilhabahia.com.br\/index.php\/wp-json\/wp\/v2\/users\/1"}],"replies":[{"embeddable":true,"href":"https:\/\/compartilhabahia.com.br\/index.php\/wp-json\/wp\/v2\/comments?post=7413"}],"version-history":[{"count":1,"href":"https:\/\/compartilhabahia.com.br\/index.php\/wp-json\/wp\/v2\/posts\/7413\/revisions"}],"predecessor-version":[{"id":7417,"href":"https:\/\/compartilhabahia.com.br\/index.php\/wp-json\/wp\/v2\/posts\/7413\/revisions\/7417"}],"wp:featuredmedia":[{"embeddable":true,"href":"https:\/\/compartilhabahia.com.br\/index.php\/wp-json\/wp\/v2\/media\/7414"}],"wp:attachment":[{"href":"https:\/\/compartilhabahia.com.br\/index.php\/wp-json\/wp\/v2\/media?parent=7413"}],"wp:term":[{"taxonomy":"category","embeddable":true,"href":"https:\/\/compartilhabahia.com.br\/index.php\/wp-json\/wp\/v2\/categories?post=7413"},{"taxonomy":"post_tag","embeddable":true,"href":"https:\/\/compartilhabahia.com.br\/index.php\/wp-json\/wp\/v2\/tags?post=7413"}],"curies":[{"name":"wp","href":"https:\/\/api.w.org\/{rel}","templated":true}]}}