{"id":7410,"date":"2025-07-29T21:39:32","date_gmt":"2025-07-30T00:39:32","guid":{"rendered":"https:\/\/compartilhabahia.com.br\/?p=7410"},"modified":"2025-07-29T21:39:35","modified_gmt":"2025-07-30T00:39:35","slug":"obras-de-revitalizacao-da-praca-dos-46-entram-na-fase-final","status":"publish","type":"post","link":"https:\/\/compartilhabahia.com.br\/index.php\/2025\/07\/29\/obras-de-revitalizacao-da-praca-dos-46-entram-na-fase-final\/","title":{"rendered":"Obras de revitaliza\u00e7\u00e3o da pra\u00e7a dos 46 entram na fase final"},"content":{"rendered":"\n<p>A Secretaria da Infraestrutura de Cama\u00e7ari (Seinfra) est\u00e1 nos est\u00e1gios finais da obra de manuten\u00e7\u00e3o e requalifica\u00e7\u00e3o da Pra\u00e7a Jo\u00e3o Ramos Cor\u00f4a, situada no bairro dos 46. Com cerca de 85% dos servi\u00e7os executados, a interven\u00e7\u00e3o segue em ritmo acelerado e j\u00e1 come\u00e7a a transformar o cotidiano da popula\u00e7\u00e3o que frequenta o espa\u00e7o.<\/p>\n\n\n\n<p>O projeto de revitaliza\u00e7\u00e3o inclui uma s\u00e9rie de melhorias estruturais e paisag\u00edsticas, voltadas \u00e0 promo\u00e7\u00e3o do lazer, da seguran\u00e7a e do bem-estar da comunidade. Entre os servi\u00e7os realizados est\u00e3o pintura geral, instala\u00e7\u00e3o de parque infantil, coloca\u00e7\u00e3o de novos bancos, equipamentos de gin\u00e1stica ao ar livre, jardinagem, recupera\u00e7\u00e3o dos passeios e a implanta\u00e7\u00e3o de cerca com alambrado.<\/p>\n\n\n\n<p>De acordo com o secret\u00e1rio da Infraestrutura, Jos\u00e9 M\u00e1rio Bastos, a obra refor\u00e7a o papel da gest\u00e3o na promo\u00e7\u00e3o de qualidade de vida nos bairros. &#8220;Estamos trabalhando para entregar pra\u00e7as mais modernas, seguras e acess\u00edveis. A Jo\u00e3o Ramos Cor\u00f4a \u00e9 um exemplo claro de como a requalifica\u00e7\u00e3o de um espa\u00e7o p\u00fablico pode impactar positivamente o dia a dia das pessoas, estimulando o conv\u00edvio e a pr\u00e1tica de atividades ao ar livre&#8221;, afirmou.<\/p>\n\n\n\n<p>Mais do que uma requalifica\u00e7\u00e3o f\u00edsica, a iniciativa tem como objetivo tornar a pra\u00e7a um ambiente mais acolhedor, seguro e inclusivo para pessoas de todas as idades. Mesmo antes da conclus\u00e3o total da obra, j\u00e1 \u00e9 poss\u00edvel perceber os impactos positivos: o espa\u00e7o vem sendo redescoberto por moradores que o utilizam para caminhadas, pr\u00e1ticas esportivas, lazer com as crian\u00e7as e uso dos novos equipamentos.<\/p>\n\n\n\n<p>Foto: Juliano Sarraf<\/p>\n","protected":false},"excerpt":{"rendered":"<p>A Secretaria da Infraestrutura de Cama\u00e7ari (Seinfra) est\u00e1 nos est\u00e1gios finais da obra de manuten\u00e7\u00e3o e requalifica\u00e7\u00e3o da Pra\u00e7a Jo\u00e3o Ramos Cor\u00f4a, situada no bairro dos 46. Com cerca de 85% dos servi\u00e7os executados, a interven\u00e7\u00e3o segue em ritmo acelerado e j\u00e1 come\u00e7a a transformar o cotidiano da popula\u00e7\u00e3o que frequenta o espa\u00e7o. O projeto [&hellip;]<\/p>\n","protected":false},"author":1,"featured_media":7411,"comment_status":"open","ping_status":"open","sticky":false,"template":"","format":"standard","meta":{"footnotes":""},"categories":[8],"tags":[],"class_list":["post-7410","post","type-post","status-publish","format-standard","has-post-thumbnail","hentry","category-camacari"],"yoast_head":"<!-- This site is optimized with the Yoast SEO plugin v21.7 - https:\/\/yoast.com\/wordpress\/plugins\/seo\/ -->\n<title>Obras de revitaliza\u00e7\u00e3o da pra\u00e7a dos 46 entram na fase final - Compartilha Bahia<\/title>\n<meta name=\"robots\" content=\"index, follow, max-snippet:-1, max-image-preview:large, max-video-preview:-1\" \/>\n<link rel=\"canonical\" href=\"https:\/\/compartilhabahia.com.br\/index.php\/2025\/07\/29\/obras-de-revitalizacao-da-praca-dos-46-entram-na-fase-final\/\" \/>\n<meta property=\"og:locale\" content=\"pt_BR\" \/>\n<meta property=\"og:type\" content=\"article\" \/>\n<meta property=\"og:title\" content=\"Obras de revitaliza\u00e7\u00e3o da pra\u00e7a dos 46 entram na fase final - Compartilha Bahia\" \/>\n<meta property=\"og:description\" content=\"A Secretaria da Infraestrutura de Cama\u00e7ari (Seinfra) est\u00e1 nos est\u00e1gios finais da obra de manuten\u00e7\u00e3o e requalifica\u00e7\u00e3o da Pra\u00e7a Jo\u00e3o Ramos Cor\u00f4a, situada no bairro dos 46. Com cerca de 85% dos servi\u00e7os executados, a interven\u00e7\u00e3o segue em ritmo acelerado e j\u00e1 come\u00e7a a transformar o cotidiano da popula\u00e7\u00e3o que frequenta o espa\u00e7o. O projeto [&hellip;]\" \/>\n<meta property=\"og:url\" content=\"https:\/\/compartilhabahia.com.br\/index.php\/2025\/07\/29\/obras-de-revitalizacao-da-praca-dos-46-entram-na-fase-final\/\" \/>\n<meta property=\"og:site_name\" content=\"Compartilha Bahia\" \/>\n<meta property=\"article:publisher\" content=\"https:\/\/web.facebook.com\/compartilhabahia\" \/>\n<meta property=\"article:published_time\" content=\"2025-07-30T00:39:32+00:00\" \/>\n<meta property=\"article:modified_time\" content=\"2025-07-30T00:39:35+00:00\" \/>\n<meta property=\"og:image\" content=\"https:\/\/compartilhabahia.com.br\/wp-content\/uploads\/2025\/07\/Seinfra_obras-praca-joao-ramos-coroa_bairro-46_Foto-Juliano-Sarraf.1.jpeg\" \/>\n\t<meta property=\"og:image:width\" content=\"768\" \/>\n\t<meta property=\"og:image:height\" content=\"512\" \/>\n\t<meta property=\"og:image:type\" content=\"image\/jpeg\" \/>\n<meta name=\"author\" content=\"admin\" \/>\n<meta name=\"twitter:card\" content=\"summary_large_image\" \/>\n<meta name=\"twitter:label1\" content=\"Escrito por\" \/>\n\t<meta name=\"twitter:data1\" content=\"admin\" \/>\n\t<meta name=\"twitter:label2\" content=\"Est. tempo de leitura\" \/>\n\t<meta name=\"twitter:data2\" content=\"2 minutos\" \/>\n<script type=\"application\/ld+json\" class=\"yoast-schema-graph\">{\"@context\":\"https:\/\/schema.org\",\"@graph\":[{\"@type\":\"Article\",\"@id\":\"https:\/\/compartilhabahia.com.br\/index.php\/2025\/07\/29\/obras-de-revitalizacao-da-praca-dos-46-entram-na-fase-final\/#article\",\"isPartOf\":{\"@id\":\"https:\/\/compartilhabahia.com.br\/index.php\/2025\/07\/29\/obras-de-revitalizacao-da-praca-dos-46-entram-na-fase-final\/\"},\"author\":{\"name\":\"admin\",\"@id\":\"https:\/\/compartilhabahia.com.br\/#\/schema\/person\/9b4f0c3178793b8248d6686732521c04\"},\"headline\":\"Obras de revitaliza\u00e7\u00e3o da pra\u00e7a dos 46 entram na fase final\",\"datePublished\":\"2025-07-30T00:39:32+00:00\",\"dateModified\":\"2025-07-30T00:39:35+00:00\",\"mainEntityOfPage\":{\"@id\":\"https:\/\/compartilhabahia.com.br\/index.php\/2025\/07\/29\/obras-de-revitalizacao-da-praca-dos-46-entram-na-fase-final\/\"},\"wordCount\":301,\"commentCount\":0,\"publisher\":{\"@id\":\"https:\/\/compartilhabahia.com.br\/#organization\"},\"articleSection\":[\"Cama\u00e7ari\"],\"inLanguage\":\"pt-BR\",\"potentialAction\":[{\"@type\":\"CommentAction\",\"name\":\"Comment\",\"target\":[\"https:\/\/compartilhabahia.com.br\/index.php\/2025\/07\/29\/obras-de-revitalizacao-da-praca-dos-46-entram-na-fase-final\/#respond\"]}]},{\"@type\":\"WebPage\",\"@id\":\"https:\/\/compartilhabahia.com.br\/index.php\/2025\/07\/29\/obras-de-revitalizacao-da-praca-dos-46-entram-na-fase-final\/\",\"url\":\"https:\/\/compartilhabahia.com.br\/index.php\/2025\/07\/29\/obras-de-revitalizacao-da-praca-dos-46-entram-na-fase-final\/\",\"name\":\"Obras de revitaliza\u00e7\u00e3o da pra\u00e7a dos 46 entram na fase final - Compartilha Bahia\",\"isPartOf\":{\"@id\":\"https:\/\/compartilhabahia.com.br\/#website\"},\"datePublished\":\"2025-07-30T00:39:32+00:00\",\"dateModified\":\"2025-07-30T00:39:35+00:00\",\"breadcrumb\":{\"@id\":\"https:\/\/compartilhabahia.com.br\/index.php\/2025\/07\/29\/obras-de-revitalizacao-da-praca-dos-46-entram-na-fase-final\/#breadcrumb\"},\"inLanguage\":\"pt-BR\",\"potentialAction\":[{\"@type\":\"ReadAction\",\"target\":[\"https:\/\/compartilhabahia.com.br\/index.php\/2025\/07\/29\/obras-de-revitalizacao-da-praca-dos-46-entram-na-fase-final\/\"]}]},{\"@type\":\"BreadcrumbList\",\"@id\":\"https:\/\/compartilhabahia.com.br\/index.php\/2025\/07\/29\/obras-de-revitalizacao-da-praca-dos-46-entram-na-fase-final\/#breadcrumb\",\"itemListElement\":[{\"@type\":\"ListItem\",\"position\":1,\"name\":\"In\u00edcio\",\"item\":\"https:\/\/compartilhabahia.com.br\/\"},{\"@type\":\"ListItem\",\"position\":2,\"name\":\"Obras de revitaliza\u00e7\u00e3o da pra\u00e7a dos 46 entram na fase final\"}]},{\"@type\":\"WebSite\",\"@id\":\"https:\/\/compartilhabahia.com.br\/#website\",\"url\":\"https:\/\/compartilhabahia.com.br\/\",\"name\":\"Compartilha Bahia\",\"description\":\"\",\"publisher\":{\"@id\":\"https:\/\/compartilhabahia.com.br\/#organization\"},\"potentialAction\":[{\"@type\":\"SearchAction\",\"target\":{\"@type\":\"EntryPoint\",\"urlTemplate\":\"https:\/\/compartilhabahia.com.br\/?s={search_term_string}\"},\"query-input\":\"required name=search_term_string\"}],\"inLanguage\":\"pt-BR\"},{\"@type\":\"Organization\",\"@id\":\"https:\/\/compartilhabahia.com.br\/#organization\",\"name\":\"Compartilha Bahia\",\"url\":\"https:\/\/compartilhabahia.com.br\/\",\"logo\":{\"@type\":\"ImageObject\",\"inLanguage\":\"pt-BR\",\"@id\":\"https:\/\/compartilhabahia.com.br\/#\/schema\/logo\/image\/\",\"url\":\"https:\/\/compartilhabahia.com.br\/wp-content\/uploads\/2023\/12\/cropped-logo.png\",\"contentUrl\":\"https:\/\/compartilhabahia.com.br\/wp-content\/uploads\/2023\/12\/cropped-logo.png\",\"width\":300,\"height\":106,\"caption\":\"Compartilha Bahia\"},\"image\":{\"@id\":\"https:\/\/compartilhabahia.com.br\/#\/schema\/logo\/image\/\"},\"sameAs\":[\"https:\/\/web.facebook.com\/compartilhabahia\",\"https:\/\/www.instagram.com\/compartilhabahia\/\"]},{\"@type\":\"Person\",\"@id\":\"https:\/\/compartilhabahia.com.br\/#\/schema\/person\/9b4f0c3178793b8248d6686732521c04\",\"name\":\"admin\",\"image\":{\"@type\":\"ImageObject\",\"inLanguage\":\"pt-BR\",\"@id\":\"https:\/\/compartilhabahia.com.br\/#\/schema\/person\/image\/\",\"url\":\"https:\/\/secure.gravatar.com\/avatar\/9600df58751c5acbe914c538c03390ef649ea088cb65f84ba09c7ce66988eed6?s=96&d=mm&r=g\",\"contentUrl\":\"https:\/\/secure.gravatar.com\/avatar\/9600df58751c5acbe914c538c03390ef649ea088cb65f84ba09c7ce66988eed6?s=96&d=mm&r=g\",\"caption\":\"admin\"},\"sameAs\":[\"https:\/\/compartilhabahia.com.br\"],\"url\":\"https:\/\/compartilhabahia.com.br\/index.php\/author\/compartilhabahia\/\"}]}<\/script>\n<!-- \/ Yoast SEO plugin. -->","yoast_head_json":{"title":"Obras de revitaliza\u00e7\u00e3o da pra\u00e7a dos 46 entram na fase final - Compartilha Bahia","robots":{"index":"index","follow":"follow","max-snippet":"max-snippet:-1","max-image-preview":"max-image-preview:large","max-video-preview":"max-video-preview:-1"},"canonical":"https:\/\/compartilhabahia.com.br\/index.php\/2025\/07\/29\/obras-de-revitalizacao-da-praca-dos-46-entram-na-fase-final\/","og_locale":"pt_BR","og_type":"article","og_title":"Obras de revitaliza\u00e7\u00e3o da pra\u00e7a dos 46 entram na fase final - Compartilha Bahia","og_description":"A Secretaria da Infraestrutura de Cama\u00e7ari (Seinfra) est\u00e1 nos est\u00e1gios finais da obra de manuten\u00e7\u00e3o e requalifica\u00e7\u00e3o da Pra\u00e7a Jo\u00e3o Ramos Cor\u00f4a, situada no bairro dos 46. Com cerca de 85% dos servi\u00e7os executados, a interven\u00e7\u00e3o segue em ritmo acelerado e j\u00e1 come\u00e7a a transformar o cotidiano da popula\u00e7\u00e3o que frequenta o espa\u00e7o. O projeto [&hellip;]","og_url":"https:\/\/compartilhabahia.com.br\/index.php\/2025\/07\/29\/obras-de-revitalizacao-da-praca-dos-46-entram-na-fase-final\/","og_site_name":"Compartilha Bahia","article_publisher":"https:\/\/web.facebook.com\/compartilhabahia","article_published_time":"2025-07-30T00:39:32+00:00","article_modified_time":"2025-07-30T00:39:35+00:00","og_image":[{"width":768,"height":512,"url":"https:\/\/compartilhabahia.com.br\/wp-content\/uploads\/2025\/07\/Seinfra_obras-praca-joao-ramos-coroa_bairro-46_Foto-Juliano-Sarraf.1.jpeg","type":"image\/jpeg"}],"author":"admin","twitter_card":"summary_large_image","twitter_misc":{"Escrito por":"admin","Est. tempo de leitura":"2 minutos"},"schema":{"@context":"https:\/\/schema.org","@graph":[{"@type":"Article","@id":"https:\/\/compartilhabahia.com.br\/index.php\/2025\/07\/29\/obras-de-revitalizacao-da-praca-dos-46-entram-na-fase-final\/#article","isPartOf":{"@id":"https:\/\/compartilhabahia.com.br\/index.php\/2025\/07\/29\/obras-de-revitalizacao-da-praca-dos-46-entram-na-fase-final\/"},"author":{"name":"admin","@id":"https:\/\/compartilhabahia.com.br\/#\/schema\/person\/9b4f0c3178793b8248d6686732521c04"},"headline":"Obras de revitaliza\u00e7\u00e3o da pra\u00e7a dos 46 entram na fase final","datePublished":"2025-07-30T00:39:32+00:00","dateModified":"2025-07-30T00:39:35+00:00","mainEntityOfPage":{"@id":"https:\/\/compartilhabahia.com.br\/index.php\/2025\/07\/29\/obras-de-revitalizacao-da-praca-dos-46-entram-na-fase-final\/"},"wordCount":301,"commentCount":0,"publisher":{"@id":"https:\/\/compartilhabahia.com.br\/#organization"},"articleSection":["Cama\u00e7ari"],"inLanguage":"pt-BR","potentialAction":[{"@type":"CommentAction","name":"Comment","target":["https:\/\/compartilhabahia.com.br\/index.php\/2025\/07\/29\/obras-de-revitalizacao-da-praca-dos-46-entram-na-fase-final\/#respond"]}]},{"@type":"WebPage","@id":"https:\/\/compartilhabahia.com.br\/index.php\/2025\/07\/29\/obras-de-revitalizacao-da-praca-dos-46-entram-na-fase-final\/","url":"https:\/\/compartilhabahia.com.br\/index.php\/2025\/07\/29\/obras-de-revitalizacao-da-praca-dos-46-entram-na-fase-final\/","name":"Obras de revitaliza\u00e7\u00e3o da pra\u00e7a dos 46 entram na fase final - Compartilha Bahia","isPartOf":{"@id":"https:\/\/compartilhabahia.com.br\/#website"},"datePublished":"2025-07-30T00:39:32+00:00","dateModified":"2025-07-30T00:39:35+00:00","breadcrumb":{"@id":"https:\/\/compartilhabahia.com.br\/index.php\/2025\/07\/29\/obras-de-revitalizacao-da-praca-dos-46-entram-na-fase-final\/#breadcrumb"},"inLanguage":"pt-BR","potentialAction":[{"@type":"ReadAction","target":["https:\/\/compartilhabahia.com.br\/index.php\/2025\/07\/29\/obras-de-revitalizacao-da-praca-dos-46-entram-na-fase-final\/"]}]},{"@type":"BreadcrumbList","@id":"https:\/\/compartilhabahia.com.br\/index.php\/2025\/07\/29\/obras-de-revitalizacao-da-praca-dos-46-entram-na-fase-final\/#breadcrumb","itemListElement":[{"@type":"ListItem","position":1,"name":"In\u00edcio","item":"https:\/\/compartilhabahia.com.br\/"},{"@type":"ListItem","position":2,"name":"Obras de revitaliza\u00e7\u00e3o da pra\u00e7a dos 46 entram na fase final"}]},{"@type":"WebSite","@id":"https:\/\/compartilhabahia.com.br\/#website","url":"https:\/\/compartilhabahia.com.br\/","name":"Compartilha Bahia","description":"","publisher":{"@id":"https:\/\/compartilhabahia.com.br\/#organization"},"potentialAction":[{"@type":"SearchAction","target":{"@type":"EntryPoint","urlTemplate":"https:\/\/compartilhabahia.com.br\/?s={search_term_string}"},"query-input":"required name=search_term_string"}],"inLanguage":"pt-BR"},{"@type":"Organization","@id":"https:\/\/compartilhabahia.com.br\/#organization","name":"Compartilha Bahia","url":"https:\/\/compartilhabahia.com.br\/","logo":{"@type":"ImageObject","inLanguage":"pt-BR","@id":"https:\/\/compartilhabahia.com.br\/#\/schema\/logo\/image\/","url":"https:\/\/compartilhabahia.com.br\/wp-content\/uploads\/2023\/12\/cropped-logo.png","contentUrl":"https:\/\/compartilhabahia.com.br\/wp-content\/uploads\/2023\/12\/cropped-logo.png","width":300,"height":106,"caption":"Compartilha Bahia"},"image":{"@id":"https:\/\/compartilhabahia.com.br\/#\/schema\/logo\/image\/"},"sameAs":["https:\/\/web.facebook.com\/compartilhabahia","https:\/\/www.instagram.com\/compartilhabahia\/"]},{"@type":"Person","@id":"https:\/\/compartilhabahia.com.br\/#\/schema\/person\/9b4f0c3178793b8248d6686732521c04","name":"admin","image":{"@type":"ImageObject","inLanguage":"pt-BR","@id":"https:\/\/compartilhabahia.com.br\/#\/schema\/person\/image\/","url":"https:\/\/secure.gravatar.com\/avatar\/9600df58751c5acbe914c538c03390ef649ea088cb65f84ba09c7ce66988eed6?s=96&d=mm&r=g","contentUrl":"https:\/\/secure.gravatar.com\/avatar\/9600df58751c5acbe914c538c03390ef649ea088cb65f84ba09c7ce66988eed6?s=96&d=mm&r=g","caption":"admin"},"sameAs":["https:\/\/compartilhabahia.com.br"],"url":"https:\/\/compartilhabahia.com.br\/index.php\/author\/compartilhabahia\/"}]}},"_links":{"self":[{"href":"https:\/\/compartilhabahia.com.br\/index.php\/wp-json\/wp\/v2\/posts\/7410","targetHints":{"allow":["GET"]}}],"collection":[{"href":"https:\/\/compartilhabahia.com.br\/index.php\/wp-json\/wp\/v2\/posts"}],"about":[{"href":"https:\/\/compartilhabahia.com.br\/index.php\/wp-json\/wp\/v2\/types\/post"}],"author":[{"embeddable":true,"href":"https:\/\/compartilhabahia.com.br\/index.php\/wp-json\/wp\/v2\/users\/1"}],"replies":[{"embeddable":true,"href":"https:\/\/compartilhabahia.com.br\/index.php\/wp-json\/wp\/v2\/comments?post=7410"}],"version-history":[{"count":1,"href":"https:\/\/compartilhabahia.com.br\/index.php\/wp-json\/wp\/v2\/posts\/7410\/revisions"}],"predecessor-version":[{"id":7412,"href":"https:\/\/compartilhabahia.com.br\/index.php\/wp-json\/wp\/v2\/posts\/7410\/revisions\/7412"}],"wp:featuredmedia":[{"embeddable":true,"href":"https:\/\/compartilhabahia.com.br\/index.php\/wp-json\/wp\/v2\/media\/7411"}],"wp:attachment":[{"href":"https:\/\/compartilhabahia.com.br\/index.php\/wp-json\/wp\/v2\/media?parent=7410"}],"wp:term":[{"taxonomy":"category","embeddable":true,"href":"https:\/\/compartilhabahia.com.br\/index.php\/wp-json\/wp\/v2\/categories?post=7410"},{"taxonomy":"post_tag","embeddable":true,"href":"https:\/\/compartilhabahia.com.br\/index.php\/wp-json\/wp\/v2\/tags?post=7410"}],"curies":[{"name":"wp","href":"https:\/\/api.w.org\/{rel}","templated":true}]}}