{"id":7401,"date":"2025-07-29T20:49:13","date_gmt":"2025-07-29T23:49:13","guid":{"rendered":"https:\/\/compartilhabahia.com.br\/?p=7401"},"modified":"2025-07-29T21:16:01","modified_gmt":"2025-07-30T00:16:01","slug":"encontro-no-clube-social-de-camacari-vai-celebrar-dia-nacional-do-agricultor-e-da-agricultora","status":"publish","type":"post","link":"https:\/\/compartilhabahia.com.br\/index.php\/2025\/07\/29\/encontro-no-clube-social-de-camacari-vai-celebrar-dia-nacional-do-agricultor-e-da-agricultora\/","title":{"rendered":"Encontro no Clube Social de Cama\u00e7ari vai celebrar Dia Nacional do Agricultor e da Agricultora"},"content":{"rendered":"\n<p>Em celebra\u00e7\u00e3o ao Dia Nacional do Agricultor e da Agricultora, celebrado em 28 de julho, a Secretaria de Desenvolvimento da Agricultura e Pesca de Cama\u00e7ari (Sedap) realiza na quarta-feira (30), das 8h \u00e0s 15h, um momento especial que alia escuta, assist\u00eancia t\u00e9cnica, promo\u00e7\u00e3o \u00e0 sa\u00fade, forma\u00e7\u00e3o e integra\u00e7\u00e3o entre a categoria e o poder p\u00fablico, no Clube Social.<\/p>\n\n\n\n<p>Voltada \u00e0 valoriza\u00e7\u00e3o e ao fortalecimento da agricultura familiar, a iniciativa contar\u00e1 com palestras t\u00e9cnicas promovidas em parceria com o Servi\u00e7o Brasileiro de Apoio \u00e0s Micro e Pequenas Empresas (Sebrae). Na pauta, ser\u00e3o abordados temas fundamentais para os produtores rurais, como a previd\u00eancia social para o produtor rural e o manejo correto de produtos qu\u00edmicos.<\/p>\n\n\n\n<p>O evento ainda ir\u00e1 reunir institui\u00e7\u00f5es e parceiros do setor rural, a exemplo do Sindicato Rural de Cama\u00e7ari; Colegiado Territorial de Desenvolvimento Rural Sustent\u00e1vel (Codeter); associa\u00e7\u00f5es da agricultura familiar; bancos de cr\u00e9dito rural e, em parceria com a Secretaria de Sa\u00fade (Sesau), servi\u00e7os voltados ao bem-estar dos agricultores e agricultoras, com oferta de vacina\u00e7\u00e3o gratuita contra influenza, antitet\u00e2nica e hepatite B, bem como teste r\u00e1pido, aferi\u00e7\u00e3o de press\u00e3o arterial e sess\u00e3o de massagem e alongamento acompanhada por uma fisioterapeuta.<\/p>\n\n\n\n<p>A data marca o reconhecimento \u00e0queles que, com esfor\u00e7o, dedica\u00e7\u00e3o e amor \u00e0 terra, contribuem para o desenvolvimento econ\u00f4mico da cidade.<\/p>\n\n\n\n<p>Foto: Juliano Sarraf<\/p>\n","protected":false},"excerpt":{"rendered":"<p>Em celebra\u00e7\u00e3o ao Dia Nacional do Agricultor e da Agricultora, celebrado em 28 de julho, a Secretaria de Desenvolvimento da Agricultura e Pesca de Cama\u00e7ari (Sedap) realiza na quarta-feira (30), das 8h \u00e0s 15h, um momento especial que alia escuta, assist\u00eancia t\u00e9cnica, promo\u00e7\u00e3o \u00e0 sa\u00fade, forma\u00e7\u00e3o e integra\u00e7\u00e3o entre a categoria e o poder p\u00fablico, [&hellip;]<\/p>\n","protected":false},"author":1,"featured_media":7402,"comment_status":"open","ping_status":"open","sticky":false,"template":"","format":"standard","meta":{"footnotes":""},"categories":[8],"tags":[],"class_list":["post-7401","post","type-post","status-publish","format-standard","has-post-thumbnail","hentry","category-camacari"],"yoast_head":"<!-- This site is optimized with the Yoast SEO plugin v21.7 - https:\/\/yoast.com\/wordpress\/plugins\/seo\/ -->\n<title>Encontro no Clube Social de Cama\u00e7ari vai celebrar Dia Nacional do Agricultor e da Agricultora - Compartilha Bahia<\/title>\n<meta name=\"robots\" content=\"index, follow, max-snippet:-1, max-image-preview:large, max-video-preview:-1\" \/>\n<link rel=\"canonical\" href=\"https:\/\/compartilhabahia.com.br\/index.php\/2025\/07\/29\/encontro-no-clube-social-de-camacari-vai-celebrar-dia-nacional-do-agricultor-e-da-agricultora\/\" \/>\n<meta property=\"og:locale\" content=\"pt_BR\" \/>\n<meta property=\"og:type\" content=\"article\" \/>\n<meta property=\"og:title\" content=\"Encontro no Clube Social de Cama\u00e7ari vai celebrar Dia Nacional do Agricultor e da Agricultora - Compartilha Bahia\" \/>\n<meta property=\"og:description\" content=\"Em celebra\u00e7\u00e3o ao Dia Nacional do Agricultor e da Agricultora, celebrado em 28 de julho, a Secretaria de Desenvolvimento da Agricultura e Pesca de Cama\u00e7ari (Sedap) realiza na quarta-feira (30), das 8h \u00e0s 15h, um momento especial que alia escuta, assist\u00eancia t\u00e9cnica, promo\u00e7\u00e3o \u00e0 sa\u00fade, forma\u00e7\u00e3o e integra\u00e7\u00e3o entre a categoria e o poder p\u00fablico, [&hellip;]\" \/>\n<meta property=\"og:url\" content=\"https:\/\/compartilhabahia.com.br\/index.php\/2025\/07\/29\/encontro-no-clube-social-de-camacari-vai-celebrar-dia-nacional-do-agricultor-e-da-agricultora\/\" \/>\n<meta property=\"og:site_name\" content=\"Compartilha Bahia\" \/>\n<meta property=\"article:publisher\" content=\"https:\/\/web.facebook.com\/compartilhabahia\" \/>\n<meta property=\"article:published_time\" content=\"2025-07-29T23:49:13+00:00\" \/>\n<meta property=\"article:modified_time\" content=\"2025-07-30T00:16:01+00:00\" \/>\n<meta property=\"og:image\" content=\"https:\/\/compartilhabahia.com.br\/wp-content\/uploads\/2025\/07\/sedap-feirinha-da-agricultura-familiar-foto-juliano-sarraf-.jpg\" \/>\n\t<meta property=\"og:image:width\" content=\"1024\" \/>\n\t<meta property=\"og:image:height\" content=\"683\" \/>\n\t<meta property=\"og:image:type\" content=\"image\/jpeg\" \/>\n<meta name=\"author\" content=\"admin\" \/>\n<meta name=\"twitter:card\" content=\"summary_large_image\" \/>\n<meta name=\"twitter:label1\" content=\"Escrito por\" \/>\n\t<meta name=\"twitter:data1\" content=\"admin\" \/>\n\t<meta name=\"twitter:label2\" content=\"Est. tempo de leitura\" \/>\n\t<meta name=\"twitter:data2\" content=\"2 minutos\" \/>\n<script type=\"application\/ld+json\" class=\"yoast-schema-graph\">{\"@context\":\"https:\/\/schema.org\",\"@graph\":[{\"@type\":\"Article\",\"@id\":\"https:\/\/compartilhabahia.com.br\/index.php\/2025\/07\/29\/encontro-no-clube-social-de-camacari-vai-celebrar-dia-nacional-do-agricultor-e-da-agricultora\/#article\",\"isPartOf\":{\"@id\":\"https:\/\/compartilhabahia.com.br\/index.php\/2025\/07\/29\/encontro-no-clube-social-de-camacari-vai-celebrar-dia-nacional-do-agricultor-e-da-agricultora\/\"},\"author\":{\"name\":\"admin\",\"@id\":\"https:\/\/compartilhabahia.com.br\/#\/schema\/person\/9b4f0c3178793b8248d6686732521c04\"},\"headline\":\"Encontro no Clube Social de Cama\u00e7ari vai celebrar Dia Nacional do Agricultor e da Agricultora\",\"datePublished\":\"2025-07-29T23:49:13+00:00\",\"dateModified\":\"2025-07-30T00:16:01+00:00\",\"mainEntityOfPage\":{\"@id\":\"https:\/\/compartilhabahia.com.br\/index.php\/2025\/07\/29\/encontro-no-clube-social-de-camacari-vai-celebrar-dia-nacional-do-agricultor-e-da-agricultora\/\"},\"wordCount\":258,\"commentCount\":0,\"publisher\":{\"@id\":\"https:\/\/compartilhabahia.com.br\/#organization\"},\"articleSection\":[\"Cama\u00e7ari\"],\"inLanguage\":\"pt-BR\",\"potentialAction\":[{\"@type\":\"CommentAction\",\"name\":\"Comment\",\"target\":[\"https:\/\/compartilhabahia.com.br\/index.php\/2025\/07\/29\/encontro-no-clube-social-de-camacari-vai-celebrar-dia-nacional-do-agricultor-e-da-agricultora\/#respond\"]}]},{\"@type\":\"WebPage\",\"@id\":\"https:\/\/compartilhabahia.com.br\/index.php\/2025\/07\/29\/encontro-no-clube-social-de-camacari-vai-celebrar-dia-nacional-do-agricultor-e-da-agricultora\/\",\"url\":\"https:\/\/compartilhabahia.com.br\/index.php\/2025\/07\/29\/encontro-no-clube-social-de-camacari-vai-celebrar-dia-nacional-do-agricultor-e-da-agricultora\/\",\"name\":\"Encontro no Clube Social de Cama\u00e7ari vai celebrar Dia Nacional do Agricultor e da Agricultora - Compartilha Bahia\",\"isPartOf\":{\"@id\":\"https:\/\/compartilhabahia.com.br\/#website\"},\"datePublished\":\"2025-07-29T23:49:13+00:00\",\"dateModified\":\"2025-07-30T00:16:01+00:00\",\"breadcrumb\":{\"@id\":\"https:\/\/compartilhabahia.com.br\/index.php\/2025\/07\/29\/encontro-no-clube-social-de-camacari-vai-celebrar-dia-nacional-do-agricultor-e-da-agricultora\/#breadcrumb\"},\"inLanguage\":\"pt-BR\",\"potentialAction\":[{\"@type\":\"ReadAction\",\"target\":[\"https:\/\/compartilhabahia.com.br\/index.php\/2025\/07\/29\/encontro-no-clube-social-de-camacari-vai-celebrar-dia-nacional-do-agricultor-e-da-agricultora\/\"]}]},{\"@type\":\"BreadcrumbList\",\"@id\":\"https:\/\/compartilhabahia.com.br\/index.php\/2025\/07\/29\/encontro-no-clube-social-de-camacari-vai-celebrar-dia-nacional-do-agricultor-e-da-agricultora\/#breadcrumb\",\"itemListElement\":[{\"@type\":\"ListItem\",\"position\":1,\"name\":\"In\u00edcio\",\"item\":\"https:\/\/compartilhabahia.com.br\/\"},{\"@type\":\"ListItem\",\"position\":2,\"name\":\"Encontro no Clube Social de Cama\u00e7ari vai celebrar Dia Nacional do Agricultor e da Agricultora\"}]},{\"@type\":\"WebSite\",\"@id\":\"https:\/\/compartilhabahia.com.br\/#website\",\"url\":\"https:\/\/compartilhabahia.com.br\/\",\"name\":\"Compartilha Bahia\",\"description\":\"\",\"publisher\":{\"@id\":\"https:\/\/compartilhabahia.com.br\/#organization\"},\"potentialAction\":[{\"@type\":\"SearchAction\",\"target\":{\"@type\":\"EntryPoint\",\"urlTemplate\":\"https:\/\/compartilhabahia.com.br\/?s={search_term_string}\"},\"query-input\":\"required name=search_term_string\"}],\"inLanguage\":\"pt-BR\"},{\"@type\":\"Organization\",\"@id\":\"https:\/\/compartilhabahia.com.br\/#organization\",\"name\":\"Compartilha Bahia\",\"url\":\"https:\/\/compartilhabahia.com.br\/\",\"logo\":{\"@type\":\"ImageObject\",\"inLanguage\":\"pt-BR\",\"@id\":\"https:\/\/compartilhabahia.com.br\/#\/schema\/logo\/image\/\",\"url\":\"https:\/\/compartilhabahia.com.br\/wp-content\/uploads\/2023\/12\/cropped-logo.png\",\"contentUrl\":\"https:\/\/compartilhabahia.com.br\/wp-content\/uploads\/2023\/12\/cropped-logo.png\",\"width\":300,\"height\":106,\"caption\":\"Compartilha Bahia\"},\"image\":{\"@id\":\"https:\/\/compartilhabahia.com.br\/#\/schema\/logo\/image\/\"},\"sameAs\":[\"https:\/\/web.facebook.com\/compartilhabahia\",\"https:\/\/www.instagram.com\/compartilhabahia\/\"]},{\"@type\":\"Person\",\"@id\":\"https:\/\/compartilhabahia.com.br\/#\/schema\/person\/9b4f0c3178793b8248d6686732521c04\",\"name\":\"admin\",\"image\":{\"@type\":\"ImageObject\",\"inLanguage\":\"pt-BR\",\"@id\":\"https:\/\/compartilhabahia.com.br\/#\/schema\/person\/image\/\",\"url\":\"https:\/\/secure.gravatar.com\/avatar\/9600df58751c5acbe914c538c03390ef649ea088cb65f84ba09c7ce66988eed6?s=96&d=mm&r=g\",\"contentUrl\":\"https:\/\/secure.gravatar.com\/avatar\/9600df58751c5acbe914c538c03390ef649ea088cb65f84ba09c7ce66988eed6?s=96&d=mm&r=g\",\"caption\":\"admin\"},\"sameAs\":[\"https:\/\/compartilhabahia.com.br\"],\"url\":\"https:\/\/compartilhabahia.com.br\/index.php\/author\/compartilhabahia\/\"}]}<\/script>\n<!-- \/ Yoast SEO plugin. -->","yoast_head_json":{"title":"Encontro no Clube Social de Cama\u00e7ari vai celebrar Dia Nacional do Agricultor e da Agricultora - Compartilha Bahia","robots":{"index":"index","follow":"follow","max-snippet":"max-snippet:-1","max-image-preview":"max-image-preview:large","max-video-preview":"max-video-preview:-1"},"canonical":"https:\/\/compartilhabahia.com.br\/index.php\/2025\/07\/29\/encontro-no-clube-social-de-camacari-vai-celebrar-dia-nacional-do-agricultor-e-da-agricultora\/","og_locale":"pt_BR","og_type":"article","og_title":"Encontro no Clube Social de Cama\u00e7ari vai celebrar Dia Nacional do Agricultor e da Agricultora - Compartilha Bahia","og_description":"Em celebra\u00e7\u00e3o ao Dia Nacional do Agricultor e da Agricultora, celebrado em 28 de julho, a Secretaria de Desenvolvimento da Agricultura e Pesca de Cama\u00e7ari (Sedap) realiza na quarta-feira (30), das 8h \u00e0s 15h, um momento especial que alia escuta, assist\u00eancia t\u00e9cnica, promo\u00e7\u00e3o \u00e0 sa\u00fade, forma\u00e7\u00e3o e integra\u00e7\u00e3o entre a categoria e o poder p\u00fablico, [&hellip;]","og_url":"https:\/\/compartilhabahia.com.br\/index.php\/2025\/07\/29\/encontro-no-clube-social-de-camacari-vai-celebrar-dia-nacional-do-agricultor-e-da-agricultora\/","og_site_name":"Compartilha Bahia","article_publisher":"https:\/\/web.facebook.com\/compartilhabahia","article_published_time":"2025-07-29T23:49:13+00:00","article_modified_time":"2025-07-30T00:16:01+00:00","og_image":[{"width":1024,"height":683,"url":"https:\/\/compartilhabahia.com.br\/wp-content\/uploads\/2025\/07\/sedap-feirinha-da-agricultura-familiar-foto-juliano-sarraf-.jpg","type":"image\/jpeg"}],"author":"admin","twitter_card":"summary_large_image","twitter_misc":{"Escrito por":"admin","Est. tempo de leitura":"2 minutos"},"schema":{"@context":"https:\/\/schema.org","@graph":[{"@type":"Article","@id":"https:\/\/compartilhabahia.com.br\/index.php\/2025\/07\/29\/encontro-no-clube-social-de-camacari-vai-celebrar-dia-nacional-do-agricultor-e-da-agricultora\/#article","isPartOf":{"@id":"https:\/\/compartilhabahia.com.br\/index.php\/2025\/07\/29\/encontro-no-clube-social-de-camacari-vai-celebrar-dia-nacional-do-agricultor-e-da-agricultora\/"},"author":{"name":"admin","@id":"https:\/\/compartilhabahia.com.br\/#\/schema\/person\/9b4f0c3178793b8248d6686732521c04"},"headline":"Encontro no Clube Social de Cama\u00e7ari vai celebrar Dia Nacional do Agricultor e da Agricultora","datePublished":"2025-07-29T23:49:13+00:00","dateModified":"2025-07-30T00:16:01+00:00","mainEntityOfPage":{"@id":"https:\/\/compartilhabahia.com.br\/index.php\/2025\/07\/29\/encontro-no-clube-social-de-camacari-vai-celebrar-dia-nacional-do-agricultor-e-da-agricultora\/"},"wordCount":258,"commentCount":0,"publisher":{"@id":"https:\/\/compartilhabahia.com.br\/#organization"},"articleSection":["Cama\u00e7ari"],"inLanguage":"pt-BR","potentialAction":[{"@type":"CommentAction","name":"Comment","target":["https:\/\/compartilhabahia.com.br\/index.php\/2025\/07\/29\/encontro-no-clube-social-de-camacari-vai-celebrar-dia-nacional-do-agricultor-e-da-agricultora\/#respond"]}]},{"@type":"WebPage","@id":"https:\/\/compartilhabahia.com.br\/index.php\/2025\/07\/29\/encontro-no-clube-social-de-camacari-vai-celebrar-dia-nacional-do-agricultor-e-da-agricultora\/","url":"https:\/\/compartilhabahia.com.br\/index.php\/2025\/07\/29\/encontro-no-clube-social-de-camacari-vai-celebrar-dia-nacional-do-agricultor-e-da-agricultora\/","name":"Encontro no Clube Social de Cama\u00e7ari vai celebrar Dia Nacional do Agricultor e da Agricultora - Compartilha Bahia","isPartOf":{"@id":"https:\/\/compartilhabahia.com.br\/#website"},"datePublished":"2025-07-29T23:49:13+00:00","dateModified":"2025-07-30T00:16:01+00:00","breadcrumb":{"@id":"https:\/\/compartilhabahia.com.br\/index.php\/2025\/07\/29\/encontro-no-clube-social-de-camacari-vai-celebrar-dia-nacional-do-agricultor-e-da-agricultora\/#breadcrumb"},"inLanguage":"pt-BR","potentialAction":[{"@type":"ReadAction","target":["https:\/\/compartilhabahia.com.br\/index.php\/2025\/07\/29\/encontro-no-clube-social-de-camacari-vai-celebrar-dia-nacional-do-agricultor-e-da-agricultora\/"]}]},{"@type":"BreadcrumbList","@id":"https:\/\/compartilhabahia.com.br\/index.php\/2025\/07\/29\/encontro-no-clube-social-de-camacari-vai-celebrar-dia-nacional-do-agricultor-e-da-agricultora\/#breadcrumb","itemListElement":[{"@type":"ListItem","position":1,"name":"In\u00edcio","item":"https:\/\/compartilhabahia.com.br\/"},{"@type":"ListItem","position":2,"name":"Encontro no Clube Social de Cama\u00e7ari vai celebrar Dia Nacional do Agricultor e da Agricultora"}]},{"@type":"WebSite","@id":"https:\/\/compartilhabahia.com.br\/#website","url":"https:\/\/compartilhabahia.com.br\/","name":"Compartilha Bahia","description":"","publisher":{"@id":"https:\/\/compartilhabahia.com.br\/#organization"},"potentialAction":[{"@type":"SearchAction","target":{"@type":"EntryPoint","urlTemplate":"https:\/\/compartilhabahia.com.br\/?s={search_term_string}"},"query-input":"required name=search_term_string"}],"inLanguage":"pt-BR"},{"@type":"Organization","@id":"https:\/\/compartilhabahia.com.br\/#organization","name":"Compartilha Bahia","url":"https:\/\/compartilhabahia.com.br\/","logo":{"@type":"ImageObject","inLanguage":"pt-BR","@id":"https:\/\/compartilhabahia.com.br\/#\/schema\/logo\/image\/","url":"https:\/\/compartilhabahia.com.br\/wp-content\/uploads\/2023\/12\/cropped-logo.png","contentUrl":"https:\/\/compartilhabahia.com.br\/wp-content\/uploads\/2023\/12\/cropped-logo.png","width":300,"height":106,"caption":"Compartilha Bahia"},"image":{"@id":"https:\/\/compartilhabahia.com.br\/#\/schema\/logo\/image\/"},"sameAs":["https:\/\/web.facebook.com\/compartilhabahia","https:\/\/www.instagram.com\/compartilhabahia\/"]},{"@type":"Person","@id":"https:\/\/compartilhabahia.com.br\/#\/schema\/person\/9b4f0c3178793b8248d6686732521c04","name":"admin","image":{"@type":"ImageObject","inLanguage":"pt-BR","@id":"https:\/\/compartilhabahia.com.br\/#\/schema\/person\/image\/","url":"https:\/\/secure.gravatar.com\/avatar\/9600df58751c5acbe914c538c03390ef649ea088cb65f84ba09c7ce66988eed6?s=96&d=mm&r=g","contentUrl":"https:\/\/secure.gravatar.com\/avatar\/9600df58751c5acbe914c538c03390ef649ea088cb65f84ba09c7ce66988eed6?s=96&d=mm&r=g","caption":"admin"},"sameAs":["https:\/\/compartilhabahia.com.br"],"url":"https:\/\/compartilhabahia.com.br\/index.php\/author\/compartilhabahia\/"}]}},"_links":{"self":[{"href":"https:\/\/compartilhabahia.com.br\/index.php\/wp-json\/wp\/v2\/posts\/7401","targetHints":{"allow":["GET"]}}],"collection":[{"href":"https:\/\/compartilhabahia.com.br\/index.php\/wp-json\/wp\/v2\/posts"}],"about":[{"href":"https:\/\/compartilhabahia.com.br\/index.php\/wp-json\/wp\/v2\/types\/post"}],"author":[{"embeddable":true,"href":"https:\/\/compartilhabahia.com.br\/index.php\/wp-json\/wp\/v2\/users\/1"}],"replies":[{"embeddable":true,"href":"https:\/\/compartilhabahia.com.br\/index.php\/wp-json\/wp\/v2\/comments?post=7401"}],"version-history":[{"count":1,"href":"https:\/\/compartilhabahia.com.br\/index.php\/wp-json\/wp\/v2\/posts\/7401\/revisions"}],"predecessor-version":[{"id":7403,"href":"https:\/\/compartilhabahia.com.br\/index.php\/wp-json\/wp\/v2\/posts\/7401\/revisions\/7403"}],"wp:featuredmedia":[{"embeddable":true,"href":"https:\/\/compartilhabahia.com.br\/index.php\/wp-json\/wp\/v2\/media\/7402"}],"wp:attachment":[{"href":"https:\/\/compartilhabahia.com.br\/index.php\/wp-json\/wp\/v2\/media?parent=7401"}],"wp:term":[{"taxonomy":"category","embeddable":true,"href":"https:\/\/compartilhabahia.com.br\/index.php\/wp-json\/wp\/v2\/categories?post=7401"},{"taxonomy":"post_tag","embeddable":true,"href":"https:\/\/compartilhabahia.com.br\/index.php\/wp-json\/wp\/v2\/tags?post=7401"}],"curies":[{"name":"wp","href":"https:\/\/api.w.org\/{rel}","templated":true}]}}