{"id":7398,"date":"2025-07-28T19:06:01","date_gmt":"2025-07-28T22:06:01","guid":{"rendered":"https:\/\/compartilhabahia.com.br\/?p=7398"},"modified":"2025-07-28T19:06:04","modified_gmt":"2025-07-28T22:06:04","slug":"igualdade-racial-caetano-incentiva-luta-organizacao-e-planejamento","status":"publish","type":"post","link":"https:\/\/compartilhabahia.com.br\/index.php\/2025\/07\/28\/igualdade-racial-caetano-incentiva-luta-organizacao-e-planejamento\/","title":{"rendered":"IGUALDADE RACIAL: CAETANO INCENTIVA  LUTA, ORGANIZA\u00c7\u00c3O E PLANEJAMENTO"},"content":{"rendered":"\n<p><strong>4\u00aa Confer\u00eancia Municipal de Promo\u00e7\u00e3o da Igualdade Racial retoma luta antirracista em parceria com a sociedade cama\u00e7ariense<\/strong><\/p>\n\n\n\n<p>Debatendo propostas que visam a constru\u00e7\u00e3o de uma sociedade mais digna para todas as pessoas negras, povos e comunidades tradicionais, a Secretaria de Desenvolvimento Social e Cidadania de Cama\u00e7ari (Sedes) promoveu nesta segunda-feira (28) a 4\u00aa Confer\u00eancia Municipal de Promo\u00e7\u00e3o da Igualdade Racial. O encontro ocorreu no Horto Florestal e reuniu representantes da sociedade civil, do poder p\u00fablico e de movimentos sociais.<\/p>\n\n\n\n<p>Cama\u00e7ari \u00e9 uma cidade com forte heran\u00e7a das popula\u00e7\u00f5es negra e ind\u00edgena, que s\u00e3o parte fundamental no processo de constru\u00e7\u00e3o da hist\u00f3ria e identidade do munic\u00edpio, conforme lembrou o prefeito Luiz Caetano. &#8220;Temos que abrir as portas do social cada vez mais para dar voz a todos, sem distin\u00e7\u00e3o. Nosso povo \u00e9 diverso e essa tomada de consci\u00eancia precisa ocupar mais espa\u00e7os. A canetada do gestor ajuda a colocar leis em pr\u00e1tica, mas uma sociedade igualit\u00e1ria se constr\u00f3i com luta, organiza\u00e7\u00e3o e planejamento, definindo prioridades&#8221;, avaliou.<\/p>\n\n\n\n<p>A titular da Sedes, Jeane Gleyde, refor\u00e7ou o compromisso de envolver os cidad\u00e3os no processo de elabora\u00e7\u00e3o coletiva das a\u00e7\u00f5es governamentais. &#8220;A gente entende que agora \u00e9 o momento dessa escuta popular com as comunidades tradicionais e tantas outras vozes, que por s\u00e9culos foram silenciadas. \u00c9, portanto, um grito de resist\u00eancia, mas tamb\u00e9m um chamado \u00e0 a\u00e7\u00e3o. Essa responsabilidade recai ao poder p\u00fablico e toda sociedade civil. Falar de igualdade racial \u00e9 reconhecer que o racismo estrutural ainda molda as oportunidades, os acessos e a dignidade de milh\u00f5es de brasileiros&#8221;, afirmou.<\/p>\n\n\n\n<p>Compondo a mesa de abertura, Gilson Santos, representante da comunidade cigana que vive no munic\u00edpio, celebrou o momento de visibilidade. &#8220;O povo cigano sempre foi discriminado. Passamos anos vivendo como se f\u00f4ssemos invis\u00edveis. Estou aqui para defender e lutar pela nossa cultura e quero agradecer e aproveitar esse acolhimento para dizer que queremos respeito e, entre as reivindica\u00e7\u00f5es apresentadas, um olhar voltado \u00e0 sa\u00fade da nossa gente&#8221;, disse.<\/p>\n\n\n\n<p>Com mais de 260 anos de hist\u00f3ria, a comunidade quilombola da Cordoaria \u00e9 marcada pela ancestralidade e preserva\u00e7\u00e3o de tradi\u00e7\u00f5es e pr\u00e1ticas culturais, al\u00e9m da produ\u00e7\u00e3o de alimentos que fazem parte da agricultura familiar. Representando as fam\u00edlias que vivem no local, Maria Ant\u00f4nia Matos Ferreira, mais conhecida como Odara Ferreira, falou sobre os desafios enfrentados.<\/p>\n\n\n\n<p>&#8220;Antes de tudo, queremos nossa identidade afirmada. Fomos pegos de surpresa, quando na administra\u00e7\u00e3o anterior, a \u00fanica comunidade quilombola do munic\u00edpio ficou identificada como uma rua de Cajazeiras de Abrantes. Isso \u00e9 um absurdo. Hoje enfrentamos diversas dificuldades quando temos que receber correspond\u00eancia e at\u00e9 para entrar em uma universidade p\u00fablica, em virtude de comprovar que n\u00f3s somos realmente quilombolas. Queremos nossa identidade de volta&#8221;, revelou.<\/p>\n\n\n\n<p>A mesa tamb\u00e9m contou com a cacica e ativista Renata Silva, da Aldeia Tupinamb\u00e1 Divino Esp\u00edrito Santo, de Vila de Abrantes, que representou a comunidade ind\u00edgena da cidade, e N\u00fabia Bispo, representando a ancestralidade dos povos e comunidades tradicionais de terreiros, bem como outras entidades da sociedade civil.<\/p>\n\n\n\n<p>A confer\u00eancia \u00e9 embasada pela tem\u00e1tica \u2018Redirecionando as Pol\u00edticas P\u00fablicas da Igualdade Racial\u2019 e os subeixos \u2018Democracia\u2019, \u2018Justi\u00e7a Racial\u2019 e \u2018Repara\u00e7\u00e3o\u2019. A iniciativa integra a etapa da Confer\u00eancia Estadual de Promo\u00e7\u00e3o da Igualdade Racial (CONEPIR), que visa o di\u00e1logo, escuta, debate e articula\u00e7\u00e3o entre governo e sociedade civil, com o intuito de formular pol\u00edticas p\u00fablicas e a\u00e7\u00f5es que contemplem a supera\u00e7\u00e3o das desigualdades raciais no pa\u00eds, com destaque \u00e0 popula\u00e7\u00e3o negra e demais grupos \u00e9tnico-raciais.<\/p>\n\n\n\n<p>Palestras, pain\u00e9is e aprova\u00e7\u00e3o do regimento interno, tamb\u00e9m compuseram o cronograma do evento, al\u00e9m da plen\u00e1ria final e delibera\u00e7\u00f5es das prioridades definidas pelos grupos de trabalho. Ao final dos debates, foi realizada a elei\u00e7\u00e3o de delega\u00e7\u00e3o. Ao todo, foram selecionados 10 representantes para participar da confer\u00eancia estadual agendada para os dias 20, 21 e 22 de agosto, em Salvador.<br><br>Foto: Juliano Sarraf<\/p>\n","protected":false},"excerpt":{"rendered":"<p>4\u00aa Confer\u00eancia Municipal de Promo\u00e7\u00e3o da Igualdade Racial retoma luta antirracista em parceria com a sociedade cama\u00e7ariense Debatendo propostas que visam a constru\u00e7\u00e3o de uma sociedade mais digna para todas as pessoas negras, povos e comunidades tradicionais, a Secretaria de Desenvolvimento Social e Cidadania de Cama\u00e7ari (Sedes) promoveu nesta segunda-feira (28) a 4\u00aa Confer\u00eancia Municipal [&hellip;]<\/p>\n","protected":false},"author":1,"featured_media":7399,"comment_status":"open","ping_status":"open","sticky":false,"template":"","format":"standard","meta":{"footnotes":""},"categories":[8],"tags":[],"class_list":["post-7398","post","type-post","status-publish","format-standard","has-post-thumbnail","hentry","category-camacari"],"yoast_head":"<!-- This site is optimized with the Yoast SEO plugin v21.7 - https:\/\/yoast.com\/wordpress\/plugins\/seo\/ -->\n<title>IGUALDADE RACIAL: CAETANO INCENTIVA LUTA, ORGANIZA\u00c7\u00c3O E PLANEJAMENTO - Compartilha Bahia<\/title>\n<meta name=\"robots\" content=\"index, follow, max-snippet:-1, max-image-preview:large, max-video-preview:-1\" \/>\n<link rel=\"canonical\" href=\"https:\/\/compartilhabahia.com.br\/index.php\/2025\/07\/28\/igualdade-racial-caetano-incentiva-luta-organizacao-e-planejamento\/\" \/>\n<meta property=\"og:locale\" content=\"pt_BR\" \/>\n<meta property=\"og:type\" content=\"article\" \/>\n<meta property=\"og:title\" content=\"IGUALDADE RACIAL: CAETANO INCENTIVA LUTA, ORGANIZA\u00c7\u00c3O E PLANEJAMENTO - Compartilha Bahia\" \/>\n<meta property=\"og:description\" content=\"4\u00aa Confer\u00eancia Municipal de Promo\u00e7\u00e3o da Igualdade Racial retoma luta antirracista em parceria com a sociedade cama\u00e7ariense Debatendo propostas que visam a constru\u00e7\u00e3o de uma sociedade mais digna para todas as pessoas negras, povos e comunidades tradicionais, a Secretaria de Desenvolvimento Social e Cidadania de Cama\u00e7ari (Sedes) promoveu nesta segunda-feira (28) a 4\u00aa Confer\u00eancia Municipal [&hellip;]\" \/>\n<meta property=\"og:url\" content=\"https:\/\/compartilhabahia.com.br\/index.php\/2025\/07\/28\/igualdade-racial-caetano-incentiva-luta-organizacao-e-planejamento\/\" \/>\n<meta property=\"og:site_name\" content=\"Compartilha Bahia\" \/>\n<meta property=\"article:publisher\" content=\"https:\/\/web.facebook.com\/compartilhabahia\" \/>\n<meta property=\"article:published_time\" content=\"2025-07-28T22:06:01+00:00\" \/>\n<meta property=\"article:modified_time\" content=\"2025-07-28T22:06:04+00:00\" \/>\n<meta property=\"og:image\" content=\"https:\/\/compartilhabahia.com.br\/wp-content\/uploads\/2025\/07\/IGUALDADE.jpg\" \/>\n\t<meta property=\"og:image:width\" content=\"1000\" \/>\n\t<meta property=\"og:image:height\" content=\"600\" \/>\n\t<meta property=\"og:image:type\" content=\"image\/jpeg\" \/>\n<meta name=\"author\" content=\"admin\" \/>\n<meta name=\"twitter:card\" content=\"summary_large_image\" \/>\n<meta name=\"twitter:label1\" content=\"Escrito por\" \/>\n\t<meta name=\"twitter:data1\" content=\"admin\" \/>\n\t<meta name=\"twitter:label2\" content=\"Est. tempo de leitura\" \/>\n\t<meta name=\"twitter:data2\" content=\"4 minutos\" \/>\n<script type=\"application\/ld+json\" class=\"yoast-schema-graph\">{\"@context\":\"https:\/\/schema.org\",\"@graph\":[{\"@type\":\"Article\",\"@id\":\"https:\/\/compartilhabahia.com.br\/index.php\/2025\/07\/28\/igualdade-racial-caetano-incentiva-luta-organizacao-e-planejamento\/#article\",\"isPartOf\":{\"@id\":\"https:\/\/compartilhabahia.com.br\/index.php\/2025\/07\/28\/igualdade-racial-caetano-incentiva-luta-organizacao-e-planejamento\/\"},\"author\":{\"name\":\"admin\",\"@id\":\"https:\/\/compartilhabahia.com.br\/#\/schema\/person\/9b4f0c3178793b8248d6686732521c04\"},\"headline\":\"IGUALDADE RACIAL: CAETANO INCENTIVA LUTA, ORGANIZA\u00c7\u00c3O E PLANEJAMENTO\",\"datePublished\":\"2025-07-28T22:06:01+00:00\",\"dateModified\":\"2025-07-28T22:06:04+00:00\",\"mainEntityOfPage\":{\"@id\":\"https:\/\/compartilhabahia.com.br\/index.php\/2025\/07\/28\/igualdade-racial-caetano-incentiva-luta-organizacao-e-planejamento\/\"},\"wordCount\":700,\"commentCount\":0,\"publisher\":{\"@id\":\"https:\/\/compartilhabahia.com.br\/#organization\"},\"articleSection\":[\"Cama\u00e7ari\"],\"inLanguage\":\"pt-BR\",\"potentialAction\":[{\"@type\":\"CommentAction\",\"name\":\"Comment\",\"target\":[\"https:\/\/compartilhabahia.com.br\/index.php\/2025\/07\/28\/igualdade-racial-caetano-incentiva-luta-organizacao-e-planejamento\/#respond\"]}]},{\"@type\":\"WebPage\",\"@id\":\"https:\/\/compartilhabahia.com.br\/index.php\/2025\/07\/28\/igualdade-racial-caetano-incentiva-luta-organizacao-e-planejamento\/\",\"url\":\"https:\/\/compartilhabahia.com.br\/index.php\/2025\/07\/28\/igualdade-racial-caetano-incentiva-luta-organizacao-e-planejamento\/\",\"name\":\"IGUALDADE RACIAL: CAETANO INCENTIVA LUTA, ORGANIZA\u00c7\u00c3O E PLANEJAMENTO - Compartilha Bahia\",\"isPartOf\":{\"@id\":\"https:\/\/compartilhabahia.com.br\/#website\"},\"datePublished\":\"2025-07-28T22:06:01+00:00\",\"dateModified\":\"2025-07-28T22:06:04+00:00\",\"breadcrumb\":{\"@id\":\"https:\/\/compartilhabahia.com.br\/index.php\/2025\/07\/28\/igualdade-racial-caetano-incentiva-luta-organizacao-e-planejamento\/#breadcrumb\"},\"inLanguage\":\"pt-BR\",\"potentialAction\":[{\"@type\":\"ReadAction\",\"target\":[\"https:\/\/compartilhabahia.com.br\/index.php\/2025\/07\/28\/igualdade-racial-caetano-incentiva-luta-organizacao-e-planejamento\/\"]}]},{\"@type\":\"BreadcrumbList\",\"@id\":\"https:\/\/compartilhabahia.com.br\/index.php\/2025\/07\/28\/igualdade-racial-caetano-incentiva-luta-organizacao-e-planejamento\/#breadcrumb\",\"itemListElement\":[{\"@type\":\"ListItem\",\"position\":1,\"name\":\"In\u00edcio\",\"item\":\"https:\/\/compartilhabahia.com.br\/\"},{\"@type\":\"ListItem\",\"position\":2,\"name\":\"IGUALDADE RACIAL: CAETANO INCENTIVA LUTA, ORGANIZA\u00c7\u00c3O E PLANEJAMENTO\"}]},{\"@type\":\"WebSite\",\"@id\":\"https:\/\/compartilhabahia.com.br\/#website\",\"url\":\"https:\/\/compartilhabahia.com.br\/\",\"name\":\"Compartilha Bahia\",\"description\":\"\",\"publisher\":{\"@id\":\"https:\/\/compartilhabahia.com.br\/#organization\"},\"potentialAction\":[{\"@type\":\"SearchAction\",\"target\":{\"@type\":\"EntryPoint\",\"urlTemplate\":\"https:\/\/compartilhabahia.com.br\/?s={search_term_string}\"},\"query-input\":\"required name=search_term_string\"}],\"inLanguage\":\"pt-BR\"},{\"@type\":\"Organization\",\"@id\":\"https:\/\/compartilhabahia.com.br\/#organization\",\"name\":\"Compartilha Bahia\",\"url\":\"https:\/\/compartilhabahia.com.br\/\",\"logo\":{\"@type\":\"ImageObject\",\"inLanguage\":\"pt-BR\",\"@id\":\"https:\/\/compartilhabahia.com.br\/#\/schema\/logo\/image\/\",\"url\":\"https:\/\/compartilhabahia.com.br\/wp-content\/uploads\/2023\/12\/cropped-logo.png\",\"contentUrl\":\"https:\/\/compartilhabahia.com.br\/wp-content\/uploads\/2023\/12\/cropped-logo.png\",\"width\":300,\"height\":106,\"caption\":\"Compartilha Bahia\"},\"image\":{\"@id\":\"https:\/\/compartilhabahia.com.br\/#\/schema\/logo\/image\/\"},\"sameAs\":[\"https:\/\/web.facebook.com\/compartilhabahia\",\"https:\/\/www.instagram.com\/compartilhabahia\/\"]},{\"@type\":\"Person\",\"@id\":\"https:\/\/compartilhabahia.com.br\/#\/schema\/person\/9b4f0c3178793b8248d6686732521c04\",\"name\":\"admin\",\"image\":{\"@type\":\"ImageObject\",\"inLanguage\":\"pt-BR\",\"@id\":\"https:\/\/compartilhabahia.com.br\/#\/schema\/person\/image\/\",\"url\":\"https:\/\/secure.gravatar.com\/avatar\/9600df58751c5acbe914c538c03390ef649ea088cb65f84ba09c7ce66988eed6?s=96&d=mm&r=g\",\"contentUrl\":\"https:\/\/secure.gravatar.com\/avatar\/9600df58751c5acbe914c538c03390ef649ea088cb65f84ba09c7ce66988eed6?s=96&d=mm&r=g\",\"caption\":\"admin\"},\"sameAs\":[\"https:\/\/compartilhabahia.com.br\"],\"url\":\"https:\/\/compartilhabahia.com.br\/index.php\/author\/compartilhabahia\/\"}]}<\/script>\n<!-- \/ Yoast SEO plugin. -->","yoast_head_json":{"title":"IGUALDADE RACIAL: CAETANO INCENTIVA LUTA, ORGANIZA\u00c7\u00c3O E PLANEJAMENTO - Compartilha Bahia","robots":{"index":"index","follow":"follow","max-snippet":"max-snippet:-1","max-image-preview":"max-image-preview:large","max-video-preview":"max-video-preview:-1"},"canonical":"https:\/\/compartilhabahia.com.br\/index.php\/2025\/07\/28\/igualdade-racial-caetano-incentiva-luta-organizacao-e-planejamento\/","og_locale":"pt_BR","og_type":"article","og_title":"IGUALDADE RACIAL: CAETANO INCENTIVA LUTA, ORGANIZA\u00c7\u00c3O E PLANEJAMENTO - Compartilha Bahia","og_description":"4\u00aa Confer\u00eancia Municipal de Promo\u00e7\u00e3o da Igualdade Racial retoma luta antirracista em parceria com a sociedade cama\u00e7ariense Debatendo propostas que visam a constru\u00e7\u00e3o de uma sociedade mais digna para todas as pessoas negras, povos e comunidades tradicionais, a Secretaria de Desenvolvimento Social e Cidadania de Cama\u00e7ari (Sedes) promoveu nesta segunda-feira (28) a 4\u00aa Confer\u00eancia Municipal [&hellip;]","og_url":"https:\/\/compartilhabahia.com.br\/index.php\/2025\/07\/28\/igualdade-racial-caetano-incentiva-luta-organizacao-e-planejamento\/","og_site_name":"Compartilha Bahia","article_publisher":"https:\/\/web.facebook.com\/compartilhabahia","article_published_time":"2025-07-28T22:06:01+00:00","article_modified_time":"2025-07-28T22:06:04+00:00","og_image":[{"width":1000,"height":600,"url":"https:\/\/compartilhabahia.com.br\/wp-content\/uploads\/2025\/07\/IGUALDADE.jpg","type":"image\/jpeg"}],"author":"admin","twitter_card":"summary_large_image","twitter_misc":{"Escrito por":"admin","Est. tempo de leitura":"4 minutos"},"schema":{"@context":"https:\/\/schema.org","@graph":[{"@type":"Article","@id":"https:\/\/compartilhabahia.com.br\/index.php\/2025\/07\/28\/igualdade-racial-caetano-incentiva-luta-organizacao-e-planejamento\/#article","isPartOf":{"@id":"https:\/\/compartilhabahia.com.br\/index.php\/2025\/07\/28\/igualdade-racial-caetano-incentiva-luta-organizacao-e-planejamento\/"},"author":{"name":"admin","@id":"https:\/\/compartilhabahia.com.br\/#\/schema\/person\/9b4f0c3178793b8248d6686732521c04"},"headline":"IGUALDADE RACIAL: CAETANO INCENTIVA LUTA, ORGANIZA\u00c7\u00c3O E PLANEJAMENTO","datePublished":"2025-07-28T22:06:01+00:00","dateModified":"2025-07-28T22:06:04+00:00","mainEntityOfPage":{"@id":"https:\/\/compartilhabahia.com.br\/index.php\/2025\/07\/28\/igualdade-racial-caetano-incentiva-luta-organizacao-e-planejamento\/"},"wordCount":700,"commentCount":0,"publisher":{"@id":"https:\/\/compartilhabahia.com.br\/#organization"},"articleSection":["Cama\u00e7ari"],"inLanguage":"pt-BR","potentialAction":[{"@type":"CommentAction","name":"Comment","target":["https:\/\/compartilhabahia.com.br\/index.php\/2025\/07\/28\/igualdade-racial-caetano-incentiva-luta-organizacao-e-planejamento\/#respond"]}]},{"@type":"WebPage","@id":"https:\/\/compartilhabahia.com.br\/index.php\/2025\/07\/28\/igualdade-racial-caetano-incentiva-luta-organizacao-e-planejamento\/","url":"https:\/\/compartilhabahia.com.br\/index.php\/2025\/07\/28\/igualdade-racial-caetano-incentiva-luta-organizacao-e-planejamento\/","name":"IGUALDADE RACIAL: CAETANO INCENTIVA LUTA, ORGANIZA\u00c7\u00c3O E PLANEJAMENTO - Compartilha Bahia","isPartOf":{"@id":"https:\/\/compartilhabahia.com.br\/#website"},"datePublished":"2025-07-28T22:06:01+00:00","dateModified":"2025-07-28T22:06:04+00:00","breadcrumb":{"@id":"https:\/\/compartilhabahia.com.br\/index.php\/2025\/07\/28\/igualdade-racial-caetano-incentiva-luta-organizacao-e-planejamento\/#breadcrumb"},"inLanguage":"pt-BR","potentialAction":[{"@type":"ReadAction","target":["https:\/\/compartilhabahia.com.br\/index.php\/2025\/07\/28\/igualdade-racial-caetano-incentiva-luta-organizacao-e-planejamento\/"]}]},{"@type":"BreadcrumbList","@id":"https:\/\/compartilhabahia.com.br\/index.php\/2025\/07\/28\/igualdade-racial-caetano-incentiva-luta-organizacao-e-planejamento\/#breadcrumb","itemListElement":[{"@type":"ListItem","position":1,"name":"In\u00edcio","item":"https:\/\/compartilhabahia.com.br\/"},{"@type":"ListItem","position":2,"name":"IGUALDADE RACIAL: CAETANO INCENTIVA LUTA, ORGANIZA\u00c7\u00c3O E PLANEJAMENTO"}]},{"@type":"WebSite","@id":"https:\/\/compartilhabahia.com.br\/#website","url":"https:\/\/compartilhabahia.com.br\/","name":"Compartilha Bahia","description":"","publisher":{"@id":"https:\/\/compartilhabahia.com.br\/#organization"},"potentialAction":[{"@type":"SearchAction","target":{"@type":"EntryPoint","urlTemplate":"https:\/\/compartilhabahia.com.br\/?s={search_term_string}"},"query-input":"required name=search_term_string"}],"inLanguage":"pt-BR"},{"@type":"Organization","@id":"https:\/\/compartilhabahia.com.br\/#organization","name":"Compartilha Bahia","url":"https:\/\/compartilhabahia.com.br\/","logo":{"@type":"ImageObject","inLanguage":"pt-BR","@id":"https:\/\/compartilhabahia.com.br\/#\/schema\/logo\/image\/","url":"https:\/\/compartilhabahia.com.br\/wp-content\/uploads\/2023\/12\/cropped-logo.png","contentUrl":"https:\/\/compartilhabahia.com.br\/wp-content\/uploads\/2023\/12\/cropped-logo.png","width":300,"height":106,"caption":"Compartilha Bahia"},"image":{"@id":"https:\/\/compartilhabahia.com.br\/#\/schema\/logo\/image\/"},"sameAs":["https:\/\/web.facebook.com\/compartilhabahia","https:\/\/www.instagram.com\/compartilhabahia\/"]},{"@type":"Person","@id":"https:\/\/compartilhabahia.com.br\/#\/schema\/person\/9b4f0c3178793b8248d6686732521c04","name":"admin","image":{"@type":"ImageObject","inLanguage":"pt-BR","@id":"https:\/\/compartilhabahia.com.br\/#\/schema\/person\/image\/","url":"https:\/\/secure.gravatar.com\/avatar\/9600df58751c5acbe914c538c03390ef649ea088cb65f84ba09c7ce66988eed6?s=96&d=mm&r=g","contentUrl":"https:\/\/secure.gravatar.com\/avatar\/9600df58751c5acbe914c538c03390ef649ea088cb65f84ba09c7ce66988eed6?s=96&d=mm&r=g","caption":"admin"},"sameAs":["https:\/\/compartilhabahia.com.br"],"url":"https:\/\/compartilhabahia.com.br\/index.php\/author\/compartilhabahia\/"}]}},"_links":{"self":[{"href":"https:\/\/compartilhabahia.com.br\/index.php\/wp-json\/wp\/v2\/posts\/7398","targetHints":{"allow":["GET"]}}],"collection":[{"href":"https:\/\/compartilhabahia.com.br\/index.php\/wp-json\/wp\/v2\/posts"}],"about":[{"href":"https:\/\/compartilhabahia.com.br\/index.php\/wp-json\/wp\/v2\/types\/post"}],"author":[{"embeddable":true,"href":"https:\/\/compartilhabahia.com.br\/index.php\/wp-json\/wp\/v2\/users\/1"}],"replies":[{"embeddable":true,"href":"https:\/\/compartilhabahia.com.br\/index.php\/wp-json\/wp\/v2\/comments?post=7398"}],"version-history":[{"count":1,"href":"https:\/\/compartilhabahia.com.br\/index.php\/wp-json\/wp\/v2\/posts\/7398\/revisions"}],"predecessor-version":[{"id":7400,"href":"https:\/\/compartilhabahia.com.br\/index.php\/wp-json\/wp\/v2\/posts\/7398\/revisions\/7400"}],"wp:featuredmedia":[{"embeddable":true,"href":"https:\/\/compartilhabahia.com.br\/index.php\/wp-json\/wp\/v2\/media\/7399"}],"wp:attachment":[{"href":"https:\/\/compartilhabahia.com.br\/index.php\/wp-json\/wp\/v2\/media?parent=7398"}],"wp:term":[{"taxonomy":"category","embeddable":true,"href":"https:\/\/compartilhabahia.com.br\/index.php\/wp-json\/wp\/v2\/categories?post=7398"},{"taxonomy":"post_tag","embeddable":true,"href":"https:\/\/compartilhabahia.com.br\/index.php\/wp-json\/wp\/v2\/tags?post=7398"}],"curies":[{"name":"wp","href":"https:\/\/api.w.org\/{rel}","templated":true}]}}