{"id":7371,"date":"2025-07-27T18:00:08","date_gmt":"2025-07-27T21:00:08","guid":{"rendered":"https:\/\/compartilhabahia.com.br\/?p=7371"},"modified":"2025-07-27T18:00:45","modified_gmt":"2025-07-27T21:00:45","slug":"voluntarios-da-braskem-se-mobilizam-em-salvador-para-doacao-de-sangue-e-cadastro-de-medula-ossea","status":"publish","type":"post","link":"https:\/\/compartilhabahia.com.br\/index.php\/2025\/07\/27\/voluntarios-da-braskem-se-mobilizam-em-salvador-para-doacao-de-sangue-e-cadastro-de-medula-ossea\/","title":{"rendered":"Volunt\u00e1rios da Braskem se mobilizam em Salvador para doa\u00e7\u00e3o de sangue e cadastro de medula \u00f3ssea"},"content":{"rendered":"\n<p>Neste s\u00e1bado (26), a solidariedade ganhou destaque na sede da Funda\u00e7\u00e3o de Hematologia e Hemoterapia da Bahia (Hemoba), em Salvador. Cerca de 25 volunt\u00e1rios da Braskem participaram do&nbsp;<em>Mutir\u00e3o Pela Vida<\/em>, iniciativa promovida pelo setor de Sa\u00fade Ocupacional e pelo Programa de Voluntariado da empresa. A a\u00e7\u00e3o reuniu colaboradores, parceiros, familiares e amigos com o objetivo de doar sangue e realizar ou atualizar o cadastro como doadores de medula \u00f3ssea.<\/p>\n\n\n\n<p>Veterana na causa, a volunt\u00e1ria La\u00eds Almeida Nascimento, respons\u00e1vel T\u00e9cnica do Laborat\u00f3rio de Controle de Qualidade da Braskem, participou do mutir\u00e3o. \u201cFa\u00e7o doa\u00e7\u00e3o de sangue regularmente tr\u00eas vezes ao ano desde 2019. Quando soube da realiza\u00e7\u00e3o do mutir\u00e3o do voluntariado, reprogramei a doa\u00e7\u00e3o que j\u00e1 estava para fazer&nbsp;para contribuir diretamente com esta a\u00e7\u00e3o. Doar sangue para mim \u00e9 um ato de amor e enquanto estiver apta, seguirei fazendo a minha parte, al\u00e9m de tentar plantar essa sementinha onde puder\u201d, relata.<\/p>\n\n\n\n<p>Outro exemplo de engajamento \u00e9 Daniel Costa, t\u00e9cnico de Seguran\u00e7a do Trabalho da Braskem, que recentemente se tornou doador de medula \u00f3ssea. \u201cQuando fui doar sangue para a sogra de um amigo, identificaram que meu cadastro estava desatualizado. Uma semana depois, me informaram sobre um paciente compat\u00edvel. Aceitei na hora\u201d, conta. Daniel, que j\u00e1 \u00e9 doador de sangue h\u00e1 10 anos, descreve o processo de doa\u00e7\u00e3o de medula \u00f3ssea como tranquilo e sem dor. \u201cFico feliz em ser \u00fatil e ser esperan\u00e7a n\u00e3o s\u00f3 na vida do paciente, mas de sua fam\u00edlia e amigos. Um doador doa esperan\u00e7a e vida ao pr\u00f3ximo\u201d, conclui.<\/p>\n\n\n\n<p>O diretor Industrial da Braskem na Bahia, Carlos Alfano, orgulhou-se do engajamento dos volunt\u00e1rios nesta a\u00e7\u00e3o. \u201c\u00c9 gratificante ver tantos integrantes da Braskem atuando em sinergia com a sociedade e exercendo esse ato solid\u00e1rio. O mutir\u00e3o \u00e9 uma oportunidade real de salvar vidas. Sabemos o quanto os bancos de sangue precisam de refor\u00e7o e como o registro de poss\u00edveis doadores de medula \u00f3ssea pode representar esperan\u00e7a para pacientes em tratamento\u201d, afirma.<\/p>\n\n\n\n<p>Segundo a Hemoba, seriam necess\u00e1rias entre 500 e 550 doa\u00e7\u00f5es di\u00e1rias de sangue para manter os estoques e n\u00e3o comprometer a realiza\u00e7\u00e3o de cirurgias, tratamentos oncol\u00f3gicos e atendimentos de emerg\u00eancia. Deste total, cerca de 250 doa\u00e7\u00f5es seriam destinadas \u00e0 regi\u00e3o metropolitana de Salvador e 300 ao interior do estado. A realidade, no entanto, \u00e9 preocupante, j\u00e1 que no primeiro semestre deste ano, foram feitas 79.244 doa\u00e7\u00f5es, o que d\u00e1 uma m\u00e9dia de 440 bolsas coletadas por dia.<\/p>\n\n\n\n<p><strong>Fonte de vida&nbsp;<\/strong>&#8211; Cada doa\u00e7\u00e3o de sangue pode salvar at\u00e9 quatro vidas, j\u00e1 que o material coletado \u00e9 separado em diferentes componentes: hem\u00e1cias, plaquetas, plasma e crioprecipitado, utilizados conforme a necessidade de cada paciente.<\/p>\n\n\n\n<p>Carolina Miranda, assistente social da Hemoba, destacou a import\u00e2ncia de parcerias como a da Braskem. \u201cEstamos com os estoques baixos e precisamos da colabora\u00e7\u00e3o de todos. Basta estar bem de sa\u00fade, alimentado e portar um documento oficial com foto. Com um gesto simples, \u00e9 poss\u00edvel salvar at\u00e9 quatro vidas\u201d, refor\u00e7ou.<\/p>\n\n\n\n<p>O processo de doa\u00e7\u00e3o \u00e9 r\u00e1pido e seguro. Para doar sangue, \u00e9 necess\u00e1rio ter entre 16 e 69 anos, pesar no m\u00ednimo 50 kg, estar em boas condi\u00e7\u00f5es de sa\u00fade e ter feito a \u00faltima refei\u00e7\u00e3o entre duas e tr\u00eas horas antes. J\u00e1 para o cadastro de medula \u00f3ssea, os requisitos s\u00e3o: ter entre 18 e 35 anos e estar saud\u00e1vel.<\/p>\n\n\n\n<figure class=\"wp-block-image size-large\"><img loading=\"lazy\" decoding=\"async\" width=\"1024\" height=\"768\" src=\"https:\/\/compartilhabahia.com.br\/wp-content\/uploads\/2025\/07\/image-2-1024x768.png\" alt=\"\" class=\"wp-image-7373\" srcset=\"https:\/\/compartilhabahia.com.br\/wp-content\/uploads\/2025\/07\/image-2-1024x768.png 1024w, https:\/\/compartilhabahia.com.br\/wp-content\/uploads\/2025\/07\/image-2-300x225.png 300w, https:\/\/compartilhabahia.com.br\/wp-content\/uploads\/2025\/07\/image-2-768x576.png 768w, https:\/\/compartilhabahia.com.br\/wp-content\/uploads\/2025\/07\/image-2-1536x1152.png 1536w, https:\/\/compartilhabahia.com.br\/wp-content\/uploads\/2025\/07\/image-2.png 1920w\" sizes=\"auto, (max-width: 1024px) 100vw, 1024px\" \/><\/figure>\n\n\n\n<p><em>Foto: Rafael Veloso<\/em><\/p>\n","protected":false},"excerpt":{"rendered":"<p>Neste s\u00e1bado (26), a solidariedade ganhou destaque na sede da Funda\u00e7\u00e3o de Hematologia e Hemoterapia da Bahia (Hemoba), em Salvador. Cerca de 25 volunt\u00e1rios da Braskem participaram do&nbsp;Mutir\u00e3o Pela Vida, iniciativa promovida pelo setor de Sa\u00fade Ocupacional e pelo Programa de Voluntariado da empresa. A a\u00e7\u00e3o reuniu colaboradores, parceiros, familiares e amigos com o objetivo [&hellip;]<\/p>\n","protected":false},"author":1,"featured_media":7374,"comment_status":"open","ping_status":"open","sticky":false,"template":"","format":"standard","meta":{"footnotes":""},"categories":[10],"tags":[],"class_list":["post-7371","post","type-post","status-publish","format-standard","has-post-thumbnail","hentry","category-bahia"],"yoast_head":"<!-- This site is optimized with the Yoast SEO plugin v21.7 - https:\/\/yoast.com\/wordpress\/plugins\/seo\/ -->\n<title>Volunt\u00e1rios da Braskem se mobilizam em Salvador para doa\u00e7\u00e3o de sangue e cadastro de medula \u00f3ssea - Compartilha Bahia<\/title>\n<meta name=\"robots\" content=\"index, follow, max-snippet:-1, max-image-preview:large, max-video-preview:-1\" \/>\n<link rel=\"canonical\" href=\"https:\/\/compartilhabahia.com.br\/index.php\/2025\/07\/27\/voluntarios-da-braskem-se-mobilizam-em-salvador-para-doacao-de-sangue-e-cadastro-de-medula-ossea\/\" \/>\n<meta property=\"og:locale\" content=\"pt_BR\" \/>\n<meta property=\"og:type\" content=\"article\" \/>\n<meta property=\"og:title\" content=\"Volunt\u00e1rios da Braskem se mobilizam em Salvador para doa\u00e7\u00e3o de sangue e cadastro de medula \u00f3ssea - Compartilha Bahia\" \/>\n<meta property=\"og:description\" content=\"Neste s\u00e1bado (26), a solidariedade ganhou destaque na sede da Funda\u00e7\u00e3o de Hematologia e Hemoterapia da Bahia (Hemoba), em Salvador. Cerca de 25 volunt\u00e1rios da Braskem participaram do&nbsp;Mutir\u00e3o Pela Vida, iniciativa promovida pelo setor de Sa\u00fade Ocupacional e pelo Programa de Voluntariado da empresa. A a\u00e7\u00e3o reuniu colaboradores, parceiros, familiares e amigos com o objetivo [&hellip;]\" \/>\n<meta property=\"og:url\" content=\"https:\/\/compartilhabahia.com.br\/index.php\/2025\/07\/27\/voluntarios-da-braskem-se-mobilizam-em-salvador-para-doacao-de-sangue-e-cadastro-de-medula-ossea\/\" \/>\n<meta property=\"og:site_name\" content=\"Compartilha Bahia\" \/>\n<meta property=\"article:publisher\" content=\"https:\/\/web.facebook.com\/compartilhabahia\" \/>\n<meta property=\"article:published_time\" content=\"2025-07-27T21:00:08+00:00\" \/>\n<meta property=\"article:modified_time\" content=\"2025-07-27T21:00:45+00:00\" \/>\n<meta property=\"og:image\" content=\"https:\/\/compartilhabahia.com.br\/wp-content\/uploads\/2025\/07\/acaobraskem.jpg\" \/>\n\t<meta property=\"og:image:width\" content=\"960\" \/>\n\t<meta property=\"og:image:height\" content=\"720\" \/>\n\t<meta property=\"og:image:type\" content=\"image\/jpeg\" \/>\n<meta name=\"author\" content=\"admin\" \/>\n<meta name=\"twitter:card\" content=\"summary_large_image\" \/>\n<meta name=\"twitter:label1\" content=\"Escrito por\" \/>\n\t<meta name=\"twitter:data1\" content=\"admin\" \/>\n\t<meta name=\"twitter:label2\" content=\"Est. tempo de leitura\" \/>\n\t<meta name=\"twitter:data2\" content=\"4 minutos\" \/>\n<script type=\"application\/ld+json\" class=\"yoast-schema-graph\">{\"@context\":\"https:\/\/schema.org\",\"@graph\":[{\"@type\":\"Article\",\"@id\":\"https:\/\/compartilhabahia.com.br\/index.php\/2025\/07\/27\/voluntarios-da-braskem-se-mobilizam-em-salvador-para-doacao-de-sangue-e-cadastro-de-medula-ossea\/#article\",\"isPartOf\":{\"@id\":\"https:\/\/compartilhabahia.com.br\/index.php\/2025\/07\/27\/voluntarios-da-braskem-se-mobilizam-em-salvador-para-doacao-de-sangue-e-cadastro-de-medula-ossea\/\"},\"author\":{\"name\":\"admin\",\"@id\":\"https:\/\/compartilhabahia.com.br\/#\/schema\/person\/9b4f0c3178793b8248d6686732521c04\"},\"headline\":\"Volunt\u00e1rios da Braskem se mobilizam em Salvador para doa\u00e7\u00e3o de sangue e cadastro de medula \u00f3ssea\",\"datePublished\":\"2025-07-27T21:00:08+00:00\",\"dateModified\":\"2025-07-27T21:00:45+00:00\",\"mainEntityOfPage\":{\"@id\":\"https:\/\/compartilhabahia.com.br\/index.php\/2025\/07\/27\/voluntarios-da-braskem-se-mobilizam-em-salvador-para-doacao-de-sangue-e-cadastro-de-medula-ossea\/\"},\"wordCount\":610,\"commentCount\":0,\"publisher\":{\"@id\":\"https:\/\/compartilhabahia.com.br\/#organization\"},\"articleSection\":[\"Bahia\"],\"inLanguage\":\"pt-BR\",\"potentialAction\":[{\"@type\":\"CommentAction\",\"name\":\"Comment\",\"target\":[\"https:\/\/compartilhabahia.com.br\/index.php\/2025\/07\/27\/voluntarios-da-braskem-se-mobilizam-em-salvador-para-doacao-de-sangue-e-cadastro-de-medula-ossea\/#respond\"]}]},{\"@type\":\"WebPage\",\"@id\":\"https:\/\/compartilhabahia.com.br\/index.php\/2025\/07\/27\/voluntarios-da-braskem-se-mobilizam-em-salvador-para-doacao-de-sangue-e-cadastro-de-medula-ossea\/\",\"url\":\"https:\/\/compartilhabahia.com.br\/index.php\/2025\/07\/27\/voluntarios-da-braskem-se-mobilizam-em-salvador-para-doacao-de-sangue-e-cadastro-de-medula-ossea\/\",\"name\":\"Volunt\u00e1rios da Braskem se mobilizam em Salvador para doa\u00e7\u00e3o de sangue e cadastro de medula \u00f3ssea - Compartilha Bahia\",\"isPartOf\":{\"@id\":\"https:\/\/compartilhabahia.com.br\/#website\"},\"datePublished\":\"2025-07-27T21:00:08+00:00\",\"dateModified\":\"2025-07-27T21:00:45+00:00\",\"breadcrumb\":{\"@id\":\"https:\/\/compartilhabahia.com.br\/index.php\/2025\/07\/27\/voluntarios-da-braskem-se-mobilizam-em-salvador-para-doacao-de-sangue-e-cadastro-de-medula-ossea\/#breadcrumb\"},\"inLanguage\":\"pt-BR\",\"potentialAction\":[{\"@type\":\"ReadAction\",\"target\":[\"https:\/\/compartilhabahia.com.br\/index.php\/2025\/07\/27\/voluntarios-da-braskem-se-mobilizam-em-salvador-para-doacao-de-sangue-e-cadastro-de-medula-ossea\/\"]}]},{\"@type\":\"BreadcrumbList\",\"@id\":\"https:\/\/compartilhabahia.com.br\/index.php\/2025\/07\/27\/voluntarios-da-braskem-se-mobilizam-em-salvador-para-doacao-de-sangue-e-cadastro-de-medula-ossea\/#breadcrumb\",\"itemListElement\":[{\"@type\":\"ListItem\",\"position\":1,\"name\":\"In\u00edcio\",\"item\":\"https:\/\/compartilhabahia.com.br\/\"},{\"@type\":\"ListItem\",\"position\":2,\"name\":\"Volunt\u00e1rios da Braskem se mobilizam em Salvador para doa\u00e7\u00e3o de sangue e cadastro de medula \u00f3ssea\"}]},{\"@type\":\"WebSite\",\"@id\":\"https:\/\/compartilhabahia.com.br\/#website\",\"url\":\"https:\/\/compartilhabahia.com.br\/\",\"name\":\"Compartilha Bahia\",\"description\":\"\",\"publisher\":{\"@id\":\"https:\/\/compartilhabahia.com.br\/#organization\"},\"potentialAction\":[{\"@type\":\"SearchAction\",\"target\":{\"@type\":\"EntryPoint\",\"urlTemplate\":\"https:\/\/compartilhabahia.com.br\/?s={search_term_string}\"},\"query-input\":\"required name=search_term_string\"}],\"inLanguage\":\"pt-BR\"},{\"@type\":\"Organization\",\"@id\":\"https:\/\/compartilhabahia.com.br\/#organization\",\"name\":\"Compartilha Bahia\",\"url\":\"https:\/\/compartilhabahia.com.br\/\",\"logo\":{\"@type\":\"ImageObject\",\"inLanguage\":\"pt-BR\",\"@id\":\"https:\/\/compartilhabahia.com.br\/#\/schema\/logo\/image\/\",\"url\":\"https:\/\/compartilhabahia.com.br\/wp-content\/uploads\/2023\/12\/cropped-logo.png\",\"contentUrl\":\"https:\/\/compartilhabahia.com.br\/wp-content\/uploads\/2023\/12\/cropped-logo.png\",\"width\":300,\"height\":106,\"caption\":\"Compartilha Bahia\"},\"image\":{\"@id\":\"https:\/\/compartilhabahia.com.br\/#\/schema\/logo\/image\/\"},\"sameAs\":[\"https:\/\/web.facebook.com\/compartilhabahia\",\"https:\/\/www.instagram.com\/compartilhabahia\/\"]},{\"@type\":\"Person\",\"@id\":\"https:\/\/compartilhabahia.com.br\/#\/schema\/person\/9b4f0c3178793b8248d6686732521c04\",\"name\":\"admin\",\"image\":{\"@type\":\"ImageObject\",\"inLanguage\":\"pt-BR\",\"@id\":\"https:\/\/compartilhabahia.com.br\/#\/schema\/person\/image\/\",\"url\":\"https:\/\/secure.gravatar.com\/avatar\/9600df58751c5acbe914c538c03390ef649ea088cb65f84ba09c7ce66988eed6?s=96&d=mm&r=g\",\"contentUrl\":\"https:\/\/secure.gravatar.com\/avatar\/9600df58751c5acbe914c538c03390ef649ea088cb65f84ba09c7ce66988eed6?s=96&d=mm&r=g\",\"caption\":\"admin\"},\"sameAs\":[\"https:\/\/compartilhabahia.com.br\"],\"url\":\"https:\/\/compartilhabahia.com.br\/index.php\/author\/compartilhabahia\/\"}]}<\/script>\n<!-- \/ Yoast SEO plugin. -->","yoast_head_json":{"title":"Volunt\u00e1rios da Braskem se mobilizam em Salvador para doa\u00e7\u00e3o de sangue e cadastro de medula \u00f3ssea - Compartilha Bahia","robots":{"index":"index","follow":"follow","max-snippet":"max-snippet:-1","max-image-preview":"max-image-preview:large","max-video-preview":"max-video-preview:-1"},"canonical":"https:\/\/compartilhabahia.com.br\/index.php\/2025\/07\/27\/voluntarios-da-braskem-se-mobilizam-em-salvador-para-doacao-de-sangue-e-cadastro-de-medula-ossea\/","og_locale":"pt_BR","og_type":"article","og_title":"Volunt\u00e1rios da Braskem se mobilizam em Salvador para doa\u00e7\u00e3o de sangue e cadastro de medula \u00f3ssea - Compartilha Bahia","og_description":"Neste s\u00e1bado (26), a solidariedade ganhou destaque na sede da Funda\u00e7\u00e3o de Hematologia e Hemoterapia da Bahia (Hemoba), em Salvador. Cerca de 25 volunt\u00e1rios da Braskem participaram do&nbsp;Mutir\u00e3o Pela Vida, iniciativa promovida pelo setor de Sa\u00fade Ocupacional e pelo Programa de Voluntariado da empresa. A a\u00e7\u00e3o reuniu colaboradores, parceiros, familiares e amigos com o objetivo [&hellip;]","og_url":"https:\/\/compartilhabahia.com.br\/index.php\/2025\/07\/27\/voluntarios-da-braskem-se-mobilizam-em-salvador-para-doacao-de-sangue-e-cadastro-de-medula-ossea\/","og_site_name":"Compartilha Bahia","article_publisher":"https:\/\/web.facebook.com\/compartilhabahia","article_published_time":"2025-07-27T21:00:08+00:00","article_modified_time":"2025-07-27T21:00:45+00:00","og_image":[{"width":960,"height":720,"url":"https:\/\/compartilhabahia.com.br\/wp-content\/uploads\/2025\/07\/acaobraskem.jpg","type":"image\/jpeg"}],"author":"admin","twitter_card":"summary_large_image","twitter_misc":{"Escrito por":"admin","Est. tempo de leitura":"4 minutos"},"schema":{"@context":"https:\/\/schema.org","@graph":[{"@type":"Article","@id":"https:\/\/compartilhabahia.com.br\/index.php\/2025\/07\/27\/voluntarios-da-braskem-se-mobilizam-em-salvador-para-doacao-de-sangue-e-cadastro-de-medula-ossea\/#article","isPartOf":{"@id":"https:\/\/compartilhabahia.com.br\/index.php\/2025\/07\/27\/voluntarios-da-braskem-se-mobilizam-em-salvador-para-doacao-de-sangue-e-cadastro-de-medula-ossea\/"},"author":{"name":"admin","@id":"https:\/\/compartilhabahia.com.br\/#\/schema\/person\/9b4f0c3178793b8248d6686732521c04"},"headline":"Volunt\u00e1rios da Braskem se mobilizam em Salvador para doa\u00e7\u00e3o de sangue e cadastro de medula \u00f3ssea","datePublished":"2025-07-27T21:00:08+00:00","dateModified":"2025-07-27T21:00:45+00:00","mainEntityOfPage":{"@id":"https:\/\/compartilhabahia.com.br\/index.php\/2025\/07\/27\/voluntarios-da-braskem-se-mobilizam-em-salvador-para-doacao-de-sangue-e-cadastro-de-medula-ossea\/"},"wordCount":610,"commentCount":0,"publisher":{"@id":"https:\/\/compartilhabahia.com.br\/#organization"},"articleSection":["Bahia"],"inLanguage":"pt-BR","potentialAction":[{"@type":"CommentAction","name":"Comment","target":["https:\/\/compartilhabahia.com.br\/index.php\/2025\/07\/27\/voluntarios-da-braskem-se-mobilizam-em-salvador-para-doacao-de-sangue-e-cadastro-de-medula-ossea\/#respond"]}]},{"@type":"WebPage","@id":"https:\/\/compartilhabahia.com.br\/index.php\/2025\/07\/27\/voluntarios-da-braskem-se-mobilizam-em-salvador-para-doacao-de-sangue-e-cadastro-de-medula-ossea\/","url":"https:\/\/compartilhabahia.com.br\/index.php\/2025\/07\/27\/voluntarios-da-braskem-se-mobilizam-em-salvador-para-doacao-de-sangue-e-cadastro-de-medula-ossea\/","name":"Volunt\u00e1rios da Braskem se mobilizam em Salvador para doa\u00e7\u00e3o de sangue e cadastro de medula \u00f3ssea - Compartilha Bahia","isPartOf":{"@id":"https:\/\/compartilhabahia.com.br\/#website"},"datePublished":"2025-07-27T21:00:08+00:00","dateModified":"2025-07-27T21:00:45+00:00","breadcrumb":{"@id":"https:\/\/compartilhabahia.com.br\/index.php\/2025\/07\/27\/voluntarios-da-braskem-se-mobilizam-em-salvador-para-doacao-de-sangue-e-cadastro-de-medula-ossea\/#breadcrumb"},"inLanguage":"pt-BR","potentialAction":[{"@type":"ReadAction","target":["https:\/\/compartilhabahia.com.br\/index.php\/2025\/07\/27\/voluntarios-da-braskem-se-mobilizam-em-salvador-para-doacao-de-sangue-e-cadastro-de-medula-ossea\/"]}]},{"@type":"BreadcrumbList","@id":"https:\/\/compartilhabahia.com.br\/index.php\/2025\/07\/27\/voluntarios-da-braskem-se-mobilizam-em-salvador-para-doacao-de-sangue-e-cadastro-de-medula-ossea\/#breadcrumb","itemListElement":[{"@type":"ListItem","position":1,"name":"In\u00edcio","item":"https:\/\/compartilhabahia.com.br\/"},{"@type":"ListItem","position":2,"name":"Volunt\u00e1rios da Braskem se mobilizam em Salvador para doa\u00e7\u00e3o de sangue e cadastro de medula \u00f3ssea"}]},{"@type":"WebSite","@id":"https:\/\/compartilhabahia.com.br\/#website","url":"https:\/\/compartilhabahia.com.br\/","name":"Compartilha Bahia","description":"","publisher":{"@id":"https:\/\/compartilhabahia.com.br\/#organization"},"potentialAction":[{"@type":"SearchAction","target":{"@type":"EntryPoint","urlTemplate":"https:\/\/compartilhabahia.com.br\/?s={search_term_string}"},"query-input":"required name=search_term_string"}],"inLanguage":"pt-BR"},{"@type":"Organization","@id":"https:\/\/compartilhabahia.com.br\/#organization","name":"Compartilha Bahia","url":"https:\/\/compartilhabahia.com.br\/","logo":{"@type":"ImageObject","inLanguage":"pt-BR","@id":"https:\/\/compartilhabahia.com.br\/#\/schema\/logo\/image\/","url":"https:\/\/compartilhabahia.com.br\/wp-content\/uploads\/2023\/12\/cropped-logo.png","contentUrl":"https:\/\/compartilhabahia.com.br\/wp-content\/uploads\/2023\/12\/cropped-logo.png","width":300,"height":106,"caption":"Compartilha Bahia"},"image":{"@id":"https:\/\/compartilhabahia.com.br\/#\/schema\/logo\/image\/"},"sameAs":["https:\/\/web.facebook.com\/compartilhabahia","https:\/\/www.instagram.com\/compartilhabahia\/"]},{"@type":"Person","@id":"https:\/\/compartilhabahia.com.br\/#\/schema\/person\/9b4f0c3178793b8248d6686732521c04","name":"admin","image":{"@type":"ImageObject","inLanguage":"pt-BR","@id":"https:\/\/compartilhabahia.com.br\/#\/schema\/person\/image\/","url":"https:\/\/secure.gravatar.com\/avatar\/9600df58751c5acbe914c538c03390ef649ea088cb65f84ba09c7ce66988eed6?s=96&d=mm&r=g","contentUrl":"https:\/\/secure.gravatar.com\/avatar\/9600df58751c5acbe914c538c03390ef649ea088cb65f84ba09c7ce66988eed6?s=96&d=mm&r=g","caption":"admin"},"sameAs":["https:\/\/compartilhabahia.com.br"],"url":"https:\/\/compartilhabahia.com.br\/index.php\/author\/compartilhabahia\/"}]}},"_links":{"self":[{"href":"https:\/\/compartilhabahia.com.br\/index.php\/wp-json\/wp\/v2\/posts\/7371","targetHints":{"allow":["GET"]}}],"collection":[{"href":"https:\/\/compartilhabahia.com.br\/index.php\/wp-json\/wp\/v2\/posts"}],"about":[{"href":"https:\/\/compartilhabahia.com.br\/index.php\/wp-json\/wp\/v2\/types\/post"}],"author":[{"embeddable":true,"href":"https:\/\/compartilhabahia.com.br\/index.php\/wp-json\/wp\/v2\/users\/1"}],"replies":[{"embeddable":true,"href":"https:\/\/compartilhabahia.com.br\/index.php\/wp-json\/wp\/v2\/comments?post=7371"}],"version-history":[{"count":1,"href":"https:\/\/compartilhabahia.com.br\/index.php\/wp-json\/wp\/v2\/posts\/7371\/revisions"}],"predecessor-version":[{"id":7375,"href":"https:\/\/compartilhabahia.com.br\/index.php\/wp-json\/wp\/v2\/posts\/7371\/revisions\/7375"}],"wp:featuredmedia":[{"embeddable":true,"href":"https:\/\/compartilhabahia.com.br\/index.php\/wp-json\/wp\/v2\/media\/7374"}],"wp:attachment":[{"href":"https:\/\/compartilhabahia.com.br\/index.php\/wp-json\/wp\/v2\/media?parent=7371"}],"wp:term":[{"taxonomy":"category","embeddable":true,"href":"https:\/\/compartilhabahia.com.br\/index.php\/wp-json\/wp\/v2\/categories?post=7371"},{"taxonomy":"post_tag","embeddable":true,"href":"https:\/\/compartilhabahia.com.br\/index.php\/wp-json\/wp\/v2\/tags?post=7371"}],"curies":[{"name":"wp","href":"https:\/\/api.w.org\/{rel}","templated":true}]}}