{"id":7368,"date":"2025-07-27T17:51:43","date_gmt":"2025-07-27T20:51:43","guid":{"rendered":"https:\/\/compartilhabahia.com.br\/?p=7368"},"modified":"2025-07-27T17:51:47","modified_gmt":"2025-07-27T20:51:47","slug":"byd-realiza-acao-de-recrutamento-em-camacari-e-reforca-compromisso-com-a-geracao-de-empregos-na-bahia","status":"publish","type":"post","link":"https:\/\/compartilhabahia.com.br\/index.php\/2025\/07\/27\/byd-realiza-acao-de-recrutamento-em-camacari-e-reforca-compromisso-com-a-geracao-de-empregos-na-bahia\/","title":{"rendered":"BYD realiza a\u00e7\u00e3o de recrutamento em Cama\u00e7ari e refor\u00e7a compromisso com a gera\u00e7\u00e3o de empregos na Bahia"},"content":{"rendered":"\n<p>A BYD promoveu, nesta semana, uma importante a\u00e7\u00e3o de recrutamento em parceria com o Centro de Intermedia\u00e7\u00e3o e Apoio ao Trabalhador (CIAT) de Cama\u00e7ari e o SineBahia. Realizada na Casa do Trabalho, em Cama\u00e7ari, a iniciativa teve como objetivo acelerar as etapas iniciais do processo seletivo para a nova f\u00e1brica da empresa no munic\u00edpio.<\/p>\n\n\n\n<p>Durante dois dias de atendimento presencial \u2013 quarta-feira (24) e sexta-feira (26) \u2013 cerca de 850 candidatos foram acolhidos pela equipe da BYD, recebendo orienta\u00e7\u00f5es sobre os cargos dispon\u00edveis e as etapas do processo de sele\u00e7\u00e3o.<\/p>\n\n\n\n<p>\u201cCom esta iniciativa a BYD refor\u00e7a o seu compromisso com a gera\u00e7\u00e3o de emprego e renda na Bahia e com o desenvolvimento social do munic\u00edpio de Cama\u00e7ari\u201d, afirma Tyler Lie, presidente da BYD Auto do Brasil.<\/p>\n\n\n\n<p>Expectativas<br>&#8220;\u00c9 uma coisa que sempre gostei de fazer. Agora estou na expectativa de ocupar esse cargo na BYD, porque me sinto bem com esse tipo de trabalho e \u00e9 uma empresa multinacional bem conceituada. Espero ter uma carreira t\u00e3o longa quanto a que tive na Ford&#8221;, declarou Gerson Morais, 57 anos, que atuou na antiga montadora entre 2002 e 2021.<\/p>\n\n\n\n<p>Diarileine Xavier, 46 anos, moradora de Cama\u00e7ari, destacou a import\u00e2ncia da iniciativa para profissionais com mais de 40 anos. \u201cDepois dessa idade fica mais dif\u00edcil reingressar no mercado. Quando aparece uma oportunidade como essa, a gente se sente viva de novo. \u00c9 um sonho que pode, sim, acontecer\u201d, afirmou, esperan\u00e7osa por uma vaga como operadora de produ\u00e7\u00e3o.<\/p>\n\n\n\n<p>Das 3 mil vagas diretas anunciadas para a f\u00e1brica de Cama\u00e7ari, 508 j\u00e1 est\u00e3o dispon\u00edveis nas plataformas do SineBahia e do CIAT. A expectativa da empresa \u00e9 gerar, em plena opera\u00e7\u00e3o, at\u00e9 20 mil empregos diretos e indiretos no estado. Atualmente, a planta industrial em Cama\u00e7ari j\u00e1 conta com cerca de 1.000 colaboradores brasileiros.<\/p>\n\n\n\n<p>\u201cA gente est\u00e1 aqui para crescer junto com a empresa\u201d, afirmou Nathan Alexandre, de 20 anos, candidato \u00e0 vaga de operador de produ\u00e7\u00e3o e em busca do primeiro emprego. O mesmo entusiasmo \u00e9 compartilhado por Matheus Souza, que almeja uma carreira na \u00e1rea de log\u00edstica: \u201cEstou animado e esperan\u00e7oso. Sei que posso crescer junto com a empresa\u201d.<\/p>\n","protected":false},"excerpt":{"rendered":"<p>A BYD promoveu, nesta semana, uma importante a\u00e7\u00e3o de recrutamento em parceria com o Centro de Intermedia\u00e7\u00e3o e Apoio ao Trabalhador (CIAT) de Cama\u00e7ari e o SineBahia. Realizada na Casa do Trabalho, em Cama\u00e7ari, a iniciativa teve como objetivo acelerar as etapas iniciais do processo seletivo para a nova f\u00e1brica da empresa no munic\u00edpio. Durante [&hellip;]<\/p>\n","protected":false},"author":1,"featured_media":7369,"comment_status":"open","ping_status":"open","sticky":false,"template":"","format":"standard","meta":{"footnotes":""},"categories":[8],"tags":[],"class_list":["post-7368","post","type-post","status-publish","format-standard","has-post-thumbnail","hentry","category-camacari"],"yoast_head":"<!-- This site is optimized with the Yoast SEO plugin v21.7 - https:\/\/yoast.com\/wordpress\/plugins\/seo\/ -->\n<title>BYD realiza a\u00e7\u00e3o de recrutamento em Cama\u00e7ari e refor\u00e7a compromisso com a gera\u00e7\u00e3o de empregos na Bahia - Compartilha Bahia<\/title>\n<meta name=\"robots\" content=\"index, follow, max-snippet:-1, max-image-preview:large, max-video-preview:-1\" \/>\n<link rel=\"canonical\" href=\"https:\/\/compartilhabahia.com.br\/index.php\/2025\/07\/27\/byd-realiza-acao-de-recrutamento-em-camacari-e-reforca-compromisso-com-a-geracao-de-empregos-na-bahia\/\" \/>\n<meta property=\"og:locale\" content=\"pt_BR\" \/>\n<meta property=\"og:type\" content=\"article\" \/>\n<meta property=\"og:title\" content=\"BYD realiza a\u00e7\u00e3o de recrutamento em Cama\u00e7ari e refor\u00e7a compromisso com a gera\u00e7\u00e3o de empregos na Bahia - Compartilha Bahia\" \/>\n<meta property=\"og:description\" content=\"A BYD promoveu, nesta semana, uma importante a\u00e7\u00e3o de recrutamento em parceria com o Centro de Intermedia\u00e7\u00e3o e Apoio ao Trabalhador (CIAT) de Cama\u00e7ari e o SineBahia. Realizada na Casa do Trabalho, em Cama\u00e7ari, a iniciativa teve como objetivo acelerar as etapas iniciais do processo seletivo para a nova f\u00e1brica da empresa no munic\u00edpio. Durante [&hellip;]\" \/>\n<meta property=\"og:url\" content=\"https:\/\/compartilhabahia.com.br\/index.php\/2025\/07\/27\/byd-realiza-acao-de-recrutamento-em-camacari-e-reforca-compromisso-com-a-geracao-de-empregos-na-bahia\/\" \/>\n<meta property=\"og:site_name\" content=\"Compartilha Bahia\" \/>\n<meta property=\"article:publisher\" content=\"https:\/\/web.facebook.com\/compartilhabahia\" \/>\n<meta property=\"article:published_time\" content=\"2025-07-27T20:51:43+00:00\" \/>\n<meta property=\"article:modified_time\" content=\"2025-07-27T20:51:47+00:00\" \/>\n<meta property=\"og:image\" content=\"https:\/\/compartilhabahia.com.br\/wp-content\/uploads\/2025\/07\/bydrecruta.jpg\" \/>\n\t<meta property=\"og:image:width\" content=\"807\" \/>\n\t<meta property=\"og:image:height\" content=\"605\" \/>\n\t<meta property=\"og:image:type\" content=\"image\/jpeg\" \/>\n<meta name=\"author\" content=\"admin\" \/>\n<meta name=\"twitter:card\" content=\"summary_large_image\" \/>\n<meta name=\"twitter:label1\" content=\"Escrito por\" \/>\n\t<meta name=\"twitter:data1\" content=\"admin\" \/>\n\t<meta name=\"twitter:label2\" content=\"Est. tempo de leitura\" \/>\n\t<meta name=\"twitter:data2\" content=\"3 minutos\" \/>\n<script type=\"application\/ld+json\" class=\"yoast-schema-graph\">{\"@context\":\"https:\/\/schema.org\",\"@graph\":[{\"@type\":\"Article\",\"@id\":\"https:\/\/compartilhabahia.com.br\/index.php\/2025\/07\/27\/byd-realiza-acao-de-recrutamento-em-camacari-e-reforca-compromisso-com-a-geracao-de-empregos-na-bahia\/#article\",\"isPartOf\":{\"@id\":\"https:\/\/compartilhabahia.com.br\/index.php\/2025\/07\/27\/byd-realiza-acao-de-recrutamento-em-camacari-e-reforca-compromisso-com-a-geracao-de-empregos-na-bahia\/\"},\"author\":{\"name\":\"admin\",\"@id\":\"https:\/\/compartilhabahia.com.br\/#\/schema\/person\/9b4f0c3178793b8248d6686732521c04\"},\"headline\":\"BYD realiza a\u00e7\u00e3o de recrutamento em Cama\u00e7ari e refor\u00e7a compromisso com a gera\u00e7\u00e3o de empregos na Bahia\",\"datePublished\":\"2025-07-27T20:51:43+00:00\",\"dateModified\":\"2025-07-27T20:51:47+00:00\",\"mainEntityOfPage\":{\"@id\":\"https:\/\/compartilhabahia.com.br\/index.php\/2025\/07\/27\/byd-realiza-acao-de-recrutamento-em-camacari-e-reforca-compromisso-com-a-geracao-de-empregos-na-bahia\/\"},\"wordCount\":383,\"commentCount\":0,\"publisher\":{\"@id\":\"https:\/\/compartilhabahia.com.br\/#organization\"},\"articleSection\":[\"Cama\u00e7ari\"],\"inLanguage\":\"pt-BR\",\"potentialAction\":[{\"@type\":\"CommentAction\",\"name\":\"Comment\",\"target\":[\"https:\/\/compartilhabahia.com.br\/index.php\/2025\/07\/27\/byd-realiza-acao-de-recrutamento-em-camacari-e-reforca-compromisso-com-a-geracao-de-empregos-na-bahia\/#respond\"]}]},{\"@type\":\"WebPage\",\"@id\":\"https:\/\/compartilhabahia.com.br\/index.php\/2025\/07\/27\/byd-realiza-acao-de-recrutamento-em-camacari-e-reforca-compromisso-com-a-geracao-de-empregos-na-bahia\/\",\"url\":\"https:\/\/compartilhabahia.com.br\/index.php\/2025\/07\/27\/byd-realiza-acao-de-recrutamento-em-camacari-e-reforca-compromisso-com-a-geracao-de-empregos-na-bahia\/\",\"name\":\"BYD realiza a\u00e7\u00e3o de recrutamento em Cama\u00e7ari e refor\u00e7a compromisso com a gera\u00e7\u00e3o de empregos na Bahia - Compartilha Bahia\",\"isPartOf\":{\"@id\":\"https:\/\/compartilhabahia.com.br\/#website\"},\"datePublished\":\"2025-07-27T20:51:43+00:00\",\"dateModified\":\"2025-07-27T20:51:47+00:00\",\"breadcrumb\":{\"@id\":\"https:\/\/compartilhabahia.com.br\/index.php\/2025\/07\/27\/byd-realiza-acao-de-recrutamento-em-camacari-e-reforca-compromisso-com-a-geracao-de-empregos-na-bahia\/#breadcrumb\"},\"inLanguage\":\"pt-BR\",\"potentialAction\":[{\"@type\":\"ReadAction\",\"target\":[\"https:\/\/compartilhabahia.com.br\/index.php\/2025\/07\/27\/byd-realiza-acao-de-recrutamento-em-camacari-e-reforca-compromisso-com-a-geracao-de-empregos-na-bahia\/\"]}]},{\"@type\":\"BreadcrumbList\",\"@id\":\"https:\/\/compartilhabahia.com.br\/index.php\/2025\/07\/27\/byd-realiza-acao-de-recrutamento-em-camacari-e-reforca-compromisso-com-a-geracao-de-empregos-na-bahia\/#breadcrumb\",\"itemListElement\":[{\"@type\":\"ListItem\",\"position\":1,\"name\":\"In\u00edcio\",\"item\":\"https:\/\/compartilhabahia.com.br\/\"},{\"@type\":\"ListItem\",\"position\":2,\"name\":\"BYD realiza a\u00e7\u00e3o de recrutamento em Cama\u00e7ari e refor\u00e7a compromisso com a gera\u00e7\u00e3o de empregos na Bahia\"}]},{\"@type\":\"WebSite\",\"@id\":\"https:\/\/compartilhabahia.com.br\/#website\",\"url\":\"https:\/\/compartilhabahia.com.br\/\",\"name\":\"Compartilha Bahia\",\"description\":\"\",\"publisher\":{\"@id\":\"https:\/\/compartilhabahia.com.br\/#organization\"},\"potentialAction\":[{\"@type\":\"SearchAction\",\"target\":{\"@type\":\"EntryPoint\",\"urlTemplate\":\"https:\/\/compartilhabahia.com.br\/?s={search_term_string}\"},\"query-input\":\"required name=search_term_string\"}],\"inLanguage\":\"pt-BR\"},{\"@type\":\"Organization\",\"@id\":\"https:\/\/compartilhabahia.com.br\/#organization\",\"name\":\"Compartilha Bahia\",\"url\":\"https:\/\/compartilhabahia.com.br\/\",\"logo\":{\"@type\":\"ImageObject\",\"inLanguage\":\"pt-BR\",\"@id\":\"https:\/\/compartilhabahia.com.br\/#\/schema\/logo\/image\/\",\"url\":\"https:\/\/compartilhabahia.com.br\/wp-content\/uploads\/2023\/12\/cropped-logo.png\",\"contentUrl\":\"https:\/\/compartilhabahia.com.br\/wp-content\/uploads\/2023\/12\/cropped-logo.png\",\"width\":300,\"height\":106,\"caption\":\"Compartilha Bahia\"},\"image\":{\"@id\":\"https:\/\/compartilhabahia.com.br\/#\/schema\/logo\/image\/\"},\"sameAs\":[\"https:\/\/web.facebook.com\/compartilhabahia\",\"https:\/\/www.instagram.com\/compartilhabahia\/\"]},{\"@type\":\"Person\",\"@id\":\"https:\/\/compartilhabahia.com.br\/#\/schema\/person\/9b4f0c3178793b8248d6686732521c04\",\"name\":\"admin\",\"image\":{\"@type\":\"ImageObject\",\"inLanguage\":\"pt-BR\",\"@id\":\"https:\/\/compartilhabahia.com.br\/#\/schema\/person\/image\/\",\"url\":\"https:\/\/secure.gravatar.com\/avatar\/9600df58751c5acbe914c538c03390ef649ea088cb65f84ba09c7ce66988eed6?s=96&d=mm&r=g\",\"contentUrl\":\"https:\/\/secure.gravatar.com\/avatar\/9600df58751c5acbe914c538c03390ef649ea088cb65f84ba09c7ce66988eed6?s=96&d=mm&r=g\",\"caption\":\"admin\"},\"sameAs\":[\"https:\/\/compartilhabahia.com.br\"],\"url\":\"https:\/\/compartilhabahia.com.br\/index.php\/author\/compartilhabahia\/\"}]}<\/script>\n<!-- \/ Yoast SEO plugin. -->","yoast_head_json":{"title":"BYD realiza a\u00e7\u00e3o de recrutamento em Cama\u00e7ari e refor\u00e7a compromisso com a gera\u00e7\u00e3o de empregos na Bahia - Compartilha Bahia","robots":{"index":"index","follow":"follow","max-snippet":"max-snippet:-1","max-image-preview":"max-image-preview:large","max-video-preview":"max-video-preview:-1"},"canonical":"https:\/\/compartilhabahia.com.br\/index.php\/2025\/07\/27\/byd-realiza-acao-de-recrutamento-em-camacari-e-reforca-compromisso-com-a-geracao-de-empregos-na-bahia\/","og_locale":"pt_BR","og_type":"article","og_title":"BYD realiza a\u00e7\u00e3o de recrutamento em Cama\u00e7ari e refor\u00e7a compromisso com a gera\u00e7\u00e3o de empregos na Bahia - Compartilha Bahia","og_description":"A BYD promoveu, nesta semana, uma importante a\u00e7\u00e3o de recrutamento em parceria com o Centro de Intermedia\u00e7\u00e3o e Apoio ao Trabalhador (CIAT) de Cama\u00e7ari e o SineBahia. Realizada na Casa do Trabalho, em Cama\u00e7ari, a iniciativa teve como objetivo acelerar as etapas iniciais do processo seletivo para a nova f\u00e1brica da empresa no munic\u00edpio. Durante [&hellip;]","og_url":"https:\/\/compartilhabahia.com.br\/index.php\/2025\/07\/27\/byd-realiza-acao-de-recrutamento-em-camacari-e-reforca-compromisso-com-a-geracao-de-empregos-na-bahia\/","og_site_name":"Compartilha Bahia","article_publisher":"https:\/\/web.facebook.com\/compartilhabahia","article_published_time":"2025-07-27T20:51:43+00:00","article_modified_time":"2025-07-27T20:51:47+00:00","og_image":[{"width":807,"height":605,"url":"https:\/\/compartilhabahia.com.br\/wp-content\/uploads\/2025\/07\/bydrecruta.jpg","type":"image\/jpeg"}],"author":"admin","twitter_card":"summary_large_image","twitter_misc":{"Escrito por":"admin","Est. tempo de leitura":"3 minutos"},"schema":{"@context":"https:\/\/schema.org","@graph":[{"@type":"Article","@id":"https:\/\/compartilhabahia.com.br\/index.php\/2025\/07\/27\/byd-realiza-acao-de-recrutamento-em-camacari-e-reforca-compromisso-com-a-geracao-de-empregos-na-bahia\/#article","isPartOf":{"@id":"https:\/\/compartilhabahia.com.br\/index.php\/2025\/07\/27\/byd-realiza-acao-de-recrutamento-em-camacari-e-reforca-compromisso-com-a-geracao-de-empregos-na-bahia\/"},"author":{"name":"admin","@id":"https:\/\/compartilhabahia.com.br\/#\/schema\/person\/9b4f0c3178793b8248d6686732521c04"},"headline":"BYD realiza a\u00e7\u00e3o de recrutamento em Cama\u00e7ari e refor\u00e7a compromisso com a gera\u00e7\u00e3o de empregos na Bahia","datePublished":"2025-07-27T20:51:43+00:00","dateModified":"2025-07-27T20:51:47+00:00","mainEntityOfPage":{"@id":"https:\/\/compartilhabahia.com.br\/index.php\/2025\/07\/27\/byd-realiza-acao-de-recrutamento-em-camacari-e-reforca-compromisso-com-a-geracao-de-empregos-na-bahia\/"},"wordCount":383,"commentCount":0,"publisher":{"@id":"https:\/\/compartilhabahia.com.br\/#organization"},"articleSection":["Cama\u00e7ari"],"inLanguage":"pt-BR","potentialAction":[{"@type":"CommentAction","name":"Comment","target":["https:\/\/compartilhabahia.com.br\/index.php\/2025\/07\/27\/byd-realiza-acao-de-recrutamento-em-camacari-e-reforca-compromisso-com-a-geracao-de-empregos-na-bahia\/#respond"]}]},{"@type":"WebPage","@id":"https:\/\/compartilhabahia.com.br\/index.php\/2025\/07\/27\/byd-realiza-acao-de-recrutamento-em-camacari-e-reforca-compromisso-com-a-geracao-de-empregos-na-bahia\/","url":"https:\/\/compartilhabahia.com.br\/index.php\/2025\/07\/27\/byd-realiza-acao-de-recrutamento-em-camacari-e-reforca-compromisso-com-a-geracao-de-empregos-na-bahia\/","name":"BYD realiza a\u00e7\u00e3o de recrutamento em Cama\u00e7ari e refor\u00e7a compromisso com a gera\u00e7\u00e3o de empregos na Bahia - Compartilha Bahia","isPartOf":{"@id":"https:\/\/compartilhabahia.com.br\/#website"},"datePublished":"2025-07-27T20:51:43+00:00","dateModified":"2025-07-27T20:51:47+00:00","breadcrumb":{"@id":"https:\/\/compartilhabahia.com.br\/index.php\/2025\/07\/27\/byd-realiza-acao-de-recrutamento-em-camacari-e-reforca-compromisso-com-a-geracao-de-empregos-na-bahia\/#breadcrumb"},"inLanguage":"pt-BR","potentialAction":[{"@type":"ReadAction","target":["https:\/\/compartilhabahia.com.br\/index.php\/2025\/07\/27\/byd-realiza-acao-de-recrutamento-em-camacari-e-reforca-compromisso-com-a-geracao-de-empregos-na-bahia\/"]}]},{"@type":"BreadcrumbList","@id":"https:\/\/compartilhabahia.com.br\/index.php\/2025\/07\/27\/byd-realiza-acao-de-recrutamento-em-camacari-e-reforca-compromisso-com-a-geracao-de-empregos-na-bahia\/#breadcrumb","itemListElement":[{"@type":"ListItem","position":1,"name":"In\u00edcio","item":"https:\/\/compartilhabahia.com.br\/"},{"@type":"ListItem","position":2,"name":"BYD realiza a\u00e7\u00e3o de recrutamento em Cama\u00e7ari e refor\u00e7a compromisso com a gera\u00e7\u00e3o de empregos na Bahia"}]},{"@type":"WebSite","@id":"https:\/\/compartilhabahia.com.br\/#website","url":"https:\/\/compartilhabahia.com.br\/","name":"Compartilha Bahia","description":"","publisher":{"@id":"https:\/\/compartilhabahia.com.br\/#organization"},"potentialAction":[{"@type":"SearchAction","target":{"@type":"EntryPoint","urlTemplate":"https:\/\/compartilhabahia.com.br\/?s={search_term_string}"},"query-input":"required name=search_term_string"}],"inLanguage":"pt-BR"},{"@type":"Organization","@id":"https:\/\/compartilhabahia.com.br\/#organization","name":"Compartilha Bahia","url":"https:\/\/compartilhabahia.com.br\/","logo":{"@type":"ImageObject","inLanguage":"pt-BR","@id":"https:\/\/compartilhabahia.com.br\/#\/schema\/logo\/image\/","url":"https:\/\/compartilhabahia.com.br\/wp-content\/uploads\/2023\/12\/cropped-logo.png","contentUrl":"https:\/\/compartilhabahia.com.br\/wp-content\/uploads\/2023\/12\/cropped-logo.png","width":300,"height":106,"caption":"Compartilha Bahia"},"image":{"@id":"https:\/\/compartilhabahia.com.br\/#\/schema\/logo\/image\/"},"sameAs":["https:\/\/web.facebook.com\/compartilhabahia","https:\/\/www.instagram.com\/compartilhabahia\/"]},{"@type":"Person","@id":"https:\/\/compartilhabahia.com.br\/#\/schema\/person\/9b4f0c3178793b8248d6686732521c04","name":"admin","image":{"@type":"ImageObject","inLanguage":"pt-BR","@id":"https:\/\/compartilhabahia.com.br\/#\/schema\/person\/image\/","url":"https:\/\/secure.gravatar.com\/avatar\/9600df58751c5acbe914c538c03390ef649ea088cb65f84ba09c7ce66988eed6?s=96&d=mm&r=g","contentUrl":"https:\/\/secure.gravatar.com\/avatar\/9600df58751c5acbe914c538c03390ef649ea088cb65f84ba09c7ce66988eed6?s=96&d=mm&r=g","caption":"admin"},"sameAs":["https:\/\/compartilhabahia.com.br"],"url":"https:\/\/compartilhabahia.com.br\/index.php\/author\/compartilhabahia\/"}]}},"_links":{"self":[{"href":"https:\/\/compartilhabahia.com.br\/index.php\/wp-json\/wp\/v2\/posts\/7368","targetHints":{"allow":["GET"]}}],"collection":[{"href":"https:\/\/compartilhabahia.com.br\/index.php\/wp-json\/wp\/v2\/posts"}],"about":[{"href":"https:\/\/compartilhabahia.com.br\/index.php\/wp-json\/wp\/v2\/types\/post"}],"author":[{"embeddable":true,"href":"https:\/\/compartilhabahia.com.br\/index.php\/wp-json\/wp\/v2\/users\/1"}],"replies":[{"embeddable":true,"href":"https:\/\/compartilhabahia.com.br\/index.php\/wp-json\/wp\/v2\/comments?post=7368"}],"version-history":[{"count":1,"href":"https:\/\/compartilhabahia.com.br\/index.php\/wp-json\/wp\/v2\/posts\/7368\/revisions"}],"predecessor-version":[{"id":7370,"href":"https:\/\/compartilhabahia.com.br\/index.php\/wp-json\/wp\/v2\/posts\/7368\/revisions\/7370"}],"wp:featuredmedia":[{"embeddable":true,"href":"https:\/\/compartilhabahia.com.br\/index.php\/wp-json\/wp\/v2\/media\/7369"}],"wp:attachment":[{"href":"https:\/\/compartilhabahia.com.br\/index.php\/wp-json\/wp\/v2\/media?parent=7368"}],"wp:term":[{"taxonomy":"category","embeddable":true,"href":"https:\/\/compartilhabahia.com.br\/index.php\/wp-json\/wp\/v2\/categories?post=7368"},{"taxonomy":"post_tag","embeddable":true,"href":"https:\/\/compartilhabahia.com.br\/index.php\/wp-json\/wp\/v2\/tags?post=7368"}],"curies":[{"name":"wp","href":"https:\/\/api.w.org\/{rel}","templated":true}]}}