{"id":7343,"date":"2025-07-26T12:32:11","date_gmt":"2025-07-26T15:32:11","guid":{"rendered":"https:\/\/compartilhabahia.com.br\/?p=7343"},"modified":"2025-07-26T13:00:33","modified_gmt":"2025-07-26T16:00:33","slug":"secretaria-de-governo-apoia-conferencia-das-mulheres-que-teve-edicao-historica-esse-ano","status":"publish","type":"post","link":"https:\/\/compartilhabahia.com.br\/index.php\/2025\/07\/26\/secretaria-de-governo-apoia-conferencia-das-mulheres-que-teve-edicao-historica-esse-ano\/","title":{"rendered":"Secretaria de governo apoia confer\u00eancia de politicas p\u00fablicas para as mulheres que teve edi\u00e7\u00e3o hist\u00f3rica esse ano"},"content":{"rendered":"\n<p>A secretaria Municipal de Governo (SEGOV), em conjunto com outras pastas da Prefeitura de Cama\u00e7ari (BA), apoiou a Secretaria Municipal da Mulher (SEMU), na realiza\u00e7\u00e3o da 3\u00aa Confer\u00eancia Municipal de Pol\u00edticas para as Mulheres, que este ano teve uma edi\u00e7\u00e3o hist\u00f3rica com mais de 500 participantes nesta sexta-feira (25) no audit\u00f3rio da UNIFAMEC. A secret\u00e1ria de governo Ednalva Santana participou da abertura do evento que contou com mulheres brilhantes da sociedade cama\u00e7ariense. Na oportunidade a secret\u00e1ria da mulher Branca Patr\u00edcia, pela condu\u00e7\u00e3o da SEMU e devido ao sucesso do encontro, foi bastante elogiada  por todos, pelo prefeito Caetano (PT) e pela deputada federal Ivoneide Caetano, uma das conferencistas.<\/p>\n\n\n\n<p><strong>3\u00aa Confer\u00eancia Municipal de Pol\u00edticas para as Mulheres amplia debate sobre direitos, autonomia e respeito<\/strong><\/p>\n\n\n\n<p>As vozes plurais e resistentes de mais de 500 mulheres ecoaram no audit\u00f3rio da Unifamec na tarde desta sexta-feira (25), atrav\u00e9s da 3\u00aa Confer\u00eancia Municipal de Pol\u00edticas para as Mulheres Tereza de Benguela. O encontro, promovido pela Secretaria da Mulher de Cama\u00e7ari (Semu), reuniu representantes do poder p\u00fablico, movimentos sociais, coletivos e da sociedade civil para importantes rodas de di\u00e1logo e constru\u00e7\u00e3o coletiva de propostas voltadas \u00e0s cidad\u00e3s cama\u00e7arienses.<\/p>\n\n\n\n<figure class=\"wp-block-image size-large is-resized\"><img loading=\"lazy\" decoding=\"async\" width=\"1024\" height=\"682\" src=\"https:\/\/compartilhabahia.com.br\/wp-content\/uploads\/2025\/07\/WhatsApp-Image-2025-07-26-at-10.43.36-1024x682.jpeg\" alt=\"\" class=\"wp-image-7345\" style=\"width:520px;height:auto\" srcset=\"https:\/\/compartilhabahia.com.br\/wp-content\/uploads\/2025\/07\/WhatsApp-Image-2025-07-26-at-10.43.36-1024x682.jpeg 1024w, https:\/\/compartilhabahia.com.br\/wp-content\/uploads\/2025\/07\/WhatsApp-Image-2025-07-26-at-10.43.36-300x200.jpeg 300w, https:\/\/compartilhabahia.com.br\/wp-content\/uploads\/2025\/07\/WhatsApp-Image-2025-07-26-at-10.43.36-768x512.jpeg 768w, https:\/\/compartilhabahia.com.br\/wp-content\/uploads\/2025\/07\/WhatsApp-Image-2025-07-26-at-10.43.36-1536x1023.jpeg 1536w, https:\/\/compartilhabahia.com.br\/wp-content\/uploads\/2025\/07\/WhatsApp-Image-2025-07-26-at-10.43.36-1200x800.jpeg 1200w, https:\/\/compartilhabahia.com.br\/wp-content\/uploads\/2025\/07\/WhatsApp-Image-2025-07-26-at-10.43.36.jpeg 1600w\" sizes=\"auto, (max-width: 1024px) 100vw, 1024px\" \/><\/figure>\n\n\n\n<p>(foto) <em>Branca Patr\u00edcia secret\u00e1ria da Mulher de Cama\u00e7ari, foi bastante elogiada pela condu\u00e7\u00e3o da SEMU e pelo sucesso da confer\u00eancia<\/em><\/p>\n\n\n\n<p>Tendo como base o tema &#8220;Mulheres protagonizando sua hist\u00f3ria: Democracia, Respeito Dignidade e Autonomia&#8221;, a confer\u00eancia tamb\u00e9m abordou eixos tem\u00e1ticos com foco na Igualdade no Mundo do Trabalho e Autonomia Econ\u00f4mica; Educa\u00e7\u00e3o para Equidade e Valoriza\u00e7\u00e3o da Diversidade; Enfrentamento a Todas as Formas de Viol\u00eancia Contra a Mulher; Sa\u00fade Integral das Mulheres e Garantia de Direitos; Participa\u00e7\u00e3o das Mulheres nos Espa\u00e7os de Decis\u00e3o e Poder; e Democratiza\u00e7\u00e3o da Comunica\u00e7\u00e3o e Acesso \u00e0 Cultura.<\/p>\n\n\n\n<p>\u201cTemos que apoiar as mulheres solo, as mulheres pretas, as mulheres da periferia, as mulheres da favela, todas as mulheres. Uma cidade justa e igualit\u00e1ria s\u00f3 \u00e9 poss\u00edvel quando as mulheres ocupam os espa\u00e7os de decis\u00e3o\u201d, enfatizou o prefeito Luiz Caetano.<\/p>\n\n\n\n<p>Branca Patr\u00edcia, secret\u00e1ria da Mulher, enfatizou que a confer\u00eancia \u00e9 um marco para o munic\u00edpio. \u201cIniciamos aqui uma grande hist\u00f3ria, que com certeza vai transformar Cama\u00e7ari em uma cidade protetora, acolhedora e conectada com as nossas mulheres. Cama\u00e7ari sai na frente sendo refer\u00eancia nas confer\u00eancias a n\u00edvel estadual\u201d, disse.<\/p>\n\n\n\n<p>A delegada titular da Delegacia Especial de Atendimento \u00e0 Mulher (Deam), Maria Tereza Santos, falou sobre a luta contra o feminic\u00eddio no pa\u00eds em que a cada seis horas uma mulher \u00e9 v\u00edtima de feminic\u00eddio. \u201cOs dados apontam que mulheres negras s\u00e3o a maioria. Mas diariamente, mulheres negras, brancas, formadas, m\u00e9dicas, ju\u00edzas, limpadoras de rua, e tantas outras, s\u00e3o v\u00edtimas de viol\u00eancia dom\u00e9stica. Nosso desafio \u00e9 n\u00e3o deixar que chegue ao feminic\u00eddio. As portas da Deam est\u00e3o abertas e pe\u00e7o que as mulheres n\u00e3o se calem. O 190 est\u00e1 ativo e cumprindo fielmente seu papel de acolher e cuidar das mulheres\u201d, alertou.<\/p>\n\n\n\n<figure class=\"wp-block-image size-large is-resized\"><img loading=\"lazy\" decoding=\"async\" width=\"1024\" height=\"682\" src=\"https:\/\/compartilhabahia.com.br\/wp-content\/uploads\/2025\/07\/WhatsApp-Image-2025-07-26-at-10.43.33-1024x682.jpeg\" alt=\"\" class=\"wp-image-7349\" style=\"width:574px;height:auto\" srcset=\"https:\/\/compartilhabahia.com.br\/wp-content\/uploads\/2025\/07\/WhatsApp-Image-2025-07-26-at-10.43.33-1024x682.jpeg 1024w, https:\/\/compartilhabahia.com.br\/wp-content\/uploads\/2025\/07\/WhatsApp-Image-2025-07-26-at-10.43.33-300x200.jpeg 300w, https:\/\/compartilhabahia.com.br\/wp-content\/uploads\/2025\/07\/WhatsApp-Image-2025-07-26-at-10.43.33-768x512.jpeg 768w, https:\/\/compartilhabahia.com.br\/wp-content\/uploads\/2025\/07\/WhatsApp-Image-2025-07-26-at-10.43.33-1536x1023.jpeg 1536w, https:\/\/compartilhabahia.com.br\/wp-content\/uploads\/2025\/07\/WhatsApp-Image-2025-07-26-at-10.43.33-1200x800.jpeg 1200w, https:\/\/compartilhabahia.com.br\/wp-content\/uploads\/2025\/07\/WhatsApp-Image-2025-07-26-at-10.43.33.jpeg 1600w\" sizes=\"auto, (max-width: 1024px) 100vw, 1024px\" \/><\/figure>\n\n\n\n<p>Abordando o espa\u00e7o da mulher na pol\u00edtica, a vice-prefeita, Pastora D\u00e9a Santos, demarcou os desafios. \u201cMuitas vezes a gente mulher, e principalmente mulher preta, tem que estar provando o tempo todo que somos capazes, porque s\u00f3 o cargo n\u00e3o serve se voc\u00ea n\u00e3o tiver postura e souber quem voc\u00ea \u00e9, enquanto mulher e mulher preta. A mulher \u00e9, muitas vezes, descredibilizada s\u00f3 por ser mulher. Vamos ampliar mais pol\u00edticas p\u00fablicas de equidade e qualifica\u00e7\u00e3o profissional para a mulher\u201d, afirmou.<\/p>\n\n\n\n<figure class=\"wp-block-image size-large is-resized\"><img loading=\"lazy\" decoding=\"async\" width=\"1024\" height=\"682\" src=\"https:\/\/compartilhabahia.com.br\/wp-content\/uploads\/2025\/07\/WhatsApp-Image-2025-07-26-at-10.43.30-1-1024x682.jpeg\" alt=\"\" class=\"wp-image-7351\" style=\"width:632px;height:auto\" srcset=\"https:\/\/compartilhabahia.com.br\/wp-content\/uploads\/2025\/07\/WhatsApp-Image-2025-07-26-at-10.43.30-1-1024x682.jpeg 1024w, https:\/\/compartilhabahia.com.br\/wp-content\/uploads\/2025\/07\/WhatsApp-Image-2025-07-26-at-10.43.30-1-300x200.jpeg 300w, https:\/\/compartilhabahia.com.br\/wp-content\/uploads\/2025\/07\/WhatsApp-Image-2025-07-26-at-10.43.30-1-768x512.jpeg 768w, https:\/\/compartilhabahia.com.br\/wp-content\/uploads\/2025\/07\/WhatsApp-Image-2025-07-26-at-10.43.30-1-1536x1023.jpeg 1536w, https:\/\/compartilhabahia.com.br\/wp-content\/uploads\/2025\/07\/WhatsApp-Image-2025-07-26-at-10.43.30-1-1200x800.jpeg 1200w, https:\/\/compartilhabahia.com.br\/wp-content\/uploads\/2025\/07\/WhatsApp-Image-2025-07-26-at-10.43.30-1.jpeg 1600w\" sizes=\"auto, (max-width: 1024px) 100vw, 1024px\" \/><\/figure>\n\n\n\n<p>A diversidade na identidade da mulher cama\u00e7ariense tamb\u00e9m foi destaque. Na cidade, que tem origem tupi-guarani, foi posto em pauta melhorias para a comunidade ind\u00edgena que vive na regi\u00e3o. \u201cN\u00f3s, mulheres ind\u00edgenas, celebramos essa visibilidade. Conseguimos levar, dentro do nosso eixo, a pauta da economia solid\u00e1ria, fonte de renda para muitas mulheres, a maioria chefe de fam\u00edlia\u201d, pontuou a cacica Renata Silva, da Aldeia Tupinamb\u00e1 Divino Esp\u00edrito Santo, em Abrantes.<\/p>\n\n\n\n<figure class=\"wp-block-image size-large is-resized\"><img loading=\"lazy\" decoding=\"async\" width=\"1024\" height=\"682\" src=\"https:\/\/compartilhabahia.com.br\/wp-content\/uploads\/2025\/07\/WhatsApp-Image-2025-07-26-at-10.43.31-1024x682.jpeg\" alt=\"\" class=\"wp-image-7354\" style=\"width:574px;height:auto\" srcset=\"https:\/\/compartilhabahia.com.br\/wp-content\/uploads\/2025\/07\/WhatsApp-Image-2025-07-26-at-10.43.31-1024x682.jpeg 1024w, https:\/\/compartilhabahia.com.br\/wp-content\/uploads\/2025\/07\/WhatsApp-Image-2025-07-26-at-10.43.31-300x200.jpeg 300w, https:\/\/compartilhabahia.com.br\/wp-content\/uploads\/2025\/07\/WhatsApp-Image-2025-07-26-at-10.43.31-768x512.jpeg 768w, https:\/\/compartilhabahia.com.br\/wp-content\/uploads\/2025\/07\/WhatsApp-Image-2025-07-26-at-10.43.31-1536x1023.jpeg 1536w, https:\/\/compartilhabahia.com.br\/wp-content\/uploads\/2025\/07\/WhatsApp-Image-2025-07-26-at-10.43.31-1200x800.jpeg 1200w, https:\/\/compartilhabahia.com.br\/wp-content\/uploads\/2025\/07\/WhatsApp-Image-2025-07-26-at-10.43.31.jpeg 1600w\" sizes=\"auto, (max-width: 1024px) 100vw, 1024px\" \/><\/figure>\n\n\n\n<p>A participa\u00e7\u00e3o na confer\u00eancia \u00e9 aberta para representantes de institui\u00e7\u00f5es p\u00fablicas e privadas, movimentos sociais, universidades, conselhos de direitos, al\u00e9m de integrantes dos poderes Executivo, Legislativo e Judici\u00e1rio. Ao longo da programa\u00e7\u00e3o, o p\u00fablico participou de apresenta\u00e7\u00f5es culturais, palestras e da leitura do Regimento\/Divis\u00e3o dos GTs (Grupos Tem\u00e1ticos).<\/p>\n\n\n\n<figure class=\"wp-block-image size-large is-resized\"><img loading=\"lazy\" decoding=\"async\" width=\"1024\" height=\"682\" src=\"https:\/\/compartilhabahia.com.br\/wp-content\/uploads\/2025\/07\/WhatsApp-Image-2025-07-26-at-10.43.35-1-1024x682.jpeg\" alt=\"\" class=\"wp-image-7350\" style=\"width:544px;height:auto\" srcset=\"https:\/\/compartilhabahia.com.br\/wp-content\/uploads\/2025\/07\/WhatsApp-Image-2025-07-26-at-10.43.35-1-1024x682.jpeg 1024w, https:\/\/compartilhabahia.com.br\/wp-content\/uploads\/2025\/07\/WhatsApp-Image-2025-07-26-at-10.43.35-1-300x200.jpeg 300w, https:\/\/compartilhabahia.com.br\/wp-content\/uploads\/2025\/07\/WhatsApp-Image-2025-07-26-at-10.43.35-1-768x512.jpeg 768w, https:\/\/compartilhabahia.com.br\/wp-content\/uploads\/2025\/07\/WhatsApp-Image-2025-07-26-at-10.43.35-1-1536x1023.jpeg 1536w, https:\/\/compartilhabahia.com.br\/wp-content\/uploads\/2025\/07\/WhatsApp-Image-2025-07-26-at-10.43.35-1-1200x800.jpeg 1200w, https:\/\/compartilhabahia.com.br\/wp-content\/uploads\/2025\/07\/WhatsApp-Image-2025-07-26-at-10.43.35-1.jpeg 1600w\" sizes=\"auto, (max-width: 1024px) 100vw, 1024px\" \/><\/figure>\n\n\n\n<p>Daniela Ara\u00fajo, assessora especial da Secretaria de Pol\u00edticas para as Mulheres do Estado (SPM), ministrou a palestra tema da confer\u00eancia. \u201cEstamos aqui hoje e sempre para reafirmar que somos capazes de fazer aquilo que a gente \u00e9 capaz de imaginar. Eu desejo fortemente que todas n\u00f3s possamos imaginar um futuro livre, de emancipa\u00e7\u00e3o, com mais direitos, liberdade e dignidade para todas n\u00f3s\u201d, encorajou.<\/p>\n\n\n\n<figure class=\"wp-block-image size-large is-resized\"><img loading=\"lazy\" decoding=\"async\" width=\"1024\" height=\"682\" src=\"https:\/\/compartilhabahia.com.br\/wp-content\/uploads\/2025\/07\/WhatsApp-Image-2025-07-26-at-10.43.32-1024x682.jpeg\" alt=\"\" class=\"wp-image-7352\" style=\"width:630px;height:auto\" srcset=\"https:\/\/compartilhabahia.com.br\/wp-content\/uploads\/2025\/07\/WhatsApp-Image-2025-07-26-at-10.43.32-1024x682.jpeg 1024w, https:\/\/compartilhabahia.com.br\/wp-content\/uploads\/2025\/07\/WhatsApp-Image-2025-07-26-at-10.43.32-300x200.jpeg 300w, https:\/\/compartilhabahia.com.br\/wp-content\/uploads\/2025\/07\/WhatsApp-Image-2025-07-26-at-10.43.32-768x512.jpeg 768w, https:\/\/compartilhabahia.com.br\/wp-content\/uploads\/2025\/07\/WhatsApp-Image-2025-07-26-at-10.43.32-1536x1023.jpeg 1536w, https:\/\/compartilhabahia.com.br\/wp-content\/uploads\/2025\/07\/WhatsApp-Image-2025-07-26-at-10.43.32-1200x800.jpeg 1200w, https:\/\/compartilhabahia.com.br\/wp-content\/uploads\/2025\/07\/WhatsApp-Image-2025-07-26-at-10.43.32.jpeg 1600w\" sizes=\"auto, (max-width: 1024px) 100vw, 1024px\" \/><\/figure>\n\n\n\n<p>Ap\u00f3s a sistematiza\u00e7\u00e3o e aprova\u00e7\u00e3o das propostas apresentadas por cada grupo, houve a plen\u00e1ria final e a elei\u00e7\u00e3o que escolheu representantes de Cama\u00e7ari para atuar nas Confer\u00eancias Territorial e posteriormente Estadual de Pol\u00edticas para Mulheres. Das 500 inscritas, 35 mulheres foram eleitas, respeitando as regras de porcentagem adotadas pelo regimento.<\/p>\n\n\n\n<figure class=\"wp-block-image size-large is-resized\"><img loading=\"lazy\" decoding=\"async\" width=\"1024\" height=\"682\" src=\"https:\/\/compartilhabahia.com.br\/wp-content\/uploads\/2025\/07\/WhatsApp-Image-2025-07-26-at-10.43.39-1024x682.jpeg\" alt=\"\" class=\"wp-image-7353\" style=\"width:653px;height:auto\" srcset=\"https:\/\/compartilhabahia.com.br\/wp-content\/uploads\/2025\/07\/WhatsApp-Image-2025-07-26-at-10.43.39-1024x682.jpeg 1024w, https:\/\/compartilhabahia.com.br\/wp-content\/uploads\/2025\/07\/WhatsApp-Image-2025-07-26-at-10.43.39-300x200.jpeg 300w, https:\/\/compartilhabahia.com.br\/wp-content\/uploads\/2025\/07\/WhatsApp-Image-2025-07-26-at-10.43.39-768x512.jpeg 768w, https:\/\/compartilhabahia.com.br\/wp-content\/uploads\/2025\/07\/WhatsApp-Image-2025-07-26-at-10.43.39-1536x1023.jpeg 1536w, https:\/\/compartilhabahia.com.br\/wp-content\/uploads\/2025\/07\/WhatsApp-Image-2025-07-26-at-10.43.39-1200x800.jpeg 1200w, https:\/\/compartilhabahia.com.br\/wp-content\/uploads\/2025\/07\/WhatsApp-Image-2025-07-26-at-10.43.39.jpeg 1600w\" sizes=\"auto, (max-width: 1024px) 100vw, 1024px\" \/><\/figure>\n\n\n\n<p>A confer\u00eancia consolidou todas as proposi\u00e7\u00f5es debatidas ao longo dos tr\u00eas encontros de escuta que marcaram as pr\u00e9-confer\u00eancias em Vila de Abrantes, no Teatro Alberto Martins (TAM) e no distrito de Parafuso. Todas as ideias foram integradas em um \u00fanico documento, que servir\u00e1 de base para formula\u00e7\u00e3o de pol\u00edticas p\u00fablicas direcionadas \u00e0s mulheres cama\u00e7arienses.<\/p>\n\n\n\n<figure class=\"wp-block-image size-large is-resized\"><img loading=\"lazy\" decoding=\"async\" width=\"1024\" height=\"682\" src=\"https:\/\/compartilhabahia.com.br\/wp-content\/uploads\/2025\/07\/WhatsApp-Image-2025-07-26-at-10.43.30-1024x682.jpeg\" alt=\"\" class=\"wp-image-7355\" style=\"width:635px;height:auto\" srcset=\"https:\/\/compartilhabahia.com.br\/wp-content\/uploads\/2025\/07\/WhatsApp-Image-2025-07-26-at-10.43.30-1024x682.jpeg 1024w, https:\/\/compartilhabahia.com.br\/wp-content\/uploads\/2025\/07\/WhatsApp-Image-2025-07-26-at-10.43.30-300x200.jpeg 300w, https:\/\/compartilhabahia.com.br\/wp-content\/uploads\/2025\/07\/WhatsApp-Image-2025-07-26-at-10.43.30-768x512.jpeg 768w, https:\/\/compartilhabahia.com.br\/wp-content\/uploads\/2025\/07\/WhatsApp-Image-2025-07-26-at-10.43.30-1536x1023.jpeg 1536w, https:\/\/compartilhabahia.com.br\/wp-content\/uploads\/2025\/07\/WhatsApp-Image-2025-07-26-at-10.43.30-1200x800.jpeg 1200w, https:\/\/compartilhabahia.com.br\/wp-content\/uploads\/2025\/07\/WhatsApp-Image-2025-07-26-at-10.43.30.jpeg 1600w\" sizes=\"auto, (max-width: 1024px) 100vw, 1024px\" \/><\/figure>\n\n\n\n<p>Foto: Patrick Abreu<\/p>\n","protected":false},"excerpt":{"rendered":"<p>A secretaria Municipal de Governo (SEGOV), em conjunto com outras pastas da Prefeitura de Cama\u00e7ari (BA), apoiou a Secretaria Municipal da Mulher (SEMU), na realiza\u00e7\u00e3o da 3\u00aa Confer\u00eancia Municipal de Pol\u00edticas para as Mulheres, que este ano teve uma edi\u00e7\u00e3o hist\u00f3rica com mais de 500 participantes nesta sexta-feira (25) no audit\u00f3rio da UNIFAMEC. A secret\u00e1ria [&hellip;]<\/p>\n","protected":false},"author":1,"featured_media":7344,"comment_status":"open","ping_status":"open","sticky":false,"template":"","format":"standard","meta":{"footnotes":""},"categories":[8],"tags":[],"class_list":["post-7343","post","type-post","status-publish","format-standard","has-post-thumbnail","hentry","category-camacari"],"yoast_head":"<!-- This site is optimized with the Yoast SEO plugin v21.7 - https:\/\/yoast.com\/wordpress\/plugins\/seo\/ -->\n<title>Secretaria de governo apoia confer\u00eancia de politicas p\u00fablicas para as mulheres que teve edi\u00e7\u00e3o hist\u00f3rica esse ano - Compartilha Bahia<\/title>\n<meta name=\"robots\" content=\"index, follow, max-snippet:-1, max-image-preview:large, max-video-preview:-1\" \/>\n<link rel=\"canonical\" href=\"https:\/\/compartilhabahia.com.br\/index.php\/2025\/07\/26\/secretaria-de-governo-apoia-conferencia-das-mulheres-que-teve-edicao-historica-esse-ano\/\" \/>\n<meta property=\"og:locale\" content=\"pt_BR\" \/>\n<meta property=\"og:type\" content=\"article\" \/>\n<meta property=\"og:title\" content=\"Secretaria de governo apoia confer\u00eancia de politicas p\u00fablicas para as mulheres que teve edi\u00e7\u00e3o hist\u00f3rica esse ano - Compartilha Bahia\" \/>\n<meta property=\"og:description\" content=\"A secretaria Municipal de Governo (SEGOV), em conjunto com outras pastas da Prefeitura de Cama\u00e7ari (BA), apoiou a Secretaria Municipal da Mulher (SEMU), na realiza\u00e7\u00e3o da 3\u00aa Confer\u00eancia Municipal de Pol\u00edticas para as Mulheres, que este ano teve uma edi\u00e7\u00e3o hist\u00f3rica com mais de 500 participantes nesta sexta-feira (25) no audit\u00f3rio da UNIFAMEC. A secret\u00e1ria [&hellip;]\" \/>\n<meta property=\"og:url\" content=\"https:\/\/compartilhabahia.com.br\/index.php\/2025\/07\/26\/secretaria-de-governo-apoia-conferencia-das-mulheres-que-teve-edicao-historica-esse-ano\/\" \/>\n<meta property=\"og:site_name\" content=\"Compartilha Bahia\" \/>\n<meta property=\"article:publisher\" content=\"https:\/\/web.facebook.com\/compartilhabahia\" \/>\n<meta property=\"article:published_time\" content=\"2025-07-26T15:32:11+00:00\" \/>\n<meta property=\"article:modified_time\" content=\"2025-07-26T16:00:33+00:00\" \/>\n<meta property=\"og:image\" content=\"https:\/\/compartilhabahia.com.br\/wp-content\/uploads\/2025\/07\/brancaconferencia.jpg\" \/>\n\t<meta property=\"og:image:width\" content=\"768\" \/>\n\t<meta property=\"og:image:height\" content=\"512\" \/>\n\t<meta property=\"og:image:type\" content=\"image\/jpeg\" \/>\n<meta name=\"author\" content=\"admin\" \/>\n<meta name=\"twitter:card\" content=\"summary_large_image\" \/>\n<meta name=\"twitter:label1\" content=\"Escrito por\" \/>\n\t<meta name=\"twitter:data1\" content=\"admin\" \/>\n\t<meta name=\"twitter:label2\" content=\"Est. tempo de leitura\" \/>\n\t<meta name=\"twitter:data2\" content=\"7 minutos\" \/>\n<script type=\"application\/ld+json\" class=\"yoast-schema-graph\">{\"@context\":\"https:\/\/schema.org\",\"@graph\":[{\"@type\":\"Article\",\"@id\":\"https:\/\/compartilhabahia.com.br\/index.php\/2025\/07\/26\/secretaria-de-governo-apoia-conferencia-das-mulheres-que-teve-edicao-historica-esse-ano\/#article\",\"isPartOf\":{\"@id\":\"https:\/\/compartilhabahia.com.br\/index.php\/2025\/07\/26\/secretaria-de-governo-apoia-conferencia-das-mulheres-que-teve-edicao-historica-esse-ano\/\"},\"author\":{\"name\":\"admin\",\"@id\":\"https:\/\/compartilhabahia.com.br\/#\/schema\/person\/9b4f0c3178793b8248d6686732521c04\"},\"headline\":\"Secretaria de governo apoia confer\u00eancia de politicas p\u00fablicas para as mulheres que teve edi\u00e7\u00e3o hist\u00f3rica esse ano\",\"datePublished\":\"2025-07-26T15:32:11+00:00\",\"dateModified\":\"2025-07-26T16:00:33+00:00\",\"mainEntityOfPage\":{\"@id\":\"https:\/\/compartilhabahia.com.br\/index.php\/2025\/07\/26\/secretaria-de-governo-apoia-conferencia-das-mulheres-que-teve-edicao-historica-esse-ano\/\"},\"wordCount\":970,\"commentCount\":0,\"publisher\":{\"@id\":\"https:\/\/compartilhabahia.com.br\/#organization\"},\"articleSection\":[\"Cama\u00e7ari\"],\"inLanguage\":\"pt-BR\",\"potentialAction\":[{\"@type\":\"CommentAction\",\"name\":\"Comment\",\"target\":[\"https:\/\/compartilhabahia.com.br\/index.php\/2025\/07\/26\/secretaria-de-governo-apoia-conferencia-das-mulheres-que-teve-edicao-historica-esse-ano\/#respond\"]}]},{\"@type\":\"WebPage\",\"@id\":\"https:\/\/compartilhabahia.com.br\/index.php\/2025\/07\/26\/secretaria-de-governo-apoia-conferencia-das-mulheres-que-teve-edicao-historica-esse-ano\/\",\"url\":\"https:\/\/compartilhabahia.com.br\/index.php\/2025\/07\/26\/secretaria-de-governo-apoia-conferencia-das-mulheres-que-teve-edicao-historica-esse-ano\/\",\"name\":\"Secretaria de governo apoia confer\u00eancia de politicas p\u00fablicas para as mulheres que teve edi\u00e7\u00e3o hist\u00f3rica esse ano - Compartilha Bahia\",\"isPartOf\":{\"@id\":\"https:\/\/compartilhabahia.com.br\/#website\"},\"datePublished\":\"2025-07-26T15:32:11+00:00\",\"dateModified\":\"2025-07-26T16:00:33+00:00\",\"breadcrumb\":{\"@id\":\"https:\/\/compartilhabahia.com.br\/index.php\/2025\/07\/26\/secretaria-de-governo-apoia-conferencia-das-mulheres-que-teve-edicao-historica-esse-ano\/#breadcrumb\"},\"inLanguage\":\"pt-BR\",\"potentialAction\":[{\"@type\":\"ReadAction\",\"target\":[\"https:\/\/compartilhabahia.com.br\/index.php\/2025\/07\/26\/secretaria-de-governo-apoia-conferencia-das-mulheres-que-teve-edicao-historica-esse-ano\/\"]}]},{\"@type\":\"BreadcrumbList\",\"@id\":\"https:\/\/compartilhabahia.com.br\/index.php\/2025\/07\/26\/secretaria-de-governo-apoia-conferencia-das-mulheres-que-teve-edicao-historica-esse-ano\/#breadcrumb\",\"itemListElement\":[{\"@type\":\"ListItem\",\"position\":1,\"name\":\"In\u00edcio\",\"item\":\"https:\/\/compartilhabahia.com.br\/\"},{\"@type\":\"ListItem\",\"position\":2,\"name\":\"Secretaria de governo apoia confer\u00eancia de politicas p\u00fablicas para as mulheres que teve edi\u00e7\u00e3o hist\u00f3rica esse ano\"}]},{\"@type\":\"WebSite\",\"@id\":\"https:\/\/compartilhabahia.com.br\/#website\",\"url\":\"https:\/\/compartilhabahia.com.br\/\",\"name\":\"Compartilha Bahia\",\"description\":\"\",\"publisher\":{\"@id\":\"https:\/\/compartilhabahia.com.br\/#organization\"},\"potentialAction\":[{\"@type\":\"SearchAction\",\"target\":{\"@type\":\"EntryPoint\",\"urlTemplate\":\"https:\/\/compartilhabahia.com.br\/?s={search_term_string}\"},\"query-input\":\"required name=search_term_string\"}],\"inLanguage\":\"pt-BR\"},{\"@type\":\"Organization\",\"@id\":\"https:\/\/compartilhabahia.com.br\/#organization\",\"name\":\"Compartilha Bahia\",\"url\":\"https:\/\/compartilhabahia.com.br\/\",\"logo\":{\"@type\":\"ImageObject\",\"inLanguage\":\"pt-BR\",\"@id\":\"https:\/\/compartilhabahia.com.br\/#\/schema\/logo\/image\/\",\"url\":\"https:\/\/compartilhabahia.com.br\/wp-content\/uploads\/2023\/12\/cropped-logo.png\",\"contentUrl\":\"https:\/\/compartilhabahia.com.br\/wp-content\/uploads\/2023\/12\/cropped-logo.png\",\"width\":300,\"height\":106,\"caption\":\"Compartilha Bahia\"},\"image\":{\"@id\":\"https:\/\/compartilhabahia.com.br\/#\/schema\/logo\/image\/\"},\"sameAs\":[\"https:\/\/web.facebook.com\/compartilhabahia\",\"https:\/\/www.instagram.com\/compartilhabahia\/\"]},{\"@type\":\"Person\",\"@id\":\"https:\/\/compartilhabahia.com.br\/#\/schema\/person\/9b4f0c3178793b8248d6686732521c04\",\"name\":\"admin\",\"image\":{\"@type\":\"ImageObject\",\"inLanguage\":\"pt-BR\",\"@id\":\"https:\/\/compartilhabahia.com.br\/#\/schema\/person\/image\/\",\"url\":\"https:\/\/secure.gravatar.com\/avatar\/9600df58751c5acbe914c538c03390ef649ea088cb65f84ba09c7ce66988eed6?s=96&d=mm&r=g\",\"contentUrl\":\"https:\/\/secure.gravatar.com\/avatar\/9600df58751c5acbe914c538c03390ef649ea088cb65f84ba09c7ce66988eed6?s=96&d=mm&r=g\",\"caption\":\"admin\"},\"sameAs\":[\"https:\/\/compartilhabahia.com.br\"],\"url\":\"https:\/\/compartilhabahia.com.br\/index.php\/author\/compartilhabahia\/\"}]}<\/script>\n<!-- \/ Yoast SEO plugin. -->","yoast_head_json":{"title":"Secretaria de governo apoia confer\u00eancia de politicas p\u00fablicas para as mulheres que teve edi\u00e7\u00e3o hist\u00f3rica esse ano - Compartilha Bahia","robots":{"index":"index","follow":"follow","max-snippet":"max-snippet:-1","max-image-preview":"max-image-preview:large","max-video-preview":"max-video-preview:-1"},"canonical":"https:\/\/compartilhabahia.com.br\/index.php\/2025\/07\/26\/secretaria-de-governo-apoia-conferencia-das-mulheres-que-teve-edicao-historica-esse-ano\/","og_locale":"pt_BR","og_type":"article","og_title":"Secretaria de governo apoia confer\u00eancia de politicas p\u00fablicas para as mulheres que teve edi\u00e7\u00e3o hist\u00f3rica esse ano - Compartilha Bahia","og_description":"A secretaria Municipal de Governo (SEGOV), em conjunto com outras pastas da Prefeitura de Cama\u00e7ari (BA), apoiou a Secretaria Municipal da Mulher (SEMU), na realiza\u00e7\u00e3o da 3\u00aa Confer\u00eancia Municipal de Pol\u00edticas para as Mulheres, que este ano teve uma edi\u00e7\u00e3o hist\u00f3rica com mais de 500 participantes nesta sexta-feira (25) no audit\u00f3rio da UNIFAMEC. A secret\u00e1ria [&hellip;]","og_url":"https:\/\/compartilhabahia.com.br\/index.php\/2025\/07\/26\/secretaria-de-governo-apoia-conferencia-das-mulheres-que-teve-edicao-historica-esse-ano\/","og_site_name":"Compartilha Bahia","article_publisher":"https:\/\/web.facebook.com\/compartilhabahia","article_published_time":"2025-07-26T15:32:11+00:00","article_modified_time":"2025-07-26T16:00:33+00:00","og_image":[{"width":768,"height":512,"url":"https:\/\/compartilhabahia.com.br\/wp-content\/uploads\/2025\/07\/brancaconferencia.jpg","type":"image\/jpeg"}],"author":"admin","twitter_card":"summary_large_image","twitter_misc":{"Escrito por":"admin","Est. tempo de leitura":"7 minutos"},"schema":{"@context":"https:\/\/schema.org","@graph":[{"@type":"Article","@id":"https:\/\/compartilhabahia.com.br\/index.php\/2025\/07\/26\/secretaria-de-governo-apoia-conferencia-das-mulheres-que-teve-edicao-historica-esse-ano\/#article","isPartOf":{"@id":"https:\/\/compartilhabahia.com.br\/index.php\/2025\/07\/26\/secretaria-de-governo-apoia-conferencia-das-mulheres-que-teve-edicao-historica-esse-ano\/"},"author":{"name":"admin","@id":"https:\/\/compartilhabahia.com.br\/#\/schema\/person\/9b4f0c3178793b8248d6686732521c04"},"headline":"Secretaria de governo apoia confer\u00eancia de politicas p\u00fablicas para as mulheres que teve edi\u00e7\u00e3o hist\u00f3rica esse ano","datePublished":"2025-07-26T15:32:11+00:00","dateModified":"2025-07-26T16:00:33+00:00","mainEntityOfPage":{"@id":"https:\/\/compartilhabahia.com.br\/index.php\/2025\/07\/26\/secretaria-de-governo-apoia-conferencia-das-mulheres-que-teve-edicao-historica-esse-ano\/"},"wordCount":970,"commentCount":0,"publisher":{"@id":"https:\/\/compartilhabahia.com.br\/#organization"},"articleSection":["Cama\u00e7ari"],"inLanguage":"pt-BR","potentialAction":[{"@type":"CommentAction","name":"Comment","target":["https:\/\/compartilhabahia.com.br\/index.php\/2025\/07\/26\/secretaria-de-governo-apoia-conferencia-das-mulheres-que-teve-edicao-historica-esse-ano\/#respond"]}]},{"@type":"WebPage","@id":"https:\/\/compartilhabahia.com.br\/index.php\/2025\/07\/26\/secretaria-de-governo-apoia-conferencia-das-mulheres-que-teve-edicao-historica-esse-ano\/","url":"https:\/\/compartilhabahia.com.br\/index.php\/2025\/07\/26\/secretaria-de-governo-apoia-conferencia-das-mulheres-que-teve-edicao-historica-esse-ano\/","name":"Secretaria de governo apoia confer\u00eancia de politicas p\u00fablicas para as mulheres que teve edi\u00e7\u00e3o hist\u00f3rica esse ano - Compartilha Bahia","isPartOf":{"@id":"https:\/\/compartilhabahia.com.br\/#website"},"datePublished":"2025-07-26T15:32:11+00:00","dateModified":"2025-07-26T16:00:33+00:00","breadcrumb":{"@id":"https:\/\/compartilhabahia.com.br\/index.php\/2025\/07\/26\/secretaria-de-governo-apoia-conferencia-das-mulheres-que-teve-edicao-historica-esse-ano\/#breadcrumb"},"inLanguage":"pt-BR","potentialAction":[{"@type":"ReadAction","target":["https:\/\/compartilhabahia.com.br\/index.php\/2025\/07\/26\/secretaria-de-governo-apoia-conferencia-das-mulheres-que-teve-edicao-historica-esse-ano\/"]}]},{"@type":"BreadcrumbList","@id":"https:\/\/compartilhabahia.com.br\/index.php\/2025\/07\/26\/secretaria-de-governo-apoia-conferencia-das-mulheres-que-teve-edicao-historica-esse-ano\/#breadcrumb","itemListElement":[{"@type":"ListItem","position":1,"name":"In\u00edcio","item":"https:\/\/compartilhabahia.com.br\/"},{"@type":"ListItem","position":2,"name":"Secretaria de governo apoia confer\u00eancia de politicas p\u00fablicas para as mulheres que teve edi\u00e7\u00e3o hist\u00f3rica esse ano"}]},{"@type":"WebSite","@id":"https:\/\/compartilhabahia.com.br\/#website","url":"https:\/\/compartilhabahia.com.br\/","name":"Compartilha Bahia","description":"","publisher":{"@id":"https:\/\/compartilhabahia.com.br\/#organization"},"potentialAction":[{"@type":"SearchAction","target":{"@type":"EntryPoint","urlTemplate":"https:\/\/compartilhabahia.com.br\/?s={search_term_string}"},"query-input":"required name=search_term_string"}],"inLanguage":"pt-BR"},{"@type":"Organization","@id":"https:\/\/compartilhabahia.com.br\/#organization","name":"Compartilha Bahia","url":"https:\/\/compartilhabahia.com.br\/","logo":{"@type":"ImageObject","inLanguage":"pt-BR","@id":"https:\/\/compartilhabahia.com.br\/#\/schema\/logo\/image\/","url":"https:\/\/compartilhabahia.com.br\/wp-content\/uploads\/2023\/12\/cropped-logo.png","contentUrl":"https:\/\/compartilhabahia.com.br\/wp-content\/uploads\/2023\/12\/cropped-logo.png","width":300,"height":106,"caption":"Compartilha Bahia"},"image":{"@id":"https:\/\/compartilhabahia.com.br\/#\/schema\/logo\/image\/"},"sameAs":["https:\/\/web.facebook.com\/compartilhabahia","https:\/\/www.instagram.com\/compartilhabahia\/"]},{"@type":"Person","@id":"https:\/\/compartilhabahia.com.br\/#\/schema\/person\/9b4f0c3178793b8248d6686732521c04","name":"admin","image":{"@type":"ImageObject","inLanguage":"pt-BR","@id":"https:\/\/compartilhabahia.com.br\/#\/schema\/person\/image\/","url":"https:\/\/secure.gravatar.com\/avatar\/9600df58751c5acbe914c538c03390ef649ea088cb65f84ba09c7ce66988eed6?s=96&d=mm&r=g","contentUrl":"https:\/\/secure.gravatar.com\/avatar\/9600df58751c5acbe914c538c03390ef649ea088cb65f84ba09c7ce66988eed6?s=96&d=mm&r=g","caption":"admin"},"sameAs":["https:\/\/compartilhabahia.com.br"],"url":"https:\/\/compartilhabahia.com.br\/index.php\/author\/compartilhabahia\/"}]}},"_links":{"self":[{"href":"https:\/\/compartilhabahia.com.br\/index.php\/wp-json\/wp\/v2\/posts\/7343","targetHints":{"allow":["GET"]}}],"collection":[{"href":"https:\/\/compartilhabahia.com.br\/index.php\/wp-json\/wp\/v2\/posts"}],"about":[{"href":"https:\/\/compartilhabahia.com.br\/index.php\/wp-json\/wp\/v2\/types\/post"}],"author":[{"embeddable":true,"href":"https:\/\/compartilhabahia.com.br\/index.php\/wp-json\/wp\/v2\/users\/1"}],"replies":[{"embeddable":true,"href":"https:\/\/compartilhabahia.com.br\/index.php\/wp-json\/wp\/v2\/comments?post=7343"}],"version-history":[{"count":5,"href":"https:\/\/compartilhabahia.com.br\/index.php\/wp-json\/wp\/v2\/posts\/7343\/revisions"}],"predecessor-version":[{"id":7361,"href":"https:\/\/compartilhabahia.com.br\/index.php\/wp-json\/wp\/v2\/posts\/7343\/revisions\/7361"}],"wp:featuredmedia":[{"embeddable":true,"href":"https:\/\/compartilhabahia.com.br\/index.php\/wp-json\/wp\/v2\/media\/7344"}],"wp:attachment":[{"href":"https:\/\/compartilhabahia.com.br\/index.php\/wp-json\/wp\/v2\/media?parent=7343"}],"wp:term":[{"taxonomy":"category","embeddable":true,"href":"https:\/\/compartilhabahia.com.br\/index.php\/wp-json\/wp\/v2\/categories?post=7343"},{"taxonomy":"post_tag","embeddable":true,"href":"https:\/\/compartilhabahia.com.br\/index.php\/wp-json\/wp\/v2\/tags?post=7343"}],"curies":[{"name":"wp","href":"https:\/\/api.w.org\/{rel}","templated":true}]}}