{"id":7340,"date":"2025-07-25T18:29:49","date_gmt":"2025-07-25T21:29:49","guid":{"rendered":"https:\/\/compartilhabahia.com.br\/?p=7340"},"modified":"2025-07-25T18:29:51","modified_gmt":"2025-07-25T21:29:51","slug":"gestao-de-caetano-e-forcas-de-seguranca-trouxeram-mais-paz-para-camacari","status":"publish","type":"post","link":"https:\/\/compartilhabahia.com.br\/index.php\/2025\/07\/25\/gestao-de-caetano-e-forcas-de-seguranca-trouxeram-mais-paz-para-camacari\/","title":{"rendered":"Gest\u00e3o de Caetano e for\u00e7as de seguran\u00e7a trouxeram mais paz para Cama\u00e7ari"},"content":{"rendered":"\n<p>Atua\u00e7\u00e3o conjunta entre governo municipal e for\u00e7as de seguran\u00e7a resulta na redu\u00e7\u00e3o da criminalidade em Cama\u00e7ari<\/p>\n\n\n\n<p>A Prefeitura de Cama\u00e7ari tem acompanhado de perto e atuado em conjunto com as for\u00e7as de seguran\u00e7a no combate \u00e0 viol\u00eancia no munic\u00edpio. O resultado dessa parceria \u00e9 a redu\u00e7\u00e3o de 16,3% no n\u00famero de homic\u00eddios no primeiro semestre de 2025.<\/p>\n\n\n\n<p>Conforme dados do 12\u00ba Batalh\u00e3o de Pol\u00edcia Militar (12\u00ba BPM), no primeiro semestre de 2024 o munic\u00edpio registrou 92 homic\u00eddios, j\u00e1 no mesmo per\u00edodo deste ano foram contabilizados 77.<\/p>\n\n\n\n<p>Tamb\u00e9m no primeiro semestre de 2025, o 12\u00ba BPM foi a unidade de Salvador e Regi\u00e3o Metropolitana que mais apreendeu armas de fogo. \u201cEu entendo que a parceria que tem se fortalecido com a atual gest\u00e3o, o conv\u00eanio que existe e as a\u00e7\u00f5es que v\u00eam sendo realizadas, a tend\u00eancia \u00e9 que os n\u00fameros de homic\u00eddios, as ocorr\u00eancias mais graves diminuam. J\u00e1 houve uma redu\u00e7\u00e3o da criminalidade no m\u00eas de junho\u201d, destacou o comandante do batalh\u00e3o, tenente-coronel Roberto Pinto de Castro.<\/p>\n\n\n\n<p>O tenente-coronel assumiu o comando do 12\u00ba BPM no m\u00eas de junho e, de l\u00e1 at\u00e9 agora, em apenas 43 dias, aponta para os n\u00fameros das a\u00e7\u00f5es: 38 pris\u00f5es em flagrante, quatro mandados cumpridos, oito armas apreendidas, 46 ocorr\u00eancias com drogas apreendidas e cinco Termos Circunstanciados de Ocorr\u00eancia.<\/p>\n\n\n\n<p>Em paralelo \u00e0 atua\u00e7\u00e3o da Pol\u00edcia Militar, o governo municipal tem feito tamb\u00e9m esfor\u00e7os para combater a viol\u00eancia com a\u00e7\u00f5es transversais que englobam todas as secretarias. Cama\u00e7ari aderiu, em maio, ao programa Bahia pela Paz, conduzido pela Secretaria de Justi\u00e7a e Direitos Humanos do Estado (SJDH).<\/p>\n\n\n\n<p>Os Coletivos Bahia pela Paz s\u00e3o caracterizados como centros de refer\u00eancia em direitos humanos, localizados em regi\u00f5es com alta vulnerabilidade. Os equipamentos s\u00e3o compostos por equipes multiprofissionais, que envolvem o trabalho de advogados, assistentes sociais e psic\u00f3logos, tendo como p\u00fablico-alvo jovens de 12 a 29 anos de idade, bem como suas respectivas fam\u00edlias. A iniciativa ainda promove uma ampla perspectiva da pol\u00edtica de seguran\u00e7a p\u00fablica, visando a preven\u00e7\u00e3o e a redu\u00e7\u00e3o da viol\u00eancia.<\/p>\n\n\n\n<p>Em junho, seguindo a mesma linha de atua\u00e7\u00e3o, o Programa Educacional de Resist\u00eancia \u00e0s Drogas e \u00e0 Viol\u00eancia (Proerd), formou 1.253 alunos em Cama\u00e7ari. O curso, que contou com o apoio da Secretaria de Educa\u00e7\u00e3o (Seduc), foi realizado durante tr\u00eas meses por policiais militares do 12\u00ba BPM e 59\u00aa Companhia de Pol\u00edcia Militar (CIPM) de Vila de Abrantes, com estudantes do 1\u00ba ao 5\u00ba ano de dez escolas da rede p\u00fablica municipal.<\/p>\n\n\n\n<p>Por meio da Seduc, a prefeitura ainda lan\u00e7ou o projeto Guardi\u00f5es Escolares em julho, visando o fortalecimento da seguran\u00e7a no ambiente escolar. Eventos educativos, como palestras sobre viol\u00eancia escolar, bullying e media\u00e7\u00e3o de conflitos, al\u00e9m de diversas a\u00e7\u00f5es com foco na redu\u00e7\u00e3o das ocorr\u00eancias no \u00e2mbito escolar s\u00e3o levadas semanalmente para as unidades da sede e orla.<\/p>\n\n\n\n<p>Tamb\u00e9m no come\u00e7o do segundo semestre, no dia 7 de julho, foi assinado o decreto para a instala\u00e7\u00e3o do Gabinete de Gest\u00e3o Integrada Municipal (GGIM). O instrumento visa promover a unidade com os \u00f3rg\u00e3os estadual e federal, com atua\u00e7\u00e3o na \u00e1rea de seguran\u00e7a p\u00fablica, defesa civil e ordenamento urbano, de olho no desenvolvimento de pol\u00edticas p\u00fablicas integradas e efetivas.<\/p>\n\n\n\n<p>\u201cTemos mantido um di\u00e1logo constante com a Pol\u00edcia Militar, Pol\u00edcia Civil, o Governo do Estado. Essa \u00e9 uma das agendas mais desafiadoras, por conta disso precisamos dessa unidade para cuidar da cidade e de quem vive aqui\u201d, ressalta o prefeito Luiz Caetano.<\/p>\n","protected":false},"excerpt":{"rendered":"<p>Atua\u00e7\u00e3o conjunta entre governo municipal e for\u00e7as de seguran\u00e7a resulta na redu\u00e7\u00e3o da criminalidade em Cama\u00e7ari A Prefeitura de Cama\u00e7ari tem acompanhado de perto e atuado em conjunto com as for\u00e7as de seguran\u00e7a no combate \u00e0 viol\u00eancia no munic\u00edpio. O resultado dessa parceria \u00e9 a redu\u00e7\u00e3o de 16,3% no n\u00famero de homic\u00eddios no primeiro semestre [&hellip;]<\/p>\n","protected":false},"author":1,"featured_media":7341,"comment_status":"open","ping_status":"open","sticky":false,"template":"","format":"standard","meta":{"footnotes":""},"categories":[8],"tags":[],"class_list":["post-7340","post","type-post","status-publish","format-standard","has-post-thumbnail","hentry","category-camacari"],"yoast_head":"<!-- This site is optimized with the Yoast SEO plugin v21.7 - https:\/\/yoast.com\/wordpress\/plugins\/seo\/ -->\n<title>Gest\u00e3o de Caetano e for\u00e7as de seguran\u00e7a trouxeram mais paz para Cama\u00e7ari - Compartilha Bahia<\/title>\n<meta name=\"robots\" content=\"index, follow, max-snippet:-1, max-image-preview:large, max-video-preview:-1\" \/>\n<link rel=\"canonical\" href=\"https:\/\/compartilhabahia.com.br\/index.php\/2025\/07\/25\/gestao-de-caetano-e-forcas-de-seguranca-trouxeram-mais-paz-para-camacari\/\" \/>\n<meta property=\"og:locale\" content=\"pt_BR\" \/>\n<meta property=\"og:type\" content=\"article\" \/>\n<meta property=\"og:title\" content=\"Gest\u00e3o de Caetano e for\u00e7as de seguran\u00e7a trouxeram mais paz para Cama\u00e7ari - Compartilha Bahia\" \/>\n<meta property=\"og:description\" content=\"Atua\u00e7\u00e3o conjunta entre governo municipal e for\u00e7as de seguran\u00e7a resulta na redu\u00e7\u00e3o da criminalidade em Cama\u00e7ari A Prefeitura de Cama\u00e7ari tem acompanhado de perto e atuado em conjunto com as for\u00e7as de seguran\u00e7a no combate \u00e0 viol\u00eancia no munic\u00edpio. O resultado dessa parceria \u00e9 a redu\u00e7\u00e3o de 16,3% no n\u00famero de homic\u00eddios no primeiro semestre [&hellip;]\" \/>\n<meta property=\"og:url\" content=\"https:\/\/compartilhabahia.com.br\/index.php\/2025\/07\/25\/gestao-de-caetano-e-forcas-de-seguranca-trouxeram-mais-paz-para-camacari\/\" \/>\n<meta property=\"og:site_name\" content=\"Compartilha Bahia\" \/>\n<meta property=\"article:publisher\" content=\"https:\/\/web.facebook.com\/compartilhabahia\" \/>\n<meta property=\"article:published_time\" content=\"2025-07-25T21:29:49+00:00\" \/>\n<meta property=\"article:modified_time\" content=\"2025-07-25T21:29:51+00:00\" \/>\n<meta property=\"og:image\" content=\"https:\/\/compartilhabahia.com.br\/wp-content\/uploads\/2025\/07\/gestao.jpg\" \/>\n\t<meta property=\"og:image:width\" content=\"800\" \/>\n\t<meta property=\"og:image:height\" content=\"533\" \/>\n\t<meta property=\"og:image:type\" content=\"image\/jpeg\" \/>\n<meta name=\"author\" content=\"admin\" \/>\n<meta name=\"twitter:card\" content=\"summary_large_image\" \/>\n<meta name=\"twitter:label1\" content=\"Escrito por\" \/>\n\t<meta name=\"twitter:data1\" content=\"admin\" \/>\n\t<meta name=\"twitter:label2\" content=\"Est. tempo de leitura\" \/>\n\t<meta name=\"twitter:data2\" content=\"4 minutos\" \/>\n<script type=\"application\/ld+json\" class=\"yoast-schema-graph\">{\"@context\":\"https:\/\/schema.org\",\"@graph\":[{\"@type\":\"Article\",\"@id\":\"https:\/\/compartilhabahia.com.br\/index.php\/2025\/07\/25\/gestao-de-caetano-e-forcas-de-seguranca-trouxeram-mais-paz-para-camacari\/#article\",\"isPartOf\":{\"@id\":\"https:\/\/compartilhabahia.com.br\/index.php\/2025\/07\/25\/gestao-de-caetano-e-forcas-de-seguranca-trouxeram-mais-paz-para-camacari\/\"},\"author\":{\"name\":\"admin\",\"@id\":\"https:\/\/compartilhabahia.com.br\/#\/schema\/person\/9b4f0c3178793b8248d6686732521c04\"},\"headline\":\"Gest\u00e3o de Caetano e for\u00e7as de seguran\u00e7a trouxeram mais paz para Cama\u00e7ari\",\"datePublished\":\"2025-07-25T21:29:49+00:00\",\"dateModified\":\"2025-07-25T21:29:51+00:00\",\"mainEntityOfPage\":{\"@id\":\"https:\/\/compartilhabahia.com.br\/index.php\/2025\/07\/25\/gestao-de-caetano-e-forcas-de-seguranca-trouxeram-mais-paz-para-camacari\/\"},\"wordCount\":641,\"commentCount\":0,\"publisher\":{\"@id\":\"https:\/\/compartilhabahia.com.br\/#organization\"},\"articleSection\":[\"Cama\u00e7ari\"],\"inLanguage\":\"pt-BR\",\"potentialAction\":[{\"@type\":\"CommentAction\",\"name\":\"Comment\",\"target\":[\"https:\/\/compartilhabahia.com.br\/index.php\/2025\/07\/25\/gestao-de-caetano-e-forcas-de-seguranca-trouxeram-mais-paz-para-camacari\/#respond\"]}]},{\"@type\":\"WebPage\",\"@id\":\"https:\/\/compartilhabahia.com.br\/index.php\/2025\/07\/25\/gestao-de-caetano-e-forcas-de-seguranca-trouxeram-mais-paz-para-camacari\/\",\"url\":\"https:\/\/compartilhabahia.com.br\/index.php\/2025\/07\/25\/gestao-de-caetano-e-forcas-de-seguranca-trouxeram-mais-paz-para-camacari\/\",\"name\":\"Gest\u00e3o de Caetano e for\u00e7as de seguran\u00e7a trouxeram mais paz para Cama\u00e7ari - Compartilha Bahia\",\"isPartOf\":{\"@id\":\"https:\/\/compartilhabahia.com.br\/#website\"},\"datePublished\":\"2025-07-25T21:29:49+00:00\",\"dateModified\":\"2025-07-25T21:29:51+00:00\",\"breadcrumb\":{\"@id\":\"https:\/\/compartilhabahia.com.br\/index.php\/2025\/07\/25\/gestao-de-caetano-e-forcas-de-seguranca-trouxeram-mais-paz-para-camacari\/#breadcrumb\"},\"inLanguage\":\"pt-BR\",\"potentialAction\":[{\"@type\":\"ReadAction\",\"target\":[\"https:\/\/compartilhabahia.com.br\/index.php\/2025\/07\/25\/gestao-de-caetano-e-forcas-de-seguranca-trouxeram-mais-paz-para-camacari\/\"]}]},{\"@type\":\"BreadcrumbList\",\"@id\":\"https:\/\/compartilhabahia.com.br\/index.php\/2025\/07\/25\/gestao-de-caetano-e-forcas-de-seguranca-trouxeram-mais-paz-para-camacari\/#breadcrumb\",\"itemListElement\":[{\"@type\":\"ListItem\",\"position\":1,\"name\":\"In\u00edcio\",\"item\":\"https:\/\/compartilhabahia.com.br\/\"},{\"@type\":\"ListItem\",\"position\":2,\"name\":\"Gest\u00e3o de Caetano e for\u00e7as de seguran\u00e7a trouxeram mais paz para Cama\u00e7ari\"}]},{\"@type\":\"WebSite\",\"@id\":\"https:\/\/compartilhabahia.com.br\/#website\",\"url\":\"https:\/\/compartilhabahia.com.br\/\",\"name\":\"Compartilha Bahia\",\"description\":\"\",\"publisher\":{\"@id\":\"https:\/\/compartilhabahia.com.br\/#organization\"},\"potentialAction\":[{\"@type\":\"SearchAction\",\"target\":{\"@type\":\"EntryPoint\",\"urlTemplate\":\"https:\/\/compartilhabahia.com.br\/?s={search_term_string}\"},\"query-input\":\"required name=search_term_string\"}],\"inLanguage\":\"pt-BR\"},{\"@type\":\"Organization\",\"@id\":\"https:\/\/compartilhabahia.com.br\/#organization\",\"name\":\"Compartilha Bahia\",\"url\":\"https:\/\/compartilhabahia.com.br\/\",\"logo\":{\"@type\":\"ImageObject\",\"inLanguage\":\"pt-BR\",\"@id\":\"https:\/\/compartilhabahia.com.br\/#\/schema\/logo\/image\/\",\"url\":\"https:\/\/compartilhabahia.com.br\/wp-content\/uploads\/2023\/12\/cropped-logo.png\",\"contentUrl\":\"https:\/\/compartilhabahia.com.br\/wp-content\/uploads\/2023\/12\/cropped-logo.png\",\"width\":300,\"height\":106,\"caption\":\"Compartilha Bahia\"},\"image\":{\"@id\":\"https:\/\/compartilhabahia.com.br\/#\/schema\/logo\/image\/\"},\"sameAs\":[\"https:\/\/web.facebook.com\/compartilhabahia\",\"https:\/\/www.instagram.com\/compartilhabahia\/\"]},{\"@type\":\"Person\",\"@id\":\"https:\/\/compartilhabahia.com.br\/#\/schema\/person\/9b4f0c3178793b8248d6686732521c04\",\"name\":\"admin\",\"image\":{\"@type\":\"ImageObject\",\"inLanguage\":\"pt-BR\",\"@id\":\"https:\/\/compartilhabahia.com.br\/#\/schema\/person\/image\/\",\"url\":\"https:\/\/secure.gravatar.com\/avatar\/9600df58751c5acbe914c538c03390ef649ea088cb65f84ba09c7ce66988eed6?s=96&d=mm&r=g\",\"contentUrl\":\"https:\/\/secure.gravatar.com\/avatar\/9600df58751c5acbe914c538c03390ef649ea088cb65f84ba09c7ce66988eed6?s=96&d=mm&r=g\",\"caption\":\"admin\"},\"sameAs\":[\"https:\/\/compartilhabahia.com.br\"],\"url\":\"https:\/\/compartilhabahia.com.br\/index.php\/author\/compartilhabahia\/\"}]}<\/script>\n<!-- \/ Yoast SEO plugin. -->","yoast_head_json":{"title":"Gest\u00e3o de Caetano e for\u00e7as de seguran\u00e7a trouxeram mais paz para Cama\u00e7ari - Compartilha Bahia","robots":{"index":"index","follow":"follow","max-snippet":"max-snippet:-1","max-image-preview":"max-image-preview:large","max-video-preview":"max-video-preview:-1"},"canonical":"https:\/\/compartilhabahia.com.br\/index.php\/2025\/07\/25\/gestao-de-caetano-e-forcas-de-seguranca-trouxeram-mais-paz-para-camacari\/","og_locale":"pt_BR","og_type":"article","og_title":"Gest\u00e3o de Caetano e for\u00e7as de seguran\u00e7a trouxeram mais paz para Cama\u00e7ari - Compartilha Bahia","og_description":"Atua\u00e7\u00e3o conjunta entre governo municipal e for\u00e7as de seguran\u00e7a resulta na redu\u00e7\u00e3o da criminalidade em Cama\u00e7ari A Prefeitura de Cama\u00e7ari tem acompanhado de perto e atuado em conjunto com as for\u00e7as de seguran\u00e7a no combate \u00e0 viol\u00eancia no munic\u00edpio. O resultado dessa parceria \u00e9 a redu\u00e7\u00e3o de 16,3% no n\u00famero de homic\u00eddios no primeiro semestre [&hellip;]","og_url":"https:\/\/compartilhabahia.com.br\/index.php\/2025\/07\/25\/gestao-de-caetano-e-forcas-de-seguranca-trouxeram-mais-paz-para-camacari\/","og_site_name":"Compartilha Bahia","article_publisher":"https:\/\/web.facebook.com\/compartilhabahia","article_published_time":"2025-07-25T21:29:49+00:00","article_modified_time":"2025-07-25T21:29:51+00:00","og_image":[{"width":800,"height":533,"url":"https:\/\/compartilhabahia.com.br\/wp-content\/uploads\/2025\/07\/gestao.jpg","type":"image\/jpeg"}],"author":"admin","twitter_card":"summary_large_image","twitter_misc":{"Escrito por":"admin","Est. tempo de leitura":"4 minutos"},"schema":{"@context":"https:\/\/schema.org","@graph":[{"@type":"Article","@id":"https:\/\/compartilhabahia.com.br\/index.php\/2025\/07\/25\/gestao-de-caetano-e-forcas-de-seguranca-trouxeram-mais-paz-para-camacari\/#article","isPartOf":{"@id":"https:\/\/compartilhabahia.com.br\/index.php\/2025\/07\/25\/gestao-de-caetano-e-forcas-de-seguranca-trouxeram-mais-paz-para-camacari\/"},"author":{"name":"admin","@id":"https:\/\/compartilhabahia.com.br\/#\/schema\/person\/9b4f0c3178793b8248d6686732521c04"},"headline":"Gest\u00e3o de Caetano e for\u00e7as de seguran\u00e7a trouxeram mais paz para Cama\u00e7ari","datePublished":"2025-07-25T21:29:49+00:00","dateModified":"2025-07-25T21:29:51+00:00","mainEntityOfPage":{"@id":"https:\/\/compartilhabahia.com.br\/index.php\/2025\/07\/25\/gestao-de-caetano-e-forcas-de-seguranca-trouxeram-mais-paz-para-camacari\/"},"wordCount":641,"commentCount":0,"publisher":{"@id":"https:\/\/compartilhabahia.com.br\/#organization"},"articleSection":["Cama\u00e7ari"],"inLanguage":"pt-BR","potentialAction":[{"@type":"CommentAction","name":"Comment","target":["https:\/\/compartilhabahia.com.br\/index.php\/2025\/07\/25\/gestao-de-caetano-e-forcas-de-seguranca-trouxeram-mais-paz-para-camacari\/#respond"]}]},{"@type":"WebPage","@id":"https:\/\/compartilhabahia.com.br\/index.php\/2025\/07\/25\/gestao-de-caetano-e-forcas-de-seguranca-trouxeram-mais-paz-para-camacari\/","url":"https:\/\/compartilhabahia.com.br\/index.php\/2025\/07\/25\/gestao-de-caetano-e-forcas-de-seguranca-trouxeram-mais-paz-para-camacari\/","name":"Gest\u00e3o de Caetano e for\u00e7as de seguran\u00e7a trouxeram mais paz para Cama\u00e7ari - Compartilha Bahia","isPartOf":{"@id":"https:\/\/compartilhabahia.com.br\/#website"},"datePublished":"2025-07-25T21:29:49+00:00","dateModified":"2025-07-25T21:29:51+00:00","breadcrumb":{"@id":"https:\/\/compartilhabahia.com.br\/index.php\/2025\/07\/25\/gestao-de-caetano-e-forcas-de-seguranca-trouxeram-mais-paz-para-camacari\/#breadcrumb"},"inLanguage":"pt-BR","potentialAction":[{"@type":"ReadAction","target":["https:\/\/compartilhabahia.com.br\/index.php\/2025\/07\/25\/gestao-de-caetano-e-forcas-de-seguranca-trouxeram-mais-paz-para-camacari\/"]}]},{"@type":"BreadcrumbList","@id":"https:\/\/compartilhabahia.com.br\/index.php\/2025\/07\/25\/gestao-de-caetano-e-forcas-de-seguranca-trouxeram-mais-paz-para-camacari\/#breadcrumb","itemListElement":[{"@type":"ListItem","position":1,"name":"In\u00edcio","item":"https:\/\/compartilhabahia.com.br\/"},{"@type":"ListItem","position":2,"name":"Gest\u00e3o de Caetano e for\u00e7as de seguran\u00e7a trouxeram mais paz para Cama\u00e7ari"}]},{"@type":"WebSite","@id":"https:\/\/compartilhabahia.com.br\/#website","url":"https:\/\/compartilhabahia.com.br\/","name":"Compartilha Bahia","description":"","publisher":{"@id":"https:\/\/compartilhabahia.com.br\/#organization"},"potentialAction":[{"@type":"SearchAction","target":{"@type":"EntryPoint","urlTemplate":"https:\/\/compartilhabahia.com.br\/?s={search_term_string}"},"query-input":"required name=search_term_string"}],"inLanguage":"pt-BR"},{"@type":"Organization","@id":"https:\/\/compartilhabahia.com.br\/#organization","name":"Compartilha Bahia","url":"https:\/\/compartilhabahia.com.br\/","logo":{"@type":"ImageObject","inLanguage":"pt-BR","@id":"https:\/\/compartilhabahia.com.br\/#\/schema\/logo\/image\/","url":"https:\/\/compartilhabahia.com.br\/wp-content\/uploads\/2023\/12\/cropped-logo.png","contentUrl":"https:\/\/compartilhabahia.com.br\/wp-content\/uploads\/2023\/12\/cropped-logo.png","width":300,"height":106,"caption":"Compartilha Bahia"},"image":{"@id":"https:\/\/compartilhabahia.com.br\/#\/schema\/logo\/image\/"},"sameAs":["https:\/\/web.facebook.com\/compartilhabahia","https:\/\/www.instagram.com\/compartilhabahia\/"]},{"@type":"Person","@id":"https:\/\/compartilhabahia.com.br\/#\/schema\/person\/9b4f0c3178793b8248d6686732521c04","name":"admin","image":{"@type":"ImageObject","inLanguage":"pt-BR","@id":"https:\/\/compartilhabahia.com.br\/#\/schema\/person\/image\/","url":"https:\/\/secure.gravatar.com\/avatar\/9600df58751c5acbe914c538c03390ef649ea088cb65f84ba09c7ce66988eed6?s=96&d=mm&r=g","contentUrl":"https:\/\/secure.gravatar.com\/avatar\/9600df58751c5acbe914c538c03390ef649ea088cb65f84ba09c7ce66988eed6?s=96&d=mm&r=g","caption":"admin"},"sameAs":["https:\/\/compartilhabahia.com.br"],"url":"https:\/\/compartilhabahia.com.br\/index.php\/author\/compartilhabahia\/"}]}},"_links":{"self":[{"href":"https:\/\/compartilhabahia.com.br\/index.php\/wp-json\/wp\/v2\/posts\/7340","targetHints":{"allow":["GET"]}}],"collection":[{"href":"https:\/\/compartilhabahia.com.br\/index.php\/wp-json\/wp\/v2\/posts"}],"about":[{"href":"https:\/\/compartilhabahia.com.br\/index.php\/wp-json\/wp\/v2\/types\/post"}],"author":[{"embeddable":true,"href":"https:\/\/compartilhabahia.com.br\/index.php\/wp-json\/wp\/v2\/users\/1"}],"replies":[{"embeddable":true,"href":"https:\/\/compartilhabahia.com.br\/index.php\/wp-json\/wp\/v2\/comments?post=7340"}],"version-history":[{"count":1,"href":"https:\/\/compartilhabahia.com.br\/index.php\/wp-json\/wp\/v2\/posts\/7340\/revisions"}],"predecessor-version":[{"id":7342,"href":"https:\/\/compartilhabahia.com.br\/index.php\/wp-json\/wp\/v2\/posts\/7340\/revisions\/7342"}],"wp:featuredmedia":[{"embeddable":true,"href":"https:\/\/compartilhabahia.com.br\/index.php\/wp-json\/wp\/v2\/media\/7341"}],"wp:attachment":[{"href":"https:\/\/compartilhabahia.com.br\/index.php\/wp-json\/wp\/v2\/media?parent=7340"}],"wp:term":[{"taxonomy":"category","embeddable":true,"href":"https:\/\/compartilhabahia.com.br\/index.php\/wp-json\/wp\/v2\/categories?post=7340"},{"taxonomy":"post_tag","embeddable":true,"href":"https:\/\/compartilhabahia.com.br\/index.php\/wp-json\/wp\/v2\/tags?post=7340"}],"curies":[{"name":"wp","href":"https:\/\/api.w.org\/{rel}","templated":true}]}}