{"id":734,"date":"2024-01-21T16:20:36","date_gmt":"2024-01-21T16:20:36","guid":{"rendered":"https:\/\/compartilhabahia.com.br\/?p=734"},"modified":"2024-01-21T16:30:24","modified_gmt":"2024-01-21T16:30:24","slug":"voce-viu-o-video-homem-morre-apos-abordagem-violenta-em-salvador","status":"publish","type":"post","link":"https:\/\/compartilhabahia.com.br\/index.php\/2024\/01\/21\/voce-viu-o-video-homem-morre-apos-abordagem-violenta-em-salvador\/","title":{"rendered":"Voc\u00ea viu o v\u00eddeo? homem morre ap\u00f3s abordagem violenta em Salvador"},"content":{"rendered":"\n<p>O porteiro Edmar Santos Costa, de 38 anos, morreu ao sofrer uma parada cardiorrespirat\u00f3ria ap\u00f3s se envolver em uma confus\u00e3o no Terminal de \u00d4nibus Acesso Norte, em&nbsp;Salvador. O&nbsp;caso aconteceu na manh\u00e3 de 6 de janeiro, mas s\u00f3 veio \u00e0 tona na sexta-feira (19), ap\u00f3s a&nbsp;repercuss\u00e3o de um&nbsp;v\u00eddeo que registra o momento em que ele foi abordado&nbsp;por seguran\u00e7as do sistema metrovi\u00e1rio, onde h\u00e1 integra\u00e7\u00e3o entre metr\u00f4 e \u00f4nibus.&nbsp;Veja o que se sabe sobre o caso:&nbsp;<\/p>\n\n\n\n<p>1.&nbsp;Qual a cronologia do ocorrido?&nbsp;<br>2.&nbsp;O que a CCR Metr\u00f4 Bahia diz sobre o caso?&nbsp;<br>3.&nbsp;Qual o posicionamento da Secretaria Municipal de Sa\u00fade?&nbsp;<br>4.&nbsp;Qual a linha de investiga\u00e7\u00e3o?&nbsp;<br>5.&nbsp;O que a fam\u00edlia de Edmar diz sobre a situa\u00e7\u00e3o?&nbsp;<br>6.&nbsp;O que falta esclarecer?&nbsp;<\/p>\n\n\n\n<p>1. Qual a cronologia do ocorrido?&nbsp;<\/p>\n\n\n\n<p>Pol\u00edcia Civil investiga morte de homem ap\u00f3s abordagem em esta\u00e7\u00e3o de transporte na Bahia&nbsp;<\/p>\n\n\n\n<p>Imagens das c\u00e2meras de seguran\u00e7a mostram o momento em que Edmar Santos Costa foi arrastado por dois agentes para a cal\u00e7ada, j\u00e1 na esta\u00e7\u00e3o de \u00f4nibus vinculada ao sistema metrovi\u00e1rio, na R\u00f3tula do Abacaxi.\u00a0<\/p>\n\n\n\n<figure class=\"wp-block-image size-large\"><img loading=\"lazy\" decoding=\"async\" width=\"1024\" height=\"576\" src=\"https:\/\/compartilhabahia.com.br\/wp-content\/uploads\/2024\/01\/WhatsApp-Image-2024-01-21-at-13.28.10-1024x576.jpeg\" alt=\"\" class=\"wp-image-738\" srcset=\"https:\/\/compartilhabahia.com.br\/wp-content\/uploads\/2024\/01\/WhatsApp-Image-2024-01-21-at-13.28.10-1024x576.jpeg 1024w, https:\/\/compartilhabahia.com.br\/wp-content\/uploads\/2024\/01\/WhatsApp-Image-2024-01-21-at-13.28.10-300x169.jpeg 300w, https:\/\/compartilhabahia.com.br\/wp-content\/uploads\/2024\/01\/WhatsApp-Image-2024-01-21-at-13.28.10-768x432.jpeg 768w, https:\/\/compartilhabahia.com.br\/wp-content\/uploads\/2024\/01\/WhatsApp-Image-2024-01-21-at-13.28.10.jpeg 1366w\" sizes=\"auto, (max-width: 1024px) 100vw, 1024px\" \/><\/figure>\n\n\n\n<p>Confira a sequ\u00eancia de fatos:&nbsp;<\/p>\n\n\n\n<p>\ud83d\udc49 Edmar cai em uma das entradas do terminal e \u00e9 amparado por pessoas que estavam no local. Depois ele consegue se reerguer e sai caminhando;&nbsp;<\/p>\n\n\n\n<p>\ud83d\udc49 Um homem deixa um cooler na esta\u00e7\u00e3o de \u00f4nibus;&nbsp;<\/p>\n\n\n\n<p>\ud83d\udc49 Edmar \u00e9 filmado pegando o cooler, depois circulando pela esta\u00e7\u00e3o;&nbsp;<\/p>\n\n\n\n<p>\ud83d\udc49&nbsp;Ele entra em um \u00f4nibus e \u00e9 agredido por outro homem; come\u00e7a uma confus\u00e3o no local;&nbsp;<\/p>\n\n\n\n<p>\ud83d\udc49&nbsp;Atenuada a briga, o homem que deixou o cooler na esta\u00e7\u00e3o recupera a caixa t\u00e9rmica.&nbsp;<\/p>\n\n\n\n<p>A sequ\u00eancia \u00e9 interrompida e novos fatos s\u00e3o registrados em um segundo v\u00eddeo:&nbsp;<\/p>\n\n\n\n<p>\ud83d\udc49 Detido por seguran\u00e7as, Edmar \u00e9 arremessado ao ch\u00e3o;&nbsp;<\/p>\n\n\n\n<p>\ud83d\udc49&nbsp;Os agentes usam as pernas para prend\u00ea-lo no local \u2014 um seguran\u00e7a coloca o joelho nas costas do homem, e o outro apoia o membro no pesco\u00e7o dele. O momento dura 13 segundos;&nbsp;<\/p>\n\n\n\n<p>\ud83d\udc49 O segundo seguran\u00e7a se levanta e parece discutir com cidad\u00e3os que presenciaram a a\u00e7\u00e3o, enquanto o colega mant\u00e9m Edmar preso ao ch\u00e3o com a perna nas costas dele;&nbsp;<\/p>\n\n\n\n<p>\ud83d\udc49&nbsp;As pessoas que se aproximaram dos seguran\u00e7as dispersam e eles se voltam para o homem preso ao ch\u00e3o;&nbsp;<\/p>\n\n\n\n<p>\ud83d\udc49 \u00c9 poss\u00edvel ver que Edmar j\u00e1 n\u00e3o se mexe mais;&nbsp;<\/p>\n\n\n\n<p>\ud83d\udc49 Mais um seguran\u00e7a chega com uma maca para colocarem Edmar;&nbsp;<\/p>\n\n\n\n<p>\ud83d\udc49 Os seguran\u00e7as carregam a maca e saem da \u00e1rea de capta\u00e7\u00e3o da c\u00e2mera.&nbsp;<\/p>\n\n\n\n<p>2. O que a CCR Metr\u00f4 Bahia diz sobre o caso?&nbsp;<\/p>\n\n\n\n<p>Em nota \u00e0 imprensa, a CCR, administradora do metr\u00f4, lamentou a morte de Edmar Santos Costa e disse que instaurou procedimento interno para apurar os fatos.&nbsp;<\/p>\n\n\n\n<p>A concession\u00e1ria ressalta que, desde o ocorrido, colabora com as autoridades na investiga\u00e7\u00e3o dos fatos, tendo cedido a \u00edntegra das imagens de suas c\u00e2meras internas.&nbsp;<\/p>\n\n\n\n<p>Segundo a empresa:&nbsp;<\/p>\n\n\n\n<p>O passageiro ingressou no terminal cambaleando e chega a cair ao ch\u00e3o, sendo ajudado por outras pessoas que estavam no local;&nbsp;<\/p>\n\n\n\n<p>Instantes depois, ele se envolveu em uma briga com um vendedor ambulante dentro de um \u00f4nibus, sendo tamb\u00e9m agredido por terceiros;&nbsp;<\/p>\n\n\n\n<p>Ao constatar a confus\u00e3o, os agentes de atendimento e seguran\u00e7a se dirigiram ao local e contiveram o passageiro, acionando, em seguida, a Pol\u00edcia Militar e o Servi\u00e7o de Atendimento M\u00f3vel de Urg\u00eancia (Samu).&nbsp;<\/p>\n\n\n\n<p>Os agentes que participaram desta ocorr\u00eancia foram afastados das fun\u00e7\u00f5es&nbsp;operacionais at\u00e9 a conclus\u00e3o das investiga\u00e7\u00f5es, segundo a concession\u00e1ria. Eles tamb\u00e9m j\u00e1&nbsp;prestaram depoimento \u00e0 pol\u00edcia.&nbsp;<\/p>\n\n\n\n<p>A empresa ainda afirma que investe em um programa cont\u00ednuo de capacita\u00e7\u00e3o e treinamentos para os seus colaboradores, com o principal objetivo de prestar um servi\u00e7o de qualidade \u00e0 popula\u00e7\u00e3o.&nbsp;<\/p>\n\n\n\n<p>Questionada se os agentes prestaram os primeiros socorros a Edmar, a CCR disse que os seguran\u00e7as o conduziram para a sala de APS ao constatar o mal s\u00fabito \u2014 no local, acionaram o Samu. De acordo com a empresa, a sala em quest\u00e3o conta com todos os equipamentos de reanima\u00e7\u00e3o e equipe treinada.&nbsp;<\/p>\n\n\n\n<p>3.&nbsp;Qual o posicionamento da Secretaria Municipal de Sa\u00fade?&nbsp;<\/p>\n\n\n\n<p>O Samu confirmou que foi acionado para a ocorr\u00eancia e que uma equipe de sa\u00fade fez manobras de reanima\u00e7\u00e3o, mas n\u00e3o conseguiu salvar o paciente, que teve a morte atestada pelo Samu ainda dentro da esta\u00e7\u00e3o.&nbsp;<\/p>\n\n\n\n<p>O corpo dele foi levado pelo Samu para o necrot\u00e9rio do Pronto Atendimento do 16\u00ba Centro de Sa\u00fade Maria Concei\u00e7\u00e3o Imbassahy, no Pau Mi\u00fado.&nbsp;<\/p>\n\n\n\n<p>Disse ainda que o \u00f3rg\u00e3o respons\u00e1vel para a remo\u00e7\u00e3o do corpo do paciente foi acionado para aguardar o IML.&nbsp;<\/p>\n\n\n\n<p>4. Qual a linha de investiga\u00e7\u00e3o?&nbsp;<\/p>\n\n\n\n<p>A Pol\u00edcia Civil informou que apura\u00e7\u00f5es iniciais indicam que duas por\u00e7\u00f5es de coca\u00edna foram encontradas no bolso da roupa de Edmar.&nbsp;<\/p>\n\n\n\n<p>Ele teria se envolvido em uma briga, que foi interceptada pelos seguran\u00e7as do metr\u00f4.&nbsp;<\/p>\n\n\n\n<p>5. O que diz a fam\u00edlia de Edmar?&nbsp;<\/p>\n\n\n\n<p>Segundo o advogado Pedro Fernandes, que representa a fam\u00edlia, Edmar estava a caminho do trabalho quando a situa\u00e7\u00e3o ocorreu. Houve a confus\u00e3o, com abordagem considerada truculenta pelo advogado, seguida da constata\u00e7\u00e3o do \u00f3bito. Fernandes afirma que a causa da morte foi parada cardiorrespirat\u00f3ria, conforme registro do Samu.&nbsp;<\/p>\n\n\n\n<p>A fam\u00edlia busca assist\u00eancia jur\u00eddica para obter repara\u00e7\u00e3o, j\u00e1 que acusa a CCR de n\u00e3o prestar qualquer satisfa\u00e7\u00e3o sobre o ocorrido.&nbsp;<\/p>\n\n\n\n<p>Uma irm\u00e3 de Edmar, que preferiu n\u00e3o se identificar, questionou a abordagem realizada pelos seguran\u00e7as da CCR Metr\u00f4 Bahia.&nbsp;<\/p>\n\n\n\n<p>A fam\u00edlia do homem&nbsp;tamb\u00e9m questionou porque n\u00e3o foi comunicada&nbsp;sobre o que tinha acontecido na esta\u00e7\u00e3o de transporte, j\u00e1 que ele estava com documentos e com o celular quando tudo aconteceu.&nbsp;<\/p>\n\n\n\n<p>&#8220;Eu tenho certeza que tudo isso poderia ter sido evitado. A dor da revolta \u00e9 justamente essa. O que a gente entende vendo as imagens \u00e9 que foi algo desnecess\u00e1rio. Ele j\u00e1 estava ali contido, ent\u00e3o por que aquele excesso?&#8221;, questionou a mulher.&nbsp;<\/p>\n\n\n\n<p>Liga\u00e7\u00f5es teriam sido realizadas para o telefone de Edmar no momento em que ele foi abordado pelos seguran\u00e7as da CCR Metr\u00f4 Bahia.&nbsp;<\/p>\n\n\n\n<p>A fam\u00edlia informou que s\u00f3 soube do desaparecimento de Edmar quando o patr\u00e3o dele ligou para familiares informando a aus\u00eancia dele no trabalho na manh\u00e3 do dia 6 de janeiro.&nbsp;<\/p>\n\n\n\n<p>Depois disso, a fam\u00edlia de Edmar come\u00e7ou a procur\u00e1-lo, mas s\u00f3 o encontrou morto, no Instituto M\u00e9dico Legal (IML), por volta das 18h30.&nbsp;<\/p>\n\n\n\n<p>Os familiares receberam no local apenas a informa\u00e7\u00e3o de que ele teria morrido ap\u00f3s passar mal em uma esta\u00e7\u00e3o de metr\u00f4 e sofrer uma parada cardiorrespirat\u00f3ria. Al\u00e9m disso, a fam\u00edlia n\u00e3o foi informada para qual unidade de sa\u00fade o homem foi levado.&nbsp;<\/p>\n\n\n\n<p>Somente na \u00faltima semana os familiares tiveram acesso \u00e0s imagens das c\u00e2meras de seguran\u00e7a na esta\u00e7\u00e3o de \u00f4nibus e entraram em contato com advogados para responsabilizar quem eles acreditam que sejam os respons\u00e1veis pela morte de Edmar.&nbsp;<\/p>\n\n\n\n<p>Os familiares agora querem ter acesso \u00e0s c\u00e2meras de seguran\u00e7as dos fardamentos dos seguran\u00e7as do metr\u00f4.&nbsp;<\/p>\n\n\n\n<p>6. O que falta esclarecer?&nbsp;<\/p>\n\n\n\n<p>A fam\u00edlia de Edmar acredita que a abordagem realizada pelos seguran\u00e7as da CCR Metr\u00f4 Bahia pode ter provocado a parada cardiorrespirat\u00f3ria que ele sofreu.&nbsp;<\/p>\n\n\n\n<p>No entanto, a causa da morte ainda n\u00e3o foi definida pelo Departamento de Pol\u00edcia T\u00e9cnica, que tem um prazo de 30 dias, a partir da data do ocorrido, para emitir o documento.&nbsp;<\/p>\n\n\n\n<p>A pol\u00edcia disse que testemunhas est\u00e3o sendo ouvidas, imagens de c\u00e2meras de seguran\u00e7a s\u00e3o analisadas e outras dilig\u00eancias investigativas est\u00e3o sendo feitas para esclarecer o caso. Laudos periciais tamb\u00e9m v\u00e3o complementar as investiga\u00e7\u00f5es.&nbsp;<\/p>\n","protected":false},"excerpt":{"rendered":"<p>O porteiro Edmar Santos Costa, de 38 anos, morreu ao sofrer uma parada cardiorrespirat\u00f3ria ap\u00f3s se envolver em uma confus\u00e3o no Terminal de \u00d4nibus Acesso Norte, em&nbsp;Salvador. O&nbsp;caso aconteceu na manh\u00e3 de 6 de janeiro, mas s\u00f3 veio \u00e0 tona na sexta-feira (19), ap\u00f3s a&nbsp;repercuss\u00e3o de um&nbsp;v\u00eddeo que registra o momento em que ele foi [&hellip;]<\/p>\n","protected":false},"author":1,"featured_media":735,"comment_status":"open","ping_status":"open","sticky":false,"template":"","format":"standard","meta":{"footnotes":""},"categories":[10],"tags":[],"class_list":["post-734","post","type-post","status-publish","format-standard","has-post-thumbnail","hentry","category-bahia"],"yoast_head":"<!-- This site is optimized with the Yoast SEO plugin v21.7 - https:\/\/yoast.com\/wordpress\/plugins\/seo\/ -->\n<title>Voc\u00ea viu o v\u00eddeo? homem morre ap\u00f3s abordagem violenta em Salvador - Compartilha Bahia<\/title>\n<meta name=\"robots\" content=\"index, follow, max-snippet:-1, max-image-preview:large, max-video-preview:-1\" \/>\n<link rel=\"canonical\" href=\"https:\/\/compartilhabahia.com.br\/index.php\/2024\/01\/21\/voce-viu-o-video-homem-morre-apos-abordagem-violenta-em-salvador\/\" \/>\n<meta property=\"og:locale\" content=\"pt_BR\" \/>\n<meta property=\"og:type\" content=\"article\" \/>\n<meta property=\"og:title\" content=\"Voc\u00ea viu o v\u00eddeo? homem morre ap\u00f3s abordagem violenta em Salvador - Compartilha Bahia\" \/>\n<meta property=\"og:description\" content=\"O porteiro Edmar Santos Costa, de 38 anos, morreu ao sofrer uma parada cardiorrespirat\u00f3ria ap\u00f3s se envolver em uma confus\u00e3o no Terminal de \u00d4nibus Acesso Norte, em&nbsp;Salvador. O&nbsp;caso aconteceu na manh\u00e3 de 6 de janeiro, mas s\u00f3 veio \u00e0 tona na sexta-feira (19), ap\u00f3s a&nbsp;repercuss\u00e3o de um&nbsp;v\u00eddeo que registra o momento em que ele foi [&hellip;]\" \/>\n<meta property=\"og:url\" content=\"https:\/\/compartilhabahia.com.br\/index.php\/2024\/01\/21\/voce-viu-o-video-homem-morre-apos-abordagem-violenta-em-salvador\/\" \/>\n<meta property=\"og:site_name\" content=\"Compartilha Bahia\" \/>\n<meta property=\"article:publisher\" content=\"https:\/\/web.facebook.com\/compartilhabahia\" \/>\n<meta property=\"article:published_time\" content=\"2024-01-21T16:20:36+00:00\" \/>\n<meta property=\"article:modified_time\" content=\"2024-01-21T16:30:24+00:00\" \/>\n<meta property=\"og:image\" content=\"https:\/\/compartilhabahia.com.br\/wp-content\/uploads\/2024\/01\/whatsapp-image-2024-01-20-at-11.16.37.webp\" \/>\n\t<meta property=\"og:image:width\" content=\"1000\" \/>\n\t<meta property=\"og:image:height\" content=\"741\" \/>\n\t<meta property=\"og:image:type\" content=\"image\/webp\" \/>\n<meta name=\"author\" content=\"admin\" \/>\n<meta name=\"twitter:card\" content=\"summary_large_image\" \/>\n<meta name=\"twitter:label1\" content=\"Escrito por\" \/>\n\t<meta name=\"twitter:data1\" content=\"admin\" \/>\n\t<meta name=\"twitter:label2\" content=\"Est. tempo de leitura\" \/>\n\t<meta name=\"twitter:data2\" content=\"8 minutos\" \/>\n<script type=\"application\/ld+json\" class=\"yoast-schema-graph\">{\"@context\":\"https:\/\/schema.org\",\"@graph\":[{\"@type\":\"Article\",\"@id\":\"https:\/\/compartilhabahia.com.br\/index.php\/2024\/01\/21\/voce-viu-o-video-homem-morre-apos-abordagem-violenta-em-salvador\/#article\",\"isPartOf\":{\"@id\":\"https:\/\/compartilhabahia.com.br\/index.php\/2024\/01\/21\/voce-viu-o-video-homem-morre-apos-abordagem-violenta-em-salvador\/\"},\"author\":{\"name\":\"admin\",\"@id\":\"https:\/\/compartilhabahia.com.br\/#\/schema\/person\/9b4f0c3178793b8248d6686732521c04\"},\"headline\":\"Voc\u00ea viu o v\u00eddeo? homem morre ap\u00f3s abordagem violenta em Salvador\",\"datePublished\":\"2024-01-21T16:20:36+00:00\",\"dateModified\":\"2024-01-21T16:30:24+00:00\",\"mainEntityOfPage\":{\"@id\":\"https:\/\/compartilhabahia.com.br\/index.php\/2024\/01\/21\/voce-viu-o-video-homem-morre-apos-abordagem-violenta-em-salvador\/\"},\"wordCount\":1419,\"commentCount\":0,\"publisher\":{\"@id\":\"https:\/\/compartilhabahia.com.br\/#organization\"},\"articleSection\":[\"Bahia\"],\"inLanguage\":\"pt-BR\",\"potentialAction\":[{\"@type\":\"CommentAction\",\"name\":\"Comment\",\"target\":[\"https:\/\/compartilhabahia.com.br\/index.php\/2024\/01\/21\/voce-viu-o-video-homem-morre-apos-abordagem-violenta-em-salvador\/#respond\"]}]},{\"@type\":\"WebPage\",\"@id\":\"https:\/\/compartilhabahia.com.br\/index.php\/2024\/01\/21\/voce-viu-o-video-homem-morre-apos-abordagem-violenta-em-salvador\/\",\"url\":\"https:\/\/compartilhabahia.com.br\/index.php\/2024\/01\/21\/voce-viu-o-video-homem-morre-apos-abordagem-violenta-em-salvador\/\",\"name\":\"Voc\u00ea viu o v\u00eddeo? homem morre ap\u00f3s abordagem violenta em Salvador - Compartilha Bahia\",\"isPartOf\":{\"@id\":\"https:\/\/compartilhabahia.com.br\/#website\"},\"datePublished\":\"2024-01-21T16:20:36+00:00\",\"dateModified\":\"2024-01-21T16:30:24+00:00\",\"breadcrumb\":{\"@id\":\"https:\/\/compartilhabahia.com.br\/index.php\/2024\/01\/21\/voce-viu-o-video-homem-morre-apos-abordagem-violenta-em-salvador\/#breadcrumb\"},\"inLanguage\":\"pt-BR\",\"potentialAction\":[{\"@type\":\"ReadAction\",\"target\":[\"https:\/\/compartilhabahia.com.br\/index.php\/2024\/01\/21\/voce-viu-o-video-homem-morre-apos-abordagem-violenta-em-salvador\/\"]}]},{\"@type\":\"BreadcrumbList\",\"@id\":\"https:\/\/compartilhabahia.com.br\/index.php\/2024\/01\/21\/voce-viu-o-video-homem-morre-apos-abordagem-violenta-em-salvador\/#breadcrumb\",\"itemListElement\":[{\"@type\":\"ListItem\",\"position\":1,\"name\":\"In\u00edcio\",\"item\":\"https:\/\/compartilhabahia.com.br\/\"},{\"@type\":\"ListItem\",\"position\":2,\"name\":\"Voc\u00ea viu o v\u00eddeo? homem morre ap\u00f3s abordagem violenta em Salvador\"}]},{\"@type\":\"WebSite\",\"@id\":\"https:\/\/compartilhabahia.com.br\/#website\",\"url\":\"https:\/\/compartilhabahia.com.br\/\",\"name\":\"Compartilha Bahia\",\"description\":\"\",\"publisher\":{\"@id\":\"https:\/\/compartilhabahia.com.br\/#organization\"},\"potentialAction\":[{\"@type\":\"SearchAction\",\"target\":{\"@type\":\"EntryPoint\",\"urlTemplate\":\"https:\/\/compartilhabahia.com.br\/?s={search_term_string}\"},\"query-input\":\"required name=search_term_string\"}],\"inLanguage\":\"pt-BR\"},{\"@type\":\"Organization\",\"@id\":\"https:\/\/compartilhabahia.com.br\/#organization\",\"name\":\"Compartilha Bahia\",\"url\":\"https:\/\/compartilhabahia.com.br\/\",\"logo\":{\"@type\":\"ImageObject\",\"inLanguage\":\"pt-BR\",\"@id\":\"https:\/\/compartilhabahia.com.br\/#\/schema\/logo\/image\/\",\"url\":\"https:\/\/compartilhabahia.com.br\/wp-content\/uploads\/2023\/12\/cropped-logo.png\",\"contentUrl\":\"https:\/\/compartilhabahia.com.br\/wp-content\/uploads\/2023\/12\/cropped-logo.png\",\"width\":300,\"height\":106,\"caption\":\"Compartilha Bahia\"},\"image\":{\"@id\":\"https:\/\/compartilhabahia.com.br\/#\/schema\/logo\/image\/\"},\"sameAs\":[\"https:\/\/web.facebook.com\/compartilhabahia\",\"https:\/\/www.instagram.com\/compartilhabahia\/\"]},{\"@type\":\"Person\",\"@id\":\"https:\/\/compartilhabahia.com.br\/#\/schema\/person\/9b4f0c3178793b8248d6686732521c04\",\"name\":\"admin\",\"image\":{\"@type\":\"ImageObject\",\"inLanguage\":\"pt-BR\",\"@id\":\"https:\/\/compartilhabahia.com.br\/#\/schema\/person\/image\/\",\"url\":\"https:\/\/secure.gravatar.com\/avatar\/9600df58751c5acbe914c538c03390ef649ea088cb65f84ba09c7ce66988eed6?s=96&d=mm&r=g\",\"contentUrl\":\"https:\/\/secure.gravatar.com\/avatar\/9600df58751c5acbe914c538c03390ef649ea088cb65f84ba09c7ce66988eed6?s=96&d=mm&r=g\",\"caption\":\"admin\"},\"sameAs\":[\"https:\/\/compartilhabahia.com.br\"],\"url\":\"https:\/\/compartilhabahia.com.br\/index.php\/author\/compartilhabahia\/\"}]}<\/script>\n<!-- \/ Yoast SEO plugin. -->","yoast_head_json":{"title":"Voc\u00ea viu o v\u00eddeo? homem morre ap\u00f3s abordagem violenta em Salvador - Compartilha Bahia","robots":{"index":"index","follow":"follow","max-snippet":"max-snippet:-1","max-image-preview":"max-image-preview:large","max-video-preview":"max-video-preview:-1"},"canonical":"https:\/\/compartilhabahia.com.br\/index.php\/2024\/01\/21\/voce-viu-o-video-homem-morre-apos-abordagem-violenta-em-salvador\/","og_locale":"pt_BR","og_type":"article","og_title":"Voc\u00ea viu o v\u00eddeo? homem morre ap\u00f3s abordagem violenta em Salvador - Compartilha Bahia","og_description":"O porteiro Edmar Santos Costa, de 38 anos, morreu ao sofrer uma parada cardiorrespirat\u00f3ria ap\u00f3s se envolver em uma confus\u00e3o no Terminal de \u00d4nibus Acesso Norte, em&nbsp;Salvador. O&nbsp;caso aconteceu na manh\u00e3 de 6 de janeiro, mas s\u00f3 veio \u00e0 tona na sexta-feira (19), ap\u00f3s a&nbsp;repercuss\u00e3o de um&nbsp;v\u00eddeo que registra o momento em que ele foi [&hellip;]","og_url":"https:\/\/compartilhabahia.com.br\/index.php\/2024\/01\/21\/voce-viu-o-video-homem-morre-apos-abordagem-violenta-em-salvador\/","og_site_name":"Compartilha Bahia","article_publisher":"https:\/\/web.facebook.com\/compartilhabahia","article_published_time":"2024-01-21T16:20:36+00:00","article_modified_time":"2024-01-21T16:30:24+00:00","og_image":[{"width":1000,"height":741,"url":"https:\/\/compartilhabahia.com.br\/wp-content\/uploads\/2024\/01\/whatsapp-image-2024-01-20-at-11.16.37.webp","type":"image\/webp"}],"author":"admin","twitter_card":"summary_large_image","twitter_misc":{"Escrito por":"admin","Est. tempo de leitura":"8 minutos"},"schema":{"@context":"https:\/\/schema.org","@graph":[{"@type":"Article","@id":"https:\/\/compartilhabahia.com.br\/index.php\/2024\/01\/21\/voce-viu-o-video-homem-morre-apos-abordagem-violenta-em-salvador\/#article","isPartOf":{"@id":"https:\/\/compartilhabahia.com.br\/index.php\/2024\/01\/21\/voce-viu-o-video-homem-morre-apos-abordagem-violenta-em-salvador\/"},"author":{"name":"admin","@id":"https:\/\/compartilhabahia.com.br\/#\/schema\/person\/9b4f0c3178793b8248d6686732521c04"},"headline":"Voc\u00ea viu o v\u00eddeo? homem morre ap\u00f3s abordagem violenta em Salvador","datePublished":"2024-01-21T16:20:36+00:00","dateModified":"2024-01-21T16:30:24+00:00","mainEntityOfPage":{"@id":"https:\/\/compartilhabahia.com.br\/index.php\/2024\/01\/21\/voce-viu-o-video-homem-morre-apos-abordagem-violenta-em-salvador\/"},"wordCount":1419,"commentCount":0,"publisher":{"@id":"https:\/\/compartilhabahia.com.br\/#organization"},"articleSection":["Bahia"],"inLanguage":"pt-BR","potentialAction":[{"@type":"CommentAction","name":"Comment","target":["https:\/\/compartilhabahia.com.br\/index.php\/2024\/01\/21\/voce-viu-o-video-homem-morre-apos-abordagem-violenta-em-salvador\/#respond"]}]},{"@type":"WebPage","@id":"https:\/\/compartilhabahia.com.br\/index.php\/2024\/01\/21\/voce-viu-o-video-homem-morre-apos-abordagem-violenta-em-salvador\/","url":"https:\/\/compartilhabahia.com.br\/index.php\/2024\/01\/21\/voce-viu-o-video-homem-morre-apos-abordagem-violenta-em-salvador\/","name":"Voc\u00ea viu o v\u00eddeo? homem morre ap\u00f3s abordagem violenta em Salvador - Compartilha Bahia","isPartOf":{"@id":"https:\/\/compartilhabahia.com.br\/#website"},"datePublished":"2024-01-21T16:20:36+00:00","dateModified":"2024-01-21T16:30:24+00:00","breadcrumb":{"@id":"https:\/\/compartilhabahia.com.br\/index.php\/2024\/01\/21\/voce-viu-o-video-homem-morre-apos-abordagem-violenta-em-salvador\/#breadcrumb"},"inLanguage":"pt-BR","potentialAction":[{"@type":"ReadAction","target":["https:\/\/compartilhabahia.com.br\/index.php\/2024\/01\/21\/voce-viu-o-video-homem-morre-apos-abordagem-violenta-em-salvador\/"]}]},{"@type":"BreadcrumbList","@id":"https:\/\/compartilhabahia.com.br\/index.php\/2024\/01\/21\/voce-viu-o-video-homem-morre-apos-abordagem-violenta-em-salvador\/#breadcrumb","itemListElement":[{"@type":"ListItem","position":1,"name":"In\u00edcio","item":"https:\/\/compartilhabahia.com.br\/"},{"@type":"ListItem","position":2,"name":"Voc\u00ea viu o v\u00eddeo? homem morre ap\u00f3s abordagem violenta em Salvador"}]},{"@type":"WebSite","@id":"https:\/\/compartilhabahia.com.br\/#website","url":"https:\/\/compartilhabahia.com.br\/","name":"Compartilha Bahia","description":"","publisher":{"@id":"https:\/\/compartilhabahia.com.br\/#organization"},"potentialAction":[{"@type":"SearchAction","target":{"@type":"EntryPoint","urlTemplate":"https:\/\/compartilhabahia.com.br\/?s={search_term_string}"},"query-input":"required name=search_term_string"}],"inLanguage":"pt-BR"},{"@type":"Organization","@id":"https:\/\/compartilhabahia.com.br\/#organization","name":"Compartilha Bahia","url":"https:\/\/compartilhabahia.com.br\/","logo":{"@type":"ImageObject","inLanguage":"pt-BR","@id":"https:\/\/compartilhabahia.com.br\/#\/schema\/logo\/image\/","url":"https:\/\/compartilhabahia.com.br\/wp-content\/uploads\/2023\/12\/cropped-logo.png","contentUrl":"https:\/\/compartilhabahia.com.br\/wp-content\/uploads\/2023\/12\/cropped-logo.png","width":300,"height":106,"caption":"Compartilha Bahia"},"image":{"@id":"https:\/\/compartilhabahia.com.br\/#\/schema\/logo\/image\/"},"sameAs":["https:\/\/web.facebook.com\/compartilhabahia","https:\/\/www.instagram.com\/compartilhabahia\/"]},{"@type":"Person","@id":"https:\/\/compartilhabahia.com.br\/#\/schema\/person\/9b4f0c3178793b8248d6686732521c04","name":"admin","image":{"@type":"ImageObject","inLanguage":"pt-BR","@id":"https:\/\/compartilhabahia.com.br\/#\/schema\/person\/image\/","url":"https:\/\/secure.gravatar.com\/avatar\/9600df58751c5acbe914c538c03390ef649ea088cb65f84ba09c7ce66988eed6?s=96&d=mm&r=g","contentUrl":"https:\/\/secure.gravatar.com\/avatar\/9600df58751c5acbe914c538c03390ef649ea088cb65f84ba09c7ce66988eed6?s=96&d=mm&r=g","caption":"admin"},"sameAs":["https:\/\/compartilhabahia.com.br"],"url":"https:\/\/compartilhabahia.com.br\/index.php\/author\/compartilhabahia\/"}]}},"_links":{"self":[{"href":"https:\/\/compartilhabahia.com.br\/index.php\/wp-json\/wp\/v2\/posts\/734","targetHints":{"allow":["GET"]}}],"collection":[{"href":"https:\/\/compartilhabahia.com.br\/index.php\/wp-json\/wp\/v2\/posts"}],"about":[{"href":"https:\/\/compartilhabahia.com.br\/index.php\/wp-json\/wp\/v2\/types\/post"}],"author":[{"embeddable":true,"href":"https:\/\/compartilhabahia.com.br\/index.php\/wp-json\/wp\/v2\/users\/1"}],"replies":[{"embeddable":true,"href":"https:\/\/compartilhabahia.com.br\/index.php\/wp-json\/wp\/v2\/comments?post=734"}],"version-history":[{"count":2,"href":"https:\/\/compartilhabahia.com.br\/index.php\/wp-json\/wp\/v2\/posts\/734\/revisions"}],"predecessor-version":[{"id":739,"href":"https:\/\/compartilhabahia.com.br\/index.php\/wp-json\/wp\/v2\/posts\/734\/revisions\/739"}],"wp:featuredmedia":[{"embeddable":true,"href":"https:\/\/compartilhabahia.com.br\/index.php\/wp-json\/wp\/v2\/media\/735"}],"wp:attachment":[{"href":"https:\/\/compartilhabahia.com.br\/index.php\/wp-json\/wp\/v2\/media?parent=734"}],"wp:term":[{"taxonomy":"category","embeddable":true,"href":"https:\/\/compartilhabahia.com.br\/index.php\/wp-json\/wp\/v2\/categories?post=734"},{"taxonomy":"post_tag","embeddable":true,"href":"https:\/\/compartilhabahia.com.br\/index.php\/wp-json\/wp\/v2\/tags?post=734"}],"curies":[{"name":"wp","href":"https:\/\/api.w.org\/{rel}","templated":true}]}}