{"id":7335,"date":"2025-07-25T00:16:38","date_gmt":"2025-07-25T03:16:38","guid":{"rendered":"https:\/\/compartilhabahia.com.br\/?p=7335"},"modified":"2025-07-25T00:18:05","modified_gmt":"2025-07-25T03:18:05","slug":"conferencia-municipal-para-mulheres-acontece-nesta-sexta-as-13h-na-famec","status":"publish","type":"post","link":"https:\/\/compartilhabahia.com.br\/index.php\/2025\/07\/25\/conferencia-municipal-para-mulheres-acontece-nesta-sexta-as-13h-na-famec\/","title":{"rendered":"Confer\u00eancia Municipal para Mulheres acontece nesta sexta as 13h na Famec"},"content":{"rendered":"\n<p>Sob a tem\u00e1tica &#8216;Mulheres protagonizando sua hist\u00f3ria: Democracia, respeito, dignidade e autonomia&#8217;, a Secretaria da Mulher de Cama\u00e7ari (Semu) realiza na sexta-feira (25), a partir das 13h, no audit\u00f3rio da Unifamec, a 3\u00aa Confer\u00eancia Municipal de Pol\u00edticas para Mulheres Tereza de Benguela.<\/p>\n\n\n\n<p>A confer\u00eancia ir\u00e1 reunir e consolidar todas as proposi\u00e7\u00f5es debatidas ao longo dos tr\u00eas encontros de escuta que marcaram as pr\u00e9-confer\u00eancias em Vila de Abrantes, no Teatro Alberto Martins (TAM) e no distrito de Parafuso. A ideia \u00e9 reunir todas as demandas em um \u00fanico documento, que servir\u00e1 de base para formula\u00e7\u00e3o de pol\u00edticas p\u00fablicas dirigidas ao p\u00fablico feminino residente no munic\u00edpio. O evento tamb\u00e9m ser\u00e1 marcado pela escolha de uma representante de Cama\u00e7ari para atuar na Confer\u00eancia Estadual de Pol\u00edticas para Mulheres.<\/p>\n\n\n\n<p>As propostas ser\u00e3o agrupadas nos seguintes eixos tem\u00e1ticos: Igualdade no Mundo do Trabalho e Autonomia Econ\u00f4mica; Educa\u00e7\u00e3o para Equidade e Valoriza\u00e7\u00e3o da Diversidade; Enfrentamento a Todas as Formas de Viol\u00eancia Contra a Mulher; Sa\u00fade Integral das Mulheres e Garantia de Direitos; Participa\u00e7\u00e3o das Mulheres nos Espa\u00e7os de Decis\u00e3o e Poder; e Democratiza\u00e7\u00e3o da Comunica\u00e7\u00e3o e Acesso \u00e0 Cultura.<\/p>\n\n\n\n<p>O encontro contar\u00e1 com int\u00e9rprete da L\u00edngua Brasileira de Sinais (Libras), garantindo a inclus\u00e3o e a participa\u00e7\u00e3o de todos os segmentos da sociedade.<\/p>\n\n\n\n<figure class=\"wp-block-image size-large is-resized\"><img loading=\"lazy\" decoding=\"async\" width=\"1024\" height=\"682\" src=\"https:\/\/compartilhabahia.com.br\/wp-content\/uploads\/2025\/07\/WhatsApp-Image-2025-07-17-at-16.58.13-1024x682.jpeg\" alt=\"\" class=\"wp-image-7337\" style=\"width:658px;height:auto\" srcset=\"https:\/\/compartilhabahia.com.br\/wp-content\/uploads\/2025\/07\/WhatsApp-Image-2025-07-17-at-16.58.13-1024x682.jpeg 1024w, https:\/\/compartilhabahia.com.br\/wp-content\/uploads\/2025\/07\/WhatsApp-Image-2025-07-17-at-16.58.13-300x200.jpeg 300w, https:\/\/compartilhabahia.com.br\/wp-content\/uploads\/2025\/07\/WhatsApp-Image-2025-07-17-at-16.58.13-768x512.jpeg 768w, https:\/\/compartilhabahia.com.br\/wp-content\/uploads\/2025\/07\/WhatsApp-Image-2025-07-17-at-16.58.13-1536x1023.jpeg 1536w, https:\/\/compartilhabahia.com.br\/wp-content\/uploads\/2025\/07\/WhatsApp-Image-2025-07-17-at-16.58.13-1200x800.jpeg 1200w, https:\/\/compartilhabahia.com.br\/wp-content\/uploads\/2025\/07\/WhatsApp-Image-2025-07-17-at-16.58.13.jpeg 1600w\" sizes=\"auto, (max-width: 1024px) 100vw, 1024px\" \/><\/figure>\n\n\n\n<p>SAIBA MAIS, SOBRE O QUE JA ACONTECEU, ANTES DESTE DIA PRINCIPAL:<\/p>\n\n\n\n<p><strong>Encontro em Parafuso encerra ciclo preparat\u00f3rio para 3\u00aa Confer\u00eancia Municipal de Pol\u00edticas para Mulheres<\/strong><\/p>\n\n\n\n<p>Ap\u00f3s passar por Vila de Abrantes e pelo Teatro Alberto Martins (TAM), nesta quinta-feira (17) foi a vez da comunidade de Parafuso receber mais um encontro de escuta em prepara\u00e7\u00e3o para a 3\u00aa Confer\u00eancia Municipal de Pol\u00edticas para as Mulheres Tereza de Benguela. A pr\u00e9-confer\u00eancia movimentou o Espa\u00e7o Calasans, fomentando o debate para a constru\u00e7\u00e3o de propostas s\u00f3lidas que alcancem a pluralidade da mulher cama\u00e7ariense, fortalecendo a participa\u00e7\u00e3o social e a garantia da representatividade feminina na constru\u00e7\u00e3o de a\u00e7\u00f5es governamentais mais eficazes.<\/p>\n\n\n\n<p>Promovida pela Secretaria da Mulher de Cama\u00e7ari (Semu), a iniciativa contou com in\u00fameras representa\u00e7\u00f5es de organiza\u00e7\u00f5es da sociedade civil, bem como de estudantes da Escola Municipal Eust\u00e1quio Alves de Santana. Por meio da tem\u00e1tica central \u201cEnfrentamento a todas as formas de viol\u00eancia contra a mulher\u201d, a pr\u00e9-confer\u00eancia, dentre outras abordagens, percorreu por t\u00f3picos, como viol\u00eancia de g\u00eanero, democratiza\u00e7\u00e3o da comunica\u00e7\u00e3o, acesso \u00e0 cultura e autonomia econ\u00f4mica.<\/p>\n\n\n\n<p>Na oportunidade, a titular da Semu, Branca Patr\u00edcia, enfatizou o trabalho que j\u00e1 ocorre na pasta, com o intuito de promover o empoderamento feminino, visando, sobretudo, fomentar a independ\u00eancia financeira das mulheres, al\u00e9m de levar conhecimento formativo para as escolas. \u201cAtrav\u00e9s do N\u00facleo de Qualifica\u00e7\u00e3o e Intermedia\u00e7\u00e3o de M\u00e3o de Obra, estamos levando conhecimento profissional para as mulheres, mostrando que elas podem ir al\u00e9m e serem construtoras das pr\u00f3prias hist\u00f3rias. As pr\u00e9-confer\u00eancias integram essa s\u00e9rie de a\u00e7\u00f5es da Semu para melhor estruturar nossas atividades. Queremos saber quais s\u00e3o as prioridades das mulheres de Parafuso, chegar tamb\u00e9m aos adolescentes e jovens dessa localidade, que representa e reflete uma comunidade de resist\u00eancia, mas que respira e reflete cultura e precisa integrar essa etapa de escuta em meio a tanta representatividade\u201d, pontuou a secret\u00e1ria.<\/p>\n\n\n\n<p>Lana K\u00e1tia Santos, presidente do Conselho Municipal dos Direitos da Mulher e do Grupo de Acolhimento Fraterno Junior Ferreira \u2013 que atua no bairro Cama\u00e7ari de Dentro desempenhando trabalho junto \u00e0s fam\u00edlias em situa\u00e7\u00e3o de vulnerabilidade social \u2013, falou sobre a motiva\u00e7\u00e3o em fazer parte da a\u00e7\u00e3o. \u201cHoje tenho a oportunidade de dizer que estamos aqui para buscar o melhor para todas n\u00f3s. O que me trouxe aqui foi a dor da perda de um filho. Mas, decidi transformar o luto em luta. N\u00e3o tive a oportunidade de ver a for\u00e7a da mulher sendo evidenciada na minha juventude, mas agora posso fazer parte desse novo ciclo, levando conscientiza\u00e7\u00e3o e conhecimento \u00e0s comunidades, escolas e \u00e0 sociedade\u201d, avaliou.<\/p>\n\n\n\n<p>Entre as estudantes o sentimento era o de expans\u00e3o da consci\u00eancia, como destacou a aluna Samile Santana, 12 anos. \u201cAchei edificante estar aqui hoje. Foi poss\u00edvel ver que n\u00f3s, meninas e mulheres, assim como minha m\u00e3e, podemos contar com a Semu e com v\u00e1rias pessoas importantes aqui na cidade. Vou chegar na escola contando para minhas amigas, que n\u00e3o puderam vir, que precisamos falar do nosso valor\u201d, enalteceu a estudante, moradora da comunidade.<\/p>\n\n\n\n<p>Ao longo dos tr\u00eas encontros, a cada nova etapa, os grupos de trabalho tiveram a chance de consolidar as proposi\u00e7\u00f5es para, posteriormente, nortear um \u00fanico documento, que ser\u00e1 a base para a formula\u00e7\u00e3o de pol\u00edticas p\u00fablicas dirigidas ao p\u00fablico feminino residente no munic\u00edpio. A iniciativa tamb\u00e9m consolida a participa\u00e7\u00e3o de Cama\u00e7ari nas confer\u00eancias estadual e nacional.<\/p>\n\n\n\n<p>A pr\u00e9-confer\u00eancia desta quinta-feira marcou o \u00faltimo encontro de prepara\u00e7\u00e3o para a grande Confer\u00eancia Municipal de Pol\u00edticas para as Mulheres Tereza de Benguela, que ir\u00e1 ocorrer no dia 25 de julho (sexta-feira), a partir das 13h, na Unifamec. Interessados em participar do evento podem realizar a inscri\u00e7\u00e3o de forma virtual, atrav\u00e9s deste link. (https:\/\/docs.google.com\/forms\/d\/e\/1FAIpQLScfbX2SRr8oue9dVcDUyVTocbs4baN0lEOeC8tAudPrhaHd5w\/viewform)<\/p>\n","protected":false},"excerpt":{"rendered":"<p>Sob a tem\u00e1tica &#8216;Mulheres protagonizando sua hist\u00f3ria: Democracia, respeito, dignidade e autonomia&#8217;, a Secretaria da Mulher de Cama\u00e7ari (Semu) realiza na sexta-feira (25), a partir das 13h, no audit\u00f3rio da Unifamec, a 3\u00aa Confer\u00eancia Municipal de Pol\u00edticas para Mulheres Tereza de Benguela. A confer\u00eancia ir\u00e1 reunir e consolidar todas as proposi\u00e7\u00f5es debatidas ao longo dos [&hellip;]<\/p>\n","protected":false},"author":1,"featured_media":7336,"comment_status":"open","ping_status":"open","sticky":false,"template":"","format":"standard","meta":{"footnotes":""},"categories":[8],"tags":[],"class_list":["post-7335","post","type-post","status-publish","format-standard","has-post-thumbnail","hentry","category-camacari"],"yoast_head":"<!-- This site is optimized with the Yoast SEO plugin v21.7 - https:\/\/yoast.com\/wordpress\/plugins\/seo\/ -->\n<title>Confer\u00eancia Municipal para Mulheres acontece nesta sexta as 13h na Famec - Compartilha Bahia<\/title>\n<meta name=\"robots\" content=\"index, follow, max-snippet:-1, max-image-preview:large, max-video-preview:-1\" \/>\n<link rel=\"canonical\" href=\"https:\/\/compartilhabahia.com.br\/index.php\/2025\/07\/25\/conferencia-municipal-para-mulheres-acontece-nesta-sexta-as-13h-na-famec\/\" \/>\n<meta property=\"og:locale\" content=\"pt_BR\" \/>\n<meta property=\"og:type\" content=\"article\" \/>\n<meta property=\"og:title\" content=\"Confer\u00eancia Municipal para Mulheres acontece nesta sexta as 13h na Famec - Compartilha Bahia\" \/>\n<meta property=\"og:description\" content=\"Sob a tem\u00e1tica &#8216;Mulheres protagonizando sua hist\u00f3ria: Democracia, respeito, dignidade e autonomia&#8217;, a Secretaria da Mulher de Cama\u00e7ari (Semu) realiza na sexta-feira (25), a partir das 13h, no audit\u00f3rio da Unifamec, a 3\u00aa Confer\u00eancia Municipal de Pol\u00edticas para Mulheres Tereza de Benguela. A confer\u00eancia ir\u00e1 reunir e consolidar todas as proposi\u00e7\u00f5es debatidas ao longo dos [&hellip;]\" \/>\n<meta property=\"og:url\" content=\"https:\/\/compartilhabahia.com.br\/index.php\/2025\/07\/25\/conferencia-municipal-para-mulheres-acontece-nesta-sexta-as-13h-na-famec\/\" \/>\n<meta property=\"og:site_name\" content=\"Compartilha Bahia\" \/>\n<meta property=\"article:publisher\" content=\"https:\/\/web.facebook.com\/compartilhabahia\" \/>\n<meta property=\"article:published_time\" content=\"2025-07-25T03:16:38+00:00\" \/>\n<meta property=\"article:modified_time\" content=\"2025-07-25T03:18:05+00:00\" \/>\n<meta property=\"og:image\" content=\"https:\/\/compartilhabahia.com.br\/wp-content\/uploads\/2025\/07\/famec.jpg\" \/>\n\t<meta property=\"og:image:width\" content=\"896\" \/>\n\t<meta property=\"og:image:height\" content=\"504\" \/>\n\t<meta property=\"og:image:type\" content=\"image\/jpeg\" \/>\n<meta name=\"author\" content=\"admin\" \/>\n<meta name=\"twitter:card\" content=\"summary_large_image\" \/>\n<meta name=\"twitter:label1\" content=\"Escrito por\" \/>\n\t<meta name=\"twitter:data1\" content=\"admin\" \/>\n\t<meta name=\"twitter:label2\" content=\"Est. tempo de leitura\" \/>\n\t<meta name=\"twitter:data2\" content=\"5 minutos\" \/>\n<script type=\"application\/ld+json\" class=\"yoast-schema-graph\">{\"@context\":\"https:\/\/schema.org\",\"@graph\":[{\"@type\":\"Article\",\"@id\":\"https:\/\/compartilhabahia.com.br\/index.php\/2025\/07\/25\/conferencia-municipal-para-mulheres-acontece-nesta-sexta-as-13h-na-famec\/#article\",\"isPartOf\":{\"@id\":\"https:\/\/compartilhabahia.com.br\/index.php\/2025\/07\/25\/conferencia-municipal-para-mulheres-acontece-nesta-sexta-as-13h-na-famec\/\"},\"author\":{\"name\":\"admin\",\"@id\":\"https:\/\/compartilhabahia.com.br\/#\/schema\/person\/9b4f0c3178793b8248d6686732521c04\"},\"headline\":\"Confer\u00eancia Municipal para Mulheres acontece nesta sexta as 13h na Famec\",\"datePublished\":\"2025-07-25T03:16:38+00:00\",\"dateModified\":\"2025-07-25T03:18:05+00:00\",\"mainEntityOfPage\":{\"@id\":\"https:\/\/compartilhabahia.com.br\/index.php\/2025\/07\/25\/conferencia-municipal-para-mulheres-acontece-nesta-sexta-as-13h-na-famec\/\"},\"wordCount\":945,\"commentCount\":0,\"publisher\":{\"@id\":\"https:\/\/compartilhabahia.com.br\/#organization\"},\"articleSection\":[\"Cama\u00e7ari\"],\"inLanguage\":\"pt-BR\",\"potentialAction\":[{\"@type\":\"CommentAction\",\"name\":\"Comment\",\"target\":[\"https:\/\/compartilhabahia.com.br\/index.php\/2025\/07\/25\/conferencia-municipal-para-mulheres-acontece-nesta-sexta-as-13h-na-famec\/#respond\"]}]},{\"@type\":\"WebPage\",\"@id\":\"https:\/\/compartilhabahia.com.br\/index.php\/2025\/07\/25\/conferencia-municipal-para-mulheres-acontece-nesta-sexta-as-13h-na-famec\/\",\"url\":\"https:\/\/compartilhabahia.com.br\/index.php\/2025\/07\/25\/conferencia-municipal-para-mulheres-acontece-nesta-sexta-as-13h-na-famec\/\",\"name\":\"Confer\u00eancia Municipal para Mulheres acontece nesta sexta as 13h na Famec - Compartilha Bahia\",\"isPartOf\":{\"@id\":\"https:\/\/compartilhabahia.com.br\/#website\"},\"datePublished\":\"2025-07-25T03:16:38+00:00\",\"dateModified\":\"2025-07-25T03:18:05+00:00\",\"breadcrumb\":{\"@id\":\"https:\/\/compartilhabahia.com.br\/index.php\/2025\/07\/25\/conferencia-municipal-para-mulheres-acontece-nesta-sexta-as-13h-na-famec\/#breadcrumb\"},\"inLanguage\":\"pt-BR\",\"potentialAction\":[{\"@type\":\"ReadAction\",\"target\":[\"https:\/\/compartilhabahia.com.br\/index.php\/2025\/07\/25\/conferencia-municipal-para-mulheres-acontece-nesta-sexta-as-13h-na-famec\/\"]}]},{\"@type\":\"BreadcrumbList\",\"@id\":\"https:\/\/compartilhabahia.com.br\/index.php\/2025\/07\/25\/conferencia-municipal-para-mulheres-acontece-nesta-sexta-as-13h-na-famec\/#breadcrumb\",\"itemListElement\":[{\"@type\":\"ListItem\",\"position\":1,\"name\":\"In\u00edcio\",\"item\":\"https:\/\/compartilhabahia.com.br\/\"},{\"@type\":\"ListItem\",\"position\":2,\"name\":\"Confer\u00eancia Municipal para Mulheres acontece nesta sexta as 13h na Famec\"}]},{\"@type\":\"WebSite\",\"@id\":\"https:\/\/compartilhabahia.com.br\/#website\",\"url\":\"https:\/\/compartilhabahia.com.br\/\",\"name\":\"Compartilha Bahia\",\"description\":\"\",\"publisher\":{\"@id\":\"https:\/\/compartilhabahia.com.br\/#organization\"},\"potentialAction\":[{\"@type\":\"SearchAction\",\"target\":{\"@type\":\"EntryPoint\",\"urlTemplate\":\"https:\/\/compartilhabahia.com.br\/?s={search_term_string}\"},\"query-input\":\"required name=search_term_string\"}],\"inLanguage\":\"pt-BR\"},{\"@type\":\"Organization\",\"@id\":\"https:\/\/compartilhabahia.com.br\/#organization\",\"name\":\"Compartilha Bahia\",\"url\":\"https:\/\/compartilhabahia.com.br\/\",\"logo\":{\"@type\":\"ImageObject\",\"inLanguage\":\"pt-BR\",\"@id\":\"https:\/\/compartilhabahia.com.br\/#\/schema\/logo\/image\/\",\"url\":\"https:\/\/compartilhabahia.com.br\/wp-content\/uploads\/2023\/12\/cropped-logo.png\",\"contentUrl\":\"https:\/\/compartilhabahia.com.br\/wp-content\/uploads\/2023\/12\/cropped-logo.png\",\"width\":300,\"height\":106,\"caption\":\"Compartilha Bahia\"},\"image\":{\"@id\":\"https:\/\/compartilhabahia.com.br\/#\/schema\/logo\/image\/\"},\"sameAs\":[\"https:\/\/web.facebook.com\/compartilhabahia\",\"https:\/\/www.instagram.com\/compartilhabahia\/\"]},{\"@type\":\"Person\",\"@id\":\"https:\/\/compartilhabahia.com.br\/#\/schema\/person\/9b4f0c3178793b8248d6686732521c04\",\"name\":\"admin\",\"image\":{\"@type\":\"ImageObject\",\"inLanguage\":\"pt-BR\",\"@id\":\"https:\/\/compartilhabahia.com.br\/#\/schema\/person\/image\/\",\"url\":\"https:\/\/secure.gravatar.com\/avatar\/9600df58751c5acbe914c538c03390ef649ea088cb65f84ba09c7ce66988eed6?s=96&d=mm&r=g\",\"contentUrl\":\"https:\/\/secure.gravatar.com\/avatar\/9600df58751c5acbe914c538c03390ef649ea088cb65f84ba09c7ce66988eed6?s=96&d=mm&r=g\",\"caption\":\"admin\"},\"sameAs\":[\"https:\/\/compartilhabahia.com.br\"],\"url\":\"https:\/\/compartilhabahia.com.br\/index.php\/author\/compartilhabahia\/\"}]}<\/script>\n<!-- \/ Yoast SEO plugin. -->","yoast_head_json":{"title":"Confer\u00eancia Municipal para Mulheres acontece nesta sexta as 13h na Famec - Compartilha Bahia","robots":{"index":"index","follow":"follow","max-snippet":"max-snippet:-1","max-image-preview":"max-image-preview:large","max-video-preview":"max-video-preview:-1"},"canonical":"https:\/\/compartilhabahia.com.br\/index.php\/2025\/07\/25\/conferencia-municipal-para-mulheres-acontece-nesta-sexta-as-13h-na-famec\/","og_locale":"pt_BR","og_type":"article","og_title":"Confer\u00eancia Municipal para Mulheres acontece nesta sexta as 13h na Famec - Compartilha Bahia","og_description":"Sob a tem\u00e1tica &#8216;Mulheres protagonizando sua hist\u00f3ria: Democracia, respeito, dignidade e autonomia&#8217;, a Secretaria da Mulher de Cama\u00e7ari (Semu) realiza na sexta-feira (25), a partir das 13h, no audit\u00f3rio da Unifamec, a 3\u00aa Confer\u00eancia Municipal de Pol\u00edticas para Mulheres Tereza de Benguela. A confer\u00eancia ir\u00e1 reunir e consolidar todas as proposi\u00e7\u00f5es debatidas ao longo dos [&hellip;]","og_url":"https:\/\/compartilhabahia.com.br\/index.php\/2025\/07\/25\/conferencia-municipal-para-mulheres-acontece-nesta-sexta-as-13h-na-famec\/","og_site_name":"Compartilha Bahia","article_publisher":"https:\/\/web.facebook.com\/compartilhabahia","article_published_time":"2025-07-25T03:16:38+00:00","article_modified_time":"2025-07-25T03:18:05+00:00","og_image":[{"width":896,"height":504,"url":"https:\/\/compartilhabahia.com.br\/wp-content\/uploads\/2025\/07\/famec.jpg","type":"image\/jpeg"}],"author":"admin","twitter_card":"summary_large_image","twitter_misc":{"Escrito por":"admin","Est. tempo de leitura":"5 minutos"},"schema":{"@context":"https:\/\/schema.org","@graph":[{"@type":"Article","@id":"https:\/\/compartilhabahia.com.br\/index.php\/2025\/07\/25\/conferencia-municipal-para-mulheres-acontece-nesta-sexta-as-13h-na-famec\/#article","isPartOf":{"@id":"https:\/\/compartilhabahia.com.br\/index.php\/2025\/07\/25\/conferencia-municipal-para-mulheres-acontece-nesta-sexta-as-13h-na-famec\/"},"author":{"name":"admin","@id":"https:\/\/compartilhabahia.com.br\/#\/schema\/person\/9b4f0c3178793b8248d6686732521c04"},"headline":"Confer\u00eancia Municipal para Mulheres acontece nesta sexta as 13h na Famec","datePublished":"2025-07-25T03:16:38+00:00","dateModified":"2025-07-25T03:18:05+00:00","mainEntityOfPage":{"@id":"https:\/\/compartilhabahia.com.br\/index.php\/2025\/07\/25\/conferencia-municipal-para-mulheres-acontece-nesta-sexta-as-13h-na-famec\/"},"wordCount":945,"commentCount":0,"publisher":{"@id":"https:\/\/compartilhabahia.com.br\/#organization"},"articleSection":["Cama\u00e7ari"],"inLanguage":"pt-BR","potentialAction":[{"@type":"CommentAction","name":"Comment","target":["https:\/\/compartilhabahia.com.br\/index.php\/2025\/07\/25\/conferencia-municipal-para-mulheres-acontece-nesta-sexta-as-13h-na-famec\/#respond"]}]},{"@type":"WebPage","@id":"https:\/\/compartilhabahia.com.br\/index.php\/2025\/07\/25\/conferencia-municipal-para-mulheres-acontece-nesta-sexta-as-13h-na-famec\/","url":"https:\/\/compartilhabahia.com.br\/index.php\/2025\/07\/25\/conferencia-municipal-para-mulheres-acontece-nesta-sexta-as-13h-na-famec\/","name":"Confer\u00eancia Municipal para Mulheres acontece nesta sexta as 13h na Famec - Compartilha Bahia","isPartOf":{"@id":"https:\/\/compartilhabahia.com.br\/#website"},"datePublished":"2025-07-25T03:16:38+00:00","dateModified":"2025-07-25T03:18:05+00:00","breadcrumb":{"@id":"https:\/\/compartilhabahia.com.br\/index.php\/2025\/07\/25\/conferencia-municipal-para-mulheres-acontece-nesta-sexta-as-13h-na-famec\/#breadcrumb"},"inLanguage":"pt-BR","potentialAction":[{"@type":"ReadAction","target":["https:\/\/compartilhabahia.com.br\/index.php\/2025\/07\/25\/conferencia-municipal-para-mulheres-acontece-nesta-sexta-as-13h-na-famec\/"]}]},{"@type":"BreadcrumbList","@id":"https:\/\/compartilhabahia.com.br\/index.php\/2025\/07\/25\/conferencia-municipal-para-mulheres-acontece-nesta-sexta-as-13h-na-famec\/#breadcrumb","itemListElement":[{"@type":"ListItem","position":1,"name":"In\u00edcio","item":"https:\/\/compartilhabahia.com.br\/"},{"@type":"ListItem","position":2,"name":"Confer\u00eancia Municipal para Mulheres acontece nesta sexta as 13h na Famec"}]},{"@type":"WebSite","@id":"https:\/\/compartilhabahia.com.br\/#website","url":"https:\/\/compartilhabahia.com.br\/","name":"Compartilha Bahia","description":"","publisher":{"@id":"https:\/\/compartilhabahia.com.br\/#organization"},"potentialAction":[{"@type":"SearchAction","target":{"@type":"EntryPoint","urlTemplate":"https:\/\/compartilhabahia.com.br\/?s={search_term_string}"},"query-input":"required name=search_term_string"}],"inLanguage":"pt-BR"},{"@type":"Organization","@id":"https:\/\/compartilhabahia.com.br\/#organization","name":"Compartilha Bahia","url":"https:\/\/compartilhabahia.com.br\/","logo":{"@type":"ImageObject","inLanguage":"pt-BR","@id":"https:\/\/compartilhabahia.com.br\/#\/schema\/logo\/image\/","url":"https:\/\/compartilhabahia.com.br\/wp-content\/uploads\/2023\/12\/cropped-logo.png","contentUrl":"https:\/\/compartilhabahia.com.br\/wp-content\/uploads\/2023\/12\/cropped-logo.png","width":300,"height":106,"caption":"Compartilha Bahia"},"image":{"@id":"https:\/\/compartilhabahia.com.br\/#\/schema\/logo\/image\/"},"sameAs":["https:\/\/web.facebook.com\/compartilhabahia","https:\/\/www.instagram.com\/compartilhabahia\/"]},{"@type":"Person","@id":"https:\/\/compartilhabahia.com.br\/#\/schema\/person\/9b4f0c3178793b8248d6686732521c04","name":"admin","image":{"@type":"ImageObject","inLanguage":"pt-BR","@id":"https:\/\/compartilhabahia.com.br\/#\/schema\/person\/image\/","url":"https:\/\/secure.gravatar.com\/avatar\/9600df58751c5acbe914c538c03390ef649ea088cb65f84ba09c7ce66988eed6?s=96&d=mm&r=g","contentUrl":"https:\/\/secure.gravatar.com\/avatar\/9600df58751c5acbe914c538c03390ef649ea088cb65f84ba09c7ce66988eed6?s=96&d=mm&r=g","caption":"admin"},"sameAs":["https:\/\/compartilhabahia.com.br"],"url":"https:\/\/compartilhabahia.com.br\/index.php\/author\/compartilhabahia\/"}]}},"_links":{"self":[{"href":"https:\/\/compartilhabahia.com.br\/index.php\/wp-json\/wp\/v2\/posts\/7335","targetHints":{"allow":["GET"]}}],"collection":[{"href":"https:\/\/compartilhabahia.com.br\/index.php\/wp-json\/wp\/v2\/posts"}],"about":[{"href":"https:\/\/compartilhabahia.com.br\/index.php\/wp-json\/wp\/v2\/types\/post"}],"author":[{"embeddable":true,"href":"https:\/\/compartilhabahia.com.br\/index.php\/wp-json\/wp\/v2\/users\/1"}],"replies":[{"embeddable":true,"href":"https:\/\/compartilhabahia.com.br\/index.php\/wp-json\/wp\/v2\/comments?post=7335"}],"version-history":[{"count":2,"href":"https:\/\/compartilhabahia.com.br\/index.php\/wp-json\/wp\/v2\/posts\/7335\/revisions"}],"predecessor-version":[{"id":7339,"href":"https:\/\/compartilhabahia.com.br\/index.php\/wp-json\/wp\/v2\/posts\/7335\/revisions\/7339"}],"wp:featuredmedia":[{"embeddable":true,"href":"https:\/\/compartilhabahia.com.br\/index.php\/wp-json\/wp\/v2\/media\/7336"}],"wp:attachment":[{"href":"https:\/\/compartilhabahia.com.br\/index.php\/wp-json\/wp\/v2\/media?parent=7335"}],"wp:term":[{"taxonomy":"category","embeddable":true,"href":"https:\/\/compartilhabahia.com.br\/index.php\/wp-json\/wp\/v2\/categories?post=7335"},{"taxonomy":"post_tag","embeddable":true,"href":"https:\/\/compartilhabahia.com.br\/index.php\/wp-json\/wp\/v2\/tags?post=7335"}],"curies":[{"name":"wp","href":"https:\/\/api.w.org\/{rel}","templated":true}]}}