{"id":7328,"date":"2025-07-24T18:12:00","date_gmt":"2025-07-24T21:12:00","guid":{"rendered":"https:\/\/compartilhabahia.com.br\/?p=7328"},"modified":"2025-07-24T18:12:01","modified_gmt":"2025-07-24T21:12:01","slug":"byd-anuncia-parceria-global-com-a-inter-de-milao","status":"publish","type":"post","link":"https:\/\/compartilhabahia.com.br\/index.php\/2025\/07\/24\/byd-anuncia-parceria-global-com-a-inter-de-milao\/","title":{"rendered":"BYD anuncia parceria global com a Inter de Mil\u00e3o"},"content":{"rendered":"\n<p>BYD anuncia parceria global com a Inter de Mil\u00e3o A greentech, l\u00edder global em tecnologia e mobilidade el\u00e9trica, une for\u00e7as com os Nerazzurri em um acordo estrat\u00e9gico global para as pr\u00f3ximas tr\u00eas temporadas<\/p>\n\n\n\n<p><\/p>\n\n\n\n<p>A BYD, l\u00edder global em ve\u00edculos h\u00edbridos e el\u00e9tricos e solu\u00e7\u00f5es de mobilidade sustent\u00e1vel, anuncia o in\u00edcio de uma parceria estrat\u00e9gica de tr\u00eas anos com o FC Internazionale Milano (Inter), tornando-se a Parceira Automotiva Global do clube.<\/p>\n\n\n\n<p>Esse acordo coloca a uni\u00e3o do setor automotivo com o futebol em um novo patamar global, unindo duas pot\u00eancias mundiais movidas por uma vis\u00e3o em comum: transformar emo\u00e7\u00e3o em realidade tang\u00edvel, promovendo talentos, buscando a lideran\u00e7a em seus respectivos setores, perseguindo a excel\u00eancia e abra\u00e7ando uma vis\u00e3o inovadora do futuro.<\/p>\n\n\n\n<p>Essa parceria estabelece uma sinergia entre duas institui\u00e7\u00f5es com presen\u00e7a consolidada em mercados estrat\u00e9gicos. A Inter, com mais de 533 milh\u00f5es de torcedores ao redor do mundo, \u00e9 o segundo clube de futebol com maior crescimento da base de f\u00e3s nos \u00faltimos cinco anos. Na China, ber\u00e7o da BYD, os Nerazzurri est\u00e3o entre os times mais queridos, com mais de 154 milh\u00f5es de f\u00e3s. J\u00e1 na Am\u00e9rica do Sul, mercado-chave para a BYD, a Inter conta com cerca de 90 milh\u00f5es de torcedores, gra\u00e7as aos craques sul-americanos que marcaram a hist\u00f3ria do clube.<\/p>\n\n\n\n<p>No segmento automotivo, a BYD se consolida cada vez mais como refer\u00eancia tecnol\u00f3gica em ve\u00edculos h\u00edbridos e el\u00e9tricos, com mais de 4,2 milh\u00f5es de unidades vendidas em 2024, um aumento de 41% em rela\u00e7\u00e3o ao ano anterior. E j\u00e1 supera 2 milh\u00f5es de unidades vendidas apenas no primeiro semestre deste ano, mantendo um crescimento de dois d\u00edgitos em rela\u00e7\u00e3o ao mesmo per\u00edodo de 2024. A greentech j\u00e1 \u00e9 refer\u00eancia brasileira e mundial na eletrifica\u00e7\u00e3o da frota e est\u00e1 na vanguarda da nova ind\u00fastria.<\/p>\n\n\n\n<p>Stella Li, Vice-Presidente Executiva da BYD, declarou: \u201cO nome BYD significa Construa Seus Sonhos, e acredito que essa parceria \u00e9 um sonho para os jovens e todos que amam o futebol. O clube \u00e9 amplamente reconhecido por sua energia, por nunca desistir e estar sempre lutando pelo sucesso. Essas qualidades tamb\u00e9m refletem o esp\u00edrito da BYD, somos uma empresa global de tecnologia verde, com o sonho de combater as mudan\u00e7as clim\u00e1ticas e resfriar o planeta em um grau. Estamos nos dedicando a isso, com 120 mil engenheiros trabalhando dia e noite, registrando 45 patentes a cada dia \u00fatil, porque amam o que fazem e almejam o sucesso. Essa determina\u00e7\u00e3o, impulso constante por mudan\u00e7a e trabalho duro s\u00e3o valores m\u00fatuos entre a BYD e a Inter\u201d.<\/p>\n\n\n\n<p>\u201cEstamos extremamente satisfeitos em anunciar esta nova parceria, que re\u00fane dois grupos globais unidos por uma busca constante pelo futuro e pela excel\u00eancia,\u201d disse Giorgio Ricci, Diretor de Receita (CRO) da FC Internazionale Milano. \u201c\u00c9 motivo de orgulho para n\u00f3s que o Grupo, com suas marcas BYD e DENZA, tenha escolhido a Inter como o primeiro clube de futebol para a firmar parceria. Isso \u00e9 prova do crescente apelo global da nossa marca. Essa colabora\u00e7\u00e3o abre novas oportunidades para ativa\u00e7\u00f5es e conte\u00fados de alcance internacional, capazes de engajar torcedores e consumidores ao redor do mundo. Juntos, queremos desenvolver projetos inovadores que fortale\u00e7am ainda mais o posicionamento da BYD como refer\u00eancia no cen\u00e1rio global da mobilidade sustent\u00e1vel\u201d.<\/p>\n\n\n\n<p>O acordo prev\u00ea uma colabora\u00e7\u00e3o 360 graus, na qual a BYD, por meio das marcas BYD e DENZA, trabalhar\u00e1 lado a lado com a Inter para maximizar o valor da parceria, refor\u00e7ar o posicionamento de ambas as partes e alcan\u00e7ar objetivos comuns de crescimento m\u00fatuo.<\/p>\n\n\n\n<p>Al\u00e9m disso, a BYD fornecer\u00e1 cerca de 70 ve\u00edculos para atender \u00e0 alta gest\u00e3o, comiss\u00e3o t\u00e9cnica e jogadores do time principal \u2014 uma oportunidade exclusiva para os Nerazzurri testarem na pr\u00e1tica todas as tecnologias de ponta da greentech com m\u00e1ximo conforto e seguran\u00e7a, al\u00e9m de se tornarem parte da revolu\u00e7\u00e3o verde liderada pela BYD, com seus ve\u00edculos el\u00e9tricos e super-h\u00edbridos plug-in (DM-i).<\/p>\n\n\n\n<p>Inicialmente, a Inter receber\u00e1 uma edi\u00e7\u00e3o especial do BYD Sealion 7, carro-chefe da marca em tecnologia, customizado com elementos inspirados nas cores Nerazzurri. Esse mesmo modelo ser\u00e1 posteriormente disponibilizado em edi\u00e7\u00e3o limitada para torcedores e entusiastas da Inter, que poder\u00e3o viajar com as cores do seu time do cora\u00e7\u00e3o.<\/p>\n\n\n\n<p>Ser\u00e3o implementados programas exclusivos de compra e aluguel de ve\u00edculos BYD voltados aos torcedores da Inter em todo o mundo, com mais informa\u00e7\u00f5es a serem divulgadas nas pr\u00f3ximas semanas. Trata-se de mais uma forma de proporcionar \u00e0 comunidade de f\u00e3s experi\u00eancias \u00fanicas com os modelos da BYD, unidos pela paix\u00e3o pela Inter.<\/p>\n\n\n\n<p>Com o lan\u00e7amento iminente da marca DENZA na Europa nos pr\u00f3ximos meses, a parceria com a Inter ser\u00e1 um ativo estrat\u00e9gico fundamental para a introdu\u00e7\u00e3o da marca premium do BYD no continente.<\/p>\n\n\n\n<p>Essa colabora\u00e7\u00e3o com a Inter est\u00e1 totalmente alinhada \u00e0 estrat\u00e9gia da BYD de consolidar sua presen\u00e7a no futebol internacional. A BYD j\u00e1 fortaleceu sua atua\u00e7\u00e3o no cen\u00e1rio europeu ao se tornar patrocinador oficial da UEFA EURO 2024 e do Campeonato Europeu Sub-21 da UEFA 2025, reafirmando seu compromisso com o apoio \u00e0s competi\u00e7\u00f5es de futebol de alto n\u00edvel e com o engajamento de milh\u00f5es de torcedores ao redor do mundo.<\/p>\n\n\n\n<p>SOBRE A BYD EUROPA<br>A BYD Europe est\u00e1 sediada nos Pa\u00edses Baixos e foi a primeira subsidi\u00e1ria internacional do Grupo BYD. A unidade tem como miss\u00e3o expandir a marca global BYD Auto por meio da oferta de solu\u00e7\u00f5es sustent\u00e1veis, seguras e eficientes em ve\u00edculos h\u00edbridos e el\u00e9tricos, impulsionadas por inova\u00e7\u00f5es tecnol\u00f3gicas de classe mundial.<\/p>\n","protected":false},"excerpt":{"rendered":"<p>BYD anuncia parceria global com a Inter de Mil\u00e3o A greentech, l\u00edder global em tecnologia e mobilidade el\u00e9trica, une for\u00e7as com os Nerazzurri em um acordo estrat\u00e9gico global para as pr\u00f3ximas tr\u00eas temporadas A BYD, l\u00edder global em ve\u00edculos h\u00edbridos e el\u00e9tricos e solu\u00e7\u00f5es de mobilidade sustent\u00e1vel, anuncia o in\u00edcio de uma parceria estrat\u00e9gica de [&hellip;]<\/p>\n","protected":false},"author":1,"featured_media":7329,"comment_status":"open","ping_status":"open","sticky":false,"template":"","format":"standard","meta":{"footnotes":""},"categories":[8],"tags":[],"class_list":["post-7328","post","type-post","status-publish","format-standard","has-post-thumbnail","hentry","category-camacari"],"yoast_head":"<!-- This site is optimized with the Yoast SEO plugin v21.7 - https:\/\/yoast.com\/wordpress\/plugins\/seo\/ -->\n<title>BYD anuncia parceria global com a Inter de Mil\u00e3o - Compartilha Bahia<\/title>\n<meta name=\"robots\" content=\"index, follow, max-snippet:-1, max-image-preview:large, max-video-preview:-1\" \/>\n<link rel=\"canonical\" href=\"https:\/\/compartilhabahia.com.br\/index.php\/2025\/07\/24\/byd-anuncia-parceria-global-com-a-inter-de-milao\/\" \/>\n<meta property=\"og:locale\" content=\"pt_BR\" \/>\n<meta property=\"og:type\" content=\"article\" \/>\n<meta property=\"og:title\" content=\"BYD anuncia parceria global com a Inter de Mil\u00e3o - Compartilha Bahia\" \/>\n<meta property=\"og:description\" content=\"BYD anuncia parceria global com a Inter de Mil\u00e3o A greentech, l\u00edder global em tecnologia e mobilidade el\u00e9trica, une for\u00e7as com os Nerazzurri em um acordo estrat\u00e9gico global para as pr\u00f3ximas tr\u00eas temporadas A BYD, l\u00edder global em ve\u00edculos h\u00edbridos e el\u00e9tricos e solu\u00e7\u00f5es de mobilidade sustent\u00e1vel, anuncia o in\u00edcio de uma parceria estrat\u00e9gica de [&hellip;]\" \/>\n<meta property=\"og:url\" content=\"https:\/\/compartilhabahia.com.br\/index.php\/2025\/07\/24\/byd-anuncia-parceria-global-com-a-inter-de-milao\/\" \/>\n<meta property=\"og:site_name\" content=\"Compartilha Bahia\" \/>\n<meta property=\"article:publisher\" content=\"https:\/\/web.facebook.com\/compartilhabahia\" \/>\n<meta property=\"article:published_time\" content=\"2025-07-24T21:12:00+00:00\" \/>\n<meta property=\"article:modified_time\" content=\"2025-07-24T21:12:01+00:00\" \/>\n<meta property=\"og:image\" content=\"https:\/\/compartilhabahia.com.br\/wp-content\/uploads\/2025\/07\/estelaliitalia.jpg\" \/>\n\t<meta property=\"og:image:width\" content=\"759\" \/>\n\t<meta property=\"og:image:height\" content=\"507\" \/>\n\t<meta property=\"og:image:type\" content=\"image\/jpeg\" \/>\n<meta name=\"author\" content=\"admin\" \/>\n<meta name=\"twitter:card\" content=\"summary_large_image\" \/>\n<meta name=\"twitter:label1\" content=\"Escrito por\" \/>\n\t<meta name=\"twitter:data1\" content=\"admin\" \/>\n\t<meta name=\"twitter:label2\" content=\"Est. tempo de leitura\" \/>\n\t<meta name=\"twitter:data2\" content=\"6 minutos\" \/>\n<script type=\"application\/ld+json\" class=\"yoast-schema-graph\">{\"@context\":\"https:\/\/schema.org\",\"@graph\":[{\"@type\":\"Article\",\"@id\":\"https:\/\/compartilhabahia.com.br\/index.php\/2025\/07\/24\/byd-anuncia-parceria-global-com-a-inter-de-milao\/#article\",\"isPartOf\":{\"@id\":\"https:\/\/compartilhabahia.com.br\/index.php\/2025\/07\/24\/byd-anuncia-parceria-global-com-a-inter-de-milao\/\"},\"author\":{\"name\":\"admin\",\"@id\":\"https:\/\/compartilhabahia.com.br\/#\/schema\/person\/9b4f0c3178793b8248d6686732521c04\"},\"headline\":\"BYD anuncia parceria global com a Inter de Mil\u00e3o\",\"datePublished\":\"2025-07-24T21:12:00+00:00\",\"dateModified\":\"2025-07-24T21:12:01+00:00\",\"mainEntityOfPage\":{\"@id\":\"https:\/\/compartilhabahia.com.br\/index.php\/2025\/07\/24\/byd-anuncia-parceria-global-com-a-inter-de-milao\/\"},\"wordCount\":1005,\"commentCount\":0,\"publisher\":{\"@id\":\"https:\/\/compartilhabahia.com.br\/#organization\"},\"articleSection\":[\"Cama\u00e7ari\"],\"inLanguage\":\"pt-BR\",\"potentialAction\":[{\"@type\":\"CommentAction\",\"name\":\"Comment\",\"target\":[\"https:\/\/compartilhabahia.com.br\/index.php\/2025\/07\/24\/byd-anuncia-parceria-global-com-a-inter-de-milao\/#respond\"]}]},{\"@type\":\"WebPage\",\"@id\":\"https:\/\/compartilhabahia.com.br\/index.php\/2025\/07\/24\/byd-anuncia-parceria-global-com-a-inter-de-milao\/\",\"url\":\"https:\/\/compartilhabahia.com.br\/index.php\/2025\/07\/24\/byd-anuncia-parceria-global-com-a-inter-de-milao\/\",\"name\":\"BYD anuncia parceria global com a Inter de Mil\u00e3o - Compartilha Bahia\",\"isPartOf\":{\"@id\":\"https:\/\/compartilhabahia.com.br\/#website\"},\"datePublished\":\"2025-07-24T21:12:00+00:00\",\"dateModified\":\"2025-07-24T21:12:01+00:00\",\"breadcrumb\":{\"@id\":\"https:\/\/compartilhabahia.com.br\/index.php\/2025\/07\/24\/byd-anuncia-parceria-global-com-a-inter-de-milao\/#breadcrumb\"},\"inLanguage\":\"pt-BR\",\"potentialAction\":[{\"@type\":\"ReadAction\",\"target\":[\"https:\/\/compartilhabahia.com.br\/index.php\/2025\/07\/24\/byd-anuncia-parceria-global-com-a-inter-de-milao\/\"]}]},{\"@type\":\"BreadcrumbList\",\"@id\":\"https:\/\/compartilhabahia.com.br\/index.php\/2025\/07\/24\/byd-anuncia-parceria-global-com-a-inter-de-milao\/#breadcrumb\",\"itemListElement\":[{\"@type\":\"ListItem\",\"position\":1,\"name\":\"In\u00edcio\",\"item\":\"https:\/\/compartilhabahia.com.br\/\"},{\"@type\":\"ListItem\",\"position\":2,\"name\":\"BYD anuncia parceria global com a Inter de Mil\u00e3o\"}]},{\"@type\":\"WebSite\",\"@id\":\"https:\/\/compartilhabahia.com.br\/#website\",\"url\":\"https:\/\/compartilhabahia.com.br\/\",\"name\":\"Compartilha Bahia\",\"description\":\"\",\"publisher\":{\"@id\":\"https:\/\/compartilhabahia.com.br\/#organization\"},\"potentialAction\":[{\"@type\":\"SearchAction\",\"target\":{\"@type\":\"EntryPoint\",\"urlTemplate\":\"https:\/\/compartilhabahia.com.br\/?s={search_term_string}\"},\"query-input\":\"required name=search_term_string\"}],\"inLanguage\":\"pt-BR\"},{\"@type\":\"Organization\",\"@id\":\"https:\/\/compartilhabahia.com.br\/#organization\",\"name\":\"Compartilha Bahia\",\"url\":\"https:\/\/compartilhabahia.com.br\/\",\"logo\":{\"@type\":\"ImageObject\",\"inLanguage\":\"pt-BR\",\"@id\":\"https:\/\/compartilhabahia.com.br\/#\/schema\/logo\/image\/\",\"url\":\"https:\/\/compartilhabahia.com.br\/wp-content\/uploads\/2023\/12\/cropped-logo.png\",\"contentUrl\":\"https:\/\/compartilhabahia.com.br\/wp-content\/uploads\/2023\/12\/cropped-logo.png\",\"width\":300,\"height\":106,\"caption\":\"Compartilha Bahia\"},\"image\":{\"@id\":\"https:\/\/compartilhabahia.com.br\/#\/schema\/logo\/image\/\"},\"sameAs\":[\"https:\/\/web.facebook.com\/compartilhabahia\",\"https:\/\/www.instagram.com\/compartilhabahia\/\"]},{\"@type\":\"Person\",\"@id\":\"https:\/\/compartilhabahia.com.br\/#\/schema\/person\/9b4f0c3178793b8248d6686732521c04\",\"name\":\"admin\",\"image\":{\"@type\":\"ImageObject\",\"inLanguage\":\"pt-BR\",\"@id\":\"https:\/\/compartilhabahia.com.br\/#\/schema\/person\/image\/\",\"url\":\"https:\/\/secure.gravatar.com\/avatar\/9600df58751c5acbe914c538c03390ef649ea088cb65f84ba09c7ce66988eed6?s=96&d=mm&r=g\",\"contentUrl\":\"https:\/\/secure.gravatar.com\/avatar\/9600df58751c5acbe914c538c03390ef649ea088cb65f84ba09c7ce66988eed6?s=96&d=mm&r=g\",\"caption\":\"admin\"},\"sameAs\":[\"https:\/\/compartilhabahia.com.br\"],\"url\":\"https:\/\/compartilhabahia.com.br\/index.php\/author\/compartilhabahia\/\"}]}<\/script>\n<!-- \/ Yoast SEO plugin. -->","yoast_head_json":{"title":"BYD anuncia parceria global com a Inter de Mil\u00e3o - Compartilha Bahia","robots":{"index":"index","follow":"follow","max-snippet":"max-snippet:-1","max-image-preview":"max-image-preview:large","max-video-preview":"max-video-preview:-1"},"canonical":"https:\/\/compartilhabahia.com.br\/index.php\/2025\/07\/24\/byd-anuncia-parceria-global-com-a-inter-de-milao\/","og_locale":"pt_BR","og_type":"article","og_title":"BYD anuncia parceria global com a Inter de Mil\u00e3o - Compartilha Bahia","og_description":"BYD anuncia parceria global com a Inter de Mil\u00e3o A greentech, l\u00edder global em tecnologia e mobilidade el\u00e9trica, une for\u00e7as com os Nerazzurri em um acordo estrat\u00e9gico global para as pr\u00f3ximas tr\u00eas temporadas A BYD, l\u00edder global em ve\u00edculos h\u00edbridos e el\u00e9tricos e solu\u00e7\u00f5es de mobilidade sustent\u00e1vel, anuncia o in\u00edcio de uma parceria estrat\u00e9gica de [&hellip;]","og_url":"https:\/\/compartilhabahia.com.br\/index.php\/2025\/07\/24\/byd-anuncia-parceria-global-com-a-inter-de-milao\/","og_site_name":"Compartilha Bahia","article_publisher":"https:\/\/web.facebook.com\/compartilhabahia","article_published_time":"2025-07-24T21:12:00+00:00","article_modified_time":"2025-07-24T21:12:01+00:00","og_image":[{"width":759,"height":507,"url":"https:\/\/compartilhabahia.com.br\/wp-content\/uploads\/2025\/07\/estelaliitalia.jpg","type":"image\/jpeg"}],"author":"admin","twitter_card":"summary_large_image","twitter_misc":{"Escrito por":"admin","Est. tempo de leitura":"6 minutos"},"schema":{"@context":"https:\/\/schema.org","@graph":[{"@type":"Article","@id":"https:\/\/compartilhabahia.com.br\/index.php\/2025\/07\/24\/byd-anuncia-parceria-global-com-a-inter-de-milao\/#article","isPartOf":{"@id":"https:\/\/compartilhabahia.com.br\/index.php\/2025\/07\/24\/byd-anuncia-parceria-global-com-a-inter-de-milao\/"},"author":{"name":"admin","@id":"https:\/\/compartilhabahia.com.br\/#\/schema\/person\/9b4f0c3178793b8248d6686732521c04"},"headline":"BYD anuncia parceria global com a Inter de Mil\u00e3o","datePublished":"2025-07-24T21:12:00+00:00","dateModified":"2025-07-24T21:12:01+00:00","mainEntityOfPage":{"@id":"https:\/\/compartilhabahia.com.br\/index.php\/2025\/07\/24\/byd-anuncia-parceria-global-com-a-inter-de-milao\/"},"wordCount":1005,"commentCount":0,"publisher":{"@id":"https:\/\/compartilhabahia.com.br\/#organization"},"articleSection":["Cama\u00e7ari"],"inLanguage":"pt-BR","potentialAction":[{"@type":"CommentAction","name":"Comment","target":["https:\/\/compartilhabahia.com.br\/index.php\/2025\/07\/24\/byd-anuncia-parceria-global-com-a-inter-de-milao\/#respond"]}]},{"@type":"WebPage","@id":"https:\/\/compartilhabahia.com.br\/index.php\/2025\/07\/24\/byd-anuncia-parceria-global-com-a-inter-de-milao\/","url":"https:\/\/compartilhabahia.com.br\/index.php\/2025\/07\/24\/byd-anuncia-parceria-global-com-a-inter-de-milao\/","name":"BYD anuncia parceria global com a Inter de Mil\u00e3o - Compartilha Bahia","isPartOf":{"@id":"https:\/\/compartilhabahia.com.br\/#website"},"datePublished":"2025-07-24T21:12:00+00:00","dateModified":"2025-07-24T21:12:01+00:00","breadcrumb":{"@id":"https:\/\/compartilhabahia.com.br\/index.php\/2025\/07\/24\/byd-anuncia-parceria-global-com-a-inter-de-milao\/#breadcrumb"},"inLanguage":"pt-BR","potentialAction":[{"@type":"ReadAction","target":["https:\/\/compartilhabahia.com.br\/index.php\/2025\/07\/24\/byd-anuncia-parceria-global-com-a-inter-de-milao\/"]}]},{"@type":"BreadcrumbList","@id":"https:\/\/compartilhabahia.com.br\/index.php\/2025\/07\/24\/byd-anuncia-parceria-global-com-a-inter-de-milao\/#breadcrumb","itemListElement":[{"@type":"ListItem","position":1,"name":"In\u00edcio","item":"https:\/\/compartilhabahia.com.br\/"},{"@type":"ListItem","position":2,"name":"BYD anuncia parceria global com a Inter de Mil\u00e3o"}]},{"@type":"WebSite","@id":"https:\/\/compartilhabahia.com.br\/#website","url":"https:\/\/compartilhabahia.com.br\/","name":"Compartilha Bahia","description":"","publisher":{"@id":"https:\/\/compartilhabahia.com.br\/#organization"},"potentialAction":[{"@type":"SearchAction","target":{"@type":"EntryPoint","urlTemplate":"https:\/\/compartilhabahia.com.br\/?s={search_term_string}"},"query-input":"required name=search_term_string"}],"inLanguage":"pt-BR"},{"@type":"Organization","@id":"https:\/\/compartilhabahia.com.br\/#organization","name":"Compartilha Bahia","url":"https:\/\/compartilhabahia.com.br\/","logo":{"@type":"ImageObject","inLanguage":"pt-BR","@id":"https:\/\/compartilhabahia.com.br\/#\/schema\/logo\/image\/","url":"https:\/\/compartilhabahia.com.br\/wp-content\/uploads\/2023\/12\/cropped-logo.png","contentUrl":"https:\/\/compartilhabahia.com.br\/wp-content\/uploads\/2023\/12\/cropped-logo.png","width":300,"height":106,"caption":"Compartilha Bahia"},"image":{"@id":"https:\/\/compartilhabahia.com.br\/#\/schema\/logo\/image\/"},"sameAs":["https:\/\/web.facebook.com\/compartilhabahia","https:\/\/www.instagram.com\/compartilhabahia\/"]},{"@type":"Person","@id":"https:\/\/compartilhabahia.com.br\/#\/schema\/person\/9b4f0c3178793b8248d6686732521c04","name":"admin","image":{"@type":"ImageObject","inLanguage":"pt-BR","@id":"https:\/\/compartilhabahia.com.br\/#\/schema\/person\/image\/","url":"https:\/\/secure.gravatar.com\/avatar\/9600df58751c5acbe914c538c03390ef649ea088cb65f84ba09c7ce66988eed6?s=96&d=mm&r=g","contentUrl":"https:\/\/secure.gravatar.com\/avatar\/9600df58751c5acbe914c538c03390ef649ea088cb65f84ba09c7ce66988eed6?s=96&d=mm&r=g","caption":"admin"},"sameAs":["https:\/\/compartilhabahia.com.br"],"url":"https:\/\/compartilhabahia.com.br\/index.php\/author\/compartilhabahia\/"}]}},"_links":{"self":[{"href":"https:\/\/compartilhabahia.com.br\/index.php\/wp-json\/wp\/v2\/posts\/7328","targetHints":{"allow":["GET"]}}],"collection":[{"href":"https:\/\/compartilhabahia.com.br\/index.php\/wp-json\/wp\/v2\/posts"}],"about":[{"href":"https:\/\/compartilhabahia.com.br\/index.php\/wp-json\/wp\/v2\/types\/post"}],"author":[{"embeddable":true,"href":"https:\/\/compartilhabahia.com.br\/index.php\/wp-json\/wp\/v2\/users\/1"}],"replies":[{"embeddable":true,"href":"https:\/\/compartilhabahia.com.br\/index.php\/wp-json\/wp\/v2\/comments?post=7328"}],"version-history":[{"count":1,"href":"https:\/\/compartilhabahia.com.br\/index.php\/wp-json\/wp\/v2\/posts\/7328\/revisions"}],"predecessor-version":[{"id":7330,"href":"https:\/\/compartilhabahia.com.br\/index.php\/wp-json\/wp\/v2\/posts\/7328\/revisions\/7330"}],"wp:featuredmedia":[{"embeddable":true,"href":"https:\/\/compartilhabahia.com.br\/index.php\/wp-json\/wp\/v2\/media\/7329"}],"wp:attachment":[{"href":"https:\/\/compartilhabahia.com.br\/index.php\/wp-json\/wp\/v2\/media?parent=7328"}],"wp:term":[{"taxonomy":"category","embeddable":true,"href":"https:\/\/compartilhabahia.com.br\/index.php\/wp-json\/wp\/v2\/categories?post=7328"},{"taxonomy":"post_tag","embeddable":true,"href":"https:\/\/compartilhabahia.com.br\/index.php\/wp-json\/wp\/v2\/tags?post=7328"}],"curies":[{"name":"wp","href":"https:\/\/api.w.org\/{rel}","templated":true}]}}