{"id":7325,"date":"2025-07-24T16:45:50","date_gmt":"2025-07-24T19:45:50","guid":{"rendered":"https:\/\/compartilhabahia.com.br\/?p=7325"},"modified":"2025-07-24T16:45:52","modified_gmt":"2025-07-24T19:45:52","slug":"julho-das-pretas-roda-de-conversa-destaca-potencia-de-mulheres-negras-em-camacari","status":"publish","type":"post","link":"https:\/\/compartilhabahia.com.br\/index.php\/2025\/07\/24\/julho-das-pretas-roda-de-conversa-destaca-potencia-de-mulheres-negras-em-camacari\/","title":{"rendered":"Julho das Pretas: Roda de conversa destaca pot\u00eancia de mulheres negras em Cama\u00e7ari"},"content":{"rendered":"\n<p>A pot\u00eancia das mulheres negras invadiu o Horto Florestal de Cama\u00e7ari nesta quinta-feira (24), com a roda de conversa \u201cEu te Vejo, Preta\u201d. A atividade comp\u00f5e a programa\u00e7\u00e3o do Julho das Pretas, promovido pela Secretaria de Cultura (Secult), tendo como marco o Dia Internacional da Mulher Negra Latino-Americana e Caribenha, celebrado em 25 de julho, data que tamb\u00e9m marca o Dia de Tereza de Benguela e da Mulher Negra, no Brasil, desde 2014.<\/p>\n\n\n\n<p>Presente no evento, o prefeito Luiz Caetano reafirmou o compromisso de fomentar a\u00e7\u00f5es que refor\u00e7am a igualdade racial e o combate \u00e0 intoler\u00e2ncia religiosa. &#8220;Em uma sociedade que \u00e9 racista voc\u00ea tem obriga\u00e7\u00e3o de ser antirracista. Poder p\u00fablico e sociedade, temos que estar juntos nessa luta, trabalhar para acabar com tantas mazelas, como a viol\u00eancia religiosa e tantas outras. Sempre falo e defendo que as pessoas, especialmente as mulheres, t\u00eam a liberdade de escolher aquilo que elas quiserem ser e seguir&#8221;, pontuou.<\/p>\n\n\n\n<p>A secret\u00e1ria de Cultura, Elci Freitas, enalteceu a import\u00e2ncia de evidenciar a for\u00e7a das mulheres negras durante todo o ano. &#8220;Precisamos continuar nessa luta, que possamos realmente nos reunir no dia a dia para expandir esse sentimento de perten\u00e7a e resist\u00eancia por onde passarmos, pois isso \u00e9 o que nos fortalece&#8221;, disse.<\/p>\n\n\n\n<p>Trazendo para a roda temas como &#8216;Autoestima da mulher negra&#8217; e &#8216;Empoderamento feminino negro&#8217;, a roda de conversa presenteou o p\u00fablico com a pot\u00eancia de tr\u00eas mulheres negras que se destacam em \u00e1reas como moda, dan\u00e7a, pol\u00edtica e religiosidade. \u00c2ngela Cheirosa esteve na lista. Professora, bailarina, produtora cultural e palestrante, a multiartista trouxe uma reflex\u00e3o sobre os preconceitos e quebra de padr\u00f5es associados \u00e0 dan\u00e7a do ventre.<\/p>\n\n\n\n<p>&#8220;Se voc\u00ea n\u00e3o racializa tudo, voc\u00ea faz parte do problema. A gente acabou de sair, outro dia, de 300 anos de escravid\u00e3o, somos rec\u00e9m-chegados em uma aboli\u00e7\u00e3o que n\u00e3o aboliu de verdade. A dan\u00e7a do ventre \u00e9 uma arte colonizada, extremamente racista. N\u00e3o \u00e0 toa, eu sou a \u00fanica bailarina negra, no primeiro escal\u00e3o da dan\u00e7a do ventre, que tem uma turma nacional. Pessoas negras na dan\u00e7a do ventre pagam para dan\u00e7ar, pagam para estar, pagam para bater palma. Ningu\u00e9m lembrava de mulher negra na dan\u00e7a do ventre, porque n\u00e3o existia essa refer\u00eancia at\u00e9 eu chegar nesse mercado, at\u00e9 eu entender que aquilo ali era pra mim, at\u00e9 eu entender que dan\u00e7a do ventre pode e deve ser acess\u00edvel aos outros corpos&#8221;, avaliou \u00c2ngela.<\/p>\n\n\n\n<p>Mad\u00e1 Negrif, empres\u00e1ria e refer\u00eancia em moda afrobrasileira, abordou como a moda poder ser uma poderosa ferramenta de resist\u00eancia, celebra\u00e7\u00e3o da identidade e protesto contra a discrimina\u00e7\u00e3o racial e de g\u00eanero, em meio aos desafios recorrentes de representatividade e inclus\u00e3o na ind\u00fastria.<\/p>\n\n\n\n<p>&#8220;Um dia fui procurar emprego e a pessoa olhou pra mim e disse: &#8216;com essa roupa, com este cabelo, tem certeza que vai trabalhar aqui?&#8217;. A partir daquele momento entendi que precisava fazer algo. Comecei vendendo roupa na sacola e de l\u00e1 para c\u00e1, ap\u00f3s conseguir montar meu neg\u00f3cio, s\u00e3o 14 anos. Hoje estou aqui, podendo encorajar meninas a assumirem seus cabelos, suas identidades e entenderem quem elas s\u00e3o. Essa \u00e9 a minha principal miss\u00e3o. Mostrar tamb\u00e9m que o corpo fala, como \u00e9 importante vestir com ancestralidade, respeitando nossas formas&#8221;, afirmou.<\/p>\n\n\n\n<p>Jaciara Ribeiro, palestrante, ialorix\u00e1 e idealizadora do projeto Iy\u00e1 Akobiode (Mulheres que transformam), falou sobre a luta enquanto ativista contra a intoler\u00e2ncia religiosa. &#8220;A gente ainda tem que pedir licen\u00e7a para entrar no \u00f4nibus, no shopping e at\u00e9 utilizar servi\u00e7os b\u00e1sicos de sa\u00fade. Nossa luta n\u00e3o \u00e9 s\u00f3 para ter direito de entrar onde quisermos com nossas roupas, \u00e9 pelo direito de viver&#8221;, destacou.<\/p>\n\n\n\n<p>A mobiliza\u00e7\u00e3o e visibilidade das pautas foi celebrada pelo p\u00fablico presente. &#8220;N\u00f3s, enquanto mulheres pretas, temos que apoiar a comunidade, a cidade onde a gente vive e mostrar sempre que n\u00f3s somos guerreiras. Prestigiar eventos como esse \u00e9 dizer para a sociedade que a causa existe e precisa ser debatida para que as futuras gera\u00e7\u00f5es cres\u00e7am com essa consci\u00eancia de igualdade e unidade. Me senti representada em cada uma das palestrantes, a conquista delas \u00e9 minha tamb\u00e9m e afirma que todas n\u00f3s temos capacidade de vencer um dia&#8221;, apreciou Andrea Alves de Santana, 51 anos, moradora de Jau\u00e1.<\/p>\n\n\n\n<p>Al\u00e9m de autoridades municipais e de representantes da sociedade civil, fizeram parte do evento estudantes do Centro Educacional Tancredo Neves, localizado em Jau\u00e1.<\/p>\n\n\n\n<p>Criado em 2013 pelo Odara \u2013 Instituto da Mulher Negra, organiza\u00e7\u00e3o negra centrada no legado africano e sediada em Salvador, o Julho das Pretas \u00e9 considerada a maior agenda conjunta e propositiva de incid\u00eancia pol\u00edtica de organiza\u00e7\u00f5es e movimento de mulheres negras do Brasil. Em Cama\u00e7ari, as atividades come\u00e7aram no dia 15, passando por equipamentos culturais de Parafuso, Vila de Abrantes, Barra do Pojuca e pela Pracinha da Cultura, no Phoc III.<\/p>\n\n\n\n<p>&#8220;Hoje, consegui ver todas as mulheres pretas como eu sempre me enxerguei. Nessa perspectiva, entendendo a import\u00e2ncia do Julho das Pretas e o fortalecimento cultural na potencializa\u00e7\u00e3o da vida de mulheres negras, plantamos um fruto lindo ao longo dos encontros que percorremos. \u00c9 a cultura de Cama\u00e7ari tra\u00e7ando novos caminhos e pintando novas cores&#8221;, pontuou a coordenadora do N\u00facleo \u00c9tnico-Racial da Secult, Lais Cataryne, ao enfatizar a relev\u00e2ncia do projeto.<\/p>\n\n\n\n<p>Confer\u00eancia Municipal<\/p>\n\n\n\n<p>Integrando as comemora\u00e7\u00f5es do Julho Pretas, na segunda-feira (28) a Secretaria de Desenvolvimento Social e Cidadania (Sedes) realiza a 4\u00aa Confer\u00eancia Municipal da Mulher Negra de Cama\u00e7ari, no Horto Florestal. Na oportunidade, ser\u00e3o debatidas e propostas diretrizes para as pol\u00edticas p\u00fablicas voltadas \u00e0s mulheres negras que vivem na cidade.<\/p>\n\n\n\n<p>Foto: Patrick Abreu<\/p>\n","protected":false},"excerpt":{"rendered":"<p>A pot\u00eancia das mulheres negras invadiu o Horto Florestal de Cama\u00e7ari nesta quinta-feira (24), com a roda de conversa \u201cEu te Vejo, Preta\u201d. A atividade comp\u00f5e a programa\u00e7\u00e3o do Julho das Pretas, promovido pela Secretaria de Cultura (Secult), tendo como marco o Dia Internacional da Mulher Negra Latino-Americana e Caribenha, celebrado em 25 de julho, [&hellip;]<\/p>\n","protected":false},"author":1,"featured_media":7326,"comment_status":"open","ping_status":"open","sticky":false,"template":"","format":"standard","meta":{"footnotes":""},"categories":[8],"tags":[],"class_list":["post-7325","post","type-post","status-publish","format-standard","has-post-thumbnail","hentry","category-camacari"],"yoast_head":"<!-- This site is optimized with the Yoast SEO plugin v21.7 - https:\/\/yoast.com\/wordpress\/plugins\/seo\/ -->\n<title>Julho das Pretas: Roda de conversa destaca pot\u00eancia de mulheres negras em Cama\u00e7ari - Compartilha Bahia<\/title>\n<meta name=\"robots\" content=\"index, follow, max-snippet:-1, max-image-preview:large, max-video-preview:-1\" \/>\n<link rel=\"canonical\" href=\"https:\/\/compartilhabahia.com.br\/index.php\/2025\/07\/24\/julho-das-pretas-roda-de-conversa-destaca-potencia-de-mulheres-negras-em-camacari\/\" \/>\n<meta property=\"og:locale\" content=\"pt_BR\" \/>\n<meta property=\"og:type\" content=\"article\" \/>\n<meta property=\"og:title\" content=\"Julho das Pretas: Roda de conversa destaca pot\u00eancia de mulheres negras em Cama\u00e7ari - Compartilha Bahia\" \/>\n<meta property=\"og:description\" content=\"A pot\u00eancia das mulheres negras invadiu o Horto Florestal de Cama\u00e7ari nesta quinta-feira (24), com a roda de conversa \u201cEu te Vejo, Preta\u201d. A atividade comp\u00f5e a programa\u00e7\u00e3o do Julho das Pretas, promovido pela Secretaria de Cultura (Secult), tendo como marco o Dia Internacional da Mulher Negra Latino-Americana e Caribenha, celebrado em 25 de julho, [&hellip;]\" \/>\n<meta property=\"og:url\" content=\"https:\/\/compartilhabahia.com.br\/index.php\/2025\/07\/24\/julho-das-pretas-roda-de-conversa-destaca-potencia-de-mulheres-negras-em-camacari\/\" \/>\n<meta property=\"og:site_name\" content=\"Compartilha Bahia\" \/>\n<meta property=\"article:publisher\" content=\"https:\/\/web.facebook.com\/compartilhabahia\" \/>\n<meta property=\"article:published_time\" content=\"2025-07-24T19:45:50+00:00\" \/>\n<meta property=\"article:modified_time\" content=\"2025-07-24T19:45:52+00:00\" \/>\n<meta property=\"og:image\" content=\"https:\/\/compartilhabahia.com.br\/wp-content\/uploads\/2025\/07\/julhodaspretasdois.jpg\" \/>\n\t<meta property=\"og:image:width\" content=\"1000\" \/>\n\t<meta property=\"og:image:height\" content=\"600\" \/>\n\t<meta property=\"og:image:type\" content=\"image\/jpeg\" \/>\n<meta name=\"author\" content=\"admin\" \/>\n<meta name=\"twitter:card\" content=\"summary_large_image\" \/>\n<meta name=\"twitter:label1\" content=\"Escrito por\" \/>\n\t<meta name=\"twitter:data1\" content=\"admin\" \/>\n\t<meta name=\"twitter:label2\" content=\"Est. tempo de leitura\" \/>\n\t<meta name=\"twitter:data2\" content=\"6 minutos\" \/>\n<script type=\"application\/ld+json\" class=\"yoast-schema-graph\">{\"@context\":\"https:\/\/schema.org\",\"@graph\":[{\"@type\":\"Article\",\"@id\":\"https:\/\/compartilhabahia.com.br\/index.php\/2025\/07\/24\/julho-das-pretas-roda-de-conversa-destaca-potencia-de-mulheres-negras-em-camacari\/#article\",\"isPartOf\":{\"@id\":\"https:\/\/compartilhabahia.com.br\/index.php\/2025\/07\/24\/julho-das-pretas-roda-de-conversa-destaca-potencia-de-mulheres-negras-em-camacari\/\"},\"author\":{\"name\":\"admin\",\"@id\":\"https:\/\/compartilhabahia.com.br\/#\/schema\/person\/9b4f0c3178793b8248d6686732521c04\"},\"headline\":\"Julho das Pretas: Roda de conversa destaca pot\u00eancia de mulheres negras em Cama\u00e7ari\",\"datePublished\":\"2025-07-24T19:45:50+00:00\",\"dateModified\":\"2025-07-24T19:45:52+00:00\",\"mainEntityOfPage\":{\"@id\":\"https:\/\/compartilhabahia.com.br\/index.php\/2025\/07\/24\/julho-das-pretas-roda-de-conversa-destaca-potencia-de-mulheres-negras-em-camacari\/\"},\"wordCount\":994,\"commentCount\":0,\"publisher\":{\"@id\":\"https:\/\/compartilhabahia.com.br\/#organization\"},\"articleSection\":[\"Cama\u00e7ari\"],\"inLanguage\":\"pt-BR\",\"potentialAction\":[{\"@type\":\"CommentAction\",\"name\":\"Comment\",\"target\":[\"https:\/\/compartilhabahia.com.br\/index.php\/2025\/07\/24\/julho-das-pretas-roda-de-conversa-destaca-potencia-de-mulheres-negras-em-camacari\/#respond\"]}]},{\"@type\":\"WebPage\",\"@id\":\"https:\/\/compartilhabahia.com.br\/index.php\/2025\/07\/24\/julho-das-pretas-roda-de-conversa-destaca-potencia-de-mulheres-negras-em-camacari\/\",\"url\":\"https:\/\/compartilhabahia.com.br\/index.php\/2025\/07\/24\/julho-das-pretas-roda-de-conversa-destaca-potencia-de-mulheres-negras-em-camacari\/\",\"name\":\"Julho das Pretas: Roda de conversa destaca pot\u00eancia de mulheres negras em Cama\u00e7ari - Compartilha Bahia\",\"isPartOf\":{\"@id\":\"https:\/\/compartilhabahia.com.br\/#website\"},\"datePublished\":\"2025-07-24T19:45:50+00:00\",\"dateModified\":\"2025-07-24T19:45:52+00:00\",\"breadcrumb\":{\"@id\":\"https:\/\/compartilhabahia.com.br\/index.php\/2025\/07\/24\/julho-das-pretas-roda-de-conversa-destaca-potencia-de-mulheres-negras-em-camacari\/#breadcrumb\"},\"inLanguage\":\"pt-BR\",\"potentialAction\":[{\"@type\":\"ReadAction\",\"target\":[\"https:\/\/compartilhabahia.com.br\/index.php\/2025\/07\/24\/julho-das-pretas-roda-de-conversa-destaca-potencia-de-mulheres-negras-em-camacari\/\"]}]},{\"@type\":\"BreadcrumbList\",\"@id\":\"https:\/\/compartilhabahia.com.br\/index.php\/2025\/07\/24\/julho-das-pretas-roda-de-conversa-destaca-potencia-de-mulheres-negras-em-camacari\/#breadcrumb\",\"itemListElement\":[{\"@type\":\"ListItem\",\"position\":1,\"name\":\"In\u00edcio\",\"item\":\"https:\/\/compartilhabahia.com.br\/\"},{\"@type\":\"ListItem\",\"position\":2,\"name\":\"Julho das Pretas: Roda de conversa destaca pot\u00eancia de mulheres negras em Cama\u00e7ari\"}]},{\"@type\":\"WebSite\",\"@id\":\"https:\/\/compartilhabahia.com.br\/#website\",\"url\":\"https:\/\/compartilhabahia.com.br\/\",\"name\":\"Compartilha Bahia\",\"description\":\"\",\"publisher\":{\"@id\":\"https:\/\/compartilhabahia.com.br\/#organization\"},\"potentialAction\":[{\"@type\":\"SearchAction\",\"target\":{\"@type\":\"EntryPoint\",\"urlTemplate\":\"https:\/\/compartilhabahia.com.br\/?s={search_term_string}\"},\"query-input\":\"required name=search_term_string\"}],\"inLanguage\":\"pt-BR\"},{\"@type\":\"Organization\",\"@id\":\"https:\/\/compartilhabahia.com.br\/#organization\",\"name\":\"Compartilha Bahia\",\"url\":\"https:\/\/compartilhabahia.com.br\/\",\"logo\":{\"@type\":\"ImageObject\",\"inLanguage\":\"pt-BR\",\"@id\":\"https:\/\/compartilhabahia.com.br\/#\/schema\/logo\/image\/\",\"url\":\"https:\/\/compartilhabahia.com.br\/wp-content\/uploads\/2023\/12\/cropped-logo.png\",\"contentUrl\":\"https:\/\/compartilhabahia.com.br\/wp-content\/uploads\/2023\/12\/cropped-logo.png\",\"width\":300,\"height\":106,\"caption\":\"Compartilha Bahia\"},\"image\":{\"@id\":\"https:\/\/compartilhabahia.com.br\/#\/schema\/logo\/image\/\"},\"sameAs\":[\"https:\/\/web.facebook.com\/compartilhabahia\",\"https:\/\/www.instagram.com\/compartilhabahia\/\"]},{\"@type\":\"Person\",\"@id\":\"https:\/\/compartilhabahia.com.br\/#\/schema\/person\/9b4f0c3178793b8248d6686732521c04\",\"name\":\"admin\",\"image\":{\"@type\":\"ImageObject\",\"inLanguage\":\"pt-BR\",\"@id\":\"https:\/\/compartilhabahia.com.br\/#\/schema\/person\/image\/\",\"url\":\"https:\/\/secure.gravatar.com\/avatar\/9600df58751c5acbe914c538c03390ef649ea088cb65f84ba09c7ce66988eed6?s=96&d=mm&r=g\",\"contentUrl\":\"https:\/\/secure.gravatar.com\/avatar\/9600df58751c5acbe914c538c03390ef649ea088cb65f84ba09c7ce66988eed6?s=96&d=mm&r=g\",\"caption\":\"admin\"},\"sameAs\":[\"https:\/\/compartilhabahia.com.br\"],\"url\":\"https:\/\/compartilhabahia.com.br\/index.php\/author\/compartilhabahia\/\"}]}<\/script>\n<!-- \/ Yoast SEO plugin. -->","yoast_head_json":{"title":"Julho das Pretas: Roda de conversa destaca pot\u00eancia de mulheres negras em Cama\u00e7ari - Compartilha Bahia","robots":{"index":"index","follow":"follow","max-snippet":"max-snippet:-1","max-image-preview":"max-image-preview:large","max-video-preview":"max-video-preview:-1"},"canonical":"https:\/\/compartilhabahia.com.br\/index.php\/2025\/07\/24\/julho-das-pretas-roda-de-conversa-destaca-potencia-de-mulheres-negras-em-camacari\/","og_locale":"pt_BR","og_type":"article","og_title":"Julho das Pretas: Roda de conversa destaca pot\u00eancia de mulheres negras em Cama\u00e7ari - Compartilha Bahia","og_description":"A pot\u00eancia das mulheres negras invadiu o Horto Florestal de Cama\u00e7ari nesta quinta-feira (24), com a roda de conversa \u201cEu te Vejo, Preta\u201d. A atividade comp\u00f5e a programa\u00e7\u00e3o do Julho das Pretas, promovido pela Secretaria de Cultura (Secult), tendo como marco o Dia Internacional da Mulher Negra Latino-Americana e Caribenha, celebrado em 25 de julho, [&hellip;]","og_url":"https:\/\/compartilhabahia.com.br\/index.php\/2025\/07\/24\/julho-das-pretas-roda-de-conversa-destaca-potencia-de-mulheres-negras-em-camacari\/","og_site_name":"Compartilha Bahia","article_publisher":"https:\/\/web.facebook.com\/compartilhabahia","article_published_time":"2025-07-24T19:45:50+00:00","article_modified_time":"2025-07-24T19:45:52+00:00","og_image":[{"width":1000,"height":600,"url":"https:\/\/compartilhabahia.com.br\/wp-content\/uploads\/2025\/07\/julhodaspretasdois.jpg","type":"image\/jpeg"}],"author":"admin","twitter_card":"summary_large_image","twitter_misc":{"Escrito por":"admin","Est. tempo de leitura":"6 minutos"},"schema":{"@context":"https:\/\/schema.org","@graph":[{"@type":"Article","@id":"https:\/\/compartilhabahia.com.br\/index.php\/2025\/07\/24\/julho-das-pretas-roda-de-conversa-destaca-potencia-de-mulheres-negras-em-camacari\/#article","isPartOf":{"@id":"https:\/\/compartilhabahia.com.br\/index.php\/2025\/07\/24\/julho-das-pretas-roda-de-conversa-destaca-potencia-de-mulheres-negras-em-camacari\/"},"author":{"name":"admin","@id":"https:\/\/compartilhabahia.com.br\/#\/schema\/person\/9b4f0c3178793b8248d6686732521c04"},"headline":"Julho das Pretas: Roda de conversa destaca pot\u00eancia de mulheres negras em Cama\u00e7ari","datePublished":"2025-07-24T19:45:50+00:00","dateModified":"2025-07-24T19:45:52+00:00","mainEntityOfPage":{"@id":"https:\/\/compartilhabahia.com.br\/index.php\/2025\/07\/24\/julho-das-pretas-roda-de-conversa-destaca-potencia-de-mulheres-negras-em-camacari\/"},"wordCount":994,"commentCount":0,"publisher":{"@id":"https:\/\/compartilhabahia.com.br\/#organization"},"articleSection":["Cama\u00e7ari"],"inLanguage":"pt-BR","potentialAction":[{"@type":"CommentAction","name":"Comment","target":["https:\/\/compartilhabahia.com.br\/index.php\/2025\/07\/24\/julho-das-pretas-roda-de-conversa-destaca-potencia-de-mulheres-negras-em-camacari\/#respond"]}]},{"@type":"WebPage","@id":"https:\/\/compartilhabahia.com.br\/index.php\/2025\/07\/24\/julho-das-pretas-roda-de-conversa-destaca-potencia-de-mulheres-negras-em-camacari\/","url":"https:\/\/compartilhabahia.com.br\/index.php\/2025\/07\/24\/julho-das-pretas-roda-de-conversa-destaca-potencia-de-mulheres-negras-em-camacari\/","name":"Julho das Pretas: Roda de conversa destaca pot\u00eancia de mulheres negras em Cama\u00e7ari - Compartilha Bahia","isPartOf":{"@id":"https:\/\/compartilhabahia.com.br\/#website"},"datePublished":"2025-07-24T19:45:50+00:00","dateModified":"2025-07-24T19:45:52+00:00","breadcrumb":{"@id":"https:\/\/compartilhabahia.com.br\/index.php\/2025\/07\/24\/julho-das-pretas-roda-de-conversa-destaca-potencia-de-mulheres-negras-em-camacari\/#breadcrumb"},"inLanguage":"pt-BR","potentialAction":[{"@type":"ReadAction","target":["https:\/\/compartilhabahia.com.br\/index.php\/2025\/07\/24\/julho-das-pretas-roda-de-conversa-destaca-potencia-de-mulheres-negras-em-camacari\/"]}]},{"@type":"BreadcrumbList","@id":"https:\/\/compartilhabahia.com.br\/index.php\/2025\/07\/24\/julho-das-pretas-roda-de-conversa-destaca-potencia-de-mulheres-negras-em-camacari\/#breadcrumb","itemListElement":[{"@type":"ListItem","position":1,"name":"In\u00edcio","item":"https:\/\/compartilhabahia.com.br\/"},{"@type":"ListItem","position":2,"name":"Julho das Pretas: Roda de conversa destaca pot\u00eancia de mulheres negras em Cama\u00e7ari"}]},{"@type":"WebSite","@id":"https:\/\/compartilhabahia.com.br\/#website","url":"https:\/\/compartilhabahia.com.br\/","name":"Compartilha Bahia","description":"","publisher":{"@id":"https:\/\/compartilhabahia.com.br\/#organization"},"potentialAction":[{"@type":"SearchAction","target":{"@type":"EntryPoint","urlTemplate":"https:\/\/compartilhabahia.com.br\/?s={search_term_string}"},"query-input":"required name=search_term_string"}],"inLanguage":"pt-BR"},{"@type":"Organization","@id":"https:\/\/compartilhabahia.com.br\/#organization","name":"Compartilha Bahia","url":"https:\/\/compartilhabahia.com.br\/","logo":{"@type":"ImageObject","inLanguage":"pt-BR","@id":"https:\/\/compartilhabahia.com.br\/#\/schema\/logo\/image\/","url":"https:\/\/compartilhabahia.com.br\/wp-content\/uploads\/2023\/12\/cropped-logo.png","contentUrl":"https:\/\/compartilhabahia.com.br\/wp-content\/uploads\/2023\/12\/cropped-logo.png","width":300,"height":106,"caption":"Compartilha Bahia"},"image":{"@id":"https:\/\/compartilhabahia.com.br\/#\/schema\/logo\/image\/"},"sameAs":["https:\/\/web.facebook.com\/compartilhabahia","https:\/\/www.instagram.com\/compartilhabahia\/"]},{"@type":"Person","@id":"https:\/\/compartilhabahia.com.br\/#\/schema\/person\/9b4f0c3178793b8248d6686732521c04","name":"admin","image":{"@type":"ImageObject","inLanguage":"pt-BR","@id":"https:\/\/compartilhabahia.com.br\/#\/schema\/person\/image\/","url":"https:\/\/secure.gravatar.com\/avatar\/9600df58751c5acbe914c538c03390ef649ea088cb65f84ba09c7ce66988eed6?s=96&d=mm&r=g","contentUrl":"https:\/\/secure.gravatar.com\/avatar\/9600df58751c5acbe914c538c03390ef649ea088cb65f84ba09c7ce66988eed6?s=96&d=mm&r=g","caption":"admin"},"sameAs":["https:\/\/compartilhabahia.com.br"],"url":"https:\/\/compartilhabahia.com.br\/index.php\/author\/compartilhabahia\/"}]}},"_links":{"self":[{"href":"https:\/\/compartilhabahia.com.br\/index.php\/wp-json\/wp\/v2\/posts\/7325","targetHints":{"allow":["GET"]}}],"collection":[{"href":"https:\/\/compartilhabahia.com.br\/index.php\/wp-json\/wp\/v2\/posts"}],"about":[{"href":"https:\/\/compartilhabahia.com.br\/index.php\/wp-json\/wp\/v2\/types\/post"}],"author":[{"embeddable":true,"href":"https:\/\/compartilhabahia.com.br\/index.php\/wp-json\/wp\/v2\/users\/1"}],"replies":[{"embeddable":true,"href":"https:\/\/compartilhabahia.com.br\/index.php\/wp-json\/wp\/v2\/comments?post=7325"}],"version-history":[{"count":1,"href":"https:\/\/compartilhabahia.com.br\/index.php\/wp-json\/wp\/v2\/posts\/7325\/revisions"}],"predecessor-version":[{"id":7327,"href":"https:\/\/compartilhabahia.com.br\/index.php\/wp-json\/wp\/v2\/posts\/7325\/revisions\/7327"}],"wp:featuredmedia":[{"embeddable":true,"href":"https:\/\/compartilhabahia.com.br\/index.php\/wp-json\/wp\/v2\/media\/7326"}],"wp:attachment":[{"href":"https:\/\/compartilhabahia.com.br\/index.php\/wp-json\/wp\/v2\/media?parent=7325"}],"wp:term":[{"taxonomy":"category","embeddable":true,"href":"https:\/\/compartilhabahia.com.br\/index.php\/wp-json\/wp\/v2\/categories?post=7325"},{"taxonomy":"post_tag","embeddable":true,"href":"https:\/\/compartilhabahia.com.br\/index.php\/wp-json\/wp\/v2\/tags?post=7325"}],"curies":[{"name":"wp","href":"https:\/\/api.w.org\/{rel}","templated":true}]}}