{"id":7321,"date":"2025-07-23T17:28:00","date_gmt":"2025-07-23T20:28:00","guid":{"rendered":"https:\/\/compartilhabahia.com.br\/?p=7321"},"modified":"2025-07-23T17:29:42","modified_gmt":"2025-07-23T20:29:42","slug":"cancao-nova-transmite-festival-halleluya-que-comeca-hoje","status":"publish","type":"post","link":"https:\/\/compartilhabahia.com.br\/index.php\/2025\/07\/23\/cancao-nova-transmite-festival-halleluya-que-comeca-hoje\/","title":{"rendered":"Can\u00e7\u00e3o Nova transmite Festival Halleluya que come\u00e7a hoje"},"content":{"rendered":"\n<p><\/p>\n\n\n\n<p>O Sistema Can\u00e7\u00e3o Nova de Comunica\u00e7\u00e3o transmite desta quarta-feira (23) at\u00e9 27 de julho de 2025, o Festival Halleluya, em Fortaleza (CE). Promovido pela Comunidade Shalom h\u00e1 26 anos, o festival \u00e9 considerado o maior evento de m\u00fasica cat\u00f3lica da Am\u00e9rica Latina.<\/p>\n\n\n\n<p><br>Neste ano, o Halleluya ter\u00e1 a participa\u00e7\u00e3o de Frei Gilson, dos padres F\u00e1bio de Melo e Marcelo Rossi, da Irm\u00e3 Kelly Patr\u00edcia, da Fraternidade S\u00e3o Jo\u00e3o Paulo II, da banda Rosa de Saron, dos mission\u00e1rios da Comunidade Can\u00e7\u00e3o Nova, padre Adriano Zandon\u00e1 e Bruna Marta, entre outros cantores cat\u00f3licos.<br>Na plataforma de streaming CN Plus &#8211; que pode ser acessada via aplicativo ou site\u00a0<a href=\"https:\/\/na01.safelinks.protection.outlook.com\/?url=https%3A%2F%2Fcnplus.cancaonova.com%2Fpages%2F6&amp;data=05%7C02%7C%7Ca00b5b8784574f0a8fa408ddc9380642%7C84df9e7fe9f640afb435aaaaaaaaaaaa%7C1%7C0%7C638887964643808361%7CUnknown%7CTWFpbGZsb3d8eyJFbXB0eU1hcGkiOnRydWUsIlYiOiIwLjAuMDAwMCIsIlAiOiJXaW4zMiIsIkFOIjoiTWFpbCIsIldUIjoyfQ%3D%3D%7C0%7C%7C%7C&amp;sdata=ohN443gJDZ5a%2Bu5uBDmQjX5r%2FuMEpswmOBFvFG662nI%3D&amp;reserved=0\" target=\"_blank\" rel=\"noreferrer noopener\">cnplus.cancaonova.com<\/a>\u00a0-, ser\u00e1 poss\u00edvel acompanhar o festival na \u00edntegra. A TV e a R\u00e1dio Can\u00e7\u00e3o Nova transmitem o evento nos seguintes hor\u00e1rios: quarta-feira (23), a partir das 23h30; quinta-feira (24), das 21h em diante; sexta-feira (25), \u00e0s 20h; s\u00e1bado, \u00e0s 21h, e domingo, \u00e0s 18h.\u00a0<\/p>\n\n\n\n<p>Nas redes sociais, a p\u00e1gina oficial do evento \u00e9 @festivalhalleluya.<\/p>\n","protected":false},"excerpt":{"rendered":"<p>O Sistema Can\u00e7\u00e3o Nova de Comunica\u00e7\u00e3o transmite desta quarta-feira (23) at\u00e9 27 de julho de 2025, o Festival Halleluya, em Fortaleza (CE). Promovido pela Comunidade Shalom h\u00e1 26 anos, o festival \u00e9 considerado o maior evento de m\u00fasica cat\u00f3lica da Am\u00e9rica Latina. Neste ano, o Halleluya ter\u00e1 a participa\u00e7\u00e3o de Frei Gilson, dos padres F\u00e1bio [&hellip;]<\/p>\n","protected":false},"author":1,"featured_media":7324,"comment_status":"open","ping_status":"open","sticky":false,"template":"","format":"standard","meta":{"footnotes":""},"categories":[4],"tags":[],"class_list":["post-7321","post","type-post","status-publish","format-standard","has-post-thumbnail","hentry","category-brasil"],"yoast_head":"<!-- This site is optimized with the Yoast SEO plugin v21.7 - https:\/\/yoast.com\/wordpress\/plugins\/seo\/ -->\n<title>Can\u00e7\u00e3o Nova transmite Festival Halleluya que come\u00e7a hoje - Compartilha Bahia<\/title>\n<meta name=\"robots\" content=\"index, follow, max-snippet:-1, max-image-preview:large, max-video-preview:-1\" \/>\n<link rel=\"canonical\" href=\"https:\/\/compartilhabahia.com.br\/index.php\/2025\/07\/23\/cancao-nova-transmite-festival-halleluya-que-comeca-hoje\/\" \/>\n<meta property=\"og:locale\" content=\"pt_BR\" \/>\n<meta property=\"og:type\" content=\"article\" \/>\n<meta property=\"og:title\" content=\"Can\u00e7\u00e3o Nova transmite Festival Halleluya que come\u00e7a hoje - Compartilha Bahia\" \/>\n<meta property=\"og:description\" content=\"O Sistema Can\u00e7\u00e3o Nova de Comunica\u00e7\u00e3o transmite desta quarta-feira (23) at\u00e9 27 de julho de 2025, o Festival Halleluya, em Fortaleza (CE). Promovido pela Comunidade Shalom h\u00e1 26 anos, o festival \u00e9 considerado o maior evento de m\u00fasica cat\u00f3lica da Am\u00e9rica Latina. Neste ano, o Halleluya ter\u00e1 a participa\u00e7\u00e3o de Frei Gilson, dos padres F\u00e1bio [&hellip;]\" \/>\n<meta property=\"og:url\" content=\"https:\/\/compartilhabahia.com.br\/index.php\/2025\/07\/23\/cancao-nova-transmite-festival-halleluya-que-comeca-hoje\/\" \/>\n<meta property=\"og:site_name\" content=\"Compartilha Bahia\" \/>\n<meta property=\"article:publisher\" content=\"https:\/\/web.facebook.com\/compartilhabahia\" \/>\n<meta property=\"article:published_time\" content=\"2025-07-23T20:28:00+00:00\" \/>\n<meta property=\"article:modified_time\" content=\"2025-07-23T20:29:42+00:00\" \/>\n<meta property=\"og:image\" content=\"https:\/\/compartilhabahia.com.br\/wp-content\/uploads\/2025\/07\/photo_4965601550391160262_y.jpg\" \/>\n\t<meta property=\"og:image:width\" content=\"1280\" \/>\n\t<meta property=\"og:image:height\" content=\"720\" \/>\n\t<meta property=\"og:image:type\" content=\"image\/jpeg\" \/>\n<meta name=\"author\" content=\"admin\" \/>\n<meta name=\"twitter:card\" content=\"summary_large_image\" \/>\n<meta name=\"twitter:label1\" content=\"Escrito por\" \/>\n\t<meta name=\"twitter:data1\" content=\"admin\" \/>\n\t<meta name=\"twitter:label2\" content=\"Est. tempo de leitura\" \/>\n\t<meta name=\"twitter:data2\" content=\"2 minutos\" \/>\n<script type=\"application\/ld+json\" class=\"yoast-schema-graph\">{\"@context\":\"https:\/\/schema.org\",\"@graph\":[{\"@type\":\"Article\",\"@id\":\"https:\/\/compartilhabahia.com.br\/index.php\/2025\/07\/23\/cancao-nova-transmite-festival-halleluya-que-comeca-hoje\/#article\",\"isPartOf\":{\"@id\":\"https:\/\/compartilhabahia.com.br\/index.php\/2025\/07\/23\/cancao-nova-transmite-festival-halleluya-que-comeca-hoje\/\"},\"author\":{\"name\":\"admin\",\"@id\":\"https:\/\/compartilhabahia.com.br\/#\/schema\/person\/9b4f0c3178793b8248d6686732521c04\"},\"headline\":\"Can\u00e7\u00e3o Nova transmite Festival Halleluya que come\u00e7a hoje\",\"datePublished\":\"2025-07-23T20:28:00+00:00\",\"dateModified\":\"2025-07-23T20:29:42+00:00\",\"mainEntityOfPage\":{\"@id\":\"https:\/\/compartilhabahia.com.br\/index.php\/2025\/07\/23\/cancao-nova-transmite-festival-halleluya-que-comeca-hoje\/\"},\"wordCount\":183,\"commentCount\":0,\"publisher\":{\"@id\":\"https:\/\/compartilhabahia.com.br\/#organization\"},\"articleSection\":[\"Brasil\"],\"inLanguage\":\"pt-BR\",\"potentialAction\":[{\"@type\":\"CommentAction\",\"name\":\"Comment\",\"target\":[\"https:\/\/compartilhabahia.com.br\/index.php\/2025\/07\/23\/cancao-nova-transmite-festival-halleluya-que-comeca-hoje\/#respond\"]}]},{\"@type\":\"WebPage\",\"@id\":\"https:\/\/compartilhabahia.com.br\/index.php\/2025\/07\/23\/cancao-nova-transmite-festival-halleluya-que-comeca-hoje\/\",\"url\":\"https:\/\/compartilhabahia.com.br\/index.php\/2025\/07\/23\/cancao-nova-transmite-festival-halleluya-que-comeca-hoje\/\",\"name\":\"Can\u00e7\u00e3o Nova transmite Festival Halleluya que come\u00e7a hoje - Compartilha Bahia\",\"isPartOf\":{\"@id\":\"https:\/\/compartilhabahia.com.br\/#website\"},\"datePublished\":\"2025-07-23T20:28:00+00:00\",\"dateModified\":\"2025-07-23T20:29:42+00:00\",\"breadcrumb\":{\"@id\":\"https:\/\/compartilhabahia.com.br\/index.php\/2025\/07\/23\/cancao-nova-transmite-festival-halleluya-que-comeca-hoje\/#breadcrumb\"},\"inLanguage\":\"pt-BR\",\"potentialAction\":[{\"@type\":\"ReadAction\",\"target\":[\"https:\/\/compartilhabahia.com.br\/index.php\/2025\/07\/23\/cancao-nova-transmite-festival-halleluya-que-comeca-hoje\/\"]}]},{\"@type\":\"BreadcrumbList\",\"@id\":\"https:\/\/compartilhabahia.com.br\/index.php\/2025\/07\/23\/cancao-nova-transmite-festival-halleluya-que-comeca-hoje\/#breadcrumb\",\"itemListElement\":[{\"@type\":\"ListItem\",\"position\":1,\"name\":\"In\u00edcio\",\"item\":\"https:\/\/compartilhabahia.com.br\/\"},{\"@type\":\"ListItem\",\"position\":2,\"name\":\"Can\u00e7\u00e3o Nova transmite Festival Halleluya que come\u00e7a hoje\"}]},{\"@type\":\"WebSite\",\"@id\":\"https:\/\/compartilhabahia.com.br\/#website\",\"url\":\"https:\/\/compartilhabahia.com.br\/\",\"name\":\"Compartilha Bahia\",\"description\":\"\",\"publisher\":{\"@id\":\"https:\/\/compartilhabahia.com.br\/#organization\"},\"potentialAction\":[{\"@type\":\"SearchAction\",\"target\":{\"@type\":\"EntryPoint\",\"urlTemplate\":\"https:\/\/compartilhabahia.com.br\/?s={search_term_string}\"},\"query-input\":\"required name=search_term_string\"}],\"inLanguage\":\"pt-BR\"},{\"@type\":\"Organization\",\"@id\":\"https:\/\/compartilhabahia.com.br\/#organization\",\"name\":\"Compartilha Bahia\",\"url\":\"https:\/\/compartilhabahia.com.br\/\",\"logo\":{\"@type\":\"ImageObject\",\"inLanguage\":\"pt-BR\",\"@id\":\"https:\/\/compartilhabahia.com.br\/#\/schema\/logo\/image\/\",\"url\":\"https:\/\/compartilhabahia.com.br\/wp-content\/uploads\/2023\/12\/cropped-logo.png\",\"contentUrl\":\"https:\/\/compartilhabahia.com.br\/wp-content\/uploads\/2023\/12\/cropped-logo.png\",\"width\":300,\"height\":106,\"caption\":\"Compartilha Bahia\"},\"image\":{\"@id\":\"https:\/\/compartilhabahia.com.br\/#\/schema\/logo\/image\/\"},\"sameAs\":[\"https:\/\/web.facebook.com\/compartilhabahia\",\"https:\/\/www.instagram.com\/compartilhabahia\/\"]},{\"@type\":\"Person\",\"@id\":\"https:\/\/compartilhabahia.com.br\/#\/schema\/person\/9b4f0c3178793b8248d6686732521c04\",\"name\":\"admin\",\"image\":{\"@type\":\"ImageObject\",\"inLanguage\":\"pt-BR\",\"@id\":\"https:\/\/compartilhabahia.com.br\/#\/schema\/person\/image\/\",\"url\":\"https:\/\/secure.gravatar.com\/avatar\/9600df58751c5acbe914c538c03390ef649ea088cb65f84ba09c7ce66988eed6?s=96&d=mm&r=g\",\"contentUrl\":\"https:\/\/secure.gravatar.com\/avatar\/9600df58751c5acbe914c538c03390ef649ea088cb65f84ba09c7ce66988eed6?s=96&d=mm&r=g\",\"caption\":\"admin\"},\"sameAs\":[\"https:\/\/compartilhabahia.com.br\"],\"url\":\"https:\/\/compartilhabahia.com.br\/index.php\/author\/compartilhabahia\/\"}]}<\/script>\n<!-- \/ Yoast SEO plugin. -->","yoast_head_json":{"title":"Can\u00e7\u00e3o Nova transmite Festival Halleluya que come\u00e7a hoje - Compartilha Bahia","robots":{"index":"index","follow":"follow","max-snippet":"max-snippet:-1","max-image-preview":"max-image-preview:large","max-video-preview":"max-video-preview:-1"},"canonical":"https:\/\/compartilhabahia.com.br\/index.php\/2025\/07\/23\/cancao-nova-transmite-festival-halleluya-que-comeca-hoje\/","og_locale":"pt_BR","og_type":"article","og_title":"Can\u00e7\u00e3o Nova transmite Festival Halleluya que come\u00e7a hoje - Compartilha Bahia","og_description":"O Sistema Can\u00e7\u00e3o Nova de Comunica\u00e7\u00e3o transmite desta quarta-feira (23) at\u00e9 27 de julho de 2025, o Festival Halleluya, em Fortaleza (CE). Promovido pela Comunidade Shalom h\u00e1 26 anos, o festival \u00e9 considerado o maior evento de m\u00fasica cat\u00f3lica da Am\u00e9rica Latina. Neste ano, o Halleluya ter\u00e1 a participa\u00e7\u00e3o de Frei Gilson, dos padres F\u00e1bio [&hellip;]","og_url":"https:\/\/compartilhabahia.com.br\/index.php\/2025\/07\/23\/cancao-nova-transmite-festival-halleluya-que-comeca-hoje\/","og_site_name":"Compartilha Bahia","article_publisher":"https:\/\/web.facebook.com\/compartilhabahia","article_published_time":"2025-07-23T20:28:00+00:00","article_modified_time":"2025-07-23T20:29:42+00:00","og_image":[{"width":1280,"height":720,"url":"https:\/\/compartilhabahia.com.br\/wp-content\/uploads\/2025\/07\/photo_4965601550391160262_y.jpg","type":"image\/jpeg"}],"author":"admin","twitter_card":"summary_large_image","twitter_misc":{"Escrito por":"admin","Est. tempo de leitura":"2 minutos"},"schema":{"@context":"https:\/\/schema.org","@graph":[{"@type":"Article","@id":"https:\/\/compartilhabahia.com.br\/index.php\/2025\/07\/23\/cancao-nova-transmite-festival-halleluya-que-comeca-hoje\/#article","isPartOf":{"@id":"https:\/\/compartilhabahia.com.br\/index.php\/2025\/07\/23\/cancao-nova-transmite-festival-halleluya-que-comeca-hoje\/"},"author":{"name":"admin","@id":"https:\/\/compartilhabahia.com.br\/#\/schema\/person\/9b4f0c3178793b8248d6686732521c04"},"headline":"Can\u00e7\u00e3o Nova transmite Festival Halleluya que come\u00e7a hoje","datePublished":"2025-07-23T20:28:00+00:00","dateModified":"2025-07-23T20:29:42+00:00","mainEntityOfPage":{"@id":"https:\/\/compartilhabahia.com.br\/index.php\/2025\/07\/23\/cancao-nova-transmite-festival-halleluya-que-comeca-hoje\/"},"wordCount":183,"commentCount":0,"publisher":{"@id":"https:\/\/compartilhabahia.com.br\/#organization"},"articleSection":["Brasil"],"inLanguage":"pt-BR","potentialAction":[{"@type":"CommentAction","name":"Comment","target":["https:\/\/compartilhabahia.com.br\/index.php\/2025\/07\/23\/cancao-nova-transmite-festival-halleluya-que-comeca-hoje\/#respond"]}]},{"@type":"WebPage","@id":"https:\/\/compartilhabahia.com.br\/index.php\/2025\/07\/23\/cancao-nova-transmite-festival-halleluya-que-comeca-hoje\/","url":"https:\/\/compartilhabahia.com.br\/index.php\/2025\/07\/23\/cancao-nova-transmite-festival-halleluya-que-comeca-hoje\/","name":"Can\u00e7\u00e3o Nova transmite Festival Halleluya que come\u00e7a hoje - Compartilha Bahia","isPartOf":{"@id":"https:\/\/compartilhabahia.com.br\/#website"},"datePublished":"2025-07-23T20:28:00+00:00","dateModified":"2025-07-23T20:29:42+00:00","breadcrumb":{"@id":"https:\/\/compartilhabahia.com.br\/index.php\/2025\/07\/23\/cancao-nova-transmite-festival-halleluya-que-comeca-hoje\/#breadcrumb"},"inLanguage":"pt-BR","potentialAction":[{"@type":"ReadAction","target":["https:\/\/compartilhabahia.com.br\/index.php\/2025\/07\/23\/cancao-nova-transmite-festival-halleluya-que-comeca-hoje\/"]}]},{"@type":"BreadcrumbList","@id":"https:\/\/compartilhabahia.com.br\/index.php\/2025\/07\/23\/cancao-nova-transmite-festival-halleluya-que-comeca-hoje\/#breadcrumb","itemListElement":[{"@type":"ListItem","position":1,"name":"In\u00edcio","item":"https:\/\/compartilhabahia.com.br\/"},{"@type":"ListItem","position":2,"name":"Can\u00e7\u00e3o Nova transmite Festival Halleluya que come\u00e7a hoje"}]},{"@type":"WebSite","@id":"https:\/\/compartilhabahia.com.br\/#website","url":"https:\/\/compartilhabahia.com.br\/","name":"Compartilha Bahia","description":"","publisher":{"@id":"https:\/\/compartilhabahia.com.br\/#organization"},"potentialAction":[{"@type":"SearchAction","target":{"@type":"EntryPoint","urlTemplate":"https:\/\/compartilhabahia.com.br\/?s={search_term_string}"},"query-input":"required name=search_term_string"}],"inLanguage":"pt-BR"},{"@type":"Organization","@id":"https:\/\/compartilhabahia.com.br\/#organization","name":"Compartilha Bahia","url":"https:\/\/compartilhabahia.com.br\/","logo":{"@type":"ImageObject","inLanguage":"pt-BR","@id":"https:\/\/compartilhabahia.com.br\/#\/schema\/logo\/image\/","url":"https:\/\/compartilhabahia.com.br\/wp-content\/uploads\/2023\/12\/cropped-logo.png","contentUrl":"https:\/\/compartilhabahia.com.br\/wp-content\/uploads\/2023\/12\/cropped-logo.png","width":300,"height":106,"caption":"Compartilha Bahia"},"image":{"@id":"https:\/\/compartilhabahia.com.br\/#\/schema\/logo\/image\/"},"sameAs":["https:\/\/web.facebook.com\/compartilhabahia","https:\/\/www.instagram.com\/compartilhabahia\/"]},{"@type":"Person","@id":"https:\/\/compartilhabahia.com.br\/#\/schema\/person\/9b4f0c3178793b8248d6686732521c04","name":"admin","image":{"@type":"ImageObject","inLanguage":"pt-BR","@id":"https:\/\/compartilhabahia.com.br\/#\/schema\/person\/image\/","url":"https:\/\/secure.gravatar.com\/avatar\/9600df58751c5acbe914c538c03390ef649ea088cb65f84ba09c7ce66988eed6?s=96&d=mm&r=g","contentUrl":"https:\/\/secure.gravatar.com\/avatar\/9600df58751c5acbe914c538c03390ef649ea088cb65f84ba09c7ce66988eed6?s=96&d=mm&r=g","caption":"admin"},"sameAs":["https:\/\/compartilhabahia.com.br"],"url":"https:\/\/compartilhabahia.com.br\/index.php\/author\/compartilhabahia\/"}]}},"_links":{"self":[{"href":"https:\/\/compartilhabahia.com.br\/index.php\/wp-json\/wp\/v2\/posts\/7321","targetHints":{"allow":["GET"]}}],"collection":[{"href":"https:\/\/compartilhabahia.com.br\/index.php\/wp-json\/wp\/v2\/posts"}],"about":[{"href":"https:\/\/compartilhabahia.com.br\/index.php\/wp-json\/wp\/v2\/types\/post"}],"author":[{"embeddable":true,"href":"https:\/\/compartilhabahia.com.br\/index.php\/wp-json\/wp\/v2\/users\/1"}],"replies":[{"embeddable":true,"href":"https:\/\/compartilhabahia.com.br\/index.php\/wp-json\/wp\/v2\/comments?post=7321"}],"version-history":[{"count":1,"href":"https:\/\/compartilhabahia.com.br\/index.php\/wp-json\/wp\/v2\/posts\/7321\/revisions"}],"predecessor-version":[{"id":7323,"href":"https:\/\/compartilhabahia.com.br\/index.php\/wp-json\/wp\/v2\/posts\/7321\/revisions\/7323"}],"wp:featuredmedia":[{"embeddable":true,"href":"https:\/\/compartilhabahia.com.br\/index.php\/wp-json\/wp\/v2\/media\/7324"}],"wp:attachment":[{"href":"https:\/\/compartilhabahia.com.br\/index.php\/wp-json\/wp\/v2\/media?parent=7321"}],"wp:term":[{"taxonomy":"category","embeddable":true,"href":"https:\/\/compartilhabahia.com.br\/index.php\/wp-json\/wp\/v2\/categories?post=7321"},{"taxonomy":"post_tag","embeddable":true,"href":"https:\/\/compartilhabahia.com.br\/index.php\/wp-json\/wp\/v2\/tags?post=7321"}],"curies":[{"name":"wp","href":"https:\/\/api.w.org\/{rel}","templated":true}]}}