{"id":7318,"date":"2025-07-23T17:17:48","date_gmt":"2025-07-23T20:17:48","guid":{"rendered":"https:\/\/compartilhabahia.com.br\/?p=7318"},"modified":"2025-07-23T17:17:50","modified_gmt":"2025-07-23T20:17:50","slug":"unipar-incentiva-jovens-em-camacari-com-palestra-sobre-carreira-e-futuro-profissional","status":"publish","type":"post","link":"https:\/\/compartilhabahia.com.br\/index.php\/2025\/07\/23\/unipar-incentiva-jovens-em-camacari-com-palestra-sobre-carreira-e-futuro-profissional\/","title":{"rendered":"Unipar incentiva jovens em Cama\u00e7ari com palestra sobre carreira e futuro profissional"},"content":{"rendered":"\n<p>A Unipar participou do programa Construindo um Futuro, realizado na manh\u00e3 dessa quarta-feira (22), na Escola Municipal Carlos Drummond de Andrade, em Cama\u00e7ari (BA). A iniciativa tem como objetivo aproximar o setor industrial das comunidades escolares, promovendo o di\u00e1logo entre educa\u00e7\u00e3o e mercado de trabalho.<br>&nbsp;<\/p>\n\n\n\n<p>Durante o encontro, Ronald Hackbarth, gerente da F\u00e1brica da Unipar, compartilhou com os estudantes sua trajet\u00f3ria profissional e falou sobre escolhas de carreira, desafios e oportunidades, incentivando os jovens a refletirem sobre seus caminhos e planos para o futuro.<br>&nbsp;<\/p>\n\n\n\n<p>A a\u00e7\u00e3o \u00e9 fruto de uma parceria entre o Comit\u00ea de Fomento Industrial de Cama\u00e7ari (Cofic) e o Polo Industrial de Cama\u00e7ari, e est\u00e1 alinhada ao compromisso da Unipar com o desenvolvimento social nas regi\u00f5es onde est\u00e1 presente. \u201cNa Unipar, acreditamos que a educa\u00e7\u00e3o tem o poder de transformar vidas e impulsionar a constru\u00e7\u00e3o de um futuro mais justo e sustent\u00e1vel. Participar do programa&nbsp;<em>Construindo um Futuro<\/em>&nbsp;refor\u00e7a nosso compromisso de gerar valor por meio do conhecimento para as comunidades do nosso entorno\u201d, destacou Hackbarth.<\/p>\n\n\n\n<p><strong>Sobre a Unipar<\/strong><br>&nbsp;<\/p>\n\n\n\n<p>A Unipar, importante ator do setor qu\u00edmico e petroqu\u00edmico, se destaca como uma das principais fornecedoras para os setores de saneamento e constru\u00e7\u00e3o civil e produz mat\u00e9rias-primas para todas as ind\u00fastrias, entre elas t\u00eaxtil, de papel e celulose, de desinfetantes, alum\u00ednio, brinquedos, sapatos, alimentos, bebidas e farmac\u00eautica, entre outras. As a\u00e7\u00f5es da Unipar est\u00e3o listadas na B3 S.A. \u2013 Brasil, Bolsa e Balc\u00e3o sob os tickers: UNIP3, UNIP5 e UNIP6.<\/p>\n\n\n\n<p>A companhia est\u00e1 presente hoje no Brasil e Argentina, com escrit\u00f3rios em S\u00e3o Paulo e Buenos Aires, e f\u00e1bricas em Cama\u00e7ari (BA), Cubat\u00e3o (SP), Santo Andr\u00e9 (SP) e em Bah\u00eda Blanca (AR). A empresa tem ainda duas joint ventures para autoprodu\u00e7\u00e3o de energia el\u00e9trica renov\u00e1vel, com dois parques e\u00f3licos na Bahia e Rio Grande do Norte e um parque solar em Minas Gerais.<\/p>\n\n\n\n<p><br>Em 2023, a Unipar aderiu ao Pacto Global da ONU, a maior iniciativa de sustentabilidade corporativa do mundo e foi reconhecida pela Controladoria-Geral da Uni\u00e3o (CGU) como empresa Pr\u00f3-\u00c9tica, selo que identifica as empresas que mant\u00eam pol\u00edticas avan\u00e7adas de governan\u00e7a e integridade.<\/p>\n","protected":false},"excerpt":{"rendered":"<p>A Unipar participou do programa Construindo um Futuro, realizado na manh\u00e3 dessa quarta-feira (22), na Escola Municipal Carlos Drummond de Andrade, em Cama\u00e7ari (BA). A iniciativa tem como objetivo aproximar o setor industrial das comunidades escolares, promovendo o di\u00e1logo entre educa\u00e7\u00e3o e mercado de trabalho.&nbsp; Durante o encontro, Ronald Hackbarth, gerente da F\u00e1brica da Unipar, [&hellip;]<\/p>\n","protected":false},"author":1,"featured_media":7319,"comment_status":"open","ping_status":"open","sticky":false,"template":"","format":"standard","meta":{"footnotes":""},"categories":[8],"tags":[],"class_list":["post-7318","post","type-post","status-publish","format-standard","has-post-thumbnail","hentry","category-camacari"],"yoast_head":"<!-- This site is optimized with the Yoast SEO plugin v21.7 - https:\/\/yoast.com\/wordpress\/plugins\/seo\/ -->\n<title>Unipar incentiva jovens em Cama\u00e7ari com palestra sobre carreira e futuro profissional - Compartilha Bahia<\/title>\n<meta name=\"robots\" content=\"index, follow, max-snippet:-1, max-image-preview:large, max-video-preview:-1\" \/>\n<link rel=\"canonical\" href=\"https:\/\/compartilhabahia.com.br\/index.php\/2025\/07\/23\/unipar-incentiva-jovens-em-camacari-com-palestra-sobre-carreira-e-futuro-profissional\/\" \/>\n<meta property=\"og:locale\" content=\"pt_BR\" \/>\n<meta property=\"og:type\" content=\"article\" \/>\n<meta property=\"og:title\" content=\"Unipar incentiva jovens em Cama\u00e7ari com palestra sobre carreira e futuro profissional - Compartilha Bahia\" \/>\n<meta property=\"og:description\" content=\"A Unipar participou do programa Construindo um Futuro, realizado na manh\u00e3 dessa quarta-feira (22), na Escola Municipal Carlos Drummond de Andrade, em Cama\u00e7ari (BA). A iniciativa tem como objetivo aproximar o setor industrial das comunidades escolares, promovendo o di\u00e1logo entre educa\u00e7\u00e3o e mercado de trabalho.&nbsp; Durante o encontro, Ronald Hackbarth, gerente da F\u00e1brica da Unipar, [&hellip;]\" \/>\n<meta property=\"og:url\" content=\"https:\/\/compartilhabahia.com.br\/index.php\/2025\/07\/23\/unipar-incentiva-jovens-em-camacari-com-palestra-sobre-carreira-e-futuro-profissional\/\" \/>\n<meta property=\"og:site_name\" content=\"Compartilha Bahia\" \/>\n<meta property=\"article:publisher\" content=\"https:\/\/web.facebook.com\/compartilhabahia\" \/>\n<meta property=\"article:published_time\" content=\"2025-07-23T20:17:48+00:00\" \/>\n<meta property=\"article:modified_time\" content=\"2025-07-23T20:17:50+00:00\" \/>\n<meta property=\"og:image\" content=\"https:\/\/compartilhabahia.com.br\/wp-content\/uploads\/2025\/07\/uniparescola.jpg\" \/>\n\t<meta property=\"og:image:width\" content=\"753\" \/>\n\t<meta property=\"og:image:height\" content=\"346\" \/>\n\t<meta property=\"og:image:type\" content=\"image\/jpeg\" \/>\n<meta name=\"author\" content=\"admin\" \/>\n<meta name=\"twitter:card\" content=\"summary_large_image\" \/>\n<meta name=\"twitter:label1\" content=\"Escrito por\" \/>\n\t<meta name=\"twitter:data1\" content=\"admin\" \/>\n\t<meta name=\"twitter:label2\" content=\"Est. tempo de leitura\" \/>\n\t<meta name=\"twitter:data2\" content=\"3 minutos\" \/>\n<script type=\"application\/ld+json\" class=\"yoast-schema-graph\">{\"@context\":\"https:\/\/schema.org\",\"@graph\":[{\"@type\":\"Article\",\"@id\":\"https:\/\/compartilhabahia.com.br\/index.php\/2025\/07\/23\/unipar-incentiva-jovens-em-camacari-com-palestra-sobre-carreira-e-futuro-profissional\/#article\",\"isPartOf\":{\"@id\":\"https:\/\/compartilhabahia.com.br\/index.php\/2025\/07\/23\/unipar-incentiva-jovens-em-camacari-com-palestra-sobre-carreira-e-futuro-profissional\/\"},\"author\":{\"name\":\"admin\",\"@id\":\"https:\/\/compartilhabahia.com.br\/#\/schema\/person\/9b4f0c3178793b8248d6686732521c04\"},\"headline\":\"Unipar incentiva jovens em Cama\u00e7ari com palestra sobre carreira e futuro profissional\",\"datePublished\":\"2025-07-23T20:17:48+00:00\",\"dateModified\":\"2025-07-23T20:17:50+00:00\",\"mainEntityOfPage\":{\"@id\":\"https:\/\/compartilhabahia.com.br\/index.php\/2025\/07\/23\/unipar-incentiva-jovens-em-camacari-com-palestra-sobre-carreira-e-futuro-profissional\/\"},\"wordCount\":403,\"commentCount\":0,\"publisher\":{\"@id\":\"https:\/\/compartilhabahia.com.br\/#organization\"},\"articleSection\":[\"Cama\u00e7ari\"],\"inLanguage\":\"pt-BR\",\"potentialAction\":[{\"@type\":\"CommentAction\",\"name\":\"Comment\",\"target\":[\"https:\/\/compartilhabahia.com.br\/index.php\/2025\/07\/23\/unipar-incentiva-jovens-em-camacari-com-palestra-sobre-carreira-e-futuro-profissional\/#respond\"]}]},{\"@type\":\"WebPage\",\"@id\":\"https:\/\/compartilhabahia.com.br\/index.php\/2025\/07\/23\/unipar-incentiva-jovens-em-camacari-com-palestra-sobre-carreira-e-futuro-profissional\/\",\"url\":\"https:\/\/compartilhabahia.com.br\/index.php\/2025\/07\/23\/unipar-incentiva-jovens-em-camacari-com-palestra-sobre-carreira-e-futuro-profissional\/\",\"name\":\"Unipar incentiva jovens em Cama\u00e7ari com palestra sobre carreira e futuro profissional - Compartilha Bahia\",\"isPartOf\":{\"@id\":\"https:\/\/compartilhabahia.com.br\/#website\"},\"datePublished\":\"2025-07-23T20:17:48+00:00\",\"dateModified\":\"2025-07-23T20:17:50+00:00\",\"breadcrumb\":{\"@id\":\"https:\/\/compartilhabahia.com.br\/index.php\/2025\/07\/23\/unipar-incentiva-jovens-em-camacari-com-palestra-sobre-carreira-e-futuro-profissional\/#breadcrumb\"},\"inLanguage\":\"pt-BR\",\"potentialAction\":[{\"@type\":\"ReadAction\",\"target\":[\"https:\/\/compartilhabahia.com.br\/index.php\/2025\/07\/23\/unipar-incentiva-jovens-em-camacari-com-palestra-sobre-carreira-e-futuro-profissional\/\"]}]},{\"@type\":\"BreadcrumbList\",\"@id\":\"https:\/\/compartilhabahia.com.br\/index.php\/2025\/07\/23\/unipar-incentiva-jovens-em-camacari-com-palestra-sobre-carreira-e-futuro-profissional\/#breadcrumb\",\"itemListElement\":[{\"@type\":\"ListItem\",\"position\":1,\"name\":\"In\u00edcio\",\"item\":\"https:\/\/compartilhabahia.com.br\/\"},{\"@type\":\"ListItem\",\"position\":2,\"name\":\"Unipar incentiva jovens em Cama\u00e7ari com palestra sobre carreira e futuro profissional\"}]},{\"@type\":\"WebSite\",\"@id\":\"https:\/\/compartilhabahia.com.br\/#website\",\"url\":\"https:\/\/compartilhabahia.com.br\/\",\"name\":\"Compartilha Bahia\",\"description\":\"\",\"publisher\":{\"@id\":\"https:\/\/compartilhabahia.com.br\/#organization\"},\"potentialAction\":[{\"@type\":\"SearchAction\",\"target\":{\"@type\":\"EntryPoint\",\"urlTemplate\":\"https:\/\/compartilhabahia.com.br\/?s={search_term_string}\"},\"query-input\":\"required name=search_term_string\"}],\"inLanguage\":\"pt-BR\"},{\"@type\":\"Organization\",\"@id\":\"https:\/\/compartilhabahia.com.br\/#organization\",\"name\":\"Compartilha Bahia\",\"url\":\"https:\/\/compartilhabahia.com.br\/\",\"logo\":{\"@type\":\"ImageObject\",\"inLanguage\":\"pt-BR\",\"@id\":\"https:\/\/compartilhabahia.com.br\/#\/schema\/logo\/image\/\",\"url\":\"https:\/\/compartilhabahia.com.br\/wp-content\/uploads\/2023\/12\/cropped-logo.png\",\"contentUrl\":\"https:\/\/compartilhabahia.com.br\/wp-content\/uploads\/2023\/12\/cropped-logo.png\",\"width\":300,\"height\":106,\"caption\":\"Compartilha Bahia\"},\"image\":{\"@id\":\"https:\/\/compartilhabahia.com.br\/#\/schema\/logo\/image\/\"},\"sameAs\":[\"https:\/\/web.facebook.com\/compartilhabahia\",\"https:\/\/www.instagram.com\/compartilhabahia\/\"]},{\"@type\":\"Person\",\"@id\":\"https:\/\/compartilhabahia.com.br\/#\/schema\/person\/9b4f0c3178793b8248d6686732521c04\",\"name\":\"admin\",\"image\":{\"@type\":\"ImageObject\",\"inLanguage\":\"pt-BR\",\"@id\":\"https:\/\/compartilhabahia.com.br\/#\/schema\/person\/image\/\",\"url\":\"https:\/\/secure.gravatar.com\/avatar\/9600df58751c5acbe914c538c03390ef649ea088cb65f84ba09c7ce66988eed6?s=96&d=mm&r=g\",\"contentUrl\":\"https:\/\/secure.gravatar.com\/avatar\/9600df58751c5acbe914c538c03390ef649ea088cb65f84ba09c7ce66988eed6?s=96&d=mm&r=g\",\"caption\":\"admin\"},\"sameAs\":[\"https:\/\/compartilhabahia.com.br\"],\"url\":\"https:\/\/compartilhabahia.com.br\/index.php\/author\/compartilhabahia\/\"}]}<\/script>\n<!-- \/ Yoast SEO plugin. -->","yoast_head_json":{"title":"Unipar incentiva jovens em Cama\u00e7ari com palestra sobre carreira e futuro profissional - Compartilha Bahia","robots":{"index":"index","follow":"follow","max-snippet":"max-snippet:-1","max-image-preview":"max-image-preview:large","max-video-preview":"max-video-preview:-1"},"canonical":"https:\/\/compartilhabahia.com.br\/index.php\/2025\/07\/23\/unipar-incentiva-jovens-em-camacari-com-palestra-sobre-carreira-e-futuro-profissional\/","og_locale":"pt_BR","og_type":"article","og_title":"Unipar incentiva jovens em Cama\u00e7ari com palestra sobre carreira e futuro profissional - Compartilha Bahia","og_description":"A Unipar participou do programa Construindo um Futuro, realizado na manh\u00e3 dessa quarta-feira (22), na Escola Municipal Carlos Drummond de Andrade, em Cama\u00e7ari (BA). A iniciativa tem como objetivo aproximar o setor industrial das comunidades escolares, promovendo o di\u00e1logo entre educa\u00e7\u00e3o e mercado de trabalho.&nbsp; Durante o encontro, Ronald Hackbarth, gerente da F\u00e1brica da Unipar, [&hellip;]","og_url":"https:\/\/compartilhabahia.com.br\/index.php\/2025\/07\/23\/unipar-incentiva-jovens-em-camacari-com-palestra-sobre-carreira-e-futuro-profissional\/","og_site_name":"Compartilha Bahia","article_publisher":"https:\/\/web.facebook.com\/compartilhabahia","article_published_time":"2025-07-23T20:17:48+00:00","article_modified_time":"2025-07-23T20:17:50+00:00","og_image":[{"width":753,"height":346,"url":"https:\/\/compartilhabahia.com.br\/wp-content\/uploads\/2025\/07\/uniparescola.jpg","type":"image\/jpeg"}],"author":"admin","twitter_card":"summary_large_image","twitter_misc":{"Escrito por":"admin","Est. tempo de leitura":"3 minutos"},"schema":{"@context":"https:\/\/schema.org","@graph":[{"@type":"Article","@id":"https:\/\/compartilhabahia.com.br\/index.php\/2025\/07\/23\/unipar-incentiva-jovens-em-camacari-com-palestra-sobre-carreira-e-futuro-profissional\/#article","isPartOf":{"@id":"https:\/\/compartilhabahia.com.br\/index.php\/2025\/07\/23\/unipar-incentiva-jovens-em-camacari-com-palestra-sobre-carreira-e-futuro-profissional\/"},"author":{"name":"admin","@id":"https:\/\/compartilhabahia.com.br\/#\/schema\/person\/9b4f0c3178793b8248d6686732521c04"},"headline":"Unipar incentiva jovens em Cama\u00e7ari com palestra sobre carreira e futuro profissional","datePublished":"2025-07-23T20:17:48+00:00","dateModified":"2025-07-23T20:17:50+00:00","mainEntityOfPage":{"@id":"https:\/\/compartilhabahia.com.br\/index.php\/2025\/07\/23\/unipar-incentiva-jovens-em-camacari-com-palestra-sobre-carreira-e-futuro-profissional\/"},"wordCount":403,"commentCount":0,"publisher":{"@id":"https:\/\/compartilhabahia.com.br\/#organization"},"articleSection":["Cama\u00e7ari"],"inLanguage":"pt-BR","potentialAction":[{"@type":"CommentAction","name":"Comment","target":["https:\/\/compartilhabahia.com.br\/index.php\/2025\/07\/23\/unipar-incentiva-jovens-em-camacari-com-palestra-sobre-carreira-e-futuro-profissional\/#respond"]}]},{"@type":"WebPage","@id":"https:\/\/compartilhabahia.com.br\/index.php\/2025\/07\/23\/unipar-incentiva-jovens-em-camacari-com-palestra-sobre-carreira-e-futuro-profissional\/","url":"https:\/\/compartilhabahia.com.br\/index.php\/2025\/07\/23\/unipar-incentiva-jovens-em-camacari-com-palestra-sobre-carreira-e-futuro-profissional\/","name":"Unipar incentiva jovens em Cama\u00e7ari com palestra sobre carreira e futuro profissional - Compartilha Bahia","isPartOf":{"@id":"https:\/\/compartilhabahia.com.br\/#website"},"datePublished":"2025-07-23T20:17:48+00:00","dateModified":"2025-07-23T20:17:50+00:00","breadcrumb":{"@id":"https:\/\/compartilhabahia.com.br\/index.php\/2025\/07\/23\/unipar-incentiva-jovens-em-camacari-com-palestra-sobre-carreira-e-futuro-profissional\/#breadcrumb"},"inLanguage":"pt-BR","potentialAction":[{"@type":"ReadAction","target":["https:\/\/compartilhabahia.com.br\/index.php\/2025\/07\/23\/unipar-incentiva-jovens-em-camacari-com-palestra-sobre-carreira-e-futuro-profissional\/"]}]},{"@type":"BreadcrumbList","@id":"https:\/\/compartilhabahia.com.br\/index.php\/2025\/07\/23\/unipar-incentiva-jovens-em-camacari-com-palestra-sobre-carreira-e-futuro-profissional\/#breadcrumb","itemListElement":[{"@type":"ListItem","position":1,"name":"In\u00edcio","item":"https:\/\/compartilhabahia.com.br\/"},{"@type":"ListItem","position":2,"name":"Unipar incentiva jovens em Cama\u00e7ari com palestra sobre carreira e futuro profissional"}]},{"@type":"WebSite","@id":"https:\/\/compartilhabahia.com.br\/#website","url":"https:\/\/compartilhabahia.com.br\/","name":"Compartilha Bahia","description":"","publisher":{"@id":"https:\/\/compartilhabahia.com.br\/#organization"},"potentialAction":[{"@type":"SearchAction","target":{"@type":"EntryPoint","urlTemplate":"https:\/\/compartilhabahia.com.br\/?s={search_term_string}"},"query-input":"required name=search_term_string"}],"inLanguage":"pt-BR"},{"@type":"Organization","@id":"https:\/\/compartilhabahia.com.br\/#organization","name":"Compartilha Bahia","url":"https:\/\/compartilhabahia.com.br\/","logo":{"@type":"ImageObject","inLanguage":"pt-BR","@id":"https:\/\/compartilhabahia.com.br\/#\/schema\/logo\/image\/","url":"https:\/\/compartilhabahia.com.br\/wp-content\/uploads\/2023\/12\/cropped-logo.png","contentUrl":"https:\/\/compartilhabahia.com.br\/wp-content\/uploads\/2023\/12\/cropped-logo.png","width":300,"height":106,"caption":"Compartilha Bahia"},"image":{"@id":"https:\/\/compartilhabahia.com.br\/#\/schema\/logo\/image\/"},"sameAs":["https:\/\/web.facebook.com\/compartilhabahia","https:\/\/www.instagram.com\/compartilhabahia\/"]},{"@type":"Person","@id":"https:\/\/compartilhabahia.com.br\/#\/schema\/person\/9b4f0c3178793b8248d6686732521c04","name":"admin","image":{"@type":"ImageObject","inLanguage":"pt-BR","@id":"https:\/\/compartilhabahia.com.br\/#\/schema\/person\/image\/","url":"https:\/\/secure.gravatar.com\/avatar\/9600df58751c5acbe914c538c03390ef649ea088cb65f84ba09c7ce66988eed6?s=96&d=mm&r=g","contentUrl":"https:\/\/secure.gravatar.com\/avatar\/9600df58751c5acbe914c538c03390ef649ea088cb65f84ba09c7ce66988eed6?s=96&d=mm&r=g","caption":"admin"},"sameAs":["https:\/\/compartilhabahia.com.br"],"url":"https:\/\/compartilhabahia.com.br\/index.php\/author\/compartilhabahia\/"}]}},"_links":{"self":[{"href":"https:\/\/compartilhabahia.com.br\/index.php\/wp-json\/wp\/v2\/posts\/7318","targetHints":{"allow":["GET"]}}],"collection":[{"href":"https:\/\/compartilhabahia.com.br\/index.php\/wp-json\/wp\/v2\/posts"}],"about":[{"href":"https:\/\/compartilhabahia.com.br\/index.php\/wp-json\/wp\/v2\/types\/post"}],"author":[{"embeddable":true,"href":"https:\/\/compartilhabahia.com.br\/index.php\/wp-json\/wp\/v2\/users\/1"}],"replies":[{"embeddable":true,"href":"https:\/\/compartilhabahia.com.br\/index.php\/wp-json\/wp\/v2\/comments?post=7318"}],"version-history":[{"count":1,"href":"https:\/\/compartilhabahia.com.br\/index.php\/wp-json\/wp\/v2\/posts\/7318\/revisions"}],"predecessor-version":[{"id":7320,"href":"https:\/\/compartilhabahia.com.br\/index.php\/wp-json\/wp\/v2\/posts\/7318\/revisions\/7320"}],"wp:featuredmedia":[{"embeddable":true,"href":"https:\/\/compartilhabahia.com.br\/index.php\/wp-json\/wp\/v2\/media\/7319"}],"wp:attachment":[{"href":"https:\/\/compartilhabahia.com.br\/index.php\/wp-json\/wp\/v2\/media?parent=7318"}],"wp:term":[{"taxonomy":"category","embeddable":true,"href":"https:\/\/compartilhabahia.com.br\/index.php\/wp-json\/wp\/v2\/categories?post=7318"},{"taxonomy":"post_tag","embeddable":true,"href":"https:\/\/compartilhabahia.com.br\/index.php\/wp-json\/wp\/v2\/tags?post=7318"}],"curies":[{"name":"wp","href":"https:\/\/api.w.org\/{rel}","templated":true}]}}