{"id":7315,"date":"2025-07-22T23:49:34","date_gmt":"2025-07-23T02:49:34","guid":{"rendered":"https:\/\/compartilhabahia.com.br\/?p=7315"},"modified":"2025-07-22T23:49:36","modified_gmt":"2025-07-23T02:49:36","slug":"salvador-fest-anuncia-wesley-safadao-entre-as-atracoes","status":"publish","type":"post","link":"https:\/\/compartilhabahia.com.br\/index.php\/2025\/07\/22\/salvador-fest-anuncia-wesley-safadao-entre-as-atracoes\/","title":{"rendered":"Salvador Fest anuncia Wesley Safad\u00e3o entre as atra\u00e7\u00f5es"},"content":{"rendered":"\n<p>Cantor integra o time que vai comandar a festa no dia 14 de setembro, no Wet Eventos<\/p>\n\n\n\n<p>Ap\u00f3s confirmar a edi\u00e7\u00e3o de 2025 e divulgar a data, o Salvador Fest \u2013 uma das festas mais tradicionais do calend\u00e1rio de eventos da capital baiana, acaba de anunciar mais uma atra\u00e7\u00e3o de peso que ir\u00e1 compor sua grade. A festa, marcada para o dia 14 de setembro no Wet Eventos, contar\u00e1 com um supershow do cantor Wesley Safad\u00e3o, que levar\u00e1 ao palco os maiores hits de sua carreira.<\/p>\n\n\n\n<p>O artista apresentar\u00e1 um repert\u00f3rio que passeia por todas as fases de sua trajet\u00f3ria, com sucessos como&nbsp;\u2018<em>Vacil\u00e3o\u2019<\/em>,&nbsp;\u2018<em>Tchuco Nela\u2019<\/em>,&nbsp;\u2018<em>Ressaca de Saudade\u2019<\/em>,&nbsp;\u2018<em>Tentativas em V\u00e3o\u2019<\/em>,&nbsp;\u2018<em>Despedida\u2019<\/em>, entre outros.<\/p>\n\n\n\n<p>Safad\u00e3o se junta a um elenco de peso j\u00e1 confirmado para o retorno do evento, que \u00e9 parte essencial do calend\u00e1rio de festas da cidade. Entre os nomes est\u00e3o: O Kannalha, Xanddy Harmonia, Robyss\u00e3o, Oh Pol\u00eamico, Pablo, Aila Menezes, Parangol\u00e9, Bob na Voz, Natanzinho Lima, L\u00e9o Santana, Tony Salles, Pagodart e Matu\u00ea. Essa mistura de ritmos \u00e9 uma das marcas registradas do Salvador Fest.<\/p>\n\n\n\n<p>Os ingressos j\u00e1 est\u00e3o \u00e0 venda na loja do Bora Tickets, localizada no 2\u00ba piso do Shopping da Bahia, ou pelo site oficial do evento. A edi\u00e7\u00e3o contar\u00e1 com tr\u00eas setores: Arena, Camarote Open Bar e FrontBack \u2013 este \u00faltimo oferecendo uma vista privilegiada do palco e acesso pr\u00f3ximo aos artistas.<\/p>\n\n\n\n<p>A edi\u00e7\u00e3o de 2025 promete ser especial, marcando o retorno da festa e unindo o pagod\u00e3o raiz que o p\u00fablico tanto ama com a diversidade de ritmos que caracteriza o evento, sempre um dos mais aguardados pelos soteropolitanos.<\/p>\n\n\n\n<p>O Salvador Fest \u00e9 idealizado e realizado pela Salvador Produ\u00e7\u00f5es. Para mais informa\u00e7\u00f5es, siga: @salvadorfest e @ssaproducoes.<\/p>\n\n\n\n<p><strong>SERVI\u00c7O<\/strong><\/p>\n\n\n\n<p>O que: Salvador Fest<\/p>\n\n\n\n<p>Quando: 14 de setembro<\/p>\n\n\n\n<p>Onde: Wet Eventos<\/p>\n\n\n\n<p>Atra\u00e7\u00f5es: L\u00e9o Santana | Tony Salles | Pagodart | Matu\u00ea | O Kannalha | Robyss\u00e3o | Xanddy Harmonia | Bob na Voz | Natanzinho Lima | Oh Pol\u00eamico | Pablo | Parangol\u00e9 | Aila Menezes | Wesley Safad\u00e3o<\/p>\n\n\n\n<p>Vendas: Loja do Bora Tickets, no 2\u00ba piso do Shopping da Bahia<\/p>\n\n\n\n<p>Link:&nbsp;<a rel=\"noreferrer noopener\" target=\"_blank\" href=\"https:\/\/na01.safelinks.protection.outlook.com\/?url=https%3A%2F%2Fwww.boratickets.com.br%2Fevento%2F352%2Fsalvador-fest&amp;data=05%7C02%7C%7C1c4025cde2f14ecdb3b008ddc88172bf%7C84df9e7fe9f640afb435aaaaaaaaaaaa%7C1%7C0%7C638887180538503376%7CUnknown%7CTWFpbGZsb3d8eyJFbXB0eU1hcGkiOnRydWUsIlYiOiIwLjAuMDAwMCIsIlAiOiJXaW4zMiIsIkFOIjoiTWFpbCIsIldUIjoyfQ%3D%3D%7C0%7C%7C%7C&amp;sdata=YWQVhMcQ8avkh0mUZu2K5KzUQa%2B2ITsZ9hO8LWNtarE%3D&amp;reserved=0\">https:\/\/www.boratickets.com.br\/evento\/352\/salvador-fest<\/a><\/p>\n","protected":false},"excerpt":{"rendered":"<p>Cantor integra o time que vai comandar a festa no dia 14 de setembro, no Wet Eventos Ap\u00f3s confirmar a edi\u00e7\u00e3o de 2025 e divulgar a data, o Salvador Fest \u2013 uma das festas mais tradicionais do calend\u00e1rio de eventos da capital baiana, acaba de anunciar mais uma atra\u00e7\u00e3o de peso que ir\u00e1 compor sua [&hellip;]<\/p>\n","protected":false},"author":1,"featured_media":7316,"comment_status":"open","ping_status":"open","sticky":false,"template":"","format":"standard","meta":{"footnotes":""},"categories":[10],"tags":[],"class_list":["post-7315","post","type-post","status-publish","format-standard","has-post-thumbnail","hentry","category-bahia"],"yoast_head":"<!-- This site is optimized with the Yoast SEO plugin v21.7 - https:\/\/yoast.com\/wordpress\/plugins\/seo\/ -->\n<title>Salvador Fest anuncia Wesley Safad\u00e3o entre as atra\u00e7\u00f5es - Compartilha Bahia<\/title>\n<meta name=\"robots\" content=\"index, follow, max-snippet:-1, max-image-preview:large, max-video-preview:-1\" \/>\n<link rel=\"canonical\" href=\"https:\/\/compartilhabahia.com.br\/index.php\/2025\/07\/22\/salvador-fest-anuncia-wesley-safadao-entre-as-atracoes\/\" \/>\n<meta property=\"og:locale\" content=\"pt_BR\" \/>\n<meta property=\"og:type\" content=\"article\" \/>\n<meta property=\"og:title\" content=\"Salvador Fest anuncia Wesley Safad\u00e3o entre as atra\u00e7\u00f5es - Compartilha Bahia\" \/>\n<meta property=\"og:description\" content=\"Cantor integra o time que vai comandar a festa no dia 14 de setembro, no Wet Eventos Ap\u00f3s confirmar a edi\u00e7\u00e3o de 2025 e divulgar a data, o Salvador Fest \u2013 uma das festas mais tradicionais do calend\u00e1rio de eventos da capital baiana, acaba de anunciar mais uma atra\u00e7\u00e3o de peso que ir\u00e1 compor sua [&hellip;]\" \/>\n<meta property=\"og:url\" content=\"https:\/\/compartilhabahia.com.br\/index.php\/2025\/07\/22\/salvador-fest-anuncia-wesley-safadao-entre-as-atracoes\/\" \/>\n<meta property=\"og:site_name\" content=\"Compartilha Bahia\" \/>\n<meta property=\"article:publisher\" content=\"https:\/\/web.facebook.com\/compartilhabahia\" \/>\n<meta property=\"article:published_time\" content=\"2025-07-23T02:49:34+00:00\" \/>\n<meta property=\"article:modified_time\" content=\"2025-07-23T02:49:36+00:00\" \/>\n<meta property=\"og:image\" content=\"https:\/\/compartilhabahia.com.br\/wp-content\/uploads\/2025\/07\/fev.jpg\" \/>\n\t<meta property=\"og:image:width\" content=\"960\" \/>\n\t<meta property=\"og:image:height\" content=\"540\" \/>\n\t<meta property=\"og:image:type\" content=\"image\/jpeg\" \/>\n<meta name=\"author\" content=\"admin\" \/>\n<meta name=\"twitter:card\" content=\"summary_large_image\" \/>\n<meta name=\"twitter:label1\" content=\"Escrito por\" \/>\n\t<meta name=\"twitter:data1\" content=\"admin\" \/>\n\t<meta name=\"twitter:label2\" content=\"Est. tempo de leitura\" \/>\n\t<meta name=\"twitter:data2\" content=\"3 minutos\" \/>\n<script type=\"application\/ld+json\" class=\"yoast-schema-graph\">{\"@context\":\"https:\/\/schema.org\",\"@graph\":[{\"@type\":\"Article\",\"@id\":\"https:\/\/compartilhabahia.com.br\/index.php\/2025\/07\/22\/salvador-fest-anuncia-wesley-safadao-entre-as-atracoes\/#article\",\"isPartOf\":{\"@id\":\"https:\/\/compartilhabahia.com.br\/index.php\/2025\/07\/22\/salvador-fest-anuncia-wesley-safadao-entre-as-atracoes\/\"},\"author\":{\"name\":\"admin\",\"@id\":\"https:\/\/compartilhabahia.com.br\/#\/schema\/person\/9b4f0c3178793b8248d6686732521c04\"},\"headline\":\"Salvador Fest anuncia Wesley Safad\u00e3o entre as atra\u00e7\u00f5es\",\"datePublished\":\"2025-07-23T02:49:34+00:00\",\"dateModified\":\"2025-07-23T02:49:36+00:00\",\"mainEntityOfPage\":{\"@id\":\"https:\/\/compartilhabahia.com.br\/index.php\/2025\/07\/22\/salvador-fest-anuncia-wesley-safadao-entre-as-atracoes\/\"},\"wordCount\":375,\"commentCount\":0,\"publisher\":{\"@id\":\"https:\/\/compartilhabahia.com.br\/#organization\"},\"articleSection\":[\"Bahia\"],\"inLanguage\":\"pt-BR\",\"potentialAction\":[{\"@type\":\"CommentAction\",\"name\":\"Comment\",\"target\":[\"https:\/\/compartilhabahia.com.br\/index.php\/2025\/07\/22\/salvador-fest-anuncia-wesley-safadao-entre-as-atracoes\/#respond\"]}]},{\"@type\":\"WebPage\",\"@id\":\"https:\/\/compartilhabahia.com.br\/index.php\/2025\/07\/22\/salvador-fest-anuncia-wesley-safadao-entre-as-atracoes\/\",\"url\":\"https:\/\/compartilhabahia.com.br\/index.php\/2025\/07\/22\/salvador-fest-anuncia-wesley-safadao-entre-as-atracoes\/\",\"name\":\"Salvador Fest anuncia Wesley Safad\u00e3o entre as atra\u00e7\u00f5es - Compartilha Bahia\",\"isPartOf\":{\"@id\":\"https:\/\/compartilhabahia.com.br\/#website\"},\"datePublished\":\"2025-07-23T02:49:34+00:00\",\"dateModified\":\"2025-07-23T02:49:36+00:00\",\"breadcrumb\":{\"@id\":\"https:\/\/compartilhabahia.com.br\/index.php\/2025\/07\/22\/salvador-fest-anuncia-wesley-safadao-entre-as-atracoes\/#breadcrumb\"},\"inLanguage\":\"pt-BR\",\"potentialAction\":[{\"@type\":\"ReadAction\",\"target\":[\"https:\/\/compartilhabahia.com.br\/index.php\/2025\/07\/22\/salvador-fest-anuncia-wesley-safadao-entre-as-atracoes\/\"]}]},{\"@type\":\"BreadcrumbList\",\"@id\":\"https:\/\/compartilhabahia.com.br\/index.php\/2025\/07\/22\/salvador-fest-anuncia-wesley-safadao-entre-as-atracoes\/#breadcrumb\",\"itemListElement\":[{\"@type\":\"ListItem\",\"position\":1,\"name\":\"In\u00edcio\",\"item\":\"https:\/\/compartilhabahia.com.br\/\"},{\"@type\":\"ListItem\",\"position\":2,\"name\":\"Salvador Fest anuncia Wesley Safad\u00e3o entre as atra\u00e7\u00f5es\"}]},{\"@type\":\"WebSite\",\"@id\":\"https:\/\/compartilhabahia.com.br\/#website\",\"url\":\"https:\/\/compartilhabahia.com.br\/\",\"name\":\"Compartilha Bahia\",\"description\":\"\",\"publisher\":{\"@id\":\"https:\/\/compartilhabahia.com.br\/#organization\"},\"potentialAction\":[{\"@type\":\"SearchAction\",\"target\":{\"@type\":\"EntryPoint\",\"urlTemplate\":\"https:\/\/compartilhabahia.com.br\/?s={search_term_string}\"},\"query-input\":\"required name=search_term_string\"}],\"inLanguage\":\"pt-BR\"},{\"@type\":\"Organization\",\"@id\":\"https:\/\/compartilhabahia.com.br\/#organization\",\"name\":\"Compartilha Bahia\",\"url\":\"https:\/\/compartilhabahia.com.br\/\",\"logo\":{\"@type\":\"ImageObject\",\"inLanguage\":\"pt-BR\",\"@id\":\"https:\/\/compartilhabahia.com.br\/#\/schema\/logo\/image\/\",\"url\":\"https:\/\/compartilhabahia.com.br\/wp-content\/uploads\/2023\/12\/cropped-logo.png\",\"contentUrl\":\"https:\/\/compartilhabahia.com.br\/wp-content\/uploads\/2023\/12\/cropped-logo.png\",\"width\":300,\"height\":106,\"caption\":\"Compartilha Bahia\"},\"image\":{\"@id\":\"https:\/\/compartilhabahia.com.br\/#\/schema\/logo\/image\/\"},\"sameAs\":[\"https:\/\/web.facebook.com\/compartilhabahia\",\"https:\/\/www.instagram.com\/compartilhabahia\/\"]},{\"@type\":\"Person\",\"@id\":\"https:\/\/compartilhabahia.com.br\/#\/schema\/person\/9b4f0c3178793b8248d6686732521c04\",\"name\":\"admin\",\"image\":{\"@type\":\"ImageObject\",\"inLanguage\":\"pt-BR\",\"@id\":\"https:\/\/compartilhabahia.com.br\/#\/schema\/person\/image\/\",\"url\":\"https:\/\/secure.gravatar.com\/avatar\/9600df58751c5acbe914c538c03390ef649ea088cb65f84ba09c7ce66988eed6?s=96&d=mm&r=g\",\"contentUrl\":\"https:\/\/secure.gravatar.com\/avatar\/9600df58751c5acbe914c538c03390ef649ea088cb65f84ba09c7ce66988eed6?s=96&d=mm&r=g\",\"caption\":\"admin\"},\"sameAs\":[\"https:\/\/compartilhabahia.com.br\"],\"url\":\"https:\/\/compartilhabahia.com.br\/index.php\/author\/compartilhabahia\/\"}]}<\/script>\n<!-- \/ Yoast SEO plugin. -->","yoast_head_json":{"title":"Salvador Fest anuncia Wesley Safad\u00e3o entre as atra\u00e7\u00f5es - Compartilha Bahia","robots":{"index":"index","follow":"follow","max-snippet":"max-snippet:-1","max-image-preview":"max-image-preview:large","max-video-preview":"max-video-preview:-1"},"canonical":"https:\/\/compartilhabahia.com.br\/index.php\/2025\/07\/22\/salvador-fest-anuncia-wesley-safadao-entre-as-atracoes\/","og_locale":"pt_BR","og_type":"article","og_title":"Salvador Fest anuncia Wesley Safad\u00e3o entre as atra\u00e7\u00f5es - Compartilha Bahia","og_description":"Cantor integra o time que vai comandar a festa no dia 14 de setembro, no Wet Eventos Ap\u00f3s confirmar a edi\u00e7\u00e3o de 2025 e divulgar a data, o Salvador Fest \u2013 uma das festas mais tradicionais do calend\u00e1rio de eventos da capital baiana, acaba de anunciar mais uma atra\u00e7\u00e3o de peso que ir\u00e1 compor sua [&hellip;]","og_url":"https:\/\/compartilhabahia.com.br\/index.php\/2025\/07\/22\/salvador-fest-anuncia-wesley-safadao-entre-as-atracoes\/","og_site_name":"Compartilha Bahia","article_publisher":"https:\/\/web.facebook.com\/compartilhabahia","article_published_time":"2025-07-23T02:49:34+00:00","article_modified_time":"2025-07-23T02:49:36+00:00","og_image":[{"width":960,"height":540,"url":"https:\/\/compartilhabahia.com.br\/wp-content\/uploads\/2025\/07\/fev.jpg","type":"image\/jpeg"}],"author":"admin","twitter_card":"summary_large_image","twitter_misc":{"Escrito por":"admin","Est. tempo de leitura":"3 minutos"},"schema":{"@context":"https:\/\/schema.org","@graph":[{"@type":"Article","@id":"https:\/\/compartilhabahia.com.br\/index.php\/2025\/07\/22\/salvador-fest-anuncia-wesley-safadao-entre-as-atracoes\/#article","isPartOf":{"@id":"https:\/\/compartilhabahia.com.br\/index.php\/2025\/07\/22\/salvador-fest-anuncia-wesley-safadao-entre-as-atracoes\/"},"author":{"name":"admin","@id":"https:\/\/compartilhabahia.com.br\/#\/schema\/person\/9b4f0c3178793b8248d6686732521c04"},"headline":"Salvador Fest anuncia Wesley Safad\u00e3o entre as atra\u00e7\u00f5es","datePublished":"2025-07-23T02:49:34+00:00","dateModified":"2025-07-23T02:49:36+00:00","mainEntityOfPage":{"@id":"https:\/\/compartilhabahia.com.br\/index.php\/2025\/07\/22\/salvador-fest-anuncia-wesley-safadao-entre-as-atracoes\/"},"wordCount":375,"commentCount":0,"publisher":{"@id":"https:\/\/compartilhabahia.com.br\/#organization"},"articleSection":["Bahia"],"inLanguage":"pt-BR","potentialAction":[{"@type":"CommentAction","name":"Comment","target":["https:\/\/compartilhabahia.com.br\/index.php\/2025\/07\/22\/salvador-fest-anuncia-wesley-safadao-entre-as-atracoes\/#respond"]}]},{"@type":"WebPage","@id":"https:\/\/compartilhabahia.com.br\/index.php\/2025\/07\/22\/salvador-fest-anuncia-wesley-safadao-entre-as-atracoes\/","url":"https:\/\/compartilhabahia.com.br\/index.php\/2025\/07\/22\/salvador-fest-anuncia-wesley-safadao-entre-as-atracoes\/","name":"Salvador Fest anuncia Wesley Safad\u00e3o entre as atra\u00e7\u00f5es - Compartilha Bahia","isPartOf":{"@id":"https:\/\/compartilhabahia.com.br\/#website"},"datePublished":"2025-07-23T02:49:34+00:00","dateModified":"2025-07-23T02:49:36+00:00","breadcrumb":{"@id":"https:\/\/compartilhabahia.com.br\/index.php\/2025\/07\/22\/salvador-fest-anuncia-wesley-safadao-entre-as-atracoes\/#breadcrumb"},"inLanguage":"pt-BR","potentialAction":[{"@type":"ReadAction","target":["https:\/\/compartilhabahia.com.br\/index.php\/2025\/07\/22\/salvador-fest-anuncia-wesley-safadao-entre-as-atracoes\/"]}]},{"@type":"BreadcrumbList","@id":"https:\/\/compartilhabahia.com.br\/index.php\/2025\/07\/22\/salvador-fest-anuncia-wesley-safadao-entre-as-atracoes\/#breadcrumb","itemListElement":[{"@type":"ListItem","position":1,"name":"In\u00edcio","item":"https:\/\/compartilhabahia.com.br\/"},{"@type":"ListItem","position":2,"name":"Salvador Fest anuncia Wesley Safad\u00e3o entre as atra\u00e7\u00f5es"}]},{"@type":"WebSite","@id":"https:\/\/compartilhabahia.com.br\/#website","url":"https:\/\/compartilhabahia.com.br\/","name":"Compartilha Bahia","description":"","publisher":{"@id":"https:\/\/compartilhabahia.com.br\/#organization"},"potentialAction":[{"@type":"SearchAction","target":{"@type":"EntryPoint","urlTemplate":"https:\/\/compartilhabahia.com.br\/?s={search_term_string}"},"query-input":"required name=search_term_string"}],"inLanguage":"pt-BR"},{"@type":"Organization","@id":"https:\/\/compartilhabahia.com.br\/#organization","name":"Compartilha Bahia","url":"https:\/\/compartilhabahia.com.br\/","logo":{"@type":"ImageObject","inLanguage":"pt-BR","@id":"https:\/\/compartilhabahia.com.br\/#\/schema\/logo\/image\/","url":"https:\/\/compartilhabahia.com.br\/wp-content\/uploads\/2023\/12\/cropped-logo.png","contentUrl":"https:\/\/compartilhabahia.com.br\/wp-content\/uploads\/2023\/12\/cropped-logo.png","width":300,"height":106,"caption":"Compartilha Bahia"},"image":{"@id":"https:\/\/compartilhabahia.com.br\/#\/schema\/logo\/image\/"},"sameAs":["https:\/\/web.facebook.com\/compartilhabahia","https:\/\/www.instagram.com\/compartilhabahia\/"]},{"@type":"Person","@id":"https:\/\/compartilhabahia.com.br\/#\/schema\/person\/9b4f0c3178793b8248d6686732521c04","name":"admin","image":{"@type":"ImageObject","inLanguage":"pt-BR","@id":"https:\/\/compartilhabahia.com.br\/#\/schema\/person\/image\/","url":"https:\/\/secure.gravatar.com\/avatar\/9600df58751c5acbe914c538c03390ef649ea088cb65f84ba09c7ce66988eed6?s=96&d=mm&r=g","contentUrl":"https:\/\/secure.gravatar.com\/avatar\/9600df58751c5acbe914c538c03390ef649ea088cb65f84ba09c7ce66988eed6?s=96&d=mm&r=g","caption":"admin"},"sameAs":["https:\/\/compartilhabahia.com.br"],"url":"https:\/\/compartilhabahia.com.br\/index.php\/author\/compartilhabahia\/"}]}},"_links":{"self":[{"href":"https:\/\/compartilhabahia.com.br\/index.php\/wp-json\/wp\/v2\/posts\/7315","targetHints":{"allow":["GET"]}}],"collection":[{"href":"https:\/\/compartilhabahia.com.br\/index.php\/wp-json\/wp\/v2\/posts"}],"about":[{"href":"https:\/\/compartilhabahia.com.br\/index.php\/wp-json\/wp\/v2\/types\/post"}],"author":[{"embeddable":true,"href":"https:\/\/compartilhabahia.com.br\/index.php\/wp-json\/wp\/v2\/users\/1"}],"replies":[{"embeddable":true,"href":"https:\/\/compartilhabahia.com.br\/index.php\/wp-json\/wp\/v2\/comments?post=7315"}],"version-history":[{"count":1,"href":"https:\/\/compartilhabahia.com.br\/index.php\/wp-json\/wp\/v2\/posts\/7315\/revisions"}],"predecessor-version":[{"id":7317,"href":"https:\/\/compartilhabahia.com.br\/index.php\/wp-json\/wp\/v2\/posts\/7315\/revisions\/7317"}],"wp:featuredmedia":[{"embeddable":true,"href":"https:\/\/compartilhabahia.com.br\/index.php\/wp-json\/wp\/v2\/media\/7316"}],"wp:attachment":[{"href":"https:\/\/compartilhabahia.com.br\/index.php\/wp-json\/wp\/v2\/media?parent=7315"}],"wp:term":[{"taxonomy":"category","embeddable":true,"href":"https:\/\/compartilhabahia.com.br\/index.php\/wp-json\/wp\/v2\/categories?post=7315"},{"taxonomy":"post_tag","embeddable":true,"href":"https:\/\/compartilhabahia.com.br\/index.php\/wp-json\/wp\/v2\/tags?post=7315"}],"curies":[{"name":"wp","href":"https:\/\/api.w.org\/{rel}","templated":true}]}}